{"id":92358,"date":"2024-10-09T14:00:48","date_gmt":"2024-10-09T13:00:48","guid":{"rendered":"https:\/\/jornaldasoficinas.com\/pt\/?p=92358"},"modified":"2024-10-09T08:11:44","modified_gmt":"2024-10-09T07:11:44","slug":"comite-executivo-da-schaeffler-ag-sofre-alteracoes","status":"publish","type":"post","link":"https:\/\/jornaldasoficinas.com\/pt\/comite-executivo-da-schaeffler-ag-sofre-alteracoes\/","title":{"rendered":"Comit\u00e9 Executivo da Schaeffler AG sofre altera\u00e7\u00f5es"},"content":{"rendered":"<p style=\"text-align: justify;\"><b><span style=\"font-family: 'Arial',sans-serif;\"><img loading=\"lazy\" decoding=\"async\" class=\"alignnone size-full wp-image-92360\" src=\"https:\/\/jornaldasoficinas.com\/pt\/wp-content\/uploads\/2024\/10\/Comite-Executivo-da-Schaeffler-AG-sofre-alteracoes.jpeg\" alt=\"10 - Comite Executivo da Schaeffler AG sofre alteracoes\" width=\"1024\" height=\"581\" srcset=\"https:\/\/jornaldasoficinas.com\/pt\/wp-content\/uploads\/2024\/10\/Comite-Executivo-da-Schaeffler-AG-sofre-alteracoes.jpeg 1024w, https:\/\/jornaldasoficinas.com\/pt\/wp-content\/uploads\/2024\/10\/Comite-Executivo-da-Schaeffler-AG-sofre-alteracoes-300x170.jpeg 300w, https:\/\/jornaldasoficinas.com\/pt\/wp-content\/uploads\/2024\/10\/Comite-Executivo-da-Schaeffler-AG-sofre-alteracoes-150x85.jpeg 150w, https:\/\/jornaldasoficinas.com\/pt\/wp-content\/uploads\/2024\/10\/Comite-Executivo-da-Schaeffler-AG-sofre-alteracoes-768x436.jpeg 768w\" sizes=\"auto, (max-width: 1024px) 100vw, 1024px\" \/><\/span><\/b><\/p>\n<p style=\"text-align: justify;\"><b><span style=\"font-family: 'Arial',sans-serif;\">O Conselho de Supervisa\u0303o da <a href=\"https:\/\/www.schaeffler.com\/en\/\">Schaeffler<\/a> realizou duas nomeac\u0327o\u0303es para o Comite\u0301 de Direc\u0327a\u0303o da Schaeffler AG. Ale\u0301m disso, houve outra mudanc\u0327a de pessoal no Comite\u0301 Executivo. Este o\u0301rga\u0303o, composto pelo Comite\u0301 de Direc\u0327a\u0303o e por quatro CEO regionais, era ate\u0301 agora formado por oito membros e integrou uma nona pessoa desde o dia 1 de outubro de 2024<\/span><\/b><\/p>\n<p>Thomas Stierle, que atualmente ocupara o cargo de CEO da divisa\u0303o Electrification Solutions da Vitesco Technologies, foi nomeado CEO da nova divisa\u0303o E-Mobility e membro efetivo do Comite\u0301 Executivo da Schaeffler AG com entrada em vigor desde o dia 1 de outubro de 2024. Tal como anunciado anteriormente, o Dr. Jochen Schro\u0308der, ate\u0301 agora responsa\u0301vel pela unidade de nego\u0301cio E-Mobility da divisa\u0303o Automotive Technologies da Schaeffler, assumiu o cargo de Regional CEO Europe. \u00a0Ale\u0301m disso, Christophe Hannequin foi nomeado Chief Financial Officer e membro efetivo do Comite\u0301 Executivo da Schaeffler AG. O seu antecessor neste cargo, Claus Bauer, cumprira\u0301 o seu contrato ate\u0301 ao final do seu mandato, em 31 de agosto de 2025.<\/p>\n<p>Thomas Stierle foi CEO da divisa\u0303o Electrification Solutions da Vitesco Technologies desde o ini\u0301cio de 2023. Anteriormente, dirigiu as a\u0301reas de Electrification Technology e Electronic Controls. Thomas Stierle iniciou a sua carreira profissional na Siemens VDO e ocupou diversos cargos nesta empresa e, mais tarde, na Continental Automotive GmbH na Alemanha e Estados Unidos. E\u0301 licenciado em engenharia ele\u0301trica pela Universidade Te\u0301cnica de Dresden (Alemanha).<\/p>\n<p>O Dr. Jochen Schro\u0308der integrou a Schaeffler em 2018. Anteriormente, ocupou o cargo de CTO na Valeo-Siemens eAutomotive desde 2016. O Dr. Schro\u0308der iniciou a sua carreira profissional na BMW AG na a\u0301rea do desenvolvimento de transmisso\u0303es e ocupou diversos cargos diretivos na a\u0301rea da eletrificac\u0327a\u0303o de acionamentos ate\u0301 2016. Estudou engenharia eletrote\u0301cnica na Universidade Te\u0301cnica de Hamburgo e obteve o doutoramento em tecnologia de controlo na mesma universidade em 2001.<\/p>\n<p>Christophe Hannequin foi Group Chief Financial Officer do JCB Group na Gra\u0303- Bretanha desde 2022. Entre 2008 e 2022 ocupou diversos cargos de direc\u0327a\u0303o, principalmente na a\u0301rea das financ\u0327as, na Michelin nos Estados Unidos, Canada\u0301 e Franc\u0327a. Anteriormente, desempenhou func\u0327o\u0303es financeiras na Plastic Omnium, entre 2004 e 2008, e na Saint Gobain, entre 1999 e 2004. Christophe Hannequin tem um MBA outorgado pela Wake Forest University School of Business (Babcock), nos EUA, e um Master of Science outorgado pela Bordeaux Graduate School of Management (KEDGE), em Franc\u0327a.<\/p>\n<p>Georg F. W. Schaeffler, acionista familiar e presidente do Conselho de Supervisa\u0303o da Schaeffler AG, disse: &#8220;Com as alterac\u0327o\u0303es no Comite\u0301 Executivo da Schaeffler AG, alinhamos constantemente a empresa com a iminente fusa\u0303o com a Vitesco Technologies AG, para aproveitar as oportunidades resultantes. Thomas Stierle garantira\u0301 que a histo\u0301ria de sucesso da Vitesco Technologies no domi\u0301nio da mobilidade ele\u0301trica continua na Schaeffler. No seu novo cargo de Regional CEO Europe, o Dr. Jochen Schro\u0308der contribuira\u0301 com a sua vasta experie\u0302ncia no setor automotivo, com especial destaque na eletrificac\u0327a\u0303o. Christophe Hannequin e\u0301 um especialista financeiro altamente qualificado e experiente que conta com um vasto know-how internacional no setor financeiro, especialmente no setor automotivo, mas tambe\u0301m em diversas a\u0301reas industriais, sendo um enorme prazer dar-lhe as boas-vindas como nosso Chief Financial Officer. O Conselho de Supervisa\u0303o espera poder continuar a colaborar com o Comite\u0301 Executivo.&#8221;<strong>\u00a0<\/strong><\/p>\n<p>&nbsp;<\/p>\n","protected":false},"excerpt":{"rendered":"<p>O Conselho de Supervisa\u0303o da Schaeffler&#8230;<\/p>\n","protected":false},"author":15,"featured_media":92360,"comment_status":"closed","ping_status":"closed","sticky":false,"template":"","format":"standard","meta":{"footnotes":""},"categories":[29],"tags":[10867,10868,10864,10866,1840,7518,10865],"class_list":["post-92358","post","type-post","status-publish","format-standard","has-post-thumbnail","hentry","category-empresas","tag-christophe-hannequin","tag-claus-bauer","tag-comite-executivo","tag-dr-jochen-schroder","tag-schaeffler","tag-schaeffler-ag","tag-thomas-stierle"],"yoast_head":"<!-- This site is optimized with the Yoast SEO plugin v27.4 - https:\/\/yoast.com\/product\/yoast-seo-wordpress\/ -->\n<title>Comit\u00e9 Executivo da Schaeffler AG sofre altera\u00e7\u00f5es - Jornal das Oficinas<\/title>\n<meta name=\"description\" content=\"Conselho de Supervisa\u0303o da Schaeffler realiza duas nomeac\u0327o\u0303es para o Comite\u0301 de Direc\u0327a\u0303o da Schaeffler AG e uma outra no Comite\u0301 Executivo\" \/>\n<meta name=\"robots\" content=\"index, follow, max-snippet:-1, max-image-preview:large, max-video-preview:-1\" \/>\n<link rel=\"canonical\" href=\"https:\/\/jornaldasoficinas.com\/pt\/comite-executivo-da-schaeffler-ag-sofre-alteracoes\/\" \/>\n<meta property=\"og:locale\" content=\"pt_PT\" \/>\n<meta property=\"og:type\" content=\"article\" \/>\n<meta property=\"og:title\" content=\"Comit\u00e9 Executivo da Schaeffler AG sofre altera\u00e7\u00f5es - Jornal das Oficinas\" \/>\n<meta property=\"og:description\" content=\"Conselho de Supervisa\u0303o da Schaeffler realiza duas nomeac\u0327o\u0303es para o Comite\u0301 de Direc\u0327a\u0303o da Schaeffler AG e uma outra no Comite\u0301 Executivo\" \/>\n<meta property=\"og:url\" content=\"https:\/\/jornaldasoficinas.com\/pt\/comite-executivo-da-schaeffler-ag-sofre-alteracoes\/\" \/>\n<meta property=\"og:site_name\" content=\"Jornal das Oficinas\" \/>\n<meta property=\"article:publisher\" content=\"https:\/\/www.facebook.com\/jornaloficinas\" \/>\n<meta property=\"article:published_time\" content=\"2024-10-09T13:00:48+00:00\" \/>\n<meta property=\"og:image\" content=\"https:\/\/jornaldasoficinas.com\/pt\/wp-content\/uploads\/2024\/10\/Comite-Executivo-da-Schaeffler-AG-sofre-alteracoes.jpeg\" \/>\n\t<meta property=\"og:image:width\" content=\"1024\" \/>\n\t<meta property=\"og:image:height\" content=\"581\" \/>\n\t<meta property=\"og:image:type\" content=\"image\/jpeg\" \/>\n<meta name=\"author\" content=\"Reda\u00e7\u00e3o JO\" \/>\n<meta name=\"twitter:card\" content=\"summary_large_image\" \/>\n<meta name=\"twitter:creator\" content=\"@jornaloficinas\" \/>\n<meta name=\"twitter:site\" content=\"@jornaloficinas\" \/>\n<meta name=\"twitter:label1\" content=\"Escrito por\" \/>\n\t<meta name=\"twitter:data1\" content=\"Reda\u00e7\u00e3o JO\" \/>\n\t<meta name=\"twitter:label2\" content=\"Tempo estimado de leitura\" \/>\n\t<meta name=\"twitter:data2\" content=\"4 minutos\" \/>\n<script type=\"application\/ld+json\" class=\"yoast-schema-graph\">{\"@context\":\"https:\\\/\\\/schema.org\",\"@graph\":[{\"@type\":\"Article\",\"@id\":\"https:\\\/\\\/jornaldasoficinas.com\\\/pt\\\/comite-executivo-da-schaeffler-ag-sofre-alteracoes\\\/#article\",\"isPartOf\":{\"@id\":\"https:\\\/\\\/jornaldasoficinas.com\\\/pt\\\/comite-executivo-da-schaeffler-ag-sofre-alteracoes\\\/\"},\"author\":{\"name\":\"Reda\u00e7\u00e3o JO\",\"@id\":\"https:\\\/\\\/jornaldasoficinas.com\\\/pt\\\/#\\\/schema\\\/person\\\/a38eef5de2c41d9e7c9ac10141afddf3\"},\"headline\":\"Comit\u00e9 Executivo da Schaeffler AG sofre altera\u00e7\u00f5es\",\"datePublished\":\"2024-10-09T13:00:48+00:00\",\"mainEntityOfPage\":{\"@id\":\"https:\\\/\\\/jornaldasoficinas.com\\\/pt\\\/comite-executivo-da-schaeffler-ag-sofre-alteracoes\\\/\"},\"wordCount\":585,\"publisher\":{\"@id\":\"https:\\\/\\\/jornaldasoficinas.com\\\/pt\\\/#organization\"},\"image\":{\"@id\":\"https:\\\/\\\/jornaldasoficinas.com\\\/pt\\\/comite-executivo-da-schaeffler-ag-sofre-alteracoes\\\/#primaryimage\"},\"thumbnailUrl\":\"https:\\\/\\\/jornaldasoficinas.com\\\/pt\\\/wp-content\\\/uploads\\\/2024\\\/10\\\/Comite-Executivo-da-Schaeffler-AG-sofre-alteracoes.jpeg\",\"keywords\":[\"Christophe Hannequin\",\"Claus Bauer\",\"Comit\u00e9 Executivo\",\"Dr. Jochen Schro\u0308der\",\"Schaeffler\",\"Schaeffler AG\",\"Thomas Stierle\"],\"articleSection\":[\"Empresas\"],\"inLanguage\":\"pt-PT\"},{\"@type\":\"WebPage\",\"@id\":\"https:\\\/\\\/jornaldasoficinas.com\\\/pt\\\/comite-executivo-da-schaeffler-ag-sofre-alteracoes\\\/\",\"url\":\"https:\\\/\\\/jornaldasoficinas.com\\\/pt\\\/comite-executivo-da-schaeffler-ag-sofre-alteracoes\\\/\",\"name\":\"Comit\u00e9 Executivo da Schaeffler AG sofre altera\u00e7\u00f5es - Jornal das Oficinas\",\"isPartOf\":{\"@id\":\"https:\\\/\\\/jornaldasoficinas.com\\\/pt\\\/#website\"},\"primaryImageOfPage\":{\"@id\":\"https:\\\/\\\/jornaldasoficinas.com\\\/pt\\\/comite-executivo-da-schaeffler-ag-sofre-alteracoes\\\/#primaryimage\"},\"image\":{\"@id\":\"https:\\\/\\\/jornaldasoficinas.com\\\/pt\\\/comite-executivo-da-schaeffler-ag-sofre-alteracoes\\\/#primaryimage\"},\"thumbnailUrl\":\"https:\\\/\\\/jornaldasoficinas.com\\\/pt\\\/wp-content\\\/uploads\\\/2024\\\/10\\\/Comite-Executivo-da-Schaeffler-AG-sofre-alteracoes.jpeg\",\"datePublished\":\"2024-10-09T13:00:48+00:00\",\"description\":\"Conselho de Supervisa\u0303o da Schaeffler realiza duas nomeac\u0327o\u0303es para o Comite\u0301 de Direc\u0327a\u0303o da Schaeffler AG e uma outra no Comite\u0301 Executivo\",\"breadcrumb\":{\"@id\":\"https:\\\/\\\/jornaldasoficinas.com\\\/pt\\\/comite-executivo-da-schaeffler-ag-sofre-alteracoes\\\/#breadcrumb\"},\"inLanguage\":\"pt-PT\",\"potentialAction\":[{\"@type\":\"ReadAction\",\"target\":[\"https:\\\/\\\/jornaldasoficinas.com\\\/pt\\\/comite-executivo-da-schaeffler-ag-sofre-alteracoes\\\/\"]}]},{\"@type\":\"ImageObject\",\"inLanguage\":\"pt-PT\",\"@id\":\"https:\\\/\\\/jornaldasoficinas.com\\\/pt\\\/comite-executivo-da-schaeffler-ag-sofre-alteracoes\\\/#primaryimage\",\"url\":\"https:\\\/\\\/jornaldasoficinas.com\\\/pt\\\/wp-content\\\/uploads\\\/2024\\\/10\\\/Comite-Executivo-da-Schaeffler-AG-sofre-alteracoes.jpeg\",\"contentUrl\":\"https:\\\/\\\/jornaldasoficinas.com\\\/pt\\\/wp-content\\\/uploads\\\/2024\\\/10\\\/Comite-Executivo-da-Schaeffler-AG-sofre-alteracoes.jpeg\",\"width\":1024,\"height\":581,\"caption\":\"10 - Comite Executivo da Schaeffler AG sofre alteracoes\"},{\"@type\":\"BreadcrumbList\",\"@id\":\"https:\\\/\\\/jornaldasoficinas.com\\\/pt\\\/comite-executivo-da-schaeffler-ag-sofre-alteracoes\\\/#breadcrumb\",\"itemListElement\":[{\"@type\":\"ListItem\",\"position\":1,\"name\":\"In\u00edcio\",\"item\":\"https:\\\/\\\/jornaldasoficinas.com\\\/pt\\\/\"},{\"@type\":\"ListItem\",\"position\":2,\"name\":\"Comit\u00e9 Executivo da Schaeffler AG sofre altera\u00e7\u00f5es\"}]},{\"@type\":\"WebSite\",\"@id\":\"https:\\\/\\\/jornaldasoficinas.com\\\/pt\\\/#website\",\"url\":\"https:\\\/\\\/jornaldasoficinas.com\\\/pt\\\/\",\"name\":\"Jornal das Oficinas\",\"description\":\"Jornal independente do Aftermarket Autom\u00f3vel em Portugal\",\"publisher\":{\"@id\":\"https:\\\/\\\/jornaldasoficinas.com\\\/pt\\\/#organization\"},\"potentialAction\":[{\"@type\":\"SearchAction\",\"target\":{\"@type\":\"EntryPoint\",\"urlTemplate\":\"https:\\\/\\\/jornaldasoficinas.com\\\/pt\\\/?s={search_term_string}\"},\"query-input\":{\"@type\":\"PropertyValueSpecification\",\"valueRequired\":true,\"valueName\":\"search_term_string\"}}],\"inLanguage\":\"pt-PT\"},{\"@type\":\"Organization\",\"@id\":\"https:\\\/\\\/jornaldasoficinas.com\\\/pt\\\/#organization\",\"name\":\"Jornal das Oficinas\",\"url\":\"https:\\\/\\\/jornaldasoficinas.com\\\/pt\\\/\",\"logo\":{\"@type\":\"ImageObject\",\"inLanguage\":\"pt-PT\",\"@id\":\"https:\\\/\\\/jornaldasoficinas.com\\\/pt\\\/#\\\/schema\\\/logo\\\/image\\\/\",\"url\":\"https:\\\/\\\/jornaldasoficinas.com\\\/pt\\\/wp-content\\\/uploads\\\/logoJO-SEO.png\",\"contentUrl\":\"https:\\\/\\\/jornaldasoficinas.com\\\/pt\\\/wp-content\\\/uploads\\\/logoJO-SEO.png\",\"width\":285,\"height\":450,\"caption\":\"Jornal das Oficinas\"},\"image\":{\"@id\":\"https:\\\/\\\/jornaldasoficinas.com\\\/pt\\\/#\\\/schema\\\/logo\\\/image\\\/\"},\"sameAs\":[\"https:\\\/\\\/www.facebook.com\\\/jornaloficinas\",\"https:\\\/\\\/x.com\\\/jornaloficinas\",\"https:\\\/\\\/www.instagram.com\\\/jornal_oficinas\\\/\",\"https:\\\/\\\/www.linkedin.com\\\/company\\\/jornal-das-oficinas\\\/\",\"https:\\\/\\\/www.youtube.com\\\/channel\\\/UCbQZBqtcvV-oSQrr7RzINGg\"]},{\"@type\":\"Person\",\"@id\":\"https:\\\/\\\/jornaldasoficinas.com\\\/pt\\\/#\\\/schema\\\/person\\\/a38eef5de2c41d9e7c9ac10141afddf3\",\"name\":\"Reda\u00e7\u00e3o JO\",\"image\":{\"@type\":\"ImageObject\",\"inLanguage\":\"pt-PT\",\"@id\":\"https:\\\/\\\/secure.gravatar.com\\\/avatar\\\/71f2fa71737ad68a84fea94bc708ddac8ea5b0c4788dc2ad202f3ccb2887742f?s=96&d=wp_user_avatar&r=g\",\"url\":\"https:\\\/\\\/secure.gravatar.com\\\/avatar\\\/71f2fa71737ad68a84fea94bc708ddac8ea5b0c4788dc2ad202f3ccb2887742f?s=96&d=wp_user_avatar&r=g\",\"contentUrl\":\"https:\\\/\\\/secure.gravatar.com\\\/avatar\\\/71f2fa71737ad68a84fea94bc708ddac8ea5b0c4788dc2ad202f3ccb2887742f?s=96&d=wp_user_avatar&r=g\",\"caption\":\"Reda\u00e7\u00e3o JO\"},\"url\":\"https:\\\/\\\/jornaldasoficinas.com\\\/pt\\\/author\\\/joredacao\\\/\"}]}<\/script>\n<!-- \/ Yoast SEO plugin. -->","yoast_head_json":{"title":"Comit\u00e9 Executivo da Schaeffler AG sofre altera\u00e7\u00f5es - Jornal das Oficinas","description":"Conselho de Supervisa\u0303o da Schaeffler realiza duas nomeac\u0327o\u0303es para o Comite\u0301 de Direc\u0327a\u0303o da Schaeffler AG e uma outra no Comite\u0301 Executivo","robots":{"index":"index","follow":"follow","max-snippet":"max-snippet:-1","max-image-preview":"max-image-preview:large","max-video-preview":"max-video-preview:-1"},"canonical":"https:\/\/jornaldasoficinas.com\/pt\/comite-executivo-da-schaeffler-ag-sofre-alteracoes\/","og_locale":"pt_PT","og_type":"article","og_title":"Comit\u00e9 Executivo da Schaeffler AG sofre altera\u00e7\u00f5es - Jornal das Oficinas","og_description":"Conselho de Supervisa\u0303o da Schaeffler realiza duas nomeac\u0327o\u0303es para o Comite\u0301 de Direc\u0327a\u0303o da Schaeffler AG e uma outra no Comite\u0301 Executivo","og_url":"https:\/\/jornaldasoficinas.com\/pt\/comite-executivo-da-schaeffler-ag-sofre-alteracoes\/","og_site_name":"Jornal das Oficinas","article_publisher":"https:\/\/www.facebook.com\/jornaloficinas","article_published_time":"2024-10-09T13:00:48+00:00","og_image":[{"width":1024,"height":581,"url":"https:\/\/jornaldasoficinas.com\/pt\/wp-content\/uploads\/2024\/10\/Comite-Executivo-da-Schaeffler-AG-sofre-alteracoes.jpeg","type":"image\/jpeg"}],"author":"Reda\u00e7\u00e3o JO","twitter_card":"summary_large_image","twitter_creator":"@jornaloficinas","twitter_site":"@jornaloficinas","twitter_misc":{"Escrito por":"Reda\u00e7\u00e3o JO","Tempo estimado de leitura":"4 minutos"},"schema":{"@context":"https:\/\/schema.org","@graph":[{"@type":"Article","@id":"https:\/\/jornaldasoficinas.com\/pt\/comite-executivo-da-schaeffler-ag-sofre-alteracoes\/#article","isPartOf":{"@id":"https:\/\/jornaldasoficinas.com\/pt\/comite-executivo-da-schaeffler-ag-sofre-alteracoes\/"},"author":{"name":"Reda\u00e7\u00e3o JO","@id":"https:\/\/jornaldasoficinas.com\/pt\/#\/schema\/person\/a38eef5de2c41d9e7c9ac10141afddf3"},"headline":"Comit\u00e9 Executivo da Schaeffler AG sofre altera\u00e7\u00f5es","datePublished":"2024-10-09T13:00:48+00:00","mainEntityOfPage":{"@id":"https:\/\/jornaldasoficinas.com\/pt\/comite-executivo-da-schaeffler-ag-sofre-alteracoes\/"},"wordCount":585,"publisher":{"@id":"https:\/\/jornaldasoficinas.com\/pt\/#organization"},"image":{"@id":"https:\/\/jornaldasoficinas.com\/pt\/comite-executivo-da-schaeffler-ag-sofre-alteracoes\/#primaryimage"},"thumbnailUrl":"https:\/\/jornaldasoficinas.com\/pt\/wp-content\/uploads\/2024\/10\/Comite-Executivo-da-Schaeffler-AG-sofre-alteracoes.jpeg","keywords":["Christophe Hannequin","Claus Bauer","Comit\u00e9 Executivo","Dr. Jochen Schro\u0308der","Schaeffler","Schaeffler AG","Thomas Stierle"],"articleSection":["Empresas"],"inLanguage":"pt-PT"},{"@type":"WebPage","@id":"https:\/\/jornaldasoficinas.com\/pt\/comite-executivo-da-schaeffler-ag-sofre-alteracoes\/","url":"https:\/\/jornaldasoficinas.com\/pt\/comite-executivo-da-schaeffler-ag-sofre-alteracoes\/","name":"Comit\u00e9 Executivo da Schaeffler AG sofre altera\u00e7\u00f5es - Jornal das Oficinas","isPartOf":{"@id":"https:\/\/jornaldasoficinas.com\/pt\/#website"},"primaryImageOfPage":{"@id":"https:\/\/jornaldasoficinas.com\/pt\/comite-executivo-da-schaeffler-ag-sofre-alteracoes\/#primaryimage"},"image":{"@id":"https:\/\/jornaldasoficinas.com\/pt\/comite-executivo-da-schaeffler-ag-sofre-alteracoes\/#primaryimage"},"thumbnailUrl":"https:\/\/jornaldasoficinas.com\/pt\/wp-content\/uploads\/2024\/10\/Comite-Executivo-da-Schaeffler-AG-sofre-alteracoes.jpeg","datePublished":"2024-10-09T13:00:48+00:00","description":"Conselho de Supervisa\u0303o da Schaeffler realiza duas nomeac\u0327o\u0303es para o Comite\u0301 de Direc\u0327a\u0303o da Schaeffler AG e uma outra no Comite\u0301 Executivo","breadcrumb":{"@id":"https:\/\/jornaldasoficinas.com\/pt\/comite-executivo-da-schaeffler-ag-sofre-alteracoes\/#breadcrumb"},"inLanguage":"pt-PT","potentialAction":[{"@type":"ReadAction","target":["https:\/\/jornaldasoficinas.com\/pt\/comite-executivo-da-schaeffler-ag-sofre-alteracoes\/"]}]},{"@type":"ImageObject","inLanguage":"pt-PT","@id":"https:\/\/jornaldasoficinas.com\/pt\/comite-executivo-da-schaeffler-ag-sofre-alteracoes\/#primaryimage","url":"https:\/\/jornaldasoficinas.com\/pt\/wp-content\/uploads\/2024\/10\/Comite-Executivo-da-Schaeffler-AG-sofre-alteracoes.jpeg","contentUrl":"https:\/\/jornaldasoficinas.com\/pt\/wp-content\/uploads\/2024\/10\/Comite-Executivo-da-Schaeffler-AG-sofre-alteracoes.jpeg","width":1024,"height":581,"caption":"10 - Comite Executivo da Schaeffler AG sofre alteracoes"},{"@type":"BreadcrumbList","@id":"https:\/\/jornaldasoficinas.com\/pt\/comite-executivo-da-schaeffler-ag-sofre-alteracoes\/#breadcrumb","itemListElement":[{"@type":"ListItem","position":1,"name":"In\u00edcio","item":"https:\/\/jornaldasoficinas.com\/pt\/"},{"@type":"ListItem","position":2,"name":"Comit\u00e9 Executivo da Schaeffler AG sofre altera\u00e7\u00f5es"}]},{"@type":"WebSite","@id":"https:\/\/jornaldasoficinas.com\/pt\/#website","url":"https:\/\/jornaldasoficinas.com\/pt\/","name":"Jornal das Oficinas","description":"Jornal independente do Aftermarket Autom\u00f3vel em Portugal","publisher":{"@id":"https:\/\/jornaldasoficinas.com\/pt\/#organization"},"potentialAction":[{"@type":"SearchAction","target":{"@type":"EntryPoint","urlTemplate":"https:\/\/jornaldasoficinas.com\/pt\/?s={search_term_string}"},"query-input":{"@type":"PropertyValueSpecification","valueRequired":true,"valueName":"search_term_string"}}],"inLanguage":"pt-PT"},{"@type":"Organization","@id":"https:\/\/jornaldasoficinas.com\/pt\/#organization","name":"Jornal das Oficinas","url":"https:\/\/jornaldasoficinas.com\/pt\/","logo":{"@type":"ImageObject","inLanguage":"pt-PT","@id":"https:\/\/jornaldasoficinas.com\/pt\/#\/schema\/logo\/image\/","url":"https:\/\/jornaldasoficinas.com\/pt\/wp-content\/uploads\/logoJO-SEO.png","contentUrl":"https:\/\/jornaldasoficinas.com\/pt\/wp-content\/uploads\/logoJO-SEO.png","width":285,"height":450,"caption":"Jornal das Oficinas"},"image":{"@id":"https:\/\/jornaldasoficinas.com\/pt\/#\/schema\/logo\/image\/"},"sameAs":["https:\/\/www.facebook.com\/jornaloficinas","https:\/\/x.com\/jornaloficinas","https:\/\/www.instagram.com\/jornal_oficinas\/","https:\/\/www.linkedin.com\/company\/jornal-das-oficinas\/","https:\/\/www.youtube.com\/channel\/UCbQZBqtcvV-oSQrr7RzINGg"]},{"@type":"Person","@id":"https:\/\/jornaldasoficinas.com\/pt\/#\/schema\/person\/a38eef5de2c41d9e7c9ac10141afddf3","name":"Reda\u00e7\u00e3o JO","image":{"@type":"ImageObject","inLanguage":"pt-PT","@id":"https:\/\/secure.gravatar.com\/avatar\/71f2fa71737ad68a84fea94bc708ddac8ea5b0c4788dc2ad202f3ccb2887742f?s=96&d=wp_user_avatar&r=g","url":"https:\/\/secure.gravatar.com\/avatar\/71f2fa71737ad68a84fea94bc708ddac8ea5b0c4788dc2ad202f3ccb2887742f?s=96&d=wp_user_avatar&r=g","contentUrl":"https:\/\/secure.gravatar.com\/avatar\/71f2fa71737ad68a84fea94bc708ddac8ea5b0c4788dc2ad202f3ccb2887742f?s=96&d=wp_user_avatar&r=g","caption":"Reda\u00e7\u00e3o JO"},"url":"https:\/\/jornaldasoficinas.com\/pt\/author\/joredacao\/"}]}},"_links":{"self":[{"href":"https:\/\/jornaldasoficinas.com\/pt\/wp-json\/wp\/v2\/posts\/92358","targetHints":{"allow":["GET"]}}],"collection":[{"href":"https:\/\/jornaldasoficinas.com\/pt\/wp-json\/wp\/v2\/posts"}],"about":[{"href":"https:\/\/jornaldasoficinas.com\/pt\/wp-json\/wp\/v2\/types\/post"}],"author":[{"embeddable":true,"href":"https:\/\/jornaldasoficinas.com\/pt\/wp-json\/wp\/v2\/users\/15"}],"replies":[{"embeddable":true,"href":"https:\/\/jornaldasoficinas.com\/pt\/wp-json\/wp\/v2\/comments?post=92358"}],"version-history":[{"count":0,"href":"https:\/\/jornaldasoficinas.com\/pt\/wp-json\/wp\/v2\/posts\/92358\/revisions"}],"wp:featuredmedia":[{"embeddable":true,"href":"https:\/\/jornaldasoficinas.com\/pt\/wp-json\/wp\/v2\/media\/92360"}],"wp:attachment":[{"href":"https:\/\/jornaldasoficinas.com\/pt\/wp-json\/wp\/v2\/media?parent=92358"}],"wp:term":[{"taxonomy":"category","embeddable":true,"href":"https:\/\/jornaldasoficinas.com\/pt\/wp-json\/wp\/v2\/categories?post=92358"},{"taxonomy":"post_tag","embeddable":true,"href":"https:\/\/jornaldasoficinas.com\/pt\/wp-json\/wp\/v2\/tags?post=92358"}],"curies":[{"name":"wp","href":"https:\/\/api.w.org\/{rel}","templated":true}]}}