{"id":92739,"date":"2024-10-16T18:00:35","date_gmt":"2024-10-16T17:00:35","guid":{"rendered":"https:\/\/jornaldasoficinas.com\/pt\/?p=92739"},"modified":"2024-10-17T22:05:49","modified_gmt":"2024-10-17T21:05:49","slug":"vieira-freitas-comercializa-bremi-ev-safe","status":"publish","type":"post","link":"https:\/\/jornaldasoficinas.com\/pt\/vieira-freitas-comercializa-bremi-ev-safe\/","title":{"rendered":"Vieira &#038; Freitas comercializa BREMI EV-SaFe"},"content":{"rendered":"<p><strong><img loading=\"lazy\" decoding=\"async\" class=\"alignnone size-full wp-image-92742\" src=\"https:\/\/jornaldasoficinas.com\/pt\/wp-content\/uploads\/2024\/10\/Vieira-Freitas-comercializa-BREMI-EV-SaFe.jpg\" alt=\"10 - Vieira Freitas comercializa BREMI EV SaFe\" width=\"1024\" height=\"581\" srcset=\"https:\/\/jornaldasoficinas.com\/pt\/wp-content\/uploads\/2024\/10\/Vieira-Freitas-comercializa-BREMI-EV-SaFe.jpg 1024w, https:\/\/jornaldasoficinas.com\/pt\/wp-content\/uploads\/2024\/10\/Vieira-Freitas-comercializa-BREMI-EV-SaFe-300x170.jpg 300w, https:\/\/jornaldasoficinas.com\/pt\/wp-content\/uploads\/2024\/10\/Vieira-Freitas-comercializa-BREMI-EV-SaFe-150x85.jpg 150w, https:\/\/jornaldasoficinas.com\/pt\/wp-content\/uploads\/2024\/10\/Vieira-Freitas-comercializa-BREMI-EV-SaFe-768x436.jpg 768w\" sizes=\"auto, (max-width: 1024px) 100vw, 1024px\" \/><\/strong><\/p>\n<p><strong>A <a href=\"http:\/\/vieirafreitas.pt\/\" target=\"_blank\" rel=\"noopener\">Vieira &amp; Freitas<\/a> lan\u00e7ou o BREMI EV-SaFe, um dispositivo que permite a verifica\u00e7\u00e3o do estado de seguran\u00e7a de ve\u00edculos H\u00edbridos Plug-In (PHEV) e El\u00e9tricos (BEV), realizando tamb\u00e9m o bloqueio mec\u00e2nico do movimento<\/strong><\/p>\n<p>A BREMI tem quase 100 anos de hist\u00f3ria empresarial no sector das pe\u00e7as para autom\u00f3veis. Fundada em 1927, a empresa desenvolveu-se ao longo dos anos, tornando-se especialista na \u00e1rea dos componentes el\u00e9tricos e eletr\u00f3nicos para ve\u00edculos. Come\u00e7ando com o fabrico de contactos e rotores, a empresa rapidamente passou para o campo completo da tecnologia de igni\u00e7\u00e3o, incluindo cabos de igni\u00e7\u00e3o, m\u00f3dulos de igni\u00e7\u00e3o e bobinas de igni\u00e7\u00e3o.<\/p>\n<p>A marca tem uma vasta presen\u00e7a no mercado que se estende por todo o mundo. Esta distribui\u00e7\u00e3o internacional refor\u00e7a a posi\u00e7\u00e3o da BREMI como um parceiro de confian\u00e7a na ind\u00fastria autom\u00f3vel. Os testes de controlo de qualidade garantem a fiabilidade e a seguran\u00e7a dos produtos. Os clientes podem confiar nos rigorosos crit\u00e9rios de qualidade, o que conduz a um elevado n\u00edvel de satisfa\u00e7\u00e3o e confian\u00e7a na marca. Um aspeto decisivo \u00e9 a vasta experi\u00eancia t\u00e9cnica da BREMI. Muitos anos de experi\u00eancia permitem desenvolver solu\u00e7\u00f5es inovadoras e adaptadas \u00e0s necessidades dos construtores autom\u00f3veis.<\/p>\n<p>Durante mais de uma d\u00e9cada, a \u00e1rea da tecnologia de sensores tem sido um foco central da BREMI. Utilizou e aprofundou os seus conhecimentos no dom\u00ednio da gest\u00e3o de motores, a fim de satisfazer a procura da mais elevada qualidade e compet\u00eancia. Gra\u00e7as a estas novas compet\u00eancias no dom\u00ednio da tecnologia de sensores e \u00e0 estreita coopera\u00e7\u00e3o com parceiros de todos os segmentos de mercado, foi criado o mais recente projeto &#8220;EV-Safe&#8221;.<\/p>\n<p>O produto &#8220;EV-Safe&#8221; foi originalmente desenvolvido para os bombeiros e para os desportos motorizados. O projeto &#8220;EV-Safe&#8221; foi criado entre os parceiros e a BREMI como uma ferramenta de seguran\u00e7a necess\u00e1ria para os servi\u00e7os de emerg\u00eancia em caso de acidentes ou avarias que envolvam ve\u00edculos movidos a eletricidade ou carros de corrida.<\/p>\n<p>Agora, este produto est\u00e1 tamb\u00e9m dispon\u00edvel numa nova vers\u00e3o para satisfazer os crescentes requisitos de seguran\u00e7a das oficinas, especialistas em pneus, servi\u00e7os de assist\u00eancia e muitos outros. O EV-Safe \u00e9 o produto para a e-mobilidade, combinando seguran\u00e7a, diagn\u00f3stico e fun\u00e7\u00e3o de carregamento numa \u00fanica ferramenta.<\/p>\n<p><strong>Seguran\u00e7a, diagn\u00f3stico e recarga num s\u00f3 produto<\/strong><\/p>\n<p>Nos ve\u00edculos PHEV (h\u00edbridos) e BEV (el\u00e9tricos), os riscos s\u00e3o diferentes em compara\u00e7\u00e3o com os que t\u00eam motores de combust\u00e3o interna. Isto deve-se aos componentes de propuls\u00e3o de alta tens\u00e3o (e n\u00e3o s\u00f3), como baterias HV, motores el\u00e9tricos, unidades inversoras\/conversoras, etc.. A BREMI, com o dispositivo EV-SaFe, tem a resposta para este tipo de necessidades. Para ser utilizado, o dispositivo deve ser inserido na tomada de carregamento do ve\u00edculo.<\/p>\n<p>O BREMI EV-SaFe destina-se a todos os operadores profissionais do setor autom\u00f3vel, tanto para manuten\u00e7\u00e3o (reparadores de autom\u00f3veis, pneum\u00e1ticos, oficinas, etc.). Importante para servi\u00e7os de salvamento bombeiros, rebocadores, administra\u00e7\u00f5es p\u00fablicas, pol\u00edcia municipal, GNR, pol\u00edcia rodovi\u00e1ria, organiza\u00e7\u00f5es de assist\u00eancia p\u00fablica, Cruz Vermelha, etc.).<\/p>\n<p>O dispositivo BREMI EV-Safe tem LEDs que informam o utilizador sobre o estado de funcionamento do dispositivo. O Equipamento tem uma bateria interna com uma dura\u00e7\u00e3o de 6 horas ou 1 hora com o WiFi on. No portal www.ev-safe.eu o operador deve realizar a opera\u00e7\u00e3o de registo e desbloqueio do dispositivo.<\/p>\n<p><strong>Fun\u00e7\u00f5es chave do BREMI EV-SaFe<\/strong><\/p>\n<p>&#8211; Carregamento dom\u00e9stico lento via alimenta\u00e7\u00e3o 230vac;<br \/>\n&#8211; Bateria interna recarreg\u00e1vel de i\u00f5es de l\u00edtio para funcionamento sem liga\u00e7\u00e3o de energia;<br \/>\n&#8211; Diagn\u00f3stico do funcionamento da porta de carregamento do ve\u00edculo;<br \/>\n&#8211; Seguran\u00e7a de primeiro n\u00edvel (fecho mec\u00e2nico) do ve\u00edculo;<br \/>\n&#8211; Seguran\u00e7a de segundo n\u00edvel (teste do isolamento el\u00e9trico) do ve\u00edculo;<br \/>\n&#8211; Monitoriza\u00e7\u00e3o da temperatura dos contactos da porta\/chassis de carregamento do ve\u00edculo;<br \/>\n&#8211; Interface Wifi com rede ad-hoc (servidor web) para exibi\u00e7\u00e3o em tempo real do estado do dispositivo (desativado para poupar bateria interna);<br \/>\n&#8211; Ligar o dispositivo EV-Safe \u00e0 rede Wifi local para qualquer atualiza\u00e7\u00e3o e enviar dados para o servidor\/portal remoto.<\/p>\n<p>Mais informa\u00e7\u00f5es em<a href=\"https:\/\/www.ev-safe.eu\/es\"> https:\/\/www.ev-safe.eu\/es<\/a><\/p>\n","protected":false},"excerpt":{"rendered":"<p>A Vieira &amp; Freitas lan\u00e7ou o&#8230;<\/p>\n","protected":false},"author":15,"featured_media":92742,"comment_status":"closed","ping_status":"closed","sticky":false,"template":"","format":"standard","meta":{"footnotes":""},"categories":[29],"tags":[10959,10957,10958,10960,89,498,367],"class_list":["post-92739","post","type-post","status-publish","format-standard","has-post-thumbnail","hentry","category-empresas","tag-bremi","tag-bremi-ev-safe","tag-dispositivo-de-seguranca","tag-distribuicao-internacional","tag-veiculos-eletricos","tag-veiculos-hibridos","tag-vieira-freitas"],"yoast_head":"<!-- This site is optimized with the Yoast SEO plugin v27.5 - https:\/\/yoast.com\/product\/yoast-seo-wordpress\/ -->\n<title>Vieira &amp; Freitas comercializa BREMI EV-SaFe - Jornal das Oficinas<\/title>\n<meta name=\"description\" content=\"A Vieira &amp; Freitas lan\u00e7ou o BREMI EV-SaFe, um dispositivo que permite a verifica\u00e7\u00e3o do estado de seguran\u00e7a de ve\u00edculos h\u00edbridos e el\u00e9tricos\" \/>\n<meta name=\"robots\" content=\"index, follow, max-snippet:-1, max-image-preview:large, max-video-preview:-1\" \/>\n<link rel=\"canonical\" href=\"https:\/\/jornaldasoficinas.com\/pt\/vieira-freitas-comercializa-bremi-ev-safe\/\" \/>\n<meta property=\"og:locale\" content=\"pt_PT\" \/>\n<meta property=\"og:type\" content=\"article\" \/>\n<meta property=\"og:title\" content=\"Vieira &amp; Freitas comercializa BREMI EV-SaFe - Jornal das Oficinas\" \/>\n<meta property=\"og:description\" content=\"A Vieira &amp; Freitas lan\u00e7ou o BREMI EV-SaFe, um dispositivo que permite a verifica\u00e7\u00e3o do estado de seguran\u00e7a de ve\u00edculos h\u00edbridos e el\u00e9tricos\" \/>\n<meta property=\"og:url\" content=\"https:\/\/jornaldasoficinas.com\/pt\/vieira-freitas-comercializa-bremi-ev-safe\/\" \/>\n<meta property=\"og:site_name\" content=\"Jornal das Oficinas\" \/>\n<meta property=\"article:publisher\" content=\"https:\/\/www.facebook.com\/jornaloficinas\" \/>\n<meta property=\"article:published_time\" content=\"2024-10-16T17:00:35+00:00\" \/>\n<meta property=\"article:modified_time\" content=\"2024-10-17T21:05:49+00:00\" \/>\n<meta property=\"og:image\" content=\"https:\/\/jornaldasoficinas.com\/pt\/wp-content\/uploads\/2024\/10\/Vieira-Freitas-comercializa-BREMI-EV-SaFe.jpg\" \/>\n\t<meta property=\"og:image:width\" content=\"1024\" \/>\n\t<meta property=\"og:image:height\" content=\"581\" \/>\n\t<meta property=\"og:image:type\" content=\"image\/jpeg\" \/>\n<meta name=\"author\" content=\"Reda\u00e7\u00e3o JO\" \/>\n<meta name=\"twitter:card\" content=\"summary_large_image\" \/>\n<meta name=\"twitter:creator\" content=\"@jornaloficinas\" \/>\n<meta name=\"twitter:site\" content=\"@jornaloficinas\" \/>\n<meta name=\"twitter:label1\" content=\"Escrito por\" \/>\n\t<meta name=\"twitter:data1\" content=\"Reda\u00e7\u00e3o JO\" \/>\n\t<meta name=\"twitter:label2\" content=\"Tempo estimado de leitura\" \/>\n\t<meta name=\"twitter:data2\" content=\"4 minutos\" \/>\n<script type=\"application\/ld+json\" class=\"yoast-schema-graph\">{\"@context\":\"https:\\\/\\\/schema.org\",\"@graph\":[{\"@type\":\"Article\",\"@id\":\"https:\\\/\\\/jornaldasoficinas.com\\\/pt\\\/vieira-freitas-comercializa-bremi-ev-safe\\\/#article\",\"isPartOf\":{\"@id\":\"https:\\\/\\\/jornaldasoficinas.com\\\/pt\\\/vieira-freitas-comercializa-bremi-ev-safe\\\/\"},\"author\":{\"name\":\"Reda\u00e7\u00e3o JO\",\"@id\":\"https:\\\/\\\/jornaldasoficinas.com\\\/pt\\\/#\\\/schema\\\/person\\\/a38eef5de2c41d9e7c9ac10141afddf3\"},\"headline\":\"Vieira &#038; Freitas comercializa BREMI EV-SaFe\",\"datePublished\":\"2024-10-16T17:00:35+00:00\",\"dateModified\":\"2024-10-17T21:05:49+00:00\",\"mainEntityOfPage\":{\"@id\":\"https:\\\/\\\/jornaldasoficinas.com\\\/pt\\\/vieira-freitas-comercializa-bremi-ev-safe\\\/\"},\"wordCount\":759,\"publisher\":{\"@id\":\"https:\\\/\\\/jornaldasoficinas.com\\\/pt\\\/#organization\"},\"image\":{\"@id\":\"https:\\\/\\\/jornaldasoficinas.com\\\/pt\\\/vieira-freitas-comercializa-bremi-ev-safe\\\/#primaryimage\"},\"thumbnailUrl\":\"https:\\\/\\\/jornaldasoficinas.com\\\/pt\\\/wp-content\\\/uploads\\\/2024\\\/10\\\/Vieira-Freitas-comercializa-BREMI-EV-SaFe.jpg\",\"keywords\":[\"BREMI\",\"BREMI EV-SaFe\",\"dispositivo de seguran\u00e7a\",\"distribui\u00e7\u00e3o internacional\",\"Ve\u00edculos el\u00e9tricos\",\"Ve\u00edculos h\u00edbridos\",\"Vieira &amp; Freitas\"],\"articleSection\":[\"Empresas\"],\"inLanguage\":\"pt-PT\"},{\"@type\":\"WebPage\",\"@id\":\"https:\\\/\\\/jornaldasoficinas.com\\\/pt\\\/vieira-freitas-comercializa-bremi-ev-safe\\\/\",\"url\":\"https:\\\/\\\/jornaldasoficinas.com\\\/pt\\\/vieira-freitas-comercializa-bremi-ev-safe\\\/\",\"name\":\"Vieira & Freitas comercializa BREMI EV-SaFe - Jornal das Oficinas\",\"isPartOf\":{\"@id\":\"https:\\\/\\\/jornaldasoficinas.com\\\/pt\\\/#website\"},\"primaryImageOfPage\":{\"@id\":\"https:\\\/\\\/jornaldasoficinas.com\\\/pt\\\/vieira-freitas-comercializa-bremi-ev-safe\\\/#primaryimage\"},\"image\":{\"@id\":\"https:\\\/\\\/jornaldasoficinas.com\\\/pt\\\/vieira-freitas-comercializa-bremi-ev-safe\\\/#primaryimage\"},\"thumbnailUrl\":\"https:\\\/\\\/jornaldasoficinas.com\\\/pt\\\/wp-content\\\/uploads\\\/2024\\\/10\\\/Vieira-Freitas-comercializa-BREMI-EV-SaFe.jpg\",\"datePublished\":\"2024-10-16T17:00:35+00:00\",\"dateModified\":\"2024-10-17T21:05:49+00:00\",\"description\":\"A Vieira & Freitas lan\u00e7ou o BREMI EV-SaFe, um dispositivo que permite a verifica\u00e7\u00e3o do estado de seguran\u00e7a de ve\u00edculos h\u00edbridos e el\u00e9tricos\",\"breadcrumb\":{\"@id\":\"https:\\\/\\\/jornaldasoficinas.com\\\/pt\\\/vieira-freitas-comercializa-bremi-ev-safe\\\/#breadcrumb\"},\"inLanguage\":\"pt-PT\",\"potentialAction\":[{\"@type\":\"ReadAction\",\"target\":[\"https:\\\/\\\/jornaldasoficinas.com\\\/pt\\\/vieira-freitas-comercializa-bremi-ev-safe\\\/\"]}]},{\"@type\":\"ImageObject\",\"inLanguage\":\"pt-PT\",\"@id\":\"https:\\\/\\\/jornaldasoficinas.com\\\/pt\\\/vieira-freitas-comercializa-bremi-ev-safe\\\/#primaryimage\",\"url\":\"https:\\\/\\\/jornaldasoficinas.com\\\/pt\\\/wp-content\\\/uploads\\\/2024\\\/10\\\/Vieira-Freitas-comercializa-BREMI-EV-SaFe.jpg\",\"contentUrl\":\"https:\\\/\\\/jornaldasoficinas.com\\\/pt\\\/wp-content\\\/uploads\\\/2024\\\/10\\\/Vieira-Freitas-comercializa-BREMI-EV-SaFe.jpg\",\"width\":1024,\"height\":581,\"caption\":\"10 - Vieira Freitas comercializa BREMI EV SaFe\"},{\"@type\":\"BreadcrumbList\",\"@id\":\"https:\\\/\\\/jornaldasoficinas.com\\\/pt\\\/vieira-freitas-comercializa-bremi-ev-safe\\\/#breadcrumb\",\"itemListElement\":[{\"@type\":\"ListItem\",\"position\":1,\"name\":\"In\u00edcio\",\"item\":\"https:\\\/\\\/jornaldasoficinas.com\\\/pt\\\/\"},{\"@type\":\"ListItem\",\"position\":2,\"name\":\"Vieira &#038; Freitas comercializa BREMI EV-SaFe\"}]},{\"@type\":\"WebSite\",\"@id\":\"https:\\\/\\\/jornaldasoficinas.com\\\/pt\\\/#website\",\"url\":\"https:\\\/\\\/jornaldasoficinas.com\\\/pt\\\/\",\"name\":\"Jornal das Oficinas\",\"description\":\"Jornal independente do Aftermarket Autom\u00f3vel em Portugal\",\"publisher\":{\"@id\":\"https:\\\/\\\/jornaldasoficinas.com\\\/pt\\\/#organization\"},\"potentialAction\":[{\"@type\":\"SearchAction\",\"target\":{\"@type\":\"EntryPoint\",\"urlTemplate\":\"https:\\\/\\\/jornaldasoficinas.com\\\/pt\\\/?s={search_term_string}\"},\"query-input\":{\"@type\":\"PropertyValueSpecification\",\"valueRequired\":true,\"valueName\":\"search_term_string\"}}],\"inLanguage\":\"pt-PT\"},{\"@type\":\"Organization\",\"@id\":\"https:\\\/\\\/jornaldasoficinas.com\\\/pt\\\/#organization\",\"name\":\"Jornal das Oficinas\",\"url\":\"https:\\\/\\\/jornaldasoficinas.com\\\/pt\\\/\",\"logo\":{\"@type\":\"ImageObject\",\"inLanguage\":\"pt-PT\",\"@id\":\"https:\\\/\\\/jornaldasoficinas.com\\\/pt\\\/#\\\/schema\\\/logo\\\/image\\\/\",\"url\":\"https:\\\/\\\/jornaldasoficinas.com\\\/pt\\\/wp-content\\\/uploads\\\/logoJO-SEO.png\",\"contentUrl\":\"https:\\\/\\\/jornaldasoficinas.com\\\/pt\\\/wp-content\\\/uploads\\\/logoJO-SEO.png\",\"width\":285,\"height\":450,\"caption\":\"Jornal das Oficinas\"},\"image\":{\"@id\":\"https:\\\/\\\/jornaldasoficinas.com\\\/pt\\\/#\\\/schema\\\/logo\\\/image\\\/\"},\"sameAs\":[\"https:\\\/\\\/www.facebook.com\\\/jornaloficinas\",\"https:\\\/\\\/x.com\\\/jornaloficinas\",\"https:\\\/\\\/www.instagram.com\\\/jornal_oficinas\\\/\",\"https:\\\/\\\/www.linkedin.com\\\/company\\\/jornal-das-oficinas\\\/\",\"https:\\\/\\\/www.youtube.com\\\/channel\\\/UCbQZBqtcvV-oSQrr7RzINGg\"]},{\"@type\":\"Person\",\"@id\":\"https:\\\/\\\/jornaldasoficinas.com\\\/pt\\\/#\\\/schema\\\/person\\\/a38eef5de2c41d9e7c9ac10141afddf3\",\"name\":\"Reda\u00e7\u00e3o JO\",\"image\":{\"@type\":\"ImageObject\",\"inLanguage\":\"pt-PT\",\"@id\":\"https:\\\/\\\/secure.gravatar.com\\\/avatar\\\/71f2fa71737ad68a84fea94bc708ddac8ea5b0c4788dc2ad202f3ccb2887742f?s=96&d=wp_user_avatar&r=g\",\"url\":\"https:\\\/\\\/secure.gravatar.com\\\/avatar\\\/71f2fa71737ad68a84fea94bc708ddac8ea5b0c4788dc2ad202f3ccb2887742f?s=96&d=wp_user_avatar&r=g\",\"contentUrl\":\"https:\\\/\\\/secure.gravatar.com\\\/avatar\\\/71f2fa71737ad68a84fea94bc708ddac8ea5b0c4788dc2ad202f3ccb2887742f?s=96&d=wp_user_avatar&r=g\",\"caption\":\"Reda\u00e7\u00e3o JO\"},\"url\":\"https:\\\/\\\/jornaldasoficinas.com\\\/pt\\\/author\\\/joredacao\\\/\"}]}<\/script>\n<!-- \/ Yoast SEO plugin. -->","yoast_head_json":{"title":"Vieira & Freitas comercializa BREMI EV-SaFe - Jornal das Oficinas","description":"A Vieira & Freitas lan\u00e7ou o BREMI EV-SaFe, um dispositivo que permite a verifica\u00e7\u00e3o do estado de seguran\u00e7a de ve\u00edculos h\u00edbridos e el\u00e9tricos","robots":{"index":"index","follow":"follow","max-snippet":"max-snippet:-1","max-image-preview":"max-image-preview:large","max-video-preview":"max-video-preview:-1"},"canonical":"https:\/\/jornaldasoficinas.com\/pt\/vieira-freitas-comercializa-bremi-ev-safe\/","og_locale":"pt_PT","og_type":"article","og_title":"Vieira & Freitas comercializa BREMI EV-SaFe - Jornal das Oficinas","og_description":"A Vieira & Freitas lan\u00e7ou o BREMI EV-SaFe, um dispositivo que permite a verifica\u00e7\u00e3o do estado de seguran\u00e7a de ve\u00edculos h\u00edbridos e el\u00e9tricos","og_url":"https:\/\/jornaldasoficinas.com\/pt\/vieira-freitas-comercializa-bremi-ev-safe\/","og_site_name":"Jornal das Oficinas","article_publisher":"https:\/\/www.facebook.com\/jornaloficinas","article_published_time":"2024-10-16T17:00:35+00:00","article_modified_time":"2024-10-17T21:05:49+00:00","og_image":[{"width":1024,"height":581,"url":"https:\/\/jornaldasoficinas.com\/pt\/wp-content\/uploads\/2024\/10\/Vieira-Freitas-comercializa-BREMI-EV-SaFe.jpg","type":"image\/jpeg"}],"author":"Reda\u00e7\u00e3o JO","twitter_card":"summary_large_image","twitter_creator":"@jornaloficinas","twitter_site":"@jornaloficinas","twitter_misc":{"Escrito por":"Reda\u00e7\u00e3o JO","Tempo estimado de leitura":"4 minutos"},"schema":{"@context":"https:\/\/schema.org","@graph":[{"@type":"Article","@id":"https:\/\/jornaldasoficinas.com\/pt\/vieira-freitas-comercializa-bremi-ev-safe\/#article","isPartOf":{"@id":"https:\/\/jornaldasoficinas.com\/pt\/vieira-freitas-comercializa-bremi-ev-safe\/"},"author":{"name":"Reda\u00e7\u00e3o JO","@id":"https:\/\/jornaldasoficinas.com\/pt\/#\/schema\/person\/a38eef5de2c41d9e7c9ac10141afddf3"},"headline":"Vieira &#038; Freitas comercializa BREMI EV-SaFe","datePublished":"2024-10-16T17:00:35+00:00","dateModified":"2024-10-17T21:05:49+00:00","mainEntityOfPage":{"@id":"https:\/\/jornaldasoficinas.com\/pt\/vieira-freitas-comercializa-bremi-ev-safe\/"},"wordCount":759,"publisher":{"@id":"https:\/\/jornaldasoficinas.com\/pt\/#organization"},"image":{"@id":"https:\/\/jornaldasoficinas.com\/pt\/vieira-freitas-comercializa-bremi-ev-safe\/#primaryimage"},"thumbnailUrl":"https:\/\/jornaldasoficinas.com\/pt\/wp-content\/uploads\/2024\/10\/Vieira-Freitas-comercializa-BREMI-EV-SaFe.jpg","keywords":["BREMI","BREMI EV-SaFe","dispositivo de seguran\u00e7a","distribui\u00e7\u00e3o internacional","Ve\u00edculos el\u00e9tricos","Ve\u00edculos h\u00edbridos","Vieira &amp; Freitas"],"articleSection":["Empresas"],"inLanguage":"pt-PT"},{"@type":"WebPage","@id":"https:\/\/jornaldasoficinas.com\/pt\/vieira-freitas-comercializa-bremi-ev-safe\/","url":"https:\/\/jornaldasoficinas.com\/pt\/vieira-freitas-comercializa-bremi-ev-safe\/","name":"Vieira & Freitas comercializa BREMI EV-SaFe - Jornal das Oficinas","isPartOf":{"@id":"https:\/\/jornaldasoficinas.com\/pt\/#website"},"primaryImageOfPage":{"@id":"https:\/\/jornaldasoficinas.com\/pt\/vieira-freitas-comercializa-bremi-ev-safe\/#primaryimage"},"image":{"@id":"https:\/\/jornaldasoficinas.com\/pt\/vieira-freitas-comercializa-bremi-ev-safe\/#primaryimage"},"thumbnailUrl":"https:\/\/jornaldasoficinas.com\/pt\/wp-content\/uploads\/2024\/10\/Vieira-Freitas-comercializa-BREMI-EV-SaFe.jpg","datePublished":"2024-10-16T17:00:35+00:00","dateModified":"2024-10-17T21:05:49+00:00","description":"A Vieira & Freitas lan\u00e7ou o BREMI EV-SaFe, um dispositivo que permite a verifica\u00e7\u00e3o do estado de seguran\u00e7a de ve\u00edculos h\u00edbridos e el\u00e9tricos","breadcrumb":{"@id":"https:\/\/jornaldasoficinas.com\/pt\/vieira-freitas-comercializa-bremi-ev-safe\/#breadcrumb"},"inLanguage":"pt-PT","potentialAction":[{"@type":"ReadAction","target":["https:\/\/jornaldasoficinas.com\/pt\/vieira-freitas-comercializa-bremi-ev-safe\/"]}]},{"@type":"ImageObject","inLanguage":"pt-PT","@id":"https:\/\/jornaldasoficinas.com\/pt\/vieira-freitas-comercializa-bremi-ev-safe\/#primaryimage","url":"https:\/\/jornaldasoficinas.com\/pt\/wp-content\/uploads\/2024\/10\/Vieira-Freitas-comercializa-BREMI-EV-SaFe.jpg","contentUrl":"https:\/\/jornaldasoficinas.com\/pt\/wp-content\/uploads\/2024\/10\/Vieira-Freitas-comercializa-BREMI-EV-SaFe.jpg","width":1024,"height":581,"caption":"10 - Vieira Freitas comercializa BREMI EV SaFe"},{"@type":"BreadcrumbList","@id":"https:\/\/jornaldasoficinas.com\/pt\/vieira-freitas-comercializa-bremi-ev-safe\/#breadcrumb","itemListElement":[{"@type":"ListItem","position":1,"name":"In\u00edcio","item":"https:\/\/jornaldasoficinas.com\/pt\/"},{"@type":"ListItem","position":2,"name":"Vieira &#038; Freitas comercializa BREMI EV-SaFe"}]},{"@type":"WebSite","@id":"https:\/\/jornaldasoficinas.com\/pt\/#website","url":"https:\/\/jornaldasoficinas.com\/pt\/","name":"Jornal das Oficinas","description":"Jornal independente do Aftermarket Autom\u00f3vel em Portugal","publisher":{"@id":"https:\/\/jornaldasoficinas.com\/pt\/#organization"},"potentialAction":[{"@type":"SearchAction","target":{"@type":"EntryPoint","urlTemplate":"https:\/\/jornaldasoficinas.com\/pt\/?s={search_term_string}"},"query-input":{"@type":"PropertyValueSpecification","valueRequired":true,"valueName":"search_term_string"}}],"inLanguage":"pt-PT"},{"@type":"Organization","@id":"https:\/\/jornaldasoficinas.com\/pt\/#organization","name":"Jornal das Oficinas","url":"https:\/\/jornaldasoficinas.com\/pt\/","logo":{"@type":"ImageObject","inLanguage":"pt-PT","@id":"https:\/\/jornaldasoficinas.com\/pt\/#\/schema\/logo\/image\/","url":"https:\/\/jornaldasoficinas.com\/pt\/wp-content\/uploads\/logoJO-SEO.png","contentUrl":"https:\/\/jornaldasoficinas.com\/pt\/wp-content\/uploads\/logoJO-SEO.png","width":285,"height":450,"caption":"Jornal das Oficinas"},"image":{"@id":"https:\/\/jornaldasoficinas.com\/pt\/#\/schema\/logo\/image\/"},"sameAs":["https:\/\/www.facebook.com\/jornaloficinas","https:\/\/x.com\/jornaloficinas","https:\/\/www.instagram.com\/jornal_oficinas\/","https:\/\/www.linkedin.com\/company\/jornal-das-oficinas\/","https:\/\/www.youtube.com\/channel\/UCbQZBqtcvV-oSQrr7RzINGg"]},{"@type":"Person","@id":"https:\/\/jornaldasoficinas.com\/pt\/#\/schema\/person\/a38eef5de2c41d9e7c9ac10141afddf3","name":"Reda\u00e7\u00e3o JO","image":{"@type":"ImageObject","inLanguage":"pt-PT","@id":"https:\/\/secure.gravatar.com\/avatar\/71f2fa71737ad68a84fea94bc708ddac8ea5b0c4788dc2ad202f3ccb2887742f?s=96&d=wp_user_avatar&r=g","url":"https:\/\/secure.gravatar.com\/avatar\/71f2fa71737ad68a84fea94bc708ddac8ea5b0c4788dc2ad202f3ccb2887742f?s=96&d=wp_user_avatar&r=g","contentUrl":"https:\/\/secure.gravatar.com\/avatar\/71f2fa71737ad68a84fea94bc708ddac8ea5b0c4788dc2ad202f3ccb2887742f?s=96&d=wp_user_avatar&r=g","caption":"Reda\u00e7\u00e3o JO"},"url":"https:\/\/jornaldasoficinas.com\/pt\/author\/joredacao\/"}]}},"_links":{"self":[{"href":"https:\/\/jornaldasoficinas.com\/pt\/wp-json\/wp\/v2\/posts\/92739","targetHints":{"allow":["GET"]}}],"collection":[{"href":"https:\/\/jornaldasoficinas.com\/pt\/wp-json\/wp\/v2\/posts"}],"about":[{"href":"https:\/\/jornaldasoficinas.com\/pt\/wp-json\/wp\/v2\/types\/post"}],"author":[{"embeddable":true,"href":"https:\/\/jornaldasoficinas.com\/pt\/wp-json\/wp\/v2\/users\/15"}],"replies":[{"embeddable":true,"href":"https:\/\/jornaldasoficinas.com\/pt\/wp-json\/wp\/v2\/comments?post=92739"}],"version-history":[{"count":0,"href":"https:\/\/jornaldasoficinas.com\/pt\/wp-json\/wp\/v2\/posts\/92739\/revisions"}],"wp:featuredmedia":[{"embeddable":true,"href":"https:\/\/jornaldasoficinas.com\/pt\/wp-json\/wp\/v2\/media\/92742"}],"wp:attachment":[{"href":"https:\/\/jornaldasoficinas.com\/pt\/wp-json\/wp\/v2\/media?parent=92739"}],"wp:term":[{"taxonomy":"category","embeddable":true,"href":"https:\/\/jornaldasoficinas.com\/pt\/wp-json\/wp\/v2\/categories?post=92739"},{"taxonomy":"post_tag","embeddable":true,"href":"https:\/\/jornaldasoficinas.com\/pt\/wp-json\/wp\/v2\/tags?post=92739"}],"curies":[{"name":"wp","href":"https:\/\/api.w.org\/{rel}","templated":true}]}}