{"id":92778,"date":"2024-10-21T18:00:07","date_gmt":"2024-10-21T17:00:07","guid":{"rendered":"https:\/\/jornaldasoficinas.com\/pt\/?p=92778"},"modified":"2024-10-21T13:34:19","modified_gmt":"2024-10-21T12:34:19","slug":"cema-baterias-representa-mercado-iberico-em-evento-da-trojan","status":"publish","type":"post","link":"https:\/\/jornaldasoficinas.com\/pt\/cema-baterias-representa-mercado-iberico-em-evento-da-trojan\/","title":{"rendered":"CEMA Baterias representa mercado ib\u00e9rico em evento da Trojan"},"content":{"rendered":"<p><strong><img loading=\"lazy\" decoding=\"async\" class=\"alignnone size-full wp-image-92781\" src=\"https:\/\/jornaldasoficinas.com\/pt\/wp-content\/uploads\/2024\/10\/CEMA-Baterias-representa-mercado-iberico-em-evento-da-Trojan.jpeg\" alt=\"10 - CEMA Baterias representa mercado iberico em evento da Trojan\" width=\"1024\" height=\"581\" srcset=\"https:\/\/jornaldasoficinas.com\/pt\/wp-content\/uploads\/2024\/10\/CEMA-Baterias-representa-mercado-iberico-em-evento-da-Trojan.jpeg 1024w, https:\/\/jornaldasoficinas.com\/pt\/wp-content\/uploads\/2024\/10\/CEMA-Baterias-representa-mercado-iberico-em-evento-da-Trojan-300x170.jpeg 300w, https:\/\/jornaldasoficinas.com\/pt\/wp-content\/uploads\/2024\/10\/CEMA-Baterias-representa-mercado-iberico-em-evento-da-Trojan-150x85.jpeg 150w, https:\/\/jornaldasoficinas.com\/pt\/wp-content\/uploads\/2024\/10\/CEMA-Baterias-representa-mercado-iberico-em-evento-da-Trojan-768x436.jpeg 768w\" sizes=\"auto, (max-width: 1024px) 100vw, 1024px\" \/><\/strong><\/p>\n<p><strong>A <a href=\"https:\/\/www.cemabaterias.com\/\" target=\"_blank\" rel=\"noopener\">CEMA Baterias<\/a>, representou Espanha e Portugal durante a Conven\u00e7\u00e3o Europeia de Distribuidores <a href=\"https:\/\/www.trojanbattery.com\/\">Trojan Master<\/a>, na Calif\u00f3rnia, Estados Unidos, onde foram debatidos novos planos de a\u00e7\u00e3o no mercado\u00a0<\/strong><\/p>\n<p>O evento, que decorreu esta semana, reuniu os principais Distribuidores Master do continente europeu para abordar novas quest\u00f5es sobre baterias Trojan, a sua tecnologia adaptada e principais caracter\u00edsticas das baterias para aplica\u00e7\u00f5es como plataformas elevat\u00f3rias, ve\u00edculos recreativos, energia solar, m\u00e1quinas de lavagem, entre outros.<\/p>\n<p>Na mesma linha, foram abordadas novas estrat\u00e9gias para que, cada vez mais, os clientes dois pa\u00edses, possam obter o m\u00e1ximo proveito da qualidade das baterias Trojan. Para al\u00e9m dos planos nacionais e da import\u00e2ncia do interc\u00e2mbio de boas pr\u00e1ticas para forjar um plano europeu, os objetivos foram unificados para trazer um enfoque renovado e responder \u00e0s necessidades do mercado espanhol e portugu\u00eas.<\/p>\n<p>&#8220;Estamos muito orgulhosos por representar Espanha e Portugal neste evento internacional&#8221;, afirmou Rafa Fern\u00e1ndez, CEO da CEMA Batteries.<\/p>\n<p>A empresa grossista de baterias agradeceu a Robert Pigott, Will Scotson, Morgan O&#8217; Sullivan e a toda a equipa da Trojan pela hospitalidade e apoio incondicional \u00e0s baterias CEMA.<\/p>\n<p>&nbsp;<\/p>\n<p>&nbsp;<\/p>\n<p>&nbsp;<\/p>\n","protected":false},"excerpt":{"rendered":"<p>A CEMA Baterias, representou Espanha e&#8230;<\/p>\n","protected":false},"author":15,"featured_media":92781,"comment_status":"closed","ping_status":"closed","sticky":false,"template":"","format":"standard","meta":{"footnotes":""},"categories":[29],"tags":[6745,512,3834,6606,4716,2975,10962],"class_list":["post-92778","post","type-post","status-publish","format-standard","has-post-thumbnail","hentry","category-empresas","tag-avancos-tecnologicos","tag-baterias","tag-cema-baterias","tag-convencao","tag-evento","tag-mercado-iberico","tag-trojan-master"],"yoast_head":"<!-- This site is optimized with the Yoast SEO plugin v27.5 - https:\/\/yoast.com\/product\/yoast-seo-wordpress\/ -->\n<title>CEMA Baterias representa mercado ib\u00e9rico em evento da Trojan - Jornal das Oficinas<\/title>\n<meta name=\"description\" content=\"A CEMA Baterias esteve presente na Conven\u00e7\u00e3o Europeia de Distribuidores Trojan Master, onde foram debatidos novos planos de a\u00e7\u00e3o no mercado\u00a0\" \/>\n<meta name=\"robots\" content=\"index, follow, max-snippet:-1, max-image-preview:large, max-video-preview:-1\" \/>\n<link rel=\"canonical\" href=\"https:\/\/jornaldasoficinas.com\/pt\/cema-baterias-representa-mercado-iberico-em-evento-da-trojan\/\" \/>\n<meta property=\"og:locale\" content=\"pt_PT\" \/>\n<meta property=\"og:type\" content=\"article\" \/>\n<meta property=\"og:title\" content=\"CEMA Baterias representa mercado ib\u00e9rico em evento da Trojan - Jornal das Oficinas\" \/>\n<meta property=\"og:description\" content=\"A CEMA Baterias esteve presente na Conven\u00e7\u00e3o Europeia de Distribuidores Trojan Master, onde foram debatidos novos planos de a\u00e7\u00e3o no mercado\u00a0\" \/>\n<meta property=\"og:url\" content=\"https:\/\/jornaldasoficinas.com\/pt\/cema-baterias-representa-mercado-iberico-em-evento-da-trojan\/\" \/>\n<meta property=\"og:site_name\" content=\"Jornal das Oficinas\" \/>\n<meta property=\"article:publisher\" content=\"https:\/\/www.facebook.com\/jornaloficinas\" \/>\n<meta property=\"article:published_time\" content=\"2024-10-21T17:00:07+00:00\" \/>\n<meta property=\"og:image\" content=\"https:\/\/jornaldasoficinas.com\/pt\/wp-content\/uploads\/2024\/10\/CEMA-Baterias-representa-mercado-iberico-em-evento-da-Trojan.jpeg\" \/>\n\t<meta property=\"og:image:width\" content=\"1024\" \/>\n\t<meta property=\"og:image:height\" content=\"581\" \/>\n\t<meta property=\"og:image:type\" content=\"image\/jpeg\" \/>\n<meta name=\"author\" content=\"Reda\u00e7\u00e3o JO\" \/>\n<meta name=\"twitter:card\" content=\"summary_large_image\" \/>\n<meta name=\"twitter:creator\" content=\"@jornaloficinas\" \/>\n<meta name=\"twitter:site\" content=\"@jornaloficinas\" \/>\n<meta name=\"twitter:label1\" content=\"Escrito por\" \/>\n\t<meta name=\"twitter:data1\" content=\"Reda\u00e7\u00e3o JO\" \/>\n\t<meta name=\"twitter:label2\" content=\"Tempo estimado de leitura\" \/>\n\t<meta name=\"twitter:data2\" content=\"2 minutos\" \/>\n<script type=\"application\/ld+json\" class=\"yoast-schema-graph\">{\"@context\":\"https:\\\/\\\/schema.org\",\"@graph\":[{\"@type\":\"Article\",\"@id\":\"https:\\\/\\\/jornaldasoficinas.com\\\/pt\\\/cema-baterias-representa-mercado-iberico-em-evento-da-trojan\\\/#article\",\"isPartOf\":{\"@id\":\"https:\\\/\\\/jornaldasoficinas.com\\\/pt\\\/cema-baterias-representa-mercado-iberico-em-evento-da-trojan\\\/\"},\"author\":{\"name\":\"Reda\u00e7\u00e3o JO\",\"@id\":\"https:\\\/\\\/jornaldasoficinas.com\\\/pt\\\/#\\\/schema\\\/person\\\/a38eef5de2c41d9e7c9ac10141afddf3\"},\"headline\":\"CEMA Baterias representa mercado ib\u00e9rico em evento da Trojan\",\"datePublished\":\"2024-10-21T17:00:07+00:00\",\"mainEntityOfPage\":{\"@id\":\"https:\\\/\\\/jornaldasoficinas.com\\\/pt\\\/cema-baterias-representa-mercado-iberico-em-evento-da-trojan\\\/\"},\"wordCount\":212,\"publisher\":{\"@id\":\"https:\\\/\\\/jornaldasoficinas.com\\\/pt\\\/#organization\"},\"image\":{\"@id\":\"https:\\\/\\\/jornaldasoficinas.com\\\/pt\\\/cema-baterias-representa-mercado-iberico-em-evento-da-trojan\\\/#primaryimage\"},\"thumbnailUrl\":\"https:\\\/\\\/jornaldasoficinas.com\\\/pt\\\/wp-content\\\/uploads\\\/2024\\\/10\\\/CEMA-Baterias-representa-mercado-iberico-em-evento-da-Trojan.jpeg\",\"keywords\":[\"avan\u00e7os tecnol\u00f3gicos\",\"Baterias\",\"CEMA Baterias\",\"Conven\u00e7\u00e3o\",\"Evento\",\"mercado iberico\",\"Trojan Master\"],\"articleSection\":[\"Empresas\"],\"inLanguage\":\"pt-PT\"},{\"@type\":\"WebPage\",\"@id\":\"https:\\\/\\\/jornaldasoficinas.com\\\/pt\\\/cema-baterias-representa-mercado-iberico-em-evento-da-trojan\\\/\",\"url\":\"https:\\\/\\\/jornaldasoficinas.com\\\/pt\\\/cema-baterias-representa-mercado-iberico-em-evento-da-trojan\\\/\",\"name\":\"CEMA Baterias representa mercado ib\u00e9rico em evento da Trojan - Jornal das Oficinas\",\"isPartOf\":{\"@id\":\"https:\\\/\\\/jornaldasoficinas.com\\\/pt\\\/#website\"},\"primaryImageOfPage\":{\"@id\":\"https:\\\/\\\/jornaldasoficinas.com\\\/pt\\\/cema-baterias-representa-mercado-iberico-em-evento-da-trojan\\\/#primaryimage\"},\"image\":{\"@id\":\"https:\\\/\\\/jornaldasoficinas.com\\\/pt\\\/cema-baterias-representa-mercado-iberico-em-evento-da-trojan\\\/#primaryimage\"},\"thumbnailUrl\":\"https:\\\/\\\/jornaldasoficinas.com\\\/pt\\\/wp-content\\\/uploads\\\/2024\\\/10\\\/CEMA-Baterias-representa-mercado-iberico-em-evento-da-Trojan.jpeg\",\"datePublished\":\"2024-10-21T17:00:07+00:00\",\"description\":\"A CEMA Baterias esteve presente na Conven\u00e7\u00e3o Europeia de Distribuidores Trojan Master, onde foram debatidos novos planos de a\u00e7\u00e3o no mercado\u00a0\",\"breadcrumb\":{\"@id\":\"https:\\\/\\\/jornaldasoficinas.com\\\/pt\\\/cema-baterias-representa-mercado-iberico-em-evento-da-trojan\\\/#breadcrumb\"},\"inLanguage\":\"pt-PT\",\"potentialAction\":[{\"@type\":\"ReadAction\",\"target\":[\"https:\\\/\\\/jornaldasoficinas.com\\\/pt\\\/cema-baterias-representa-mercado-iberico-em-evento-da-trojan\\\/\"]}]},{\"@type\":\"ImageObject\",\"inLanguage\":\"pt-PT\",\"@id\":\"https:\\\/\\\/jornaldasoficinas.com\\\/pt\\\/cema-baterias-representa-mercado-iberico-em-evento-da-trojan\\\/#primaryimage\",\"url\":\"https:\\\/\\\/jornaldasoficinas.com\\\/pt\\\/wp-content\\\/uploads\\\/2024\\\/10\\\/CEMA-Baterias-representa-mercado-iberico-em-evento-da-Trojan.jpeg\",\"contentUrl\":\"https:\\\/\\\/jornaldasoficinas.com\\\/pt\\\/wp-content\\\/uploads\\\/2024\\\/10\\\/CEMA-Baterias-representa-mercado-iberico-em-evento-da-Trojan.jpeg\",\"width\":1024,\"height\":581,\"caption\":\"10 - CEMA Baterias representa mercado iberico em evento da Trojan\"},{\"@type\":\"BreadcrumbList\",\"@id\":\"https:\\\/\\\/jornaldasoficinas.com\\\/pt\\\/cema-baterias-representa-mercado-iberico-em-evento-da-trojan\\\/#breadcrumb\",\"itemListElement\":[{\"@type\":\"ListItem\",\"position\":1,\"name\":\"In\u00edcio\",\"item\":\"https:\\\/\\\/jornaldasoficinas.com\\\/pt\\\/\"},{\"@type\":\"ListItem\",\"position\":2,\"name\":\"CEMA Baterias representa mercado ib\u00e9rico em evento da Trojan\"}]},{\"@type\":\"WebSite\",\"@id\":\"https:\\\/\\\/jornaldasoficinas.com\\\/pt\\\/#website\",\"url\":\"https:\\\/\\\/jornaldasoficinas.com\\\/pt\\\/\",\"name\":\"Jornal das Oficinas\",\"description\":\"Jornal independente do Aftermarket Autom\u00f3vel em Portugal\",\"publisher\":{\"@id\":\"https:\\\/\\\/jornaldasoficinas.com\\\/pt\\\/#organization\"},\"potentialAction\":[{\"@type\":\"SearchAction\",\"target\":{\"@type\":\"EntryPoint\",\"urlTemplate\":\"https:\\\/\\\/jornaldasoficinas.com\\\/pt\\\/?s={search_term_string}\"},\"query-input\":{\"@type\":\"PropertyValueSpecification\",\"valueRequired\":true,\"valueName\":\"search_term_string\"}}],\"inLanguage\":\"pt-PT\"},{\"@type\":\"Organization\",\"@id\":\"https:\\\/\\\/jornaldasoficinas.com\\\/pt\\\/#organization\",\"name\":\"Jornal das Oficinas\",\"url\":\"https:\\\/\\\/jornaldasoficinas.com\\\/pt\\\/\",\"logo\":{\"@type\":\"ImageObject\",\"inLanguage\":\"pt-PT\",\"@id\":\"https:\\\/\\\/jornaldasoficinas.com\\\/pt\\\/#\\\/schema\\\/logo\\\/image\\\/\",\"url\":\"https:\\\/\\\/jornaldasoficinas.com\\\/pt\\\/wp-content\\\/uploads\\\/logoJO-SEO.png\",\"contentUrl\":\"https:\\\/\\\/jornaldasoficinas.com\\\/pt\\\/wp-content\\\/uploads\\\/logoJO-SEO.png\",\"width\":285,\"height\":450,\"caption\":\"Jornal das Oficinas\"},\"image\":{\"@id\":\"https:\\\/\\\/jornaldasoficinas.com\\\/pt\\\/#\\\/schema\\\/logo\\\/image\\\/\"},\"sameAs\":[\"https:\\\/\\\/www.facebook.com\\\/jornaloficinas\",\"https:\\\/\\\/x.com\\\/jornaloficinas\",\"https:\\\/\\\/www.instagram.com\\\/jornal_oficinas\\\/\",\"https:\\\/\\\/www.linkedin.com\\\/company\\\/jornal-das-oficinas\\\/\",\"https:\\\/\\\/www.youtube.com\\\/channel\\\/UCbQZBqtcvV-oSQrr7RzINGg\"]},{\"@type\":\"Person\",\"@id\":\"https:\\\/\\\/jornaldasoficinas.com\\\/pt\\\/#\\\/schema\\\/person\\\/a38eef5de2c41d9e7c9ac10141afddf3\",\"name\":\"Reda\u00e7\u00e3o JO\",\"image\":{\"@type\":\"ImageObject\",\"inLanguage\":\"pt-PT\",\"@id\":\"https:\\\/\\\/secure.gravatar.com\\\/avatar\\\/71f2fa71737ad68a84fea94bc708ddac8ea5b0c4788dc2ad202f3ccb2887742f?s=96&d=wp_user_avatar&r=g\",\"url\":\"https:\\\/\\\/secure.gravatar.com\\\/avatar\\\/71f2fa71737ad68a84fea94bc708ddac8ea5b0c4788dc2ad202f3ccb2887742f?s=96&d=wp_user_avatar&r=g\",\"contentUrl\":\"https:\\\/\\\/secure.gravatar.com\\\/avatar\\\/71f2fa71737ad68a84fea94bc708ddac8ea5b0c4788dc2ad202f3ccb2887742f?s=96&d=wp_user_avatar&r=g\",\"caption\":\"Reda\u00e7\u00e3o JO\"},\"url\":\"https:\\\/\\\/jornaldasoficinas.com\\\/pt\\\/author\\\/joredacao\\\/\"}]}<\/script>\n<!-- \/ Yoast SEO plugin. -->","yoast_head_json":{"title":"CEMA Baterias representa mercado ib\u00e9rico em evento da Trojan - Jornal das Oficinas","description":"A CEMA Baterias esteve presente na Conven\u00e7\u00e3o Europeia de Distribuidores Trojan Master, onde foram debatidos novos planos de a\u00e7\u00e3o no mercado\u00a0","robots":{"index":"index","follow":"follow","max-snippet":"max-snippet:-1","max-image-preview":"max-image-preview:large","max-video-preview":"max-video-preview:-1"},"canonical":"https:\/\/jornaldasoficinas.com\/pt\/cema-baterias-representa-mercado-iberico-em-evento-da-trojan\/","og_locale":"pt_PT","og_type":"article","og_title":"CEMA Baterias representa mercado ib\u00e9rico em evento da Trojan - Jornal das Oficinas","og_description":"A CEMA Baterias esteve presente na Conven\u00e7\u00e3o Europeia de Distribuidores Trojan Master, onde foram debatidos novos planos de a\u00e7\u00e3o no mercado\u00a0","og_url":"https:\/\/jornaldasoficinas.com\/pt\/cema-baterias-representa-mercado-iberico-em-evento-da-trojan\/","og_site_name":"Jornal das Oficinas","article_publisher":"https:\/\/www.facebook.com\/jornaloficinas","article_published_time":"2024-10-21T17:00:07+00:00","og_image":[{"width":1024,"height":581,"url":"https:\/\/jornaldasoficinas.com\/pt\/wp-content\/uploads\/2024\/10\/CEMA-Baterias-representa-mercado-iberico-em-evento-da-Trojan.jpeg","type":"image\/jpeg"}],"author":"Reda\u00e7\u00e3o JO","twitter_card":"summary_large_image","twitter_creator":"@jornaloficinas","twitter_site":"@jornaloficinas","twitter_misc":{"Escrito por":"Reda\u00e7\u00e3o JO","Tempo estimado de leitura":"2 minutos"},"schema":{"@context":"https:\/\/schema.org","@graph":[{"@type":"Article","@id":"https:\/\/jornaldasoficinas.com\/pt\/cema-baterias-representa-mercado-iberico-em-evento-da-trojan\/#article","isPartOf":{"@id":"https:\/\/jornaldasoficinas.com\/pt\/cema-baterias-representa-mercado-iberico-em-evento-da-trojan\/"},"author":{"name":"Reda\u00e7\u00e3o JO","@id":"https:\/\/jornaldasoficinas.com\/pt\/#\/schema\/person\/a38eef5de2c41d9e7c9ac10141afddf3"},"headline":"CEMA Baterias representa mercado ib\u00e9rico em evento da Trojan","datePublished":"2024-10-21T17:00:07+00:00","mainEntityOfPage":{"@id":"https:\/\/jornaldasoficinas.com\/pt\/cema-baterias-representa-mercado-iberico-em-evento-da-trojan\/"},"wordCount":212,"publisher":{"@id":"https:\/\/jornaldasoficinas.com\/pt\/#organization"},"image":{"@id":"https:\/\/jornaldasoficinas.com\/pt\/cema-baterias-representa-mercado-iberico-em-evento-da-trojan\/#primaryimage"},"thumbnailUrl":"https:\/\/jornaldasoficinas.com\/pt\/wp-content\/uploads\/2024\/10\/CEMA-Baterias-representa-mercado-iberico-em-evento-da-Trojan.jpeg","keywords":["avan\u00e7os tecnol\u00f3gicos","Baterias","CEMA Baterias","Conven\u00e7\u00e3o","Evento","mercado iberico","Trojan Master"],"articleSection":["Empresas"],"inLanguage":"pt-PT"},{"@type":"WebPage","@id":"https:\/\/jornaldasoficinas.com\/pt\/cema-baterias-representa-mercado-iberico-em-evento-da-trojan\/","url":"https:\/\/jornaldasoficinas.com\/pt\/cema-baterias-representa-mercado-iberico-em-evento-da-trojan\/","name":"CEMA Baterias representa mercado ib\u00e9rico em evento da Trojan - Jornal das Oficinas","isPartOf":{"@id":"https:\/\/jornaldasoficinas.com\/pt\/#website"},"primaryImageOfPage":{"@id":"https:\/\/jornaldasoficinas.com\/pt\/cema-baterias-representa-mercado-iberico-em-evento-da-trojan\/#primaryimage"},"image":{"@id":"https:\/\/jornaldasoficinas.com\/pt\/cema-baterias-representa-mercado-iberico-em-evento-da-trojan\/#primaryimage"},"thumbnailUrl":"https:\/\/jornaldasoficinas.com\/pt\/wp-content\/uploads\/2024\/10\/CEMA-Baterias-representa-mercado-iberico-em-evento-da-Trojan.jpeg","datePublished":"2024-10-21T17:00:07+00:00","description":"A CEMA Baterias esteve presente na Conven\u00e7\u00e3o Europeia de Distribuidores Trojan Master, onde foram debatidos novos planos de a\u00e7\u00e3o no mercado\u00a0","breadcrumb":{"@id":"https:\/\/jornaldasoficinas.com\/pt\/cema-baterias-representa-mercado-iberico-em-evento-da-trojan\/#breadcrumb"},"inLanguage":"pt-PT","potentialAction":[{"@type":"ReadAction","target":["https:\/\/jornaldasoficinas.com\/pt\/cema-baterias-representa-mercado-iberico-em-evento-da-trojan\/"]}]},{"@type":"ImageObject","inLanguage":"pt-PT","@id":"https:\/\/jornaldasoficinas.com\/pt\/cema-baterias-representa-mercado-iberico-em-evento-da-trojan\/#primaryimage","url":"https:\/\/jornaldasoficinas.com\/pt\/wp-content\/uploads\/2024\/10\/CEMA-Baterias-representa-mercado-iberico-em-evento-da-Trojan.jpeg","contentUrl":"https:\/\/jornaldasoficinas.com\/pt\/wp-content\/uploads\/2024\/10\/CEMA-Baterias-representa-mercado-iberico-em-evento-da-Trojan.jpeg","width":1024,"height":581,"caption":"10 - CEMA Baterias representa mercado iberico em evento da Trojan"},{"@type":"BreadcrumbList","@id":"https:\/\/jornaldasoficinas.com\/pt\/cema-baterias-representa-mercado-iberico-em-evento-da-trojan\/#breadcrumb","itemListElement":[{"@type":"ListItem","position":1,"name":"In\u00edcio","item":"https:\/\/jornaldasoficinas.com\/pt\/"},{"@type":"ListItem","position":2,"name":"CEMA Baterias representa mercado ib\u00e9rico em evento da Trojan"}]},{"@type":"WebSite","@id":"https:\/\/jornaldasoficinas.com\/pt\/#website","url":"https:\/\/jornaldasoficinas.com\/pt\/","name":"Jornal das Oficinas","description":"Jornal independente do Aftermarket Autom\u00f3vel em Portugal","publisher":{"@id":"https:\/\/jornaldasoficinas.com\/pt\/#organization"},"potentialAction":[{"@type":"SearchAction","target":{"@type":"EntryPoint","urlTemplate":"https:\/\/jornaldasoficinas.com\/pt\/?s={search_term_string}"},"query-input":{"@type":"PropertyValueSpecification","valueRequired":true,"valueName":"search_term_string"}}],"inLanguage":"pt-PT"},{"@type":"Organization","@id":"https:\/\/jornaldasoficinas.com\/pt\/#organization","name":"Jornal das Oficinas","url":"https:\/\/jornaldasoficinas.com\/pt\/","logo":{"@type":"ImageObject","inLanguage":"pt-PT","@id":"https:\/\/jornaldasoficinas.com\/pt\/#\/schema\/logo\/image\/","url":"https:\/\/jornaldasoficinas.com\/pt\/wp-content\/uploads\/logoJO-SEO.png","contentUrl":"https:\/\/jornaldasoficinas.com\/pt\/wp-content\/uploads\/logoJO-SEO.png","width":285,"height":450,"caption":"Jornal das Oficinas"},"image":{"@id":"https:\/\/jornaldasoficinas.com\/pt\/#\/schema\/logo\/image\/"},"sameAs":["https:\/\/www.facebook.com\/jornaloficinas","https:\/\/x.com\/jornaloficinas","https:\/\/www.instagram.com\/jornal_oficinas\/","https:\/\/www.linkedin.com\/company\/jornal-das-oficinas\/","https:\/\/www.youtube.com\/channel\/UCbQZBqtcvV-oSQrr7RzINGg"]},{"@type":"Person","@id":"https:\/\/jornaldasoficinas.com\/pt\/#\/schema\/person\/a38eef5de2c41d9e7c9ac10141afddf3","name":"Reda\u00e7\u00e3o JO","image":{"@type":"ImageObject","inLanguage":"pt-PT","@id":"https:\/\/secure.gravatar.com\/avatar\/71f2fa71737ad68a84fea94bc708ddac8ea5b0c4788dc2ad202f3ccb2887742f?s=96&d=wp_user_avatar&r=g","url":"https:\/\/secure.gravatar.com\/avatar\/71f2fa71737ad68a84fea94bc708ddac8ea5b0c4788dc2ad202f3ccb2887742f?s=96&d=wp_user_avatar&r=g","contentUrl":"https:\/\/secure.gravatar.com\/avatar\/71f2fa71737ad68a84fea94bc708ddac8ea5b0c4788dc2ad202f3ccb2887742f?s=96&d=wp_user_avatar&r=g","caption":"Reda\u00e7\u00e3o JO"},"url":"https:\/\/jornaldasoficinas.com\/pt\/author\/joredacao\/"}]}},"_links":{"self":[{"href":"https:\/\/jornaldasoficinas.com\/pt\/wp-json\/wp\/v2\/posts\/92778","targetHints":{"allow":["GET"]}}],"collection":[{"href":"https:\/\/jornaldasoficinas.com\/pt\/wp-json\/wp\/v2\/posts"}],"about":[{"href":"https:\/\/jornaldasoficinas.com\/pt\/wp-json\/wp\/v2\/types\/post"}],"author":[{"embeddable":true,"href":"https:\/\/jornaldasoficinas.com\/pt\/wp-json\/wp\/v2\/users\/15"}],"replies":[{"embeddable":true,"href":"https:\/\/jornaldasoficinas.com\/pt\/wp-json\/wp\/v2\/comments?post=92778"}],"version-history":[{"count":0,"href":"https:\/\/jornaldasoficinas.com\/pt\/wp-json\/wp\/v2\/posts\/92778\/revisions"}],"wp:featuredmedia":[{"embeddable":true,"href":"https:\/\/jornaldasoficinas.com\/pt\/wp-json\/wp\/v2\/media\/92781"}],"wp:attachment":[{"href":"https:\/\/jornaldasoficinas.com\/pt\/wp-json\/wp\/v2\/media?parent=92778"}],"wp:term":[{"taxonomy":"category","embeddable":true,"href":"https:\/\/jornaldasoficinas.com\/pt\/wp-json\/wp\/v2\/categories?post=92778"},{"taxonomy":"post_tag","embeddable":true,"href":"https:\/\/jornaldasoficinas.com\/pt\/wp-json\/wp\/v2\/tags?post=92778"}],"curies":[{"name":"wp","href":"https:\/\/api.w.org\/{rel}","templated":true}]}}