{"id":92877,"date":"2024-10-23T14:00:46","date_gmt":"2024-10-23T13:00:46","guid":{"rendered":"https:\/\/jornaldasoficinas.com\/pt\/?p=92877"},"modified":"2024-10-21T18:55:11","modified_gmt":"2024-10-21T17:55:11","slug":"nors-une-todas-as-empresas-numa-unica-marca-global","status":"publish","type":"post","link":"https:\/\/jornaldasoficinas.com\/pt\/nors-une-todas-as-empresas-numa-unica-marca-global\/","title":{"rendered":"Nors une todas as empresas numa \u00fanica marca global"},"content":{"rendered":"<p><strong><img loading=\"lazy\" decoding=\"async\" class=\"alignnone size-full wp-image-92882\" src=\"https:\/\/jornaldasoficinas.com\/pt\/wp-content\/uploads\/2024\/10\/Nors-une-todas-as-empresas-numa-unica-marca-global.jpg\" alt=\"10 - Nors une todas as empresas numa unica marca global\" width=\"1024\" height=\"581\" srcset=\"https:\/\/jornaldasoficinas.com\/pt\/wp-content\/uploads\/2024\/10\/Nors-une-todas-as-empresas-numa-unica-marca-global.jpg 1024w, https:\/\/jornaldasoficinas.com\/pt\/wp-content\/uploads\/2024\/10\/Nors-une-todas-as-empresas-numa-unica-marca-global-300x170.jpg 300w, https:\/\/jornaldasoficinas.com\/pt\/wp-content\/uploads\/2024\/10\/Nors-une-todas-as-empresas-numa-unica-marca-global-150x85.jpg 150w, https:\/\/jornaldasoficinas.com\/pt\/wp-content\/uploads\/2024\/10\/Nors-une-todas-as-empresas-numa-unica-marca-global-768x436.jpg 768w\" sizes=\"auto, (max-width: 1024px) 100vw, 1024px\" \/><\/strong><\/p>\n<p><strong>A marca<a href=\"https:\/\/www.nors.com\" target=\"_blank\" rel=\"noopener\"> Nors<\/a> vai ganhar uma nova dimens\u00e3o comercial \u2013 \u00fanica, transversal e global \u2013 que ir\u00e1 substituir as 17 marcas de todas as empresas do Grupo Nors nos sete pa\u00edses localizados em tr\u00eas continentes<\/strong><\/p>\n<p>&#8220;Movidos pelo progresso, e assente no legado de mais de 90 anos, a Nors, atrav\u00e9s da nova estrat\u00e9gia de marca, adapta-se \u00e0s necessidades do mercado e transforma-se para elevar a vida e os neg\u00f3cios atrav\u00e9s de servi\u00e7os e equipamentos de refer\u00eancia&#8221;, come\u00e7ou por avan\u00e7ar a empresa.<\/p>\n<p>Num evento de lan\u00e7amento feito a partir do Porto e transmitido para os cerca de 3000 colaboradores, a Nors revelou a sua nova estrat\u00e9gia de marca que tem como prop\u00f3sito &#8220;melhorar a vida e os nego\u0301cios atrave\u0301s de um servic\u0327o e equipamentos de refere\u0302ncia. Criando valor conti\u0301nuo para todos&#8221;, suportada por valores como o Legado, Humanismo, Ambi\u00e7\u00e3o, Dilig\u00eancia e Integridade.<\/p>\n<p>A marca Nors substituir\u00e1 as marcas Auto Sueco Portugal, Galius, Civiparts, AS Parts, Onedrive, Nors Centro Oeste, Agrofito, Agronew, Auto Maquinaria, Auto Sueco S\u00e3o Paulo, Kinlai, Auto Sueco Angola, Auto Sueco Botswana, Auto Sueco Mo\u00e7ambique, Auto Sueco Nam\u00edbia, GreatWest, StrongCo e ficar\u00e1 organizada em cinco segmentos de neg\u00f3cio: &#8220;Trucks and Buses&#8221;, &#8220;Construction Equipment&#8221;, &#8220;Agro&#8221;, &#8220;Aftermarket&#8221; e &#8220;Ventures&#8221;.<\/p>\n<p>&#8220;Esta nova estrat\u00e9gia e arquitetura de marca ir\u00e1 potenciar globalmente a oferta diferenciada da Nors, que juntamente com as principais marcas representadas dos setores em que atua, acrescentar\u00e1 servi\u00e7o de qualidade, conhecimento t\u00e9cnico e capilaridade&#8221;, referiu.<\/p>\n<p>Tom\u00e1s Jervell, CEO do Grupo Nors, explicou que &#8220;a marca Nors personifica o que temos sido h\u00e1 mais de 90 anos e a nossa, ainda, maior ambi\u00e7\u00e3o de ser reconhecidos pelo nosso servi\u00e7o e equipas de qualidade excecional, potenciando o crescimento futuro em todas as geografias em que estamos presentes. Esta marca ser\u00e1 mais forte, mais pr\u00f3xima e sustent\u00e1vel, preparada para o futuro e para as transforma\u00e7\u00f5es globais que a Nors j\u00e1 est\u00e1 a acompanhar&#8221;.<\/p>\n<p>&#8220;A marca Nors existe j\u00e1 desde 2013 numa dimens\u00e3o institucional. A partir de hoje, a nova dimens\u00e3o da Nors na sua vertente comercial enquadra-se num processo de evolu\u00e7\u00e3o e crescimento, onde se destaca a expans\u00e3o internacional&#8221;, refor\u00e7ou.<\/p>\n<p>A arquitetura da marca e o desenvolvimento da identidade ficou ao cargo da ag\u00eancia Born Portugal, enquanto a estrat\u00e9gia de lan\u00e7amento e de comunica\u00e7\u00e3o da marca, bem como a sua implementa\u00e7\u00e3o, foram feitas em parceria com a Havas.<\/p>\n","protected":false},"excerpt":{"rendered":"<p>A marca Nors vai ganhar uma&#8230;<\/p>\n","protected":false},"author":15,"featured_media":92882,"comment_status":"closed","ping_status":"closed","sticky":false,"template":"","format":"standard","meta":{"footnotes":""},"categories":[29],"tags":[10981,10982,1309,10980,3123,10983],"class_list":["post-92877","post","type-post","status-publish","format-standard","has-post-thumbnail","hentry","category-empresas","tag-fusao","tag-marca-global","tag-nors","tag-nova-dimensao-comercial","tag-nova-estrategia","tag-segmentos-de-negocio"],"yoast_head":"<!-- This site is optimized with the Yoast SEO plugin v27.5 - https:\/\/yoast.com\/product\/yoast-seo-wordpress\/ -->\n<title>Nors une todas as empresas numa \u00fanica marca global - Jornal das Oficinas<\/title>\n<meta name=\"description\" content=\"A Nors vai ganhar uma nova dimens\u00e3o comercial \u2013 \u00fanica, transversal e global \u2013 que ir\u00e1 substituir as 17 marcas de todas as empresas do Grupo\" \/>\n<meta name=\"robots\" content=\"index, follow, max-snippet:-1, max-image-preview:large, max-video-preview:-1\" \/>\n<link rel=\"canonical\" href=\"https:\/\/jornaldasoficinas.com\/pt\/nors-une-todas-as-empresas-numa-unica-marca-global\/\" \/>\n<meta property=\"og:locale\" content=\"pt_PT\" \/>\n<meta property=\"og:type\" content=\"article\" \/>\n<meta property=\"og:title\" content=\"Nors une todas as empresas numa \u00fanica marca global - Jornal das Oficinas\" \/>\n<meta property=\"og:description\" content=\"A Nors vai ganhar uma nova dimens\u00e3o comercial \u2013 \u00fanica, transversal e global \u2013 que ir\u00e1 substituir as 17 marcas de todas as empresas do Grupo\" \/>\n<meta property=\"og:url\" content=\"https:\/\/jornaldasoficinas.com\/pt\/nors-une-todas-as-empresas-numa-unica-marca-global\/\" \/>\n<meta property=\"og:site_name\" content=\"Jornal das Oficinas\" \/>\n<meta property=\"article:publisher\" content=\"https:\/\/www.facebook.com\/jornaloficinas\" \/>\n<meta property=\"article:published_time\" content=\"2024-10-23T13:00:46+00:00\" \/>\n<meta property=\"og:image\" content=\"https:\/\/jornaldasoficinas.com\/pt\/wp-content\/uploads\/2024\/10\/Nors-une-todas-as-empresas-numa-unica-marca-global.jpg\" \/>\n\t<meta property=\"og:image:width\" content=\"1024\" \/>\n\t<meta property=\"og:image:height\" content=\"581\" \/>\n\t<meta property=\"og:image:type\" content=\"image\/jpeg\" \/>\n<meta name=\"author\" content=\"Reda\u00e7\u00e3o JO\" \/>\n<meta name=\"twitter:card\" content=\"summary_large_image\" \/>\n<meta name=\"twitter:creator\" content=\"@jornaloficinas\" \/>\n<meta name=\"twitter:site\" content=\"@jornaloficinas\" \/>\n<meta name=\"twitter:label1\" content=\"Escrito por\" \/>\n\t<meta name=\"twitter:data1\" content=\"Reda\u00e7\u00e3o JO\" \/>\n\t<meta name=\"twitter:label2\" content=\"Tempo estimado de leitura\" \/>\n\t<meta name=\"twitter:data2\" content=\"3 minutos\" \/>\n<script type=\"application\/ld+json\" class=\"yoast-schema-graph\">{\"@context\":\"https:\\\/\\\/schema.org\",\"@graph\":[{\"@type\":\"Article\",\"@id\":\"https:\\\/\\\/jornaldasoficinas.com\\\/pt\\\/nors-une-todas-as-empresas-numa-unica-marca-global\\\/#article\",\"isPartOf\":{\"@id\":\"https:\\\/\\\/jornaldasoficinas.com\\\/pt\\\/nors-une-todas-as-empresas-numa-unica-marca-global\\\/\"},\"author\":{\"name\":\"Reda\u00e7\u00e3o JO\",\"@id\":\"https:\\\/\\\/jornaldasoficinas.com\\\/pt\\\/#\\\/schema\\\/person\\\/a38eef5de2c41d9e7c9ac10141afddf3\"},\"headline\":\"Nors une todas as empresas numa \u00fanica marca global\",\"datePublished\":\"2024-10-23T13:00:46+00:00\",\"mainEntityOfPage\":{\"@id\":\"https:\\\/\\\/jornaldasoficinas.com\\\/pt\\\/nors-une-todas-as-empresas-numa-unica-marca-global\\\/\"},\"wordCount\":430,\"publisher\":{\"@id\":\"https:\\\/\\\/jornaldasoficinas.com\\\/pt\\\/#organization\"},\"image\":{\"@id\":\"https:\\\/\\\/jornaldasoficinas.com\\\/pt\\\/nors-une-todas-as-empresas-numa-unica-marca-global\\\/#primaryimage\"},\"thumbnailUrl\":\"https:\\\/\\\/jornaldasoficinas.com\\\/pt\\\/wp-content\\\/uploads\\\/2024\\\/10\\\/Nors-une-todas-as-empresas-numa-unica-marca-global.jpg\",\"keywords\":[\"fus\u00e3o\",\"marca global\",\"Nors\",\"nova dimens\u00e3o comercial\",\"nova estrat\u00e9gia\",\"segmentos de neg\u00f3cio\"],\"articleSection\":[\"Empresas\"],\"inLanguage\":\"pt-PT\"},{\"@type\":\"WebPage\",\"@id\":\"https:\\\/\\\/jornaldasoficinas.com\\\/pt\\\/nors-une-todas-as-empresas-numa-unica-marca-global\\\/\",\"url\":\"https:\\\/\\\/jornaldasoficinas.com\\\/pt\\\/nors-une-todas-as-empresas-numa-unica-marca-global\\\/\",\"name\":\"Nors une todas as empresas numa \u00fanica marca global - Jornal das Oficinas\",\"isPartOf\":{\"@id\":\"https:\\\/\\\/jornaldasoficinas.com\\\/pt\\\/#website\"},\"primaryImageOfPage\":{\"@id\":\"https:\\\/\\\/jornaldasoficinas.com\\\/pt\\\/nors-une-todas-as-empresas-numa-unica-marca-global\\\/#primaryimage\"},\"image\":{\"@id\":\"https:\\\/\\\/jornaldasoficinas.com\\\/pt\\\/nors-une-todas-as-empresas-numa-unica-marca-global\\\/#primaryimage\"},\"thumbnailUrl\":\"https:\\\/\\\/jornaldasoficinas.com\\\/pt\\\/wp-content\\\/uploads\\\/2024\\\/10\\\/Nors-une-todas-as-empresas-numa-unica-marca-global.jpg\",\"datePublished\":\"2024-10-23T13:00:46+00:00\",\"description\":\"A Nors vai ganhar uma nova dimens\u00e3o comercial \u2013 \u00fanica, transversal e global \u2013 que ir\u00e1 substituir as 17 marcas de todas as empresas do Grupo\",\"breadcrumb\":{\"@id\":\"https:\\\/\\\/jornaldasoficinas.com\\\/pt\\\/nors-une-todas-as-empresas-numa-unica-marca-global\\\/#breadcrumb\"},\"inLanguage\":\"pt-PT\",\"potentialAction\":[{\"@type\":\"ReadAction\",\"target\":[\"https:\\\/\\\/jornaldasoficinas.com\\\/pt\\\/nors-une-todas-as-empresas-numa-unica-marca-global\\\/\"]}]},{\"@type\":\"ImageObject\",\"inLanguage\":\"pt-PT\",\"@id\":\"https:\\\/\\\/jornaldasoficinas.com\\\/pt\\\/nors-une-todas-as-empresas-numa-unica-marca-global\\\/#primaryimage\",\"url\":\"https:\\\/\\\/jornaldasoficinas.com\\\/pt\\\/wp-content\\\/uploads\\\/2024\\\/10\\\/Nors-une-todas-as-empresas-numa-unica-marca-global.jpg\",\"contentUrl\":\"https:\\\/\\\/jornaldasoficinas.com\\\/pt\\\/wp-content\\\/uploads\\\/2024\\\/10\\\/Nors-une-todas-as-empresas-numa-unica-marca-global.jpg\",\"width\":1024,\"height\":581,\"caption\":\"10 - Nors une todas as empresas numa unica marca global\"},{\"@type\":\"BreadcrumbList\",\"@id\":\"https:\\\/\\\/jornaldasoficinas.com\\\/pt\\\/nors-une-todas-as-empresas-numa-unica-marca-global\\\/#breadcrumb\",\"itemListElement\":[{\"@type\":\"ListItem\",\"position\":1,\"name\":\"In\u00edcio\",\"item\":\"https:\\\/\\\/jornaldasoficinas.com\\\/pt\\\/\"},{\"@type\":\"ListItem\",\"position\":2,\"name\":\"Nors une todas as empresas numa \u00fanica marca global\"}]},{\"@type\":\"WebSite\",\"@id\":\"https:\\\/\\\/jornaldasoficinas.com\\\/pt\\\/#website\",\"url\":\"https:\\\/\\\/jornaldasoficinas.com\\\/pt\\\/\",\"name\":\"Jornal das Oficinas\",\"description\":\"Jornal independente do Aftermarket Autom\u00f3vel em Portugal\",\"publisher\":{\"@id\":\"https:\\\/\\\/jornaldasoficinas.com\\\/pt\\\/#organization\"},\"potentialAction\":[{\"@type\":\"SearchAction\",\"target\":{\"@type\":\"EntryPoint\",\"urlTemplate\":\"https:\\\/\\\/jornaldasoficinas.com\\\/pt\\\/?s={search_term_string}\"},\"query-input\":{\"@type\":\"PropertyValueSpecification\",\"valueRequired\":true,\"valueName\":\"search_term_string\"}}],\"inLanguage\":\"pt-PT\"},{\"@type\":\"Organization\",\"@id\":\"https:\\\/\\\/jornaldasoficinas.com\\\/pt\\\/#organization\",\"name\":\"Jornal das Oficinas\",\"url\":\"https:\\\/\\\/jornaldasoficinas.com\\\/pt\\\/\",\"logo\":{\"@type\":\"ImageObject\",\"inLanguage\":\"pt-PT\",\"@id\":\"https:\\\/\\\/jornaldasoficinas.com\\\/pt\\\/#\\\/schema\\\/logo\\\/image\\\/\",\"url\":\"https:\\\/\\\/jornaldasoficinas.com\\\/pt\\\/wp-content\\\/uploads\\\/logoJO-SEO.png\",\"contentUrl\":\"https:\\\/\\\/jornaldasoficinas.com\\\/pt\\\/wp-content\\\/uploads\\\/logoJO-SEO.png\",\"width\":285,\"height\":450,\"caption\":\"Jornal das Oficinas\"},\"image\":{\"@id\":\"https:\\\/\\\/jornaldasoficinas.com\\\/pt\\\/#\\\/schema\\\/logo\\\/image\\\/\"},\"sameAs\":[\"https:\\\/\\\/www.facebook.com\\\/jornaloficinas\",\"https:\\\/\\\/x.com\\\/jornaloficinas\",\"https:\\\/\\\/www.instagram.com\\\/jornal_oficinas\\\/\",\"https:\\\/\\\/www.linkedin.com\\\/company\\\/jornal-das-oficinas\\\/\",\"https:\\\/\\\/www.youtube.com\\\/channel\\\/UCbQZBqtcvV-oSQrr7RzINGg\"]},{\"@type\":\"Person\",\"@id\":\"https:\\\/\\\/jornaldasoficinas.com\\\/pt\\\/#\\\/schema\\\/person\\\/a38eef5de2c41d9e7c9ac10141afddf3\",\"name\":\"Reda\u00e7\u00e3o JO\",\"image\":{\"@type\":\"ImageObject\",\"inLanguage\":\"pt-PT\",\"@id\":\"https:\\\/\\\/secure.gravatar.com\\\/avatar\\\/71f2fa71737ad68a84fea94bc708ddac8ea5b0c4788dc2ad202f3ccb2887742f?s=96&d=wp_user_avatar&r=g\",\"url\":\"https:\\\/\\\/secure.gravatar.com\\\/avatar\\\/71f2fa71737ad68a84fea94bc708ddac8ea5b0c4788dc2ad202f3ccb2887742f?s=96&d=wp_user_avatar&r=g\",\"contentUrl\":\"https:\\\/\\\/secure.gravatar.com\\\/avatar\\\/71f2fa71737ad68a84fea94bc708ddac8ea5b0c4788dc2ad202f3ccb2887742f?s=96&d=wp_user_avatar&r=g\",\"caption\":\"Reda\u00e7\u00e3o JO\"},\"url\":\"https:\\\/\\\/jornaldasoficinas.com\\\/pt\\\/author\\\/joredacao\\\/\"}]}<\/script>\n<!-- \/ Yoast SEO plugin. -->","yoast_head_json":{"title":"Nors une todas as empresas numa \u00fanica marca global - Jornal das Oficinas","description":"A Nors vai ganhar uma nova dimens\u00e3o comercial \u2013 \u00fanica, transversal e global \u2013 que ir\u00e1 substituir as 17 marcas de todas as empresas do Grupo","robots":{"index":"index","follow":"follow","max-snippet":"max-snippet:-1","max-image-preview":"max-image-preview:large","max-video-preview":"max-video-preview:-1"},"canonical":"https:\/\/jornaldasoficinas.com\/pt\/nors-une-todas-as-empresas-numa-unica-marca-global\/","og_locale":"pt_PT","og_type":"article","og_title":"Nors une todas as empresas numa \u00fanica marca global - Jornal das Oficinas","og_description":"A Nors vai ganhar uma nova dimens\u00e3o comercial \u2013 \u00fanica, transversal e global \u2013 que ir\u00e1 substituir as 17 marcas de todas as empresas do Grupo","og_url":"https:\/\/jornaldasoficinas.com\/pt\/nors-une-todas-as-empresas-numa-unica-marca-global\/","og_site_name":"Jornal das Oficinas","article_publisher":"https:\/\/www.facebook.com\/jornaloficinas","article_published_time":"2024-10-23T13:00:46+00:00","og_image":[{"width":1024,"height":581,"url":"https:\/\/jornaldasoficinas.com\/pt\/wp-content\/uploads\/2024\/10\/Nors-une-todas-as-empresas-numa-unica-marca-global.jpg","type":"image\/jpeg"}],"author":"Reda\u00e7\u00e3o JO","twitter_card":"summary_large_image","twitter_creator":"@jornaloficinas","twitter_site":"@jornaloficinas","twitter_misc":{"Escrito por":"Reda\u00e7\u00e3o JO","Tempo estimado de leitura":"3 minutos"},"schema":{"@context":"https:\/\/schema.org","@graph":[{"@type":"Article","@id":"https:\/\/jornaldasoficinas.com\/pt\/nors-une-todas-as-empresas-numa-unica-marca-global\/#article","isPartOf":{"@id":"https:\/\/jornaldasoficinas.com\/pt\/nors-une-todas-as-empresas-numa-unica-marca-global\/"},"author":{"name":"Reda\u00e7\u00e3o JO","@id":"https:\/\/jornaldasoficinas.com\/pt\/#\/schema\/person\/a38eef5de2c41d9e7c9ac10141afddf3"},"headline":"Nors une todas as empresas numa \u00fanica marca global","datePublished":"2024-10-23T13:00:46+00:00","mainEntityOfPage":{"@id":"https:\/\/jornaldasoficinas.com\/pt\/nors-une-todas-as-empresas-numa-unica-marca-global\/"},"wordCount":430,"publisher":{"@id":"https:\/\/jornaldasoficinas.com\/pt\/#organization"},"image":{"@id":"https:\/\/jornaldasoficinas.com\/pt\/nors-une-todas-as-empresas-numa-unica-marca-global\/#primaryimage"},"thumbnailUrl":"https:\/\/jornaldasoficinas.com\/pt\/wp-content\/uploads\/2024\/10\/Nors-une-todas-as-empresas-numa-unica-marca-global.jpg","keywords":["fus\u00e3o","marca global","Nors","nova dimens\u00e3o comercial","nova estrat\u00e9gia","segmentos de neg\u00f3cio"],"articleSection":["Empresas"],"inLanguage":"pt-PT"},{"@type":"WebPage","@id":"https:\/\/jornaldasoficinas.com\/pt\/nors-une-todas-as-empresas-numa-unica-marca-global\/","url":"https:\/\/jornaldasoficinas.com\/pt\/nors-une-todas-as-empresas-numa-unica-marca-global\/","name":"Nors une todas as empresas numa \u00fanica marca global - Jornal das Oficinas","isPartOf":{"@id":"https:\/\/jornaldasoficinas.com\/pt\/#website"},"primaryImageOfPage":{"@id":"https:\/\/jornaldasoficinas.com\/pt\/nors-une-todas-as-empresas-numa-unica-marca-global\/#primaryimage"},"image":{"@id":"https:\/\/jornaldasoficinas.com\/pt\/nors-une-todas-as-empresas-numa-unica-marca-global\/#primaryimage"},"thumbnailUrl":"https:\/\/jornaldasoficinas.com\/pt\/wp-content\/uploads\/2024\/10\/Nors-une-todas-as-empresas-numa-unica-marca-global.jpg","datePublished":"2024-10-23T13:00:46+00:00","description":"A Nors vai ganhar uma nova dimens\u00e3o comercial \u2013 \u00fanica, transversal e global \u2013 que ir\u00e1 substituir as 17 marcas de todas as empresas do Grupo","breadcrumb":{"@id":"https:\/\/jornaldasoficinas.com\/pt\/nors-une-todas-as-empresas-numa-unica-marca-global\/#breadcrumb"},"inLanguage":"pt-PT","potentialAction":[{"@type":"ReadAction","target":["https:\/\/jornaldasoficinas.com\/pt\/nors-une-todas-as-empresas-numa-unica-marca-global\/"]}]},{"@type":"ImageObject","inLanguage":"pt-PT","@id":"https:\/\/jornaldasoficinas.com\/pt\/nors-une-todas-as-empresas-numa-unica-marca-global\/#primaryimage","url":"https:\/\/jornaldasoficinas.com\/pt\/wp-content\/uploads\/2024\/10\/Nors-une-todas-as-empresas-numa-unica-marca-global.jpg","contentUrl":"https:\/\/jornaldasoficinas.com\/pt\/wp-content\/uploads\/2024\/10\/Nors-une-todas-as-empresas-numa-unica-marca-global.jpg","width":1024,"height":581,"caption":"10 - Nors une todas as empresas numa unica marca global"},{"@type":"BreadcrumbList","@id":"https:\/\/jornaldasoficinas.com\/pt\/nors-une-todas-as-empresas-numa-unica-marca-global\/#breadcrumb","itemListElement":[{"@type":"ListItem","position":1,"name":"In\u00edcio","item":"https:\/\/jornaldasoficinas.com\/pt\/"},{"@type":"ListItem","position":2,"name":"Nors une todas as empresas numa \u00fanica marca global"}]},{"@type":"WebSite","@id":"https:\/\/jornaldasoficinas.com\/pt\/#website","url":"https:\/\/jornaldasoficinas.com\/pt\/","name":"Jornal das Oficinas","description":"Jornal independente do Aftermarket Autom\u00f3vel em Portugal","publisher":{"@id":"https:\/\/jornaldasoficinas.com\/pt\/#organization"},"potentialAction":[{"@type":"SearchAction","target":{"@type":"EntryPoint","urlTemplate":"https:\/\/jornaldasoficinas.com\/pt\/?s={search_term_string}"},"query-input":{"@type":"PropertyValueSpecification","valueRequired":true,"valueName":"search_term_string"}}],"inLanguage":"pt-PT"},{"@type":"Organization","@id":"https:\/\/jornaldasoficinas.com\/pt\/#organization","name":"Jornal das Oficinas","url":"https:\/\/jornaldasoficinas.com\/pt\/","logo":{"@type":"ImageObject","inLanguage":"pt-PT","@id":"https:\/\/jornaldasoficinas.com\/pt\/#\/schema\/logo\/image\/","url":"https:\/\/jornaldasoficinas.com\/pt\/wp-content\/uploads\/logoJO-SEO.png","contentUrl":"https:\/\/jornaldasoficinas.com\/pt\/wp-content\/uploads\/logoJO-SEO.png","width":285,"height":450,"caption":"Jornal das Oficinas"},"image":{"@id":"https:\/\/jornaldasoficinas.com\/pt\/#\/schema\/logo\/image\/"},"sameAs":["https:\/\/www.facebook.com\/jornaloficinas","https:\/\/x.com\/jornaloficinas","https:\/\/www.instagram.com\/jornal_oficinas\/","https:\/\/www.linkedin.com\/company\/jornal-das-oficinas\/","https:\/\/www.youtube.com\/channel\/UCbQZBqtcvV-oSQrr7RzINGg"]},{"@type":"Person","@id":"https:\/\/jornaldasoficinas.com\/pt\/#\/schema\/person\/a38eef5de2c41d9e7c9ac10141afddf3","name":"Reda\u00e7\u00e3o JO","image":{"@type":"ImageObject","inLanguage":"pt-PT","@id":"https:\/\/secure.gravatar.com\/avatar\/71f2fa71737ad68a84fea94bc708ddac8ea5b0c4788dc2ad202f3ccb2887742f?s=96&d=wp_user_avatar&r=g","url":"https:\/\/secure.gravatar.com\/avatar\/71f2fa71737ad68a84fea94bc708ddac8ea5b0c4788dc2ad202f3ccb2887742f?s=96&d=wp_user_avatar&r=g","contentUrl":"https:\/\/secure.gravatar.com\/avatar\/71f2fa71737ad68a84fea94bc708ddac8ea5b0c4788dc2ad202f3ccb2887742f?s=96&d=wp_user_avatar&r=g","caption":"Reda\u00e7\u00e3o JO"},"url":"https:\/\/jornaldasoficinas.com\/pt\/author\/joredacao\/"}]}},"_links":{"self":[{"href":"https:\/\/jornaldasoficinas.com\/pt\/wp-json\/wp\/v2\/posts\/92877","targetHints":{"allow":["GET"]}}],"collection":[{"href":"https:\/\/jornaldasoficinas.com\/pt\/wp-json\/wp\/v2\/posts"}],"about":[{"href":"https:\/\/jornaldasoficinas.com\/pt\/wp-json\/wp\/v2\/types\/post"}],"author":[{"embeddable":true,"href":"https:\/\/jornaldasoficinas.com\/pt\/wp-json\/wp\/v2\/users\/15"}],"replies":[{"embeddable":true,"href":"https:\/\/jornaldasoficinas.com\/pt\/wp-json\/wp\/v2\/comments?post=92877"}],"version-history":[{"count":0,"href":"https:\/\/jornaldasoficinas.com\/pt\/wp-json\/wp\/v2\/posts\/92877\/revisions"}],"wp:featuredmedia":[{"embeddable":true,"href":"https:\/\/jornaldasoficinas.com\/pt\/wp-json\/wp\/v2\/media\/92882"}],"wp:attachment":[{"href":"https:\/\/jornaldasoficinas.com\/pt\/wp-json\/wp\/v2\/media?parent=92877"}],"wp:term":[{"taxonomy":"category","embeddable":true,"href":"https:\/\/jornaldasoficinas.com\/pt\/wp-json\/wp\/v2\/categories?post=92877"},{"taxonomy":"post_tag","embeddable":true,"href":"https:\/\/jornaldasoficinas.com\/pt\/wp-json\/wp\/v2\/tags?post=92877"}],"curies":[{"name":"wp","href":"https:\/\/api.w.org\/{rel}","templated":true}]}}