{"id":92926,"date":"2024-10-23T16:00:47","date_gmt":"2024-10-23T15:00:47","guid":{"rendered":"https:\/\/jornaldasoficinas.com\/pt\/?p=92926"},"modified":"2024-10-23T09:44:18","modified_gmt":"2024-10-23T08:44:18","slug":"centrocor-oferece-formacao-exclusiva-com-ceo-da-camauto","status":"publish","type":"post","link":"https:\/\/jornaldasoficinas.com\/pt\/centrocor-oferece-formacao-exclusiva-com-ceo-da-camauto\/","title":{"rendered":"Centrocor oferece forma\u00e7\u00e3o exclusiva com CEO da CAMAUTO"},"content":{"rendered":"<p><strong><img loading=\"lazy\" decoding=\"async\" class=\"alignnone size-full wp-image-92948\" src=\"https:\/\/jornaldasoficinas.com\/pt\/wp-content\/uploads\/2024\/10\/Centrocor-oferece-formacao-exclusiva-com-CEO-da-CAMAUTO.jpg\" alt=\"10 - Centrocor oferece formacao exclusiva com CEO da CAMAUTO\" width=\"1024\" height=\"581\" srcset=\"https:\/\/jornaldasoficinas.com\/pt\/wp-content\/uploads\/2024\/10\/Centrocor-oferece-formacao-exclusiva-com-CEO-da-CAMAUTO.jpg 1024w, https:\/\/jornaldasoficinas.com\/pt\/wp-content\/uploads\/2024\/10\/Centrocor-oferece-formacao-exclusiva-com-CEO-da-CAMAUTO-300x170.jpg 300w, https:\/\/jornaldasoficinas.com\/pt\/wp-content\/uploads\/2024\/10\/Centrocor-oferece-formacao-exclusiva-com-CEO-da-CAMAUTO-150x85.jpg 150w, https:\/\/jornaldasoficinas.com\/pt\/wp-content\/uploads\/2024\/10\/Centrocor-oferece-formacao-exclusiva-com-CEO-da-CAMAUTO-768x436.jpg 768w\" sizes=\"auto, (max-width: 1024px) 100vw, 1024px\" \/><\/strong><\/p>\n<p><strong>Durante tr\u00eas dias, a <a href=\"https:\/\/centrocor.pt\/\" target=\"_blank\" rel=\"noopener\">Centrocor<\/a> recebeu nas suas instala\u00e7\u00f5es Charles Aoun, CEO da <a href=\"https:\/\/camautopro.com\/en\/\" target=\"_blank\" rel=\"noopener\">CAMAUTO Pro<\/a>, para uma forma\u00e7\u00e3o direcionada para bate-chapas<\/strong><\/p>\n<p>A Centrocor recebeu nas suas instala\u00e7\u00f5es, durante tr\u00eas dias, o CEO da CAMAUTO Pro, a marca canadiana especializada em produtos e ferramentas para repara\u00e7\u00f5es de mossas com cola, para uma forma\u00e7\u00e3o inovadora. Esta forma\u00e7\u00e3o direcionada para bate-chapas, contou com cerca de 100 profissionais e representou um &#8220;passo significativo na parceria entre a Centrocor e a CAMAUTO&#8221;, avan\u00e7ou a empresa em comunicado.<\/p>\n<p>Tendo sempre em conta a inova\u00e7\u00e3o e a forma\u00e7\u00e3o cont\u00ednua, a Centrocor apostou nestas sess\u00f5es especializadas com o fundador da CAMAUTO, para que os bate-chapas pudessem abordar e aprofundar, a n\u00edvel te\u00f3rico e pr\u00e1tico, esta tecnologia de remo\u00e7\u00e3o de mossas com cola.<\/p>\n<p>&#8220;A compreens\u00e3o desta tecnologia de ponta e as melhores pr\u00e1ticas a ter, permitiu aos bate-chapas entender que este processo de repara\u00e7\u00e3o de mossas com colas permite repara\u00e7\u00f5es mais r\u00e1pidas, rent\u00e1veis e sustent\u00e1veis quando comparado com os sistemas de repara\u00e7\u00e3o tradicionais&#8221;, explicou.<\/p>\n<p>&#8220;Estes dias de forma\u00e7\u00e3o vieram solidificar a aposta da Centrocor na partilha de conhecimentos e desenvolvimento de recursos humanos, algo essencial para a evolu\u00e7\u00e3o das oficinas de colis\u00e3o e o desenvolvimento positivo deste setor&#8221;, sublinhou.<\/p>\n<p>&#8220;A introdu\u00e7\u00e3o das tecnologias de repara\u00e7\u00e3o com cola de mossas da CAMAUTO no mercado portugu\u00eas \u00e9 um passo na dire\u00e7\u00e3o certa, prometendo, n\u00e3o apenas otimizar os processos de repara\u00e7\u00e3o, mas tamb\u00e9m atrair novos talentos para a \u00e1rea da chaparia, enfrentando o desafio da escassez de m\u00e3o-de-obra qualificada&#8221;, finalizou.<\/p>\n<div class=\"wonderplugingallery-container\" id=\"wonderplugingallery-container-216\" style=\"max-width:960px;margin:0 auto;\"><div class=\"wonderplugingallery\" id=\"wonderplugingallery-216\" data-galleryid=\"216\" data-width=\"960\" data-height=\"540\" data-skin=\"gallery\" data-playsinline=\"false\" data-mutevideo=\"false\" data-random=\"false\" data-autoslide=\"false\" data-autoplayvideo=\"false\" data-schemamarkup=\"false\" data-stopallplaying=\"false\" data-reloadonvideoend=\"false\" data-donotuseposter=\"false\" data-enabletabindex=\"false\" data-loadnextonvideoend=\"false\" data-hidetitlewhenvideoisplaying=\"false\" data-disablehovereventontouch=\"false\" data-autoslideandplayafterfirstplayed=\"false\" data-html5player=\"true\" data-responsive=\"true\" data-fullwidth=\"false\" data-showtitle=\"true\" data-showdescription=\"true\" data-showplaybutton=\"true\" data-showfullscreenbutton=\"true\" data-showtimer=\"true\" data-showcarousel=\"true\" data-galleryshadow=\"false\" data-slideshadow=\"true\" data-thumbshowtitle=\"false\" data-thumbshowimage=\"true\" data-thumbshadow=\"true\" data-lightboxshowtitle=\"true\" data-lightboxshowdescription=\"true\" data-specifyid=\"true\" data-donotinit=\"false\" data-addinitscript=\"false\" data-triggerresize=\"false\" data-thumbcolumnsresponsive=\"false\" data-thumbverticalmiddle=\"true\" data-removeinlinecss=\"true\" data-switchonmouseover=\"false\" data-showcategory=\"true\" data-carouselpagination=\"false\" data-showimgtitle=\"false\" data-titlesmallscreen=\"false\" data-initsocial=\"true\" data-showsocial=\"false\" data-showemail=\"false\" data-showfacebook=\"true\" data-showtwitter=\"true\" data-showpinterest=\"true\" data-socialrotateeffect=\"true\" data-doshortcodeontext=\"false\" data-loop=\"0\" data-duration=\"1500\" data-slideduration=\"1000\" data-slideshowinterval=\"6000\" data-googleanalyticsaccount=\"\" data-ga4account=\"\" data-resizemode=\"fill\" data-imagetoolboxmode=\"mouseover\" data-effect=\"fade\" data-padding=\"12\" data-bgcolor=\"\" data-bgimage=\"\" data-thumbwidth=\"120\" data-thumbheight=\"60\" data-thumbgap=\"8\" data-thumbrowgap=\"16\" data-lightboxtextheight=\"72\" data-lightboxtitlecss=\"{color:#333333; font:bold 12px Arial,Helvetica,sans-serif; overflow:hidden; white-space:normal; line-height:18px;}\" data-lightboxdescriptioncss=\"{color:#333333; font:normal 12px Arial,Helvetica,sans-serif; overflow:hidden; white-space:normal; line-height:14px;}\" data-titlecss=\"{color:#ffffff; font-size:14px; font-family:Armata, sans-serif, Arial; overflow:hidden; text-align:left; padding:10px 0px 10px 10px; background:rgb(102, 102, 102) transparent; background:rgba(102, 102, 102, 0.6);}\" data-descriptioncss=\"{color:#ffffff; font-size:13px; font-family:Armata, sans-serif, Arial; overflow:hidden; text-align:left; padding:0px 0px 10px 10px; background:rgb(102, 102, 102) transparent; background:rgba(102, 102, 102, 0.6);}\" data-titleheight=\"72\" data-titlesmallscreenwidth=\"640\" data-titleheightsmallscreen=\"148\" data-socialmode=\"mouseover\" data-socialposition=\"position:absolute;top:8px;right:8px;\" data-socialpositionlightbox=\"position:absolute;top:8px;right:8px;\" data-socialdirection=\"horizontal\" data-socialbuttonsize=\"32\" data-socialbuttonfontsize=\"18\" data-defaultvideovolume=\"1\" data-thumbtitleheight=\"24\" data-thumbmediumtitleheight=\"48\" data-thumbsmalltitleheight=\"72\" data-categoryheight=\"48\" data-categorydefault=\"all\" data-triggerresizedelay=\"100\" data-thumbmediumsize=\"800\" data-thumbsmallsize=\"480\" data-thumbmediumwidth=\"64\" data-thumbmediumheight=\"64\" data-thumbsmallwidth=\"48\" data-thumbsmallheight=\"48\" data-imgtitle=\"title\" data-carouselpaginationrow=\"3\" data-categorystyle=\"dropdown\" data-categorylist=\"[{&quot;slug&quot;:&quot;all&quot;,&quot;caption&quot;:&quot;Show All&quot;}]\" data-jsfolder=\"https:\/\/jornaldasoficinas.com\/pt\/wp-content\/plugins\/wonderplugin-gallery\/engine\/\" style=\"display:none;\" ><a class=\"html5galleryimglink\" href=\"https:\/\/jornaldasoficinas.com\/pt\/wp-content\/uploads\/2024\/10\/Centrocor-formacao\/20241015_091419.jpg\" data-mediatype=1><img decoding=\"async\" class=\"html5galleryimg html5gallery-tn-image\" src=\"https:\/\/jornaldasoficinas.com\/pt\/wp-content\/uploads\/2024\/10\/Centrocor-formacao\/20241015_091419.jpg\" alt=\"\"><\/a><div class=\"html5gallery-info\"><\/div><a class=\"html5galleryimglink\" href=\"https:\/\/jornaldasoficinas.com\/pt\/wp-content\/uploads\/2024\/10\/Centrocor-formacao\/20241015_110444.jpg\" data-mediatype=1><img decoding=\"async\" class=\"html5galleryimg html5gallery-tn-image\" src=\"https:\/\/jornaldasoficinas.com\/pt\/wp-content\/uploads\/2024\/10\/Centrocor-formacao\/20241015_110444.jpg\" alt=\"\"><\/a><div class=\"html5gallery-info\"><\/div><a class=\"html5galleryimglink\" href=\"https:\/\/jornaldasoficinas.com\/pt\/wp-content\/uploads\/2024\/10\/Centrocor-formacao\/20241015_115438.jpg\" data-mediatype=1><img decoding=\"async\" class=\"html5galleryimg html5gallery-tn-image\" src=\"https:\/\/jornaldasoficinas.com\/pt\/wp-content\/uploads\/2024\/10\/Centrocor-formacao\/20241015_115438.jpg\" alt=\"\"><\/a><div class=\"html5gallery-info\"><\/div><a class=\"html5galleryimglink\" href=\"https:\/\/jornaldasoficinas.com\/pt\/wp-content\/uploads\/2024\/10\/Centrocor-formacao\/20241016_091923.jpg\" data-mediatype=1><img decoding=\"async\" class=\"html5galleryimg html5gallery-tn-image\" src=\"https:\/\/jornaldasoficinas.com\/pt\/wp-content\/uploads\/2024\/10\/Centrocor-formacao\/20241016_091923.jpg\" alt=\"\"><\/a><div class=\"html5gallery-info\"><\/div><a class=\"html5galleryimglink\" href=\"https:\/\/jornaldasoficinas.com\/pt\/wp-content\/uploads\/2024\/10\/Centrocor-formacao\/20241016_094657.jpg\" data-mediatype=1><img decoding=\"async\" class=\"html5galleryimg html5gallery-tn-image\" src=\"https:\/\/jornaldasoficinas.com\/pt\/wp-content\/uploads\/2024\/10\/Centrocor-formacao\/20241016_094657.jpg\" alt=\"\"><\/a><div class=\"html5gallery-info\"><\/div><a class=\"html5galleryimglink\" href=\"https:\/\/jornaldasoficinas.com\/pt\/wp-content\/uploads\/2024\/10\/Centrocor-formacao\/20241016_155844.jpg\" data-mediatype=1><img decoding=\"async\" class=\"html5galleryimg html5gallery-tn-image\" src=\"https:\/\/jornaldasoficinas.com\/pt\/wp-content\/uploads\/2024\/10\/Centrocor-formacao\/20241016_155844.jpg\" alt=\"\"><\/a><div class=\"html5gallery-info\"><\/div><a class=\"html5galleryimglink\" href=\"https:\/\/jornaldasoficinas.com\/pt\/wp-content\/uploads\/2024\/10\/Centrocor-formacao\/20241016_161337.jpg\" data-mediatype=1><img decoding=\"async\" class=\"html5galleryimg html5gallery-tn-image\" src=\"https:\/\/jornaldasoficinas.com\/pt\/wp-content\/uploads\/2024\/10\/Centrocor-formacao\/20241016_161337.jpg\" alt=\"\"><\/a><div class=\"html5gallery-info\"><\/div><a class=\"html5galleryimglink\" href=\"https:\/\/jornaldasoficinas.com\/pt\/wp-content\/uploads\/2024\/10\/Centrocor-formacao\/20241016_162114.jpg\" data-mediatype=1><img decoding=\"async\" class=\"html5galleryimg html5gallery-tn-image\" src=\"https:\/\/jornaldasoficinas.com\/pt\/wp-content\/uploads\/2024\/10\/Centrocor-formacao\/20241016_162114.jpg\" alt=\"\"><\/a><div class=\"html5gallery-info\"><\/div><a class=\"html5galleryimglink\" href=\"https:\/\/jornaldasoficinas.com\/pt\/wp-content\/uploads\/2024\/10\/Centrocor-formacao\/20241017_082446.jpg\" data-mediatype=1><img decoding=\"async\" class=\"html5galleryimg html5gallery-tn-image\" src=\"https:\/\/jornaldasoficinas.com\/pt\/wp-content\/uploads\/2024\/10\/Centrocor-formacao\/20241017_082446.jpg\" alt=\"\"><\/a><div class=\"html5gallery-info\"><\/div><a class=\"html5galleryimglink\" href=\"https:\/\/jornaldasoficinas.com\/pt\/wp-content\/uploads\/2024\/10\/Centrocor-formacao\/20241017_153945.jpg\" data-mediatype=1><img decoding=\"async\" class=\"html5galleryimg html5gallery-tn-image\" src=\"https:\/\/jornaldasoficinas.com\/pt\/wp-content\/uploads\/2024\/10\/Centrocor-formacao\/20241017_153945.jpg\" alt=\"\"><\/a><div class=\"html5gallery-info\"><\/div><a class=\"html5galleryimglink\" href=\"https:\/\/jornaldasoficinas.com\/pt\/wp-content\/uploads\/2024\/10\/Centrocor-formacao\/VideoCapture_20241022-093429.png\" data-mediatype=1><img decoding=\"async\" class=\"html5galleryimg html5gallery-tn-image\" src=\"https:\/\/jornaldasoficinas.com\/pt\/wp-content\/uploads\/2024\/10\/Centrocor-formacao\/VideoCapture_20241022-093429.png\" alt=\"\"><\/a><div class=\"html5gallery-info\"><\/div><\/div><\/div><script>function wondergallery_216_appendcss(csscode) {var head=document.head || document.getElementsByTagName(\"head\")[0];var style=document.createElement(\"style\");head.appendChild(style);style.type=\"text\/css\";if (style.styleSheet){style.styleSheet.cssText=csscode;} else {style.appendChild(document.createTextNode(csscode));}};wondergallery_216_appendcss(\"#wonderplugingallery-216 .html5gallery-cat-selection-216 { \tbox-sizing: border-box; \ttext-align: center; }  #wonderplugingallery-216 .html5gallery-cat-selection-216 select { \tbox-sizing: border-box; \tmargin: 4px auto; }\");<\/script>\n","protected":false},"excerpt":{"rendered":"<p>Durante tr\u00eas dias, a Centrocor recebeu&#8230;<\/p>\n","protected":false},"author":15,"featured_media":92948,"comment_status":"closed","ping_status":"closed","sticky":false,"template":"","format":"standard","meta":{"footnotes":""},"categories":[29],"tags":[11005,4331,10759,870,11004,11003],"class_list":["post-92926","post","type-post","status-publish","format-standard","has-post-thumbnail","hentry","category-empresas","tag-100-profissionais","tag-bate-chapas","tag-camauto","tag-centrocor","tag-charles-aoun","tag-formacao-exclusiva"],"yoast_head":"<!-- This site is optimized with the Yoast SEO plugin v27.5 - https:\/\/yoast.com\/product\/yoast-seo-wordpress\/ -->\n<title>Centrocor oferece forma\u00e7\u00e3o exclusiva com CEO da CAMAUTO - Jornal das Oficinas<\/title>\n<meta name=\"description\" content=\"Durante tr\u00eas dias, a Centrocor recebeu nas suas instala\u00e7\u00f5es Charles Aoun, CEO da CAMAUTO Pro, para uma forma\u00e7\u00e3o direcionada para bate-chapas\" \/>\n<meta name=\"robots\" content=\"index, follow, max-snippet:-1, max-image-preview:large, max-video-preview:-1\" \/>\n<link rel=\"canonical\" href=\"https:\/\/jornaldasoficinas.com\/pt\/centrocor-oferece-formacao-exclusiva-com-ceo-da-camauto\/\" \/>\n<meta property=\"og:locale\" content=\"pt_PT\" \/>\n<meta property=\"og:type\" content=\"article\" \/>\n<meta property=\"og:title\" content=\"Centrocor oferece forma\u00e7\u00e3o exclusiva com CEO da CAMAUTO - Jornal das Oficinas\" \/>\n<meta property=\"og:description\" content=\"Durante tr\u00eas dias, a Centrocor recebeu nas suas instala\u00e7\u00f5es Charles Aoun, CEO da CAMAUTO Pro, para uma forma\u00e7\u00e3o direcionada para bate-chapas\" \/>\n<meta property=\"og:url\" content=\"https:\/\/jornaldasoficinas.com\/pt\/centrocor-oferece-formacao-exclusiva-com-ceo-da-camauto\/\" \/>\n<meta property=\"og:site_name\" content=\"Jornal das Oficinas\" \/>\n<meta property=\"article:publisher\" content=\"https:\/\/www.facebook.com\/jornaloficinas\" \/>\n<meta property=\"article:published_time\" content=\"2024-10-23T15:00:47+00:00\" \/>\n<meta property=\"og:image\" content=\"https:\/\/jornaldasoficinas.com\/pt\/wp-content\/uploads\/2024\/10\/Centrocor-oferece-formacao-exclusiva-com-CEO-da-CAMAUTO.jpg\" \/>\n\t<meta property=\"og:image:width\" content=\"1024\" \/>\n\t<meta property=\"og:image:height\" content=\"581\" \/>\n\t<meta property=\"og:image:type\" content=\"image\/jpeg\" \/>\n<meta name=\"author\" content=\"Reda\u00e7\u00e3o JO\" \/>\n<meta name=\"twitter:card\" content=\"summary_large_image\" \/>\n<meta name=\"twitter:creator\" content=\"@jornaloficinas\" \/>\n<meta name=\"twitter:site\" content=\"@jornaloficinas\" \/>\n<meta name=\"twitter:label1\" content=\"Escrito por\" \/>\n\t<meta name=\"twitter:data1\" content=\"Reda\u00e7\u00e3o JO\" \/>\n\t<meta name=\"twitter:label2\" content=\"Tempo estimado de leitura\" \/>\n\t<meta name=\"twitter:data2\" content=\"2 minutos\" \/>\n<script type=\"application\/ld+json\" class=\"yoast-schema-graph\">{\"@context\":\"https:\\\/\\\/schema.org\",\"@graph\":[{\"@type\":\"Article\",\"@id\":\"https:\\\/\\\/jornaldasoficinas.com\\\/pt\\\/centrocor-oferece-formacao-exclusiva-com-ceo-da-camauto\\\/#article\",\"isPartOf\":{\"@id\":\"https:\\\/\\\/jornaldasoficinas.com\\\/pt\\\/centrocor-oferece-formacao-exclusiva-com-ceo-da-camauto\\\/\"},\"author\":{\"name\":\"Reda\u00e7\u00e3o JO\",\"@id\":\"https:\\\/\\\/jornaldasoficinas.com\\\/pt\\\/#\\\/schema\\\/person\\\/a38eef5de2c41d9e7c9ac10141afddf3\"},\"headline\":\"Centrocor oferece forma\u00e7\u00e3o exclusiva com CEO da CAMAUTO\",\"datePublished\":\"2024-10-23T15:00:47+00:00\",\"mainEntityOfPage\":{\"@id\":\"https:\\\/\\\/jornaldasoficinas.com\\\/pt\\\/centrocor-oferece-formacao-exclusiva-com-ceo-da-camauto\\\/\"},\"wordCount\":294,\"publisher\":{\"@id\":\"https:\\\/\\\/jornaldasoficinas.com\\\/pt\\\/#organization\"},\"image\":{\"@id\":\"https:\\\/\\\/jornaldasoficinas.com\\\/pt\\\/centrocor-oferece-formacao-exclusiva-com-ceo-da-camauto\\\/#primaryimage\"},\"thumbnailUrl\":\"https:\\\/\\\/jornaldasoficinas.com\\\/pt\\\/wp-content\\\/uploads\\\/2024\\\/10\\\/Centrocor-oferece-formacao-exclusiva-com-CEO-da-CAMAUTO.jpg\",\"keywords\":[\"100 profissionais\",\"Bate-chapas\",\"CAMAUTO\",\"Centrocor\",\"Charles Aoun\",\"forma\u00e7\u00e3o exclusiva\"],\"articleSection\":[\"Empresas\"],\"inLanguage\":\"pt-PT\"},{\"@type\":\"WebPage\",\"@id\":\"https:\\\/\\\/jornaldasoficinas.com\\\/pt\\\/centrocor-oferece-formacao-exclusiva-com-ceo-da-camauto\\\/\",\"url\":\"https:\\\/\\\/jornaldasoficinas.com\\\/pt\\\/centrocor-oferece-formacao-exclusiva-com-ceo-da-camauto\\\/\",\"name\":\"Centrocor oferece forma\u00e7\u00e3o exclusiva com CEO da CAMAUTO - Jornal das Oficinas\",\"isPartOf\":{\"@id\":\"https:\\\/\\\/jornaldasoficinas.com\\\/pt\\\/#website\"},\"primaryImageOfPage\":{\"@id\":\"https:\\\/\\\/jornaldasoficinas.com\\\/pt\\\/centrocor-oferece-formacao-exclusiva-com-ceo-da-camauto\\\/#primaryimage\"},\"image\":{\"@id\":\"https:\\\/\\\/jornaldasoficinas.com\\\/pt\\\/centrocor-oferece-formacao-exclusiva-com-ceo-da-camauto\\\/#primaryimage\"},\"thumbnailUrl\":\"https:\\\/\\\/jornaldasoficinas.com\\\/pt\\\/wp-content\\\/uploads\\\/2024\\\/10\\\/Centrocor-oferece-formacao-exclusiva-com-CEO-da-CAMAUTO.jpg\",\"datePublished\":\"2024-10-23T15:00:47+00:00\",\"description\":\"Durante tr\u00eas dias, a Centrocor recebeu nas suas instala\u00e7\u00f5es Charles Aoun, CEO da CAMAUTO Pro, para uma forma\u00e7\u00e3o direcionada para bate-chapas\",\"breadcrumb\":{\"@id\":\"https:\\\/\\\/jornaldasoficinas.com\\\/pt\\\/centrocor-oferece-formacao-exclusiva-com-ceo-da-camauto\\\/#breadcrumb\"},\"inLanguage\":\"pt-PT\",\"potentialAction\":[{\"@type\":\"ReadAction\",\"target\":[\"https:\\\/\\\/jornaldasoficinas.com\\\/pt\\\/centrocor-oferece-formacao-exclusiva-com-ceo-da-camauto\\\/\"]}]},{\"@type\":\"ImageObject\",\"inLanguage\":\"pt-PT\",\"@id\":\"https:\\\/\\\/jornaldasoficinas.com\\\/pt\\\/centrocor-oferece-formacao-exclusiva-com-ceo-da-camauto\\\/#primaryimage\",\"url\":\"https:\\\/\\\/jornaldasoficinas.com\\\/pt\\\/wp-content\\\/uploads\\\/2024\\\/10\\\/Centrocor-oferece-formacao-exclusiva-com-CEO-da-CAMAUTO.jpg\",\"contentUrl\":\"https:\\\/\\\/jornaldasoficinas.com\\\/pt\\\/wp-content\\\/uploads\\\/2024\\\/10\\\/Centrocor-oferece-formacao-exclusiva-com-CEO-da-CAMAUTO.jpg\",\"width\":1024,\"height\":581,\"caption\":\"10 - Centrocor oferece formacao exclusiva com CEO da CAMAUTO\"},{\"@type\":\"BreadcrumbList\",\"@id\":\"https:\\\/\\\/jornaldasoficinas.com\\\/pt\\\/centrocor-oferece-formacao-exclusiva-com-ceo-da-camauto\\\/#breadcrumb\",\"itemListElement\":[{\"@type\":\"ListItem\",\"position\":1,\"name\":\"In\u00edcio\",\"item\":\"https:\\\/\\\/jornaldasoficinas.com\\\/pt\\\/\"},{\"@type\":\"ListItem\",\"position\":2,\"name\":\"Centrocor oferece forma\u00e7\u00e3o exclusiva com CEO da CAMAUTO\"}]},{\"@type\":\"WebSite\",\"@id\":\"https:\\\/\\\/jornaldasoficinas.com\\\/pt\\\/#website\",\"url\":\"https:\\\/\\\/jornaldasoficinas.com\\\/pt\\\/\",\"name\":\"Jornal das Oficinas\",\"description\":\"Jornal independente do Aftermarket Autom\u00f3vel em Portugal\",\"publisher\":{\"@id\":\"https:\\\/\\\/jornaldasoficinas.com\\\/pt\\\/#organization\"},\"potentialAction\":[{\"@type\":\"SearchAction\",\"target\":{\"@type\":\"EntryPoint\",\"urlTemplate\":\"https:\\\/\\\/jornaldasoficinas.com\\\/pt\\\/?s={search_term_string}\"},\"query-input\":{\"@type\":\"PropertyValueSpecification\",\"valueRequired\":true,\"valueName\":\"search_term_string\"}}],\"inLanguage\":\"pt-PT\"},{\"@type\":\"Organization\",\"@id\":\"https:\\\/\\\/jornaldasoficinas.com\\\/pt\\\/#organization\",\"name\":\"Jornal das Oficinas\",\"url\":\"https:\\\/\\\/jornaldasoficinas.com\\\/pt\\\/\",\"logo\":{\"@type\":\"ImageObject\",\"inLanguage\":\"pt-PT\",\"@id\":\"https:\\\/\\\/jornaldasoficinas.com\\\/pt\\\/#\\\/schema\\\/logo\\\/image\\\/\",\"url\":\"https:\\\/\\\/jornaldasoficinas.com\\\/pt\\\/wp-content\\\/uploads\\\/logoJO-SEO.png\",\"contentUrl\":\"https:\\\/\\\/jornaldasoficinas.com\\\/pt\\\/wp-content\\\/uploads\\\/logoJO-SEO.png\",\"width\":285,\"height\":450,\"caption\":\"Jornal das Oficinas\"},\"image\":{\"@id\":\"https:\\\/\\\/jornaldasoficinas.com\\\/pt\\\/#\\\/schema\\\/logo\\\/image\\\/\"},\"sameAs\":[\"https:\\\/\\\/www.facebook.com\\\/jornaloficinas\",\"https:\\\/\\\/x.com\\\/jornaloficinas\",\"https:\\\/\\\/www.instagram.com\\\/jornal_oficinas\\\/\",\"https:\\\/\\\/www.linkedin.com\\\/company\\\/jornal-das-oficinas\\\/\",\"https:\\\/\\\/www.youtube.com\\\/channel\\\/UCbQZBqtcvV-oSQrr7RzINGg\"]},{\"@type\":\"Person\",\"@id\":\"https:\\\/\\\/jornaldasoficinas.com\\\/pt\\\/#\\\/schema\\\/person\\\/a38eef5de2c41d9e7c9ac10141afddf3\",\"name\":\"Reda\u00e7\u00e3o JO\",\"image\":{\"@type\":\"ImageObject\",\"inLanguage\":\"pt-PT\",\"@id\":\"https:\\\/\\\/secure.gravatar.com\\\/avatar\\\/71f2fa71737ad68a84fea94bc708ddac8ea5b0c4788dc2ad202f3ccb2887742f?s=96&d=wp_user_avatar&r=g\",\"url\":\"https:\\\/\\\/secure.gravatar.com\\\/avatar\\\/71f2fa71737ad68a84fea94bc708ddac8ea5b0c4788dc2ad202f3ccb2887742f?s=96&d=wp_user_avatar&r=g\",\"contentUrl\":\"https:\\\/\\\/secure.gravatar.com\\\/avatar\\\/71f2fa71737ad68a84fea94bc708ddac8ea5b0c4788dc2ad202f3ccb2887742f?s=96&d=wp_user_avatar&r=g\",\"caption\":\"Reda\u00e7\u00e3o JO\"},\"url\":\"https:\\\/\\\/jornaldasoficinas.com\\\/pt\\\/author\\\/joredacao\\\/\"}]}<\/script>\n<!-- \/ Yoast SEO plugin. -->","yoast_head_json":{"title":"Centrocor oferece forma\u00e7\u00e3o exclusiva com CEO da CAMAUTO - Jornal das Oficinas","description":"Durante tr\u00eas dias, a Centrocor recebeu nas suas instala\u00e7\u00f5es Charles Aoun, CEO da CAMAUTO Pro, para uma forma\u00e7\u00e3o direcionada para bate-chapas","robots":{"index":"index","follow":"follow","max-snippet":"max-snippet:-1","max-image-preview":"max-image-preview:large","max-video-preview":"max-video-preview:-1"},"canonical":"https:\/\/jornaldasoficinas.com\/pt\/centrocor-oferece-formacao-exclusiva-com-ceo-da-camauto\/","og_locale":"pt_PT","og_type":"article","og_title":"Centrocor oferece forma\u00e7\u00e3o exclusiva com CEO da CAMAUTO - Jornal das Oficinas","og_description":"Durante tr\u00eas dias, a Centrocor recebeu nas suas instala\u00e7\u00f5es Charles Aoun, CEO da CAMAUTO Pro, para uma forma\u00e7\u00e3o direcionada para bate-chapas","og_url":"https:\/\/jornaldasoficinas.com\/pt\/centrocor-oferece-formacao-exclusiva-com-ceo-da-camauto\/","og_site_name":"Jornal das Oficinas","article_publisher":"https:\/\/www.facebook.com\/jornaloficinas","article_published_time":"2024-10-23T15:00:47+00:00","og_image":[{"width":1024,"height":581,"url":"https:\/\/jornaldasoficinas.com\/pt\/wp-content\/uploads\/2024\/10\/Centrocor-oferece-formacao-exclusiva-com-CEO-da-CAMAUTO.jpg","type":"image\/jpeg"}],"author":"Reda\u00e7\u00e3o JO","twitter_card":"summary_large_image","twitter_creator":"@jornaloficinas","twitter_site":"@jornaloficinas","twitter_misc":{"Escrito por":"Reda\u00e7\u00e3o JO","Tempo estimado de leitura":"2 minutos"},"schema":{"@context":"https:\/\/schema.org","@graph":[{"@type":"Article","@id":"https:\/\/jornaldasoficinas.com\/pt\/centrocor-oferece-formacao-exclusiva-com-ceo-da-camauto\/#article","isPartOf":{"@id":"https:\/\/jornaldasoficinas.com\/pt\/centrocor-oferece-formacao-exclusiva-com-ceo-da-camauto\/"},"author":{"name":"Reda\u00e7\u00e3o JO","@id":"https:\/\/jornaldasoficinas.com\/pt\/#\/schema\/person\/a38eef5de2c41d9e7c9ac10141afddf3"},"headline":"Centrocor oferece forma\u00e7\u00e3o exclusiva com CEO da CAMAUTO","datePublished":"2024-10-23T15:00:47+00:00","mainEntityOfPage":{"@id":"https:\/\/jornaldasoficinas.com\/pt\/centrocor-oferece-formacao-exclusiva-com-ceo-da-camauto\/"},"wordCount":294,"publisher":{"@id":"https:\/\/jornaldasoficinas.com\/pt\/#organization"},"image":{"@id":"https:\/\/jornaldasoficinas.com\/pt\/centrocor-oferece-formacao-exclusiva-com-ceo-da-camauto\/#primaryimage"},"thumbnailUrl":"https:\/\/jornaldasoficinas.com\/pt\/wp-content\/uploads\/2024\/10\/Centrocor-oferece-formacao-exclusiva-com-CEO-da-CAMAUTO.jpg","keywords":["100 profissionais","Bate-chapas","CAMAUTO","Centrocor","Charles Aoun","forma\u00e7\u00e3o exclusiva"],"articleSection":["Empresas"],"inLanguage":"pt-PT"},{"@type":"WebPage","@id":"https:\/\/jornaldasoficinas.com\/pt\/centrocor-oferece-formacao-exclusiva-com-ceo-da-camauto\/","url":"https:\/\/jornaldasoficinas.com\/pt\/centrocor-oferece-formacao-exclusiva-com-ceo-da-camauto\/","name":"Centrocor oferece forma\u00e7\u00e3o exclusiva com CEO da CAMAUTO - Jornal das Oficinas","isPartOf":{"@id":"https:\/\/jornaldasoficinas.com\/pt\/#website"},"primaryImageOfPage":{"@id":"https:\/\/jornaldasoficinas.com\/pt\/centrocor-oferece-formacao-exclusiva-com-ceo-da-camauto\/#primaryimage"},"image":{"@id":"https:\/\/jornaldasoficinas.com\/pt\/centrocor-oferece-formacao-exclusiva-com-ceo-da-camauto\/#primaryimage"},"thumbnailUrl":"https:\/\/jornaldasoficinas.com\/pt\/wp-content\/uploads\/2024\/10\/Centrocor-oferece-formacao-exclusiva-com-CEO-da-CAMAUTO.jpg","datePublished":"2024-10-23T15:00:47+00:00","description":"Durante tr\u00eas dias, a Centrocor recebeu nas suas instala\u00e7\u00f5es Charles Aoun, CEO da CAMAUTO Pro, para uma forma\u00e7\u00e3o direcionada para bate-chapas","breadcrumb":{"@id":"https:\/\/jornaldasoficinas.com\/pt\/centrocor-oferece-formacao-exclusiva-com-ceo-da-camauto\/#breadcrumb"},"inLanguage":"pt-PT","potentialAction":[{"@type":"ReadAction","target":["https:\/\/jornaldasoficinas.com\/pt\/centrocor-oferece-formacao-exclusiva-com-ceo-da-camauto\/"]}]},{"@type":"ImageObject","inLanguage":"pt-PT","@id":"https:\/\/jornaldasoficinas.com\/pt\/centrocor-oferece-formacao-exclusiva-com-ceo-da-camauto\/#primaryimage","url":"https:\/\/jornaldasoficinas.com\/pt\/wp-content\/uploads\/2024\/10\/Centrocor-oferece-formacao-exclusiva-com-CEO-da-CAMAUTO.jpg","contentUrl":"https:\/\/jornaldasoficinas.com\/pt\/wp-content\/uploads\/2024\/10\/Centrocor-oferece-formacao-exclusiva-com-CEO-da-CAMAUTO.jpg","width":1024,"height":581,"caption":"10 - Centrocor oferece formacao exclusiva com CEO da CAMAUTO"},{"@type":"BreadcrumbList","@id":"https:\/\/jornaldasoficinas.com\/pt\/centrocor-oferece-formacao-exclusiva-com-ceo-da-camauto\/#breadcrumb","itemListElement":[{"@type":"ListItem","position":1,"name":"In\u00edcio","item":"https:\/\/jornaldasoficinas.com\/pt\/"},{"@type":"ListItem","position":2,"name":"Centrocor oferece forma\u00e7\u00e3o exclusiva com CEO da CAMAUTO"}]},{"@type":"WebSite","@id":"https:\/\/jornaldasoficinas.com\/pt\/#website","url":"https:\/\/jornaldasoficinas.com\/pt\/","name":"Jornal das Oficinas","description":"Jornal independente do Aftermarket Autom\u00f3vel em Portugal","publisher":{"@id":"https:\/\/jornaldasoficinas.com\/pt\/#organization"},"potentialAction":[{"@type":"SearchAction","target":{"@type":"EntryPoint","urlTemplate":"https:\/\/jornaldasoficinas.com\/pt\/?s={search_term_string}"},"query-input":{"@type":"PropertyValueSpecification","valueRequired":true,"valueName":"search_term_string"}}],"inLanguage":"pt-PT"},{"@type":"Organization","@id":"https:\/\/jornaldasoficinas.com\/pt\/#organization","name":"Jornal das Oficinas","url":"https:\/\/jornaldasoficinas.com\/pt\/","logo":{"@type":"ImageObject","inLanguage":"pt-PT","@id":"https:\/\/jornaldasoficinas.com\/pt\/#\/schema\/logo\/image\/","url":"https:\/\/jornaldasoficinas.com\/pt\/wp-content\/uploads\/logoJO-SEO.png","contentUrl":"https:\/\/jornaldasoficinas.com\/pt\/wp-content\/uploads\/logoJO-SEO.png","width":285,"height":450,"caption":"Jornal das Oficinas"},"image":{"@id":"https:\/\/jornaldasoficinas.com\/pt\/#\/schema\/logo\/image\/"},"sameAs":["https:\/\/www.facebook.com\/jornaloficinas","https:\/\/x.com\/jornaloficinas","https:\/\/www.instagram.com\/jornal_oficinas\/","https:\/\/www.linkedin.com\/company\/jornal-das-oficinas\/","https:\/\/www.youtube.com\/channel\/UCbQZBqtcvV-oSQrr7RzINGg"]},{"@type":"Person","@id":"https:\/\/jornaldasoficinas.com\/pt\/#\/schema\/person\/a38eef5de2c41d9e7c9ac10141afddf3","name":"Reda\u00e7\u00e3o JO","image":{"@type":"ImageObject","inLanguage":"pt-PT","@id":"https:\/\/secure.gravatar.com\/avatar\/71f2fa71737ad68a84fea94bc708ddac8ea5b0c4788dc2ad202f3ccb2887742f?s=96&d=wp_user_avatar&r=g","url":"https:\/\/secure.gravatar.com\/avatar\/71f2fa71737ad68a84fea94bc708ddac8ea5b0c4788dc2ad202f3ccb2887742f?s=96&d=wp_user_avatar&r=g","contentUrl":"https:\/\/secure.gravatar.com\/avatar\/71f2fa71737ad68a84fea94bc708ddac8ea5b0c4788dc2ad202f3ccb2887742f?s=96&d=wp_user_avatar&r=g","caption":"Reda\u00e7\u00e3o JO"},"url":"https:\/\/jornaldasoficinas.com\/pt\/author\/joredacao\/"}]}},"_links":{"self":[{"href":"https:\/\/jornaldasoficinas.com\/pt\/wp-json\/wp\/v2\/posts\/92926","targetHints":{"allow":["GET"]}}],"collection":[{"href":"https:\/\/jornaldasoficinas.com\/pt\/wp-json\/wp\/v2\/posts"}],"about":[{"href":"https:\/\/jornaldasoficinas.com\/pt\/wp-json\/wp\/v2\/types\/post"}],"author":[{"embeddable":true,"href":"https:\/\/jornaldasoficinas.com\/pt\/wp-json\/wp\/v2\/users\/15"}],"replies":[{"embeddable":true,"href":"https:\/\/jornaldasoficinas.com\/pt\/wp-json\/wp\/v2\/comments?post=92926"}],"version-history":[{"count":0,"href":"https:\/\/jornaldasoficinas.com\/pt\/wp-json\/wp\/v2\/posts\/92926\/revisions"}],"wp:featuredmedia":[{"embeddable":true,"href":"https:\/\/jornaldasoficinas.com\/pt\/wp-json\/wp\/v2\/media\/92948"}],"wp:attachment":[{"href":"https:\/\/jornaldasoficinas.com\/pt\/wp-json\/wp\/v2\/media?parent=92926"}],"wp:term":[{"taxonomy":"category","embeddable":true,"href":"https:\/\/jornaldasoficinas.com\/pt\/wp-json\/wp\/v2\/categories?post=92926"},{"taxonomy":"post_tag","embeddable":true,"href":"https:\/\/jornaldasoficinas.com\/pt\/wp-json\/wp\/v2\/tags?post=92926"}],"curies":[{"name":"wp","href":"https:\/\/api.w.org\/{rel}","templated":true}]}}