{"id":93134,"date":"2024-10-26T20:12:55","date_gmt":"2024-10-26T19:12:55","guid":{"rendered":"https:\/\/jornaldasoficinas.com\/pt\/?p=93134"},"modified":"2024-10-26T20:12:55","modified_gmt":"2024-10-26T19:12:55","slug":"lovistin-inaugura-novas-instalacoes-em-viseu","status":"publish","type":"post","link":"https:\/\/jornaldasoficinas.com\/pt\/lovistin-inaugura-novas-instalacoes-em-viseu\/","title":{"rendered":"Lovistin inaugura novas instala\u00e7\u00f5es em Viseu"},"content":{"rendered":"<p><strong><img loading=\"lazy\" decoding=\"async\" class=\"alignnone size-full wp-image-93139\" src=\"https:\/\/jornaldasoficinas.com\/pt\/wp-content\/uploads\/2024\/10\/Lovestin.jpeg\" alt=\"10 - Lovestin\" width=\"1024\" height=\"581\" srcset=\"https:\/\/jornaldasoficinas.com\/pt\/wp-content\/uploads\/2024\/10\/Lovestin.jpeg 1024w, https:\/\/jornaldasoficinas.com\/pt\/wp-content\/uploads\/2024\/10\/Lovestin-300x170.jpeg 300w, https:\/\/jornaldasoficinas.com\/pt\/wp-content\/uploads\/2024\/10\/Lovestin-150x85.jpeg 150w, https:\/\/jornaldasoficinas.com\/pt\/wp-content\/uploads\/2024\/10\/Lovestin-768x436.jpeg 768w\" sizes=\"auto, (max-width: 1024px) 100vw, 1024px\" \/><\/strong><\/p>\n<p><strong>A <a href=\"https:\/\/www.lovistin.pt\/\" target=\"_blank\" rel=\"noopener\">Lovistin<\/a> inaugurou hoje novas instala\u00e7\u00f5es em Viseu. Manuel Silva, fundador e diretor-geral da empresa, foi o anfitri\u00e3o da cerim\u00f3nia de inaugura\u00e7\u00e3o que juntou muitos clientes, amigos e fornecedores, num dia de festa e celebra\u00e7\u00e3o<\/strong><\/p>\n<p>Constru\u00eddo de raiz num espa\u00e7o localizado na zona industrial de Viseu, o novo edif\u00edcio integra um showroom, sala de forma\u00e7\u00e3o, laborat\u00f3rio, zonas de trabalho para trabalhos de repintura, escrit\u00f3rios para administrativos e um amplo armaz\u00e9m.<\/p>\n<p>As novas instala\u00e7\u00f5es da Lovistin refletem os atuais standards da repintura autom\u00f3vel e apostam na sustentabilidade. A grande superf\u00edcie vidrada potencia o aproveitamento da luz natural e todo projeto tem com objetivo promover a efici\u00eancia energ\u00e9tica.<\/p>\n<p>O novo espa\u00e7o proporciona melhores servi\u00e7os, tendo melhorado a parte log\u00edstica com mais espa\u00e7o para fazer face \u00e0s necessidades dos clientes. Para Manuel Silva, &#8220;a inaugura\u00e7\u00e3o das instala\u00e7\u00f5es s\u00e3o o resultado de muito esfor\u00e7o, dedica\u00e7\u00e3o e persist\u00eancia. Este pavilh\u00e3o representa muito mais do que um espa\u00e7o f\u00edsico, \u00e9 o futuro da nossa empresa. E \u00e9 aqui que vamos continuar a servir os nossos clientes com a qualidade que sempre nos distinguiu&#8221;.<\/p>\n<p>&#8220;Aliado a isso, \u00e9 aqui que vamos formar novos profissionais, porque acreditamos que o conhecimento deve ser passado e multiplicado&#8221;, sublinhou o diretor-geral.<\/p>\n<p>A Lovistin tem uma liga\u00e7\u00e3o hist\u00f3rica \u00e0 <a href=\"https:\/\/www.glasurit.com\/pt\" target=\"_blank\" rel=\"noopener\">Glasurit<\/a>, tendo contribu\u00eddo para a implementa\u00e7\u00e3o da marca na zona centro do pa\u00eds, o que lhe valeu a lideran\u00e7a do mercado regional, com cerca de 700 clientes, e ser escolhida para um dos quatro distribuidores oficiais Glasurit em Portugal.<\/p>\n<p>&#8220;Em toda a rede de distribuidores que temos em Portugal e Espanha n\u00e3o h\u00e1 nada de semelhante ao que existe aqui neste novo espa\u00e7o. O facto de ter um centro de forma\u00e7\u00e3o, demonstra tamb\u00e9m a vis\u00e3o estrat\u00e9gica incr\u00edvel que o Manuel Silva tem. Como representante da marca BASF, \u00e9 um enorme orgulho estar aqui com voc\u00eas hoje&#8221;, referiu Thierry Van der Brempt, diretor ib\u00e9rico da BASF Coatings Services.<\/p>\n<p>A inaugura\u00e7\u00e3o tamb\u00e9m serviu como mote para apresentar um novo produto que promete ser um &#8220;passo muito al\u00e9m de tudo aquilo que foi feito at\u00e9 agora&#8221;, assegurou Erik-Jan van de Wiel, Business Sales Manager da BASF Coatings Services. Trata-se de um novo sistema de pintura que reduz em at\u00e9 20% o tempo de aplica\u00e7\u00e3o de secagem e que acaba agora de chegar ao mercado.<\/p>\n","protected":false},"excerpt":{"rendered":"<p>A Lovistin inaugurou hoje novas instala\u00e7\u00f5es&#8230;<\/p>\n","protected":false},"author":15,"featured_media":93139,"comment_status":"closed","ping_status":"closed","sticky":false,"template":"","format":"standard","meta":{"footnotes":""},"categories":[29],"tags":[247,4716,244,604,3072,6929,7461,148],"class_list":["post-93134","post","type-post","status-publish","format-standard","has-post-thumbnail","hentry","category-empresas","tag-basf","tag-evento","tag-glasurit","tag-lovistin","tag-novas-instalacoes","tag-novidades","tag-novo-produto","tag-repintura"],"yoast_head":"<!-- This site is optimized with the Yoast SEO plugin v27.4 - https:\/\/yoast.com\/product\/yoast-seo-wordpress\/ -->\n<title>Lovistin inaugura novas instala\u00e7\u00f5es em Viseu - Jornal das Oficinas<\/title>\n<meta name=\"description\" content=\"A Lovistin inaugurou hoje novas instala\u00e7\u00f5es em Viseu. Manuel Silva, diretor-geral da empresa, foi o anfitri\u00e3o da cerim\u00f3nia de inaugura\u00e7\u00e3o\" \/>\n<meta name=\"robots\" content=\"index, follow, max-snippet:-1, max-image-preview:large, max-video-preview:-1\" \/>\n<link rel=\"canonical\" href=\"https:\/\/jornaldasoficinas.com\/pt\/lovistin-inaugura-novas-instalacoes-em-viseu\/\" \/>\n<meta property=\"og:locale\" content=\"pt_PT\" \/>\n<meta property=\"og:type\" content=\"article\" \/>\n<meta property=\"og:title\" content=\"Lovistin inaugura novas instala\u00e7\u00f5es em Viseu - Jornal das Oficinas\" \/>\n<meta property=\"og:description\" content=\"A Lovistin inaugurou hoje novas instala\u00e7\u00f5es em Viseu. Manuel Silva, diretor-geral da empresa, foi o anfitri\u00e3o da cerim\u00f3nia de inaugura\u00e7\u00e3o\" \/>\n<meta property=\"og:url\" content=\"https:\/\/jornaldasoficinas.com\/pt\/lovistin-inaugura-novas-instalacoes-em-viseu\/\" \/>\n<meta property=\"og:site_name\" content=\"Jornal das Oficinas\" \/>\n<meta property=\"article:publisher\" content=\"https:\/\/www.facebook.com\/jornaloficinas\" \/>\n<meta property=\"article:published_time\" content=\"2024-10-26T19:12:55+00:00\" \/>\n<meta property=\"og:image\" content=\"https:\/\/jornaldasoficinas.com\/pt\/wp-content\/uploads\/2024\/10\/Lovestin.jpeg\" \/>\n\t<meta property=\"og:image:width\" content=\"1024\" \/>\n\t<meta property=\"og:image:height\" content=\"581\" \/>\n\t<meta property=\"og:image:type\" content=\"image\/jpeg\" \/>\n<meta name=\"author\" content=\"Reda\u00e7\u00e3o JO\" \/>\n<meta name=\"twitter:card\" content=\"summary_large_image\" \/>\n<meta name=\"twitter:creator\" content=\"@jornaloficinas\" \/>\n<meta name=\"twitter:site\" content=\"@jornaloficinas\" \/>\n<meta name=\"twitter:label1\" content=\"Escrito por\" \/>\n\t<meta name=\"twitter:data1\" content=\"Reda\u00e7\u00e3o JO\" \/>\n\t<meta name=\"twitter:label2\" content=\"Tempo estimado de leitura\" \/>\n\t<meta name=\"twitter:data2\" content=\"3 minutos\" \/>\n<script type=\"application\/ld+json\" class=\"yoast-schema-graph\">{\"@context\":\"https:\\\/\\\/schema.org\",\"@graph\":[{\"@type\":\"Article\",\"@id\":\"https:\\\/\\\/jornaldasoficinas.com\\\/pt\\\/lovistin-inaugura-novas-instalacoes-em-viseu\\\/#article\",\"isPartOf\":{\"@id\":\"https:\\\/\\\/jornaldasoficinas.com\\\/pt\\\/lovistin-inaugura-novas-instalacoes-em-viseu\\\/\"},\"author\":{\"name\":\"Reda\u00e7\u00e3o JO\",\"@id\":\"https:\\\/\\\/jornaldasoficinas.com\\\/pt\\\/#\\\/schema\\\/person\\\/a38eef5de2c41d9e7c9ac10141afddf3\"},\"headline\":\"Lovistin inaugura novas instala\u00e7\u00f5es em Viseu\",\"datePublished\":\"2024-10-26T19:12:55+00:00\",\"mainEntityOfPage\":{\"@id\":\"https:\\\/\\\/jornaldasoficinas.com\\\/pt\\\/lovistin-inaugura-novas-instalacoes-em-viseu\\\/\"},\"wordCount\":427,\"publisher\":{\"@id\":\"https:\\\/\\\/jornaldasoficinas.com\\\/pt\\\/#organization\"},\"image\":{\"@id\":\"https:\\\/\\\/jornaldasoficinas.com\\\/pt\\\/lovistin-inaugura-novas-instalacoes-em-viseu\\\/#primaryimage\"},\"thumbnailUrl\":\"https:\\\/\\\/jornaldasoficinas.com\\\/pt\\\/wp-content\\\/uploads\\\/2024\\\/10\\\/Lovestin.jpeg\",\"keywords\":[\"BASF\",\"Evento\",\"Glasurit\",\"lovistin\",\"Novas instala\u00e7\u00f5es\",\"Novidades\",\"novo produto\",\"Repintura\"],\"articleSection\":[\"Empresas\"],\"inLanguage\":\"pt-PT\"},{\"@type\":\"WebPage\",\"@id\":\"https:\\\/\\\/jornaldasoficinas.com\\\/pt\\\/lovistin-inaugura-novas-instalacoes-em-viseu\\\/\",\"url\":\"https:\\\/\\\/jornaldasoficinas.com\\\/pt\\\/lovistin-inaugura-novas-instalacoes-em-viseu\\\/\",\"name\":\"Lovistin inaugura novas instala\u00e7\u00f5es em Viseu - Jornal das Oficinas\",\"isPartOf\":{\"@id\":\"https:\\\/\\\/jornaldasoficinas.com\\\/pt\\\/#website\"},\"primaryImageOfPage\":{\"@id\":\"https:\\\/\\\/jornaldasoficinas.com\\\/pt\\\/lovistin-inaugura-novas-instalacoes-em-viseu\\\/#primaryimage\"},\"image\":{\"@id\":\"https:\\\/\\\/jornaldasoficinas.com\\\/pt\\\/lovistin-inaugura-novas-instalacoes-em-viseu\\\/#primaryimage\"},\"thumbnailUrl\":\"https:\\\/\\\/jornaldasoficinas.com\\\/pt\\\/wp-content\\\/uploads\\\/2024\\\/10\\\/Lovestin.jpeg\",\"datePublished\":\"2024-10-26T19:12:55+00:00\",\"description\":\"A Lovistin inaugurou hoje novas instala\u00e7\u00f5es em Viseu. Manuel Silva, diretor-geral da empresa, foi o anfitri\u00e3o da cerim\u00f3nia de inaugura\u00e7\u00e3o\",\"breadcrumb\":{\"@id\":\"https:\\\/\\\/jornaldasoficinas.com\\\/pt\\\/lovistin-inaugura-novas-instalacoes-em-viseu\\\/#breadcrumb\"},\"inLanguage\":\"pt-PT\",\"potentialAction\":[{\"@type\":\"ReadAction\",\"target\":[\"https:\\\/\\\/jornaldasoficinas.com\\\/pt\\\/lovistin-inaugura-novas-instalacoes-em-viseu\\\/\"]}]},{\"@type\":\"ImageObject\",\"inLanguage\":\"pt-PT\",\"@id\":\"https:\\\/\\\/jornaldasoficinas.com\\\/pt\\\/lovistin-inaugura-novas-instalacoes-em-viseu\\\/#primaryimage\",\"url\":\"https:\\\/\\\/jornaldasoficinas.com\\\/pt\\\/wp-content\\\/uploads\\\/2024\\\/10\\\/Lovestin.jpeg\",\"contentUrl\":\"https:\\\/\\\/jornaldasoficinas.com\\\/pt\\\/wp-content\\\/uploads\\\/2024\\\/10\\\/Lovestin.jpeg\",\"width\":1024,\"height\":581,\"caption\":\"10 - Lovestin\"},{\"@type\":\"BreadcrumbList\",\"@id\":\"https:\\\/\\\/jornaldasoficinas.com\\\/pt\\\/lovistin-inaugura-novas-instalacoes-em-viseu\\\/#breadcrumb\",\"itemListElement\":[{\"@type\":\"ListItem\",\"position\":1,\"name\":\"In\u00edcio\",\"item\":\"https:\\\/\\\/jornaldasoficinas.com\\\/pt\\\/\"},{\"@type\":\"ListItem\",\"position\":2,\"name\":\"Lovistin inaugura novas instala\u00e7\u00f5es em Viseu\"}]},{\"@type\":\"WebSite\",\"@id\":\"https:\\\/\\\/jornaldasoficinas.com\\\/pt\\\/#website\",\"url\":\"https:\\\/\\\/jornaldasoficinas.com\\\/pt\\\/\",\"name\":\"Jornal das Oficinas\",\"description\":\"Jornal independente do Aftermarket Autom\u00f3vel em Portugal\",\"publisher\":{\"@id\":\"https:\\\/\\\/jornaldasoficinas.com\\\/pt\\\/#organization\"},\"potentialAction\":[{\"@type\":\"SearchAction\",\"target\":{\"@type\":\"EntryPoint\",\"urlTemplate\":\"https:\\\/\\\/jornaldasoficinas.com\\\/pt\\\/?s={search_term_string}\"},\"query-input\":{\"@type\":\"PropertyValueSpecification\",\"valueRequired\":true,\"valueName\":\"search_term_string\"}}],\"inLanguage\":\"pt-PT\"},{\"@type\":\"Organization\",\"@id\":\"https:\\\/\\\/jornaldasoficinas.com\\\/pt\\\/#organization\",\"name\":\"Jornal das Oficinas\",\"url\":\"https:\\\/\\\/jornaldasoficinas.com\\\/pt\\\/\",\"logo\":{\"@type\":\"ImageObject\",\"inLanguage\":\"pt-PT\",\"@id\":\"https:\\\/\\\/jornaldasoficinas.com\\\/pt\\\/#\\\/schema\\\/logo\\\/image\\\/\",\"url\":\"https:\\\/\\\/jornaldasoficinas.com\\\/pt\\\/wp-content\\\/uploads\\\/logoJO-SEO.png\",\"contentUrl\":\"https:\\\/\\\/jornaldasoficinas.com\\\/pt\\\/wp-content\\\/uploads\\\/logoJO-SEO.png\",\"width\":285,\"height\":450,\"caption\":\"Jornal das Oficinas\"},\"image\":{\"@id\":\"https:\\\/\\\/jornaldasoficinas.com\\\/pt\\\/#\\\/schema\\\/logo\\\/image\\\/\"},\"sameAs\":[\"https:\\\/\\\/www.facebook.com\\\/jornaloficinas\",\"https:\\\/\\\/x.com\\\/jornaloficinas\",\"https:\\\/\\\/www.instagram.com\\\/jornal_oficinas\\\/\",\"https:\\\/\\\/www.linkedin.com\\\/company\\\/jornal-das-oficinas\\\/\",\"https:\\\/\\\/www.youtube.com\\\/channel\\\/UCbQZBqtcvV-oSQrr7RzINGg\"]},{\"@type\":\"Person\",\"@id\":\"https:\\\/\\\/jornaldasoficinas.com\\\/pt\\\/#\\\/schema\\\/person\\\/a38eef5de2c41d9e7c9ac10141afddf3\",\"name\":\"Reda\u00e7\u00e3o JO\",\"image\":{\"@type\":\"ImageObject\",\"inLanguage\":\"pt-PT\",\"@id\":\"https:\\\/\\\/secure.gravatar.com\\\/avatar\\\/71f2fa71737ad68a84fea94bc708ddac8ea5b0c4788dc2ad202f3ccb2887742f?s=96&d=wp_user_avatar&r=g\",\"url\":\"https:\\\/\\\/secure.gravatar.com\\\/avatar\\\/71f2fa71737ad68a84fea94bc708ddac8ea5b0c4788dc2ad202f3ccb2887742f?s=96&d=wp_user_avatar&r=g\",\"contentUrl\":\"https:\\\/\\\/secure.gravatar.com\\\/avatar\\\/71f2fa71737ad68a84fea94bc708ddac8ea5b0c4788dc2ad202f3ccb2887742f?s=96&d=wp_user_avatar&r=g\",\"caption\":\"Reda\u00e7\u00e3o JO\"},\"url\":\"https:\\\/\\\/jornaldasoficinas.com\\\/pt\\\/author\\\/joredacao\\\/\"}]}<\/script>\n<!-- \/ Yoast SEO plugin. -->","yoast_head_json":{"title":"Lovistin inaugura novas instala\u00e7\u00f5es em Viseu - Jornal das Oficinas","description":"A Lovistin inaugurou hoje novas instala\u00e7\u00f5es em Viseu. Manuel Silva, diretor-geral da empresa, foi o anfitri\u00e3o da cerim\u00f3nia de inaugura\u00e7\u00e3o","robots":{"index":"index","follow":"follow","max-snippet":"max-snippet:-1","max-image-preview":"max-image-preview:large","max-video-preview":"max-video-preview:-1"},"canonical":"https:\/\/jornaldasoficinas.com\/pt\/lovistin-inaugura-novas-instalacoes-em-viseu\/","og_locale":"pt_PT","og_type":"article","og_title":"Lovistin inaugura novas instala\u00e7\u00f5es em Viseu - Jornal das Oficinas","og_description":"A Lovistin inaugurou hoje novas instala\u00e7\u00f5es em Viseu. Manuel Silva, diretor-geral da empresa, foi o anfitri\u00e3o da cerim\u00f3nia de inaugura\u00e7\u00e3o","og_url":"https:\/\/jornaldasoficinas.com\/pt\/lovistin-inaugura-novas-instalacoes-em-viseu\/","og_site_name":"Jornal das Oficinas","article_publisher":"https:\/\/www.facebook.com\/jornaloficinas","article_published_time":"2024-10-26T19:12:55+00:00","og_image":[{"width":1024,"height":581,"url":"https:\/\/jornaldasoficinas.com\/pt\/wp-content\/uploads\/2024\/10\/Lovestin.jpeg","type":"image\/jpeg"}],"author":"Reda\u00e7\u00e3o JO","twitter_card":"summary_large_image","twitter_creator":"@jornaloficinas","twitter_site":"@jornaloficinas","twitter_misc":{"Escrito por":"Reda\u00e7\u00e3o JO","Tempo estimado de leitura":"3 minutos"},"schema":{"@context":"https:\/\/schema.org","@graph":[{"@type":"Article","@id":"https:\/\/jornaldasoficinas.com\/pt\/lovistin-inaugura-novas-instalacoes-em-viseu\/#article","isPartOf":{"@id":"https:\/\/jornaldasoficinas.com\/pt\/lovistin-inaugura-novas-instalacoes-em-viseu\/"},"author":{"name":"Reda\u00e7\u00e3o JO","@id":"https:\/\/jornaldasoficinas.com\/pt\/#\/schema\/person\/a38eef5de2c41d9e7c9ac10141afddf3"},"headline":"Lovistin inaugura novas instala\u00e7\u00f5es em Viseu","datePublished":"2024-10-26T19:12:55+00:00","mainEntityOfPage":{"@id":"https:\/\/jornaldasoficinas.com\/pt\/lovistin-inaugura-novas-instalacoes-em-viseu\/"},"wordCount":427,"publisher":{"@id":"https:\/\/jornaldasoficinas.com\/pt\/#organization"},"image":{"@id":"https:\/\/jornaldasoficinas.com\/pt\/lovistin-inaugura-novas-instalacoes-em-viseu\/#primaryimage"},"thumbnailUrl":"https:\/\/jornaldasoficinas.com\/pt\/wp-content\/uploads\/2024\/10\/Lovestin.jpeg","keywords":["BASF","Evento","Glasurit","lovistin","Novas instala\u00e7\u00f5es","Novidades","novo produto","Repintura"],"articleSection":["Empresas"],"inLanguage":"pt-PT"},{"@type":"WebPage","@id":"https:\/\/jornaldasoficinas.com\/pt\/lovistin-inaugura-novas-instalacoes-em-viseu\/","url":"https:\/\/jornaldasoficinas.com\/pt\/lovistin-inaugura-novas-instalacoes-em-viseu\/","name":"Lovistin inaugura novas instala\u00e7\u00f5es em Viseu - Jornal das Oficinas","isPartOf":{"@id":"https:\/\/jornaldasoficinas.com\/pt\/#website"},"primaryImageOfPage":{"@id":"https:\/\/jornaldasoficinas.com\/pt\/lovistin-inaugura-novas-instalacoes-em-viseu\/#primaryimage"},"image":{"@id":"https:\/\/jornaldasoficinas.com\/pt\/lovistin-inaugura-novas-instalacoes-em-viseu\/#primaryimage"},"thumbnailUrl":"https:\/\/jornaldasoficinas.com\/pt\/wp-content\/uploads\/2024\/10\/Lovestin.jpeg","datePublished":"2024-10-26T19:12:55+00:00","description":"A Lovistin inaugurou hoje novas instala\u00e7\u00f5es em Viseu. Manuel Silva, diretor-geral da empresa, foi o anfitri\u00e3o da cerim\u00f3nia de inaugura\u00e7\u00e3o","breadcrumb":{"@id":"https:\/\/jornaldasoficinas.com\/pt\/lovistin-inaugura-novas-instalacoes-em-viseu\/#breadcrumb"},"inLanguage":"pt-PT","potentialAction":[{"@type":"ReadAction","target":["https:\/\/jornaldasoficinas.com\/pt\/lovistin-inaugura-novas-instalacoes-em-viseu\/"]}]},{"@type":"ImageObject","inLanguage":"pt-PT","@id":"https:\/\/jornaldasoficinas.com\/pt\/lovistin-inaugura-novas-instalacoes-em-viseu\/#primaryimage","url":"https:\/\/jornaldasoficinas.com\/pt\/wp-content\/uploads\/2024\/10\/Lovestin.jpeg","contentUrl":"https:\/\/jornaldasoficinas.com\/pt\/wp-content\/uploads\/2024\/10\/Lovestin.jpeg","width":1024,"height":581,"caption":"10 - Lovestin"},{"@type":"BreadcrumbList","@id":"https:\/\/jornaldasoficinas.com\/pt\/lovistin-inaugura-novas-instalacoes-em-viseu\/#breadcrumb","itemListElement":[{"@type":"ListItem","position":1,"name":"In\u00edcio","item":"https:\/\/jornaldasoficinas.com\/pt\/"},{"@type":"ListItem","position":2,"name":"Lovistin inaugura novas instala\u00e7\u00f5es em Viseu"}]},{"@type":"WebSite","@id":"https:\/\/jornaldasoficinas.com\/pt\/#website","url":"https:\/\/jornaldasoficinas.com\/pt\/","name":"Jornal das Oficinas","description":"Jornal independente do Aftermarket Autom\u00f3vel em Portugal","publisher":{"@id":"https:\/\/jornaldasoficinas.com\/pt\/#organization"},"potentialAction":[{"@type":"SearchAction","target":{"@type":"EntryPoint","urlTemplate":"https:\/\/jornaldasoficinas.com\/pt\/?s={search_term_string}"},"query-input":{"@type":"PropertyValueSpecification","valueRequired":true,"valueName":"search_term_string"}}],"inLanguage":"pt-PT"},{"@type":"Organization","@id":"https:\/\/jornaldasoficinas.com\/pt\/#organization","name":"Jornal das Oficinas","url":"https:\/\/jornaldasoficinas.com\/pt\/","logo":{"@type":"ImageObject","inLanguage":"pt-PT","@id":"https:\/\/jornaldasoficinas.com\/pt\/#\/schema\/logo\/image\/","url":"https:\/\/jornaldasoficinas.com\/pt\/wp-content\/uploads\/logoJO-SEO.png","contentUrl":"https:\/\/jornaldasoficinas.com\/pt\/wp-content\/uploads\/logoJO-SEO.png","width":285,"height":450,"caption":"Jornal das Oficinas"},"image":{"@id":"https:\/\/jornaldasoficinas.com\/pt\/#\/schema\/logo\/image\/"},"sameAs":["https:\/\/www.facebook.com\/jornaloficinas","https:\/\/x.com\/jornaloficinas","https:\/\/www.instagram.com\/jornal_oficinas\/","https:\/\/www.linkedin.com\/company\/jornal-das-oficinas\/","https:\/\/www.youtube.com\/channel\/UCbQZBqtcvV-oSQrr7RzINGg"]},{"@type":"Person","@id":"https:\/\/jornaldasoficinas.com\/pt\/#\/schema\/person\/a38eef5de2c41d9e7c9ac10141afddf3","name":"Reda\u00e7\u00e3o JO","image":{"@type":"ImageObject","inLanguage":"pt-PT","@id":"https:\/\/secure.gravatar.com\/avatar\/71f2fa71737ad68a84fea94bc708ddac8ea5b0c4788dc2ad202f3ccb2887742f?s=96&d=wp_user_avatar&r=g","url":"https:\/\/secure.gravatar.com\/avatar\/71f2fa71737ad68a84fea94bc708ddac8ea5b0c4788dc2ad202f3ccb2887742f?s=96&d=wp_user_avatar&r=g","contentUrl":"https:\/\/secure.gravatar.com\/avatar\/71f2fa71737ad68a84fea94bc708ddac8ea5b0c4788dc2ad202f3ccb2887742f?s=96&d=wp_user_avatar&r=g","caption":"Reda\u00e7\u00e3o JO"},"url":"https:\/\/jornaldasoficinas.com\/pt\/author\/joredacao\/"}]}},"_links":{"self":[{"href":"https:\/\/jornaldasoficinas.com\/pt\/wp-json\/wp\/v2\/posts\/93134","targetHints":{"allow":["GET"]}}],"collection":[{"href":"https:\/\/jornaldasoficinas.com\/pt\/wp-json\/wp\/v2\/posts"}],"about":[{"href":"https:\/\/jornaldasoficinas.com\/pt\/wp-json\/wp\/v2\/types\/post"}],"author":[{"embeddable":true,"href":"https:\/\/jornaldasoficinas.com\/pt\/wp-json\/wp\/v2\/users\/15"}],"replies":[{"embeddable":true,"href":"https:\/\/jornaldasoficinas.com\/pt\/wp-json\/wp\/v2\/comments?post=93134"}],"version-history":[{"count":0,"href":"https:\/\/jornaldasoficinas.com\/pt\/wp-json\/wp\/v2\/posts\/93134\/revisions"}],"wp:featuredmedia":[{"embeddable":true,"href":"https:\/\/jornaldasoficinas.com\/pt\/wp-json\/wp\/v2\/media\/93139"}],"wp:attachment":[{"href":"https:\/\/jornaldasoficinas.com\/pt\/wp-json\/wp\/v2\/media?parent=93134"}],"wp:term":[{"taxonomy":"category","embeddable":true,"href":"https:\/\/jornaldasoficinas.com\/pt\/wp-json\/wp\/v2\/categories?post=93134"},{"taxonomy":"post_tag","embeddable":true,"href":"https:\/\/jornaldasoficinas.com\/pt\/wp-json\/wp\/v2\/tags?post=93134"}],"curies":[{"name":"wp","href":"https:\/\/api.w.org\/{rel}","templated":true}]}}