{"id":93174,"date":"2024-10-27T20:00:12","date_gmt":"2024-10-27T20:00:12","guid":{"rendered":"https:\/\/jornaldasoficinas.com\/pt\/?p=93174"},"modified":"2024-10-27T11:49:00","modified_gmt":"2024-10-27T11:49:00","slug":"jornal-das-oficinas-de-outubro-novembro-disponivel-online","status":"publish","type":"post","link":"https:\/\/jornaldasoficinas.com\/pt\/jornal-das-oficinas-de-outubro-novembro-disponivel-online\/","title":{"rendered":"Jornal das Oficinas de outubro\/novembro dispon\u00edvel online"},"content":{"rendered":"<p><img loading=\"lazy\" decoding=\"async\" class=\"alignnone size-full wp-image-93176\" src=\"https:\/\/jornaldasoficinas.com\/pt\/wp-content\/uploads\/2024\/10\/jo219Big.jpg\" alt=\"10 - jo219Big\" width=\"1024\" height=\"581\" srcset=\"https:\/\/jornaldasoficinas.com\/pt\/wp-content\/uploads\/2024\/10\/jo219Big.jpg 1024w, https:\/\/jornaldasoficinas.com\/pt\/wp-content\/uploads\/2024\/10\/jo219Big-300x170.jpg 300w, https:\/\/jornaldasoficinas.com\/pt\/wp-content\/uploads\/2024\/10\/jo219Big-150x85.jpg 150w, https:\/\/jornaldasoficinas.com\/pt\/wp-content\/uploads\/2024\/10\/jo219Big-768x436.jpg 768w\" sizes=\"auto, (max-width: 1024px) 100vw, 1024px\" \/><\/p>\n<p><strong>Na edi\u00e7\u00e3o de outubro\/novembro do Jornal das Oficinas N\u00ba 219, o artigo de destaque \u00e9 sobre a Mobilidade sustent\u00e1vel. O setor autom\u00f3vel atravessa uma fase de grandes mudan\u00e7as, muito por conta da consci\u00eancia cada vez mais ecol\u00f3gica que a sociedade tem vindo a desenvolver. O que implica esta transforma\u00e7\u00e3o? Que estrat\u00e9gias devem as empresas implementar para integrar a sustentabilidade com sucesso no seu planeamento? Tentamos responder a estas e a outras quest\u00f5es neste artigo<\/strong><\/p>\n<p><a href=\"https:\/\/www.apcomunicacao.com\/galatop100\" target=\"_blank\" rel=\"noopener\">X Gala TOP 100<\/a>. O sal\u00e3o principal do Casino da Figueira da Foz foi o palco da X Gala TOP 100 Distribuidores e Oficinas. Para esta d\u00e9cima edi\u00e7\u00e3o, tudo foi pensado ao pormenor, e o resultado final foi um sucesso. Mais de duzentos e cinquenta convidados viveram momentos inesquec\u00edveis, num cen\u00e1rio cheio glamour, charme e muita emo\u00e7\u00e3o.<\/p>\n<p><a href=\"https:\/\/www.apcomunicacao.com\/melhor-mecatronico\" target=\"_blank\" rel=\"noopener\">Competi\u00e7\u00e3o Melhor Mecatr\u00f3nico 2024<\/a>. A Final da Competi\u00e7\u00e3o Melhor Mecatr\u00f3nico 2024 est\u00e1 prestes a acontecer e os oito finalistas est\u00e3o mais do que preparados para este grande desafio. Durante tr\u00eas dias (8, 9 e 10 de novembro) v\u00e3o p\u00f4r \u00e0 prova os seus conhecimentos e lutar por um lugar no p\u00f3dio dos Melhores Mecatr\u00f3nicos de Portugal.<\/p>\n<p><a href=\"https:\/\/expomecanica.pt\/pt\/\" target=\"_blank\" rel=\"noopener\">expoMEC\u00c2NICA 2024<\/a>. Vai abrir as portas para o maior evento do setor aftermarket realizado em Portugal. Ser\u00e3o quatro pavilh\u00f5es, mais de 250 expositores e 24.000 metros quadrados de \u00e1rea de exposi\u00e7\u00e3o, onde haver\u00e1 n\u00e3o s\u00f3 espa\u00e7o para o networking, mas tamb\u00e9m para o debate num extenso programa de confer\u00eancias e eventos paralelos.<\/p>\n<p><a href=\"https:\/\/expomecanica.pt\/pt\/\" target=\"_blank\" rel=\"noopener\">Automechanika Frankfurt 2024<\/a>. A Messe Frankfurt recebeu a Automechanika 2024, a maior feira do aftermarket autom\u00f3vel, que contou com 4.200 expositores de 80 pa\u00edses e 108.000 visitantes de todo o mundo, demonstrando a vitalidade do setor e confirmando que o mercado est\u00e1 mais din\u00e2mico do que nunca.<\/p>\n<p>A Conven\u00e7\u00e3o <a href=\"https:\/\/www.pador.pt\/\" target=\"_blank\" rel=\"noopener\">Pador Auto Service<\/a> 2024, by <a href=\"https:\/\/store.rodapecas.pt\/pt\" target=\"_blank\" rel=\"noopener\">Rodape\u00e7as<\/a>, teve lugar no Centro de Congressos de Aveiro, em 12 de outubro, sob o mote \u201cJuntos Transformamos o Amanh\u00e3!\u201d. Com a realiza\u00e7\u00e3o deste evento, a Rodape\u00e7as pretendeu informar os seus parceiros sobre as tend\u00eancias do setor.<\/p>\n<p><a href=\"https:\/\/www.momotires.it\/en\/default.asp\" target=\"_blank\" rel=\"noopener\">MOMO Tires<\/a>. Esta marca fortalece a sua posi\u00e7\u00e3o no mercado portugu\u00eas com o apoio da Create Business, distribuidora oficial em Portugal. A marca considera o mercado portugu\u00eas de grande import\u00e2ncia estrat\u00e9gica.<\/p>\n<p><a href=\"https:\/\/www.ntn-snr.com\/\" target=\"_blank\" rel=\"noopener\">NTN Europe<\/a>. Um dos pilares do crescimento da NTN Europe \u00e9 o desenvolvimento da sua oferta aftermarket. Este ano, acelerou o ritmo neste dom\u00ednio com o lan\u00e7amento de duas novas gamas de sensores e veios de transmiss\u00e3o remanufaturados, para al\u00e9m da sua oferta de amortecedores a g\u00e1s que cobrem mais de 80% do parque autom\u00f3vel europeu.<\/p>\n<p>Oficina do M\u00eas. Jos\u00e9 Ribeiro e Jorge Duarte fundaram a Mister Oficina em 2015 com o objetivo de oferecer um servi\u00e7o diferenciado em Viseu. Desde ent\u00e3o, t\u00eam concretizado essa miss\u00e3o de forma ex\u00edmia, valorizando cada detalhe. Em entrevista ao JO, os respons\u00e1veis partilharam como tem sido o percurso de crescimento da oficina at\u00e9 aqui<\/p>\n<p>Podcast Renting no P\u00f3s-Venda Autom\u00f3vel. Com um crescimento na ordem dos mil milh\u00f5es de euros, durante o ano de 2023, o Renting tem assumido cada vez mais a sua posi\u00e7\u00e3o no mercado portugu\u00eas. O Podcast do \u201cDar Voz ao Aftermarket\u201d by Jornal das Oficinas, quis saber se o Renting tem futuro e como t\u00eam as oficinas respondido a tamanho crescimento<\/p>\n<p>Menos res\u00edduos na repara\u00e7\u00e3o. A regra dos tr\u00eas R para a sustentabilidade ambiental, para al\u00e9m de reutilizar e reciclar, passa por reduzir. A repara\u00e7\u00e3o de pe\u00e7as (em vez da substitui\u00e7\u00e3o destas) \u00e9 uma das principais medidas preventivas quanto \u00e0 produ\u00e7\u00e3o de res\u00edduos das oficinas de ve\u00edculos. Os principais intervenientes no mercado p\u00f3s-venda devem ter o conceito de reparabilidade entre os seus objetivos estrat\u00e9gicos<\/p>\n<p>F\u00f3rum <a href=\"https:\/\/dpai.acap.pt\/pt\/home\" target=\"_blank\" rel=\"noopener\">DPAI\/ACAP<\/a>. Realiza-se no dia 28 de novembro, no Museu do Oriente, o seu F\u00f3rum anual, que ir\u00e1 reunir v\u00e1rias centenas de profissionais do setor aftermarket. Com a realiza\u00e7\u00e3o deste evento, a ACAP\/DPAI prop\u00f5e debater os temas que ir\u00e3o ter mais impacto no futuro do aftermarket<\/p>\n<p>22\u00ba Encontro <a href=\"https:\/\/www.valorpneu.pt\/\" target=\"_blank\" rel=\"noopener\">Valorpneu<\/a>. Decorreu no RIA PARK HOTEL &amp; SPA, em Almancil, nos dias 8 e 9 de outubro, com a presen\u00e7a de diversos stakeholders, parceiros e colaboradores, que assistiram a mais um ano de conquistas<\/p>\n<p>Profissionais mais procurados. O emprego no setor da repara\u00e7\u00e3o est\u00e1 de muito boa sa\u00fade. \u00c9 uma atividade onde quase n\u00e3o existe desemprego, motivo pelo qual existe uma s\u00e9rie de perfis de trabalhadores que escasseiam<\/p>\n<p><strong>Nesta edi\u00e7\u00e3o pode ainda ler as seguintes entrevistas:<\/strong><\/p>\n<p>\u00c1lvaro Sousa, administrador ASB \u2013 <a href=\"https:\/\/www.asborrego.pt\/\" target=\"_blank\" rel=\"noopener\">\u00c1lvaro de Sousa Borrego<\/a><\/p>\n<p>Ant\u00f3nio Gon\u00e7alves, diretor-geral da <a href=\"https:\/\/www.goncalteam.pt\/\" target=\"_blank\" rel=\"noopener\">Gon\u00e7alTeam<\/a><\/p>\n<p>Carlos Coelho, Diretor-Geral da <a href=\"https:\/\/phaarmpecas.pt\/\" target=\"_blank\" rel=\"noopener\">Phaarmpe\u00e7as<\/a><\/p>\n<p>H\u00e9lder Vasconcelos, gerente da <a href=\"https:\/\/www.zukipecas.pt\/pt\/\" target=\"_blank\" rel=\"noopener\">Zukipe\u00e7as<\/a><\/p>\n<p>Manel Real, diretor de vendas Aftermarket Iberia <a href=\"https:\/\/www.continental-engineparts.com\/eu\/pt-pt\/\" target=\"_blank\" rel=\"noopener\">Continental ContiTech<\/a><\/p>\n<p>Manuel Cardoso, administrador da <a href=\"https:\/\/www.sgp-globalparts.pt\/pt\/\" target=\"_blank\" rel=\"noopener\">Global Parts<\/a><\/p>\n<p>Maria Jo\u00e3o Serras, s\u00f3cia e gestora da <a href=\"https:\/\/joaoserras.pt\/\" target=\"_blank\" rel=\"noopener\">Jo\u00e3o Serras<\/a>, Com\u00e9rcio de Pneus e Combust\u00edveis Lda.<\/p>\n<p>Miguel Portol\u00e9s, Country&amp;Sales Diretor <a href=\"https:\/\/www.denso-am.eu\/pt\/servico-ao-cliente\" target=\"_blank\" rel=\"noopener\">DENSO Aftermarket Iberia<\/a><\/p>\n<p>Paulo Costa Pinto, CEO <a href=\"https:\/\/mfpinto.com\/\" target=\"_blank\" rel=\"noopener\">MF Pinto<\/a><\/p>\n<p>Marco Faria e Paulo Gaspar, gerentes <a href=\"https:\/\/proxira.pt\/\" target=\"_blank\" rel=\"noopener\">Proxira<\/a><\/p>\n<p>Ricardo Sousa, Coordenador de Forma\u00e7\u00e3o do <a href=\"https:\/\/www.grupojap.pt\/\" target=\"_blank\" rel=\"noopener\">Grupo JAP<\/a><\/p>\n<p>&nbsp;<\/p>\n<p><iframe loading=\"lazy\" src=\"https:\/\/www.yumpu.com\/pt\/embed\/view\/aqlZ427XMjskOfr9\" width=\"620px\" height=\"400px\" frameborder=\"0\" allowfullscreen=\"allowfullscreen\"><\/iframe><\/p>\n","protected":false},"excerpt":{"rendered":"<p>Na edi\u00e7\u00e3o de outubro\/novembro do Jornal&#8230;<\/p>\n","protected":false},"author":15,"featured_media":93176,"comment_status":"closed","ping_status":"closed","sticky":false,"template":"","format":"standard","meta":{"footnotes":""},"categories":[411],"tags":[477,508,1758,2411,874,1356,1048,11027,201,1951,1939,8913,11026,726,1990,11029,11028,6934,11025,2260,2677,2729,610,1742,2742],"class_list":["post-93174","post","type-post","status-publish","format-standard","has-post-thumbnail","hentry","category-edicoes-jo","tag-alvaro-de-sousa-borrego","tag-asb","tag-automechanika","tag-contitech","tag-create-business","tag-denso","tag-dpai-acap","tag-expomecanica-2024","tag-gala-top-100","tag-global-parts","tag-goncalteam","tag-grupo-jap","tag-joao-serras-comercio-de-pneus-e-combustiveis-lda","tag-melhor-mecatronico","tag-mf-pinto","tag-mister-oficina","tag-momo-tires","tag-ntn-europe","tag-outubro-novembro","tag-pador","tag-phaarmpecas","tag-proxira","tag-rodapecas","tag-valorpneu","tag-zukipecas"],"yoast_head":"<!-- This site is optimized with the Yoast SEO plugin v27.5 - https:\/\/yoast.com\/product\/yoast-seo-wordpress\/ -->\n<title>Jornal das Oficinas de outubro\/novembro dispon\u00edvel online - Jornal das Oficinas<\/title>\n<meta name=\"description\" content=\"Na edi\u00e7\u00e3o de outubro\/novembro do Jornal das Oficinas N\u00ba 219, o artigo de destaque \u00e9 sobre a Mobilidade sustent\u00e1vel\" \/>\n<meta name=\"robots\" content=\"index, follow, max-snippet:-1, max-image-preview:large, max-video-preview:-1\" \/>\n<link rel=\"canonical\" href=\"https:\/\/jornaldasoficinas.com\/pt\/jornal-das-oficinas-de-outubro-novembro-disponivel-online\/\" \/>\n<meta property=\"og:locale\" content=\"pt_PT\" \/>\n<meta property=\"og:type\" content=\"article\" \/>\n<meta property=\"og:title\" content=\"Jornal das Oficinas de outubro\/novembro dispon\u00edvel online - Jornal das Oficinas\" \/>\n<meta property=\"og:description\" content=\"Na edi\u00e7\u00e3o de outubro\/novembro do Jornal das Oficinas N\u00ba 219, o artigo de destaque \u00e9 sobre a Mobilidade sustent\u00e1vel\" \/>\n<meta property=\"og:url\" content=\"https:\/\/jornaldasoficinas.com\/pt\/jornal-das-oficinas-de-outubro-novembro-disponivel-online\/\" \/>\n<meta property=\"og:site_name\" content=\"Jornal das Oficinas\" \/>\n<meta property=\"article:publisher\" content=\"https:\/\/www.facebook.com\/jornaloficinas\" \/>\n<meta property=\"article:published_time\" content=\"2024-10-27T20:00:12+00:00\" \/>\n<meta property=\"og:image\" content=\"https:\/\/jornaldasoficinas.com\/pt\/wp-content\/uploads\/2024\/10\/jo219Big.jpg\" \/>\n\t<meta property=\"og:image:width\" content=\"1024\" \/>\n\t<meta property=\"og:image:height\" content=\"581\" \/>\n\t<meta property=\"og:image:type\" content=\"image\/jpeg\" \/>\n<meta name=\"author\" content=\"Reda\u00e7\u00e3o JO\" \/>\n<meta name=\"twitter:card\" content=\"summary_large_image\" \/>\n<meta name=\"twitter:creator\" content=\"@jornaloficinas\" \/>\n<meta name=\"twitter:site\" content=\"@jornaloficinas\" \/>\n<meta name=\"twitter:label1\" content=\"Escrito por\" \/>\n\t<meta name=\"twitter:data1\" content=\"Reda\u00e7\u00e3o JO\" \/>\n\t<meta name=\"twitter:label2\" content=\"Tempo estimado de leitura\" \/>\n\t<meta name=\"twitter:data2\" content=\"5 minutos\" \/>\n<script type=\"application\/ld+json\" class=\"yoast-schema-graph\">{\"@context\":\"https:\\\/\\\/schema.org\",\"@graph\":[{\"@type\":\"Article\",\"@id\":\"https:\\\/\\\/jornaldasoficinas.com\\\/pt\\\/jornal-das-oficinas-de-outubro-novembro-disponivel-online\\\/#article\",\"isPartOf\":{\"@id\":\"https:\\\/\\\/jornaldasoficinas.com\\\/pt\\\/jornal-das-oficinas-de-outubro-novembro-disponivel-online\\\/\"},\"author\":{\"name\":\"Reda\u00e7\u00e3o JO\",\"@id\":\"https:\\\/\\\/jornaldasoficinas.com\\\/pt\\\/#\\\/schema\\\/person\\\/a38eef5de2c41d9e7c9ac10141afddf3\"},\"headline\":\"Jornal das Oficinas de outubro\\\/novembro dispon\u00edvel online\",\"datePublished\":\"2024-10-27T20:00:12+00:00\",\"mainEntityOfPage\":{\"@id\":\"https:\\\/\\\/jornaldasoficinas.com\\\/pt\\\/jornal-das-oficinas-de-outubro-novembro-disponivel-online\\\/\"},\"wordCount\":885,\"publisher\":{\"@id\":\"https:\\\/\\\/jornaldasoficinas.com\\\/pt\\\/#organization\"},\"image\":{\"@id\":\"https:\\\/\\\/jornaldasoficinas.com\\\/pt\\\/jornal-das-oficinas-de-outubro-novembro-disponivel-online\\\/#primaryimage\"},\"thumbnailUrl\":\"https:\\\/\\\/jornaldasoficinas.com\\\/pt\\\/wp-content\\\/uploads\\\/2024\\\/10\\\/jo219Big.jpg\",\"keywords\":[\"Alvaro de Sousa Borrego\",\"ASB\",\"Automechanika\",\"Contitech\",\"Create Business\",\"Denso\",\"DPAI\\\/ACAP\",\"expoMEC\u00c2NICA 2024\",\"Gala TOP 100\",\"Global Parts\",\"Gon\u00e7alteam\",\"Grupo JAP\",\"Jo\u00e3o Serras Com\u00e9rcio de Pneus e Combust\u00edveis Lda\",\"Melhor Mecatr\u00f3nico\",\"MF Pinto\",\"Mister Oficina\",\"MOMO Tires\",\"NTN Europe\",\"outubro\\\/novembro\",\"PADOR\",\"Phaarmpe\u00e7as\",\"Proxira\",\"Rodape\u00e7as\",\"Valorpneu\",\"Zukipe\u00e7as\"],\"articleSection\":[\"Edi\u00e7\u00f5es JO\"],\"inLanguage\":\"pt-PT\"},{\"@type\":\"WebPage\",\"@id\":\"https:\\\/\\\/jornaldasoficinas.com\\\/pt\\\/jornal-das-oficinas-de-outubro-novembro-disponivel-online\\\/\",\"url\":\"https:\\\/\\\/jornaldasoficinas.com\\\/pt\\\/jornal-das-oficinas-de-outubro-novembro-disponivel-online\\\/\",\"name\":\"Jornal das Oficinas de outubro\\\/novembro dispon\u00edvel online - Jornal das Oficinas\",\"isPartOf\":{\"@id\":\"https:\\\/\\\/jornaldasoficinas.com\\\/pt\\\/#website\"},\"primaryImageOfPage\":{\"@id\":\"https:\\\/\\\/jornaldasoficinas.com\\\/pt\\\/jornal-das-oficinas-de-outubro-novembro-disponivel-online\\\/#primaryimage\"},\"image\":{\"@id\":\"https:\\\/\\\/jornaldasoficinas.com\\\/pt\\\/jornal-das-oficinas-de-outubro-novembro-disponivel-online\\\/#primaryimage\"},\"thumbnailUrl\":\"https:\\\/\\\/jornaldasoficinas.com\\\/pt\\\/wp-content\\\/uploads\\\/2024\\\/10\\\/jo219Big.jpg\",\"datePublished\":\"2024-10-27T20:00:12+00:00\",\"description\":\"Na edi\u00e7\u00e3o de outubro\\\/novembro do Jornal das Oficinas N\u00ba 219, o artigo de destaque \u00e9 sobre a Mobilidade sustent\u00e1vel\",\"breadcrumb\":{\"@id\":\"https:\\\/\\\/jornaldasoficinas.com\\\/pt\\\/jornal-das-oficinas-de-outubro-novembro-disponivel-online\\\/#breadcrumb\"},\"inLanguage\":\"pt-PT\",\"potentialAction\":[{\"@type\":\"ReadAction\",\"target\":[\"https:\\\/\\\/jornaldasoficinas.com\\\/pt\\\/jornal-das-oficinas-de-outubro-novembro-disponivel-online\\\/\"]}]},{\"@type\":\"ImageObject\",\"inLanguage\":\"pt-PT\",\"@id\":\"https:\\\/\\\/jornaldasoficinas.com\\\/pt\\\/jornal-das-oficinas-de-outubro-novembro-disponivel-online\\\/#primaryimage\",\"url\":\"https:\\\/\\\/jornaldasoficinas.com\\\/pt\\\/wp-content\\\/uploads\\\/2024\\\/10\\\/jo219Big.jpg\",\"contentUrl\":\"https:\\\/\\\/jornaldasoficinas.com\\\/pt\\\/wp-content\\\/uploads\\\/2024\\\/10\\\/jo219Big.jpg\",\"width\":1024,\"height\":581,\"caption\":\"10 - jo219Big\"},{\"@type\":\"BreadcrumbList\",\"@id\":\"https:\\\/\\\/jornaldasoficinas.com\\\/pt\\\/jornal-das-oficinas-de-outubro-novembro-disponivel-online\\\/#breadcrumb\",\"itemListElement\":[{\"@type\":\"ListItem\",\"position\":1,\"name\":\"In\u00edcio\",\"item\":\"https:\\\/\\\/jornaldasoficinas.com\\\/pt\\\/\"},{\"@type\":\"ListItem\",\"position\":2,\"name\":\"Jornal das Oficinas de outubro\\\/novembro dispon\u00edvel online\"}]},{\"@type\":\"WebSite\",\"@id\":\"https:\\\/\\\/jornaldasoficinas.com\\\/pt\\\/#website\",\"url\":\"https:\\\/\\\/jornaldasoficinas.com\\\/pt\\\/\",\"name\":\"Jornal das Oficinas\",\"description\":\"Jornal independente do Aftermarket Autom\u00f3vel em Portugal\",\"publisher\":{\"@id\":\"https:\\\/\\\/jornaldasoficinas.com\\\/pt\\\/#organization\"},\"potentialAction\":[{\"@type\":\"SearchAction\",\"target\":{\"@type\":\"EntryPoint\",\"urlTemplate\":\"https:\\\/\\\/jornaldasoficinas.com\\\/pt\\\/?s={search_term_string}\"},\"query-input\":{\"@type\":\"PropertyValueSpecification\",\"valueRequired\":true,\"valueName\":\"search_term_string\"}}],\"inLanguage\":\"pt-PT\"},{\"@type\":\"Organization\",\"@id\":\"https:\\\/\\\/jornaldasoficinas.com\\\/pt\\\/#organization\",\"name\":\"Jornal das Oficinas\",\"url\":\"https:\\\/\\\/jornaldasoficinas.com\\\/pt\\\/\",\"logo\":{\"@type\":\"ImageObject\",\"inLanguage\":\"pt-PT\",\"@id\":\"https:\\\/\\\/jornaldasoficinas.com\\\/pt\\\/#\\\/schema\\\/logo\\\/image\\\/\",\"url\":\"https:\\\/\\\/jornaldasoficinas.com\\\/pt\\\/wp-content\\\/uploads\\\/logoJO-SEO.png\",\"contentUrl\":\"https:\\\/\\\/jornaldasoficinas.com\\\/pt\\\/wp-content\\\/uploads\\\/logoJO-SEO.png\",\"width\":285,\"height\":450,\"caption\":\"Jornal das Oficinas\"},\"image\":{\"@id\":\"https:\\\/\\\/jornaldasoficinas.com\\\/pt\\\/#\\\/schema\\\/logo\\\/image\\\/\"},\"sameAs\":[\"https:\\\/\\\/www.facebook.com\\\/jornaloficinas\",\"https:\\\/\\\/x.com\\\/jornaloficinas\",\"https:\\\/\\\/www.instagram.com\\\/jornal_oficinas\\\/\",\"https:\\\/\\\/www.linkedin.com\\\/company\\\/jornal-das-oficinas\\\/\",\"https:\\\/\\\/www.youtube.com\\\/channel\\\/UCbQZBqtcvV-oSQrr7RzINGg\"]},{\"@type\":\"Person\",\"@id\":\"https:\\\/\\\/jornaldasoficinas.com\\\/pt\\\/#\\\/schema\\\/person\\\/a38eef5de2c41d9e7c9ac10141afddf3\",\"name\":\"Reda\u00e7\u00e3o JO\",\"image\":{\"@type\":\"ImageObject\",\"inLanguage\":\"pt-PT\",\"@id\":\"https:\\\/\\\/secure.gravatar.com\\\/avatar\\\/71f2fa71737ad68a84fea94bc708ddac8ea5b0c4788dc2ad202f3ccb2887742f?s=96&d=wp_user_avatar&r=g\",\"url\":\"https:\\\/\\\/secure.gravatar.com\\\/avatar\\\/71f2fa71737ad68a84fea94bc708ddac8ea5b0c4788dc2ad202f3ccb2887742f?s=96&d=wp_user_avatar&r=g\",\"contentUrl\":\"https:\\\/\\\/secure.gravatar.com\\\/avatar\\\/71f2fa71737ad68a84fea94bc708ddac8ea5b0c4788dc2ad202f3ccb2887742f?s=96&d=wp_user_avatar&r=g\",\"caption\":\"Reda\u00e7\u00e3o JO\"},\"url\":\"https:\\\/\\\/jornaldasoficinas.com\\\/pt\\\/author\\\/joredacao\\\/\"}]}<\/script>\n<!-- \/ Yoast SEO plugin. -->","yoast_head_json":{"title":"Jornal das Oficinas de outubro\/novembro dispon\u00edvel online - Jornal das Oficinas","description":"Na edi\u00e7\u00e3o de outubro\/novembro do Jornal das Oficinas N\u00ba 219, o artigo de destaque \u00e9 sobre a Mobilidade sustent\u00e1vel","robots":{"index":"index","follow":"follow","max-snippet":"max-snippet:-1","max-image-preview":"max-image-preview:large","max-video-preview":"max-video-preview:-1"},"canonical":"https:\/\/jornaldasoficinas.com\/pt\/jornal-das-oficinas-de-outubro-novembro-disponivel-online\/","og_locale":"pt_PT","og_type":"article","og_title":"Jornal das Oficinas de outubro\/novembro dispon\u00edvel online - Jornal das Oficinas","og_description":"Na edi\u00e7\u00e3o de outubro\/novembro do Jornal das Oficinas N\u00ba 219, o artigo de destaque \u00e9 sobre a Mobilidade sustent\u00e1vel","og_url":"https:\/\/jornaldasoficinas.com\/pt\/jornal-das-oficinas-de-outubro-novembro-disponivel-online\/","og_site_name":"Jornal das Oficinas","article_publisher":"https:\/\/www.facebook.com\/jornaloficinas","article_published_time":"2024-10-27T20:00:12+00:00","og_image":[{"width":1024,"height":581,"url":"https:\/\/jornaldasoficinas.com\/pt\/wp-content\/uploads\/2024\/10\/jo219Big.jpg","type":"image\/jpeg"}],"author":"Reda\u00e7\u00e3o JO","twitter_card":"summary_large_image","twitter_creator":"@jornaloficinas","twitter_site":"@jornaloficinas","twitter_misc":{"Escrito por":"Reda\u00e7\u00e3o JO","Tempo estimado de leitura":"5 minutos"},"schema":{"@context":"https:\/\/schema.org","@graph":[{"@type":"Article","@id":"https:\/\/jornaldasoficinas.com\/pt\/jornal-das-oficinas-de-outubro-novembro-disponivel-online\/#article","isPartOf":{"@id":"https:\/\/jornaldasoficinas.com\/pt\/jornal-das-oficinas-de-outubro-novembro-disponivel-online\/"},"author":{"name":"Reda\u00e7\u00e3o JO","@id":"https:\/\/jornaldasoficinas.com\/pt\/#\/schema\/person\/a38eef5de2c41d9e7c9ac10141afddf3"},"headline":"Jornal das Oficinas de outubro\/novembro dispon\u00edvel online","datePublished":"2024-10-27T20:00:12+00:00","mainEntityOfPage":{"@id":"https:\/\/jornaldasoficinas.com\/pt\/jornal-das-oficinas-de-outubro-novembro-disponivel-online\/"},"wordCount":885,"publisher":{"@id":"https:\/\/jornaldasoficinas.com\/pt\/#organization"},"image":{"@id":"https:\/\/jornaldasoficinas.com\/pt\/jornal-das-oficinas-de-outubro-novembro-disponivel-online\/#primaryimage"},"thumbnailUrl":"https:\/\/jornaldasoficinas.com\/pt\/wp-content\/uploads\/2024\/10\/jo219Big.jpg","keywords":["Alvaro de Sousa Borrego","ASB","Automechanika","Contitech","Create Business","Denso","DPAI\/ACAP","expoMEC\u00c2NICA 2024","Gala TOP 100","Global Parts","Gon\u00e7alteam","Grupo JAP","Jo\u00e3o Serras Com\u00e9rcio de Pneus e Combust\u00edveis Lda","Melhor Mecatr\u00f3nico","MF Pinto","Mister Oficina","MOMO Tires","NTN Europe","outubro\/novembro","PADOR","Phaarmpe\u00e7as","Proxira","Rodape\u00e7as","Valorpneu","Zukipe\u00e7as"],"articleSection":["Edi\u00e7\u00f5es JO"],"inLanguage":"pt-PT"},{"@type":"WebPage","@id":"https:\/\/jornaldasoficinas.com\/pt\/jornal-das-oficinas-de-outubro-novembro-disponivel-online\/","url":"https:\/\/jornaldasoficinas.com\/pt\/jornal-das-oficinas-de-outubro-novembro-disponivel-online\/","name":"Jornal das Oficinas de outubro\/novembro dispon\u00edvel online - Jornal das Oficinas","isPartOf":{"@id":"https:\/\/jornaldasoficinas.com\/pt\/#website"},"primaryImageOfPage":{"@id":"https:\/\/jornaldasoficinas.com\/pt\/jornal-das-oficinas-de-outubro-novembro-disponivel-online\/#primaryimage"},"image":{"@id":"https:\/\/jornaldasoficinas.com\/pt\/jornal-das-oficinas-de-outubro-novembro-disponivel-online\/#primaryimage"},"thumbnailUrl":"https:\/\/jornaldasoficinas.com\/pt\/wp-content\/uploads\/2024\/10\/jo219Big.jpg","datePublished":"2024-10-27T20:00:12+00:00","description":"Na edi\u00e7\u00e3o de outubro\/novembro do Jornal das Oficinas N\u00ba 219, o artigo de destaque \u00e9 sobre a Mobilidade sustent\u00e1vel","breadcrumb":{"@id":"https:\/\/jornaldasoficinas.com\/pt\/jornal-das-oficinas-de-outubro-novembro-disponivel-online\/#breadcrumb"},"inLanguage":"pt-PT","potentialAction":[{"@type":"ReadAction","target":["https:\/\/jornaldasoficinas.com\/pt\/jornal-das-oficinas-de-outubro-novembro-disponivel-online\/"]}]},{"@type":"ImageObject","inLanguage":"pt-PT","@id":"https:\/\/jornaldasoficinas.com\/pt\/jornal-das-oficinas-de-outubro-novembro-disponivel-online\/#primaryimage","url":"https:\/\/jornaldasoficinas.com\/pt\/wp-content\/uploads\/2024\/10\/jo219Big.jpg","contentUrl":"https:\/\/jornaldasoficinas.com\/pt\/wp-content\/uploads\/2024\/10\/jo219Big.jpg","width":1024,"height":581,"caption":"10 - jo219Big"},{"@type":"BreadcrumbList","@id":"https:\/\/jornaldasoficinas.com\/pt\/jornal-das-oficinas-de-outubro-novembro-disponivel-online\/#breadcrumb","itemListElement":[{"@type":"ListItem","position":1,"name":"In\u00edcio","item":"https:\/\/jornaldasoficinas.com\/pt\/"},{"@type":"ListItem","position":2,"name":"Jornal das Oficinas de outubro\/novembro dispon\u00edvel online"}]},{"@type":"WebSite","@id":"https:\/\/jornaldasoficinas.com\/pt\/#website","url":"https:\/\/jornaldasoficinas.com\/pt\/","name":"Jornal das Oficinas","description":"Jornal independente do Aftermarket Autom\u00f3vel em Portugal","publisher":{"@id":"https:\/\/jornaldasoficinas.com\/pt\/#organization"},"potentialAction":[{"@type":"SearchAction","target":{"@type":"EntryPoint","urlTemplate":"https:\/\/jornaldasoficinas.com\/pt\/?s={search_term_string}"},"query-input":{"@type":"PropertyValueSpecification","valueRequired":true,"valueName":"search_term_string"}}],"inLanguage":"pt-PT"},{"@type":"Organization","@id":"https:\/\/jornaldasoficinas.com\/pt\/#organization","name":"Jornal das Oficinas","url":"https:\/\/jornaldasoficinas.com\/pt\/","logo":{"@type":"ImageObject","inLanguage":"pt-PT","@id":"https:\/\/jornaldasoficinas.com\/pt\/#\/schema\/logo\/image\/","url":"https:\/\/jornaldasoficinas.com\/pt\/wp-content\/uploads\/logoJO-SEO.png","contentUrl":"https:\/\/jornaldasoficinas.com\/pt\/wp-content\/uploads\/logoJO-SEO.png","width":285,"height":450,"caption":"Jornal das Oficinas"},"image":{"@id":"https:\/\/jornaldasoficinas.com\/pt\/#\/schema\/logo\/image\/"},"sameAs":["https:\/\/www.facebook.com\/jornaloficinas","https:\/\/x.com\/jornaloficinas","https:\/\/www.instagram.com\/jornal_oficinas\/","https:\/\/www.linkedin.com\/company\/jornal-das-oficinas\/","https:\/\/www.youtube.com\/channel\/UCbQZBqtcvV-oSQrr7RzINGg"]},{"@type":"Person","@id":"https:\/\/jornaldasoficinas.com\/pt\/#\/schema\/person\/a38eef5de2c41d9e7c9ac10141afddf3","name":"Reda\u00e7\u00e3o JO","image":{"@type":"ImageObject","inLanguage":"pt-PT","@id":"https:\/\/secure.gravatar.com\/avatar\/71f2fa71737ad68a84fea94bc708ddac8ea5b0c4788dc2ad202f3ccb2887742f?s=96&d=wp_user_avatar&r=g","url":"https:\/\/secure.gravatar.com\/avatar\/71f2fa71737ad68a84fea94bc708ddac8ea5b0c4788dc2ad202f3ccb2887742f?s=96&d=wp_user_avatar&r=g","contentUrl":"https:\/\/secure.gravatar.com\/avatar\/71f2fa71737ad68a84fea94bc708ddac8ea5b0c4788dc2ad202f3ccb2887742f?s=96&d=wp_user_avatar&r=g","caption":"Reda\u00e7\u00e3o JO"},"url":"https:\/\/jornaldasoficinas.com\/pt\/author\/joredacao\/"}]}},"_links":{"self":[{"href":"https:\/\/jornaldasoficinas.com\/pt\/wp-json\/wp\/v2\/posts\/93174","targetHints":{"allow":["GET"]}}],"collection":[{"href":"https:\/\/jornaldasoficinas.com\/pt\/wp-json\/wp\/v2\/posts"}],"about":[{"href":"https:\/\/jornaldasoficinas.com\/pt\/wp-json\/wp\/v2\/types\/post"}],"author":[{"embeddable":true,"href":"https:\/\/jornaldasoficinas.com\/pt\/wp-json\/wp\/v2\/users\/15"}],"replies":[{"embeddable":true,"href":"https:\/\/jornaldasoficinas.com\/pt\/wp-json\/wp\/v2\/comments?post=93174"}],"version-history":[{"count":0,"href":"https:\/\/jornaldasoficinas.com\/pt\/wp-json\/wp\/v2\/posts\/93174\/revisions"}],"wp:featuredmedia":[{"embeddable":true,"href":"https:\/\/jornaldasoficinas.com\/pt\/wp-json\/wp\/v2\/media\/93176"}],"wp:attachment":[{"href":"https:\/\/jornaldasoficinas.com\/pt\/wp-json\/wp\/v2\/media?parent=93174"}],"wp:term":[{"taxonomy":"category","embeddable":true,"href":"https:\/\/jornaldasoficinas.com\/pt\/wp-json\/wp\/v2\/categories?post=93174"},{"taxonomy":"post_tag","embeddable":true,"href":"https:\/\/jornaldasoficinas.com\/pt\/wp-json\/wp\/v2\/tags?post=93174"}],"curies":[{"name":"wp","href":"https:\/\/api.w.org\/{rel}","templated":true}]}}