{"id":9330,"date":"2020-02-04T11:43:33","date_gmt":"2020-02-04T11:43:33","guid":{"rendered":"https:\/\/jornaldasoficinas.com\/pt\/?p=9330"},"modified":"2023-07-20T16:06:57","modified_gmt":"2023-07-20T15:06:57","slug":"finlog-anuncia-mobilidade-eletrica-integrada-e-sem-preocupacoes","status":"publish","type":"post","link":"https:\/\/jornaldasoficinas.com\/pt\/finlog-anuncia-mobilidade-eletrica-integrada-e-sem-preocupacoes\/","title":{"rendered":"Finlog anuncia mobilidade el\u00e9trica integrada e sem preocupa\u00e7\u00f5es"},"content":{"rendered":"<p><img loading=\"lazy\" decoding=\"async\" class=\"alignnone wp-image-9328 size-full\" src=\"https:\/\/jornaldasoficinas.com\/pt\/wp-content\/uploads\/2020\/02\/finlogedrive.png\" alt=\"02 - finlogedrive\" width=\"1024\" height=\"581\" srcset=\"https:\/\/jornaldasoficinas.com\/pt\/wp-content\/uploads\/2020\/02\/finlogedrive.png 1024w, https:\/\/jornaldasoficinas.com\/pt\/wp-content\/uploads\/2020\/02\/finlogedrive-300x170.png 300w, https:\/\/jornaldasoficinas.com\/pt\/wp-content\/uploads\/2020\/02\/finlogedrive-150x85.png 150w, https:\/\/jornaldasoficinas.com\/pt\/wp-content\/uploads\/2020\/02\/finlogedrive-768x436.png 768w\" sizes=\"auto, (max-width: 1024px) 100vw, 1024px\" \/><\/p>\n<p><strong>A Finlog, empresa dedicada \u00e0 gest\u00e3o de solu\u00e7\u00f5es de mobilidade e <em>renting<\/em>, refor\u00e7a o seu posicionamento e vis\u00e3o de futuro com a solu\u00e7\u00e3o E-drive.<\/strong><\/p>\n<p>Esta solu\u00e7\u00e3o integrada, que disp\u00f5e de uma mensalidade fixa inclui, para al\u00e9m da viatura, o carregador el\u00e9trico, cart\u00e3o de mobilidade el\u00e9trica EDP, o valor da instala\u00e7\u00e3o de \u20ac235 e ainda 20% desconto no tarif\u00e1rio noturno de eletricidade durante 24 meses.<\/p>\n<p>Atenta ao mercado e \u00e0s necessidades deste, a Finlog apresentar sempre novas solu\u00e7\u00f5es que catalisem valor e atenuem as preocupa\u00e7\u00f5es de quem procura <em>renting<\/em>. Por esse motivo, desenvolve diferentes solu\u00e7\u00f5es que v\u00e3o ao encontro das necessidades das empresas e dos clientes particulares.<\/p>\n<p>A solu\u00e7\u00e3o E-drive, em parceria com a EDP, simplifica e d\u00e1 total autonomia ao cliente, quer seja na sua casa ou na empresa onde trabalha. Com uma mensalidade fixa, \u00e9 poss\u00edvel somar vantagens e reduzir preocupa\u00e7\u00f5es. A saber:<\/p>\n<p>\u2022 Wallbox (carregador el\u00e9trico) j\u00e1 com a capacidade de fazer o balanceamento da energia consumida, sem dispositivos acess\u00f3rios;<\/p>\n<p>\u2022 Assist\u00eancia t\u00e9cnica para a Wallbox (caso seja necess\u00e1ria);<\/p>\n<p>\u2022 Cart\u00e3o de Mobilidade (\u00e9 o \u00fanico cart\u00e3o do mercado com tarifa fixa, independentemente da hora de carregamento);<\/p>\n<p>\u2022 Oferta do valor da instala\u00e7\u00e3o de \u20ac235 (considerando uma dist\u00e2ncia ao quadro el\u00e9trico de 10 metros);<\/p>\n<p>\u2022 Desconto de 20% no tarif\u00e1rio em per\u00edodo noturno durante 24 meses para clientes particulares, caso o local da instala\u00e7\u00e3o do cliente residencial tenha contrato EDP Comercial.<\/p>\n<p>Anunciada como uma solu\u00e7\u00e3o \u201cchave na m\u00e3o\u201d para empresas ou particulares, esta \u00e9 uma forma de simplificar a log\u00edstica da aquisi\u00e7\u00e3o de uma viatura el\u00e9trica.<\/p>\n<p>Mais informa\u00e7\u00f5es, podem ser obtidas <a href=\"https:\/\/www.finlog.pt\/solucoes-de-mobilidade\/renting-viaturas-eletricas\" target=\"_blank\" rel=\"noopener noreferrer\">aqui<\/a>.<\/p>\n","protected":false},"excerpt":{"rendered":"<p>A Finlog, empresa dedicada \u00e0 gest\u00e3o&#8230;<\/p>\n","protected":false},"author":15,"featured_media":9328,"comment_status":"closed","ping_status":"closed","sticky":false,"template":"","format":"standard","meta":{"footnotes":""},"categories":[29],"tags":[1420,1421,806],"class_list":["post-9330","post","type-post","status-publish","format-standard","has-post-thumbnail","hentry","category-empresas","tag-finlog","tag-mobilidade-eletrica","tag-renting"],"yoast_head":"<!-- This site is optimized with the Yoast SEO plugin v27.4 - https:\/\/yoast.com\/product\/yoast-seo-wordpress\/ -->\n<title>Finlog anuncia mobilidade el\u00e9trica integrada e sem preocupa\u00e7\u00f5es - Jornal das Oficinas<\/title>\n<meta name=\"robots\" content=\"index, follow, max-snippet:-1, max-image-preview:large, max-video-preview:-1\" \/>\n<link rel=\"canonical\" href=\"https:\/\/jornaldasoficinas.com\/pt\/finlog-anuncia-mobilidade-eletrica-integrada-e-sem-preocupacoes\/\" \/>\n<meta property=\"og:locale\" content=\"pt_PT\" \/>\n<meta property=\"og:type\" content=\"article\" \/>\n<meta property=\"og:title\" content=\"Finlog anuncia mobilidade el\u00e9trica integrada e sem preocupa\u00e7\u00f5es - Jornal das Oficinas\" \/>\n<meta property=\"og:description\" content=\"A Finlog, empresa dedicada \u00e0 gest\u00e3o...\" \/>\n<meta property=\"og:url\" content=\"https:\/\/jornaldasoficinas.com\/pt\/finlog-anuncia-mobilidade-eletrica-integrada-e-sem-preocupacoes\/\" \/>\n<meta property=\"og:site_name\" content=\"Jornal das Oficinas\" \/>\n<meta property=\"article:publisher\" content=\"https:\/\/www.facebook.com\/jornaloficinas\" \/>\n<meta property=\"article:published_time\" content=\"2020-02-04T11:43:33+00:00\" \/>\n<meta property=\"article:modified_time\" content=\"2023-07-20T15:06:57+00:00\" \/>\n<meta property=\"og:image\" content=\"https:\/\/jornaldasoficinas.com\/pt\/wp-content\/uploads\/2020\/02\/finlogedrive.png\" \/>\n\t<meta property=\"og:image:width\" content=\"1024\" \/>\n\t<meta property=\"og:image:height\" content=\"581\" \/>\n\t<meta property=\"og:image:type\" content=\"image\/png\" \/>\n<meta name=\"author\" content=\"Reda\u00e7\u00e3o JO\" \/>\n<meta name=\"twitter:card\" content=\"summary_large_image\" \/>\n<meta name=\"twitter:creator\" content=\"@jornaloficinas\" \/>\n<meta name=\"twitter:site\" content=\"@jornaloficinas\" \/>\n<meta name=\"twitter:label1\" content=\"Escrito por\" \/>\n\t<meta name=\"twitter:data1\" content=\"Reda\u00e7\u00e3o JO\" \/>\n\t<meta name=\"twitter:label2\" content=\"Tempo estimado de leitura\" \/>\n\t<meta name=\"twitter:data2\" content=\"1 minuto\" \/>\n<script type=\"application\/ld+json\" class=\"yoast-schema-graph\">{\"@context\":\"https:\\\/\\\/schema.org\",\"@graph\":[{\"@type\":\"Article\",\"@id\":\"https:\\\/\\\/jornaldasoficinas.com\\\/pt\\\/finlog-anuncia-mobilidade-eletrica-integrada-e-sem-preocupacoes\\\/#article\",\"isPartOf\":{\"@id\":\"https:\\\/\\\/jornaldasoficinas.com\\\/pt\\\/finlog-anuncia-mobilidade-eletrica-integrada-e-sem-preocupacoes\\\/\"},\"author\":{\"name\":\"Reda\u00e7\u00e3o JO\",\"@id\":\"https:\\\/\\\/jornaldasoficinas.com\\\/pt\\\/#\\\/schema\\\/person\\\/a38eef5de2c41d9e7c9ac10141afddf3\"},\"headline\":\"Finlog anuncia mobilidade el\u00e9trica integrada e sem preocupa\u00e7\u00f5es\",\"datePublished\":\"2020-02-04T11:43:33+00:00\",\"dateModified\":\"2023-07-20T15:06:57+00:00\",\"mainEntityOfPage\":{\"@id\":\"https:\\\/\\\/jornaldasoficinas.com\\\/pt\\\/finlog-anuncia-mobilidade-eletrica-integrada-e-sem-preocupacoes\\\/\"},\"wordCount\":297,\"publisher\":{\"@id\":\"https:\\\/\\\/jornaldasoficinas.com\\\/pt\\\/#organization\"},\"image\":{\"@id\":\"https:\\\/\\\/jornaldasoficinas.com\\\/pt\\\/finlog-anuncia-mobilidade-eletrica-integrada-e-sem-preocupacoes\\\/#primaryimage\"},\"thumbnailUrl\":\"https:\\\/\\\/jornaldasoficinas.com\\\/pt\\\/wp-content\\\/uploads\\\/2020\\\/02\\\/finlogedrive.png\",\"keywords\":[\"Finlog\",\"Mobilidade el\u00e9trica\",\"renting\"],\"articleSection\":[\"Empresas\"],\"inLanguage\":\"pt-PT\"},{\"@type\":\"WebPage\",\"@id\":\"https:\\\/\\\/jornaldasoficinas.com\\\/pt\\\/finlog-anuncia-mobilidade-eletrica-integrada-e-sem-preocupacoes\\\/\",\"url\":\"https:\\\/\\\/jornaldasoficinas.com\\\/pt\\\/finlog-anuncia-mobilidade-eletrica-integrada-e-sem-preocupacoes\\\/\",\"name\":\"Finlog anuncia mobilidade el\u00e9trica integrada e sem preocupa\u00e7\u00f5es - Jornal das Oficinas\",\"isPartOf\":{\"@id\":\"https:\\\/\\\/jornaldasoficinas.com\\\/pt\\\/#website\"},\"primaryImageOfPage\":{\"@id\":\"https:\\\/\\\/jornaldasoficinas.com\\\/pt\\\/finlog-anuncia-mobilidade-eletrica-integrada-e-sem-preocupacoes\\\/#primaryimage\"},\"image\":{\"@id\":\"https:\\\/\\\/jornaldasoficinas.com\\\/pt\\\/finlog-anuncia-mobilidade-eletrica-integrada-e-sem-preocupacoes\\\/#primaryimage\"},\"thumbnailUrl\":\"https:\\\/\\\/jornaldasoficinas.com\\\/pt\\\/wp-content\\\/uploads\\\/2020\\\/02\\\/finlogedrive.png\",\"datePublished\":\"2020-02-04T11:43:33+00:00\",\"dateModified\":\"2023-07-20T15:06:57+00:00\",\"breadcrumb\":{\"@id\":\"https:\\\/\\\/jornaldasoficinas.com\\\/pt\\\/finlog-anuncia-mobilidade-eletrica-integrada-e-sem-preocupacoes\\\/#breadcrumb\"},\"inLanguage\":\"pt-PT\",\"potentialAction\":[{\"@type\":\"ReadAction\",\"target\":[\"https:\\\/\\\/jornaldasoficinas.com\\\/pt\\\/finlog-anuncia-mobilidade-eletrica-integrada-e-sem-preocupacoes\\\/\"]}]},{\"@type\":\"ImageObject\",\"inLanguage\":\"pt-PT\",\"@id\":\"https:\\\/\\\/jornaldasoficinas.com\\\/pt\\\/finlog-anuncia-mobilidade-eletrica-integrada-e-sem-preocupacoes\\\/#primaryimage\",\"url\":\"https:\\\/\\\/jornaldasoficinas.com\\\/pt\\\/wp-content\\\/uploads\\\/2020\\\/02\\\/finlogedrive.png\",\"contentUrl\":\"https:\\\/\\\/jornaldasoficinas.com\\\/pt\\\/wp-content\\\/uploads\\\/2020\\\/02\\\/finlogedrive.png\",\"width\":1024,\"height\":581,\"caption\":\"02 - finlogedrive\"},{\"@type\":\"BreadcrumbList\",\"@id\":\"https:\\\/\\\/jornaldasoficinas.com\\\/pt\\\/finlog-anuncia-mobilidade-eletrica-integrada-e-sem-preocupacoes\\\/#breadcrumb\",\"itemListElement\":[{\"@type\":\"ListItem\",\"position\":1,\"name\":\"In\u00edcio\",\"item\":\"https:\\\/\\\/jornaldasoficinas.com\\\/pt\\\/\"},{\"@type\":\"ListItem\",\"position\":2,\"name\":\"Finlog anuncia mobilidade el\u00e9trica integrada e sem preocupa\u00e7\u00f5es\"}]},{\"@type\":\"WebSite\",\"@id\":\"https:\\\/\\\/jornaldasoficinas.com\\\/pt\\\/#website\",\"url\":\"https:\\\/\\\/jornaldasoficinas.com\\\/pt\\\/\",\"name\":\"Jornal das Oficinas\",\"description\":\"Jornal independente do Aftermarket Autom\u00f3vel em Portugal\",\"publisher\":{\"@id\":\"https:\\\/\\\/jornaldasoficinas.com\\\/pt\\\/#organization\"},\"potentialAction\":[{\"@type\":\"SearchAction\",\"target\":{\"@type\":\"EntryPoint\",\"urlTemplate\":\"https:\\\/\\\/jornaldasoficinas.com\\\/pt\\\/?s={search_term_string}\"},\"query-input\":{\"@type\":\"PropertyValueSpecification\",\"valueRequired\":true,\"valueName\":\"search_term_string\"}}],\"inLanguage\":\"pt-PT\"},{\"@type\":\"Organization\",\"@id\":\"https:\\\/\\\/jornaldasoficinas.com\\\/pt\\\/#organization\",\"name\":\"Jornal das Oficinas\",\"url\":\"https:\\\/\\\/jornaldasoficinas.com\\\/pt\\\/\",\"logo\":{\"@type\":\"ImageObject\",\"inLanguage\":\"pt-PT\",\"@id\":\"https:\\\/\\\/jornaldasoficinas.com\\\/pt\\\/#\\\/schema\\\/logo\\\/image\\\/\",\"url\":\"https:\\\/\\\/jornaldasoficinas.com\\\/pt\\\/wp-content\\\/uploads\\\/logoJO-SEO.png\",\"contentUrl\":\"https:\\\/\\\/jornaldasoficinas.com\\\/pt\\\/wp-content\\\/uploads\\\/logoJO-SEO.png\",\"width\":285,\"height\":450,\"caption\":\"Jornal das Oficinas\"},\"image\":{\"@id\":\"https:\\\/\\\/jornaldasoficinas.com\\\/pt\\\/#\\\/schema\\\/logo\\\/image\\\/\"},\"sameAs\":[\"https:\\\/\\\/www.facebook.com\\\/jornaloficinas\",\"https:\\\/\\\/x.com\\\/jornaloficinas\",\"https:\\\/\\\/www.instagram.com\\\/jornal_oficinas\\\/\",\"https:\\\/\\\/www.linkedin.com\\\/company\\\/jornal-das-oficinas\\\/\",\"https:\\\/\\\/www.youtube.com\\\/channel\\\/UCbQZBqtcvV-oSQrr7RzINGg\"]},{\"@type\":\"Person\",\"@id\":\"https:\\\/\\\/jornaldasoficinas.com\\\/pt\\\/#\\\/schema\\\/person\\\/a38eef5de2c41d9e7c9ac10141afddf3\",\"name\":\"Reda\u00e7\u00e3o JO\",\"image\":{\"@type\":\"ImageObject\",\"inLanguage\":\"pt-PT\",\"@id\":\"https:\\\/\\\/secure.gravatar.com\\\/avatar\\\/71f2fa71737ad68a84fea94bc708ddac8ea5b0c4788dc2ad202f3ccb2887742f?s=96&d=wp_user_avatar&r=g\",\"url\":\"https:\\\/\\\/secure.gravatar.com\\\/avatar\\\/71f2fa71737ad68a84fea94bc708ddac8ea5b0c4788dc2ad202f3ccb2887742f?s=96&d=wp_user_avatar&r=g\",\"contentUrl\":\"https:\\\/\\\/secure.gravatar.com\\\/avatar\\\/71f2fa71737ad68a84fea94bc708ddac8ea5b0c4788dc2ad202f3ccb2887742f?s=96&d=wp_user_avatar&r=g\",\"caption\":\"Reda\u00e7\u00e3o JO\"},\"url\":\"https:\\\/\\\/jornaldasoficinas.com\\\/pt\\\/author\\\/joredacao\\\/\"}]}<\/script>\n<!-- \/ Yoast SEO plugin. -->","yoast_head_json":{"title":"Finlog anuncia mobilidade el\u00e9trica integrada e sem preocupa\u00e7\u00f5es - Jornal das Oficinas","robots":{"index":"index","follow":"follow","max-snippet":"max-snippet:-1","max-image-preview":"max-image-preview:large","max-video-preview":"max-video-preview:-1"},"canonical":"https:\/\/jornaldasoficinas.com\/pt\/finlog-anuncia-mobilidade-eletrica-integrada-e-sem-preocupacoes\/","og_locale":"pt_PT","og_type":"article","og_title":"Finlog anuncia mobilidade el\u00e9trica integrada e sem preocupa\u00e7\u00f5es - Jornal das Oficinas","og_description":"A Finlog, empresa dedicada \u00e0 gest\u00e3o...","og_url":"https:\/\/jornaldasoficinas.com\/pt\/finlog-anuncia-mobilidade-eletrica-integrada-e-sem-preocupacoes\/","og_site_name":"Jornal das Oficinas","article_publisher":"https:\/\/www.facebook.com\/jornaloficinas","article_published_time":"2020-02-04T11:43:33+00:00","article_modified_time":"2023-07-20T15:06:57+00:00","og_image":[{"width":1024,"height":581,"url":"https:\/\/jornaldasoficinas.com\/pt\/wp-content\/uploads\/2020\/02\/finlogedrive.png","type":"image\/png"}],"author":"Reda\u00e7\u00e3o JO","twitter_card":"summary_large_image","twitter_creator":"@jornaloficinas","twitter_site":"@jornaloficinas","twitter_misc":{"Escrito por":"Reda\u00e7\u00e3o JO","Tempo estimado de leitura":"1 minuto"},"schema":{"@context":"https:\/\/schema.org","@graph":[{"@type":"Article","@id":"https:\/\/jornaldasoficinas.com\/pt\/finlog-anuncia-mobilidade-eletrica-integrada-e-sem-preocupacoes\/#article","isPartOf":{"@id":"https:\/\/jornaldasoficinas.com\/pt\/finlog-anuncia-mobilidade-eletrica-integrada-e-sem-preocupacoes\/"},"author":{"name":"Reda\u00e7\u00e3o JO","@id":"https:\/\/jornaldasoficinas.com\/pt\/#\/schema\/person\/a38eef5de2c41d9e7c9ac10141afddf3"},"headline":"Finlog anuncia mobilidade el\u00e9trica integrada e sem preocupa\u00e7\u00f5es","datePublished":"2020-02-04T11:43:33+00:00","dateModified":"2023-07-20T15:06:57+00:00","mainEntityOfPage":{"@id":"https:\/\/jornaldasoficinas.com\/pt\/finlog-anuncia-mobilidade-eletrica-integrada-e-sem-preocupacoes\/"},"wordCount":297,"publisher":{"@id":"https:\/\/jornaldasoficinas.com\/pt\/#organization"},"image":{"@id":"https:\/\/jornaldasoficinas.com\/pt\/finlog-anuncia-mobilidade-eletrica-integrada-e-sem-preocupacoes\/#primaryimage"},"thumbnailUrl":"https:\/\/jornaldasoficinas.com\/pt\/wp-content\/uploads\/2020\/02\/finlogedrive.png","keywords":["Finlog","Mobilidade el\u00e9trica","renting"],"articleSection":["Empresas"],"inLanguage":"pt-PT"},{"@type":"WebPage","@id":"https:\/\/jornaldasoficinas.com\/pt\/finlog-anuncia-mobilidade-eletrica-integrada-e-sem-preocupacoes\/","url":"https:\/\/jornaldasoficinas.com\/pt\/finlog-anuncia-mobilidade-eletrica-integrada-e-sem-preocupacoes\/","name":"Finlog anuncia mobilidade el\u00e9trica integrada e sem preocupa\u00e7\u00f5es - Jornal das Oficinas","isPartOf":{"@id":"https:\/\/jornaldasoficinas.com\/pt\/#website"},"primaryImageOfPage":{"@id":"https:\/\/jornaldasoficinas.com\/pt\/finlog-anuncia-mobilidade-eletrica-integrada-e-sem-preocupacoes\/#primaryimage"},"image":{"@id":"https:\/\/jornaldasoficinas.com\/pt\/finlog-anuncia-mobilidade-eletrica-integrada-e-sem-preocupacoes\/#primaryimage"},"thumbnailUrl":"https:\/\/jornaldasoficinas.com\/pt\/wp-content\/uploads\/2020\/02\/finlogedrive.png","datePublished":"2020-02-04T11:43:33+00:00","dateModified":"2023-07-20T15:06:57+00:00","breadcrumb":{"@id":"https:\/\/jornaldasoficinas.com\/pt\/finlog-anuncia-mobilidade-eletrica-integrada-e-sem-preocupacoes\/#breadcrumb"},"inLanguage":"pt-PT","potentialAction":[{"@type":"ReadAction","target":["https:\/\/jornaldasoficinas.com\/pt\/finlog-anuncia-mobilidade-eletrica-integrada-e-sem-preocupacoes\/"]}]},{"@type":"ImageObject","inLanguage":"pt-PT","@id":"https:\/\/jornaldasoficinas.com\/pt\/finlog-anuncia-mobilidade-eletrica-integrada-e-sem-preocupacoes\/#primaryimage","url":"https:\/\/jornaldasoficinas.com\/pt\/wp-content\/uploads\/2020\/02\/finlogedrive.png","contentUrl":"https:\/\/jornaldasoficinas.com\/pt\/wp-content\/uploads\/2020\/02\/finlogedrive.png","width":1024,"height":581,"caption":"02 - finlogedrive"},{"@type":"BreadcrumbList","@id":"https:\/\/jornaldasoficinas.com\/pt\/finlog-anuncia-mobilidade-eletrica-integrada-e-sem-preocupacoes\/#breadcrumb","itemListElement":[{"@type":"ListItem","position":1,"name":"In\u00edcio","item":"https:\/\/jornaldasoficinas.com\/pt\/"},{"@type":"ListItem","position":2,"name":"Finlog anuncia mobilidade el\u00e9trica integrada e sem preocupa\u00e7\u00f5es"}]},{"@type":"WebSite","@id":"https:\/\/jornaldasoficinas.com\/pt\/#website","url":"https:\/\/jornaldasoficinas.com\/pt\/","name":"Jornal das Oficinas","description":"Jornal independente do Aftermarket Autom\u00f3vel em Portugal","publisher":{"@id":"https:\/\/jornaldasoficinas.com\/pt\/#organization"},"potentialAction":[{"@type":"SearchAction","target":{"@type":"EntryPoint","urlTemplate":"https:\/\/jornaldasoficinas.com\/pt\/?s={search_term_string}"},"query-input":{"@type":"PropertyValueSpecification","valueRequired":true,"valueName":"search_term_string"}}],"inLanguage":"pt-PT"},{"@type":"Organization","@id":"https:\/\/jornaldasoficinas.com\/pt\/#organization","name":"Jornal das Oficinas","url":"https:\/\/jornaldasoficinas.com\/pt\/","logo":{"@type":"ImageObject","inLanguage":"pt-PT","@id":"https:\/\/jornaldasoficinas.com\/pt\/#\/schema\/logo\/image\/","url":"https:\/\/jornaldasoficinas.com\/pt\/wp-content\/uploads\/logoJO-SEO.png","contentUrl":"https:\/\/jornaldasoficinas.com\/pt\/wp-content\/uploads\/logoJO-SEO.png","width":285,"height":450,"caption":"Jornal das Oficinas"},"image":{"@id":"https:\/\/jornaldasoficinas.com\/pt\/#\/schema\/logo\/image\/"},"sameAs":["https:\/\/www.facebook.com\/jornaloficinas","https:\/\/x.com\/jornaloficinas","https:\/\/www.instagram.com\/jornal_oficinas\/","https:\/\/www.linkedin.com\/company\/jornal-das-oficinas\/","https:\/\/www.youtube.com\/channel\/UCbQZBqtcvV-oSQrr7RzINGg"]},{"@type":"Person","@id":"https:\/\/jornaldasoficinas.com\/pt\/#\/schema\/person\/a38eef5de2c41d9e7c9ac10141afddf3","name":"Reda\u00e7\u00e3o JO","image":{"@type":"ImageObject","inLanguage":"pt-PT","@id":"https:\/\/secure.gravatar.com\/avatar\/71f2fa71737ad68a84fea94bc708ddac8ea5b0c4788dc2ad202f3ccb2887742f?s=96&d=wp_user_avatar&r=g","url":"https:\/\/secure.gravatar.com\/avatar\/71f2fa71737ad68a84fea94bc708ddac8ea5b0c4788dc2ad202f3ccb2887742f?s=96&d=wp_user_avatar&r=g","contentUrl":"https:\/\/secure.gravatar.com\/avatar\/71f2fa71737ad68a84fea94bc708ddac8ea5b0c4788dc2ad202f3ccb2887742f?s=96&d=wp_user_avatar&r=g","caption":"Reda\u00e7\u00e3o JO"},"url":"https:\/\/jornaldasoficinas.com\/pt\/author\/joredacao\/"}]}},"_links":{"self":[{"href":"https:\/\/jornaldasoficinas.com\/pt\/wp-json\/wp\/v2\/posts\/9330","targetHints":{"allow":["GET"]}}],"collection":[{"href":"https:\/\/jornaldasoficinas.com\/pt\/wp-json\/wp\/v2\/posts"}],"about":[{"href":"https:\/\/jornaldasoficinas.com\/pt\/wp-json\/wp\/v2\/types\/post"}],"author":[{"embeddable":true,"href":"https:\/\/jornaldasoficinas.com\/pt\/wp-json\/wp\/v2\/users\/15"}],"replies":[{"embeddable":true,"href":"https:\/\/jornaldasoficinas.com\/pt\/wp-json\/wp\/v2\/comments?post=9330"}],"version-history":[{"count":0,"href":"https:\/\/jornaldasoficinas.com\/pt\/wp-json\/wp\/v2\/posts\/9330\/revisions"}],"wp:featuredmedia":[{"embeddable":true,"href":"https:\/\/jornaldasoficinas.com\/pt\/wp-json\/wp\/v2\/media\/9328"}],"wp:attachment":[{"href":"https:\/\/jornaldasoficinas.com\/pt\/wp-json\/wp\/v2\/media?parent=9330"}],"wp:term":[{"taxonomy":"category","embeddable":true,"href":"https:\/\/jornaldasoficinas.com\/pt\/wp-json\/wp\/v2\/categories?post=9330"},{"taxonomy":"post_tag","embeddable":true,"href":"https:\/\/jornaldasoficinas.com\/pt\/wp-json\/wp\/v2\/tags?post=9330"}],"curies":[{"name":"wp","href":"https:\/\/api.w.org\/{rel}","templated":true}]}}