{"id":93343,"date":"2024-11-04T16:00:05","date_gmt":"2024-11-04T16:00:05","guid":{"rendered":"https:\/\/jornaldasoficinas.com\/pt\/?p=93343"},"modified":"2024-11-04T12:17:04","modified_gmt":"2024-11-04T12:17:04","slug":"35-a-convencao-anual-da-anecra-realiza-se-dia-29-de-novembro","status":"publish","type":"post","link":"https:\/\/jornaldasoficinas.com\/pt\/35-a-convencao-anual-da-anecra-realiza-se-dia-29-de-novembro\/","title":{"rendered":"35.\u00aa Conven\u00e7\u00e3o Anual da ANECRA realiza-se dia 29 de novembro"},"content":{"rendered":"<p><strong><img loading=\"lazy\" decoding=\"async\" class=\"alignnone size-full wp-image-93350\" src=\"https:\/\/jornaldasoficinas.com\/pt\/wp-content\/uploads\/2024\/10\/35.a-Convencao-Anual-da-ANECRA-realiza-se-dia-29-de-novembro.jpg\" alt=\"10 - 35.a Convencao Anual da ANECRA realiza se dia 29 de novembro\" width=\"1024\" height=\"581\" srcset=\"https:\/\/jornaldasoficinas.com\/pt\/wp-content\/uploads\/2024\/10\/35.a-Convencao-Anual-da-ANECRA-realiza-se-dia-29-de-novembro.jpg 1024w, https:\/\/jornaldasoficinas.com\/pt\/wp-content\/uploads\/2024\/10\/35.a-Convencao-Anual-da-ANECRA-realiza-se-dia-29-de-novembro-300x170.jpg 300w, https:\/\/jornaldasoficinas.com\/pt\/wp-content\/uploads\/2024\/10\/35.a-Convencao-Anual-da-ANECRA-realiza-se-dia-29-de-novembro-150x85.jpg 150w, https:\/\/jornaldasoficinas.com\/pt\/wp-content\/uploads\/2024\/10\/35.a-Convencao-Anual-da-ANECRA-realiza-se-dia-29-de-novembro-768x436.jpg 768w\" sizes=\"auto, (max-width: 1024px) 100vw, 1024px\" \/><\/strong><\/p>\n<p><strong>No pr\u00f3ximo dia 29 de novembro, no Centro de Congressos de Lisboa, a <a href=\"https:\/\/www.anecra.pt\/\" target=\"_blank\" rel=\"noopener\">ANECRA<\/a> \u2013 Associa\u00e7\u00e3o Nacional das Empresas do Com\u00e9rcio e da Repara\u00e7\u00e3o Autom\u00f3vel, realiza a 35.\u00aa edi\u00e7\u00e3o da sua Conven\u00e7\u00e3o Anual, focada no tema da Mobilidade Sustent\u00e1vel<\/strong><\/p>\n<p>A 35\u00aa Conven\u00e7\u00e3o Anual da ANECRA, ir\u00e1 acontecer no dia 29 de novembro, no Centro de Congressos de Lisboa e ter\u00e1 como tema o &#8220;Sector Autom\u00f3vel \u2013 Mobilidade mais Sustent\u00e1vel&#8221;, convidando \u00e0 reflex\u00e3o sobre quais os caminhos a seguir rumo a um setor mais sustent\u00e1vel do ponto de vista Ambiental, Social e Econ\u00f3mico.<\/p>\n<p>Durante o evento existir\u00e3o v\u00e1rios momentos de partilha sobre os t\u00f3picos mais atuais do setor autom\u00f3vel. De manh\u00e3 ser\u00e1 poss\u00edvel assistir a uma discuss\u00e3o em torno do tema do P\u00f3s-Venda: &#8220;Os Desafios Imediatos da Actividade&#8221;, &#8220;Mobilidade mais Sustent\u00e1vel&#8221;, &#8220;Financiamento Autom\u00f3vel&#8221;, &#8220;Sustentabilidade das Empresas&#8221; e sobre a &#8220;Sociedade 4.0: Da Digitaliza\u00e7\u00e3o \u00e0 Intelig\u00eancia Artificial&#8221;.<\/p>\n<p>Depois de uma pausa para almo\u00e7o ser\u00e1 tempo de conhecer os &#8220;Desafios Imediatos do Com\u00e9rcio de Autom\u00f3veis Usados&#8221; e os &#8220;Grandes Desafios da Sustentabilidade Ind\u00fastria Autom\u00f3vel&#8221;.<\/p>\n<p>A 35\u00aa Conven\u00e7\u00e3o Anual da ANECRA traz, ainda, uma novidade, o regresso dos Pr\u00e9mios ANECRA, que distinguir\u00e3o cinco projetos\/personalidades: no P\u00f3s-Venda, no Com\u00e9rcio de Viaturas Usadas, no Retalho \u2013 Viaturas Novas, a Personalidade do Ano no Setor Autom\u00f3vel e o Pr\u00e9mio Carreira.<\/p>\n<p>A Conven\u00e7\u00e3o Anual da ANECRA representa um dos principais momentos de dinamiza\u00e7\u00e3o associativa junto dos seus membros e da opini\u00e3o p\u00fablica, atrav\u00e9s da pertin\u00eancia dos temas em discuss\u00e3o e da participa\u00e7\u00e3o continuada no evento de empresas de refer\u00eancia do setor autom\u00f3vel.<\/p>\n","protected":false},"excerpt":{"rendered":"<p>No pr\u00f3ximo dia 29 de novembro,&#8230;<\/p>\n","protected":false},"author":15,"featured_media":93350,"comment_status":"closed","ping_status":"closed","sticky":false,"template":"","format":"standard","meta":{"footnotes":""},"categories":[37],"tags":[11058,137,11057,336,9539,1087,751,10720],"class_list":["post-93343","post","type-post","status-publish","format-standard","has-post-thumbnail","hentry","category-mercado","tag-29-de-novembro","tag-anecra","tag-convencao-anual","tag-digitalizacao","tag-financiamento-automovel","tag-inteligencia-artificial","tag-mobilidade-sustentavel","tag-sustentabilidade-das-empresas"],"yoast_head":"<!-- This site is optimized with the Yoast SEO plugin v27.5 - https:\/\/yoast.com\/product\/yoast-seo-wordpress\/ -->\n<title>35.\u00aa Conven\u00e7\u00e3o Anual da ANECRA realiza-se dia 29 de novembro - Jornal das Oficinas<\/title>\n<meta name=\"description\" content=\"No pr\u00f3ximo dia 29 de novembro, no Centro de Congressos de Lisboa, a ANECRA vai realizar a 35.\u00aa edi\u00e7\u00e3o da sua Conven\u00e7\u00e3o Anual\" \/>\n<meta name=\"robots\" content=\"index, follow, max-snippet:-1, max-image-preview:large, max-video-preview:-1\" \/>\n<link rel=\"canonical\" href=\"https:\/\/jornaldasoficinas.com\/pt\/35-a-convencao-anual-da-anecra-realiza-se-dia-29-de-novembro\/\" \/>\n<meta property=\"og:locale\" content=\"pt_PT\" \/>\n<meta property=\"og:type\" content=\"article\" \/>\n<meta property=\"og:title\" content=\"35.\u00aa Conven\u00e7\u00e3o Anual da ANECRA realiza-se dia 29 de novembro - Jornal das Oficinas\" \/>\n<meta property=\"og:description\" content=\"No pr\u00f3ximo dia 29 de novembro, no Centro de Congressos de Lisboa, a ANECRA vai realizar a 35.\u00aa edi\u00e7\u00e3o da sua Conven\u00e7\u00e3o Anual\" \/>\n<meta property=\"og:url\" content=\"https:\/\/jornaldasoficinas.com\/pt\/35-a-convencao-anual-da-anecra-realiza-se-dia-29-de-novembro\/\" \/>\n<meta property=\"og:site_name\" content=\"Jornal das Oficinas\" \/>\n<meta property=\"article:publisher\" content=\"https:\/\/www.facebook.com\/jornaloficinas\" \/>\n<meta property=\"article:published_time\" content=\"2024-11-04T16:00:05+00:00\" \/>\n<meta property=\"og:image\" content=\"https:\/\/jornaldasoficinas.com\/pt\/wp-content\/uploads\/2024\/10\/35.a-Convencao-Anual-da-ANECRA-realiza-se-dia-29-de-novembro.jpg\" \/>\n\t<meta property=\"og:image:width\" content=\"1024\" \/>\n\t<meta property=\"og:image:height\" content=\"581\" \/>\n\t<meta property=\"og:image:type\" content=\"image\/jpeg\" \/>\n<meta name=\"author\" content=\"Reda\u00e7\u00e3o JO\" \/>\n<meta name=\"twitter:card\" content=\"summary_large_image\" \/>\n<meta name=\"twitter:creator\" content=\"@jornaloficinas\" \/>\n<meta name=\"twitter:site\" content=\"@jornaloficinas\" \/>\n<meta name=\"twitter:label1\" content=\"Escrito por\" \/>\n\t<meta name=\"twitter:data1\" content=\"Reda\u00e7\u00e3o JO\" \/>\n\t<meta name=\"twitter:label2\" content=\"Tempo estimado de leitura\" \/>\n\t<meta name=\"twitter:data2\" content=\"2 minutos\" \/>\n<script type=\"application\/ld+json\" class=\"yoast-schema-graph\">{\"@context\":\"https:\\\/\\\/schema.org\",\"@graph\":[{\"@type\":\"Article\",\"@id\":\"https:\\\/\\\/jornaldasoficinas.com\\\/pt\\\/35-a-convencao-anual-da-anecra-realiza-se-dia-29-de-novembro\\\/#article\",\"isPartOf\":{\"@id\":\"https:\\\/\\\/jornaldasoficinas.com\\\/pt\\\/35-a-convencao-anual-da-anecra-realiza-se-dia-29-de-novembro\\\/\"},\"author\":{\"name\":\"Reda\u00e7\u00e3o JO\",\"@id\":\"https:\\\/\\\/jornaldasoficinas.com\\\/pt\\\/#\\\/schema\\\/person\\\/a38eef5de2c41d9e7c9ac10141afddf3\"},\"headline\":\"35.\u00aa Conven\u00e7\u00e3o Anual da ANECRA realiza-se dia 29 de novembro\",\"datePublished\":\"2024-11-04T16:00:05+00:00\",\"mainEntityOfPage\":{\"@id\":\"https:\\\/\\\/jornaldasoficinas.com\\\/pt\\\/35-a-convencao-anual-da-anecra-realiza-se-dia-29-de-novembro\\\/\"},\"wordCount\":300,\"publisher\":{\"@id\":\"https:\\\/\\\/jornaldasoficinas.com\\\/pt\\\/#organization\"},\"image\":{\"@id\":\"https:\\\/\\\/jornaldasoficinas.com\\\/pt\\\/35-a-convencao-anual-da-anecra-realiza-se-dia-29-de-novembro\\\/#primaryimage\"},\"thumbnailUrl\":\"https:\\\/\\\/jornaldasoficinas.com\\\/pt\\\/wp-content\\\/uploads\\\/2024\\\/10\\\/35.a-Convencao-Anual-da-ANECRA-realiza-se-dia-29-de-novembro.jpg\",\"keywords\":[\"29 de novembro\",\"ANECRA\",\"Conven\u00e7\u00e3o Anual\",\"Digitaliza\u00e7\u00e3o\",\"financiamento autom\u00f3vel\",\"Intelig\u00eancia artificial\",\"Mobilidade sustent\u00e1vel\",\"sustentabilidade das empresas\"],\"articleSection\":[\"Mercado\"],\"inLanguage\":\"pt-PT\"},{\"@type\":\"WebPage\",\"@id\":\"https:\\\/\\\/jornaldasoficinas.com\\\/pt\\\/35-a-convencao-anual-da-anecra-realiza-se-dia-29-de-novembro\\\/\",\"url\":\"https:\\\/\\\/jornaldasoficinas.com\\\/pt\\\/35-a-convencao-anual-da-anecra-realiza-se-dia-29-de-novembro\\\/\",\"name\":\"35.\u00aa Conven\u00e7\u00e3o Anual da ANECRA realiza-se dia 29 de novembro - Jornal das Oficinas\",\"isPartOf\":{\"@id\":\"https:\\\/\\\/jornaldasoficinas.com\\\/pt\\\/#website\"},\"primaryImageOfPage\":{\"@id\":\"https:\\\/\\\/jornaldasoficinas.com\\\/pt\\\/35-a-convencao-anual-da-anecra-realiza-se-dia-29-de-novembro\\\/#primaryimage\"},\"image\":{\"@id\":\"https:\\\/\\\/jornaldasoficinas.com\\\/pt\\\/35-a-convencao-anual-da-anecra-realiza-se-dia-29-de-novembro\\\/#primaryimage\"},\"thumbnailUrl\":\"https:\\\/\\\/jornaldasoficinas.com\\\/pt\\\/wp-content\\\/uploads\\\/2024\\\/10\\\/35.a-Convencao-Anual-da-ANECRA-realiza-se-dia-29-de-novembro.jpg\",\"datePublished\":\"2024-11-04T16:00:05+00:00\",\"description\":\"No pr\u00f3ximo dia 29 de novembro, no Centro de Congressos de Lisboa, a ANECRA vai realizar a 35.\u00aa edi\u00e7\u00e3o da sua Conven\u00e7\u00e3o Anual\",\"breadcrumb\":{\"@id\":\"https:\\\/\\\/jornaldasoficinas.com\\\/pt\\\/35-a-convencao-anual-da-anecra-realiza-se-dia-29-de-novembro\\\/#breadcrumb\"},\"inLanguage\":\"pt-PT\",\"potentialAction\":[{\"@type\":\"ReadAction\",\"target\":[\"https:\\\/\\\/jornaldasoficinas.com\\\/pt\\\/35-a-convencao-anual-da-anecra-realiza-se-dia-29-de-novembro\\\/\"]}]},{\"@type\":\"ImageObject\",\"inLanguage\":\"pt-PT\",\"@id\":\"https:\\\/\\\/jornaldasoficinas.com\\\/pt\\\/35-a-convencao-anual-da-anecra-realiza-se-dia-29-de-novembro\\\/#primaryimage\",\"url\":\"https:\\\/\\\/jornaldasoficinas.com\\\/pt\\\/wp-content\\\/uploads\\\/2024\\\/10\\\/35.a-Convencao-Anual-da-ANECRA-realiza-se-dia-29-de-novembro.jpg\",\"contentUrl\":\"https:\\\/\\\/jornaldasoficinas.com\\\/pt\\\/wp-content\\\/uploads\\\/2024\\\/10\\\/35.a-Convencao-Anual-da-ANECRA-realiza-se-dia-29-de-novembro.jpg\",\"width\":1024,\"height\":581,\"caption\":\"10 - 35.a Convencao Anual da ANECRA realiza se dia 29 de novembro\"},{\"@type\":\"BreadcrumbList\",\"@id\":\"https:\\\/\\\/jornaldasoficinas.com\\\/pt\\\/35-a-convencao-anual-da-anecra-realiza-se-dia-29-de-novembro\\\/#breadcrumb\",\"itemListElement\":[{\"@type\":\"ListItem\",\"position\":1,\"name\":\"In\u00edcio\",\"item\":\"https:\\\/\\\/jornaldasoficinas.com\\\/pt\\\/\"},{\"@type\":\"ListItem\",\"position\":2,\"name\":\"35.\u00aa Conven\u00e7\u00e3o Anual da ANECRA realiza-se dia 29 de novembro\"}]},{\"@type\":\"WebSite\",\"@id\":\"https:\\\/\\\/jornaldasoficinas.com\\\/pt\\\/#website\",\"url\":\"https:\\\/\\\/jornaldasoficinas.com\\\/pt\\\/\",\"name\":\"Jornal das Oficinas\",\"description\":\"Jornal independente do Aftermarket Autom\u00f3vel em Portugal\",\"publisher\":{\"@id\":\"https:\\\/\\\/jornaldasoficinas.com\\\/pt\\\/#organization\"},\"potentialAction\":[{\"@type\":\"SearchAction\",\"target\":{\"@type\":\"EntryPoint\",\"urlTemplate\":\"https:\\\/\\\/jornaldasoficinas.com\\\/pt\\\/?s={search_term_string}\"},\"query-input\":{\"@type\":\"PropertyValueSpecification\",\"valueRequired\":true,\"valueName\":\"search_term_string\"}}],\"inLanguage\":\"pt-PT\"},{\"@type\":\"Organization\",\"@id\":\"https:\\\/\\\/jornaldasoficinas.com\\\/pt\\\/#organization\",\"name\":\"Jornal das Oficinas\",\"url\":\"https:\\\/\\\/jornaldasoficinas.com\\\/pt\\\/\",\"logo\":{\"@type\":\"ImageObject\",\"inLanguage\":\"pt-PT\",\"@id\":\"https:\\\/\\\/jornaldasoficinas.com\\\/pt\\\/#\\\/schema\\\/logo\\\/image\\\/\",\"url\":\"https:\\\/\\\/jornaldasoficinas.com\\\/pt\\\/wp-content\\\/uploads\\\/logoJO-SEO.png\",\"contentUrl\":\"https:\\\/\\\/jornaldasoficinas.com\\\/pt\\\/wp-content\\\/uploads\\\/logoJO-SEO.png\",\"width\":285,\"height\":450,\"caption\":\"Jornal das Oficinas\"},\"image\":{\"@id\":\"https:\\\/\\\/jornaldasoficinas.com\\\/pt\\\/#\\\/schema\\\/logo\\\/image\\\/\"},\"sameAs\":[\"https:\\\/\\\/www.facebook.com\\\/jornaloficinas\",\"https:\\\/\\\/x.com\\\/jornaloficinas\",\"https:\\\/\\\/www.instagram.com\\\/jornal_oficinas\\\/\",\"https:\\\/\\\/www.linkedin.com\\\/company\\\/jornal-das-oficinas\\\/\",\"https:\\\/\\\/www.youtube.com\\\/channel\\\/UCbQZBqtcvV-oSQrr7RzINGg\"]},{\"@type\":\"Person\",\"@id\":\"https:\\\/\\\/jornaldasoficinas.com\\\/pt\\\/#\\\/schema\\\/person\\\/a38eef5de2c41d9e7c9ac10141afddf3\",\"name\":\"Reda\u00e7\u00e3o JO\",\"image\":{\"@type\":\"ImageObject\",\"inLanguage\":\"pt-PT\",\"@id\":\"https:\\\/\\\/secure.gravatar.com\\\/avatar\\\/71f2fa71737ad68a84fea94bc708ddac8ea5b0c4788dc2ad202f3ccb2887742f?s=96&d=wp_user_avatar&r=g\",\"url\":\"https:\\\/\\\/secure.gravatar.com\\\/avatar\\\/71f2fa71737ad68a84fea94bc708ddac8ea5b0c4788dc2ad202f3ccb2887742f?s=96&d=wp_user_avatar&r=g\",\"contentUrl\":\"https:\\\/\\\/secure.gravatar.com\\\/avatar\\\/71f2fa71737ad68a84fea94bc708ddac8ea5b0c4788dc2ad202f3ccb2887742f?s=96&d=wp_user_avatar&r=g\",\"caption\":\"Reda\u00e7\u00e3o JO\"},\"url\":\"https:\\\/\\\/jornaldasoficinas.com\\\/pt\\\/author\\\/joredacao\\\/\"}]}<\/script>\n<!-- \/ Yoast SEO plugin. -->","yoast_head_json":{"title":"35.\u00aa Conven\u00e7\u00e3o Anual da ANECRA realiza-se dia 29 de novembro - Jornal das Oficinas","description":"No pr\u00f3ximo dia 29 de novembro, no Centro de Congressos de Lisboa, a ANECRA vai realizar a 35.\u00aa edi\u00e7\u00e3o da sua Conven\u00e7\u00e3o Anual","robots":{"index":"index","follow":"follow","max-snippet":"max-snippet:-1","max-image-preview":"max-image-preview:large","max-video-preview":"max-video-preview:-1"},"canonical":"https:\/\/jornaldasoficinas.com\/pt\/35-a-convencao-anual-da-anecra-realiza-se-dia-29-de-novembro\/","og_locale":"pt_PT","og_type":"article","og_title":"35.\u00aa Conven\u00e7\u00e3o Anual da ANECRA realiza-se dia 29 de novembro - Jornal das Oficinas","og_description":"No pr\u00f3ximo dia 29 de novembro, no Centro de Congressos de Lisboa, a ANECRA vai realizar a 35.\u00aa edi\u00e7\u00e3o da sua Conven\u00e7\u00e3o Anual","og_url":"https:\/\/jornaldasoficinas.com\/pt\/35-a-convencao-anual-da-anecra-realiza-se-dia-29-de-novembro\/","og_site_name":"Jornal das Oficinas","article_publisher":"https:\/\/www.facebook.com\/jornaloficinas","article_published_time":"2024-11-04T16:00:05+00:00","og_image":[{"width":1024,"height":581,"url":"https:\/\/jornaldasoficinas.com\/pt\/wp-content\/uploads\/2024\/10\/35.a-Convencao-Anual-da-ANECRA-realiza-se-dia-29-de-novembro.jpg","type":"image\/jpeg"}],"author":"Reda\u00e7\u00e3o JO","twitter_card":"summary_large_image","twitter_creator":"@jornaloficinas","twitter_site":"@jornaloficinas","twitter_misc":{"Escrito por":"Reda\u00e7\u00e3o JO","Tempo estimado de leitura":"2 minutos"},"schema":{"@context":"https:\/\/schema.org","@graph":[{"@type":"Article","@id":"https:\/\/jornaldasoficinas.com\/pt\/35-a-convencao-anual-da-anecra-realiza-se-dia-29-de-novembro\/#article","isPartOf":{"@id":"https:\/\/jornaldasoficinas.com\/pt\/35-a-convencao-anual-da-anecra-realiza-se-dia-29-de-novembro\/"},"author":{"name":"Reda\u00e7\u00e3o JO","@id":"https:\/\/jornaldasoficinas.com\/pt\/#\/schema\/person\/a38eef5de2c41d9e7c9ac10141afddf3"},"headline":"35.\u00aa Conven\u00e7\u00e3o Anual da ANECRA realiza-se dia 29 de novembro","datePublished":"2024-11-04T16:00:05+00:00","mainEntityOfPage":{"@id":"https:\/\/jornaldasoficinas.com\/pt\/35-a-convencao-anual-da-anecra-realiza-se-dia-29-de-novembro\/"},"wordCount":300,"publisher":{"@id":"https:\/\/jornaldasoficinas.com\/pt\/#organization"},"image":{"@id":"https:\/\/jornaldasoficinas.com\/pt\/35-a-convencao-anual-da-anecra-realiza-se-dia-29-de-novembro\/#primaryimage"},"thumbnailUrl":"https:\/\/jornaldasoficinas.com\/pt\/wp-content\/uploads\/2024\/10\/35.a-Convencao-Anual-da-ANECRA-realiza-se-dia-29-de-novembro.jpg","keywords":["29 de novembro","ANECRA","Conven\u00e7\u00e3o Anual","Digitaliza\u00e7\u00e3o","financiamento autom\u00f3vel","Intelig\u00eancia artificial","Mobilidade sustent\u00e1vel","sustentabilidade das empresas"],"articleSection":["Mercado"],"inLanguage":"pt-PT"},{"@type":"WebPage","@id":"https:\/\/jornaldasoficinas.com\/pt\/35-a-convencao-anual-da-anecra-realiza-se-dia-29-de-novembro\/","url":"https:\/\/jornaldasoficinas.com\/pt\/35-a-convencao-anual-da-anecra-realiza-se-dia-29-de-novembro\/","name":"35.\u00aa Conven\u00e7\u00e3o Anual da ANECRA realiza-se dia 29 de novembro - Jornal das Oficinas","isPartOf":{"@id":"https:\/\/jornaldasoficinas.com\/pt\/#website"},"primaryImageOfPage":{"@id":"https:\/\/jornaldasoficinas.com\/pt\/35-a-convencao-anual-da-anecra-realiza-se-dia-29-de-novembro\/#primaryimage"},"image":{"@id":"https:\/\/jornaldasoficinas.com\/pt\/35-a-convencao-anual-da-anecra-realiza-se-dia-29-de-novembro\/#primaryimage"},"thumbnailUrl":"https:\/\/jornaldasoficinas.com\/pt\/wp-content\/uploads\/2024\/10\/35.a-Convencao-Anual-da-ANECRA-realiza-se-dia-29-de-novembro.jpg","datePublished":"2024-11-04T16:00:05+00:00","description":"No pr\u00f3ximo dia 29 de novembro, no Centro de Congressos de Lisboa, a ANECRA vai realizar a 35.\u00aa edi\u00e7\u00e3o da sua Conven\u00e7\u00e3o Anual","breadcrumb":{"@id":"https:\/\/jornaldasoficinas.com\/pt\/35-a-convencao-anual-da-anecra-realiza-se-dia-29-de-novembro\/#breadcrumb"},"inLanguage":"pt-PT","potentialAction":[{"@type":"ReadAction","target":["https:\/\/jornaldasoficinas.com\/pt\/35-a-convencao-anual-da-anecra-realiza-se-dia-29-de-novembro\/"]}]},{"@type":"ImageObject","inLanguage":"pt-PT","@id":"https:\/\/jornaldasoficinas.com\/pt\/35-a-convencao-anual-da-anecra-realiza-se-dia-29-de-novembro\/#primaryimage","url":"https:\/\/jornaldasoficinas.com\/pt\/wp-content\/uploads\/2024\/10\/35.a-Convencao-Anual-da-ANECRA-realiza-se-dia-29-de-novembro.jpg","contentUrl":"https:\/\/jornaldasoficinas.com\/pt\/wp-content\/uploads\/2024\/10\/35.a-Convencao-Anual-da-ANECRA-realiza-se-dia-29-de-novembro.jpg","width":1024,"height":581,"caption":"10 - 35.a Convencao Anual da ANECRA realiza se dia 29 de novembro"},{"@type":"BreadcrumbList","@id":"https:\/\/jornaldasoficinas.com\/pt\/35-a-convencao-anual-da-anecra-realiza-se-dia-29-de-novembro\/#breadcrumb","itemListElement":[{"@type":"ListItem","position":1,"name":"In\u00edcio","item":"https:\/\/jornaldasoficinas.com\/pt\/"},{"@type":"ListItem","position":2,"name":"35.\u00aa Conven\u00e7\u00e3o Anual da ANECRA realiza-se dia 29 de novembro"}]},{"@type":"WebSite","@id":"https:\/\/jornaldasoficinas.com\/pt\/#website","url":"https:\/\/jornaldasoficinas.com\/pt\/","name":"Jornal das Oficinas","description":"Jornal independente do Aftermarket Autom\u00f3vel em Portugal","publisher":{"@id":"https:\/\/jornaldasoficinas.com\/pt\/#organization"},"potentialAction":[{"@type":"SearchAction","target":{"@type":"EntryPoint","urlTemplate":"https:\/\/jornaldasoficinas.com\/pt\/?s={search_term_string}"},"query-input":{"@type":"PropertyValueSpecification","valueRequired":true,"valueName":"search_term_string"}}],"inLanguage":"pt-PT"},{"@type":"Organization","@id":"https:\/\/jornaldasoficinas.com\/pt\/#organization","name":"Jornal das Oficinas","url":"https:\/\/jornaldasoficinas.com\/pt\/","logo":{"@type":"ImageObject","inLanguage":"pt-PT","@id":"https:\/\/jornaldasoficinas.com\/pt\/#\/schema\/logo\/image\/","url":"https:\/\/jornaldasoficinas.com\/pt\/wp-content\/uploads\/logoJO-SEO.png","contentUrl":"https:\/\/jornaldasoficinas.com\/pt\/wp-content\/uploads\/logoJO-SEO.png","width":285,"height":450,"caption":"Jornal das Oficinas"},"image":{"@id":"https:\/\/jornaldasoficinas.com\/pt\/#\/schema\/logo\/image\/"},"sameAs":["https:\/\/www.facebook.com\/jornaloficinas","https:\/\/x.com\/jornaloficinas","https:\/\/www.instagram.com\/jornal_oficinas\/","https:\/\/www.linkedin.com\/company\/jornal-das-oficinas\/","https:\/\/www.youtube.com\/channel\/UCbQZBqtcvV-oSQrr7RzINGg"]},{"@type":"Person","@id":"https:\/\/jornaldasoficinas.com\/pt\/#\/schema\/person\/a38eef5de2c41d9e7c9ac10141afddf3","name":"Reda\u00e7\u00e3o JO","image":{"@type":"ImageObject","inLanguage":"pt-PT","@id":"https:\/\/secure.gravatar.com\/avatar\/71f2fa71737ad68a84fea94bc708ddac8ea5b0c4788dc2ad202f3ccb2887742f?s=96&d=wp_user_avatar&r=g","url":"https:\/\/secure.gravatar.com\/avatar\/71f2fa71737ad68a84fea94bc708ddac8ea5b0c4788dc2ad202f3ccb2887742f?s=96&d=wp_user_avatar&r=g","contentUrl":"https:\/\/secure.gravatar.com\/avatar\/71f2fa71737ad68a84fea94bc708ddac8ea5b0c4788dc2ad202f3ccb2887742f?s=96&d=wp_user_avatar&r=g","caption":"Reda\u00e7\u00e3o JO"},"url":"https:\/\/jornaldasoficinas.com\/pt\/author\/joredacao\/"}]}},"_links":{"self":[{"href":"https:\/\/jornaldasoficinas.com\/pt\/wp-json\/wp\/v2\/posts\/93343","targetHints":{"allow":["GET"]}}],"collection":[{"href":"https:\/\/jornaldasoficinas.com\/pt\/wp-json\/wp\/v2\/posts"}],"about":[{"href":"https:\/\/jornaldasoficinas.com\/pt\/wp-json\/wp\/v2\/types\/post"}],"author":[{"embeddable":true,"href":"https:\/\/jornaldasoficinas.com\/pt\/wp-json\/wp\/v2\/users\/15"}],"replies":[{"embeddable":true,"href":"https:\/\/jornaldasoficinas.com\/pt\/wp-json\/wp\/v2\/comments?post=93343"}],"version-history":[{"count":0,"href":"https:\/\/jornaldasoficinas.com\/pt\/wp-json\/wp\/v2\/posts\/93343\/revisions"}],"wp:featuredmedia":[{"embeddable":true,"href":"https:\/\/jornaldasoficinas.com\/pt\/wp-json\/wp\/v2\/media\/93350"}],"wp:attachment":[{"href":"https:\/\/jornaldasoficinas.com\/pt\/wp-json\/wp\/v2\/media?parent=93343"}],"wp:term":[{"taxonomy":"category","embeddable":true,"href":"https:\/\/jornaldasoficinas.com\/pt\/wp-json\/wp\/v2\/categories?post=93343"},{"taxonomy":"post_tag","embeddable":true,"href":"https:\/\/jornaldasoficinas.com\/pt\/wp-json\/wp\/v2\/tags?post=93343"}],"curies":[{"name":"wp","href":"https:\/\/api.w.org\/{rel}","templated":true}]}}