{"id":93419,"date":"2024-11-06T08:00:08","date_gmt":"2024-11-06T08:00:08","guid":{"rendered":"https:\/\/jornaldasoficinas.com\/pt\/?p=93419"},"modified":"2024-10-31T12:47:47","modified_gmt":"2024-10-31T12:47:47","slug":"laso-passa-a-utilizar-fuchs-em-todos-os-equipamentos","status":"publish","type":"post","link":"https:\/\/jornaldasoficinas.com\/pt\/laso-passa-a-utilizar-fuchs-em-todos-os-equipamentos\/","title":{"rendered":"LASO passa a utilizar FUCHS em todos os equipamentos"},"content":{"rendered":"<p><strong><img loading=\"lazy\" decoding=\"async\" class=\"alignnone size-full wp-image-93434\" src=\"https:\/\/jornaldasoficinas.com\/pt\/wp-content\/uploads\/2024\/10\/LASO-passa-a-utilizar-FUCHS-em-todos-os-equipamentos.jpg\" alt=\"10 - LASO passa a utilizar FUCHS em todos os equipamentos\" width=\"1024\" height=\"581\" srcset=\"https:\/\/jornaldasoficinas.com\/pt\/wp-content\/uploads\/2024\/10\/LASO-passa-a-utilizar-FUCHS-em-todos-os-equipamentos.jpg 1024w, https:\/\/jornaldasoficinas.com\/pt\/wp-content\/uploads\/2024\/10\/LASO-passa-a-utilizar-FUCHS-em-todos-os-equipamentos-300x170.jpg 300w, https:\/\/jornaldasoficinas.com\/pt\/wp-content\/uploads\/2024\/10\/LASO-passa-a-utilizar-FUCHS-em-todos-os-equipamentos-150x85.jpg 150w, https:\/\/jornaldasoficinas.com\/pt\/wp-content\/uploads\/2024\/10\/LASO-passa-a-utilizar-FUCHS-em-todos-os-equipamentos-768x436.jpg 768w\" sizes=\"auto, (max-width: 1024px) 100vw, 1024px\" \/><\/strong><\/p>\n<p><strong>A <a href=\"https:\/\/www.laso.pt\/pt\/\" target=\"_blank\" rel=\"noopener\">LASO Transportes<\/a> escolheu a <a href=\"https:\/\/www.fuchs.com\/\" target=\"_blank\" rel=\"noopener\">FUCHS<\/a> em 2016 quando estava em plena expans\u00e3o. Hoje, a frota percorre 50 milh\u00f5es de quil\u00f3metros, tr\u00eas vezes mais do que em 2020. Em entrevista \u00e0 <a href=\"https:\/\/www.buss.pt\/\" target=\"_blank\" rel=\"noopener\">BUSS<\/a>, Paulo Franco, diretor executivo da LASO, explicou como tem sido a evolu\u00e7\u00e3o desta parceria nos \u00faltimos anos<\/strong><\/p>\n<p>Para uma frota que d\u00e1 a volta ao mundo tr\u00eas vezes e meia por dia, a sele\u00e7\u00e3o dos lubrificantes, massas e anticongelantes \u00e9 uma prioridade. \u00c9 um fator decisivo quanto \u00e0 seguran\u00e7a, \u00e0 sustentabilidade e \u00e0 competitividade. A LASO escolheu a FUCHS em 2016 quando estava em plena expans\u00e3o. Hoje, a frota percorre 50 milh\u00f5es de quil\u00f3metros, tr\u00eas vezes mais do que em 2020.<\/p>\n<p>A LASO tem crescido muito nos \u00faltimos anos, por isso era hora de rever o contrato com o maior fabricante independente de lubrificantes do mundo. &#8220;Temos um total de 2600 equipamentos: desde autom\u00f3veis, carros de servi\u00e7o, viaturas de alta gama, baixa gama at\u00e9 aos cami\u00f5es especiais, equipamentos de alta produtividade, hidr\u00e1ulicos, etc. Temos praticamente frota para tudo o que seja necess\u00e1rio transportar fora de dimens\u00f5es, \u00e9 a nossa especialidade. Por isso, temos uma necessidade enorme de lubrificantes e a FUCHS tem produto para tudo&#8221;, explicou Paulo Franco, diretor executivo da LASO e acrescentou: &#8220;Desde que usamos FUCHS, os cami\u00f5es at\u00e9 baixam o consumo e as mudan\u00e7as de \u00f3leo s\u00e3o mais espa\u00e7adas. Temos uma confian\u00e7a muito grande na qualidade dos produtos. Por isso, escolhemos a FUCHS h\u00e1 oito anos e por isso decidimos agora ampliar a parceria e ter, assim, um fornecedor \u00fanico com a qualidade de que necessitamos&#8221;.<\/p>\n<p>Desde 2016, a LASO tem expandido para toda a Europa, Marrocos, Saara Ocidental e Mo\u00e7ambique. Hoje, \u00e9 uma das tr\u00eas maiores transportadoras a n\u00edvel europeu, emprega 1300 pessoas, das quais 750 em Portugal. Em 2023, faturou quase 200 milh\u00f5es de euros, marca que visa ultrapassar este ano. Outro objetivo para finais de 2024, in\u00edcio de 2025, \u00e9 a expans\u00e3o para o pr\u00f3ximo mercado: \u00c1frica do Sul. &#8220;Somos l\u00edderes, por exemplo, na \u00e1rea do transporte das energias e\u00f3licas, das energias renov\u00e1veis. Estamos pr\u00f3ximos dos clientes e da\u00ed os principais fabricantes trabalharem connosco&#8221;, informou Paulo Franco. A transportadora com sede perto de Lisboa consegue resolver desafios extremos, como por exemplo, em janeiro deste ano, o transporte de um transformador de pot\u00eancia com um peso de 368 toneladas, um comprimento de 72 metros, uma largura de 5 metros e uma altura de 5,5 metros. A LASO carregou a carga na Central Termoel\u00e9trica do P\u00eago para a transportar at\u00e9 ao Porto de Set\u00fabal e depois para a Gr\u00e9cia. &#8220;Atualmente, para andar por estrada, a partir de 400 toneladas l\u00edquidas come\u00e7a a ser dif\u00edcil por causa das pontes&#8221;, explicou o CEO.<\/p>\n<p>Para al\u00e9m de cinco oficinas em Portugal, Espanha e Fran\u00e7a, a LASO disponibiliza uma d\u00fazia de oficinas m\u00f3veis. &#8220;Um exemplo da nossa parceria com a FUCHS: Decidimos evoluir no \u00f3leo de motor da nossa frota e fizemos, em conjunto, um estudo com um dos produtos mais avan\u00e7ados que a FUCHS tem, o CARGO MAXX II 5W-30. Esse \u00f3leo de motor \u00e9 comprado em Portugal para ser aplicado nas nossas tr\u00eas oficinas em Portugal e nas oficinas em Espanha e Fran\u00e7a&#8221;, referiu Jorge Costa, diretor de manuten\u00e7\u00e3o e sublinhou: &#8220;O apoio t\u00e9cnico e a disponibilidade da FUCHS \u00e9 muito importante para n\u00f3s. Nas oficinas, surgem sempre dificuldades e a equipa da FUCHS tem firmeza t\u00e9cnica e ajuda-nos logo, mesmo aos s\u00e1bados&#8221;.<\/p>\n<p>O que une as duas empresas parceiras \u00e9 a responsabilidade ambiental. A alta tecnologia dos produtos da FUCHS permite reduzir o consumo de combust\u00edvel e, assim, a emiss\u00e3o de CO2 e a LASO investe continuamente nos equipamentos mais avan\u00e7ados: &#8220;Nos ve\u00edculos ligeiros, j\u00e1 estamos a apostar em el\u00e9tricos, nos cami\u00f5es para a nossa \u00e1rea ainda n\u00e3o h\u00e1, mas temos os cami\u00f5es mais modernos do mercado, os Euro 6, e estamos sempre a renovar a frota. E colaboramos com a FUCHS para encontrar as solu\u00e7\u00f5es mais amigas do ambiente, j\u00e1 que a sustentabilidade \u00e9 uma responsabilidade comum a todos&#8221;, concluiu.<\/p>\n","protected":false},"excerpt":{"rendered":"<p>A LASO Transportes escolheu a FUCHS&#8230;<\/p>\n","protected":false},"author":15,"featured_media":93434,"comment_status":"closed","ping_status":"closed","sticky":false,"template":"","format":"standard","meta":{"footnotes":""},"categories":[38],"tags":[10825,277,11074,155,3217,5674,1767],"class_list":["post-93419","post","type-post","status-publish","format-standard","has-post-thumbnail","hentry","category-entrevistas","tag-buss","tag-fuchs","tag-laso","tag-lubrificantes","tag-parceria","tag-reducao-de-emissoes","tag-sustentabilidade"],"yoast_head":"<!-- This site is optimized with the Yoast SEO plugin v27.5 - https:\/\/yoast.com\/product\/yoast-seo-wordpress\/ -->\n<title>LASO passa a utilizar FUCHS em todos os equipamentos - Jornal das Oficinas<\/title>\n<meta name=\"description\" content=\"Em entrevista \u00e0 BUSS, Paulo Franco, diretor executivo da LASO, explicou como tem sido a evolu\u00e7\u00e3o da parceria com a FUCHS nos \u00faltimos anos\" \/>\n<meta name=\"robots\" content=\"index, follow, max-snippet:-1, max-image-preview:large, max-video-preview:-1\" \/>\n<link rel=\"canonical\" href=\"https:\/\/jornaldasoficinas.com\/pt\/laso-passa-a-utilizar-fuchs-em-todos-os-equipamentos\/\" \/>\n<meta property=\"og:locale\" content=\"pt_PT\" \/>\n<meta property=\"og:type\" content=\"article\" \/>\n<meta property=\"og:title\" content=\"LASO passa a utilizar FUCHS em todos os equipamentos - Jornal das Oficinas\" \/>\n<meta property=\"og:description\" content=\"Em entrevista \u00e0 BUSS, Paulo Franco, diretor executivo da LASO, explicou como tem sido a evolu\u00e7\u00e3o da parceria com a FUCHS nos \u00faltimos anos\" \/>\n<meta property=\"og:url\" content=\"https:\/\/jornaldasoficinas.com\/pt\/laso-passa-a-utilizar-fuchs-em-todos-os-equipamentos\/\" \/>\n<meta property=\"og:site_name\" content=\"Jornal das Oficinas\" \/>\n<meta property=\"article:publisher\" content=\"https:\/\/www.facebook.com\/jornaloficinas\" \/>\n<meta property=\"article:published_time\" content=\"2024-11-06T08:00:08+00:00\" \/>\n<meta property=\"og:image\" content=\"https:\/\/jornaldasoficinas.com\/pt\/wp-content\/uploads\/2024\/10\/LASO-passa-a-utilizar-FUCHS-em-todos-os-equipamentos.jpg\" \/>\n\t<meta property=\"og:image:width\" content=\"1024\" \/>\n\t<meta property=\"og:image:height\" content=\"581\" \/>\n\t<meta property=\"og:image:type\" content=\"image\/jpeg\" \/>\n<meta name=\"author\" content=\"Reda\u00e7\u00e3o JO\" \/>\n<meta name=\"twitter:card\" content=\"summary_large_image\" \/>\n<meta name=\"twitter:creator\" content=\"@jornaloficinas\" \/>\n<meta name=\"twitter:site\" content=\"@jornaloficinas\" \/>\n<meta name=\"twitter:label1\" content=\"Escrito por\" \/>\n\t<meta name=\"twitter:data1\" content=\"Reda\u00e7\u00e3o JO\" \/>\n\t<meta name=\"twitter:label2\" content=\"Tempo estimado de leitura\" \/>\n\t<meta name=\"twitter:data2\" content=\"5 minutos\" \/>\n<script type=\"application\/ld+json\" class=\"yoast-schema-graph\">{\"@context\":\"https:\\\/\\\/schema.org\",\"@graph\":[{\"@type\":\"Article\",\"@id\":\"https:\\\/\\\/jornaldasoficinas.com\\\/pt\\\/laso-passa-a-utilizar-fuchs-em-todos-os-equipamentos\\\/#article\",\"isPartOf\":{\"@id\":\"https:\\\/\\\/jornaldasoficinas.com\\\/pt\\\/laso-passa-a-utilizar-fuchs-em-todos-os-equipamentos\\\/\"},\"author\":{\"name\":\"Reda\u00e7\u00e3o JO\",\"@id\":\"https:\\\/\\\/jornaldasoficinas.com\\\/pt\\\/#\\\/schema\\\/person\\\/a38eef5de2c41d9e7c9ac10141afddf3\"},\"headline\":\"LASO passa a utilizar FUCHS em todos os equipamentos\",\"datePublished\":\"2024-11-06T08:00:08+00:00\",\"mainEntityOfPage\":{\"@id\":\"https:\\\/\\\/jornaldasoficinas.com\\\/pt\\\/laso-passa-a-utilizar-fuchs-em-todos-os-equipamentos\\\/\"},\"wordCount\":705,\"publisher\":{\"@id\":\"https:\\\/\\\/jornaldasoficinas.com\\\/pt\\\/#organization\"},\"image\":{\"@id\":\"https:\\\/\\\/jornaldasoficinas.com\\\/pt\\\/laso-passa-a-utilizar-fuchs-em-todos-os-equipamentos\\\/#primaryimage\"},\"thumbnailUrl\":\"https:\\\/\\\/jornaldasoficinas.com\\\/pt\\\/wp-content\\\/uploads\\\/2024\\\/10\\\/LASO-passa-a-utilizar-FUCHS-em-todos-os-equipamentos.jpg\",\"keywords\":[\"BUSS\",\"Fuchs\",\"LASO\",\"Lubrificantes\",\"Parceria\",\"redu\u00e7\u00e3o de emiss\u00f5es\",\"Sustentabilidade\"],\"articleSection\":[\"Entrevistas\"],\"inLanguage\":\"pt-PT\"},{\"@type\":\"WebPage\",\"@id\":\"https:\\\/\\\/jornaldasoficinas.com\\\/pt\\\/laso-passa-a-utilizar-fuchs-em-todos-os-equipamentos\\\/\",\"url\":\"https:\\\/\\\/jornaldasoficinas.com\\\/pt\\\/laso-passa-a-utilizar-fuchs-em-todos-os-equipamentos\\\/\",\"name\":\"LASO passa a utilizar FUCHS em todos os equipamentos - Jornal das Oficinas\",\"isPartOf\":{\"@id\":\"https:\\\/\\\/jornaldasoficinas.com\\\/pt\\\/#website\"},\"primaryImageOfPage\":{\"@id\":\"https:\\\/\\\/jornaldasoficinas.com\\\/pt\\\/laso-passa-a-utilizar-fuchs-em-todos-os-equipamentos\\\/#primaryimage\"},\"image\":{\"@id\":\"https:\\\/\\\/jornaldasoficinas.com\\\/pt\\\/laso-passa-a-utilizar-fuchs-em-todos-os-equipamentos\\\/#primaryimage\"},\"thumbnailUrl\":\"https:\\\/\\\/jornaldasoficinas.com\\\/pt\\\/wp-content\\\/uploads\\\/2024\\\/10\\\/LASO-passa-a-utilizar-FUCHS-em-todos-os-equipamentos.jpg\",\"datePublished\":\"2024-11-06T08:00:08+00:00\",\"description\":\"Em entrevista \u00e0 BUSS, Paulo Franco, diretor executivo da LASO, explicou como tem sido a evolu\u00e7\u00e3o da parceria com a FUCHS nos \u00faltimos anos\",\"breadcrumb\":{\"@id\":\"https:\\\/\\\/jornaldasoficinas.com\\\/pt\\\/laso-passa-a-utilizar-fuchs-em-todos-os-equipamentos\\\/#breadcrumb\"},\"inLanguage\":\"pt-PT\",\"potentialAction\":[{\"@type\":\"ReadAction\",\"target\":[\"https:\\\/\\\/jornaldasoficinas.com\\\/pt\\\/laso-passa-a-utilizar-fuchs-em-todos-os-equipamentos\\\/\"]}]},{\"@type\":\"ImageObject\",\"inLanguage\":\"pt-PT\",\"@id\":\"https:\\\/\\\/jornaldasoficinas.com\\\/pt\\\/laso-passa-a-utilizar-fuchs-em-todos-os-equipamentos\\\/#primaryimage\",\"url\":\"https:\\\/\\\/jornaldasoficinas.com\\\/pt\\\/wp-content\\\/uploads\\\/2024\\\/10\\\/LASO-passa-a-utilizar-FUCHS-em-todos-os-equipamentos.jpg\",\"contentUrl\":\"https:\\\/\\\/jornaldasoficinas.com\\\/pt\\\/wp-content\\\/uploads\\\/2024\\\/10\\\/LASO-passa-a-utilizar-FUCHS-em-todos-os-equipamentos.jpg\",\"width\":1024,\"height\":581,\"caption\":\"10 - LASO passa a utilizar FUCHS em todos os equipamentos\"},{\"@type\":\"BreadcrumbList\",\"@id\":\"https:\\\/\\\/jornaldasoficinas.com\\\/pt\\\/laso-passa-a-utilizar-fuchs-em-todos-os-equipamentos\\\/#breadcrumb\",\"itemListElement\":[{\"@type\":\"ListItem\",\"position\":1,\"name\":\"In\u00edcio\",\"item\":\"https:\\\/\\\/jornaldasoficinas.com\\\/pt\\\/\"},{\"@type\":\"ListItem\",\"position\":2,\"name\":\"LASO passa a utilizar FUCHS em todos os equipamentos\"}]},{\"@type\":\"WebSite\",\"@id\":\"https:\\\/\\\/jornaldasoficinas.com\\\/pt\\\/#website\",\"url\":\"https:\\\/\\\/jornaldasoficinas.com\\\/pt\\\/\",\"name\":\"Jornal das Oficinas\",\"description\":\"Jornal independente do Aftermarket Autom\u00f3vel em Portugal\",\"publisher\":{\"@id\":\"https:\\\/\\\/jornaldasoficinas.com\\\/pt\\\/#organization\"},\"potentialAction\":[{\"@type\":\"SearchAction\",\"target\":{\"@type\":\"EntryPoint\",\"urlTemplate\":\"https:\\\/\\\/jornaldasoficinas.com\\\/pt\\\/?s={search_term_string}\"},\"query-input\":{\"@type\":\"PropertyValueSpecification\",\"valueRequired\":true,\"valueName\":\"search_term_string\"}}],\"inLanguage\":\"pt-PT\"},{\"@type\":\"Organization\",\"@id\":\"https:\\\/\\\/jornaldasoficinas.com\\\/pt\\\/#organization\",\"name\":\"Jornal das Oficinas\",\"url\":\"https:\\\/\\\/jornaldasoficinas.com\\\/pt\\\/\",\"logo\":{\"@type\":\"ImageObject\",\"inLanguage\":\"pt-PT\",\"@id\":\"https:\\\/\\\/jornaldasoficinas.com\\\/pt\\\/#\\\/schema\\\/logo\\\/image\\\/\",\"url\":\"https:\\\/\\\/jornaldasoficinas.com\\\/pt\\\/wp-content\\\/uploads\\\/logoJO-SEO.png\",\"contentUrl\":\"https:\\\/\\\/jornaldasoficinas.com\\\/pt\\\/wp-content\\\/uploads\\\/logoJO-SEO.png\",\"width\":285,\"height\":450,\"caption\":\"Jornal das Oficinas\"},\"image\":{\"@id\":\"https:\\\/\\\/jornaldasoficinas.com\\\/pt\\\/#\\\/schema\\\/logo\\\/image\\\/\"},\"sameAs\":[\"https:\\\/\\\/www.facebook.com\\\/jornaloficinas\",\"https:\\\/\\\/x.com\\\/jornaloficinas\",\"https:\\\/\\\/www.instagram.com\\\/jornal_oficinas\\\/\",\"https:\\\/\\\/www.linkedin.com\\\/company\\\/jornal-das-oficinas\\\/\",\"https:\\\/\\\/www.youtube.com\\\/channel\\\/UCbQZBqtcvV-oSQrr7RzINGg\"]},{\"@type\":\"Person\",\"@id\":\"https:\\\/\\\/jornaldasoficinas.com\\\/pt\\\/#\\\/schema\\\/person\\\/a38eef5de2c41d9e7c9ac10141afddf3\",\"name\":\"Reda\u00e7\u00e3o JO\",\"image\":{\"@type\":\"ImageObject\",\"inLanguage\":\"pt-PT\",\"@id\":\"https:\\\/\\\/secure.gravatar.com\\\/avatar\\\/71f2fa71737ad68a84fea94bc708ddac8ea5b0c4788dc2ad202f3ccb2887742f?s=96&d=wp_user_avatar&r=g\",\"url\":\"https:\\\/\\\/secure.gravatar.com\\\/avatar\\\/71f2fa71737ad68a84fea94bc708ddac8ea5b0c4788dc2ad202f3ccb2887742f?s=96&d=wp_user_avatar&r=g\",\"contentUrl\":\"https:\\\/\\\/secure.gravatar.com\\\/avatar\\\/71f2fa71737ad68a84fea94bc708ddac8ea5b0c4788dc2ad202f3ccb2887742f?s=96&d=wp_user_avatar&r=g\",\"caption\":\"Reda\u00e7\u00e3o JO\"},\"url\":\"https:\\\/\\\/jornaldasoficinas.com\\\/pt\\\/author\\\/joredacao\\\/\"}]}<\/script>\n<!-- \/ Yoast SEO plugin. -->","yoast_head_json":{"title":"LASO passa a utilizar FUCHS em todos os equipamentos - Jornal das Oficinas","description":"Em entrevista \u00e0 BUSS, Paulo Franco, diretor executivo da LASO, explicou como tem sido a evolu\u00e7\u00e3o da parceria com a FUCHS nos \u00faltimos anos","robots":{"index":"index","follow":"follow","max-snippet":"max-snippet:-1","max-image-preview":"max-image-preview:large","max-video-preview":"max-video-preview:-1"},"canonical":"https:\/\/jornaldasoficinas.com\/pt\/laso-passa-a-utilizar-fuchs-em-todos-os-equipamentos\/","og_locale":"pt_PT","og_type":"article","og_title":"LASO passa a utilizar FUCHS em todos os equipamentos - Jornal das Oficinas","og_description":"Em entrevista \u00e0 BUSS, Paulo Franco, diretor executivo da LASO, explicou como tem sido a evolu\u00e7\u00e3o da parceria com a FUCHS nos \u00faltimos anos","og_url":"https:\/\/jornaldasoficinas.com\/pt\/laso-passa-a-utilizar-fuchs-em-todos-os-equipamentos\/","og_site_name":"Jornal das Oficinas","article_publisher":"https:\/\/www.facebook.com\/jornaloficinas","article_published_time":"2024-11-06T08:00:08+00:00","og_image":[{"width":1024,"height":581,"url":"https:\/\/jornaldasoficinas.com\/pt\/wp-content\/uploads\/2024\/10\/LASO-passa-a-utilizar-FUCHS-em-todos-os-equipamentos.jpg","type":"image\/jpeg"}],"author":"Reda\u00e7\u00e3o JO","twitter_card":"summary_large_image","twitter_creator":"@jornaloficinas","twitter_site":"@jornaloficinas","twitter_misc":{"Escrito por":"Reda\u00e7\u00e3o JO","Tempo estimado de leitura":"5 minutos"},"schema":{"@context":"https:\/\/schema.org","@graph":[{"@type":"Article","@id":"https:\/\/jornaldasoficinas.com\/pt\/laso-passa-a-utilizar-fuchs-em-todos-os-equipamentos\/#article","isPartOf":{"@id":"https:\/\/jornaldasoficinas.com\/pt\/laso-passa-a-utilizar-fuchs-em-todos-os-equipamentos\/"},"author":{"name":"Reda\u00e7\u00e3o JO","@id":"https:\/\/jornaldasoficinas.com\/pt\/#\/schema\/person\/a38eef5de2c41d9e7c9ac10141afddf3"},"headline":"LASO passa a utilizar FUCHS em todos os equipamentos","datePublished":"2024-11-06T08:00:08+00:00","mainEntityOfPage":{"@id":"https:\/\/jornaldasoficinas.com\/pt\/laso-passa-a-utilizar-fuchs-em-todos-os-equipamentos\/"},"wordCount":705,"publisher":{"@id":"https:\/\/jornaldasoficinas.com\/pt\/#organization"},"image":{"@id":"https:\/\/jornaldasoficinas.com\/pt\/laso-passa-a-utilizar-fuchs-em-todos-os-equipamentos\/#primaryimage"},"thumbnailUrl":"https:\/\/jornaldasoficinas.com\/pt\/wp-content\/uploads\/2024\/10\/LASO-passa-a-utilizar-FUCHS-em-todos-os-equipamentos.jpg","keywords":["BUSS","Fuchs","LASO","Lubrificantes","Parceria","redu\u00e7\u00e3o de emiss\u00f5es","Sustentabilidade"],"articleSection":["Entrevistas"],"inLanguage":"pt-PT"},{"@type":"WebPage","@id":"https:\/\/jornaldasoficinas.com\/pt\/laso-passa-a-utilizar-fuchs-em-todos-os-equipamentos\/","url":"https:\/\/jornaldasoficinas.com\/pt\/laso-passa-a-utilizar-fuchs-em-todos-os-equipamentos\/","name":"LASO passa a utilizar FUCHS em todos os equipamentos - Jornal das Oficinas","isPartOf":{"@id":"https:\/\/jornaldasoficinas.com\/pt\/#website"},"primaryImageOfPage":{"@id":"https:\/\/jornaldasoficinas.com\/pt\/laso-passa-a-utilizar-fuchs-em-todos-os-equipamentos\/#primaryimage"},"image":{"@id":"https:\/\/jornaldasoficinas.com\/pt\/laso-passa-a-utilizar-fuchs-em-todos-os-equipamentos\/#primaryimage"},"thumbnailUrl":"https:\/\/jornaldasoficinas.com\/pt\/wp-content\/uploads\/2024\/10\/LASO-passa-a-utilizar-FUCHS-em-todos-os-equipamentos.jpg","datePublished":"2024-11-06T08:00:08+00:00","description":"Em entrevista \u00e0 BUSS, Paulo Franco, diretor executivo da LASO, explicou como tem sido a evolu\u00e7\u00e3o da parceria com a FUCHS nos \u00faltimos anos","breadcrumb":{"@id":"https:\/\/jornaldasoficinas.com\/pt\/laso-passa-a-utilizar-fuchs-em-todos-os-equipamentos\/#breadcrumb"},"inLanguage":"pt-PT","potentialAction":[{"@type":"ReadAction","target":["https:\/\/jornaldasoficinas.com\/pt\/laso-passa-a-utilizar-fuchs-em-todos-os-equipamentos\/"]}]},{"@type":"ImageObject","inLanguage":"pt-PT","@id":"https:\/\/jornaldasoficinas.com\/pt\/laso-passa-a-utilizar-fuchs-em-todos-os-equipamentos\/#primaryimage","url":"https:\/\/jornaldasoficinas.com\/pt\/wp-content\/uploads\/2024\/10\/LASO-passa-a-utilizar-FUCHS-em-todos-os-equipamentos.jpg","contentUrl":"https:\/\/jornaldasoficinas.com\/pt\/wp-content\/uploads\/2024\/10\/LASO-passa-a-utilizar-FUCHS-em-todos-os-equipamentos.jpg","width":1024,"height":581,"caption":"10 - LASO passa a utilizar FUCHS em todos os equipamentos"},{"@type":"BreadcrumbList","@id":"https:\/\/jornaldasoficinas.com\/pt\/laso-passa-a-utilizar-fuchs-em-todos-os-equipamentos\/#breadcrumb","itemListElement":[{"@type":"ListItem","position":1,"name":"In\u00edcio","item":"https:\/\/jornaldasoficinas.com\/pt\/"},{"@type":"ListItem","position":2,"name":"LASO passa a utilizar FUCHS em todos os equipamentos"}]},{"@type":"WebSite","@id":"https:\/\/jornaldasoficinas.com\/pt\/#website","url":"https:\/\/jornaldasoficinas.com\/pt\/","name":"Jornal das Oficinas","description":"Jornal independente do Aftermarket Autom\u00f3vel em Portugal","publisher":{"@id":"https:\/\/jornaldasoficinas.com\/pt\/#organization"},"potentialAction":[{"@type":"SearchAction","target":{"@type":"EntryPoint","urlTemplate":"https:\/\/jornaldasoficinas.com\/pt\/?s={search_term_string}"},"query-input":{"@type":"PropertyValueSpecification","valueRequired":true,"valueName":"search_term_string"}}],"inLanguage":"pt-PT"},{"@type":"Organization","@id":"https:\/\/jornaldasoficinas.com\/pt\/#organization","name":"Jornal das Oficinas","url":"https:\/\/jornaldasoficinas.com\/pt\/","logo":{"@type":"ImageObject","inLanguage":"pt-PT","@id":"https:\/\/jornaldasoficinas.com\/pt\/#\/schema\/logo\/image\/","url":"https:\/\/jornaldasoficinas.com\/pt\/wp-content\/uploads\/logoJO-SEO.png","contentUrl":"https:\/\/jornaldasoficinas.com\/pt\/wp-content\/uploads\/logoJO-SEO.png","width":285,"height":450,"caption":"Jornal das Oficinas"},"image":{"@id":"https:\/\/jornaldasoficinas.com\/pt\/#\/schema\/logo\/image\/"},"sameAs":["https:\/\/www.facebook.com\/jornaloficinas","https:\/\/x.com\/jornaloficinas","https:\/\/www.instagram.com\/jornal_oficinas\/","https:\/\/www.linkedin.com\/company\/jornal-das-oficinas\/","https:\/\/www.youtube.com\/channel\/UCbQZBqtcvV-oSQrr7RzINGg"]},{"@type":"Person","@id":"https:\/\/jornaldasoficinas.com\/pt\/#\/schema\/person\/a38eef5de2c41d9e7c9ac10141afddf3","name":"Reda\u00e7\u00e3o JO","image":{"@type":"ImageObject","inLanguage":"pt-PT","@id":"https:\/\/secure.gravatar.com\/avatar\/71f2fa71737ad68a84fea94bc708ddac8ea5b0c4788dc2ad202f3ccb2887742f?s=96&d=wp_user_avatar&r=g","url":"https:\/\/secure.gravatar.com\/avatar\/71f2fa71737ad68a84fea94bc708ddac8ea5b0c4788dc2ad202f3ccb2887742f?s=96&d=wp_user_avatar&r=g","contentUrl":"https:\/\/secure.gravatar.com\/avatar\/71f2fa71737ad68a84fea94bc708ddac8ea5b0c4788dc2ad202f3ccb2887742f?s=96&d=wp_user_avatar&r=g","caption":"Reda\u00e7\u00e3o JO"},"url":"https:\/\/jornaldasoficinas.com\/pt\/author\/joredacao\/"}]}},"_links":{"self":[{"href":"https:\/\/jornaldasoficinas.com\/pt\/wp-json\/wp\/v2\/posts\/93419","targetHints":{"allow":["GET"]}}],"collection":[{"href":"https:\/\/jornaldasoficinas.com\/pt\/wp-json\/wp\/v2\/posts"}],"about":[{"href":"https:\/\/jornaldasoficinas.com\/pt\/wp-json\/wp\/v2\/types\/post"}],"author":[{"embeddable":true,"href":"https:\/\/jornaldasoficinas.com\/pt\/wp-json\/wp\/v2\/users\/15"}],"replies":[{"embeddable":true,"href":"https:\/\/jornaldasoficinas.com\/pt\/wp-json\/wp\/v2\/comments?post=93419"}],"version-history":[{"count":0,"href":"https:\/\/jornaldasoficinas.com\/pt\/wp-json\/wp\/v2\/posts\/93419\/revisions"}],"wp:featuredmedia":[{"embeddable":true,"href":"https:\/\/jornaldasoficinas.com\/pt\/wp-json\/wp\/v2\/media\/93434"}],"wp:attachment":[{"href":"https:\/\/jornaldasoficinas.com\/pt\/wp-json\/wp\/v2\/media?parent=93419"}],"wp:term":[{"taxonomy":"category","embeddable":true,"href":"https:\/\/jornaldasoficinas.com\/pt\/wp-json\/wp\/v2\/categories?post=93419"},{"taxonomy":"post_tag","embeddable":true,"href":"https:\/\/jornaldasoficinas.com\/pt\/wp-json\/wp\/v2\/tags?post=93419"}],"curies":[{"name":"wp","href":"https:\/\/api.w.org\/{rel}","templated":true}]}}