{"id":93652,"date":"2024-11-07T10:00:57","date_gmt":"2024-11-07T10:00:57","guid":{"rendered":"https:\/\/jornaldasoficinas.com\/pt\/?p=93652"},"modified":"2024-11-06T16:03:07","modified_gmt":"2024-11-06T16:03:07","slug":"infopro-digital-automotive-confirma-presenca-na-expomecanica","status":"publish","type":"post","link":"https:\/\/jornaldasoficinas.com\/pt\/infopro-digital-automotive-confirma-presenca-na-expomecanica\/","title":{"rendered":"Infopro Digital Automotive confirma presen\u00e7a na expoMEC\u00c2NICA"},"content":{"rendered":"<p><strong><img loading=\"lazy\" decoding=\"async\" class=\"alignnone size-full wp-image-93674\" src=\"https:\/\/jornaldasoficinas.com\/pt\/wp-content\/uploads\/2024\/11\/Infopro-Digital-Automotive-confirma-presenca-na-expoMECANICA.png\" alt=\"11 - Infopro Digital Automotive confirma presenca na expoMECANICA\" width=\"1024\" height=\"581\" srcset=\"https:\/\/jornaldasoficinas.com\/pt\/wp-content\/uploads\/2024\/11\/Infopro-Digital-Automotive-confirma-presenca-na-expoMECANICA.png 1024w, https:\/\/jornaldasoficinas.com\/pt\/wp-content\/uploads\/2024\/11\/Infopro-Digital-Automotive-confirma-presenca-na-expoMECANICA-300x170.png 300w, https:\/\/jornaldasoficinas.com\/pt\/wp-content\/uploads\/2024\/11\/Infopro-Digital-Automotive-confirma-presenca-na-expoMECANICA-150x85.png 150w, https:\/\/jornaldasoficinas.com\/pt\/wp-content\/uploads\/2024\/11\/Infopro-Digital-Automotive-confirma-presenca-na-expoMECANICA-768x436.png 768w\" sizes=\"auto, (max-width: 1024px) 100vw, 1024px\" \/><\/strong><\/p>\n<p><strong>A <a href=\"https:\/\/www.infopro-digital-automotive.pt\/\" target=\"_blank\" rel=\"noopener\">Infopro Digital Automotive<\/a> vai chegar equipada \u00e0 <a href=\"https:\/\/expomecanica.pt\/pt\/\" target=\"_blank\" rel=\"noopener\">expoMEC\u00c2NICA 2024<\/a>, com uma vasta gama de solu\u00e7\u00f5es para ajudar oficinas e distribuidores a aumentar a sua efici\u00eancia<\/strong><\/p>\n<p>A Infopro Digital Automotive, especialista global em solu\u00e7\u00f5es de dados e software para o mercado de p\u00f3s-venda autom\u00f3vel, acaba de anunciar a sua participa\u00e7\u00e3o na expoMEC\u00c2NICA 2024. Nesta edi\u00e7\u00e3o, apresentar\u00e1 uma vasta gama de inova\u00e7\u00f5es projetadas para melhorar a efici\u00eancia de oficinas e distribuidores no competitivo mercado do p\u00f3s-venda. Entre as solu\u00e7\u00f5es destacadas est\u00e3o:<\/p>\n<p><strong>Nova vers\u00e3o com novo conte\u00fado e melhorias no software de dados e m\u00e9todos de repara\u00e7\u00e3o<\/strong><\/p>\n<p>Atelio Data \u00e9 um software de dados e m\u00e9todos de repara\u00e7\u00e3o para ve\u00edculos multimarca, que tem sido uma ferramenta vital para as oficinas, oferecendo solu\u00e7\u00f5es online que atendem \u00e0s necessidades operacionais di\u00e1rias. Esta nova vers\u00e3o foi atualizada para oferecer uma identifica\u00e7\u00e3o de ve\u00edculos mais r\u00e1pida e precisa, com at\u00e9 90 crit\u00e9rios e dados OEM completamente integrados, cobrindo 99% dos ve\u00edculos em circula\u00e7\u00e3o. O seu potente motor de busca permite o acesso a mais de 3 milh\u00f5es de manuais de repara\u00e7\u00e3o, facilitando diagn\u00f3sticos r\u00e1pidos e precisos, posicionando o Atelio Data como uma ferramenta essencial para otimizar os servi\u00e7os nas oficinas.<\/p>\n<p><strong>Solu\u00e7\u00f5es consolidadas para a gest\u00e3o eficiente de pe\u00e7as no p\u00f3s-venda<\/strong><\/p>\n<p>IsiParts \u00e9 um ERP projetado para distribuidores de pe\u00e7as, que facilita a gest\u00e3o de grandes cat\u00e1logos de produtos e otimiza toda a cadeia de abastecimento. Por sua vez, I2I \u00e9 a plataforma de com\u00e9rcio eletr\u00f3nico (B2B) e cat\u00e1logo de pe\u00e7as de reposi\u00e7\u00e3o da Infopro Digital Automotive, que permite aos distribuidores melhorar a cobertura de produtos e ajustar a oferta conforme as necessidades do mercado. Com estas solu\u00e7\u00f5es, a ISI Condal refor\u00e7a o seu compromisso com os distribuidores, apoiando opera\u00e7\u00f5es mais \u00e1geis e precisas.<\/p>\n<p><strong>Gest\u00e3o de oficinas em conformidade com a legisla\u00e7\u00e3o portuguesa<\/strong><\/p>\n<p>ATELIO PRO \u00e9 a solu\u00e7\u00e3o de gest\u00e3o de oficinas que ser\u00e1 apresentada na expoMEC\u00c2NICA. Este software permite que as oficinas gerenciem todas as opera\u00e7\u00f5es di\u00e1rias de forma eficiente, com funcionalidades que incluem a fatura\u00e7\u00e3o eletr\u00f3nica adaptada \u00e0 legisla\u00e7\u00e3o portuguesa. Al\u00e9m disso, a Infopro Digital Automotive tamb\u00e9m apresentar\u00e1 o ATELIO FID, o seu software de marketing preditivo espec\u00edfico para oficinas, que se integra de forma complementar ao ATELIO PRO, formando um conjunto ideal para otimizar as campanhas de marketing e a gest\u00e3o de clientes.<\/p>\n<p><strong>Base de dados de pneus e jantes<\/strong><\/p>\n<p>Com o DriveRightData, a Infopro Digital Automotive oferece a base de dados &#8220;mais completa e precisa sobre pneus e jantes, integrando ajustes de ve\u00edculos para todas as suas solu\u00e7\u00f5es&#8221;, sublinhou a empresa. A plataforma fornece informa\u00e7\u00e3o detalhada sobre ajustes originais e de mercado de reposi\u00e7\u00e3o para mais de 230 marcas de ve\u00edculos e 150.000 modelos, assegurando uma cobertura global quase completa de ve\u00edculos em opera\u00e7\u00e3o (VIO). Al\u00e9m disso, o DriveRightData inclui cat\u00e1logos detalhados com padr\u00f5es de pneus e produtos de jantes, todos suportados por imagens de alta resolu\u00e7\u00e3o e etiquetas normativas, o que facilita aos distribuidores a sele\u00e7\u00e3o e comercializa\u00e7\u00e3o de produtos precisos e fi\u00e1veis.<\/p>\n<p><strong>Novo m\u00f3dulo de dados t\u00e9cnicos<\/strong><\/p>\n<p>HaynesPro apresenta o seu novo m\u00f3dulo que introduz procedimentos de controlo e verifica\u00e7\u00e3o para a repara\u00e7\u00e3o de componentes eletr\u00f3nicos, cobrindo a gest\u00e3o do motor e outros subsistemas. Esta abordagem permite que as oficinas realizem repara\u00e7\u00f5es mais r\u00e1pidas e eficientes, melhorando a produtividade e assegurando diagn\u00f3sticos precisos.<\/p>\n<p>&#8220;A Infopro Digital Automotive est\u00e1 profundamente comprometida com o desenvolvimento do setor de p\u00f3s-venda autom\u00f3vel em Portugal, oferecendo solu\u00e7\u00f5es que respondem \u00e0s necessidades espec\u00edficas do mercado local e ajudam oficinas e distribuidores a alcan\u00e7ar uma maior efici\u00eancia e competitividade. Neste contexto, a empresa anuncia a chegada do novo diretor, Carles Pujol, que refor\u00e7a esta vis\u00e3o estrat\u00e9gica para o territ\u00f3rio portugu\u00eas&#8221;, revelou.<\/p>\n<p>&#8220;Estou orgulhoso de fazer parte deste projeto e de fortalecer ainda mais a presen\u00e7a da Infopro Digital Automotive em Portugal,&#8221; afirmou Carles Pujol. &#8220;O nosso objetivo \u00e9 continuar a apoiar oficinas e distribuidores portugueses com solu\u00e7\u00f5es inovadoras e personalizadas que impulsionem o sucesso e a sustentabilidade dos seus neg\u00f3cios&#8221;, acrescentou, conclu\u00eddo.<\/p>\n","protected":false},"excerpt":{"rendered":"<p>A Infopro Digital Automotive vai chegar&#8230;<\/p>\n","protected":false},"author":15,"featured_media":93674,"comment_status":"closed","ping_status":"closed","sticky":false,"template":"","format":"standard","meta":{"footnotes":""},"categories":[29,4632],"tags":[6930,11027,2690,6929,386,8296],"class_list":["post-93652","post","type-post","status-publish","format-standard","has-post-thumbnail","hentry","category-empresas","category-expomecanica","tag-distribuidores","tag-expomecanica-2024","tag-infopro-digital-automotive","tag-novidades","tag-oficinas","tag-solucoes-avancadas"],"yoast_head":"<!-- This site is optimized with the Yoast SEO plugin v27.4 - https:\/\/yoast.com\/product\/yoast-seo-wordpress\/ -->\n<title>Infopro Digital Automotive confirma presen\u00e7a na expoMEC\u00c2NICA - Jornal das Oficinas<\/title>\n<meta name=\"description\" content=\"A Infopro Digital Automotive vai chegar equipada \u00e0 expoMEC\u00c2NICA 2024, com uma vasta gama de solu\u00e7\u00f5es para oficinas e distribuidores\" \/>\n<meta name=\"robots\" content=\"index, follow, max-snippet:-1, max-image-preview:large, max-video-preview:-1\" \/>\n<link rel=\"canonical\" href=\"https:\/\/jornaldasoficinas.com\/pt\/infopro-digital-automotive-confirma-presenca-na-expomecanica\/\" \/>\n<meta property=\"og:locale\" content=\"pt_PT\" \/>\n<meta property=\"og:type\" content=\"article\" \/>\n<meta property=\"og:title\" content=\"Infopro Digital Automotive confirma presen\u00e7a na expoMEC\u00c2NICA - Jornal das Oficinas\" \/>\n<meta property=\"og:description\" content=\"A Infopro Digital Automotive vai chegar equipada \u00e0 expoMEC\u00c2NICA 2024, com uma vasta gama de solu\u00e7\u00f5es para oficinas e distribuidores\" \/>\n<meta property=\"og:url\" content=\"https:\/\/jornaldasoficinas.com\/pt\/infopro-digital-automotive-confirma-presenca-na-expomecanica\/\" \/>\n<meta property=\"og:site_name\" content=\"Jornal das Oficinas\" \/>\n<meta property=\"article:publisher\" content=\"https:\/\/www.facebook.com\/jornaloficinas\" \/>\n<meta property=\"article:published_time\" content=\"2024-11-07T10:00:57+00:00\" \/>\n<meta property=\"og:image\" content=\"https:\/\/jornaldasoficinas.com\/pt\/wp-content\/uploads\/2024\/11\/Infopro-Digital-Automotive-confirma-presenca-na-expoMECANICA.png\" \/>\n\t<meta property=\"og:image:width\" content=\"1024\" \/>\n\t<meta property=\"og:image:height\" content=\"581\" \/>\n\t<meta property=\"og:image:type\" content=\"image\/png\" \/>\n<meta name=\"author\" content=\"Reda\u00e7\u00e3o JO\" \/>\n<meta name=\"twitter:card\" content=\"summary_large_image\" \/>\n<meta name=\"twitter:creator\" content=\"@jornaloficinas\" \/>\n<meta name=\"twitter:site\" content=\"@jornaloficinas\" \/>\n<meta name=\"twitter:label1\" content=\"Escrito por\" \/>\n\t<meta name=\"twitter:data1\" content=\"Reda\u00e7\u00e3o JO\" \/>\n\t<meta name=\"twitter:label2\" content=\"Tempo estimado de leitura\" \/>\n\t<meta name=\"twitter:data2\" content=\"5 minutos\" \/>\n<script type=\"application\/ld+json\" class=\"yoast-schema-graph\">{\"@context\":\"https:\\\/\\\/schema.org\",\"@graph\":[{\"@type\":\"Article\",\"@id\":\"https:\\\/\\\/jornaldasoficinas.com\\\/pt\\\/infopro-digital-automotive-confirma-presenca-na-expomecanica\\\/#article\",\"isPartOf\":{\"@id\":\"https:\\\/\\\/jornaldasoficinas.com\\\/pt\\\/infopro-digital-automotive-confirma-presenca-na-expomecanica\\\/\"},\"author\":{\"name\":\"Reda\u00e7\u00e3o JO\",\"@id\":\"https:\\\/\\\/jornaldasoficinas.com\\\/pt\\\/#\\\/schema\\\/person\\\/a38eef5de2c41d9e7c9ac10141afddf3\"},\"headline\":\"Infopro Digital Automotive confirma presen\u00e7a na expoMEC\u00c2NICA\",\"datePublished\":\"2024-11-07T10:00:57+00:00\",\"mainEntityOfPage\":{\"@id\":\"https:\\\/\\\/jornaldasoficinas.com\\\/pt\\\/infopro-digital-automotive-confirma-presenca-na-expomecanica\\\/\"},\"wordCount\":754,\"publisher\":{\"@id\":\"https:\\\/\\\/jornaldasoficinas.com\\\/pt\\\/#organization\"},\"image\":{\"@id\":\"https:\\\/\\\/jornaldasoficinas.com\\\/pt\\\/infopro-digital-automotive-confirma-presenca-na-expomecanica\\\/#primaryimage\"},\"thumbnailUrl\":\"https:\\\/\\\/jornaldasoficinas.com\\\/pt\\\/wp-content\\\/uploads\\\/2024\\\/11\\\/Infopro-Digital-Automotive-confirma-presenca-na-expoMECANICA.png\",\"keywords\":[\"Distribuidores\",\"expoMEC\u00c2NICA 2024\",\"Infopro Digital Automotive\",\"Novidades\",\"Oficinas\",\"solu\u00e7\u00f5es avan\u00e7adas\"],\"articleSection\":[\"Empresas\",\"expoMEC\u00c2NICA\"],\"inLanguage\":\"pt-PT\"},{\"@type\":\"WebPage\",\"@id\":\"https:\\\/\\\/jornaldasoficinas.com\\\/pt\\\/infopro-digital-automotive-confirma-presenca-na-expomecanica\\\/\",\"url\":\"https:\\\/\\\/jornaldasoficinas.com\\\/pt\\\/infopro-digital-automotive-confirma-presenca-na-expomecanica\\\/\",\"name\":\"Infopro Digital Automotive confirma presen\u00e7a na expoMEC\u00c2NICA - Jornal das Oficinas\",\"isPartOf\":{\"@id\":\"https:\\\/\\\/jornaldasoficinas.com\\\/pt\\\/#website\"},\"primaryImageOfPage\":{\"@id\":\"https:\\\/\\\/jornaldasoficinas.com\\\/pt\\\/infopro-digital-automotive-confirma-presenca-na-expomecanica\\\/#primaryimage\"},\"image\":{\"@id\":\"https:\\\/\\\/jornaldasoficinas.com\\\/pt\\\/infopro-digital-automotive-confirma-presenca-na-expomecanica\\\/#primaryimage\"},\"thumbnailUrl\":\"https:\\\/\\\/jornaldasoficinas.com\\\/pt\\\/wp-content\\\/uploads\\\/2024\\\/11\\\/Infopro-Digital-Automotive-confirma-presenca-na-expoMECANICA.png\",\"datePublished\":\"2024-11-07T10:00:57+00:00\",\"description\":\"A Infopro Digital Automotive vai chegar equipada \u00e0 expoMEC\u00c2NICA 2024, com uma vasta gama de solu\u00e7\u00f5es para oficinas e distribuidores\",\"breadcrumb\":{\"@id\":\"https:\\\/\\\/jornaldasoficinas.com\\\/pt\\\/infopro-digital-automotive-confirma-presenca-na-expomecanica\\\/#breadcrumb\"},\"inLanguage\":\"pt-PT\",\"potentialAction\":[{\"@type\":\"ReadAction\",\"target\":[\"https:\\\/\\\/jornaldasoficinas.com\\\/pt\\\/infopro-digital-automotive-confirma-presenca-na-expomecanica\\\/\"]}]},{\"@type\":\"ImageObject\",\"inLanguage\":\"pt-PT\",\"@id\":\"https:\\\/\\\/jornaldasoficinas.com\\\/pt\\\/infopro-digital-automotive-confirma-presenca-na-expomecanica\\\/#primaryimage\",\"url\":\"https:\\\/\\\/jornaldasoficinas.com\\\/pt\\\/wp-content\\\/uploads\\\/2024\\\/11\\\/Infopro-Digital-Automotive-confirma-presenca-na-expoMECANICA.png\",\"contentUrl\":\"https:\\\/\\\/jornaldasoficinas.com\\\/pt\\\/wp-content\\\/uploads\\\/2024\\\/11\\\/Infopro-Digital-Automotive-confirma-presenca-na-expoMECANICA.png\",\"width\":1024,\"height\":581,\"caption\":\"11 - Infopro Digital Automotive confirma presenca na expoMECANICA\"},{\"@type\":\"BreadcrumbList\",\"@id\":\"https:\\\/\\\/jornaldasoficinas.com\\\/pt\\\/infopro-digital-automotive-confirma-presenca-na-expomecanica\\\/#breadcrumb\",\"itemListElement\":[{\"@type\":\"ListItem\",\"position\":1,\"name\":\"In\u00edcio\",\"item\":\"https:\\\/\\\/jornaldasoficinas.com\\\/pt\\\/\"},{\"@type\":\"ListItem\",\"position\":2,\"name\":\"Infopro Digital Automotive confirma presen\u00e7a na expoMEC\u00c2NICA\"}]},{\"@type\":\"WebSite\",\"@id\":\"https:\\\/\\\/jornaldasoficinas.com\\\/pt\\\/#website\",\"url\":\"https:\\\/\\\/jornaldasoficinas.com\\\/pt\\\/\",\"name\":\"Jornal das Oficinas\",\"description\":\"Jornal independente do Aftermarket Autom\u00f3vel em Portugal\",\"publisher\":{\"@id\":\"https:\\\/\\\/jornaldasoficinas.com\\\/pt\\\/#organization\"},\"potentialAction\":[{\"@type\":\"SearchAction\",\"target\":{\"@type\":\"EntryPoint\",\"urlTemplate\":\"https:\\\/\\\/jornaldasoficinas.com\\\/pt\\\/?s={search_term_string}\"},\"query-input\":{\"@type\":\"PropertyValueSpecification\",\"valueRequired\":true,\"valueName\":\"search_term_string\"}}],\"inLanguage\":\"pt-PT\"},{\"@type\":\"Organization\",\"@id\":\"https:\\\/\\\/jornaldasoficinas.com\\\/pt\\\/#organization\",\"name\":\"Jornal das Oficinas\",\"url\":\"https:\\\/\\\/jornaldasoficinas.com\\\/pt\\\/\",\"logo\":{\"@type\":\"ImageObject\",\"inLanguage\":\"pt-PT\",\"@id\":\"https:\\\/\\\/jornaldasoficinas.com\\\/pt\\\/#\\\/schema\\\/logo\\\/image\\\/\",\"url\":\"https:\\\/\\\/jornaldasoficinas.com\\\/pt\\\/wp-content\\\/uploads\\\/logoJO-SEO.png\",\"contentUrl\":\"https:\\\/\\\/jornaldasoficinas.com\\\/pt\\\/wp-content\\\/uploads\\\/logoJO-SEO.png\",\"width\":285,\"height\":450,\"caption\":\"Jornal das Oficinas\"},\"image\":{\"@id\":\"https:\\\/\\\/jornaldasoficinas.com\\\/pt\\\/#\\\/schema\\\/logo\\\/image\\\/\"},\"sameAs\":[\"https:\\\/\\\/www.facebook.com\\\/jornaloficinas\",\"https:\\\/\\\/x.com\\\/jornaloficinas\",\"https:\\\/\\\/www.instagram.com\\\/jornal_oficinas\\\/\",\"https:\\\/\\\/www.linkedin.com\\\/company\\\/jornal-das-oficinas\\\/\",\"https:\\\/\\\/www.youtube.com\\\/channel\\\/UCbQZBqtcvV-oSQrr7RzINGg\"]},{\"@type\":\"Person\",\"@id\":\"https:\\\/\\\/jornaldasoficinas.com\\\/pt\\\/#\\\/schema\\\/person\\\/a38eef5de2c41d9e7c9ac10141afddf3\",\"name\":\"Reda\u00e7\u00e3o JO\",\"image\":{\"@type\":\"ImageObject\",\"inLanguage\":\"pt-PT\",\"@id\":\"https:\\\/\\\/secure.gravatar.com\\\/avatar\\\/71f2fa71737ad68a84fea94bc708ddac8ea5b0c4788dc2ad202f3ccb2887742f?s=96&d=wp_user_avatar&r=g\",\"url\":\"https:\\\/\\\/secure.gravatar.com\\\/avatar\\\/71f2fa71737ad68a84fea94bc708ddac8ea5b0c4788dc2ad202f3ccb2887742f?s=96&d=wp_user_avatar&r=g\",\"contentUrl\":\"https:\\\/\\\/secure.gravatar.com\\\/avatar\\\/71f2fa71737ad68a84fea94bc708ddac8ea5b0c4788dc2ad202f3ccb2887742f?s=96&d=wp_user_avatar&r=g\",\"caption\":\"Reda\u00e7\u00e3o JO\"},\"url\":\"https:\\\/\\\/jornaldasoficinas.com\\\/pt\\\/author\\\/joredacao\\\/\"}]}<\/script>\n<!-- \/ Yoast SEO plugin. -->","yoast_head_json":{"title":"Infopro Digital Automotive confirma presen\u00e7a na expoMEC\u00c2NICA - Jornal das Oficinas","description":"A Infopro Digital Automotive vai chegar equipada \u00e0 expoMEC\u00c2NICA 2024, com uma vasta gama de solu\u00e7\u00f5es para oficinas e distribuidores","robots":{"index":"index","follow":"follow","max-snippet":"max-snippet:-1","max-image-preview":"max-image-preview:large","max-video-preview":"max-video-preview:-1"},"canonical":"https:\/\/jornaldasoficinas.com\/pt\/infopro-digital-automotive-confirma-presenca-na-expomecanica\/","og_locale":"pt_PT","og_type":"article","og_title":"Infopro Digital Automotive confirma presen\u00e7a na expoMEC\u00c2NICA - Jornal das Oficinas","og_description":"A Infopro Digital Automotive vai chegar equipada \u00e0 expoMEC\u00c2NICA 2024, com uma vasta gama de solu\u00e7\u00f5es para oficinas e distribuidores","og_url":"https:\/\/jornaldasoficinas.com\/pt\/infopro-digital-automotive-confirma-presenca-na-expomecanica\/","og_site_name":"Jornal das Oficinas","article_publisher":"https:\/\/www.facebook.com\/jornaloficinas","article_published_time":"2024-11-07T10:00:57+00:00","og_image":[{"width":1024,"height":581,"url":"https:\/\/jornaldasoficinas.com\/pt\/wp-content\/uploads\/2024\/11\/Infopro-Digital-Automotive-confirma-presenca-na-expoMECANICA.png","type":"image\/png"}],"author":"Reda\u00e7\u00e3o JO","twitter_card":"summary_large_image","twitter_creator":"@jornaloficinas","twitter_site":"@jornaloficinas","twitter_misc":{"Escrito por":"Reda\u00e7\u00e3o JO","Tempo estimado de leitura":"5 minutos"},"schema":{"@context":"https:\/\/schema.org","@graph":[{"@type":"Article","@id":"https:\/\/jornaldasoficinas.com\/pt\/infopro-digital-automotive-confirma-presenca-na-expomecanica\/#article","isPartOf":{"@id":"https:\/\/jornaldasoficinas.com\/pt\/infopro-digital-automotive-confirma-presenca-na-expomecanica\/"},"author":{"name":"Reda\u00e7\u00e3o JO","@id":"https:\/\/jornaldasoficinas.com\/pt\/#\/schema\/person\/a38eef5de2c41d9e7c9ac10141afddf3"},"headline":"Infopro Digital Automotive confirma presen\u00e7a na expoMEC\u00c2NICA","datePublished":"2024-11-07T10:00:57+00:00","mainEntityOfPage":{"@id":"https:\/\/jornaldasoficinas.com\/pt\/infopro-digital-automotive-confirma-presenca-na-expomecanica\/"},"wordCount":754,"publisher":{"@id":"https:\/\/jornaldasoficinas.com\/pt\/#organization"},"image":{"@id":"https:\/\/jornaldasoficinas.com\/pt\/infopro-digital-automotive-confirma-presenca-na-expomecanica\/#primaryimage"},"thumbnailUrl":"https:\/\/jornaldasoficinas.com\/pt\/wp-content\/uploads\/2024\/11\/Infopro-Digital-Automotive-confirma-presenca-na-expoMECANICA.png","keywords":["Distribuidores","expoMEC\u00c2NICA 2024","Infopro Digital Automotive","Novidades","Oficinas","solu\u00e7\u00f5es avan\u00e7adas"],"articleSection":["Empresas","expoMEC\u00c2NICA"],"inLanguage":"pt-PT"},{"@type":"WebPage","@id":"https:\/\/jornaldasoficinas.com\/pt\/infopro-digital-automotive-confirma-presenca-na-expomecanica\/","url":"https:\/\/jornaldasoficinas.com\/pt\/infopro-digital-automotive-confirma-presenca-na-expomecanica\/","name":"Infopro Digital Automotive confirma presen\u00e7a na expoMEC\u00c2NICA - Jornal das Oficinas","isPartOf":{"@id":"https:\/\/jornaldasoficinas.com\/pt\/#website"},"primaryImageOfPage":{"@id":"https:\/\/jornaldasoficinas.com\/pt\/infopro-digital-automotive-confirma-presenca-na-expomecanica\/#primaryimage"},"image":{"@id":"https:\/\/jornaldasoficinas.com\/pt\/infopro-digital-automotive-confirma-presenca-na-expomecanica\/#primaryimage"},"thumbnailUrl":"https:\/\/jornaldasoficinas.com\/pt\/wp-content\/uploads\/2024\/11\/Infopro-Digital-Automotive-confirma-presenca-na-expoMECANICA.png","datePublished":"2024-11-07T10:00:57+00:00","description":"A Infopro Digital Automotive vai chegar equipada \u00e0 expoMEC\u00c2NICA 2024, com uma vasta gama de solu\u00e7\u00f5es para oficinas e distribuidores","breadcrumb":{"@id":"https:\/\/jornaldasoficinas.com\/pt\/infopro-digital-automotive-confirma-presenca-na-expomecanica\/#breadcrumb"},"inLanguage":"pt-PT","potentialAction":[{"@type":"ReadAction","target":["https:\/\/jornaldasoficinas.com\/pt\/infopro-digital-automotive-confirma-presenca-na-expomecanica\/"]}]},{"@type":"ImageObject","inLanguage":"pt-PT","@id":"https:\/\/jornaldasoficinas.com\/pt\/infopro-digital-automotive-confirma-presenca-na-expomecanica\/#primaryimage","url":"https:\/\/jornaldasoficinas.com\/pt\/wp-content\/uploads\/2024\/11\/Infopro-Digital-Automotive-confirma-presenca-na-expoMECANICA.png","contentUrl":"https:\/\/jornaldasoficinas.com\/pt\/wp-content\/uploads\/2024\/11\/Infopro-Digital-Automotive-confirma-presenca-na-expoMECANICA.png","width":1024,"height":581,"caption":"11 - Infopro Digital Automotive confirma presenca na expoMECANICA"},{"@type":"BreadcrumbList","@id":"https:\/\/jornaldasoficinas.com\/pt\/infopro-digital-automotive-confirma-presenca-na-expomecanica\/#breadcrumb","itemListElement":[{"@type":"ListItem","position":1,"name":"In\u00edcio","item":"https:\/\/jornaldasoficinas.com\/pt\/"},{"@type":"ListItem","position":2,"name":"Infopro Digital Automotive confirma presen\u00e7a na expoMEC\u00c2NICA"}]},{"@type":"WebSite","@id":"https:\/\/jornaldasoficinas.com\/pt\/#website","url":"https:\/\/jornaldasoficinas.com\/pt\/","name":"Jornal das Oficinas","description":"Jornal independente do Aftermarket Autom\u00f3vel em Portugal","publisher":{"@id":"https:\/\/jornaldasoficinas.com\/pt\/#organization"},"potentialAction":[{"@type":"SearchAction","target":{"@type":"EntryPoint","urlTemplate":"https:\/\/jornaldasoficinas.com\/pt\/?s={search_term_string}"},"query-input":{"@type":"PropertyValueSpecification","valueRequired":true,"valueName":"search_term_string"}}],"inLanguage":"pt-PT"},{"@type":"Organization","@id":"https:\/\/jornaldasoficinas.com\/pt\/#organization","name":"Jornal das Oficinas","url":"https:\/\/jornaldasoficinas.com\/pt\/","logo":{"@type":"ImageObject","inLanguage":"pt-PT","@id":"https:\/\/jornaldasoficinas.com\/pt\/#\/schema\/logo\/image\/","url":"https:\/\/jornaldasoficinas.com\/pt\/wp-content\/uploads\/logoJO-SEO.png","contentUrl":"https:\/\/jornaldasoficinas.com\/pt\/wp-content\/uploads\/logoJO-SEO.png","width":285,"height":450,"caption":"Jornal das Oficinas"},"image":{"@id":"https:\/\/jornaldasoficinas.com\/pt\/#\/schema\/logo\/image\/"},"sameAs":["https:\/\/www.facebook.com\/jornaloficinas","https:\/\/x.com\/jornaloficinas","https:\/\/www.instagram.com\/jornal_oficinas\/","https:\/\/www.linkedin.com\/company\/jornal-das-oficinas\/","https:\/\/www.youtube.com\/channel\/UCbQZBqtcvV-oSQrr7RzINGg"]},{"@type":"Person","@id":"https:\/\/jornaldasoficinas.com\/pt\/#\/schema\/person\/a38eef5de2c41d9e7c9ac10141afddf3","name":"Reda\u00e7\u00e3o JO","image":{"@type":"ImageObject","inLanguage":"pt-PT","@id":"https:\/\/secure.gravatar.com\/avatar\/71f2fa71737ad68a84fea94bc708ddac8ea5b0c4788dc2ad202f3ccb2887742f?s=96&d=wp_user_avatar&r=g","url":"https:\/\/secure.gravatar.com\/avatar\/71f2fa71737ad68a84fea94bc708ddac8ea5b0c4788dc2ad202f3ccb2887742f?s=96&d=wp_user_avatar&r=g","contentUrl":"https:\/\/secure.gravatar.com\/avatar\/71f2fa71737ad68a84fea94bc708ddac8ea5b0c4788dc2ad202f3ccb2887742f?s=96&d=wp_user_avatar&r=g","caption":"Reda\u00e7\u00e3o JO"},"url":"https:\/\/jornaldasoficinas.com\/pt\/author\/joredacao\/"}]}},"_links":{"self":[{"href":"https:\/\/jornaldasoficinas.com\/pt\/wp-json\/wp\/v2\/posts\/93652","targetHints":{"allow":["GET"]}}],"collection":[{"href":"https:\/\/jornaldasoficinas.com\/pt\/wp-json\/wp\/v2\/posts"}],"about":[{"href":"https:\/\/jornaldasoficinas.com\/pt\/wp-json\/wp\/v2\/types\/post"}],"author":[{"embeddable":true,"href":"https:\/\/jornaldasoficinas.com\/pt\/wp-json\/wp\/v2\/users\/15"}],"replies":[{"embeddable":true,"href":"https:\/\/jornaldasoficinas.com\/pt\/wp-json\/wp\/v2\/comments?post=93652"}],"version-history":[{"count":0,"href":"https:\/\/jornaldasoficinas.com\/pt\/wp-json\/wp\/v2\/posts\/93652\/revisions"}],"wp:featuredmedia":[{"embeddable":true,"href":"https:\/\/jornaldasoficinas.com\/pt\/wp-json\/wp\/v2\/media\/93674"}],"wp:attachment":[{"href":"https:\/\/jornaldasoficinas.com\/pt\/wp-json\/wp\/v2\/media?parent=93652"}],"wp:term":[{"taxonomy":"category","embeddable":true,"href":"https:\/\/jornaldasoficinas.com\/pt\/wp-json\/wp\/v2\/categories?post=93652"},{"taxonomy":"post_tag","embeddable":true,"href":"https:\/\/jornaldasoficinas.com\/pt\/wp-json\/wp\/v2\/tags?post=93652"}],"curies":[{"name":"wp","href":"https:\/\/api.w.org\/{rel}","templated":true}]}}