{"id":93655,"date":"2024-11-10T21:30:49","date_gmt":"2024-11-10T21:30:49","guid":{"rendered":"https:\/\/jornaldasoficinas.com\/pt\/?p=93655"},"modified":"2024-11-06T16:28:06","modified_gmt":"2024-11-06T16:28:06","slug":"este-ano-vai-ser-o-melhor-de-sempre-paulo-costa-pinto-mf-pinto","status":"publish","type":"post","link":"https:\/\/jornaldasoficinas.com\/pt\/este-ano-vai-ser-o-melhor-de-sempre-paulo-costa-pinto-mf-pinto\/","title":{"rendered":"&#8220;Este ano vai ser o melhor de sempre&#8221;, Paulo Costa Pinto, MF Pinto"},"content":{"rendered":"<p><img loading=\"lazy\" decoding=\"async\" class=\"alignnone size-full wp-image-93779\" src=\"https:\/\/jornaldasoficinas.com\/pt\/wp-content\/uploads\/2024\/11\/MFPinto1.jpeg\" alt=\"11 - MFPinto1\" width=\"1024\" height=\"581\" srcset=\"https:\/\/jornaldasoficinas.com\/pt\/wp-content\/uploads\/2024\/11\/MFPinto1.jpeg 1024w, https:\/\/jornaldasoficinas.com\/pt\/wp-content\/uploads\/2024\/11\/MFPinto1-300x170.jpeg 300w, https:\/\/jornaldasoficinas.com\/pt\/wp-content\/uploads\/2024\/11\/MFPinto1-150x85.jpeg 150w, https:\/\/jornaldasoficinas.com\/pt\/wp-content\/uploads\/2024\/11\/MFPinto1-768x436.jpeg 768w\" sizes=\"auto, (max-width: 1024px) 100vw, 1024px\" \/><\/p>\n<p><strong>\u00c9 na crista da onda que a <a href=\"https:\/\/mfpinto.com\/\" target=\"_blank\" rel=\"noopener\">MF Pinto<\/a>, especialista na comercializa\u00e7\u00e3o de sistemas de inje\u00e7\u00e3o e turbocompressores, celebra o vig\u00e9simo anivers\u00e1rio. Integra desde novembro 2023 o grupo de compras internacional <a href=\"https:\/\/www.temot.com\/\" target=\"_blank\" rel=\"noopener\">TEMOT<\/a> e espera fechar o ano com o melhor resultado de sempre, depois de uma evolu\u00e7\u00e3o muito positiva ao longo da \u00faltima d\u00e9cada. Fomos falar com o CEO, Paulo Costa Pinto, que nos fez o balan\u00e7o destes vinte anos<\/strong><\/p>\n<p>Paulo Costa Pinto e o irm\u00e3o Jorge Costa Pinto fundaram a MF Pinto em Carnaxide, em junho de 2004. O in\u00edcio, conta Paulo, \u201cfoi dif\u00edcil e atribulado, \u00e9ramos poucos: eu, o meu irm\u00e3o e mais dois comerciais, mas qualquer in\u00edcio \u00e9 sempre complicado, n\u00e3o \u00e9? T\u00ednhamos umas instala\u00e7\u00f5es pequenas, com cerca de 200 metros quadrados, e estivemos sempre apoiados na parte de Diesel e dos Turbocompressores, que foi e continua a ser o nosso \u00abcore business\u00bb, sendo que ao longo do tempo fomos tamb\u00e9m comercializando outro tipo de produtos\u201d. Na primeira d\u00e9cada, recorda, apesar do \u201cdif\u00edcil arranque, tivemos o apoio de muitos clientes, o que acabou por ser vital para a continuidade da empresa. S\u00e3o os clientes que sustentam a empresa e n\u00f3s sempre tivemos bom relacionamento com eles, portanto, isso ajudou-nos imenso\u201d, diz o CEO, que tem no\u00e7\u00e3o do muito que se alterou neste mercado. \u201cAntes, muitas vezes, os clientes esperavam 24 horas para n\u00f3s entregarmos a pe\u00e7a. Hoje em dia, se uma pessoa n\u00e3o tiver a pe\u00e7a na prateleira, o cliente vai \u00e0 procura no concorrente, \u00e9 normal. A concorr\u00eancia est\u00e1 cada vez mais forte, \u00e9 tudo muito mais competitivo\u201d, considera Paulo Costa Pinto.<\/p>\n<p>Se, inicialmente, n\u00e3o representavam qualquer marca, trabalhando, claro, com as maiores, \u201cmas n\u00e3o como representantes ou distribuidores\u201d, com o passar do tempo, conquistaram um estatuto cada vez mais destacado. \u201cFomos crescendo, aumentando a nossa fatura\u00e7\u00e3o e aumentando tamb\u00e9m a nossa estrutura, de tal forma que, em 2010, fomos obrigados a mudar de instala\u00e7\u00f5es. Foi ent\u00e3o que viemos aqui para Sintra. Esse foi um ano de grandes investimentos e tivemos que nos estruturar de outra forma, para partirmos para uma realidade completamente diferente\u201d, refere, lembrando que \u201ccom bastante stock j\u00e1 pod\u00edamos responder \u00e0s necessidades dos nossos clientes mais r\u00e1pida e eficazmente. A partir da\u00ed, come\u00e7\u00e1mos a adotar tamb\u00e9m uma pol\u00edtica de entregas mais regular e fi\u00e1vel, para prestar um servi\u00e7o completo, desde a chamada telef\u00f3nica, at\u00e9 a entrega da pe\u00e7a no cliente, foi uma mais-valia para n\u00f3s\u201d, declara.<\/p>\n<p><strong>Abrir novas portas<\/strong><br \/>\nNa segunda d\u00e9cada \u2013 \u201cn\u00e3o que tenha sido mais f\u00e1cil\u201d, alerta Paulo Costa Pinto \u2013 \u201cj\u00e1 fomos abrindo outras portas que anteriormente n\u00e3o ter\u00edamos conseguido, nem que fosse pelo facto de as instala\u00e7\u00f5es n\u00e3o o permitirem. Expandimos para o Porto em 2017, fizemos a amplia\u00e7\u00e3o destas instala\u00e7\u00f5es, comprando o armaz\u00e9m aqui ao lado e, neste momento, temos dois mil metros quadrados de \u00e1rea em Sintra e 700 m2 na \u00e1rea industrial da Maia\u201d, comenta. O CEO destaca especialmente, nesta fase, o in\u00edcio da distribui\u00e7\u00e3o da marca BorgWarner, e, desde o ano passado, a distribui\u00e7\u00e3o da Mitsubishi: \u201cFomos ganhando a confian\u00e7a por parte desses fabricantes, a BorgWarner foi a primeira a dar-nos balan\u00e7o, de seguida a Mitsubishi\u2026 e depois \u00e9 tudo uma bola de neve. No caso da Mitsubishi, este foi o primeiro ano e est\u00e1 a correr excecionalmente bem. Eles ficaram bastante admirados com o nosso potencial, com os n\u00fameros que apresent\u00e1mos nos primeiros seis meses, mas sendo este o nosso core business, n\u00f3s sab\u00edamos o que est\u00e1vamos a fazer\u201d, explica.<\/p>\n<p>Novembro de 2023 ficou ainda marcado pela entrada da MF Pinto no grupo TEMOT, com a empresa a apostar em presen\u00e7as na feira Automechanika de Frankfurt com o prop\u00f3sito de angariar novas marcas e clientes a n\u00edvel internacional. Passar a integrar o grupo de compras internacional ajudou a empresa a \u201cter mais notoriedade e a chegarmos a marcas que n\u00e3o poder\u00edamos, ou n\u00e3o equacion\u00e1vamos sequer conseguir\u201d. Paulo Costa Pinto real\u00e7a a participa\u00e7\u00e3o da MF Pinto na TEMOT Summit, em maio, onde se realizaram \u201creuni\u00f5es com os principais parceiros da TEMOT, para desenvolver mais neg\u00f3cio. Conseguimos ficar com a distribui\u00e7\u00e3o da Bilstein e Vitesco para Portugal e temos j\u00e1 outros fornecedores em mente. \u00c9 claro que o trabalho \u00e9 nosso, mas a TEMOT apoia bastante, porque eles t\u00eam os conhecimentos e as pessoas certas com quem falam, o que possibilita outro tipo de aproxima\u00e7\u00e3o. Eles s\u00e3o muito ativos e proativos e t\u00eam sempre novas ideias e novos projetos. Ajudam-nos bastante\u201d, enaltece.<\/p>\n<p><strong>Diversificar para n\u00e3o ficar para tr\u00e1s<\/strong><br \/>\nA problem\u00e1tica ecol\u00f3gica da pegada de carbono deixa os respons\u00e1veis da MF Pinto \u201cpreocupados\u201d e Paulo Costa Pinto assume que t\u00eam \u201ca no\u00e7\u00e3o de que o neg\u00f3cio ir\u00e1 sofrer bastantes altera\u00e7\u00f5es nos pr\u00f3ximos anos. O futuro do Diesel \u00e9 uma inc\u00f3gnita, as vendas provavelmente ir\u00e3o decrescer, j\u00e1 muitas marcas deixaram de produzir carros a gas\u00f3leo e, a nossa esperan\u00e7a, enquanto distribuidores ou especialistas nesta \u00e1rea, \u00e9 que o gas\u00f3leo sint\u00e9tico apare\u00e7a. J\u00e1 h\u00e1 estudos nesse sentido, mas ainda estamos bastante longe, por isso \u00e9 que come\u00e7amos a diversificar e atualmente comercializamos compressores de ar condicionado, pastilhas de trav\u00e3o, discos, sensores e amortecedores, entre outros. Temos as v\u00e1lvulas EGR da Wahler, o l\u00edquido aditivo Stanadyne, que \u00e9 sempre um complemento, os injetores a gasolina e sensores NOx da Vitesco que, como j\u00e1 referi, \u00e9 uma das nossas mais recentes distribui\u00e7\u00f5es e, portanto, temos um portef\u00f3lio j\u00e1 bastante amplo\u201d. Em paralelo, a MF Pinto tem como marca pr\u00f3pria a DTS, com \u201cos nossos injetores recondicionados e cri\u00e1mos tamb\u00e9m a DTS Clima e a DTS Electric, com motores de arranque e alternadores, que s\u00e3o as tr\u00eas grandes linhas de produtos que n\u00f3s temos com marca pr\u00f3pria. Enquanto MF Pinto, n\u00e3o temos a DTS na parte de turbocompressores, mas apoiamos a nossa empresa em Espanha para essa marca\u201d, explica.<\/p>\n<p><strong>Log\u00edstica bidi\u00e1ria<\/strong><br \/>\nA MF Pinto trabalha com o retalho e com as oficinas e garante entregas bidi\u00e1rias, \u201ch\u00e1 clientes que nos pedem o material da parte da manh\u00e3 e fazemos a entrega da parte da tarde. Se for da \u00e1rea da grande Lisboa e do Porto, temos a nossa equipa de distribui\u00e7\u00e3o que faz a entrega. Se for j\u00e1 fora da nossa \u00e1rea de a\u00e7\u00e3o, trabalhamos com v\u00e1rias transportadoras\u201d, explica o respons\u00e1vel. As encomendas s\u00e3o feitas atrav\u00e9s de uma plataforma B2B, criada pela PHC, a TotalSoft, com os clientes a poder aceder atrav\u00e9s de login e password. De forma aut\u00f3noma, podem ver o stock, os pre\u00e7os, ver as contas correntes e, claro, realizar as encomendas, \u201cmas ainda n\u00e3o tem tudo aquilo que n\u00f3s pretendemos\u201d, diz-nos Paulo Costa Pinto, revelando que est\u00e3o j\u00e1 a tratar de outro site, \u201conde vamos dar a possibilidade ao nosso cliente de fazer pesquisa e de identificar as pe\u00e7as, para ver se est\u00e3o dispon\u00edveis em stock\u201d, acredita. Para dar apoio aos clientes, a empresa conta com o departamento comercial e ainda com \u201cduas pessoas no departamento t\u00e9cnico, que d\u00e3o o apoio que for necess\u00e1rio, n\u00e3o s\u00f3 a n\u00edvel de inje\u00e7\u00e3o, de turbocompressores, e das pr\u00f3prias m\u00e1quinas CIMAT, que tamb\u00e9m comercializamos\u201d. No que diz respeito \u00e0 forma\u00e7\u00e3o, realizam algumas internas, para colaboradores, promovendo reuni\u00f5es mensais para lhes comunicar todas as novidades. Tamb\u00e9m j\u00e1 tivemos uma forma\u00e7\u00e3o ao n\u00edvel de turbocompressores, com a nossa m\u00e1quina da CIMAT, e tivemos clientes que ou compraram a m\u00e1quina, ou quiseram fazer um \u00abrefresh\u00bb e vieram a ter connosco e n\u00f3s demos essa forma\u00e7\u00e3o\u201d, conta.<\/p>\n<p><strong>Proje\u00e7\u00e3o positiva<\/strong><br \/>\nAtualmente, a MF Pinto tem cerca de seis mil refer\u00eancias ativas e uma estrutura com 50 funcion\u00e1rios, distribu\u00eddos entre Lisboa e o Porto, com um total de seis vendedores, para \u201ccobrir o pa\u00eds inteiro, com alguma facilidade, inclusive as ilhas. Ainda pens\u00e1mos em colocar algu\u00e9m em Coimbra, mas ach\u00e1mos que n\u00e3o era necess\u00e1rio, pelo menos para j\u00e1\u201d, afirma o CEO. Neste momento, o respons\u00e1vel entende que n\u00e3o h\u00e1 necessidade de ampliar as instala\u00e7\u00f5es, \u201cpois estamos servidos e penso que ainda nos aguentamos durante alguns anos. Este ano tem sido dif\u00edcil, a n\u00edvel de investimento, mas, ao mesmo tempo, tem sido bastante proveitoso e com a proje\u00e7\u00e3o que temos, vai ser o melhor ano de sempre\u201d, menciona, com satisfa\u00e7\u00e3o. \u201cN\u00f3s temos vindo a crescer de forma sustent\u00e1vel, desde que come\u00e7\u00e1mos, todos os anos temos atingido e superado o nosso objetivo e o ano hom\u00f3logo anterior\u201d, congratula-se, esperando fechar 2024 \u201ccom dois d\u00edgitos de crescimento face ao ano passado\u201d. A empresa tem as margens cada vez mais esmagadas, uma vez que, segundo o nosso entrevistado, \u201ch\u00e1 cada vez mais concorr\u00eancia no mercado. Os turbos come\u00e7aram a ser uma linha de produto bastante apetec\u00edvel e h\u00e1 outros players que v\u00e3o entrando\u201d. E Paulo Costa Pinto explica que apesar de n\u00e3o terem \u201cuma margem muito grande, sem margem n\u00e3o conseguimos fazer nada. \u00c9 da\u00ed que vai sair o dinheiro para pagarmos os nossos gastos de estrutura e para reinvestir na empresa. Acautelamos sempre esse lado do neg\u00f3cio\u201d, assegura, garantindo que h\u00e1 coisas igualmente importantes: \u201cA nossa equipa \u00e9 boa, o que \u00e9 fundamental, temos uma boa rela\u00e7\u00e3o com todos. O que tentamos \u00e9 incutir o nosso esp\u00edrito, meu e do meu irm\u00e3o, e a empresa n\u00e3o foge em nada daquilo que \u00e9 o nosso car\u00e1ter\u201d, conclui.<\/p>\n<p><strong>\u201cVamos continuar \u00e0 frente da nossa empresa\u201d<\/strong>, saiba o que o administrador quis dizer com esta afirma\u00e7\u00e3o na edi\u00e7\u00e3o impressa do Jornal das Oficinas de outubro\/novembro,\u00a0<a href=\"https:\/\/www.yumpu.com\/pt\/document\/read\/68901541\/jornal-das-oficinas-219\/46\">aqui<\/a>.<\/p>\n<p>&nbsp;<\/p>\n","protected":false},"excerpt":{"rendered":"<p>\u00c9 na crista da onda que&#8230;<\/p>\n","protected":false},"author":15,"featured_media":93779,"comment_status":"closed","ping_status":"closed","sticky":false,"template":"","format":"standard","meta":{"footnotes":""},"categories":[38],"tags":[3028,11105,1990,11104,10244,4637,2493,1402],"class_list":["post-93655","post","type-post","status-publish","format-standard","has-post-thumbnail","hentry","category-entrevistas","tag-20-anos","tag-jorge-costa-pinto","tag-mf-pinto","tag-paulo-costa-pinto","tag-resultados-financeiros","tag-sistemas-de-injecao","tag-temot","tag-turbocompressores"],"yoast_head":"<!-- This site is optimized with the Yoast SEO plugin v27.4 - https:\/\/yoast.com\/product\/yoast-seo-wordpress\/ -->\n<title>&quot;Este ano vai ser o melhor de sempre&quot;, Paulo Costa Pinto, MF Pinto - Jornal das Oficinas<\/title>\n<meta name=\"description\" content=\"\u00c9 na crista da onda que a MF Pinto, especialista na comercializa\u00e7\u00e3o de sistemas de inje\u00e7\u00e3o e turbocompressores, celebra o vig\u00e9simo anivers\u00e1rio\" \/>\n<meta name=\"robots\" content=\"index, follow, max-snippet:-1, max-image-preview:large, max-video-preview:-1\" \/>\n<link rel=\"canonical\" href=\"https:\/\/jornaldasoficinas.com\/pt\/este-ano-vai-ser-o-melhor-de-sempre-paulo-costa-pinto-mf-pinto\/\" \/>\n<meta property=\"og:locale\" content=\"pt_PT\" \/>\n<meta property=\"og:type\" content=\"article\" \/>\n<meta property=\"og:title\" content=\"&quot;Este ano vai ser o melhor de sempre&quot;, Paulo Costa Pinto, MF Pinto - Jornal das Oficinas\" \/>\n<meta property=\"og:description\" content=\"\u00c9 na crista da onda que a MF Pinto, especialista na comercializa\u00e7\u00e3o de sistemas de inje\u00e7\u00e3o e turbocompressores, celebra o vig\u00e9simo anivers\u00e1rio\" \/>\n<meta property=\"og:url\" content=\"https:\/\/jornaldasoficinas.com\/pt\/este-ano-vai-ser-o-melhor-de-sempre-paulo-costa-pinto-mf-pinto\/\" \/>\n<meta property=\"og:site_name\" content=\"Jornal das Oficinas\" \/>\n<meta property=\"article:publisher\" content=\"https:\/\/www.facebook.com\/jornaloficinas\" \/>\n<meta property=\"article:published_time\" content=\"2024-11-10T21:30:49+00:00\" \/>\n<meta property=\"og:image\" content=\"https:\/\/jornaldasoficinas.com\/pt\/wp-content\/uploads\/2024\/11\/MFPinto1.jpeg\" \/>\n\t<meta property=\"og:image:width\" content=\"1024\" \/>\n\t<meta property=\"og:image:height\" content=\"581\" \/>\n\t<meta property=\"og:image:type\" content=\"image\/jpeg\" \/>\n<meta name=\"author\" content=\"Reda\u00e7\u00e3o JO\" \/>\n<meta name=\"twitter:card\" content=\"summary_large_image\" \/>\n<meta name=\"twitter:creator\" content=\"@jornaloficinas\" \/>\n<meta name=\"twitter:site\" content=\"@jornaloficinas\" \/>\n<meta name=\"twitter:label1\" content=\"Escrito por\" \/>\n\t<meta name=\"twitter:data1\" content=\"Reda\u00e7\u00e3o JO\" \/>\n\t<meta name=\"twitter:label2\" content=\"Tempo estimado de leitura\" \/>\n\t<meta name=\"twitter:data2\" content=\"9 minutos\" \/>\n<script type=\"application\/ld+json\" class=\"yoast-schema-graph\">{\"@context\":\"https:\\\/\\\/schema.org\",\"@graph\":[{\"@type\":\"Article\",\"@id\":\"https:\\\/\\\/jornaldasoficinas.com\\\/pt\\\/este-ano-vai-ser-o-melhor-de-sempre-paulo-costa-pinto-mf-pinto\\\/#article\",\"isPartOf\":{\"@id\":\"https:\\\/\\\/jornaldasoficinas.com\\\/pt\\\/este-ano-vai-ser-o-melhor-de-sempre-paulo-costa-pinto-mf-pinto\\\/\"},\"author\":{\"name\":\"Reda\u00e7\u00e3o JO\",\"@id\":\"https:\\\/\\\/jornaldasoficinas.com\\\/pt\\\/#\\\/schema\\\/person\\\/a38eef5de2c41d9e7c9ac10141afddf3\"},\"headline\":\"&#8220;Este ano vai ser o melhor de sempre&#8221;, Paulo Costa Pinto, MF Pinto\",\"datePublished\":\"2024-11-10T21:30:49+00:00\",\"mainEntityOfPage\":{\"@id\":\"https:\\\/\\\/jornaldasoficinas.com\\\/pt\\\/este-ano-vai-ser-o-melhor-de-sempre-paulo-costa-pinto-mf-pinto\\\/\"},\"wordCount\":1706,\"publisher\":{\"@id\":\"https:\\\/\\\/jornaldasoficinas.com\\\/pt\\\/#organization\"},\"image\":{\"@id\":\"https:\\\/\\\/jornaldasoficinas.com\\\/pt\\\/este-ano-vai-ser-o-melhor-de-sempre-paulo-costa-pinto-mf-pinto\\\/#primaryimage\"},\"thumbnailUrl\":\"https:\\\/\\\/jornaldasoficinas.com\\\/pt\\\/wp-content\\\/uploads\\\/2024\\\/11\\\/MFPinto1.jpeg\",\"keywords\":[\"20 anos\",\"Jorge Costa Pinto\",\"MF Pinto\",\"Paulo Costa Pinto\",\"resultados financeiros\",\"sistemas de inje\u00e7\u00e3o\",\"TEMOT\",\"Turbocompressores\"],\"articleSection\":[\"Entrevistas\"],\"inLanguage\":\"pt-PT\"},{\"@type\":\"WebPage\",\"@id\":\"https:\\\/\\\/jornaldasoficinas.com\\\/pt\\\/este-ano-vai-ser-o-melhor-de-sempre-paulo-costa-pinto-mf-pinto\\\/\",\"url\":\"https:\\\/\\\/jornaldasoficinas.com\\\/pt\\\/este-ano-vai-ser-o-melhor-de-sempre-paulo-costa-pinto-mf-pinto\\\/\",\"name\":\"\\\"Este ano vai ser o melhor de sempre\\\", Paulo Costa Pinto, MF Pinto - Jornal das Oficinas\",\"isPartOf\":{\"@id\":\"https:\\\/\\\/jornaldasoficinas.com\\\/pt\\\/#website\"},\"primaryImageOfPage\":{\"@id\":\"https:\\\/\\\/jornaldasoficinas.com\\\/pt\\\/este-ano-vai-ser-o-melhor-de-sempre-paulo-costa-pinto-mf-pinto\\\/#primaryimage\"},\"image\":{\"@id\":\"https:\\\/\\\/jornaldasoficinas.com\\\/pt\\\/este-ano-vai-ser-o-melhor-de-sempre-paulo-costa-pinto-mf-pinto\\\/#primaryimage\"},\"thumbnailUrl\":\"https:\\\/\\\/jornaldasoficinas.com\\\/pt\\\/wp-content\\\/uploads\\\/2024\\\/11\\\/MFPinto1.jpeg\",\"datePublished\":\"2024-11-10T21:30:49+00:00\",\"description\":\"\u00c9 na crista da onda que a MF Pinto, especialista na comercializa\u00e7\u00e3o de sistemas de inje\u00e7\u00e3o e turbocompressores, celebra o vig\u00e9simo anivers\u00e1rio\",\"breadcrumb\":{\"@id\":\"https:\\\/\\\/jornaldasoficinas.com\\\/pt\\\/este-ano-vai-ser-o-melhor-de-sempre-paulo-costa-pinto-mf-pinto\\\/#breadcrumb\"},\"inLanguage\":\"pt-PT\",\"potentialAction\":[{\"@type\":\"ReadAction\",\"target\":[\"https:\\\/\\\/jornaldasoficinas.com\\\/pt\\\/este-ano-vai-ser-o-melhor-de-sempre-paulo-costa-pinto-mf-pinto\\\/\"]}]},{\"@type\":\"ImageObject\",\"inLanguage\":\"pt-PT\",\"@id\":\"https:\\\/\\\/jornaldasoficinas.com\\\/pt\\\/este-ano-vai-ser-o-melhor-de-sempre-paulo-costa-pinto-mf-pinto\\\/#primaryimage\",\"url\":\"https:\\\/\\\/jornaldasoficinas.com\\\/pt\\\/wp-content\\\/uploads\\\/2024\\\/11\\\/MFPinto1.jpeg\",\"contentUrl\":\"https:\\\/\\\/jornaldasoficinas.com\\\/pt\\\/wp-content\\\/uploads\\\/2024\\\/11\\\/MFPinto1.jpeg\",\"width\":1024,\"height\":581,\"caption\":\"11 - MFPinto1\"},{\"@type\":\"BreadcrumbList\",\"@id\":\"https:\\\/\\\/jornaldasoficinas.com\\\/pt\\\/este-ano-vai-ser-o-melhor-de-sempre-paulo-costa-pinto-mf-pinto\\\/#breadcrumb\",\"itemListElement\":[{\"@type\":\"ListItem\",\"position\":1,\"name\":\"In\u00edcio\",\"item\":\"https:\\\/\\\/jornaldasoficinas.com\\\/pt\\\/\"},{\"@type\":\"ListItem\",\"position\":2,\"name\":\"&#8220;Este ano vai ser o melhor de sempre&#8221;, Paulo Costa Pinto, MF Pinto\"}]},{\"@type\":\"WebSite\",\"@id\":\"https:\\\/\\\/jornaldasoficinas.com\\\/pt\\\/#website\",\"url\":\"https:\\\/\\\/jornaldasoficinas.com\\\/pt\\\/\",\"name\":\"Jornal das Oficinas\",\"description\":\"Jornal independente do Aftermarket Autom\u00f3vel em Portugal\",\"publisher\":{\"@id\":\"https:\\\/\\\/jornaldasoficinas.com\\\/pt\\\/#organization\"},\"potentialAction\":[{\"@type\":\"SearchAction\",\"target\":{\"@type\":\"EntryPoint\",\"urlTemplate\":\"https:\\\/\\\/jornaldasoficinas.com\\\/pt\\\/?s={search_term_string}\"},\"query-input\":{\"@type\":\"PropertyValueSpecification\",\"valueRequired\":true,\"valueName\":\"search_term_string\"}}],\"inLanguage\":\"pt-PT\"},{\"@type\":\"Organization\",\"@id\":\"https:\\\/\\\/jornaldasoficinas.com\\\/pt\\\/#organization\",\"name\":\"Jornal das Oficinas\",\"url\":\"https:\\\/\\\/jornaldasoficinas.com\\\/pt\\\/\",\"logo\":{\"@type\":\"ImageObject\",\"inLanguage\":\"pt-PT\",\"@id\":\"https:\\\/\\\/jornaldasoficinas.com\\\/pt\\\/#\\\/schema\\\/logo\\\/image\\\/\",\"url\":\"https:\\\/\\\/jornaldasoficinas.com\\\/pt\\\/wp-content\\\/uploads\\\/logoJO-SEO.png\",\"contentUrl\":\"https:\\\/\\\/jornaldasoficinas.com\\\/pt\\\/wp-content\\\/uploads\\\/logoJO-SEO.png\",\"width\":285,\"height\":450,\"caption\":\"Jornal das Oficinas\"},\"image\":{\"@id\":\"https:\\\/\\\/jornaldasoficinas.com\\\/pt\\\/#\\\/schema\\\/logo\\\/image\\\/\"},\"sameAs\":[\"https:\\\/\\\/www.facebook.com\\\/jornaloficinas\",\"https:\\\/\\\/x.com\\\/jornaloficinas\",\"https:\\\/\\\/www.instagram.com\\\/jornal_oficinas\\\/\",\"https:\\\/\\\/www.linkedin.com\\\/company\\\/jornal-das-oficinas\\\/\",\"https:\\\/\\\/www.youtube.com\\\/channel\\\/UCbQZBqtcvV-oSQrr7RzINGg\"]},{\"@type\":\"Person\",\"@id\":\"https:\\\/\\\/jornaldasoficinas.com\\\/pt\\\/#\\\/schema\\\/person\\\/a38eef5de2c41d9e7c9ac10141afddf3\",\"name\":\"Reda\u00e7\u00e3o JO\",\"image\":{\"@type\":\"ImageObject\",\"inLanguage\":\"pt-PT\",\"@id\":\"https:\\\/\\\/secure.gravatar.com\\\/avatar\\\/71f2fa71737ad68a84fea94bc708ddac8ea5b0c4788dc2ad202f3ccb2887742f?s=96&d=wp_user_avatar&r=g\",\"url\":\"https:\\\/\\\/secure.gravatar.com\\\/avatar\\\/71f2fa71737ad68a84fea94bc708ddac8ea5b0c4788dc2ad202f3ccb2887742f?s=96&d=wp_user_avatar&r=g\",\"contentUrl\":\"https:\\\/\\\/secure.gravatar.com\\\/avatar\\\/71f2fa71737ad68a84fea94bc708ddac8ea5b0c4788dc2ad202f3ccb2887742f?s=96&d=wp_user_avatar&r=g\",\"caption\":\"Reda\u00e7\u00e3o JO\"},\"url\":\"https:\\\/\\\/jornaldasoficinas.com\\\/pt\\\/author\\\/joredacao\\\/\"}]}<\/script>\n<!-- \/ Yoast SEO plugin. -->","yoast_head_json":{"title":"\"Este ano vai ser o melhor de sempre\", Paulo Costa Pinto, MF Pinto - Jornal das Oficinas","description":"\u00c9 na crista da onda que a MF Pinto, especialista na comercializa\u00e7\u00e3o de sistemas de inje\u00e7\u00e3o e turbocompressores, celebra o vig\u00e9simo anivers\u00e1rio","robots":{"index":"index","follow":"follow","max-snippet":"max-snippet:-1","max-image-preview":"max-image-preview:large","max-video-preview":"max-video-preview:-1"},"canonical":"https:\/\/jornaldasoficinas.com\/pt\/este-ano-vai-ser-o-melhor-de-sempre-paulo-costa-pinto-mf-pinto\/","og_locale":"pt_PT","og_type":"article","og_title":"\"Este ano vai ser o melhor de sempre\", Paulo Costa Pinto, MF Pinto - Jornal das Oficinas","og_description":"\u00c9 na crista da onda que a MF Pinto, especialista na comercializa\u00e7\u00e3o de sistemas de inje\u00e7\u00e3o e turbocompressores, celebra o vig\u00e9simo anivers\u00e1rio","og_url":"https:\/\/jornaldasoficinas.com\/pt\/este-ano-vai-ser-o-melhor-de-sempre-paulo-costa-pinto-mf-pinto\/","og_site_name":"Jornal das Oficinas","article_publisher":"https:\/\/www.facebook.com\/jornaloficinas","article_published_time":"2024-11-10T21:30:49+00:00","og_image":[{"width":1024,"height":581,"url":"https:\/\/jornaldasoficinas.com\/pt\/wp-content\/uploads\/2024\/11\/MFPinto1.jpeg","type":"image\/jpeg"}],"author":"Reda\u00e7\u00e3o JO","twitter_card":"summary_large_image","twitter_creator":"@jornaloficinas","twitter_site":"@jornaloficinas","twitter_misc":{"Escrito por":"Reda\u00e7\u00e3o JO","Tempo estimado de leitura":"9 minutos"},"schema":{"@context":"https:\/\/schema.org","@graph":[{"@type":"Article","@id":"https:\/\/jornaldasoficinas.com\/pt\/este-ano-vai-ser-o-melhor-de-sempre-paulo-costa-pinto-mf-pinto\/#article","isPartOf":{"@id":"https:\/\/jornaldasoficinas.com\/pt\/este-ano-vai-ser-o-melhor-de-sempre-paulo-costa-pinto-mf-pinto\/"},"author":{"name":"Reda\u00e7\u00e3o JO","@id":"https:\/\/jornaldasoficinas.com\/pt\/#\/schema\/person\/a38eef5de2c41d9e7c9ac10141afddf3"},"headline":"&#8220;Este ano vai ser o melhor de sempre&#8221;, Paulo Costa Pinto, MF Pinto","datePublished":"2024-11-10T21:30:49+00:00","mainEntityOfPage":{"@id":"https:\/\/jornaldasoficinas.com\/pt\/este-ano-vai-ser-o-melhor-de-sempre-paulo-costa-pinto-mf-pinto\/"},"wordCount":1706,"publisher":{"@id":"https:\/\/jornaldasoficinas.com\/pt\/#organization"},"image":{"@id":"https:\/\/jornaldasoficinas.com\/pt\/este-ano-vai-ser-o-melhor-de-sempre-paulo-costa-pinto-mf-pinto\/#primaryimage"},"thumbnailUrl":"https:\/\/jornaldasoficinas.com\/pt\/wp-content\/uploads\/2024\/11\/MFPinto1.jpeg","keywords":["20 anos","Jorge Costa Pinto","MF Pinto","Paulo Costa Pinto","resultados financeiros","sistemas de inje\u00e7\u00e3o","TEMOT","Turbocompressores"],"articleSection":["Entrevistas"],"inLanguage":"pt-PT"},{"@type":"WebPage","@id":"https:\/\/jornaldasoficinas.com\/pt\/este-ano-vai-ser-o-melhor-de-sempre-paulo-costa-pinto-mf-pinto\/","url":"https:\/\/jornaldasoficinas.com\/pt\/este-ano-vai-ser-o-melhor-de-sempre-paulo-costa-pinto-mf-pinto\/","name":"\"Este ano vai ser o melhor de sempre\", Paulo Costa Pinto, MF Pinto - Jornal das Oficinas","isPartOf":{"@id":"https:\/\/jornaldasoficinas.com\/pt\/#website"},"primaryImageOfPage":{"@id":"https:\/\/jornaldasoficinas.com\/pt\/este-ano-vai-ser-o-melhor-de-sempre-paulo-costa-pinto-mf-pinto\/#primaryimage"},"image":{"@id":"https:\/\/jornaldasoficinas.com\/pt\/este-ano-vai-ser-o-melhor-de-sempre-paulo-costa-pinto-mf-pinto\/#primaryimage"},"thumbnailUrl":"https:\/\/jornaldasoficinas.com\/pt\/wp-content\/uploads\/2024\/11\/MFPinto1.jpeg","datePublished":"2024-11-10T21:30:49+00:00","description":"\u00c9 na crista da onda que a MF Pinto, especialista na comercializa\u00e7\u00e3o de sistemas de inje\u00e7\u00e3o e turbocompressores, celebra o vig\u00e9simo anivers\u00e1rio","breadcrumb":{"@id":"https:\/\/jornaldasoficinas.com\/pt\/este-ano-vai-ser-o-melhor-de-sempre-paulo-costa-pinto-mf-pinto\/#breadcrumb"},"inLanguage":"pt-PT","potentialAction":[{"@type":"ReadAction","target":["https:\/\/jornaldasoficinas.com\/pt\/este-ano-vai-ser-o-melhor-de-sempre-paulo-costa-pinto-mf-pinto\/"]}]},{"@type":"ImageObject","inLanguage":"pt-PT","@id":"https:\/\/jornaldasoficinas.com\/pt\/este-ano-vai-ser-o-melhor-de-sempre-paulo-costa-pinto-mf-pinto\/#primaryimage","url":"https:\/\/jornaldasoficinas.com\/pt\/wp-content\/uploads\/2024\/11\/MFPinto1.jpeg","contentUrl":"https:\/\/jornaldasoficinas.com\/pt\/wp-content\/uploads\/2024\/11\/MFPinto1.jpeg","width":1024,"height":581,"caption":"11 - MFPinto1"},{"@type":"BreadcrumbList","@id":"https:\/\/jornaldasoficinas.com\/pt\/este-ano-vai-ser-o-melhor-de-sempre-paulo-costa-pinto-mf-pinto\/#breadcrumb","itemListElement":[{"@type":"ListItem","position":1,"name":"In\u00edcio","item":"https:\/\/jornaldasoficinas.com\/pt\/"},{"@type":"ListItem","position":2,"name":"&#8220;Este ano vai ser o melhor de sempre&#8221;, Paulo Costa Pinto, MF Pinto"}]},{"@type":"WebSite","@id":"https:\/\/jornaldasoficinas.com\/pt\/#website","url":"https:\/\/jornaldasoficinas.com\/pt\/","name":"Jornal das Oficinas","description":"Jornal independente do Aftermarket Autom\u00f3vel em Portugal","publisher":{"@id":"https:\/\/jornaldasoficinas.com\/pt\/#organization"},"potentialAction":[{"@type":"SearchAction","target":{"@type":"EntryPoint","urlTemplate":"https:\/\/jornaldasoficinas.com\/pt\/?s={search_term_string}"},"query-input":{"@type":"PropertyValueSpecification","valueRequired":true,"valueName":"search_term_string"}}],"inLanguage":"pt-PT"},{"@type":"Organization","@id":"https:\/\/jornaldasoficinas.com\/pt\/#organization","name":"Jornal das Oficinas","url":"https:\/\/jornaldasoficinas.com\/pt\/","logo":{"@type":"ImageObject","inLanguage":"pt-PT","@id":"https:\/\/jornaldasoficinas.com\/pt\/#\/schema\/logo\/image\/","url":"https:\/\/jornaldasoficinas.com\/pt\/wp-content\/uploads\/logoJO-SEO.png","contentUrl":"https:\/\/jornaldasoficinas.com\/pt\/wp-content\/uploads\/logoJO-SEO.png","width":285,"height":450,"caption":"Jornal das Oficinas"},"image":{"@id":"https:\/\/jornaldasoficinas.com\/pt\/#\/schema\/logo\/image\/"},"sameAs":["https:\/\/www.facebook.com\/jornaloficinas","https:\/\/x.com\/jornaloficinas","https:\/\/www.instagram.com\/jornal_oficinas\/","https:\/\/www.linkedin.com\/company\/jornal-das-oficinas\/","https:\/\/www.youtube.com\/channel\/UCbQZBqtcvV-oSQrr7RzINGg"]},{"@type":"Person","@id":"https:\/\/jornaldasoficinas.com\/pt\/#\/schema\/person\/a38eef5de2c41d9e7c9ac10141afddf3","name":"Reda\u00e7\u00e3o JO","image":{"@type":"ImageObject","inLanguage":"pt-PT","@id":"https:\/\/secure.gravatar.com\/avatar\/71f2fa71737ad68a84fea94bc708ddac8ea5b0c4788dc2ad202f3ccb2887742f?s=96&d=wp_user_avatar&r=g","url":"https:\/\/secure.gravatar.com\/avatar\/71f2fa71737ad68a84fea94bc708ddac8ea5b0c4788dc2ad202f3ccb2887742f?s=96&d=wp_user_avatar&r=g","contentUrl":"https:\/\/secure.gravatar.com\/avatar\/71f2fa71737ad68a84fea94bc708ddac8ea5b0c4788dc2ad202f3ccb2887742f?s=96&d=wp_user_avatar&r=g","caption":"Reda\u00e7\u00e3o JO"},"url":"https:\/\/jornaldasoficinas.com\/pt\/author\/joredacao\/"}]}},"_links":{"self":[{"href":"https:\/\/jornaldasoficinas.com\/pt\/wp-json\/wp\/v2\/posts\/93655","targetHints":{"allow":["GET"]}}],"collection":[{"href":"https:\/\/jornaldasoficinas.com\/pt\/wp-json\/wp\/v2\/posts"}],"about":[{"href":"https:\/\/jornaldasoficinas.com\/pt\/wp-json\/wp\/v2\/types\/post"}],"author":[{"embeddable":true,"href":"https:\/\/jornaldasoficinas.com\/pt\/wp-json\/wp\/v2\/users\/15"}],"replies":[{"embeddable":true,"href":"https:\/\/jornaldasoficinas.com\/pt\/wp-json\/wp\/v2\/comments?post=93655"}],"version-history":[{"count":0,"href":"https:\/\/jornaldasoficinas.com\/pt\/wp-json\/wp\/v2\/posts\/93655\/revisions"}],"wp:featuredmedia":[{"embeddable":true,"href":"https:\/\/jornaldasoficinas.com\/pt\/wp-json\/wp\/v2\/media\/93779"}],"wp:attachment":[{"href":"https:\/\/jornaldasoficinas.com\/pt\/wp-json\/wp\/v2\/media?parent=93655"}],"wp:term":[{"taxonomy":"category","embeddable":true,"href":"https:\/\/jornaldasoficinas.com\/pt\/wp-json\/wp\/v2\/categories?post=93655"},{"taxonomy":"post_tag","embeddable":true,"href":"https:\/\/jornaldasoficinas.com\/pt\/wp-json\/wp\/v2\/tags?post=93655"}],"curies":[{"name":"wp","href":"https:\/\/api.w.org\/{rel}","templated":true}]}}