{"id":9367,"date":"2020-02-04T19:08:11","date_gmt":"2020-02-04T19:08:11","guid":{"rendered":"https:\/\/jornaldasoficinas.com\/pt\/?p=9367"},"modified":"2020-02-04T18:15:39","modified_gmt":"2020-02-04T18:15:39","slug":"sabia-que-os-racios-de-gestao-acrescentam-valor-aos-negocios","status":"publish","type":"post","link":"https:\/\/jornaldasoficinas.com\/pt\/sabia-que-os-racios-de-gestao-acrescentam-valor-aos-negocios\/","title":{"rendered":"Sabia que os r\u00e1cios de gest\u00e3o acrescentam valor aos neg\u00f3cios?"},"content":{"rendered":"<p><img loading=\"lazy\" decoding=\"async\" class=\"alignnone wp-image-9366 size-full\" src=\"https:\/\/jornaldasoficinas.com\/pt\/wp-content\/uploads\/2020\/02\/tecnicagestao.png\" alt=\"02 - tecnicagestao\" width=\"1024\" height=\"581\" srcset=\"https:\/\/jornaldasoficinas.com\/pt\/wp-content\/uploads\/2020\/02\/tecnicagestao.png 1024w, https:\/\/jornaldasoficinas.com\/pt\/wp-content\/uploads\/2020\/02\/tecnicagestao-300x170.png 300w, https:\/\/jornaldasoficinas.com\/pt\/wp-content\/uploads\/2020\/02\/tecnicagestao-150x85.png 150w, https:\/\/jornaldasoficinas.com\/pt\/wp-content\/uploads\/2020\/02\/tecnicagestao-768x436.png 768w\" sizes=\"auto, (max-width: 1024px) 100vw, 1024px\" \/><\/p>\n<p><strong>Os ra\u0301cios de gesta\u0303o, ou indicadores chave KPI (Key Performance Indicator), sa\u0303o ferramentas de grande utilidade para medir da forma mais eficaz e, assim, melhor gerir os nego\u0301cios. Os fundamentais no setor do po\u0301s-venda radicam nos materiais e na ma\u0303o de obra e e\u0301 interessante saber como estes nu\u0301meros se podem traduzir em mais eficie\u0302ncia e receitas.<\/strong><\/p>\n<p>Dispor de demasiada informac\u0327a\u0303o, por vezes, pode tornar-se num problema. E nem sempre medir mais e\u0301 sino\u0301nimo de gerir melhor. Trabalhar com ra\u0301cios na\u0303o e\u0301 uma fo\u0301rmula u\u0301nica e va\u0301lida para todos. Oficinas diferentes precisam de indicadores distintos, em func\u0327a\u0303o dos seus mercados e modelos de nego\u0301cio.<\/p>\n<p>Na gesta\u0303o do dia a dia, temos de focar-nos em determinadas medic\u0327o\u0303es e informac\u0327o\u0303es, bem como comprometermo-nos a atuar sobre elas quando os resultados na\u0303o forem os pretendidos. Medir por medir gera rui\u0301do, consome energia e evita o enfoque naquilo que e\u0301 importante.<\/p>\n<p>Analisemos, pois, os principais passos, para compreender como estes nu\u0301meros se podem traduzir numa otimizac\u0327a\u0303o das receitas e numa melhoria da competitividade. O objetivo final consiste em que nos ajudem verdadeiramente a otimizar os nossos nego\u0301cios.<\/p>\n<p><strong>Que processos se devem medir? <\/strong><\/p>\n<p>E\u0301 primordial ter claros os processos a analisar para os organizar e classificar, estabelecendo, em seguida, os objetivos a curto e longo prazos. A este respeito, podemos ter indicadores econo\u0301micos (receitas, despesas, lucros), financeiros (rentabilidade, liquidez), de produc\u0327a\u0303o (produtividade, eficie\u0302ncia, materiais usados), de qualidade (percentagem de defeitos, ni\u0301vel de qualidade, interrupc\u0327o\u0303es forc\u0327adas) e de cliente (satisfac\u0327a\u0303o, nu\u0301mero de reclamac\u0327o\u0303es, novos clientes), entre outros.<\/p>\n<p>Muitas vezes, caso se adotem KPI de outros nego\u0301cios, estes na\u0303o funcionam com a mesma eficie\u0302ncia no nosso. Por isso, e\u0301 fundamental uma visa\u0303o objetiva, avaliando imparcialmente o estado atual da empresa. Uma visa\u0303o externa (consultor) permitira\u0301 determinar que KPI sera\u0303o u\u0301teis em cada organizac\u0327a\u0303o.<\/p>\n<p>Antes de desperdic\u0327ar tempo a avaliar o que medir, ha\u0301 que ponderar sobre o facto de se poder atuar sobre isso. Por exemplo, ra\u0301cios como \u201cvendas por metro quadrado\u201d ou \u201cvendas por funciona\u0301rio\u201d na\u0303o permitem intervenc\u0327a\u0303o. Apenas poderi\u0301amos aumentar as vendas, reduzir os funciona\u0301rios ou diminuir os metros quadrados. Sem que estes ra\u0301cios deixem de ser relevantes, talvez na\u0303o sejam os melhores indicadores no dia a dia.<\/p>\n<p>Para avaliar os resultados de um indicador, devemos poder compara\u0301-lo com um valor pre\u0301-estabelecido de refere\u0302ncia, geralmente os existentes que sa\u0303o padra\u0303o no mercado. Comparar os nossos KPI com as refere\u0302ncias do setor ira\u0301 forc\u0327ar-nos a analisar onde estamos e onde deveri\u0301amos estar, em relac\u0327a\u0303o a\u0300s melhores oficinas e mais eficientes. Temos de saber quais sa\u0303o as ditas refere\u0302ncias.<\/p>\n<p>N\u00e3o perca o artigo completo na <a href=\"https:\/\/www.yumpu.com\/pt\/document\/read\/63049446\/jornal-das-oficinas-171\/62\" target=\"_blank\" rel=\"noopener noreferrer\">edi\u00e7\u00e3o de fevereiro de 2020 do Jornal das Oficinas<\/a>.<\/p>\n","protected":false},"excerpt":{"rendered":"<p>Os ra\u0301cios de gesta\u0303o, ou indicadores&#8230;<\/p>\n","protected":false},"author":15,"featured_media":9366,"comment_status":"closed","ping_status":"closed","sticky":false,"template":"","format":"standard","meta":{"footnotes":""},"categories":[120],"tags":[738,1429],"class_list":["post-9367","post","type-post","status-publish","format-standard","has-post-thumbnail","hentry","category-tecnica","tag-cesvimap","tag-racios-de-gestao"],"yoast_head":"<!-- This site is optimized with the Yoast SEO plugin v27.5 - https:\/\/yoast.com\/product\/yoast-seo-wordpress\/ -->\n<title>Sabia que os r\u00e1cios de gest\u00e3o acrescentam valor aos neg\u00f3cios? - Jornal das Oficinas<\/title>\n<meta name=\"robots\" content=\"index, follow, max-snippet:-1, max-image-preview:large, max-video-preview:-1\" \/>\n<link rel=\"canonical\" href=\"https:\/\/jornaldasoficinas.com\/pt\/sabia-que-os-racios-de-gestao-acrescentam-valor-aos-negocios\/\" \/>\n<meta property=\"og:locale\" content=\"pt_PT\" \/>\n<meta property=\"og:type\" content=\"article\" \/>\n<meta property=\"og:title\" content=\"Sabia que os r\u00e1cios de gest\u00e3o acrescentam valor aos neg\u00f3cios? - Jornal das Oficinas\" \/>\n<meta property=\"og:description\" content=\"Os ra\u0301cios de gesta\u0303o, ou indicadores...\" \/>\n<meta property=\"og:url\" content=\"https:\/\/jornaldasoficinas.com\/pt\/sabia-que-os-racios-de-gestao-acrescentam-valor-aos-negocios\/\" \/>\n<meta property=\"og:site_name\" content=\"Jornal das Oficinas\" \/>\n<meta property=\"article:publisher\" content=\"https:\/\/www.facebook.com\/jornaloficinas\" \/>\n<meta property=\"article:published_time\" content=\"2020-02-04T19:08:11+00:00\" \/>\n<meta property=\"og:image\" content=\"https:\/\/jornaldasoficinas.com\/pt\/wp-content\/uploads\/2020\/02\/tecnicagestao.png\" \/>\n\t<meta property=\"og:image:width\" content=\"1024\" \/>\n\t<meta property=\"og:image:height\" content=\"581\" \/>\n\t<meta property=\"og:image:type\" content=\"image\/png\" \/>\n<meta name=\"author\" content=\"Reda\u00e7\u00e3o JO\" \/>\n<meta name=\"twitter:card\" content=\"summary_large_image\" \/>\n<meta name=\"twitter:creator\" content=\"@jornaloficinas\" \/>\n<meta name=\"twitter:site\" content=\"@jornaloficinas\" \/>\n<meta name=\"twitter:label1\" content=\"Escrito por\" \/>\n\t<meta name=\"twitter:data1\" content=\"Reda\u00e7\u00e3o JO\" \/>\n\t<meta name=\"twitter:label2\" content=\"Tempo estimado de leitura\" \/>\n\t<meta name=\"twitter:data2\" content=\"3 minutos\" \/>\n<script type=\"application\/ld+json\" class=\"yoast-schema-graph\">{\"@context\":\"https:\\\/\\\/schema.org\",\"@graph\":[{\"@type\":\"Article\",\"@id\":\"https:\\\/\\\/jornaldasoficinas.com\\\/pt\\\/sabia-que-os-racios-de-gestao-acrescentam-valor-aos-negocios\\\/#article\",\"isPartOf\":{\"@id\":\"https:\\\/\\\/jornaldasoficinas.com\\\/pt\\\/sabia-que-os-racios-de-gestao-acrescentam-valor-aos-negocios\\\/\"},\"author\":{\"name\":\"Reda\u00e7\u00e3o JO\",\"@id\":\"https:\\\/\\\/jornaldasoficinas.com\\\/pt\\\/#\\\/schema\\\/person\\\/a38eef5de2c41d9e7c9ac10141afddf3\"},\"headline\":\"Sabia que os r\u00e1cios de gest\u00e3o acrescentam valor aos neg\u00f3cios?\",\"datePublished\":\"2020-02-04T19:08:11+00:00\",\"mainEntityOfPage\":{\"@id\":\"https:\\\/\\\/jornaldasoficinas.com\\\/pt\\\/sabia-que-os-racios-de-gestao-acrescentam-valor-aos-negocios\\\/\"},\"wordCount\":526,\"publisher\":{\"@id\":\"https:\\\/\\\/jornaldasoficinas.com\\\/pt\\\/#organization\"},\"image\":{\"@id\":\"https:\\\/\\\/jornaldasoficinas.com\\\/pt\\\/sabia-que-os-racios-de-gestao-acrescentam-valor-aos-negocios\\\/#primaryimage\"},\"thumbnailUrl\":\"https:\\\/\\\/jornaldasoficinas.com\\\/pt\\\/wp-content\\\/uploads\\\/2020\\\/02\\\/tecnicagestao.png\",\"keywords\":[\"CESVIMAP\",\"R\u00e1cios de gest\u00e3o\"],\"articleSection\":[\"T\u00e9cnica\"],\"inLanguage\":\"pt-PT\"},{\"@type\":\"WebPage\",\"@id\":\"https:\\\/\\\/jornaldasoficinas.com\\\/pt\\\/sabia-que-os-racios-de-gestao-acrescentam-valor-aos-negocios\\\/\",\"url\":\"https:\\\/\\\/jornaldasoficinas.com\\\/pt\\\/sabia-que-os-racios-de-gestao-acrescentam-valor-aos-negocios\\\/\",\"name\":\"Sabia que os r\u00e1cios de gest\u00e3o acrescentam valor aos neg\u00f3cios? - Jornal das Oficinas\",\"isPartOf\":{\"@id\":\"https:\\\/\\\/jornaldasoficinas.com\\\/pt\\\/#website\"},\"primaryImageOfPage\":{\"@id\":\"https:\\\/\\\/jornaldasoficinas.com\\\/pt\\\/sabia-que-os-racios-de-gestao-acrescentam-valor-aos-negocios\\\/#primaryimage\"},\"image\":{\"@id\":\"https:\\\/\\\/jornaldasoficinas.com\\\/pt\\\/sabia-que-os-racios-de-gestao-acrescentam-valor-aos-negocios\\\/#primaryimage\"},\"thumbnailUrl\":\"https:\\\/\\\/jornaldasoficinas.com\\\/pt\\\/wp-content\\\/uploads\\\/2020\\\/02\\\/tecnicagestao.png\",\"datePublished\":\"2020-02-04T19:08:11+00:00\",\"breadcrumb\":{\"@id\":\"https:\\\/\\\/jornaldasoficinas.com\\\/pt\\\/sabia-que-os-racios-de-gestao-acrescentam-valor-aos-negocios\\\/#breadcrumb\"},\"inLanguage\":\"pt-PT\",\"potentialAction\":[{\"@type\":\"ReadAction\",\"target\":[\"https:\\\/\\\/jornaldasoficinas.com\\\/pt\\\/sabia-que-os-racios-de-gestao-acrescentam-valor-aos-negocios\\\/\"]}]},{\"@type\":\"ImageObject\",\"inLanguage\":\"pt-PT\",\"@id\":\"https:\\\/\\\/jornaldasoficinas.com\\\/pt\\\/sabia-que-os-racios-de-gestao-acrescentam-valor-aos-negocios\\\/#primaryimage\",\"url\":\"https:\\\/\\\/jornaldasoficinas.com\\\/pt\\\/wp-content\\\/uploads\\\/2020\\\/02\\\/tecnicagestao.png\",\"contentUrl\":\"https:\\\/\\\/jornaldasoficinas.com\\\/pt\\\/wp-content\\\/uploads\\\/2020\\\/02\\\/tecnicagestao.png\",\"width\":1024,\"height\":581,\"caption\":\"02 - tecnicagestao\"},{\"@type\":\"BreadcrumbList\",\"@id\":\"https:\\\/\\\/jornaldasoficinas.com\\\/pt\\\/sabia-que-os-racios-de-gestao-acrescentam-valor-aos-negocios\\\/#breadcrumb\",\"itemListElement\":[{\"@type\":\"ListItem\",\"position\":1,\"name\":\"In\u00edcio\",\"item\":\"https:\\\/\\\/jornaldasoficinas.com\\\/pt\\\/\"},{\"@type\":\"ListItem\",\"position\":2,\"name\":\"Sabia que os r\u00e1cios de gest\u00e3o acrescentam valor aos neg\u00f3cios?\"}]},{\"@type\":\"WebSite\",\"@id\":\"https:\\\/\\\/jornaldasoficinas.com\\\/pt\\\/#website\",\"url\":\"https:\\\/\\\/jornaldasoficinas.com\\\/pt\\\/\",\"name\":\"Jornal das Oficinas\",\"description\":\"Jornal independente do Aftermarket Autom\u00f3vel em Portugal\",\"publisher\":{\"@id\":\"https:\\\/\\\/jornaldasoficinas.com\\\/pt\\\/#organization\"},\"potentialAction\":[{\"@type\":\"SearchAction\",\"target\":{\"@type\":\"EntryPoint\",\"urlTemplate\":\"https:\\\/\\\/jornaldasoficinas.com\\\/pt\\\/?s={search_term_string}\"},\"query-input\":{\"@type\":\"PropertyValueSpecification\",\"valueRequired\":true,\"valueName\":\"search_term_string\"}}],\"inLanguage\":\"pt-PT\"},{\"@type\":\"Organization\",\"@id\":\"https:\\\/\\\/jornaldasoficinas.com\\\/pt\\\/#organization\",\"name\":\"Jornal das Oficinas\",\"url\":\"https:\\\/\\\/jornaldasoficinas.com\\\/pt\\\/\",\"logo\":{\"@type\":\"ImageObject\",\"inLanguage\":\"pt-PT\",\"@id\":\"https:\\\/\\\/jornaldasoficinas.com\\\/pt\\\/#\\\/schema\\\/logo\\\/image\\\/\",\"url\":\"https:\\\/\\\/jornaldasoficinas.com\\\/pt\\\/wp-content\\\/uploads\\\/logoJO-SEO.png\",\"contentUrl\":\"https:\\\/\\\/jornaldasoficinas.com\\\/pt\\\/wp-content\\\/uploads\\\/logoJO-SEO.png\",\"width\":285,\"height\":450,\"caption\":\"Jornal das Oficinas\"},\"image\":{\"@id\":\"https:\\\/\\\/jornaldasoficinas.com\\\/pt\\\/#\\\/schema\\\/logo\\\/image\\\/\"},\"sameAs\":[\"https:\\\/\\\/www.facebook.com\\\/jornaloficinas\",\"https:\\\/\\\/x.com\\\/jornaloficinas\",\"https:\\\/\\\/www.instagram.com\\\/jornal_oficinas\\\/\",\"https:\\\/\\\/www.linkedin.com\\\/company\\\/jornal-das-oficinas\\\/\",\"https:\\\/\\\/www.youtube.com\\\/channel\\\/UCbQZBqtcvV-oSQrr7RzINGg\"]},{\"@type\":\"Person\",\"@id\":\"https:\\\/\\\/jornaldasoficinas.com\\\/pt\\\/#\\\/schema\\\/person\\\/a38eef5de2c41d9e7c9ac10141afddf3\",\"name\":\"Reda\u00e7\u00e3o JO\",\"image\":{\"@type\":\"ImageObject\",\"inLanguage\":\"pt-PT\",\"@id\":\"https:\\\/\\\/secure.gravatar.com\\\/avatar\\\/71f2fa71737ad68a84fea94bc708ddac8ea5b0c4788dc2ad202f3ccb2887742f?s=96&d=wp_user_avatar&r=g\",\"url\":\"https:\\\/\\\/secure.gravatar.com\\\/avatar\\\/71f2fa71737ad68a84fea94bc708ddac8ea5b0c4788dc2ad202f3ccb2887742f?s=96&d=wp_user_avatar&r=g\",\"contentUrl\":\"https:\\\/\\\/secure.gravatar.com\\\/avatar\\\/71f2fa71737ad68a84fea94bc708ddac8ea5b0c4788dc2ad202f3ccb2887742f?s=96&d=wp_user_avatar&r=g\",\"caption\":\"Reda\u00e7\u00e3o JO\"},\"url\":\"https:\\\/\\\/jornaldasoficinas.com\\\/pt\\\/author\\\/joredacao\\\/\"}]}<\/script>\n<!-- \/ Yoast SEO plugin. -->","yoast_head_json":{"title":"Sabia que os r\u00e1cios de gest\u00e3o acrescentam valor aos neg\u00f3cios? - Jornal das Oficinas","robots":{"index":"index","follow":"follow","max-snippet":"max-snippet:-1","max-image-preview":"max-image-preview:large","max-video-preview":"max-video-preview:-1"},"canonical":"https:\/\/jornaldasoficinas.com\/pt\/sabia-que-os-racios-de-gestao-acrescentam-valor-aos-negocios\/","og_locale":"pt_PT","og_type":"article","og_title":"Sabia que os r\u00e1cios de gest\u00e3o acrescentam valor aos neg\u00f3cios? - Jornal das Oficinas","og_description":"Os ra\u0301cios de gesta\u0303o, ou indicadores...","og_url":"https:\/\/jornaldasoficinas.com\/pt\/sabia-que-os-racios-de-gestao-acrescentam-valor-aos-negocios\/","og_site_name":"Jornal das Oficinas","article_publisher":"https:\/\/www.facebook.com\/jornaloficinas","article_published_time":"2020-02-04T19:08:11+00:00","og_image":[{"width":1024,"height":581,"url":"https:\/\/jornaldasoficinas.com\/pt\/wp-content\/uploads\/2020\/02\/tecnicagestao.png","type":"image\/png"}],"author":"Reda\u00e7\u00e3o JO","twitter_card":"summary_large_image","twitter_creator":"@jornaloficinas","twitter_site":"@jornaloficinas","twitter_misc":{"Escrito por":"Reda\u00e7\u00e3o JO","Tempo estimado de leitura":"3 minutos"},"schema":{"@context":"https:\/\/schema.org","@graph":[{"@type":"Article","@id":"https:\/\/jornaldasoficinas.com\/pt\/sabia-que-os-racios-de-gestao-acrescentam-valor-aos-negocios\/#article","isPartOf":{"@id":"https:\/\/jornaldasoficinas.com\/pt\/sabia-que-os-racios-de-gestao-acrescentam-valor-aos-negocios\/"},"author":{"name":"Reda\u00e7\u00e3o JO","@id":"https:\/\/jornaldasoficinas.com\/pt\/#\/schema\/person\/a38eef5de2c41d9e7c9ac10141afddf3"},"headline":"Sabia que os r\u00e1cios de gest\u00e3o acrescentam valor aos neg\u00f3cios?","datePublished":"2020-02-04T19:08:11+00:00","mainEntityOfPage":{"@id":"https:\/\/jornaldasoficinas.com\/pt\/sabia-que-os-racios-de-gestao-acrescentam-valor-aos-negocios\/"},"wordCount":526,"publisher":{"@id":"https:\/\/jornaldasoficinas.com\/pt\/#organization"},"image":{"@id":"https:\/\/jornaldasoficinas.com\/pt\/sabia-que-os-racios-de-gestao-acrescentam-valor-aos-negocios\/#primaryimage"},"thumbnailUrl":"https:\/\/jornaldasoficinas.com\/pt\/wp-content\/uploads\/2020\/02\/tecnicagestao.png","keywords":["CESVIMAP","R\u00e1cios de gest\u00e3o"],"articleSection":["T\u00e9cnica"],"inLanguage":"pt-PT"},{"@type":"WebPage","@id":"https:\/\/jornaldasoficinas.com\/pt\/sabia-que-os-racios-de-gestao-acrescentam-valor-aos-negocios\/","url":"https:\/\/jornaldasoficinas.com\/pt\/sabia-que-os-racios-de-gestao-acrescentam-valor-aos-negocios\/","name":"Sabia que os r\u00e1cios de gest\u00e3o acrescentam valor aos neg\u00f3cios? - Jornal das Oficinas","isPartOf":{"@id":"https:\/\/jornaldasoficinas.com\/pt\/#website"},"primaryImageOfPage":{"@id":"https:\/\/jornaldasoficinas.com\/pt\/sabia-que-os-racios-de-gestao-acrescentam-valor-aos-negocios\/#primaryimage"},"image":{"@id":"https:\/\/jornaldasoficinas.com\/pt\/sabia-que-os-racios-de-gestao-acrescentam-valor-aos-negocios\/#primaryimage"},"thumbnailUrl":"https:\/\/jornaldasoficinas.com\/pt\/wp-content\/uploads\/2020\/02\/tecnicagestao.png","datePublished":"2020-02-04T19:08:11+00:00","breadcrumb":{"@id":"https:\/\/jornaldasoficinas.com\/pt\/sabia-que-os-racios-de-gestao-acrescentam-valor-aos-negocios\/#breadcrumb"},"inLanguage":"pt-PT","potentialAction":[{"@type":"ReadAction","target":["https:\/\/jornaldasoficinas.com\/pt\/sabia-que-os-racios-de-gestao-acrescentam-valor-aos-negocios\/"]}]},{"@type":"ImageObject","inLanguage":"pt-PT","@id":"https:\/\/jornaldasoficinas.com\/pt\/sabia-que-os-racios-de-gestao-acrescentam-valor-aos-negocios\/#primaryimage","url":"https:\/\/jornaldasoficinas.com\/pt\/wp-content\/uploads\/2020\/02\/tecnicagestao.png","contentUrl":"https:\/\/jornaldasoficinas.com\/pt\/wp-content\/uploads\/2020\/02\/tecnicagestao.png","width":1024,"height":581,"caption":"02 - tecnicagestao"},{"@type":"BreadcrumbList","@id":"https:\/\/jornaldasoficinas.com\/pt\/sabia-que-os-racios-de-gestao-acrescentam-valor-aos-negocios\/#breadcrumb","itemListElement":[{"@type":"ListItem","position":1,"name":"In\u00edcio","item":"https:\/\/jornaldasoficinas.com\/pt\/"},{"@type":"ListItem","position":2,"name":"Sabia que os r\u00e1cios de gest\u00e3o acrescentam valor aos neg\u00f3cios?"}]},{"@type":"WebSite","@id":"https:\/\/jornaldasoficinas.com\/pt\/#website","url":"https:\/\/jornaldasoficinas.com\/pt\/","name":"Jornal das Oficinas","description":"Jornal independente do Aftermarket Autom\u00f3vel em Portugal","publisher":{"@id":"https:\/\/jornaldasoficinas.com\/pt\/#organization"},"potentialAction":[{"@type":"SearchAction","target":{"@type":"EntryPoint","urlTemplate":"https:\/\/jornaldasoficinas.com\/pt\/?s={search_term_string}"},"query-input":{"@type":"PropertyValueSpecification","valueRequired":true,"valueName":"search_term_string"}}],"inLanguage":"pt-PT"},{"@type":"Organization","@id":"https:\/\/jornaldasoficinas.com\/pt\/#organization","name":"Jornal das Oficinas","url":"https:\/\/jornaldasoficinas.com\/pt\/","logo":{"@type":"ImageObject","inLanguage":"pt-PT","@id":"https:\/\/jornaldasoficinas.com\/pt\/#\/schema\/logo\/image\/","url":"https:\/\/jornaldasoficinas.com\/pt\/wp-content\/uploads\/logoJO-SEO.png","contentUrl":"https:\/\/jornaldasoficinas.com\/pt\/wp-content\/uploads\/logoJO-SEO.png","width":285,"height":450,"caption":"Jornal das Oficinas"},"image":{"@id":"https:\/\/jornaldasoficinas.com\/pt\/#\/schema\/logo\/image\/"},"sameAs":["https:\/\/www.facebook.com\/jornaloficinas","https:\/\/x.com\/jornaloficinas","https:\/\/www.instagram.com\/jornal_oficinas\/","https:\/\/www.linkedin.com\/company\/jornal-das-oficinas\/","https:\/\/www.youtube.com\/channel\/UCbQZBqtcvV-oSQrr7RzINGg"]},{"@type":"Person","@id":"https:\/\/jornaldasoficinas.com\/pt\/#\/schema\/person\/a38eef5de2c41d9e7c9ac10141afddf3","name":"Reda\u00e7\u00e3o JO","image":{"@type":"ImageObject","inLanguage":"pt-PT","@id":"https:\/\/secure.gravatar.com\/avatar\/71f2fa71737ad68a84fea94bc708ddac8ea5b0c4788dc2ad202f3ccb2887742f?s=96&d=wp_user_avatar&r=g","url":"https:\/\/secure.gravatar.com\/avatar\/71f2fa71737ad68a84fea94bc708ddac8ea5b0c4788dc2ad202f3ccb2887742f?s=96&d=wp_user_avatar&r=g","contentUrl":"https:\/\/secure.gravatar.com\/avatar\/71f2fa71737ad68a84fea94bc708ddac8ea5b0c4788dc2ad202f3ccb2887742f?s=96&d=wp_user_avatar&r=g","caption":"Reda\u00e7\u00e3o JO"},"url":"https:\/\/jornaldasoficinas.com\/pt\/author\/joredacao\/"}]}},"_links":{"self":[{"href":"https:\/\/jornaldasoficinas.com\/pt\/wp-json\/wp\/v2\/posts\/9367","targetHints":{"allow":["GET"]}}],"collection":[{"href":"https:\/\/jornaldasoficinas.com\/pt\/wp-json\/wp\/v2\/posts"}],"about":[{"href":"https:\/\/jornaldasoficinas.com\/pt\/wp-json\/wp\/v2\/types\/post"}],"author":[{"embeddable":true,"href":"https:\/\/jornaldasoficinas.com\/pt\/wp-json\/wp\/v2\/users\/15"}],"replies":[{"embeddable":true,"href":"https:\/\/jornaldasoficinas.com\/pt\/wp-json\/wp\/v2\/comments?post=9367"}],"version-history":[{"count":0,"href":"https:\/\/jornaldasoficinas.com\/pt\/wp-json\/wp\/v2\/posts\/9367\/revisions"}],"wp:featuredmedia":[{"embeddable":true,"href":"https:\/\/jornaldasoficinas.com\/pt\/wp-json\/wp\/v2\/media\/9366"}],"wp:attachment":[{"href":"https:\/\/jornaldasoficinas.com\/pt\/wp-json\/wp\/v2\/media?parent=9367"}],"wp:term":[{"taxonomy":"category","embeddable":true,"href":"https:\/\/jornaldasoficinas.com\/pt\/wp-json\/wp\/v2\/categories?post=9367"},{"taxonomy":"post_tag","embeddable":true,"href":"https:\/\/jornaldasoficinas.com\/pt\/wp-json\/wp\/v2\/tags?post=9367"}],"curies":[{"name":"wp","href":"https:\/\/api.w.org\/{rel}","templated":true}]}}