{"id":93760,"date":"2024-11-08T14:00:09","date_gmt":"2024-11-08T14:00:09","guid":{"rendered":"https:\/\/jornaldasoficinas.com\/pt\/?p=93760"},"modified":"2024-11-06T16:01:56","modified_gmt":"2024-11-06T16:01:56","slug":"global-mobility-call-acontece-de-19-a-21-de-novembro","status":"publish","type":"post","link":"https:\/\/jornaldasoficinas.com\/pt\/global-mobility-call-acontece-de-19-a-21-de-novembro\/","title":{"rendered":"Global Mobility Call acontece de 19 a 21 de novembro"},"content":{"rendered":"<p><strong><img loading=\"lazy\" decoding=\"async\" class=\"alignnone size-full wp-image-93771\" src=\"https:\/\/jornaldasoficinas.com\/pt\/wp-content\/uploads\/2024\/11\/Global-Mobility-Call-acontece-de-19-a-21-de-novembro.jpg\" alt=\"11 - Global Mobility Call acontece de 19 a 21 de novembro\" width=\"1024\" height=\"581\" srcset=\"https:\/\/jornaldasoficinas.com\/pt\/wp-content\/uploads\/2024\/11\/Global-Mobility-Call-acontece-de-19-a-21-de-novembro.jpg 1024w, https:\/\/jornaldasoficinas.com\/pt\/wp-content\/uploads\/2024\/11\/Global-Mobility-Call-acontece-de-19-a-21-de-novembro-300x170.jpg 300w, https:\/\/jornaldasoficinas.com\/pt\/wp-content\/uploads\/2024\/11\/Global-Mobility-Call-acontece-de-19-a-21-de-novembro-150x85.jpg 150w, https:\/\/jornaldasoficinas.com\/pt\/wp-content\/uploads\/2024\/11\/Global-Mobility-Call-acontece-de-19-a-21-de-novembro-768x436.jpg 768w\" sizes=\"auto, (max-width: 1024px) 100vw, 1024px\" \/><\/strong><\/p>\n<p><strong>Dois dos principais projetos de mobilidade em destaque no <a href=\"https:\/\/www.ifema.es\/en\/global-mobility-call\" target=\"_blank\" rel=\"noopener\">Global Mobility Call<\/a> ser\u00e3o o &#8220;Walkerpisa&#8221; e o &#8220;AccessRobots&#8221; da <a href=\"https:\/\/www.fundaciononce.es\/es\" target=\"_blank\" rel=\"noopener\">Funda\u00e7\u00e3o ONCE<\/a><\/strong><strong>, focados no uso da tecnologia para melhorar a acessibilidade de pessoas com defici\u00eancia<\/strong><\/p>\n<p>A Funda\u00e7\u00e3o ONCE ir\u00e1 participar no Global Mobility Call 2024, o principal evento internacional sobre mobilidade sustent\u00e1vel, organizado pela IFEMA MADRID e a Smobhub, de 19 a 21 de novembro no recinto de feiras da IFEMA.<\/p>\n<p>No stand da organiza\u00e7\u00e3o, os participantes ter\u00e3o a oportunidade de assistir, em primeira m\u00e3o, a dois dos seus principais projetos nesta \u00e1rea: &#8220;Walkerpisa&#8221; e &#8220;AccessRobots&#8221;.<\/p>\n<p>&#8220;Walkerpisa&#8221; \u00e9 uma iniciativa impulsionada pela Funda\u00e7\u00e3o atrav\u00e9s da Inserta Innovaci\u00f3n que pretende criar uma nova tecnologia de pavimento inteligente para a inclus\u00e3o de pessoas com defici\u00eancia por meio de pontos de passagem mais seguros e acess\u00edveis, mas n\u00e3o regulamentados por sem\u00e1foros.<\/p>\n<p>Os visitantes do stand poder\u00e3o assistir a demonstra\u00e7\u00f5es baseadas em recria\u00e7\u00f5es de realidade mista, onde, por meio de realidade aumentada, diversas situa\u00e7\u00f5es de uma travessia real ser\u00e3o simuladas para ajudar a entender como esta iniciativa funciona.<\/p>\n<p>Por outro lado, o &#8220;AccessRobots&#8221; \u00e9 o primeiro rob\u00f4 capaz de prestar assist\u00eancia a pessoas com qualquer tipo de defici\u00eancia em ambientes complexos, como rodovi\u00e1rias, aeroportos, hospitais ou grandes centros comerciais.<\/p>\n<p>Al\u00e9m disso, a Funda\u00e7\u00e3o ONCE far\u00e1 uma mesa redonda sobre solu\u00e7\u00f5es de mobilidade e acessibilidade durante esta edi\u00e7\u00e3o, que ocorrer\u00e1 na quarta-feira, 20 de novembro, das 13h20 \u00e0s 14h00 no Agora Inspire, sob o tema &#8220;IA para todos: mobilidade inclusiva por meio de solu\u00e7\u00f5es inteligentes&#8221;.<\/p>\n<p>Os participantes ir\u00e3o discutir sobre a forma como a intelig\u00eancia artificial est\u00e1 a revolucionar a mobilidade ao tornar o transporte mais acess\u00edvel para pessoas com defici\u00eancia. De acordo com os criadores, as tecnologias alimentadas por IA est\u00e3o a melhorar o transporte p\u00fablico, a navega\u00e7\u00e3o e os ambientes urbanos, promovendo uma maior independ\u00eancia e abrang\u00eancia de solu\u00e7\u00f5es de mobilidade para todos.<\/p>\n<p>A mesa redonda contar\u00e1 com a presen\u00e7a de representantes do setor automo\u00f3vel, como a Renault, e outras entidades que colaboram com a Funda\u00e7\u00e3o ONCE nessas novas tecnologias de mobilidade, que j\u00e1 est\u00e3o a ser introduzidas ou ser\u00e3o gradualmente implementadas nas cidades.<\/p>\n<p>O painel contar\u00e1 com a presen\u00e7a, entre outros, de Almudena Alcaide, Chefe de P&amp;D da Funda\u00e7\u00e3o ONCE, e Luis Palomares, Chefe de Informa\u00e7\u00e3o e Acessibilidade da Diretoria de Autonomia Pessoal, Acessibilidade, Tecnologia e Inova\u00e7\u00e3o da ONCE.<\/p>\n","protected":false},"excerpt":{"rendered":"<p>Dois dos principais projetos de mobilidade&#8230;<\/p>\n","protected":false},"author":15,"featured_media":93771,"comment_status":"closed","ping_status":"closed","sticky":false,"template":"","format":"standard","meta":{"footnotes":""},"categories":[37],"tags":[11117,11119,4819,1087,11116,11115,5905],"class_list":["post-93760","post","type-post","status-publish","format-standard","has-post-thumbnail","hentry","category-mercado","tag-acessibilidade","tag-fundacao-once","tag-global-mobility-call","tag-inteligencia-artificial","tag-pessoas-com-deficiencia","tag-projetos-de-mobilidade","tag-tecnologia"],"yoast_head":"<!-- This site is optimized with the Yoast SEO plugin v27.4 - https:\/\/yoast.com\/product\/yoast-seo-wordpress\/ -->\n<title>Global Mobility Call acontece de 19 a 21 de novembro - Jornal das Oficinas<\/title>\n<meta name=\"description\" content=\"Dois dos principais projetos de mobilidade em destaque no Global Mobility Call ser\u00e3o o &quot;Walkerpisa&quot; e o &quot;AccessRobots&quot; da Funda\u00e7\u00e3o ONCE\" \/>\n<meta name=\"robots\" content=\"index, follow, max-snippet:-1, max-image-preview:large, max-video-preview:-1\" \/>\n<link rel=\"canonical\" href=\"https:\/\/jornaldasoficinas.com\/pt\/global-mobility-call-acontece-de-19-a-21-de-novembro\/\" \/>\n<meta property=\"og:locale\" content=\"pt_PT\" \/>\n<meta property=\"og:type\" content=\"article\" \/>\n<meta property=\"og:title\" content=\"Global Mobility Call acontece de 19 a 21 de novembro - Jornal das Oficinas\" \/>\n<meta property=\"og:description\" content=\"Dois dos principais projetos de mobilidade em destaque no Global Mobility Call ser\u00e3o o &quot;Walkerpisa&quot; e o &quot;AccessRobots&quot; da Funda\u00e7\u00e3o ONCE\" \/>\n<meta property=\"og:url\" content=\"https:\/\/jornaldasoficinas.com\/pt\/global-mobility-call-acontece-de-19-a-21-de-novembro\/\" \/>\n<meta property=\"og:site_name\" content=\"Jornal das Oficinas\" \/>\n<meta property=\"article:publisher\" content=\"https:\/\/www.facebook.com\/jornaloficinas\" \/>\n<meta property=\"article:published_time\" content=\"2024-11-08T14:00:09+00:00\" \/>\n<meta property=\"og:image\" content=\"https:\/\/jornaldasoficinas.com\/pt\/wp-content\/uploads\/2024\/11\/Global-Mobility-Call-acontece-de-19-a-21-de-novembro.jpg\" \/>\n\t<meta property=\"og:image:width\" content=\"1024\" \/>\n\t<meta property=\"og:image:height\" content=\"581\" \/>\n\t<meta property=\"og:image:type\" content=\"image\/jpeg\" \/>\n<meta name=\"author\" content=\"Reda\u00e7\u00e3o JO\" \/>\n<meta name=\"twitter:card\" content=\"summary_large_image\" \/>\n<meta name=\"twitter:creator\" content=\"@jornaloficinas\" \/>\n<meta name=\"twitter:site\" content=\"@jornaloficinas\" \/>\n<meta name=\"twitter:label1\" content=\"Escrito por\" \/>\n\t<meta name=\"twitter:data1\" content=\"Reda\u00e7\u00e3o JO\" \/>\n\t<meta name=\"twitter:label2\" content=\"Tempo estimado de leitura\" \/>\n\t<meta name=\"twitter:data2\" content=\"3 minutos\" \/>\n<script type=\"application\/ld+json\" class=\"yoast-schema-graph\">{\"@context\":\"https:\\\/\\\/schema.org\",\"@graph\":[{\"@type\":\"Article\",\"@id\":\"https:\\\/\\\/jornaldasoficinas.com\\\/pt\\\/global-mobility-call-acontece-de-19-a-21-de-novembro\\\/#article\",\"isPartOf\":{\"@id\":\"https:\\\/\\\/jornaldasoficinas.com\\\/pt\\\/global-mobility-call-acontece-de-19-a-21-de-novembro\\\/\"},\"author\":{\"name\":\"Reda\u00e7\u00e3o JO\",\"@id\":\"https:\\\/\\\/jornaldasoficinas.com\\\/pt\\\/#\\\/schema\\\/person\\\/a38eef5de2c41d9e7c9ac10141afddf3\"},\"headline\":\"Global Mobility Call acontece de 19 a 21 de novembro\",\"datePublished\":\"2024-11-08T14:00:09+00:00\",\"mainEntityOfPage\":{\"@id\":\"https:\\\/\\\/jornaldasoficinas.com\\\/pt\\\/global-mobility-call-acontece-de-19-a-21-de-novembro\\\/\"},\"wordCount\":438,\"publisher\":{\"@id\":\"https:\\\/\\\/jornaldasoficinas.com\\\/pt\\\/#organization\"},\"image\":{\"@id\":\"https:\\\/\\\/jornaldasoficinas.com\\\/pt\\\/global-mobility-call-acontece-de-19-a-21-de-novembro\\\/#primaryimage\"},\"thumbnailUrl\":\"https:\\\/\\\/jornaldasoficinas.com\\\/pt\\\/wp-content\\\/uploads\\\/2024\\\/11\\\/Global-Mobility-Call-acontece-de-19-a-21-de-novembro.jpg\",\"keywords\":[\"acessibilidade\",\"Funda\u00e7\u00e3o ONCE\",\"Global Mobility Call\",\"Intelig\u00eancia artificial\",\"pessoas com defici\u00eancia\",\"projetos de mobilidade\",\"Tecnologia\"],\"articleSection\":[\"Mercado\"],\"inLanguage\":\"pt-PT\"},{\"@type\":\"WebPage\",\"@id\":\"https:\\\/\\\/jornaldasoficinas.com\\\/pt\\\/global-mobility-call-acontece-de-19-a-21-de-novembro\\\/\",\"url\":\"https:\\\/\\\/jornaldasoficinas.com\\\/pt\\\/global-mobility-call-acontece-de-19-a-21-de-novembro\\\/\",\"name\":\"Global Mobility Call acontece de 19 a 21 de novembro - Jornal das Oficinas\",\"isPartOf\":{\"@id\":\"https:\\\/\\\/jornaldasoficinas.com\\\/pt\\\/#website\"},\"primaryImageOfPage\":{\"@id\":\"https:\\\/\\\/jornaldasoficinas.com\\\/pt\\\/global-mobility-call-acontece-de-19-a-21-de-novembro\\\/#primaryimage\"},\"image\":{\"@id\":\"https:\\\/\\\/jornaldasoficinas.com\\\/pt\\\/global-mobility-call-acontece-de-19-a-21-de-novembro\\\/#primaryimage\"},\"thumbnailUrl\":\"https:\\\/\\\/jornaldasoficinas.com\\\/pt\\\/wp-content\\\/uploads\\\/2024\\\/11\\\/Global-Mobility-Call-acontece-de-19-a-21-de-novembro.jpg\",\"datePublished\":\"2024-11-08T14:00:09+00:00\",\"description\":\"Dois dos principais projetos de mobilidade em destaque no Global Mobility Call ser\u00e3o o \\\"Walkerpisa\\\" e o \\\"AccessRobots\\\" da Funda\u00e7\u00e3o ONCE\",\"breadcrumb\":{\"@id\":\"https:\\\/\\\/jornaldasoficinas.com\\\/pt\\\/global-mobility-call-acontece-de-19-a-21-de-novembro\\\/#breadcrumb\"},\"inLanguage\":\"pt-PT\",\"potentialAction\":[{\"@type\":\"ReadAction\",\"target\":[\"https:\\\/\\\/jornaldasoficinas.com\\\/pt\\\/global-mobility-call-acontece-de-19-a-21-de-novembro\\\/\"]}]},{\"@type\":\"ImageObject\",\"inLanguage\":\"pt-PT\",\"@id\":\"https:\\\/\\\/jornaldasoficinas.com\\\/pt\\\/global-mobility-call-acontece-de-19-a-21-de-novembro\\\/#primaryimage\",\"url\":\"https:\\\/\\\/jornaldasoficinas.com\\\/pt\\\/wp-content\\\/uploads\\\/2024\\\/11\\\/Global-Mobility-Call-acontece-de-19-a-21-de-novembro.jpg\",\"contentUrl\":\"https:\\\/\\\/jornaldasoficinas.com\\\/pt\\\/wp-content\\\/uploads\\\/2024\\\/11\\\/Global-Mobility-Call-acontece-de-19-a-21-de-novembro.jpg\",\"width\":1024,\"height\":581,\"caption\":\"11 - Global Mobility Call acontece de 19 a 21 de novembro\"},{\"@type\":\"BreadcrumbList\",\"@id\":\"https:\\\/\\\/jornaldasoficinas.com\\\/pt\\\/global-mobility-call-acontece-de-19-a-21-de-novembro\\\/#breadcrumb\",\"itemListElement\":[{\"@type\":\"ListItem\",\"position\":1,\"name\":\"In\u00edcio\",\"item\":\"https:\\\/\\\/jornaldasoficinas.com\\\/pt\\\/\"},{\"@type\":\"ListItem\",\"position\":2,\"name\":\"Global Mobility Call acontece de 19 a 21 de novembro\"}]},{\"@type\":\"WebSite\",\"@id\":\"https:\\\/\\\/jornaldasoficinas.com\\\/pt\\\/#website\",\"url\":\"https:\\\/\\\/jornaldasoficinas.com\\\/pt\\\/\",\"name\":\"Jornal das Oficinas\",\"description\":\"Jornal independente do Aftermarket Autom\u00f3vel em Portugal\",\"publisher\":{\"@id\":\"https:\\\/\\\/jornaldasoficinas.com\\\/pt\\\/#organization\"},\"potentialAction\":[{\"@type\":\"SearchAction\",\"target\":{\"@type\":\"EntryPoint\",\"urlTemplate\":\"https:\\\/\\\/jornaldasoficinas.com\\\/pt\\\/?s={search_term_string}\"},\"query-input\":{\"@type\":\"PropertyValueSpecification\",\"valueRequired\":true,\"valueName\":\"search_term_string\"}}],\"inLanguage\":\"pt-PT\"},{\"@type\":\"Organization\",\"@id\":\"https:\\\/\\\/jornaldasoficinas.com\\\/pt\\\/#organization\",\"name\":\"Jornal das Oficinas\",\"url\":\"https:\\\/\\\/jornaldasoficinas.com\\\/pt\\\/\",\"logo\":{\"@type\":\"ImageObject\",\"inLanguage\":\"pt-PT\",\"@id\":\"https:\\\/\\\/jornaldasoficinas.com\\\/pt\\\/#\\\/schema\\\/logo\\\/image\\\/\",\"url\":\"https:\\\/\\\/jornaldasoficinas.com\\\/pt\\\/wp-content\\\/uploads\\\/logoJO-SEO.png\",\"contentUrl\":\"https:\\\/\\\/jornaldasoficinas.com\\\/pt\\\/wp-content\\\/uploads\\\/logoJO-SEO.png\",\"width\":285,\"height\":450,\"caption\":\"Jornal das Oficinas\"},\"image\":{\"@id\":\"https:\\\/\\\/jornaldasoficinas.com\\\/pt\\\/#\\\/schema\\\/logo\\\/image\\\/\"},\"sameAs\":[\"https:\\\/\\\/www.facebook.com\\\/jornaloficinas\",\"https:\\\/\\\/x.com\\\/jornaloficinas\",\"https:\\\/\\\/www.instagram.com\\\/jornal_oficinas\\\/\",\"https:\\\/\\\/www.linkedin.com\\\/company\\\/jornal-das-oficinas\\\/\",\"https:\\\/\\\/www.youtube.com\\\/channel\\\/UCbQZBqtcvV-oSQrr7RzINGg\"]},{\"@type\":\"Person\",\"@id\":\"https:\\\/\\\/jornaldasoficinas.com\\\/pt\\\/#\\\/schema\\\/person\\\/a38eef5de2c41d9e7c9ac10141afddf3\",\"name\":\"Reda\u00e7\u00e3o JO\",\"image\":{\"@type\":\"ImageObject\",\"inLanguage\":\"pt-PT\",\"@id\":\"https:\\\/\\\/secure.gravatar.com\\\/avatar\\\/71f2fa71737ad68a84fea94bc708ddac8ea5b0c4788dc2ad202f3ccb2887742f?s=96&d=wp_user_avatar&r=g\",\"url\":\"https:\\\/\\\/secure.gravatar.com\\\/avatar\\\/71f2fa71737ad68a84fea94bc708ddac8ea5b0c4788dc2ad202f3ccb2887742f?s=96&d=wp_user_avatar&r=g\",\"contentUrl\":\"https:\\\/\\\/secure.gravatar.com\\\/avatar\\\/71f2fa71737ad68a84fea94bc708ddac8ea5b0c4788dc2ad202f3ccb2887742f?s=96&d=wp_user_avatar&r=g\",\"caption\":\"Reda\u00e7\u00e3o JO\"},\"url\":\"https:\\\/\\\/jornaldasoficinas.com\\\/pt\\\/author\\\/joredacao\\\/\"}]}<\/script>\n<!-- \/ Yoast SEO plugin. -->","yoast_head_json":{"title":"Global Mobility Call acontece de 19 a 21 de novembro - Jornal das Oficinas","description":"Dois dos principais projetos de mobilidade em destaque no Global Mobility Call ser\u00e3o o \"Walkerpisa\" e o \"AccessRobots\" da Funda\u00e7\u00e3o ONCE","robots":{"index":"index","follow":"follow","max-snippet":"max-snippet:-1","max-image-preview":"max-image-preview:large","max-video-preview":"max-video-preview:-1"},"canonical":"https:\/\/jornaldasoficinas.com\/pt\/global-mobility-call-acontece-de-19-a-21-de-novembro\/","og_locale":"pt_PT","og_type":"article","og_title":"Global Mobility Call acontece de 19 a 21 de novembro - Jornal das Oficinas","og_description":"Dois dos principais projetos de mobilidade em destaque no Global Mobility Call ser\u00e3o o \"Walkerpisa\" e o \"AccessRobots\" da Funda\u00e7\u00e3o ONCE","og_url":"https:\/\/jornaldasoficinas.com\/pt\/global-mobility-call-acontece-de-19-a-21-de-novembro\/","og_site_name":"Jornal das Oficinas","article_publisher":"https:\/\/www.facebook.com\/jornaloficinas","article_published_time":"2024-11-08T14:00:09+00:00","og_image":[{"width":1024,"height":581,"url":"https:\/\/jornaldasoficinas.com\/pt\/wp-content\/uploads\/2024\/11\/Global-Mobility-Call-acontece-de-19-a-21-de-novembro.jpg","type":"image\/jpeg"}],"author":"Reda\u00e7\u00e3o JO","twitter_card":"summary_large_image","twitter_creator":"@jornaloficinas","twitter_site":"@jornaloficinas","twitter_misc":{"Escrito por":"Reda\u00e7\u00e3o JO","Tempo estimado de leitura":"3 minutos"},"schema":{"@context":"https:\/\/schema.org","@graph":[{"@type":"Article","@id":"https:\/\/jornaldasoficinas.com\/pt\/global-mobility-call-acontece-de-19-a-21-de-novembro\/#article","isPartOf":{"@id":"https:\/\/jornaldasoficinas.com\/pt\/global-mobility-call-acontece-de-19-a-21-de-novembro\/"},"author":{"name":"Reda\u00e7\u00e3o JO","@id":"https:\/\/jornaldasoficinas.com\/pt\/#\/schema\/person\/a38eef5de2c41d9e7c9ac10141afddf3"},"headline":"Global Mobility Call acontece de 19 a 21 de novembro","datePublished":"2024-11-08T14:00:09+00:00","mainEntityOfPage":{"@id":"https:\/\/jornaldasoficinas.com\/pt\/global-mobility-call-acontece-de-19-a-21-de-novembro\/"},"wordCount":438,"publisher":{"@id":"https:\/\/jornaldasoficinas.com\/pt\/#organization"},"image":{"@id":"https:\/\/jornaldasoficinas.com\/pt\/global-mobility-call-acontece-de-19-a-21-de-novembro\/#primaryimage"},"thumbnailUrl":"https:\/\/jornaldasoficinas.com\/pt\/wp-content\/uploads\/2024\/11\/Global-Mobility-Call-acontece-de-19-a-21-de-novembro.jpg","keywords":["acessibilidade","Funda\u00e7\u00e3o ONCE","Global Mobility Call","Intelig\u00eancia artificial","pessoas com defici\u00eancia","projetos de mobilidade","Tecnologia"],"articleSection":["Mercado"],"inLanguage":"pt-PT"},{"@type":"WebPage","@id":"https:\/\/jornaldasoficinas.com\/pt\/global-mobility-call-acontece-de-19-a-21-de-novembro\/","url":"https:\/\/jornaldasoficinas.com\/pt\/global-mobility-call-acontece-de-19-a-21-de-novembro\/","name":"Global Mobility Call acontece de 19 a 21 de novembro - Jornal das Oficinas","isPartOf":{"@id":"https:\/\/jornaldasoficinas.com\/pt\/#website"},"primaryImageOfPage":{"@id":"https:\/\/jornaldasoficinas.com\/pt\/global-mobility-call-acontece-de-19-a-21-de-novembro\/#primaryimage"},"image":{"@id":"https:\/\/jornaldasoficinas.com\/pt\/global-mobility-call-acontece-de-19-a-21-de-novembro\/#primaryimage"},"thumbnailUrl":"https:\/\/jornaldasoficinas.com\/pt\/wp-content\/uploads\/2024\/11\/Global-Mobility-Call-acontece-de-19-a-21-de-novembro.jpg","datePublished":"2024-11-08T14:00:09+00:00","description":"Dois dos principais projetos de mobilidade em destaque no Global Mobility Call ser\u00e3o o \"Walkerpisa\" e o \"AccessRobots\" da Funda\u00e7\u00e3o ONCE","breadcrumb":{"@id":"https:\/\/jornaldasoficinas.com\/pt\/global-mobility-call-acontece-de-19-a-21-de-novembro\/#breadcrumb"},"inLanguage":"pt-PT","potentialAction":[{"@type":"ReadAction","target":["https:\/\/jornaldasoficinas.com\/pt\/global-mobility-call-acontece-de-19-a-21-de-novembro\/"]}]},{"@type":"ImageObject","inLanguage":"pt-PT","@id":"https:\/\/jornaldasoficinas.com\/pt\/global-mobility-call-acontece-de-19-a-21-de-novembro\/#primaryimage","url":"https:\/\/jornaldasoficinas.com\/pt\/wp-content\/uploads\/2024\/11\/Global-Mobility-Call-acontece-de-19-a-21-de-novembro.jpg","contentUrl":"https:\/\/jornaldasoficinas.com\/pt\/wp-content\/uploads\/2024\/11\/Global-Mobility-Call-acontece-de-19-a-21-de-novembro.jpg","width":1024,"height":581,"caption":"11 - Global Mobility Call acontece de 19 a 21 de novembro"},{"@type":"BreadcrumbList","@id":"https:\/\/jornaldasoficinas.com\/pt\/global-mobility-call-acontece-de-19-a-21-de-novembro\/#breadcrumb","itemListElement":[{"@type":"ListItem","position":1,"name":"In\u00edcio","item":"https:\/\/jornaldasoficinas.com\/pt\/"},{"@type":"ListItem","position":2,"name":"Global Mobility Call acontece de 19 a 21 de novembro"}]},{"@type":"WebSite","@id":"https:\/\/jornaldasoficinas.com\/pt\/#website","url":"https:\/\/jornaldasoficinas.com\/pt\/","name":"Jornal das Oficinas","description":"Jornal independente do Aftermarket Autom\u00f3vel em Portugal","publisher":{"@id":"https:\/\/jornaldasoficinas.com\/pt\/#organization"},"potentialAction":[{"@type":"SearchAction","target":{"@type":"EntryPoint","urlTemplate":"https:\/\/jornaldasoficinas.com\/pt\/?s={search_term_string}"},"query-input":{"@type":"PropertyValueSpecification","valueRequired":true,"valueName":"search_term_string"}}],"inLanguage":"pt-PT"},{"@type":"Organization","@id":"https:\/\/jornaldasoficinas.com\/pt\/#organization","name":"Jornal das Oficinas","url":"https:\/\/jornaldasoficinas.com\/pt\/","logo":{"@type":"ImageObject","inLanguage":"pt-PT","@id":"https:\/\/jornaldasoficinas.com\/pt\/#\/schema\/logo\/image\/","url":"https:\/\/jornaldasoficinas.com\/pt\/wp-content\/uploads\/logoJO-SEO.png","contentUrl":"https:\/\/jornaldasoficinas.com\/pt\/wp-content\/uploads\/logoJO-SEO.png","width":285,"height":450,"caption":"Jornal das Oficinas"},"image":{"@id":"https:\/\/jornaldasoficinas.com\/pt\/#\/schema\/logo\/image\/"},"sameAs":["https:\/\/www.facebook.com\/jornaloficinas","https:\/\/x.com\/jornaloficinas","https:\/\/www.instagram.com\/jornal_oficinas\/","https:\/\/www.linkedin.com\/company\/jornal-das-oficinas\/","https:\/\/www.youtube.com\/channel\/UCbQZBqtcvV-oSQrr7RzINGg"]},{"@type":"Person","@id":"https:\/\/jornaldasoficinas.com\/pt\/#\/schema\/person\/a38eef5de2c41d9e7c9ac10141afddf3","name":"Reda\u00e7\u00e3o JO","image":{"@type":"ImageObject","inLanguage":"pt-PT","@id":"https:\/\/secure.gravatar.com\/avatar\/71f2fa71737ad68a84fea94bc708ddac8ea5b0c4788dc2ad202f3ccb2887742f?s=96&d=wp_user_avatar&r=g","url":"https:\/\/secure.gravatar.com\/avatar\/71f2fa71737ad68a84fea94bc708ddac8ea5b0c4788dc2ad202f3ccb2887742f?s=96&d=wp_user_avatar&r=g","contentUrl":"https:\/\/secure.gravatar.com\/avatar\/71f2fa71737ad68a84fea94bc708ddac8ea5b0c4788dc2ad202f3ccb2887742f?s=96&d=wp_user_avatar&r=g","caption":"Reda\u00e7\u00e3o JO"},"url":"https:\/\/jornaldasoficinas.com\/pt\/author\/joredacao\/"}]}},"_links":{"self":[{"href":"https:\/\/jornaldasoficinas.com\/pt\/wp-json\/wp\/v2\/posts\/93760","targetHints":{"allow":["GET"]}}],"collection":[{"href":"https:\/\/jornaldasoficinas.com\/pt\/wp-json\/wp\/v2\/posts"}],"about":[{"href":"https:\/\/jornaldasoficinas.com\/pt\/wp-json\/wp\/v2\/types\/post"}],"author":[{"embeddable":true,"href":"https:\/\/jornaldasoficinas.com\/pt\/wp-json\/wp\/v2\/users\/15"}],"replies":[{"embeddable":true,"href":"https:\/\/jornaldasoficinas.com\/pt\/wp-json\/wp\/v2\/comments?post=93760"}],"version-history":[{"count":0,"href":"https:\/\/jornaldasoficinas.com\/pt\/wp-json\/wp\/v2\/posts\/93760\/revisions"}],"wp:featuredmedia":[{"embeddable":true,"href":"https:\/\/jornaldasoficinas.com\/pt\/wp-json\/wp\/v2\/media\/93771"}],"wp:attachment":[{"href":"https:\/\/jornaldasoficinas.com\/pt\/wp-json\/wp\/v2\/media?parent=93760"}],"wp:term":[{"taxonomy":"category","embeddable":true,"href":"https:\/\/jornaldasoficinas.com\/pt\/wp-json\/wp\/v2\/categories?post=93760"},{"taxonomy":"post_tag","embeddable":true,"href":"https:\/\/jornaldasoficinas.com\/pt\/wp-json\/wp\/v2\/tags?post=93760"}],"curies":[{"name":"wp","href":"https:\/\/api.w.org\/{rel}","templated":true}]}}