{"id":9377,"date":"2020-02-05T10:34:28","date_gmt":"2020-02-05T10:34:28","guid":{"rendered":"https:\/\/jornaldasoficinas.com\/pt\/?p=9377"},"modified":"2023-07-20T16:15:31","modified_gmt":"2023-07-20T15:15:31","slug":"renault-trucks-assina-contrato-historico-com-grupo-carlsberg","status":"publish","type":"post","link":"https:\/\/jornaldasoficinas.com\/pt\/renault-trucks-assina-contrato-historico-com-grupo-carlsberg\/","title":{"rendered":"Renault Trucks assina contrato hist\u00f3rico com Grupo Carlsberg"},"content":{"rendered":"<p><img loading=\"lazy\" decoding=\"async\" class=\"alignnone wp-image-9376 size-full\" src=\"https:\/\/jornaldasoficinas.com\/pt\/wp-content\/uploads\/2020\/02\/renaulttruckscarslberg.png\" alt=\"02 - renaulttruckscarslberg\" width=\"1024\" height=\"581\" srcset=\"https:\/\/jornaldasoficinas.com\/pt\/wp-content\/uploads\/2020\/02\/renaulttruckscarslberg.png 1024w, https:\/\/jornaldasoficinas.com\/pt\/wp-content\/uploads\/2020\/02\/renaulttruckscarslberg-300x170.png 300w, https:\/\/jornaldasoficinas.com\/pt\/wp-content\/uploads\/2020\/02\/renaulttruckscarslberg-150x85.png 150w, https:\/\/jornaldasoficinas.com\/pt\/wp-content\/uploads\/2020\/02\/renaulttruckscarslberg-768x436.png 768w\" sizes=\"auto, (max-width: 1024px) 100vw, 1024px\" \/><\/p>\n<p><strong>A Renault Trucks est\u00e1 a dar um passo decisivo na transforma\u00e7\u00e3o do transporte urbano ao anunciar a assinatura de um contrato com o Grupo Carlsberg para o fornecimento de 20 cami\u00f5es D Wide Z.E.<\/strong><\/p>\n<p>Estes ve\u00edculos pesados de 26 toneladas, 100% el\u00e9tricos, que ser\u00e3o fornecidos em 2020, v\u00e3o ser operados pela cervejeira Feldschl\u00f6sschen, subsidi\u00e1ria su\u00ed\u00e7a do grupo. A Renault Trucks considera que o transporte urbano tem de efetuar rapidamente a transi\u00e7\u00e3o para a mobilidade el\u00e9trica de modo a melhorar a qualidade de vida dos centros urbanos e resolver o problema das emiss\u00f5es globais de CO<sub>2<\/sub>.<\/p>\n<p>Bruno Blin, presidente da Renault Trucks, assinala que \u201c\u00e9 a primeira encomenda desta dimens\u00e3o na Europa. Isto prova aos nossos clientes que o setor dos transportes est\u00e1 a sofrer uma grande transforma\u00e7\u00e3o e reflete uma realidade industrial e comercial: os nossos cami\u00f5es el\u00e9tricos Renault Trucks est\u00e3o a sair da linha de montagem e estar\u00e3o nas estradas da Europa dentro de algumas semanas\u201d.<\/p>\n<p>As 20 unidades do Renault Trucks D Wide Z.E., de 26 toneladas, v\u00e3o fazer rondas de entregas di\u00e1rias (entre 100 e 200 km) para fornecer os clientes helv\u00e9ticos da Feldschl\u00f6sschen a partir das 15 instala\u00e7\u00f5es log\u00edsticas da cervejeira localizadas na Su\u00ed\u00e7a. A Feldschl\u00f6sschen est\u00e1 empenhada num canal log\u00edstico com &#8220;zero emiss\u00f5es&#8221;, em parte atrav\u00e9s das linhas ferrovi\u00e1rias que servem as instala\u00e7\u00f5es de produ\u00e7\u00e3o.<\/p>\n<p>Com uma gama completa de cami\u00f5es el\u00e9tricos, entre 3,1 e 26 toneladas, a <a href=\"https:\/\/www.renault-trucks.pt\/\" target=\"_blank\" rel=\"noopener noreferrer\">Renault Trucks<\/a> vai ao encontro dos requisitos atuais e futuros dos profissionais a operar em ambientes urbanos. Estes ve\u00edculos, especialmente adequados para opera\u00e7\u00f5es de recolha de res\u00edduos e distribui\u00e7\u00e3o, permitem a realiza\u00e7\u00e3o de rondas sem ru\u00eddo a horas pouco convencionais e preservam a qualidade de vida dos residentes locais. Os Renault Trucks D e D Wide Z.E. (pot\u00eancia total de 370 kW no conjunto dos dois motores el\u00e9tricos e autonomia m\u00e1xima de 200 km), s\u00e3o produzidos na f\u00e1brica de Blainville-sur-Orne (Calvados, Fran\u00e7a).<\/p>\n","protected":false},"excerpt":{"rendered":"<p>A Renault Trucks est\u00e1 a dar&#8230;<\/p>\n","protected":false},"author":15,"featured_media":9376,"comment_status":"closed","ping_status":"closed","sticky":false,"template":"","format":"standard","meta":{"footnotes":""},"categories":[29],"tags":[1431,460],"class_list":["post-9377","post","type-post","status-publish","format-standard","has-post-thumbnail","hentry","category-empresas","tag-d-wide-z-e","tag-renault-trucks"],"yoast_head":"<!-- This site is optimized with the Yoast SEO plugin v27.4 - https:\/\/yoast.com\/product\/yoast-seo-wordpress\/ -->\n<title>Renault Trucks assina contrato hist\u00f3rico com Grupo Carlsberg - Jornal das Oficinas<\/title>\n<meta name=\"robots\" content=\"index, follow, max-snippet:-1, max-image-preview:large, max-video-preview:-1\" \/>\n<link rel=\"canonical\" href=\"https:\/\/jornaldasoficinas.com\/pt\/renault-trucks-assina-contrato-historico-com-grupo-carlsberg\/\" \/>\n<meta property=\"og:locale\" content=\"pt_PT\" \/>\n<meta property=\"og:type\" content=\"article\" \/>\n<meta property=\"og:title\" content=\"Renault Trucks assina contrato hist\u00f3rico com Grupo Carlsberg - Jornal das Oficinas\" \/>\n<meta property=\"og:description\" content=\"A Renault Trucks est\u00e1 a dar...\" \/>\n<meta property=\"og:url\" content=\"https:\/\/jornaldasoficinas.com\/pt\/renault-trucks-assina-contrato-historico-com-grupo-carlsberg\/\" \/>\n<meta property=\"og:site_name\" content=\"Jornal das Oficinas\" \/>\n<meta property=\"article:publisher\" content=\"https:\/\/www.facebook.com\/jornaloficinas\" \/>\n<meta property=\"article:published_time\" content=\"2020-02-05T10:34:28+00:00\" \/>\n<meta property=\"article:modified_time\" content=\"2023-07-20T15:15:31+00:00\" \/>\n<meta property=\"og:image\" content=\"https:\/\/jornaldasoficinas.com\/pt\/wp-content\/uploads\/2020\/02\/renaulttruckscarslberg.png\" \/>\n\t<meta property=\"og:image:width\" content=\"1024\" \/>\n\t<meta property=\"og:image:height\" content=\"581\" \/>\n\t<meta property=\"og:image:type\" content=\"image\/png\" \/>\n<meta name=\"author\" content=\"Reda\u00e7\u00e3o JO\" \/>\n<meta name=\"twitter:card\" content=\"summary_large_image\" \/>\n<meta name=\"twitter:creator\" content=\"@jornaloficinas\" \/>\n<meta name=\"twitter:site\" content=\"@jornaloficinas\" \/>\n<meta name=\"twitter:label1\" content=\"Escrito por\" \/>\n\t<meta name=\"twitter:data1\" content=\"Reda\u00e7\u00e3o JO\" \/>\n\t<meta name=\"twitter:label2\" content=\"Tempo estimado de leitura\" \/>\n\t<meta name=\"twitter:data2\" content=\"2 minutos\" \/>\n<script type=\"application\/ld+json\" class=\"yoast-schema-graph\">{\"@context\":\"https:\\\/\\\/schema.org\",\"@graph\":[{\"@type\":\"Article\",\"@id\":\"https:\\\/\\\/jornaldasoficinas.com\\\/pt\\\/renault-trucks-assina-contrato-historico-com-grupo-carlsberg\\\/#article\",\"isPartOf\":{\"@id\":\"https:\\\/\\\/jornaldasoficinas.com\\\/pt\\\/renault-trucks-assina-contrato-historico-com-grupo-carlsberg\\\/\"},\"author\":{\"name\":\"Reda\u00e7\u00e3o JO\",\"@id\":\"https:\\\/\\\/jornaldasoficinas.com\\\/pt\\\/#\\\/schema\\\/person\\\/a38eef5de2c41d9e7c9ac10141afddf3\"},\"headline\":\"Renault Trucks assina contrato hist\u00f3rico com Grupo Carlsberg\",\"datePublished\":\"2020-02-05T10:34:28+00:00\",\"dateModified\":\"2023-07-20T15:15:31+00:00\",\"mainEntityOfPage\":{\"@id\":\"https:\\\/\\\/jornaldasoficinas.com\\\/pt\\\/renault-trucks-assina-contrato-historico-com-grupo-carlsberg\\\/\"},\"wordCount\":359,\"publisher\":{\"@id\":\"https:\\\/\\\/jornaldasoficinas.com\\\/pt\\\/#organization\"},\"image\":{\"@id\":\"https:\\\/\\\/jornaldasoficinas.com\\\/pt\\\/renault-trucks-assina-contrato-historico-com-grupo-carlsberg\\\/#primaryimage\"},\"thumbnailUrl\":\"https:\\\/\\\/jornaldasoficinas.com\\\/pt\\\/wp-content\\\/uploads\\\/2020\\\/02\\\/renaulttruckscarslberg.png\",\"keywords\":[\"D Wide Z.E.\",\"Renault Trucks\"],\"articleSection\":[\"Empresas\"],\"inLanguage\":\"pt-PT\"},{\"@type\":\"WebPage\",\"@id\":\"https:\\\/\\\/jornaldasoficinas.com\\\/pt\\\/renault-trucks-assina-contrato-historico-com-grupo-carlsberg\\\/\",\"url\":\"https:\\\/\\\/jornaldasoficinas.com\\\/pt\\\/renault-trucks-assina-contrato-historico-com-grupo-carlsberg\\\/\",\"name\":\"Renault Trucks assina contrato hist\u00f3rico com Grupo Carlsberg - Jornal das Oficinas\",\"isPartOf\":{\"@id\":\"https:\\\/\\\/jornaldasoficinas.com\\\/pt\\\/#website\"},\"primaryImageOfPage\":{\"@id\":\"https:\\\/\\\/jornaldasoficinas.com\\\/pt\\\/renault-trucks-assina-contrato-historico-com-grupo-carlsberg\\\/#primaryimage\"},\"image\":{\"@id\":\"https:\\\/\\\/jornaldasoficinas.com\\\/pt\\\/renault-trucks-assina-contrato-historico-com-grupo-carlsberg\\\/#primaryimage\"},\"thumbnailUrl\":\"https:\\\/\\\/jornaldasoficinas.com\\\/pt\\\/wp-content\\\/uploads\\\/2020\\\/02\\\/renaulttruckscarslberg.png\",\"datePublished\":\"2020-02-05T10:34:28+00:00\",\"dateModified\":\"2023-07-20T15:15:31+00:00\",\"breadcrumb\":{\"@id\":\"https:\\\/\\\/jornaldasoficinas.com\\\/pt\\\/renault-trucks-assina-contrato-historico-com-grupo-carlsberg\\\/#breadcrumb\"},\"inLanguage\":\"pt-PT\",\"potentialAction\":[{\"@type\":\"ReadAction\",\"target\":[\"https:\\\/\\\/jornaldasoficinas.com\\\/pt\\\/renault-trucks-assina-contrato-historico-com-grupo-carlsberg\\\/\"]}]},{\"@type\":\"ImageObject\",\"inLanguage\":\"pt-PT\",\"@id\":\"https:\\\/\\\/jornaldasoficinas.com\\\/pt\\\/renault-trucks-assina-contrato-historico-com-grupo-carlsberg\\\/#primaryimage\",\"url\":\"https:\\\/\\\/jornaldasoficinas.com\\\/pt\\\/wp-content\\\/uploads\\\/2020\\\/02\\\/renaulttruckscarslberg.png\",\"contentUrl\":\"https:\\\/\\\/jornaldasoficinas.com\\\/pt\\\/wp-content\\\/uploads\\\/2020\\\/02\\\/renaulttruckscarslberg.png\",\"width\":1024,\"height\":581,\"caption\":\"02 - renaulttruckscarslberg\"},{\"@type\":\"BreadcrumbList\",\"@id\":\"https:\\\/\\\/jornaldasoficinas.com\\\/pt\\\/renault-trucks-assina-contrato-historico-com-grupo-carlsberg\\\/#breadcrumb\",\"itemListElement\":[{\"@type\":\"ListItem\",\"position\":1,\"name\":\"In\u00edcio\",\"item\":\"https:\\\/\\\/jornaldasoficinas.com\\\/pt\\\/\"},{\"@type\":\"ListItem\",\"position\":2,\"name\":\"Renault Trucks assina contrato hist\u00f3rico com Grupo Carlsberg\"}]},{\"@type\":\"WebSite\",\"@id\":\"https:\\\/\\\/jornaldasoficinas.com\\\/pt\\\/#website\",\"url\":\"https:\\\/\\\/jornaldasoficinas.com\\\/pt\\\/\",\"name\":\"Jornal das Oficinas\",\"description\":\"Jornal independente do Aftermarket Autom\u00f3vel em Portugal\",\"publisher\":{\"@id\":\"https:\\\/\\\/jornaldasoficinas.com\\\/pt\\\/#organization\"},\"potentialAction\":[{\"@type\":\"SearchAction\",\"target\":{\"@type\":\"EntryPoint\",\"urlTemplate\":\"https:\\\/\\\/jornaldasoficinas.com\\\/pt\\\/?s={search_term_string}\"},\"query-input\":{\"@type\":\"PropertyValueSpecification\",\"valueRequired\":true,\"valueName\":\"search_term_string\"}}],\"inLanguage\":\"pt-PT\"},{\"@type\":\"Organization\",\"@id\":\"https:\\\/\\\/jornaldasoficinas.com\\\/pt\\\/#organization\",\"name\":\"Jornal das Oficinas\",\"url\":\"https:\\\/\\\/jornaldasoficinas.com\\\/pt\\\/\",\"logo\":{\"@type\":\"ImageObject\",\"inLanguage\":\"pt-PT\",\"@id\":\"https:\\\/\\\/jornaldasoficinas.com\\\/pt\\\/#\\\/schema\\\/logo\\\/image\\\/\",\"url\":\"https:\\\/\\\/jornaldasoficinas.com\\\/pt\\\/wp-content\\\/uploads\\\/logoJO-SEO.png\",\"contentUrl\":\"https:\\\/\\\/jornaldasoficinas.com\\\/pt\\\/wp-content\\\/uploads\\\/logoJO-SEO.png\",\"width\":285,\"height\":450,\"caption\":\"Jornal das Oficinas\"},\"image\":{\"@id\":\"https:\\\/\\\/jornaldasoficinas.com\\\/pt\\\/#\\\/schema\\\/logo\\\/image\\\/\"},\"sameAs\":[\"https:\\\/\\\/www.facebook.com\\\/jornaloficinas\",\"https:\\\/\\\/x.com\\\/jornaloficinas\",\"https:\\\/\\\/www.instagram.com\\\/jornal_oficinas\\\/\",\"https:\\\/\\\/www.linkedin.com\\\/company\\\/jornal-das-oficinas\\\/\",\"https:\\\/\\\/www.youtube.com\\\/channel\\\/UCbQZBqtcvV-oSQrr7RzINGg\"]},{\"@type\":\"Person\",\"@id\":\"https:\\\/\\\/jornaldasoficinas.com\\\/pt\\\/#\\\/schema\\\/person\\\/a38eef5de2c41d9e7c9ac10141afddf3\",\"name\":\"Reda\u00e7\u00e3o JO\",\"image\":{\"@type\":\"ImageObject\",\"inLanguage\":\"pt-PT\",\"@id\":\"https:\\\/\\\/secure.gravatar.com\\\/avatar\\\/71f2fa71737ad68a84fea94bc708ddac8ea5b0c4788dc2ad202f3ccb2887742f?s=96&d=wp_user_avatar&r=g\",\"url\":\"https:\\\/\\\/secure.gravatar.com\\\/avatar\\\/71f2fa71737ad68a84fea94bc708ddac8ea5b0c4788dc2ad202f3ccb2887742f?s=96&d=wp_user_avatar&r=g\",\"contentUrl\":\"https:\\\/\\\/secure.gravatar.com\\\/avatar\\\/71f2fa71737ad68a84fea94bc708ddac8ea5b0c4788dc2ad202f3ccb2887742f?s=96&d=wp_user_avatar&r=g\",\"caption\":\"Reda\u00e7\u00e3o JO\"},\"url\":\"https:\\\/\\\/jornaldasoficinas.com\\\/pt\\\/author\\\/joredacao\\\/\"}]}<\/script>\n<!-- \/ Yoast SEO plugin. -->","yoast_head_json":{"title":"Renault Trucks assina contrato hist\u00f3rico com Grupo Carlsberg - Jornal das Oficinas","robots":{"index":"index","follow":"follow","max-snippet":"max-snippet:-1","max-image-preview":"max-image-preview:large","max-video-preview":"max-video-preview:-1"},"canonical":"https:\/\/jornaldasoficinas.com\/pt\/renault-trucks-assina-contrato-historico-com-grupo-carlsberg\/","og_locale":"pt_PT","og_type":"article","og_title":"Renault Trucks assina contrato hist\u00f3rico com Grupo Carlsberg - Jornal das Oficinas","og_description":"A Renault Trucks est\u00e1 a dar...","og_url":"https:\/\/jornaldasoficinas.com\/pt\/renault-trucks-assina-contrato-historico-com-grupo-carlsberg\/","og_site_name":"Jornal das Oficinas","article_publisher":"https:\/\/www.facebook.com\/jornaloficinas","article_published_time":"2020-02-05T10:34:28+00:00","article_modified_time":"2023-07-20T15:15:31+00:00","og_image":[{"width":1024,"height":581,"url":"https:\/\/jornaldasoficinas.com\/pt\/wp-content\/uploads\/2020\/02\/renaulttruckscarslberg.png","type":"image\/png"}],"author":"Reda\u00e7\u00e3o JO","twitter_card":"summary_large_image","twitter_creator":"@jornaloficinas","twitter_site":"@jornaloficinas","twitter_misc":{"Escrito por":"Reda\u00e7\u00e3o JO","Tempo estimado de leitura":"2 minutos"},"schema":{"@context":"https:\/\/schema.org","@graph":[{"@type":"Article","@id":"https:\/\/jornaldasoficinas.com\/pt\/renault-trucks-assina-contrato-historico-com-grupo-carlsberg\/#article","isPartOf":{"@id":"https:\/\/jornaldasoficinas.com\/pt\/renault-trucks-assina-contrato-historico-com-grupo-carlsberg\/"},"author":{"name":"Reda\u00e7\u00e3o JO","@id":"https:\/\/jornaldasoficinas.com\/pt\/#\/schema\/person\/a38eef5de2c41d9e7c9ac10141afddf3"},"headline":"Renault Trucks assina contrato hist\u00f3rico com Grupo Carlsberg","datePublished":"2020-02-05T10:34:28+00:00","dateModified":"2023-07-20T15:15:31+00:00","mainEntityOfPage":{"@id":"https:\/\/jornaldasoficinas.com\/pt\/renault-trucks-assina-contrato-historico-com-grupo-carlsberg\/"},"wordCount":359,"publisher":{"@id":"https:\/\/jornaldasoficinas.com\/pt\/#organization"},"image":{"@id":"https:\/\/jornaldasoficinas.com\/pt\/renault-trucks-assina-contrato-historico-com-grupo-carlsberg\/#primaryimage"},"thumbnailUrl":"https:\/\/jornaldasoficinas.com\/pt\/wp-content\/uploads\/2020\/02\/renaulttruckscarslberg.png","keywords":["D Wide Z.E.","Renault Trucks"],"articleSection":["Empresas"],"inLanguage":"pt-PT"},{"@type":"WebPage","@id":"https:\/\/jornaldasoficinas.com\/pt\/renault-trucks-assina-contrato-historico-com-grupo-carlsberg\/","url":"https:\/\/jornaldasoficinas.com\/pt\/renault-trucks-assina-contrato-historico-com-grupo-carlsberg\/","name":"Renault Trucks assina contrato hist\u00f3rico com Grupo Carlsberg - Jornal das Oficinas","isPartOf":{"@id":"https:\/\/jornaldasoficinas.com\/pt\/#website"},"primaryImageOfPage":{"@id":"https:\/\/jornaldasoficinas.com\/pt\/renault-trucks-assina-contrato-historico-com-grupo-carlsberg\/#primaryimage"},"image":{"@id":"https:\/\/jornaldasoficinas.com\/pt\/renault-trucks-assina-contrato-historico-com-grupo-carlsberg\/#primaryimage"},"thumbnailUrl":"https:\/\/jornaldasoficinas.com\/pt\/wp-content\/uploads\/2020\/02\/renaulttruckscarslberg.png","datePublished":"2020-02-05T10:34:28+00:00","dateModified":"2023-07-20T15:15:31+00:00","breadcrumb":{"@id":"https:\/\/jornaldasoficinas.com\/pt\/renault-trucks-assina-contrato-historico-com-grupo-carlsberg\/#breadcrumb"},"inLanguage":"pt-PT","potentialAction":[{"@type":"ReadAction","target":["https:\/\/jornaldasoficinas.com\/pt\/renault-trucks-assina-contrato-historico-com-grupo-carlsberg\/"]}]},{"@type":"ImageObject","inLanguage":"pt-PT","@id":"https:\/\/jornaldasoficinas.com\/pt\/renault-trucks-assina-contrato-historico-com-grupo-carlsberg\/#primaryimage","url":"https:\/\/jornaldasoficinas.com\/pt\/wp-content\/uploads\/2020\/02\/renaulttruckscarslberg.png","contentUrl":"https:\/\/jornaldasoficinas.com\/pt\/wp-content\/uploads\/2020\/02\/renaulttruckscarslberg.png","width":1024,"height":581,"caption":"02 - renaulttruckscarslberg"},{"@type":"BreadcrumbList","@id":"https:\/\/jornaldasoficinas.com\/pt\/renault-trucks-assina-contrato-historico-com-grupo-carlsberg\/#breadcrumb","itemListElement":[{"@type":"ListItem","position":1,"name":"In\u00edcio","item":"https:\/\/jornaldasoficinas.com\/pt\/"},{"@type":"ListItem","position":2,"name":"Renault Trucks assina contrato hist\u00f3rico com Grupo Carlsberg"}]},{"@type":"WebSite","@id":"https:\/\/jornaldasoficinas.com\/pt\/#website","url":"https:\/\/jornaldasoficinas.com\/pt\/","name":"Jornal das Oficinas","description":"Jornal independente do Aftermarket Autom\u00f3vel em Portugal","publisher":{"@id":"https:\/\/jornaldasoficinas.com\/pt\/#organization"},"potentialAction":[{"@type":"SearchAction","target":{"@type":"EntryPoint","urlTemplate":"https:\/\/jornaldasoficinas.com\/pt\/?s={search_term_string}"},"query-input":{"@type":"PropertyValueSpecification","valueRequired":true,"valueName":"search_term_string"}}],"inLanguage":"pt-PT"},{"@type":"Organization","@id":"https:\/\/jornaldasoficinas.com\/pt\/#organization","name":"Jornal das Oficinas","url":"https:\/\/jornaldasoficinas.com\/pt\/","logo":{"@type":"ImageObject","inLanguage":"pt-PT","@id":"https:\/\/jornaldasoficinas.com\/pt\/#\/schema\/logo\/image\/","url":"https:\/\/jornaldasoficinas.com\/pt\/wp-content\/uploads\/logoJO-SEO.png","contentUrl":"https:\/\/jornaldasoficinas.com\/pt\/wp-content\/uploads\/logoJO-SEO.png","width":285,"height":450,"caption":"Jornal das Oficinas"},"image":{"@id":"https:\/\/jornaldasoficinas.com\/pt\/#\/schema\/logo\/image\/"},"sameAs":["https:\/\/www.facebook.com\/jornaloficinas","https:\/\/x.com\/jornaloficinas","https:\/\/www.instagram.com\/jornal_oficinas\/","https:\/\/www.linkedin.com\/company\/jornal-das-oficinas\/","https:\/\/www.youtube.com\/channel\/UCbQZBqtcvV-oSQrr7RzINGg"]},{"@type":"Person","@id":"https:\/\/jornaldasoficinas.com\/pt\/#\/schema\/person\/a38eef5de2c41d9e7c9ac10141afddf3","name":"Reda\u00e7\u00e3o JO","image":{"@type":"ImageObject","inLanguage":"pt-PT","@id":"https:\/\/secure.gravatar.com\/avatar\/71f2fa71737ad68a84fea94bc708ddac8ea5b0c4788dc2ad202f3ccb2887742f?s=96&d=wp_user_avatar&r=g","url":"https:\/\/secure.gravatar.com\/avatar\/71f2fa71737ad68a84fea94bc708ddac8ea5b0c4788dc2ad202f3ccb2887742f?s=96&d=wp_user_avatar&r=g","contentUrl":"https:\/\/secure.gravatar.com\/avatar\/71f2fa71737ad68a84fea94bc708ddac8ea5b0c4788dc2ad202f3ccb2887742f?s=96&d=wp_user_avatar&r=g","caption":"Reda\u00e7\u00e3o JO"},"url":"https:\/\/jornaldasoficinas.com\/pt\/author\/joredacao\/"}]}},"_links":{"self":[{"href":"https:\/\/jornaldasoficinas.com\/pt\/wp-json\/wp\/v2\/posts\/9377","targetHints":{"allow":["GET"]}}],"collection":[{"href":"https:\/\/jornaldasoficinas.com\/pt\/wp-json\/wp\/v2\/posts"}],"about":[{"href":"https:\/\/jornaldasoficinas.com\/pt\/wp-json\/wp\/v2\/types\/post"}],"author":[{"embeddable":true,"href":"https:\/\/jornaldasoficinas.com\/pt\/wp-json\/wp\/v2\/users\/15"}],"replies":[{"embeddable":true,"href":"https:\/\/jornaldasoficinas.com\/pt\/wp-json\/wp\/v2\/comments?post=9377"}],"version-history":[{"count":0,"href":"https:\/\/jornaldasoficinas.com\/pt\/wp-json\/wp\/v2\/posts\/9377\/revisions"}],"wp:featuredmedia":[{"embeddable":true,"href":"https:\/\/jornaldasoficinas.com\/pt\/wp-json\/wp\/v2\/media\/9376"}],"wp:attachment":[{"href":"https:\/\/jornaldasoficinas.com\/pt\/wp-json\/wp\/v2\/media?parent=9377"}],"wp:term":[{"taxonomy":"category","embeddable":true,"href":"https:\/\/jornaldasoficinas.com\/pt\/wp-json\/wp\/v2\/categories?post=9377"},{"taxonomy":"post_tag","embeddable":true,"href":"https:\/\/jornaldasoficinas.com\/pt\/wp-json\/wp\/v2\/tags?post=9377"}],"curies":[{"name":"wp","href":"https:\/\/api.w.org\/{rel}","templated":true}]}}