{"id":93781,"date":"2024-11-12T14:00:44","date_gmt":"2024-11-12T14:00:44","guid":{"rendered":"https:\/\/jornaldasoficinas.com\/pt\/?p=93781"},"modified":"2024-11-07T15:17:14","modified_gmt":"2024-11-07T15:17:14","slug":"atlantica-abre-curso-de-especialista-europeu-de-adesivos","status":"publish","type":"post","link":"https:\/\/jornaldasoficinas.com\/pt\/atlantica-abre-curso-de-especialista-europeu-de-adesivos\/","title":{"rendered":"Atl\u00e2ntica abre curso de Especialista Europeu de Adesivos"},"content":{"rendered":"<p><strong><img loading=\"lazy\" decoding=\"async\" class=\"alignnone size-full wp-image-93782\" src=\"https:\/\/jornaldasoficinas.com\/pt\/wp-content\/uploads\/2024\/11\/Atlantica-abre-curso-de-Especialista-Europeu-de-Adesivos.jpg\" alt=\"11 - Atlantica abre curso de Especialista Europeu de Adesivos\" width=\"1024\" height=\"581\" srcset=\"https:\/\/jornaldasoficinas.com\/pt\/wp-content\/uploads\/2024\/11\/Atlantica-abre-curso-de-Especialista-Europeu-de-Adesivos.jpg 1024w, https:\/\/jornaldasoficinas.com\/pt\/wp-content\/uploads\/2024\/11\/Atlantica-abre-curso-de-Especialista-Europeu-de-Adesivos-300x170.jpg 300w, https:\/\/jornaldasoficinas.com\/pt\/wp-content\/uploads\/2024\/11\/Atlantica-abre-curso-de-Especialista-Europeu-de-Adesivos-150x85.jpg 150w, https:\/\/jornaldasoficinas.com\/pt\/wp-content\/uploads\/2024\/11\/Atlantica-abre-curso-de-Especialista-Europeu-de-Adesivos-768x436.jpg 768w\" sizes=\"auto, (max-width: 1024px) 100vw, 1024px\" \/><\/strong><\/p>\n<p><strong>O curso da <a href=\"https:\/\/uatlantica.pt\/\" target=\"_blank\" rel=\"noopener\">Atl\u00e2ntica<\/a> vai decorrer durante o m\u00eas de novembro e<\/strong><strong> est\u00e1 orientado para aplica\u00e7\u00f5es industriais em v\u00e1rios setores, como aeron\u00e1utica, autom\u00f3vel e transporte ferrovi\u00e1rio<\/strong><\/p>\n<p>A Atl\u00e2ntica \u2013 Instituto Universit\u00e1rio, vai contar, j\u00e1 neste ano letivo, com uma nova forma\u00e7\u00e3o: o curso de Especialista Europeu de Adesivos \u2013 European Adhesive Specialist (EAS) \u2013, uma forma\u00e7\u00e3o certificada pela European Welding Federation (EWF).<\/p>\n<p>Realizado em parceria com o ISQ Academy, o curso est\u00e1 orientado para aplica\u00e7\u00f5es industriais, concentrando-se nos temas mais relevantes e atuais da tecnologia de adesivos, utilizada em setores como aeron\u00e1utica, autom\u00f3vel e transporte ferrovi\u00e1rio, entre outros.<\/p>\n<p>Com in\u00edcio marcado para o m\u00eas de novembro, o curso ter\u00e1 a dura\u00e7\u00e3o de 120 horas, apresentando 10 m\u00f3dulos, nove te\u00f3ricos lecionados online (em tempo real) pela Atl\u00e2ntica e pelo ISQ Academy, e um m\u00f3dulo pr\u00e1tico lecionado nos laborat\u00f3rios do ISQ.<\/p>\n<p>Com o objetivo de dotar os alunos de conhecimentos e compet\u00eancias, alinhados com as \u00faltimas tecnologias e melhores pr\u00e1ticas em projeto, fabrica\u00e7\u00e3o, caracteriza\u00e7\u00e3o e manuten\u00e7\u00e3o de liga\u00e7\u00f5es adesivas, o curso vai capacitar os alunos para definir, otimizar, coordenar e validar as juntas adesivas ao longo das fases de projeto, produ\u00e7\u00e3o e manuten\u00e7\u00e3o. Selecionar os m\u00e9todos corretos na aplica\u00e7\u00e3o da tecnologia de adesivos em problemas regulares, gerir e supervisionar juntas adesivas standards e as atividades profissionais relacionadas, assim como supervisionar tarefas coletivas relativas \u00e0s juntas adesivas s\u00e3o apenas algumas das capacidades que ser\u00e3o fomentadas ao longo da forma\u00e7\u00e3o.<\/p>\n<p>A forma\u00e7\u00e3o contempla 10 m\u00f3dulos, sendo mais de metade destes lecionados por docentes da Atl\u00e2ntica. Com nove dos m\u00f3dulos a realizar-se online (em tempo real) e em hor\u00e1rio p\u00f3s-laboral \u2013 das 18h30 \u00e0s 21h30 \u2013, o \u00faltimo m\u00f3dulo da forma\u00e7\u00e3o ser\u00e1 realizado em formato presencial e em hor\u00e1rio laboral \u2013 das 9h00 \u00e0s 13h00 e das 14h00 \u00e0s 18h00 \u2013, tendo a dura\u00e7\u00e3o total de 22 horas.<\/p>\n<p>Orientado para profissionais j\u00e1 no mercado de trabalho, a sele\u00e7\u00e3o dos candidatos ser\u00e1 efetuada tendo como base o seu curr\u00edculo acad\u00e9mico e profissional, considerando tamb\u00e9m a fun\u00e7\u00e3o desempenhada atualmente.<\/p>\n<p>Candidatos com licenciatura em engenharia (pr\u00e9 ou p\u00f3s Bolonha) t\u00eam entrada direta, sendo que os interessados com forma\u00e7\u00e3o superior em \u00e1reas n\u00e3o relacionadas com engenharia devem ter tr\u00eas anos de experi\u00eancia profissional comprovada em atividades na referida \u00e1rea.<\/p>\n<p>O curso est\u00e1 tamb\u00e9m aberto a candidatos que tenham conclu\u00eddo o 12\u00ba ano de escolaridade, desde que apresentem tr\u00eas anos de experi\u00eancia em adesivos ou \u00e1reas similares. Mais informa\u00e7\u00f5es dispon\u00edveis no <a href=\"https:\/\/uatlantica.pt\/\" target=\"_blank\" rel=\"noopener\">website<\/a> da Atl\u00e2ntica.<\/p>\n","protected":false},"excerpt":{"rendered":"<p>O curso da Atl\u00e2ntica vai decorrer&#8230;<\/p>\n","protected":false},"author":15,"featured_media":93782,"comment_status":"closed","ping_status":"closed","sticky":false,"template":"","format":"standard","meta":{"footnotes":""},"categories":[29],"tags":[11125,11122,9047,11123,11124,11126],"class_list":["post-93781","post","type-post","status-publish","format-standard","has-post-thumbnail","hentry","category-empresas","tag-aeronautica","tag-atlantica","tag-curso","tag-especialista-europeu-de-adesivos","tag-mes-de-novembro","tag-transporte-ferroviario"],"yoast_head":"<!-- This site is optimized with the Yoast SEO plugin v27.4 - https:\/\/yoast.com\/product\/yoast-seo-wordpress\/ -->\n<title>Atl\u00e2ntica abre curso de Especialista Europeu de Adesivos - Jornal das Oficinas<\/title>\n<meta name=\"description\" content=\"O curso da Atl\u00e2ntica est\u00e1 orientado para aplica\u00e7\u00f5es industriais em v\u00e1rios setores, como aeron\u00e1utica, autom\u00f3vel e transporte ferrovi\u00e1rio\" \/>\n<meta name=\"robots\" content=\"index, follow, max-snippet:-1, max-image-preview:large, max-video-preview:-1\" \/>\n<link rel=\"canonical\" href=\"https:\/\/jornaldasoficinas.com\/pt\/atlantica-abre-curso-de-especialista-europeu-de-adesivos\/\" \/>\n<meta property=\"og:locale\" content=\"pt_PT\" \/>\n<meta property=\"og:type\" content=\"article\" \/>\n<meta property=\"og:title\" content=\"Atl\u00e2ntica abre curso de Especialista Europeu de Adesivos - Jornal das Oficinas\" \/>\n<meta property=\"og:description\" content=\"O curso da Atl\u00e2ntica est\u00e1 orientado para aplica\u00e7\u00f5es industriais em v\u00e1rios setores, como aeron\u00e1utica, autom\u00f3vel e transporte ferrovi\u00e1rio\" \/>\n<meta property=\"og:url\" content=\"https:\/\/jornaldasoficinas.com\/pt\/atlantica-abre-curso-de-especialista-europeu-de-adesivos\/\" \/>\n<meta property=\"og:site_name\" content=\"Jornal das Oficinas\" \/>\n<meta property=\"article:publisher\" content=\"https:\/\/www.facebook.com\/jornaloficinas\" \/>\n<meta property=\"article:published_time\" content=\"2024-11-12T14:00:44+00:00\" \/>\n<meta property=\"og:image\" content=\"https:\/\/jornaldasoficinas.com\/pt\/wp-content\/uploads\/2024\/11\/Atlantica-abre-curso-de-Especialista-Europeu-de-Adesivos.jpg\" \/>\n\t<meta property=\"og:image:width\" content=\"1024\" \/>\n\t<meta property=\"og:image:height\" content=\"581\" \/>\n\t<meta property=\"og:image:type\" content=\"image\/jpeg\" \/>\n<meta name=\"author\" content=\"Reda\u00e7\u00e3o JO\" \/>\n<meta name=\"twitter:card\" content=\"summary_large_image\" \/>\n<meta name=\"twitter:creator\" content=\"@jornaloficinas\" \/>\n<meta name=\"twitter:site\" content=\"@jornaloficinas\" \/>\n<meta name=\"twitter:label1\" content=\"Escrito por\" \/>\n\t<meta name=\"twitter:data1\" content=\"Reda\u00e7\u00e3o JO\" \/>\n\t<meta name=\"twitter:label2\" content=\"Tempo estimado de leitura\" \/>\n\t<meta name=\"twitter:data2\" content=\"3 minutos\" \/>\n<script type=\"application\/ld+json\" class=\"yoast-schema-graph\">{\"@context\":\"https:\\\/\\\/schema.org\",\"@graph\":[{\"@type\":\"Article\",\"@id\":\"https:\\\/\\\/jornaldasoficinas.com\\\/pt\\\/atlantica-abre-curso-de-especialista-europeu-de-adesivos\\\/#article\",\"isPartOf\":{\"@id\":\"https:\\\/\\\/jornaldasoficinas.com\\\/pt\\\/atlantica-abre-curso-de-especialista-europeu-de-adesivos\\\/\"},\"author\":{\"name\":\"Reda\u00e7\u00e3o JO\",\"@id\":\"https:\\\/\\\/jornaldasoficinas.com\\\/pt\\\/#\\\/schema\\\/person\\\/a38eef5de2c41d9e7c9ac10141afddf3\"},\"headline\":\"Atl\u00e2ntica abre curso de Especialista Europeu de Adesivos\",\"datePublished\":\"2024-11-12T14:00:44+00:00\",\"mainEntityOfPage\":{\"@id\":\"https:\\\/\\\/jornaldasoficinas.com\\\/pt\\\/atlantica-abre-curso-de-especialista-europeu-de-adesivos\\\/\"},\"wordCount\":466,\"publisher\":{\"@id\":\"https:\\\/\\\/jornaldasoficinas.com\\\/pt\\\/#organization\"},\"image\":{\"@id\":\"https:\\\/\\\/jornaldasoficinas.com\\\/pt\\\/atlantica-abre-curso-de-especialista-europeu-de-adesivos\\\/#primaryimage\"},\"thumbnailUrl\":\"https:\\\/\\\/jornaldasoficinas.com\\\/pt\\\/wp-content\\\/uploads\\\/2024\\\/11\\\/Atlantica-abre-curso-de-Especialista-Europeu-de-Adesivos.jpg\",\"keywords\":[\"aeron\u00e1utica\",\"Atl\u00e2ntica\",\"curso\",\"Especialista Europeu de Adesivos\",\"m\u00eas de novembro\",\"transporte ferrovi\u00e1rio\"],\"articleSection\":[\"Empresas\"],\"inLanguage\":\"pt-PT\"},{\"@type\":\"WebPage\",\"@id\":\"https:\\\/\\\/jornaldasoficinas.com\\\/pt\\\/atlantica-abre-curso-de-especialista-europeu-de-adesivos\\\/\",\"url\":\"https:\\\/\\\/jornaldasoficinas.com\\\/pt\\\/atlantica-abre-curso-de-especialista-europeu-de-adesivos\\\/\",\"name\":\"Atl\u00e2ntica abre curso de Especialista Europeu de Adesivos - Jornal das Oficinas\",\"isPartOf\":{\"@id\":\"https:\\\/\\\/jornaldasoficinas.com\\\/pt\\\/#website\"},\"primaryImageOfPage\":{\"@id\":\"https:\\\/\\\/jornaldasoficinas.com\\\/pt\\\/atlantica-abre-curso-de-especialista-europeu-de-adesivos\\\/#primaryimage\"},\"image\":{\"@id\":\"https:\\\/\\\/jornaldasoficinas.com\\\/pt\\\/atlantica-abre-curso-de-especialista-europeu-de-adesivos\\\/#primaryimage\"},\"thumbnailUrl\":\"https:\\\/\\\/jornaldasoficinas.com\\\/pt\\\/wp-content\\\/uploads\\\/2024\\\/11\\\/Atlantica-abre-curso-de-Especialista-Europeu-de-Adesivos.jpg\",\"datePublished\":\"2024-11-12T14:00:44+00:00\",\"description\":\"O curso da Atl\u00e2ntica est\u00e1 orientado para aplica\u00e7\u00f5es industriais em v\u00e1rios setores, como aeron\u00e1utica, autom\u00f3vel e transporte ferrovi\u00e1rio\",\"breadcrumb\":{\"@id\":\"https:\\\/\\\/jornaldasoficinas.com\\\/pt\\\/atlantica-abre-curso-de-especialista-europeu-de-adesivos\\\/#breadcrumb\"},\"inLanguage\":\"pt-PT\",\"potentialAction\":[{\"@type\":\"ReadAction\",\"target\":[\"https:\\\/\\\/jornaldasoficinas.com\\\/pt\\\/atlantica-abre-curso-de-especialista-europeu-de-adesivos\\\/\"]}]},{\"@type\":\"ImageObject\",\"inLanguage\":\"pt-PT\",\"@id\":\"https:\\\/\\\/jornaldasoficinas.com\\\/pt\\\/atlantica-abre-curso-de-especialista-europeu-de-adesivos\\\/#primaryimage\",\"url\":\"https:\\\/\\\/jornaldasoficinas.com\\\/pt\\\/wp-content\\\/uploads\\\/2024\\\/11\\\/Atlantica-abre-curso-de-Especialista-Europeu-de-Adesivos.jpg\",\"contentUrl\":\"https:\\\/\\\/jornaldasoficinas.com\\\/pt\\\/wp-content\\\/uploads\\\/2024\\\/11\\\/Atlantica-abre-curso-de-Especialista-Europeu-de-Adesivos.jpg\",\"width\":1024,\"height\":581,\"caption\":\"11 - Atlantica abre curso de Especialista Europeu de Adesivos\"},{\"@type\":\"BreadcrumbList\",\"@id\":\"https:\\\/\\\/jornaldasoficinas.com\\\/pt\\\/atlantica-abre-curso-de-especialista-europeu-de-adesivos\\\/#breadcrumb\",\"itemListElement\":[{\"@type\":\"ListItem\",\"position\":1,\"name\":\"In\u00edcio\",\"item\":\"https:\\\/\\\/jornaldasoficinas.com\\\/pt\\\/\"},{\"@type\":\"ListItem\",\"position\":2,\"name\":\"Atl\u00e2ntica abre curso de Especialista Europeu de Adesivos\"}]},{\"@type\":\"WebSite\",\"@id\":\"https:\\\/\\\/jornaldasoficinas.com\\\/pt\\\/#website\",\"url\":\"https:\\\/\\\/jornaldasoficinas.com\\\/pt\\\/\",\"name\":\"Jornal das Oficinas\",\"description\":\"Jornal independente do Aftermarket Autom\u00f3vel em Portugal\",\"publisher\":{\"@id\":\"https:\\\/\\\/jornaldasoficinas.com\\\/pt\\\/#organization\"},\"potentialAction\":[{\"@type\":\"SearchAction\",\"target\":{\"@type\":\"EntryPoint\",\"urlTemplate\":\"https:\\\/\\\/jornaldasoficinas.com\\\/pt\\\/?s={search_term_string}\"},\"query-input\":{\"@type\":\"PropertyValueSpecification\",\"valueRequired\":true,\"valueName\":\"search_term_string\"}}],\"inLanguage\":\"pt-PT\"},{\"@type\":\"Organization\",\"@id\":\"https:\\\/\\\/jornaldasoficinas.com\\\/pt\\\/#organization\",\"name\":\"Jornal das Oficinas\",\"url\":\"https:\\\/\\\/jornaldasoficinas.com\\\/pt\\\/\",\"logo\":{\"@type\":\"ImageObject\",\"inLanguage\":\"pt-PT\",\"@id\":\"https:\\\/\\\/jornaldasoficinas.com\\\/pt\\\/#\\\/schema\\\/logo\\\/image\\\/\",\"url\":\"https:\\\/\\\/jornaldasoficinas.com\\\/pt\\\/wp-content\\\/uploads\\\/logoJO-SEO.png\",\"contentUrl\":\"https:\\\/\\\/jornaldasoficinas.com\\\/pt\\\/wp-content\\\/uploads\\\/logoJO-SEO.png\",\"width\":285,\"height\":450,\"caption\":\"Jornal das Oficinas\"},\"image\":{\"@id\":\"https:\\\/\\\/jornaldasoficinas.com\\\/pt\\\/#\\\/schema\\\/logo\\\/image\\\/\"},\"sameAs\":[\"https:\\\/\\\/www.facebook.com\\\/jornaloficinas\",\"https:\\\/\\\/x.com\\\/jornaloficinas\",\"https:\\\/\\\/www.instagram.com\\\/jornal_oficinas\\\/\",\"https:\\\/\\\/www.linkedin.com\\\/company\\\/jornal-das-oficinas\\\/\",\"https:\\\/\\\/www.youtube.com\\\/channel\\\/UCbQZBqtcvV-oSQrr7RzINGg\"]},{\"@type\":\"Person\",\"@id\":\"https:\\\/\\\/jornaldasoficinas.com\\\/pt\\\/#\\\/schema\\\/person\\\/a38eef5de2c41d9e7c9ac10141afddf3\",\"name\":\"Reda\u00e7\u00e3o JO\",\"image\":{\"@type\":\"ImageObject\",\"inLanguage\":\"pt-PT\",\"@id\":\"https:\\\/\\\/secure.gravatar.com\\\/avatar\\\/71f2fa71737ad68a84fea94bc708ddac8ea5b0c4788dc2ad202f3ccb2887742f?s=96&d=wp_user_avatar&r=g\",\"url\":\"https:\\\/\\\/secure.gravatar.com\\\/avatar\\\/71f2fa71737ad68a84fea94bc708ddac8ea5b0c4788dc2ad202f3ccb2887742f?s=96&d=wp_user_avatar&r=g\",\"contentUrl\":\"https:\\\/\\\/secure.gravatar.com\\\/avatar\\\/71f2fa71737ad68a84fea94bc708ddac8ea5b0c4788dc2ad202f3ccb2887742f?s=96&d=wp_user_avatar&r=g\",\"caption\":\"Reda\u00e7\u00e3o JO\"},\"url\":\"https:\\\/\\\/jornaldasoficinas.com\\\/pt\\\/author\\\/joredacao\\\/\"}]}<\/script>\n<!-- \/ Yoast SEO plugin. -->","yoast_head_json":{"title":"Atl\u00e2ntica abre curso de Especialista Europeu de Adesivos - Jornal das Oficinas","description":"O curso da Atl\u00e2ntica est\u00e1 orientado para aplica\u00e7\u00f5es industriais em v\u00e1rios setores, como aeron\u00e1utica, autom\u00f3vel e transporte ferrovi\u00e1rio","robots":{"index":"index","follow":"follow","max-snippet":"max-snippet:-1","max-image-preview":"max-image-preview:large","max-video-preview":"max-video-preview:-1"},"canonical":"https:\/\/jornaldasoficinas.com\/pt\/atlantica-abre-curso-de-especialista-europeu-de-adesivos\/","og_locale":"pt_PT","og_type":"article","og_title":"Atl\u00e2ntica abre curso de Especialista Europeu de Adesivos - Jornal das Oficinas","og_description":"O curso da Atl\u00e2ntica est\u00e1 orientado para aplica\u00e7\u00f5es industriais em v\u00e1rios setores, como aeron\u00e1utica, autom\u00f3vel e transporte ferrovi\u00e1rio","og_url":"https:\/\/jornaldasoficinas.com\/pt\/atlantica-abre-curso-de-especialista-europeu-de-adesivos\/","og_site_name":"Jornal das Oficinas","article_publisher":"https:\/\/www.facebook.com\/jornaloficinas","article_published_time":"2024-11-12T14:00:44+00:00","og_image":[{"width":1024,"height":581,"url":"https:\/\/jornaldasoficinas.com\/pt\/wp-content\/uploads\/2024\/11\/Atlantica-abre-curso-de-Especialista-Europeu-de-Adesivos.jpg","type":"image\/jpeg"}],"author":"Reda\u00e7\u00e3o JO","twitter_card":"summary_large_image","twitter_creator":"@jornaloficinas","twitter_site":"@jornaloficinas","twitter_misc":{"Escrito por":"Reda\u00e7\u00e3o JO","Tempo estimado de leitura":"3 minutos"},"schema":{"@context":"https:\/\/schema.org","@graph":[{"@type":"Article","@id":"https:\/\/jornaldasoficinas.com\/pt\/atlantica-abre-curso-de-especialista-europeu-de-adesivos\/#article","isPartOf":{"@id":"https:\/\/jornaldasoficinas.com\/pt\/atlantica-abre-curso-de-especialista-europeu-de-adesivos\/"},"author":{"name":"Reda\u00e7\u00e3o JO","@id":"https:\/\/jornaldasoficinas.com\/pt\/#\/schema\/person\/a38eef5de2c41d9e7c9ac10141afddf3"},"headline":"Atl\u00e2ntica abre curso de Especialista Europeu de Adesivos","datePublished":"2024-11-12T14:00:44+00:00","mainEntityOfPage":{"@id":"https:\/\/jornaldasoficinas.com\/pt\/atlantica-abre-curso-de-especialista-europeu-de-adesivos\/"},"wordCount":466,"publisher":{"@id":"https:\/\/jornaldasoficinas.com\/pt\/#organization"},"image":{"@id":"https:\/\/jornaldasoficinas.com\/pt\/atlantica-abre-curso-de-especialista-europeu-de-adesivos\/#primaryimage"},"thumbnailUrl":"https:\/\/jornaldasoficinas.com\/pt\/wp-content\/uploads\/2024\/11\/Atlantica-abre-curso-de-Especialista-Europeu-de-Adesivos.jpg","keywords":["aeron\u00e1utica","Atl\u00e2ntica","curso","Especialista Europeu de Adesivos","m\u00eas de novembro","transporte ferrovi\u00e1rio"],"articleSection":["Empresas"],"inLanguage":"pt-PT"},{"@type":"WebPage","@id":"https:\/\/jornaldasoficinas.com\/pt\/atlantica-abre-curso-de-especialista-europeu-de-adesivos\/","url":"https:\/\/jornaldasoficinas.com\/pt\/atlantica-abre-curso-de-especialista-europeu-de-adesivos\/","name":"Atl\u00e2ntica abre curso de Especialista Europeu de Adesivos - Jornal das Oficinas","isPartOf":{"@id":"https:\/\/jornaldasoficinas.com\/pt\/#website"},"primaryImageOfPage":{"@id":"https:\/\/jornaldasoficinas.com\/pt\/atlantica-abre-curso-de-especialista-europeu-de-adesivos\/#primaryimage"},"image":{"@id":"https:\/\/jornaldasoficinas.com\/pt\/atlantica-abre-curso-de-especialista-europeu-de-adesivos\/#primaryimage"},"thumbnailUrl":"https:\/\/jornaldasoficinas.com\/pt\/wp-content\/uploads\/2024\/11\/Atlantica-abre-curso-de-Especialista-Europeu-de-Adesivos.jpg","datePublished":"2024-11-12T14:00:44+00:00","description":"O curso da Atl\u00e2ntica est\u00e1 orientado para aplica\u00e7\u00f5es industriais em v\u00e1rios setores, como aeron\u00e1utica, autom\u00f3vel e transporte ferrovi\u00e1rio","breadcrumb":{"@id":"https:\/\/jornaldasoficinas.com\/pt\/atlantica-abre-curso-de-especialista-europeu-de-adesivos\/#breadcrumb"},"inLanguage":"pt-PT","potentialAction":[{"@type":"ReadAction","target":["https:\/\/jornaldasoficinas.com\/pt\/atlantica-abre-curso-de-especialista-europeu-de-adesivos\/"]}]},{"@type":"ImageObject","inLanguage":"pt-PT","@id":"https:\/\/jornaldasoficinas.com\/pt\/atlantica-abre-curso-de-especialista-europeu-de-adesivos\/#primaryimage","url":"https:\/\/jornaldasoficinas.com\/pt\/wp-content\/uploads\/2024\/11\/Atlantica-abre-curso-de-Especialista-Europeu-de-Adesivos.jpg","contentUrl":"https:\/\/jornaldasoficinas.com\/pt\/wp-content\/uploads\/2024\/11\/Atlantica-abre-curso-de-Especialista-Europeu-de-Adesivos.jpg","width":1024,"height":581,"caption":"11 - Atlantica abre curso de Especialista Europeu de Adesivos"},{"@type":"BreadcrumbList","@id":"https:\/\/jornaldasoficinas.com\/pt\/atlantica-abre-curso-de-especialista-europeu-de-adesivos\/#breadcrumb","itemListElement":[{"@type":"ListItem","position":1,"name":"In\u00edcio","item":"https:\/\/jornaldasoficinas.com\/pt\/"},{"@type":"ListItem","position":2,"name":"Atl\u00e2ntica abre curso de Especialista Europeu de Adesivos"}]},{"@type":"WebSite","@id":"https:\/\/jornaldasoficinas.com\/pt\/#website","url":"https:\/\/jornaldasoficinas.com\/pt\/","name":"Jornal das Oficinas","description":"Jornal independente do Aftermarket Autom\u00f3vel em Portugal","publisher":{"@id":"https:\/\/jornaldasoficinas.com\/pt\/#organization"},"potentialAction":[{"@type":"SearchAction","target":{"@type":"EntryPoint","urlTemplate":"https:\/\/jornaldasoficinas.com\/pt\/?s={search_term_string}"},"query-input":{"@type":"PropertyValueSpecification","valueRequired":true,"valueName":"search_term_string"}}],"inLanguage":"pt-PT"},{"@type":"Organization","@id":"https:\/\/jornaldasoficinas.com\/pt\/#organization","name":"Jornal das Oficinas","url":"https:\/\/jornaldasoficinas.com\/pt\/","logo":{"@type":"ImageObject","inLanguage":"pt-PT","@id":"https:\/\/jornaldasoficinas.com\/pt\/#\/schema\/logo\/image\/","url":"https:\/\/jornaldasoficinas.com\/pt\/wp-content\/uploads\/logoJO-SEO.png","contentUrl":"https:\/\/jornaldasoficinas.com\/pt\/wp-content\/uploads\/logoJO-SEO.png","width":285,"height":450,"caption":"Jornal das Oficinas"},"image":{"@id":"https:\/\/jornaldasoficinas.com\/pt\/#\/schema\/logo\/image\/"},"sameAs":["https:\/\/www.facebook.com\/jornaloficinas","https:\/\/x.com\/jornaloficinas","https:\/\/www.instagram.com\/jornal_oficinas\/","https:\/\/www.linkedin.com\/company\/jornal-das-oficinas\/","https:\/\/www.youtube.com\/channel\/UCbQZBqtcvV-oSQrr7RzINGg"]},{"@type":"Person","@id":"https:\/\/jornaldasoficinas.com\/pt\/#\/schema\/person\/a38eef5de2c41d9e7c9ac10141afddf3","name":"Reda\u00e7\u00e3o JO","image":{"@type":"ImageObject","inLanguage":"pt-PT","@id":"https:\/\/secure.gravatar.com\/avatar\/71f2fa71737ad68a84fea94bc708ddac8ea5b0c4788dc2ad202f3ccb2887742f?s=96&d=wp_user_avatar&r=g","url":"https:\/\/secure.gravatar.com\/avatar\/71f2fa71737ad68a84fea94bc708ddac8ea5b0c4788dc2ad202f3ccb2887742f?s=96&d=wp_user_avatar&r=g","contentUrl":"https:\/\/secure.gravatar.com\/avatar\/71f2fa71737ad68a84fea94bc708ddac8ea5b0c4788dc2ad202f3ccb2887742f?s=96&d=wp_user_avatar&r=g","caption":"Reda\u00e7\u00e3o JO"},"url":"https:\/\/jornaldasoficinas.com\/pt\/author\/joredacao\/"}]}},"_links":{"self":[{"href":"https:\/\/jornaldasoficinas.com\/pt\/wp-json\/wp\/v2\/posts\/93781","targetHints":{"allow":["GET"]}}],"collection":[{"href":"https:\/\/jornaldasoficinas.com\/pt\/wp-json\/wp\/v2\/posts"}],"about":[{"href":"https:\/\/jornaldasoficinas.com\/pt\/wp-json\/wp\/v2\/types\/post"}],"author":[{"embeddable":true,"href":"https:\/\/jornaldasoficinas.com\/pt\/wp-json\/wp\/v2\/users\/15"}],"replies":[{"embeddable":true,"href":"https:\/\/jornaldasoficinas.com\/pt\/wp-json\/wp\/v2\/comments?post=93781"}],"version-history":[{"count":0,"href":"https:\/\/jornaldasoficinas.com\/pt\/wp-json\/wp\/v2\/posts\/93781\/revisions"}],"wp:featuredmedia":[{"embeddable":true,"href":"https:\/\/jornaldasoficinas.com\/pt\/wp-json\/wp\/v2\/media\/93782"}],"wp:attachment":[{"href":"https:\/\/jornaldasoficinas.com\/pt\/wp-json\/wp\/v2\/media?parent=93781"}],"wp:term":[{"taxonomy":"category","embeddable":true,"href":"https:\/\/jornaldasoficinas.com\/pt\/wp-json\/wp\/v2\/categories?post=93781"},{"taxonomy":"post_tag","embeddable":true,"href":"https:\/\/jornaldasoficinas.com\/pt\/wp-json\/wp\/v2\/tags?post=93781"}],"curies":[{"name":"wp","href":"https:\/\/api.w.org\/{rel}","templated":true}]}}