{"id":93808,"date":"2024-11-08T16:00:55","date_gmt":"2024-11-08T16:00:55","guid":{"rendered":"https:\/\/jornaldasoficinas.com\/pt\/?p=93808"},"modified":"2024-11-07T15:11:22","modified_gmt":"2024-11-07T15:11:22","slug":"anecra-debate-principais-desafios-do-setor-na-expomecanica","status":"publish","type":"post","link":"https:\/\/jornaldasoficinas.com\/pt\/anecra-debate-principais-desafios-do-setor-na-expomecanica\/","title":{"rendered":"ANECRA debate principais desafios do setor na expoMEC\u00c2NICA"},"content":{"rendered":"<p><strong><img loading=\"lazy\" decoding=\"async\" class=\"alignnone size-full wp-image-93822\" src=\"https:\/\/jornaldasoficinas.com\/pt\/wp-content\/uploads\/2024\/11\/ANECRA-debate-principais-desafios-do-setor-na-expoMECANICA.jpg\" alt=\"11 - ANECRA debate principais desafios do setor na expoMECANICA\" width=\"1024\" height=\"581\" srcset=\"https:\/\/jornaldasoficinas.com\/pt\/wp-content\/uploads\/2024\/11\/ANECRA-debate-principais-desafios-do-setor-na-expoMECANICA.jpg 1024w, https:\/\/jornaldasoficinas.com\/pt\/wp-content\/uploads\/2024\/11\/ANECRA-debate-principais-desafios-do-setor-na-expoMECANICA-300x170.jpg 300w, https:\/\/jornaldasoficinas.com\/pt\/wp-content\/uploads\/2024\/11\/ANECRA-debate-principais-desafios-do-setor-na-expoMECANICA-150x85.jpg 150w, https:\/\/jornaldasoficinas.com\/pt\/wp-content\/uploads\/2024\/11\/ANECRA-debate-principais-desafios-do-setor-na-expoMECANICA-768x436.jpg 768w\" sizes=\"auto, (max-width: 1024px) 100vw, 1024px\" \/><\/strong><\/p>\n<p><strong>Na <a href=\"https:\/\/expomecanica.pt\/pt\/\" target=\"_blank\" rel=\"noopener\">expoMEC\u00c2NICA<\/a>, a <a href=\"https:\/\/www.anecra.pt\/\" target=\"_blank\" rel=\"noopener\">ANECRA<\/a> ter\u00e1 uma equipa de consultores especializados para responder a quest\u00f5es nas \u00e1reas de gest\u00e3o ambiental, apoio t\u00e9cnico \u00e0 oficina, certificados digitais, entre tantas outras<\/strong><\/p>\n<p>A ANECRA estar\u00e1 presente na ExpoMEC\u00c2NICA, de 8 a 10 de novembro, no Pavilh\u00e3o 2, Stand C16, da Exponor \u2013 Feira Internacional do Porto, para abordar os principais desafios do segmento do p\u00f3s-venda, no setor autom\u00f3vel, com particular incid\u00eancia no neg\u00f3cio das pe\u00e7as<\/p>\n<p>Paralelamente, no espa\u00e7o Demotec, no dia 9 de novembro, a ANECRA realizar\u00e1 um evento, pelas 10h30, que contar\u00e1 com a abertura de Roberto Gaspar, Secret\u00e1rio Geral da ANECRA, seguindo-se de uma apresenta\u00e7\u00e3o de Filipe Teixeira, Diretor de Projetos da ANECRA, pelas 10h40, sobre a certifica\u00e7\u00e3o SERMI, realizada pela ANECRA, atrav\u00e9s de uma parceria exclusiva, que permite \u00e0s oficinas independentes o acesso ao website do fabricante do ve\u00edculo e \u00e0s informa\u00e7\u00f5es relacionadas com a seguran\u00e7a do ve\u00edculo.<\/p>\n<p>Pelas 10h50, ter\u00e1 lugar o debate sob o tema p\u00f3s-venda \u2013 os desafios imediatos da atividade, com foco no neg\u00f3cio das pe\u00e7as, que contar\u00e1 com a modera\u00e7\u00e3o de Roberto Gaspar, Secret\u00e1rio Geral da ANECRA e com a participa\u00e7\u00e3o de Miguel Melo, Administrador do Grupo M Coutinho, Nuno Reis, Member of the Board do 3.0 Innovative After Market Group, Tim\u00f3teo Xavier, Key Account Manager Automotive da Solera Portugal, (Pedro Moura, Director Geral da Aserauto, Daniel Dias, CEO Atena Software e Vitor Pereira, Presidente da Dire\u00e7\u00e3o da ANCAV.<\/p>\n<p>Segundo Roberto Gaspar, Secret\u00e1rio-Geral da ANECRA, &#8220;o objetivo deste encontro \u00e9 debater algumas das quest\u00f5es que julgamos serem da maior relev\u00e2ncia para a atividade do p\u00f3s-venda autom\u00f3vel e muito em particular do neg\u00f3cio das pe\u00e7as, com um conjunto de players de refer\u00eancia deste sector, e que enfrentam atualmente v\u00e1rios desafios num mercado em profunda transforma\u00e7\u00e3o&#8221;.<\/p>\n<p>Na ExpoMEC\u00c2NICA, a ANECRA ter\u00e1 uma equipa de consultores especializados para responder a quest\u00f5es nas \u00e1reas da Gest\u00e3o Ambiental e Apoio T\u00e9cnico \u00e0 Oficina, Apoios Financeiros e Comunit\u00e1rios, Redu\u00e7\u00e3o de Custos Energ\u00e9ticos, Certificados Digitais &#8211; Com\u00e9rcio de Usados, Rentabilidade Garantida Sec\u00e7\u00e3o de Pintura e ainda Informa\u00e7\u00f5es sobre Seguros Obrigat\u00f3rios, Solu\u00e7\u00f5es Flex\u00edveis de Pagamentos e Rede de Oficinas Independentes, entre outras.<\/p>\n<p>Na sua 9\u00aa edi\u00e7\u00e3o, a ExpoMEC\u00c2NICA conta com mais de 200 expositores, sendo que Espanha lidera a representa\u00e7\u00e3o internacional, representando 50% do total das empresas estrangeiras.<\/p>\n","protected":false},"excerpt":{"rendered":"<p>Na expoMEC\u00c2NICA, a ANECRA ter\u00e1 uma&#8230;<\/p>\n","protected":false},"author":15,"featured_media":93822,"comment_status":"closed","ping_status":"closed","sticky":false,"template":"","format":"standard","meta":{"footnotes":""},"categories":[29,4632],"tags":[137,11130,11129,10414,78,1912],"class_list":["post-93808","post","type-post","status-publish","format-standard","has-post-thumbnail","hentry","category-empresas","category-expomecanica","tag-anecra","tag-consultores-especializados","tag-debates","tag-desafios-da-atualidade","tag-expomecanica","tag-pos-venda"],"yoast_head":"<!-- This site is optimized with the Yoast SEO plugin v27.5 - https:\/\/yoast.com\/product\/yoast-seo-wordpress\/ -->\n<title>ANECRA debate principais desafios do setor na expoMEC\u00c2NICA - Jornal das Oficinas<\/title>\n<meta name=\"description\" content=\"Na expoMEC\u00c2NICA, a ANECRA ter\u00e1 uma equipa de consultores especializados para responder a quest\u00f5es de diversas \u00e1reas do p\u00f3s-venda autom\u00f3vel\" \/>\n<meta name=\"robots\" content=\"index, follow, max-snippet:-1, max-image-preview:large, max-video-preview:-1\" \/>\n<link rel=\"canonical\" href=\"https:\/\/jornaldasoficinas.com\/pt\/anecra-debate-principais-desafios-do-setor-na-expomecanica\/\" \/>\n<meta property=\"og:locale\" content=\"pt_PT\" \/>\n<meta property=\"og:type\" content=\"article\" \/>\n<meta property=\"og:title\" content=\"ANECRA debate principais desafios do setor na expoMEC\u00c2NICA - Jornal das Oficinas\" \/>\n<meta property=\"og:description\" content=\"Na expoMEC\u00c2NICA, a ANECRA ter\u00e1 uma equipa de consultores especializados para responder a quest\u00f5es de diversas \u00e1reas do p\u00f3s-venda autom\u00f3vel\" \/>\n<meta property=\"og:url\" content=\"https:\/\/jornaldasoficinas.com\/pt\/anecra-debate-principais-desafios-do-setor-na-expomecanica\/\" \/>\n<meta property=\"og:site_name\" content=\"Jornal das Oficinas\" \/>\n<meta property=\"article:publisher\" content=\"https:\/\/www.facebook.com\/jornaloficinas\" \/>\n<meta property=\"article:published_time\" content=\"2024-11-08T16:00:55+00:00\" \/>\n<meta property=\"og:image\" content=\"https:\/\/jornaldasoficinas.com\/pt\/wp-content\/uploads\/2024\/11\/ANECRA-debate-principais-desafios-do-setor-na-expoMECANICA.jpg\" \/>\n\t<meta property=\"og:image:width\" content=\"1024\" \/>\n\t<meta property=\"og:image:height\" content=\"581\" \/>\n\t<meta property=\"og:image:type\" content=\"image\/jpeg\" \/>\n<meta name=\"author\" content=\"Reda\u00e7\u00e3o JO\" \/>\n<meta name=\"twitter:card\" content=\"summary_large_image\" \/>\n<meta name=\"twitter:creator\" content=\"@jornaloficinas\" \/>\n<meta name=\"twitter:site\" content=\"@jornaloficinas\" \/>\n<meta name=\"twitter:label1\" content=\"Escrito por\" \/>\n\t<meta name=\"twitter:data1\" content=\"Reda\u00e7\u00e3o JO\" \/>\n\t<meta name=\"twitter:label2\" content=\"Tempo estimado de leitura\" \/>\n\t<meta name=\"twitter:data2\" content=\"3 minutos\" \/>\n<script type=\"application\/ld+json\" class=\"yoast-schema-graph\">{\"@context\":\"https:\\\/\\\/schema.org\",\"@graph\":[{\"@type\":\"Article\",\"@id\":\"https:\\\/\\\/jornaldasoficinas.com\\\/pt\\\/anecra-debate-principais-desafios-do-setor-na-expomecanica\\\/#article\",\"isPartOf\":{\"@id\":\"https:\\\/\\\/jornaldasoficinas.com\\\/pt\\\/anecra-debate-principais-desafios-do-setor-na-expomecanica\\\/\"},\"author\":{\"name\":\"Reda\u00e7\u00e3o JO\",\"@id\":\"https:\\\/\\\/jornaldasoficinas.com\\\/pt\\\/#\\\/schema\\\/person\\\/a38eef5de2c41d9e7c9ac10141afddf3\"},\"headline\":\"ANECRA debate principais desafios do setor na expoMEC\u00c2NICA\",\"datePublished\":\"2024-11-08T16:00:55+00:00\",\"mainEntityOfPage\":{\"@id\":\"https:\\\/\\\/jornaldasoficinas.com\\\/pt\\\/anecra-debate-principais-desafios-do-setor-na-expomecanica\\\/\"},\"wordCount\":424,\"publisher\":{\"@id\":\"https:\\\/\\\/jornaldasoficinas.com\\\/pt\\\/#organization\"},\"image\":{\"@id\":\"https:\\\/\\\/jornaldasoficinas.com\\\/pt\\\/anecra-debate-principais-desafios-do-setor-na-expomecanica\\\/#primaryimage\"},\"thumbnailUrl\":\"https:\\\/\\\/jornaldasoficinas.com\\\/pt\\\/wp-content\\\/uploads\\\/2024\\\/11\\\/ANECRA-debate-principais-desafios-do-setor-na-expoMECANICA.jpg\",\"keywords\":[\"ANECRA\",\"consultores especializados\",\"debates\",\"desafios da atualidade\",\"expoMEC\u00c2NICA\",\"P\u00f3s-venda\"],\"articleSection\":[\"Empresas\",\"expoMEC\u00c2NICA\"],\"inLanguage\":\"pt-PT\"},{\"@type\":\"WebPage\",\"@id\":\"https:\\\/\\\/jornaldasoficinas.com\\\/pt\\\/anecra-debate-principais-desafios-do-setor-na-expomecanica\\\/\",\"url\":\"https:\\\/\\\/jornaldasoficinas.com\\\/pt\\\/anecra-debate-principais-desafios-do-setor-na-expomecanica\\\/\",\"name\":\"ANECRA debate principais desafios do setor na expoMEC\u00c2NICA - Jornal das Oficinas\",\"isPartOf\":{\"@id\":\"https:\\\/\\\/jornaldasoficinas.com\\\/pt\\\/#website\"},\"primaryImageOfPage\":{\"@id\":\"https:\\\/\\\/jornaldasoficinas.com\\\/pt\\\/anecra-debate-principais-desafios-do-setor-na-expomecanica\\\/#primaryimage\"},\"image\":{\"@id\":\"https:\\\/\\\/jornaldasoficinas.com\\\/pt\\\/anecra-debate-principais-desafios-do-setor-na-expomecanica\\\/#primaryimage\"},\"thumbnailUrl\":\"https:\\\/\\\/jornaldasoficinas.com\\\/pt\\\/wp-content\\\/uploads\\\/2024\\\/11\\\/ANECRA-debate-principais-desafios-do-setor-na-expoMECANICA.jpg\",\"datePublished\":\"2024-11-08T16:00:55+00:00\",\"description\":\"Na expoMEC\u00c2NICA, a ANECRA ter\u00e1 uma equipa de consultores especializados para responder a quest\u00f5es de diversas \u00e1reas do p\u00f3s-venda autom\u00f3vel\",\"breadcrumb\":{\"@id\":\"https:\\\/\\\/jornaldasoficinas.com\\\/pt\\\/anecra-debate-principais-desafios-do-setor-na-expomecanica\\\/#breadcrumb\"},\"inLanguage\":\"pt-PT\",\"potentialAction\":[{\"@type\":\"ReadAction\",\"target\":[\"https:\\\/\\\/jornaldasoficinas.com\\\/pt\\\/anecra-debate-principais-desafios-do-setor-na-expomecanica\\\/\"]}]},{\"@type\":\"ImageObject\",\"inLanguage\":\"pt-PT\",\"@id\":\"https:\\\/\\\/jornaldasoficinas.com\\\/pt\\\/anecra-debate-principais-desafios-do-setor-na-expomecanica\\\/#primaryimage\",\"url\":\"https:\\\/\\\/jornaldasoficinas.com\\\/pt\\\/wp-content\\\/uploads\\\/2024\\\/11\\\/ANECRA-debate-principais-desafios-do-setor-na-expoMECANICA.jpg\",\"contentUrl\":\"https:\\\/\\\/jornaldasoficinas.com\\\/pt\\\/wp-content\\\/uploads\\\/2024\\\/11\\\/ANECRA-debate-principais-desafios-do-setor-na-expoMECANICA.jpg\",\"width\":1024,\"height\":581,\"caption\":\"11 - ANECRA debate principais desafios do setor na expoMECANICA\"},{\"@type\":\"BreadcrumbList\",\"@id\":\"https:\\\/\\\/jornaldasoficinas.com\\\/pt\\\/anecra-debate-principais-desafios-do-setor-na-expomecanica\\\/#breadcrumb\",\"itemListElement\":[{\"@type\":\"ListItem\",\"position\":1,\"name\":\"In\u00edcio\",\"item\":\"https:\\\/\\\/jornaldasoficinas.com\\\/pt\\\/\"},{\"@type\":\"ListItem\",\"position\":2,\"name\":\"ANECRA debate principais desafios do setor na expoMEC\u00c2NICA\"}]},{\"@type\":\"WebSite\",\"@id\":\"https:\\\/\\\/jornaldasoficinas.com\\\/pt\\\/#website\",\"url\":\"https:\\\/\\\/jornaldasoficinas.com\\\/pt\\\/\",\"name\":\"Jornal das Oficinas\",\"description\":\"Jornal independente do Aftermarket Autom\u00f3vel em Portugal\",\"publisher\":{\"@id\":\"https:\\\/\\\/jornaldasoficinas.com\\\/pt\\\/#organization\"},\"potentialAction\":[{\"@type\":\"SearchAction\",\"target\":{\"@type\":\"EntryPoint\",\"urlTemplate\":\"https:\\\/\\\/jornaldasoficinas.com\\\/pt\\\/?s={search_term_string}\"},\"query-input\":{\"@type\":\"PropertyValueSpecification\",\"valueRequired\":true,\"valueName\":\"search_term_string\"}}],\"inLanguage\":\"pt-PT\"},{\"@type\":\"Organization\",\"@id\":\"https:\\\/\\\/jornaldasoficinas.com\\\/pt\\\/#organization\",\"name\":\"Jornal das Oficinas\",\"url\":\"https:\\\/\\\/jornaldasoficinas.com\\\/pt\\\/\",\"logo\":{\"@type\":\"ImageObject\",\"inLanguage\":\"pt-PT\",\"@id\":\"https:\\\/\\\/jornaldasoficinas.com\\\/pt\\\/#\\\/schema\\\/logo\\\/image\\\/\",\"url\":\"https:\\\/\\\/jornaldasoficinas.com\\\/pt\\\/wp-content\\\/uploads\\\/logoJO-SEO.png\",\"contentUrl\":\"https:\\\/\\\/jornaldasoficinas.com\\\/pt\\\/wp-content\\\/uploads\\\/logoJO-SEO.png\",\"width\":285,\"height\":450,\"caption\":\"Jornal das Oficinas\"},\"image\":{\"@id\":\"https:\\\/\\\/jornaldasoficinas.com\\\/pt\\\/#\\\/schema\\\/logo\\\/image\\\/\"},\"sameAs\":[\"https:\\\/\\\/www.facebook.com\\\/jornaloficinas\",\"https:\\\/\\\/x.com\\\/jornaloficinas\",\"https:\\\/\\\/www.instagram.com\\\/jornal_oficinas\\\/\",\"https:\\\/\\\/www.linkedin.com\\\/company\\\/jornal-das-oficinas\\\/\",\"https:\\\/\\\/www.youtube.com\\\/channel\\\/UCbQZBqtcvV-oSQrr7RzINGg\"]},{\"@type\":\"Person\",\"@id\":\"https:\\\/\\\/jornaldasoficinas.com\\\/pt\\\/#\\\/schema\\\/person\\\/a38eef5de2c41d9e7c9ac10141afddf3\",\"name\":\"Reda\u00e7\u00e3o JO\",\"image\":{\"@type\":\"ImageObject\",\"inLanguage\":\"pt-PT\",\"@id\":\"https:\\\/\\\/secure.gravatar.com\\\/avatar\\\/71f2fa71737ad68a84fea94bc708ddac8ea5b0c4788dc2ad202f3ccb2887742f?s=96&d=wp_user_avatar&r=g\",\"url\":\"https:\\\/\\\/secure.gravatar.com\\\/avatar\\\/71f2fa71737ad68a84fea94bc708ddac8ea5b0c4788dc2ad202f3ccb2887742f?s=96&d=wp_user_avatar&r=g\",\"contentUrl\":\"https:\\\/\\\/secure.gravatar.com\\\/avatar\\\/71f2fa71737ad68a84fea94bc708ddac8ea5b0c4788dc2ad202f3ccb2887742f?s=96&d=wp_user_avatar&r=g\",\"caption\":\"Reda\u00e7\u00e3o JO\"},\"url\":\"https:\\\/\\\/jornaldasoficinas.com\\\/pt\\\/author\\\/joredacao\\\/\"}]}<\/script>\n<!-- \/ Yoast SEO plugin. -->","yoast_head_json":{"title":"ANECRA debate principais desafios do setor na expoMEC\u00c2NICA - Jornal das Oficinas","description":"Na expoMEC\u00c2NICA, a ANECRA ter\u00e1 uma equipa de consultores especializados para responder a quest\u00f5es de diversas \u00e1reas do p\u00f3s-venda autom\u00f3vel","robots":{"index":"index","follow":"follow","max-snippet":"max-snippet:-1","max-image-preview":"max-image-preview:large","max-video-preview":"max-video-preview:-1"},"canonical":"https:\/\/jornaldasoficinas.com\/pt\/anecra-debate-principais-desafios-do-setor-na-expomecanica\/","og_locale":"pt_PT","og_type":"article","og_title":"ANECRA debate principais desafios do setor na expoMEC\u00c2NICA - Jornal das Oficinas","og_description":"Na expoMEC\u00c2NICA, a ANECRA ter\u00e1 uma equipa de consultores especializados para responder a quest\u00f5es de diversas \u00e1reas do p\u00f3s-venda autom\u00f3vel","og_url":"https:\/\/jornaldasoficinas.com\/pt\/anecra-debate-principais-desafios-do-setor-na-expomecanica\/","og_site_name":"Jornal das Oficinas","article_publisher":"https:\/\/www.facebook.com\/jornaloficinas","article_published_time":"2024-11-08T16:00:55+00:00","og_image":[{"width":1024,"height":581,"url":"https:\/\/jornaldasoficinas.com\/pt\/wp-content\/uploads\/2024\/11\/ANECRA-debate-principais-desafios-do-setor-na-expoMECANICA.jpg","type":"image\/jpeg"}],"author":"Reda\u00e7\u00e3o JO","twitter_card":"summary_large_image","twitter_creator":"@jornaloficinas","twitter_site":"@jornaloficinas","twitter_misc":{"Escrito por":"Reda\u00e7\u00e3o JO","Tempo estimado de leitura":"3 minutos"},"schema":{"@context":"https:\/\/schema.org","@graph":[{"@type":"Article","@id":"https:\/\/jornaldasoficinas.com\/pt\/anecra-debate-principais-desafios-do-setor-na-expomecanica\/#article","isPartOf":{"@id":"https:\/\/jornaldasoficinas.com\/pt\/anecra-debate-principais-desafios-do-setor-na-expomecanica\/"},"author":{"name":"Reda\u00e7\u00e3o JO","@id":"https:\/\/jornaldasoficinas.com\/pt\/#\/schema\/person\/a38eef5de2c41d9e7c9ac10141afddf3"},"headline":"ANECRA debate principais desafios do setor na expoMEC\u00c2NICA","datePublished":"2024-11-08T16:00:55+00:00","mainEntityOfPage":{"@id":"https:\/\/jornaldasoficinas.com\/pt\/anecra-debate-principais-desafios-do-setor-na-expomecanica\/"},"wordCount":424,"publisher":{"@id":"https:\/\/jornaldasoficinas.com\/pt\/#organization"},"image":{"@id":"https:\/\/jornaldasoficinas.com\/pt\/anecra-debate-principais-desafios-do-setor-na-expomecanica\/#primaryimage"},"thumbnailUrl":"https:\/\/jornaldasoficinas.com\/pt\/wp-content\/uploads\/2024\/11\/ANECRA-debate-principais-desafios-do-setor-na-expoMECANICA.jpg","keywords":["ANECRA","consultores especializados","debates","desafios da atualidade","expoMEC\u00c2NICA","P\u00f3s-venda"],"articleSection":["Empresas","expoMEC\u00c2NICA"],"inLanguage":"pt-PT"},{"@type":"WebPage","@id":"https:\/\/jornaldasoficinas.com\/pt\/anecra-debate-principais-desafios-do-setor-na-expomecanica\/","url":"https:\/\/jornaldasoficinas.com\/pt\/anecra-debate-principais-desafios-do-setor-na-expomecanica\/","name":"ANECRA debate principais desafios do setor na expoMEC\u00c2NICA - Jornal das Oficinas","isPartOf":{"@id":"https:\/\/jornaldasoficinas.com\/pt\/#website"},"primaryImageOfPage":{"@id":"https:\/\/jornaldasoficinas.com\/pt\/anecra-debate-principais-desafios-do-setor-na-expomecanica\/#primaryimage"},"image":{"@id":"https:\/\/jornaldasoficinas.com\/pt\/anecra-debate-principais-desafios-do-setor-na-expomecanica\/#primaryimage"},"thumbnailUrl":"https:\/\/jornaldasoficinas.com\/pt\/wp-content\/uploads\/2024\/11\/ANECRA-debate-principais-desafios-do-setor-na-expoMECANICA.jpg","datePublished":"2024-11-08T16:00:55+00:00","description":"Na expoMEC\u00c2NICA, a ANECRA ter\u00e1 uma equipa de consultores especializados para responder a quest\u00f5es de diversas \u00e1reas do p\u00f3s-venda autom\u00f3vel","breadcrumb":{"@id":"https:\/\/jornaldasoficinas.com\/pt\/anecra-debate-principais-desafios-do-setor-na-expomecanica\/#breadcrumb"},"inLanguage":"pt-PT","potentialAction":[{"@type":"ReadAction","target":["https:\/\/jornaldasoficinas.com\/pt\/anecra-debate-principais-desafios-do-setor-na-expomecanica\/"]}]},{"@type":"ImageObject","inLanguage":"pt-PT","@id":"https:\/\/jornaldasoficinas.com\/pt\/anecra-debate-principais-desafios-do-setor-na-expomecanica\/#primaryimage","url":"https:\/\/jornaldasoficinas.com\/pt\/wp-content\/uploads\/2024\/11\/ANECRA-debate-principais-desafios-do-setor-na-expoMECANICA.jpg","contentUrl":"https:\/\/jornaldasoficinas.com\/pt\/wp-content\/uploads\/2024\/11\/ANECRA-debate-principais-desafios-do-setor-na-expoMECANICA.jpg","width":1024,"height":581,"caption":"11 - ANECRA debate principais desafios do setor na expoMECANICA"},{"@type":"BreadcrumbList","@id":"https:\/\/jornaldasoficinas.com\/pt\/anecra-debate-principais-desafios-do-setor-na-expomecanica\/#breadcrumb","itemListElement":[{"@type":"ListItem","position":1,"name":"In\u00edcio","item":"https:\/\/jornaldasoficinas.com\/pt\/"},{"@type":"ListItem","position":2,"name":"ANECRA debate principais desafios do setor na expoMEC\u00c2NICA"}]},{"@type":"WebSite","@id":"https:\/\/jornaldasoficinas.com\/pt\/#website","url":"https:\/\/jornaldasoficinas.com\/pt\/","name":"Jornal das Oficinas","description":"Jornal independente do Aftermarket Autom\u00f3vel em Portugal","publisher":{"@id":"https:\/\/jornaldasoficinas.com\/pt\/#organization"},"potentialAction":[{"@type":"SearchAction","target":{"@type":"EntryPoint","urlTemplate":"https:\/\/jornaldasoficinas.com\/pt\/?s={search_term_string}"},"query-input":{"@type":"PropertyValueSpecification","valueRequired":true,"valueName":"search_term_string"}}],"inLanguage":"pt-PT"},{"@type":"Organization","@id":"https:\/\/jornaldasoficinas.com\/pt\/#organization","name":"Jornal das Oficinas","url":"https:\/\/jornaldasoficinas.com\/pt\/","logo":{"@type":"ImageObject","inLanguage":"pt-PT","@id":"https:\/\/jornaldasoficinas.com\/pt\/#\/schema\/logo\/image\/","url":"https:\/\/jornaldasoficinas.com\/pt\/wp-content\/uploads\/logoJO-SEO.png","contentUrl":"https:\/\/jornaldasoficinas.com\/pt\/wp-content\/uploads\/logoJO-SEO.png","width":285,"height":450,"caption":"Jornal das Oficinas"},"image":{"@id":"https:\/\/jornaldasoficinas.com\/pt\/#\/schema\/logo\/image\/"},"sameAs":["https:\/\/www.facebook.com\/jornaloficinas","https:\/\/x.com\/jornaloficinas","https:\/\/www.instagram.com\/jornal_oficinas\/","https:\/\/www.linkedin.com\/company\/jornal-das-oficinas\/","https:\/\/www.youtube.com\/channel\/UCbQZBqtcvV-oSQrr7RzINGg"]},{"@type":"Person","@id":"https:\/\/jornaldasoficinas.com\/pt\/#\/schema\/person\/a38eef5de2c41d9e7c9ac10141afddf3","name":"Reda\u00e7\u00e3o JO","image":{"@type":"ImageObject","inLanguage":"pt-PT","@id":"https:\/\/secure.gravatar.com\/avatar\/71f2fa71737ad68a84fea94bc708ddac8ea5b0c4788dc2ad202f3ccb2887742f?s=96&d=wp_user_avatar&r=g","url":"https:\/\/secure.gravatar.com\/avatar\/71f2fa71737ad68a84fea94bc708ddac8ea5b0c4788dc2ad202f3ccb2887742f?s=96&d=wp_user_avatar&r=g","contentUrl":"https:\/\/secure.gravatar.com\/avatar\/71f2fa71737ad68a84fea94bc708ddac8ea5b0c4788dc2ad202f3ccb2887742f?s=96&d=wp_user_avatar&r=g","caption":"Reda\u00e7\u00e3o JO"},"url":"https:\/\/jornaldasoficinas.com\/pt\/author\/joredacao\/"}]}},"_links":{"self":[{"href":"https:\/\/jornaldasoficinas.com\/pt\/wp-json\/wp\/v2\/posts\/93808","targetHints":{"allow":["GET"]}}],"collection":[{"href":"https:\/\/jornaldasoficinas.com\/pt\/wp-json\/wp\/v2\/posts"}],"about":[{"href":"https:\/\/jornaldasoficinas.com\/pt\/wp-json\/wp\/v2\/types\/post"}],"author":[{"embeddable":true,"href":"https:\/\/jornaldasoficinas.com\/pt\/wp-json\/wp\/v2\/users\/15"}],"replies":[{"embeddable":true,"href":"https:\/\/jornaldasoficinas.com\/pt\/wp-json\/wp\/v2\/comments?post=93808"}],"version-history":[{"count":0,"href":"https:\/\/jornaldasoficinas.com\/pt\/wp-json\/wp\/v2\/posts\/93808\/revisions"}],"wp:featuredmedia":[{"embeddable":true,"href":"https:\/\/jornaldasoficinas.com\/pt\/wp-json\/wp\/v2\/media\/93822"}],"wp:attachment":[{"href":"https:\/\/jornaldasoficinas.com\/pt\/wp-json\/wp\/v2\/media?parent=93808"}],"wp:term":[{"taxonomy":"category","embeddable":true,"href":"https:\/\/jornaldasoficinas.com\/pt\/wp-json\/wp\/v2\/categories?post=93808"},{"taxonomy":"post_tag","embeddable":true,"href":"https:\/\/jornaldasoficinas.com\/pt\/wp-json\/wp\/v2\/tags?post=93808"}],"curies":[{"name":"wp","href":"https:\/\/api.w.org\/{rel}","templated":true}]}}