{"id":93824,"date":"2024-11-08T17:00:21","date_gmt":"2024-11-08T17:00:21","guid":{"rendered":"https:\/\/jornaldasoficinas.com\/pt\/?p=93824"},"modified":"2024-11-07T15:29:27","modified_gmt":"2024-11-07T15:29:27","slug":"soc-com-c-santos-procura-de-talentos-na-expomecanica","status":"publish","type":"post","link":"https:\/\/jornaldasoficinas.com\/pt\/soc-com-c-santos-procura-de-talentos-na-expomecanica\/","title":{"rendered":"Soc. Com. C. Santos procura talentos na expoMEC\u00c2NICA"},"content":{"rendered":"<p><strong><img loading=\"lazy\" decoding=\"async\" class=\"alignnone size-full wp-image-93827\" src=\"https:\/\/jornaldasoficinas.com\/pt\/wp-content\/uploads\/2024\/11\/Soc.-Com.-C.-Santos-procura-de-talentos-na-expoMECANICA.jpg\" alt=\"11 - Soc. Com. C. Santos procura de talentos na expoMECANICA\" width=\"1024\" height=\"581\" srcset=\"https:\/\/jornaldasoficinas.com\/pt\/wp-content\/uploads\/2024\/11\/Soc.-Com.-C.-Santos-procura-de-talentos-na-expoMECANICA.jpg 1024w, https:\/\/jornaldasoficinas.com\/pt\/wp-content\/uploads\/2024\/11\/Soc.-Com.-C.-Santos-procura-de-talentos-na-expoMECANICA-300x170.jpg 300w, https:\/\/jornaldasoficinas.com\/pt\/wp-content\/uploads\/2024\/11\/Soc.-Com.-C.-Santos-procura-de-talentos-na-expoMECANICA-150x85.jpg 150w, https:\/\/jornaldasoficinas.com\/pt\/wp-content\/uploads\/2024\/11\/Soc.-Com.-C.-Santos-procura-de-talentos-na-expoMECANICA-768x436.jpg 768w\" sizes=\"auto, (max-width: 1024px) 100vw, 1024px\" \/><\/strong><\/p>\n<p><strong>Na edi\u00e7\u00e3o deste ano, a <a href=\"https:\/\/www.soccsantos.pt\/\" target=\"_blank\" rel=\"noopener\">Sociedade Comercial C. Santos<\/a> estar\u00e1 \u00e0 procura de novos talentos na \u00e1rea oficinal, colocando \u00e0 prova os conhecimentos dos visitantes. Al\u00e9m disso, voltar\u00e1 a ser parceira e j\u00fari da grande final da competi\u00e7\u00e3o Melhor Mecatr\u00f3nico<\/strong><\/p>\n<p>A Sociedade Comercial C. Santos vai estrear na <a href=\"https:\/\/expomecanica.pt\/pt\/\" target=\"_blank\" rel=\"noopener\">expoMEC\u00c2NICA<\/a> (pavilh\u00e3o 2, stand D16) a assinatura SOC Talent, criada com o intuito de atrair os melhores recursos humanos. Nesse sentido, o representante Mercedes-Benz e smart vai desafiar os profissionais do setor a colocarem os seus conhecimentos \u00e0 prova nas \u00e1reas de mec\u00e2nica, el\u00e9trica, pintura e chapa. Quem responder acertadamente \u00e0s perguntas do Quiz, focadas, precisamente, nas \u00e1reas em que a Sociedade Comercial C. Santos pretende refor\u00e7ar a equipa, habilita-se a ganhar um fim de semana \u00e0 escolha em Portugal para duas pessoas (alojamento de uma noite em hotel) ao volante de um Mercedes-Benz.<\/p>\n<p>A presen\u00e7a da Melhor Oficina Mercedes-Benz em Portugal (ligeiros de passageiros e comerciais ligeiros) na expoMEC\u00c2NICA 2024 n\u00e3o se fica pela procura de talento, mas tamb\u00e9m por promover a capacita\u00e7\u00e3o dos profissionais.<\/p>\n<p>\u00c9 que a Sociedade Comercial C. Santos \u00e9 um dos parceiros da final da competi\u00e7\u00e3o Melhor Mecatr\u00f3nico, que se realiza durante o evento. A prova \u00e9 organizada pelo Jornal das Oficinas e em 2024 tem o <a href=\"https:\/\/www.cepra.pt\/\" target=\"_blank\" rel=\"noopener\">CEPRA<\/a> \u2013 Centro de Forma\u00e7\u00e3o Profissional da Repara\u00e7\u00e3o Autom\u00f3vel como novo parceiro. A Sociedade Comercial C. Santos \u00e9 parceira da competi\u00e7\u00e3o com a ced\u00eancia de duas viaturas Mercedes-Benz que ser\u00e3o utilizadas na prova e com presen\u00e7a no j\u00fari de Tiago Garc\u00eas, t\u00e9cnico de diagn\u00f3sticos do representante Mercedes-Benz.<\/p>\n<p><strong>Qualidade \u00e9 vis\u00e3o estrat\u00e9gica da empresa<\/strong><\/p>\n<p>&#8220;A capta\u00e7\u00e3o de talentos \u2013 al\u00e9m da reten\u00e7\u00e3o \u2013 \u00e9 muito importante para todas as empresas do setor autom\u00f3vel e a Sociedade Comercial C. Santos n\u00e3o \u00e9 diferente. Estarmos num evento t\u00e3o importante para o setor oficinal e poder contactar com os melhores recursos humanos ao mesmo tempo que estreamos assinatura SOC Talent, criada com o intuito de atrair os melhores profissionais, \u00e9 muito interessante para n\u00f3s&#8221;, referiu o diretor de recursos humanos da Sociedade Comercial C. Santos, S\u00e9rgio Pinto.<\/p>\n<p>&#8220;A expoMEC\u00c2NICA \u00e9 um evento com uma enorme express\u00e3o no setor do p\u00f3s-venda autom\u00f3vel. A Sociedade Comercial C. Santos, que foi considerada, recentemente, pela Mercedes-Benz Portugal a melhor oficina Mercedes-Benz Cars e Mercedes-Benz Vans no nosso pa\u00eds, procura atrair os melhores profissionais e \u00e9 com esse objetivo que estaremos no evento. Como fator adicional, \u00e9 um orgulho sermos parceiros e membro do j\u00fari da competi\u00e7\u00e3o<br \/>\nMelhor Mecatr\u00f3nico, que decorre, na Exponor, em simult\u00e2neo \u00e0 feira&#8221;, salientou, por sua vez, o diretor de Customer Services da Sociedade Comercial C. Santos, V\u00edtor Ferreira.<\/p>\n<p><strong>Maior evento do setor Ib\u00e9rico<\/strong><\/p>\n<p>A expoMEC\u00c2NICA \u2013 Sal\u00e3o de Equipamentos, Servi\u00e7os e Pe\u00e7as Auto vai para a nona edi\u00e7\u00e3o e assume-se como a maior feira do ap\u00f3s-venda autom\u00f3vel em Portugal. O certame, que tem lugar na Exponor de 8 a 10 de novembro, \u00e9 montra para todo o setor a n\u00edvel ib\u00e9rico e \u00e9 um ponto de encontro de empresas e profissionais da fileira.<\/p>\n<p>Na \u00faltima edi\u00e7\u00e3o teve quase 20 mil visitantes e 283 expositores. Em 2024, o evento (que passou a bienal) ter\u00e1 quase 300 expositores, mais de 85 dos quais internacionais, oriundos de 13 pa\u00edses. A maior comitiva vem de Espanha (40 empresas), mas conta igualmente com delega\u00e7\u00f5es empresariais de It\u00e1lia, Fran\u00e7a, Luxemburgo, Turquia, Alemanha, Pa\u00edses Baixos, Pol\u00f3nia, China, Israel, Reino Unido, Emirados \u00c1rabes Unidos e Coreia do Sul.<\/p>\n<p>Um dos eventos paralelos da expoMEC\u00c2NICA \u00e9 a final da competi\u00e7\u00e3o Melhor Mecatr\u00f3nico 2024. Todos os visitantes ter\u00e3o oportunidade de ver ao vivo o desempenho dos concorrentes. Depois da parte te\u00f3rica, os tr\u00eas dias de final na Exponor ser\u00e3o reservados para os oito finalistas realizarem as provas pr\u00e1ticas.<\/p>\n<p>Nas provas, elaboradas pela equipa de formadores do CEPRA ser\u00e3o introduzidas anomalias nos ve\u00edculos, que ter\u00e3o de ser detetadas e resolvidas pelos concorrentes. A competi\u00e7\u00e3o Melhor Mecatr\u00f3nico, j\u00e1 na sexta edi\u00e7\u00e3o, encontra-se consolidada no setor da repara\u00e7\u00e3o autom\u00f3vel.<\/p>\n","protected":false},"excerpt":{"rendered":"<p>Na edi\u00e7\u00e3o deste ano, a Sociedade&#8230;<\/p>\n","protected":false},"author":15,"featured_media":93827,"comment_status":"closed","ping_status":"closed","sticky":false,"template":"","format":"standard","meta":{"footnotes":""},"categories":[29,4632],"tags":[11132,141,78,726,11131,8885],"class_list":["post-93824","post","type-post","status-publish","format-standard","has-post-thumbnail","hentry","category-empresas","category-expomecanica","tag-assinatura-soc-talent","tag-cepra","tag-expomecanica","tag-melhor-mecatronico","tag-novos-talentos","tag-soc-com-c-santos"],"yoast_head":"<!-- This site is optimized with the Yoast SEO plugin v27.5 - https:\/\/yoast.com\/product\/yoast-seo-wordpress\/ -->\n<title>Soc. Com. C. Santos procura talentos na expoMEC\u00c2NICA - Jornal das Oficinas<\/title>\n<meta name=\"description\" content=\"Na edi\u00e7\u00e3o deste ano, a Soc. Com. C. Santos estar\u00e1 \u00e0 procura de talentos na \u00e1rea oficinal, colocando \u00e0 prova os conhecimentos dos visitantes\" \/>\n<meta name=\"robots\" content=\"index, follow, max-snippet:-1, max-image-preview:large, max-video-preview:-1\" \/>\n<link rel=\"canonical\" href=\"https:\/\/jornaldasoficinas.com\/pt\/soc-com-c-santos-procura-de-talentos-na-expomecanica\/\" \/>\n<meta property=\"og:locale\" content=\"pt_PT\" \/>\n<meta property=\"og:type\" content=\"article\" \/>\n<meta property=\"og:title\" content=\"Soc. Com. C. Santos procura talentos na expoMEC\u00c2NICA - Jornal das Oficinas\" \/>\n<meta property=\"og:description\" content=\"Na edi\u00e7\u00e3o deste ano, a Soc. Com. C. Santos estar\u00e1 \u00e0 procura de talentos na \u00e1rea oficinal, colocando \u00e0 prova os conhecimentos dos visitantes\" \/>\n<meta property=\"og:url\" content=\"https:\/\/jornaldasoficinas.com\/pt\/soc-com-c-santos-procura-de-talentos-na-expomecanica\/\" \/>\n<meta property=\"og:site_name\" content=\"Jornal das Oficinas\" \/>\n<meta property=\"article:publisher\" content=\"https:\/\/www.facebook.com\/jornaloficinas\" \/>\n<meta property=\"article:published_time\" content=\"2024-11-08T17:00:21+00:00\" \/>\n<meta property=\"og:image\" content=\"https:\/\/jornaldasoficinas.com\/pt\/wp-content\/uploads\/2024\/11\/Soc.-Com.-C.-Santos-procura-de-talentos-na-expoMECANICA.jpg\" \/>\n\t<meta property=\"og:image:width\" content=\"1024\" \/>\n\t<meta property=\"og:image:height\" content=\"581\" \/>\n\t<meta property=\"og:image:type\" content=\"image\/jpeg\" \/>\n<meta name=\"author\" content=\"Reda\u00e7\u00e3o JO\" \/>\n<meta name=\"twitter:card\" content=\"summary_large_image\" \/>\n<meta name=\"twitter:creator\" content=\"@jornaloficinas\" \/>\n<meta name=\"twitter:site\" content=\"@jornaloficinas\" \/>\n<meta name=\"twitter:label1\" content=\"Escrito por\" \/>\n\t<meta name=\"twitter:data1\" content=\"Reda\u00e7\u00e3o JO\" \/>\n\t<meta name=\"twitter:label2\" content=\"Tempo estimado de leitura\" \/>\n\t<meta name=\"twitter:data2\" content=\"4 minutos\" \/>\n<script type=\"application\/ld+json\" class=\"yoast-schema-graph\">{\"@context\":\"https:\\\/\\\/schema.org\",\"@graph\":[{\"@type\":\"Article\",\"@id\":\"https:\\\/\\\/jornaldasoficinas.com\\\/pt\\\/soc-com-c-santos-procura-de-talentos-na-expomecanica\\\/#article\",\"isPartOf\":{\"@id\":\"https:\\\/\\\/jornaldasoficinas.com\\\/pt\\\/soc-com-c-santos-procura-de-talentos-na-expomecanica\\\/\"},\"author\":{\"name\":\"Reda\u00e7\u00e3o JO\",\"@id\":\"https:\\\/\\\/jornaldasoficinas.com\\\/pt\\\/#\\\/schema\\\/person\\\/a38eef5de2c41d9e7c9ac10141afddf3\"},\"headline\":\"Soc. Com. C. Santos procura talentos na expoMEC\u00c2NICA\",\"datePublished\":\"2024-11-08T17:00:21+00:00\",\"mainEntityOfPage\":{\"@id\":\"https:\\\/\\\/jornaldasoficinas.com\\\/pt\\\/soc-com-c-santos-procura-de-talentos-na-expomecanica\\\/\"},\"wordCount\":706,\"publisher\":{\"@id\":\"https:\\\/\\\/jornaldasoficinas.com\\\/pt\\\/#organization\"},\"image\":{\"@id\":\"https:\\\/\\\/jornaldasoficinas.com\\\/pt\\\/soc-com-c-santos-procura-de-talentos-na-expomecanica\\\/#primaryimage\"},\"thumbnailUrl\":\"https:\\\/\\\/jornaldasoficinas.com\\\/pt\\\/wp-content\\\/uploads\\\/2024\\\/11\\\/Soc.-Com.-C.-Santos-procura-de-talentos-na-expoMECANICA.jpg\",\"keywords\":[\"assinatura SOC Talent\",\"CEPRA\",\"expoMEC\u00c2NICA\",\"Melhor Mecatr\u00f3nico\",\"novos talentos\",\"Soc. Com. C. Santos\"],\"articleSection\":[\"Empresas\",\"expoMEC\u00c2NICA\"],\"inLanguage\":\"pt-PT\"},{\"@type\":\"WebPage\",\"@id\":\"https:\\\/\\\/jornaldasoficinas.com\\\/pt\\\/soc-com-c-santos-procura-de-talentos-na-expomecanica\\\/\",\"url\":\"https:\\\/\\\/jornaldasoficinas.com\\\/pt\\\/soc-com-c-santos-procura-de-talentos-na-expomecanica\\\/\",\"name\":\"Soc. Com. C. Santos procura talentos na expoMEC\u00c2NICA - Jornal das Oficinas\",\"isPartOf\":{\"@id\":\"https:\\\/\\\/jornaldasoficinas.com\\\/pt\\\/#website\"},\"primaryImageOfPage\":{\"@id\":\"https:\\\/\\\/jornaldasoficinas.com\\\/pt\\\/soc-com-c-santos-procura-de-talentos-na-expomecanica\\\/#primaryimage\"},\"image\":{\"@id\":\"https:\\\/\\\/jornaldasoficinas.com\\\/pt\\\/soc-com-c-santos-procura-de-talentos-na-expomecanica\\\/#primaryimage\"},\"thumbnailUrl\":\"https:\\\/\\\/jornaldasoficinas.com\\\/pt\\\/wp-content\\\/uploads\\\/2024\\\/11\\\/Soc.-Com.-C.-Santos-procura-de-talentos-na-expoMECANICA.jpg\",\"datePublished\":\"2024-11-08T17:00:21+00:00\",\"description\":\"Na edi\u00e7\u00e3o deste ano, a Soc. Com. C. Santos estar\u00e1 \u00e0 procura de talentos na \u00e1rea oficinal, colocando \u00e0 prova os conhecimentos dos visitantes\",\"breadcrumb\":{\"@id\":\"https:\\\/\\\/jornaldasoficinas.com\\\/pt\\\/soc-com-c-santos-procura-de-talentos-na-expomecanica\\\/#breadcrumb\"},\"inLanguage\":\"pt-PT\",\"potentialAction\":[{\"@type\":\"ReadAction\",\"target\":[\"https:\\\/\\\/jornaldasoficinas.com\\\/pt\\\/soc-com-c-santos-procura-de-talentos-na-expomecanica\\\/\"]}]},{\"@type\":\"ImageObject\",\"inLanguage\":\"pt-PT\",\"@id\":\"https:\\\/\\\/jornaldasoficinas.com\\\/pt\\\/soc-com-c-santos-procura-de-talentos-na-expomecanica\\\/#primaryimage\",\"url\":\"https:\\\/\\\/jornaldasoficinas.com\\\/pt\\\/wp-content\\\/uploads\\\/2024\\\/11\\\/Soc.-Com.-C.-Santos-procura-de-talentos-na-expoMECANICA.jpg\",\"contentUrl\":\"https:\\\/\\\/jornaldasoficinas.com\\\/pt\\\/wp-content\\\/uploads\\\/2024\\\/11\\\/Soc.-Com.-C.-Santos-procura-de-talentos-na-expoMECANICA.jpg\",\"width\":1024,\"height\":581,\"caption\":\"11 - Soc. Com. C. Santos procura de talentos na expoMECANICA\"},{\"@type\":\"BreadcrumbList\",\"@id\":\"https:\\\/\\\/jornaldasoficinas.com\\\/pt\\\/soc-com-c-santos-procura-de-talentos-na-expomecanica\\\/#breadcrumb\",\"itemListElement\":[{\"@type\":\"ListItem\",\"position\":1,\"name\":\"In\u00edcio\",\"item\":\"https:\\\/\\\/jornaldasoficinas.com\\\/pt\\\/\"},{\"@type\":\"ListItem\",\"position\":2,\"name\":\"Soc. Com. C. Santos procura talentos na expoMEC\u00c2NICA\"}]},{\"@type\":\"WebSite\",\"@id\":\"https:\\\/\\\/jornaldasoficinas.com\\\/pt\\\/#website\",\"url\":\"https:\\\/\\\/jornaldasoficinas.com\\\/pt\\\/\",\"name\":\"Jornal das Oficinas\",\"description\":\"Jornal independente do Aftermarket Autom\u00f3vel em Portugal\",\"publisher\":{\"@id\":\"https:\\\/\\\/jornaldasoficinas.com\\\/pt\\\/#organization\"},\"potentialAction\":[{\"@type\":\"SearchAction\",\"target\":{\"@type\":\"EntryPoint\",\"urlTemplate\":\"https:\\\/\\\/jornaldasoficinas.com\\\/pt\\\/?s={search_term_string}\"},\"query-input\":{\"@type\":\"PropertyValueSpecification\",\"valueRequired\":true,\"valueName\":\"search_term_string\"}}],\"inLanguage\":\"pt-PT\"},{\"@type\":\"Organization\",\"@id\":\"https:\\\/\\\/jornaldasoficinas.com\\\/pt\\\/#organization\",\"name\":\"Jornal das Oficinas\",\"url\":\"https:\\\/\\\/jornaldasoficinas.com\\\/pt\\\/\",\"logo\":{\"@type\":\"ImageObject\",\"inLanguage\":\"pt-PT\",\"@id\":\"https:\\\/\\\/jornaldasoficinas.com\\\/pt\\\/#\\\/schema\\\/logo\\\/image\\\/\",\"url\":\"https:\\\/\\\/jornaldasoficinas.com\\\/pt\\\/wp-content\\\/uploads\\\/logoJO-SEO.png\",\"contentUrl\":\"https:\\\/\\\/jornaldasoficinas.com\\\/pt\\\/wp-content\\\/uploads\\\/logoJO-SEO.png\",\"width\":285,\"height\":450,\"caption\":\"Jornal das Oficinas\"},\"image\":{\"@id\":\"https:\\\/\\\/jornaldasoficinas.com\\\/pt\\\/#\\\/schema\\\/logo\\\/image\\\/\"},\"sameAs\":[\"https:\\\/\\\/www.facebook.com\\\/jornaloficinas\",\"https:\\\/\\\/x.com\\\/jornaloficinas\",\"https:\\\/\\\/www.instagram.com\\\/jornal_oficinas\\\/\",\"https:\\\/\\\/www.linkedin.com\\\/company\\\/jornal-das-oficinas\\\/\",\"https:\\\/\\\/www.youtube.com\\\/channel\\\/UCbQZBqtcvV-oSQrr7RzINGg\"]},{\"@type\":\"Person\",\"@id\":\"https:\\\/\\\/jornaldasoficinas.com\\\/pt\\\/#\\\/schema\\\/person\\\/a38eef5de2c41d9e7c9ac10141afddf3\",\"name\":\"Reda\u00e7\u00e3o JO\",\"image\":{\"@type\":\"ImageObject\",\"inLanguage\":\"pt-PT\",\"@id\":\"https:\\\/\\\/secure.gravatar.com\\\/avatar\\\/71f2fa71737ad68a84fea94bc708ddac8ea5b0c4788dc2ad202f3ccb2887742f?s=96&d=wp_user_avatar&r=g\",\"url\":\"https:\\\/\\\/secure.gravatar.com\\\/avatar\\\/71f2fa71737ad68a84fea94bc708ddac8ea5b0c4788dc2ad202f3ccb2887742f?s=96&d=wp_user_avatar&r=g\",\"contentUrl\":\"https:\\\/\\\/secure.gravatar.com\\\/avatar\\\/71f2fa71737ad68a84fea94bc708ddac8ea5b0c4788dc2ad202f3ccb2887742f?s=96&d=wp_user_avatar&r=g\",\"caption\":\"Reda\u00e7\u00e3o JO\"},\"url\":\"https:\\\/\\\/jornaldasoficinas.com\\\/pt\\\/author\\\/joredacao\\\/\"}]}<\/script>\n<!-- \/ Yoast SEO plugin. -->","yoast_head_json":{"title":"Soc. Com. C. Santos procura talentos na expoMEC\u00c2NICA - Jornal das Oficinas","description":"Na edi\u00e7\u00e3o deste ano, a Soc. Com. C. Santos estar\u00e1 \u00e0 procura de talentos na \u00e1rea oficinal, colocando \u00e0 prova os conhecimentos dos visitantes","robots":{"index":"index","follow":"follow","max-snippet":"max-snippet:-1","max-image-preview":"max-image-preview:large","max-video-preview":"max-video-preview:-1"},"canonical":"https:\/\/jornaldasoficinas.com\/pt\/soc-com-c-santos-procura-de-talentos-na-expomecanica\/","og_locale":"pt_PT","og_type":"article","og_title":"Soc. Com. C. Santos procura talentos na expoMEC\u00c2NICA - Jornal das Oficinas","og_description":"Na edi\u00e7\u00e3o deste ano, a Soc. Com. C. Santos estar\u00e1 \u00e0 procura de talentos na \u00e1rea oficinal, colocando \u00e0 prova os conhecimentos dos visitantes","og_url":"https:\/\/jornaldasoficinas.com\/pt\/soc-com-c-santos-procura-de-talentos-na-expomecanica\/","og_site_name":"Jornal das Oficinas","article_publisher":"https:\/\/www.facebook.com\/jornaloficinas","article_published_time":"2024-11-08T17:00:21+00:00","og_image":[{"width":1024,"height":581,"url":"https:\/\/jornaldasoficinas.com\/pt\/wp-content\/uploads\/2024\/11\/Soc.-Com.-C.-Santos-procura-de-talentos-na-expoMECANICA.jpg","type":"image\/jpeg"}],"author":"Reda\u00e7\u00e3o JO","twitter_card":"summary_large_image","twitter_creator":"@jornaloficinas","twitter_site":"@jornaloficinas","twitter_misc":{"Escrito por":"Reda\u00e7\u00e3o JO","Tempo estimado de leitura":"4 minutos"},"schema":{"@context":"https:\/\/schema.org","@graph":[{"@type":"Article","@id":"https:\/\/jornaldasoficinas.com\/pt\/soc-com-c-santos-procura-de-talentos-na-expomecanica\/#article","isPartOf":{"@id":"https:\/\/jornaldasoficinas.com\/pt\/soc-com-c-santos-procura-de-talentos-na-expomecanica\/"},"author":{"name":"Reda\u00e7\u00e3o JO","@id":"https:\/\/jornaldasoficinas.com\/pt\/#\/schema\/person\/a38eef5de2c41d9e7c9ac10141afddf3"},"headline":"Soc. Com. C. Santos procura talentos na expoMEC\u00c2NICA","datePublished":"2024-11-08T17:00:21+00:00","mainEntityOfPage":{"@id":"https:\/\/jornaldasoficinas.com\/pt\/soc-com-c-santos-procura-de-talentos-na-expomecanica\/"},"wordCount":706,"publisher":{"@id":"https:\/\/jornaldasoficinas.com\/pt\/#organization"},"image":{"@id":"https:\/\/jornaldasoficinas.com\/pt\/soc-com-c-santos-procura-de-talentos-na-expomecanica\/#primaryimage"},"thumbnailUrl":"https:\/\/jornaldasoficinas.com\/pt\/wp-content\/uploads\/2024\/11\/Soc.-Com.-C.-Santos-procura-de-talentos-na-expoMECANICA.jpg","keywords":["assinatura SOC Talent","CEPRA","expoMEC\u00c2NICA","Melhor Mecatr\u00f3nico","novos talentos","Soc. Com. C. Santos"],"articleSection":["Empresas","expoMEC\u00c2NICA"],"inLanguage":"pt-PT"},{"@type":"WebPage","@id":"https:\/\/jornaldasoficinas.com\/pt\/soc-com-c-santos-procura-de-talentos-na-expomecanica\/","url":"https:\/\/jornaldasoficinas.com\/pt\/soc-com-c-santos-procura-de-talentos-na-expomecanica\/","name":"Soc. Com. C. Santos procura talentos na expoMEC\u00c2NICA - Jornal das Oficinas","isPartOf":{"@id":"https:\/\/jornaldasoficinas.com\/pt\/#website"},"primaryImageOfPage":{"@id":"https:\/\/jornaldasoficinas.com\/pt\/soc-com-c-santos-procura-de-talentos-na-expomecanica\/#primaryimage"},"image":{"@id":"https:\/\/jornaldasoficinas.com\/pt\/soc-com-c-santos-procura-de-talentos-na-expomecanica\/#primaryimage"},"thumbnailUrl":"https:\/\/jornaldasoficinas.com\/pt\/wp-content\/uploads\/2024\/11\/Soc.-Com.-C.-Santos-procura-de-talentos-na-expoMECANICA.jpg","datePublished":"2024-11-08T17:00:21+00:00","description":"Na edi\u00e7\u00e3o deste ano, a Soc. Com. C. Santos estar\u00e1 \u00e0 procura de talentos na \u00e1rea oficinal, colocando \u00e0 prova os conhecimentos dos visitantes","breadcrumb":{"@id":"https:\/\/jornaldasoficinas.com\/pt\/soc-com-c-santos-procura-de-talentos-na-expomecanica\/#breadcrumb"},"inLanguage":"pt-PT","potentialAction":[{"@type":"ReadAction","target":["https:\/\/jornaldasoficinas.com\/pt\/soc-com-c-santos-procura-de-talentos-na-expomecanica\/"]}]},{"@type":"ImageObject","inLanguage":"pt-PT","@id":"https:\/\/jornaldasoficinas.com\/pt\/soc-com-c-santos-procura-de-talentos-na-expomecanica\/#primaryimage","url":"https:\/\/jornaldasoficinas.com\/pt\/wp-content\/uploads\/2024\/11\/Soc.-Com.-C.-Santos-procura-de-talentos-na-expoMECANICA.jpg","contentUrl":"https:\/\/jornaldasoficinas.com\/pt\/wp-content\/uploads\/2024\/11\/Soc.-Com.-C.-Santos-procura-de-talentos-na-expoMECANICA.jpg","width":1024,"height":581,"caption":"11 - Soc. Com. C. Santos procura de talentos na expoMECANICA"},{"@type":"BreadcrumbList","@id":"https:\/\/jornaldasoficinas.com\/pt\/soc-com-c-santos-procura-de-talentos-na-expomecanica\/#breadcrumb","itemListElement":[{"@type":"ListItem","position":1,"name":"In\u00edcio","item":"https:\/\/jornaldasoficinas.com\/pt\/"},{"@type":"ListItem","position":2,"name":"Soc. Com. C. Santos procura talentos na expoMEC\u00c2NICA"}]},{"@type":"WebSite","@id":"https:\/\/jornaldasoficinas.com\/pt\/#website","url":"https:\/\/jornaldasoficinas.com\/pt\/","name":"Jornal das Oficinas","description":"Jornal independente do Aftermarket Autom\u00f3vel em Portugal","publisher":{"@id":"https:\/\/jornaldasoficinas.com\/pt\/#organization"},"potentialAction":[{"@type":"SearchAction","target":{"@type":"EntryPoint","urlTemplate":"https:\/\/jornaldasoficinas.com\/pt\/?s={search_term_string}"},"query-input":{"@type":"PropertyValueSpecification","valueRequired":true,"valueName":"search_term_string"}}],"inLanguage":"pt-PT"},{"@type":"Organization","@id":"https:\/\/jornaldasoficinas.com\/pt\/#organization","name":"Jornal das Oficinas","url":"https:\/\/jornaldasoficinas.com\/pt\/","logo":{"@type":"ImageObject","inLanguage":"pt-PT","@id":"https:\/\/jornaldasoficinas.com\/pt\/#\/schema\/logo\/image\/","url":"https:\/\/jornaldasoficinas.com\/pt\/wp-content\/uploads\/logoJO-SEO.png","contentUrl":"https:\/\/jornaldasoficinas.com\/pt\/wp-content\/uploads\/logoJO-SEO.png","width":285,"height":450,"caption":"Jornal das Oficinas"},"image":{"@id":"https:\/\/jornaldasoficinas.com\/pt\/#\/schema\/logo\/image\/"},"sameAs":["https:\/\/www.facebook.com\/jornaloficinas","https:\/\/x.com\/jornaloficinas","https:\/\/www.instagram.com\/jornal_oficinas\/","https:\/\/www.linkedin.com\/company\/jornal-das-oficinas\/","https:\/\/www.youtube.com\/channel\/UCbQZBqtcvV-oSQrr7RzINGg"]},{"@type":"Person","@id":"https:\/\/jornaldasoficinas.com\/pt\/#\/schema\/person\/a38eef5de2c41d9e7c9ac10141afddf3","name":"Reda\u00e7\u00e3o JO","image":{"@type":"ImageObject","inLanguage":"pt-PT","@id":"https:\/\/secure.gravatar.com\/avatar\/71f2fa71737ad68a84fea94bc708ddac8ea5b0c4788dc2ad202f3ccb2887742f?s=96&d=wp_user_avatar&r=g","url":"https:\/\/secure.gravatar.com\/avatar\/71f2fa71737ad68a84fea94bc708ddac8ea5b0c4788dc2ad202f3ccb2887742f?s=96&d=wp_user_avatar&r=g","contentUrl":"https:\/\/secure.gravatar.com\/avatar\/71f2fa71737ad68a84fea94bc708ddac8ea5b0c4788dc2ad202f3ccb2887742f?s=96&d=wp_user_avatar&r=g","caption":"Reda\u00e7\u00e3o JO"},"url":"https:\/\/jornaldasoficinas.com\/pt\/author\/joredacao\/"}]}},"_links":{"self":[{"href":"https:\/\/jornaldasoficinas.com\/pt\/wp-json\/wp\/v2\/posts\/93824","targetHints":{"allow":["GET"]}}],"collection":[{"href":"https:\/\/jornaldasoficinas.com\/pt\/wp-json\/wp\/v2\/posts"}],"about":[{"href":"https:\/\/jornaldasoficinas.com\/pt\/wp-json\/wp\/v2\/types\/post"}],"author":[{"embeddable":true,"href":"https:\/\/jornaldasoficinas.com\/pt\/wp-json\/wp\/v2\/users\/15"}],"replies":[{"embeddable":true,"href":"https:\/\/jornaldasoficinas.com\/pt\/wp-json\/wp\/v2\/comments?post=93824"}],"version-history":[{"count":0,"href":"https:\/\/jornaldasoficinas.com\/pt\/wp-json\/wp\/v2\/posts\/93824\/revisions"}],"wp:featuredmedia":[{"embeddable":true,"href":"https:\/\/jornaldasoficinas.com\/pt\/wp-json\/wp\/v2\/media\/93827"}],"wp:attachment":[{"href":"https:\/\/jornaldasoficinas.com\/pt\/wp-json\/wp\/v2\/media?parent=93824"}],"wp:term":[{"taxonomy":"category","embeddable":true,"href":"https:\/\/jornaldasoficinas.com\/pt\/wp-json\/wp\/v2\/categories?post=93824"},{"taxonomy":"post_tag","embeddable":true,"href":"https:\/\/jornaldasoficinas.com\/pt\/wp-json\/wp\/v2\/tags?post=93824"}],"curies":[{"name":"wp","href":"https:\/\/api.w.org\/{rel}","templated":true}]}}