{"id":93990,"date":"2024-11-12T18:00:30","date_gmt":"2024-11-12T18:00:30","guid":{"rendered":"https:\/\/jornaldasoficinas.com\/pt\/?p=93990"},"modified":"2024-11-12T11:10:00","modified_gmt":"2024-11-12T11:10:00","slug":"expomecanica-encerra-em-grande-com-data-marcada-para-2026","status":"publish","type":"post","link":"https:\/\/jornaldasoficinas.com\/pt\/expomecanica-encerra-em-grande-com-data-marcada-para-2026\/","title":{"rendered":"expoMEC\u00c2NICA encerra em grande com data marcada para 2026"},"content":{"rendered":"<p><strong><img loading=\"lazy\" decoding=\"async\" class=\"alignnone size-full wp-image-93994\" src=\"https:\/\/jornaldasoficinas.com\/pt\/wp-content\/uploads\/2024\/11\/expoMECANICA-encerra-em-grande-com-data-marcada-para-2026.jpg\" alt=\"11 - expoMECANICA encerra em grande com data marcada para 2026\" width=\"1024\" height=\"581\" srcset=\"https:\/\/jornaldasoficinas.com\/pt\/wp-content\/uploads\/2024\/11\/expoMECANICA-encerra-em-grande-com-data-marcada-para-2026.jpg 1024w, https:\/\/jornaldasoficinas.com\/pt\/wp-content\/uploads\/2024\/11\/expoMECANICA-encerra-em-grande-com-data-marcada-para-2026-300x170.jpg 300w, https:\/\/jornaldasoficinas.com\/pt\/wp-content\/uploads\/2024\/11\/expoMECANICA-encerra-em-grande-com-data-marcada-para-2026-150x85.jpg 150w, https:\/\/jornaldasoficinas.com\/pt\/wp-content\/uploads\/2024\/11\/expoMECANICA-encerra-em-grande-com-data-marcada-para-2026-768x436.jpg 768w\" sizes=\"auto, (max-width: 1024px) 100vw, 1024px\" \/><\/strong><\/p>\n<p><strong>A nona edi\u00e7\u00e3o da <a href=\"https:\/\/expomecanica.pt\/pt\/\" target=\"_blank\" rel=\"noopener\">expoMEC\u00c2NICA<\/a> foi um sucesso, atraindo quase 19 mil profissionais at\u00e9 \u00e0 cidade de Matosinhos. Com datas j\u00e1 agendadas para 2026, a maior cimeira do aftermarket nacional prepara-se para regressar com ainda mais for\u00e7a<\/strong><\/p>\n<p>A expoMEC\u00c2NICA 2024 recebeu quase 19 mil visitantes e j\u00e1 come\u00e7ou a preparar terreno para a sua 10.\u00aa edi\u00e7\u00e3o, que estar\u00e1 de regresso de 29 a 31 de maio de 2026.<\/p>\n<p>Os caminhos que fazem pulsar o aftermarket autom\u00f3vel nacional voltaram a convergir, mais uma vez, para um \u00fanico destino: a EXPONOR \u2013 Feira Interncional do Porto. Durante tr\u00eas dias, os quatro pavilh\u00f5es do evento receberam profissionais e entusiastas do setor, com a presen\u00e7a de 269 operadores econ\u00f3micos na expoMEC\u00c2NICA.<\/p>\n<p>A cimeira maior do p\u00f3s-venda autom\u00f3vel portugu\u00eas, que foi a mais internacional de sempre (88 expositores internacionais, de 13 pa\u00edses, representaram 33% da feira), completou 10 anos de exist\u00eancia. E assinalou o facto em letra de forma, ao aproveitar a ocasi\u00e3o para lan\u00e7ar, entre os pares, a &#8220;Hist\u00f3ria do P\u00f3s-Venda Autom\u00f3vel em Portugal&#8221;, uma evoca\u00e7\u00e3o das principais etapas que, d\u00e9cada ap\u00f3s d\u00e9cada, permitiram elevar o mercado de repara\u00e7\u00e3o e manuten\u00e7\u00e3o ao atual patamar.<\/p>\n<p>Essa preserva\u00e7\u00e3o e celebra\u00e7\u00e3o da mem\u00f3ria coletiva da fileira acompanhou o evento em v\u00e1rios momentos, mas foi o presente e a visita de 18.825 profissionais de v\u00e1rios segmentos da atividade (Pe\u00e7as e Sistemas; Tecnologias de Informa\u00e7\u00e3o e Gest\u00e3o; Esta\u00e7\u00f5es de Servi\u00e7o e Lavagem; Repara\u00e7\u00e3o e Manuten\u00e7\u00e3o; Acess\u00f3rios e Customiza\u00e7\u00e3o) a evidenciar o dinamismo do p\u00f3s-venda autom\u00f3vel luso.<\/p>\n<p>&#8220;Foi mais uma etapa de consolida\u00e7\u00e3o da expoMEC\u00c2NICA na atualidade e realidade do setor, que permitiu evidenciar a import\u00e2ncia \u2013 comercial e n\u00e3o s\u00f3 &#8211; que in\u00fameros operadores econ\u00f3micos colocam no acontecimento&#8221;, come\u00e7ou por afirmar Jos\u00e9 Manuel Costa, diretor geral da <a href=\"https:\/\/kikai.pt\/\" target=\"_blank\" rel=\"noopener\">Kikai Eventos<\/a>, entidade organizadora do evento.<\/p>\n<p>&#8220;Constatamos, com satisfa\u00e7\u00e3o, que cada vez mais empresas e marcas (v\u00e1rias acompanham-nos desde a 1.\u00aa edi\u00e7\u00e3o) apostam em participa\u00e7\u00f5es distintivas e stands cada vez mais apelativos, desenvolvendo nos seus espa\u00e7os iniciativas diversificadas para captar a aten\u00e7\u00e3o dos profissionais que est\u00e3o de visita ao sal\u00e3o &#8211; um contacto que possibilita muitos neg\u00f3cios nos meses subsequentes. E que transcendem fronteiras, pois h\u00e1 cada vez mais empresas internacionais a apostar no mercado portugu\u00eas do setor&#8221;, sublinhou.<\/p>\n<p>A comitiva empresarial espanhola foi a mais extensa, reunindo cerca de metade dos expositores estrangeiros, tamb\u00e9m compostos de delega\u00e7\u00f5es provenientes de Fran\u00e7a, Luxemburgo, Turquia, Dinamarca, Alemanha, Pa\u00edses Baixos, Pol\u00f3nia, China, Israel, Reino Unido, Emirados \u00c1rabes Unidos e Coreia do Sul, distribu\u00eddos por 27 mil metros quadrados de \u00e1rea de exposi\u00e7\u00e3o.<\/p>\n<p>&#8220;Os avan\u00e7os tecnol\u00f3gicos e a inova\u00e7\u00e3o que marcam o auto-aftermarket luso foram pedras de toque constantes ao longo dos tr\u00eas dias, e dezenas de expositores aproveitaram a oportunidade para apresentar as suas novidades ao mercado&#8221;, finalizou a Kikai Eventos.<\/p>\n","protected":false},"excerpt":{"rendered":"<p>A nona edi\u00e7\u00e3o da expoMEC\u00c2NICA foi&#8230;<\/p>\n","protected":false},"author":15,"featured_media":93994,"comment_status":"closed","ping_status":"closed","sticky":false,"template":"","format":"standard","meta":{"footnotes":""},"categories":[29,4632],"tags":[11143,11142,11140,78,79,11141],"class_list":["post-93990","post","type-post","status-publish","format-standard","has-post-thumbnail","hentry","category-empresas","category-expomecanica","tag-13-paises","tag-88-expositores-internacionais","tag-cerca-de-19-mil-profissionais","tag-expomecanica","tag-kikai-eventos","tag-novas-datas"],"yoast_head":"<!-- This site is optimized with the Yoast SEO plugin v27.5 - https:\/\/yoast.com\/product\/yoast-seo-wordpress\/ -->\n<title>expoMEC\u00c2NICA encerra em grande com data marcada para 2026 - Jornal das Oficinas<\/title>\n<meta name=\"description\" content=\"A nona edi\u00e7\u00e3o da expoMEC\u00c2NICA foi um sucesso, atraindo quase 19 mil profissionais at\u00e9 \u00e0 cidade de Matosinhos\" \/>\n<meta name=\"robots\" content=\"index, follow, max-snippet:-1, max-image-preview:large, max-video-preview:-1\" \/>\n<link rel=\"canonical\" href=\"https:\/\/jornaldasoficinas.com\/pt\/expomecanica-encerra-em-grande-com-data-marcada-para-2026\/\" \/>\n<meta property=\"og:locale\" content=\"pt_PT\" \/>\n<meta property=\"og:type\" content=\"article\" \/>\n<meta property=\"og:title\" content=\"expoMEC\u00c2NICA encerra em grande com data marcada para 2026 - Jornal das Oficinas\" \/>\n<meta property=\"og:description\" content=\"A nona edi\u00e7\u00e3o da expoMEC\u00c2NICA foi um sucesso, atraindo quase 19 mil profissionais at\u00e9 \u00e0 cidade de Matosinhos\" \/>\n<meta property=\"og:url\" content=\"https:\/\/jornaldasoficinas.com\/pt\/expomecanica-encerra-em-grande-com-data-marcada-para-2026\/\" \/>\n<meta property=\"og:site_name\" content=\"Jornal das Oficinas\" \/>\n<meta property=\"article:publisher\" content=\"https:\/\/www.facebook.com\/jornaloficinas\" \/>\n<meta property=\"article:published_time\" content=\"2024-11-12T18:00:30+00:00\" \/>\n<meta property=\"og:image\" content=\"https:\/\/jornaldasoficinas.com\/pt\/wp-content\/uploads\/2024\/11\/expoMECANICA-encerra-em-grande-com-data-marcada-para-2026.jpg\" \/>\n\t<meta property=\"og:image:width\" content=\"1024\" \/>\n\t<meta property=\"og:image:height\" content=\"581\" \/>\n\t<meta property=\"og:image:type\" content=\"image\/jpeg\" \/>\n<meta name=\"author\" content=\"Reda\u00e7\u00e3o JO\" \/>\n<meta name=\"twitter:card\" content=\"summary_large_image\" \/>\n<meta name=\"twitter:creator\" content=\"@jornaloficinas\" \/>\n<meta name=\"twitter:site\" content=\"@jornaloficinas\" \/>\n<meta name=\"twitter:label1\" content=\"Escrito por\" \/>\n\t<meta name=\"twitter:data1\" content=\"Reda\u00e7\u00e3o JO\" \/>\n\t<meta name=\"twitter:label2\" content=\"Tempo estimado de leitura\" \/>\n\t<meta name=\"twitter:data2\" content=\"3 minutos\" \/>\n<script type=\"application\/ld+json\" class=\"yoast-schema-graph\">{\"@context\":\"https:\\\/\\\/schema.org\",\"@graph\":[{\"@type\":\"Article\",\"@id\":\"https:\\\/\\\/jornaldasoficinas.com\\\/pt\\\/expomecanica-encerra-em-grande-com-data-marcada-para-2026\\\/#article\",\"isPartOf\":{\"@id\":\"https:\\\/\\\/jornaldasoficinas.com\\\/pt\\\/expomecanica-encerra-em-grande-com-data-marcada-para-2026\\\/\"},\"author\":{\"name\":\"Reda\u00e7\u00e3o JO\",\"@id\":\"https:\\\/\\\/jornaldasoficinas.com\\\/pt\\\/#\\\/schema\\\/person\\\/a38eef5de2c41d9e7c9ac10141afddf3\"},\"headline\":\"expoMEC\u00c2NICA encerra em grande com data marcada para 2026\",\"datePublished\":\"2024-11-12T18:00:30+00:00\",\"mainEntityOfPage\":{\"@id\":\"https:\\\/\\\/jornaldasoficinas.com\\\/pt\\\/expomecanica-encerra-em-grande-com-data-marcada-para-2026\\\/\"},\"wordCount\":518,\"publisher\":{\"@id\":\"https:\\\/\\\/jornaldasoficinas.com\\\/pt\\\/#organization\"},\"image\":{\"@id\":\"https:\\\/\\\/jornaldasoficinas.com\\\/pt\\\/expomecanica-encerra-em-grande-com-data-marcada-para-2026\\\/#primaryimage\"},\"thumbnailUrl\":\"https:\\\/\\\/jornaldasoficinas.com\\\/pt\\\/wp-content\\\/uploads\\\/2024\\\/11\\\/expoMECANICA-encerra-em-grande-com-data-marcada-para-2026.jpg\",\"keywords\":[\"13 pa\u00edses\",\"88 expositores internacionais\",\"cerca de 19 mil profissionais\",\"expoMEC\u00c2NICA\",\"Kikai Eventos\",\"novas datas\"],\"articleSection\":[\"Empresas\",\"expoMEC\u00c2NICA\"],\"inLanguage\":\"pt-PT\"},{\"@type\":\"WebPage\",\"@id\":\"https:\\\/\\\/jornaldasoficinas.com\\\/pt\\\/expomecanica-encerra-em-grande-com-data-marcada-para-2026\\\/\",\"url\":\"https:\\\/\\\/jornaldasoficinas.com\\\/pt\\\/expomecanica-encerra-em-grande-com-data-marcada-para-2026\\\/\",\"name\":\"expoMEC\u00c2NICA encerra em grande com data marcada para 2026 - Jornal das Oficinas\",\"isPartOf\":{\"@id\":\"https:\\\/\\\/jornaldasoficinas.com\\\/pt\\\/#website\"},\"primaryImageOfPage\":{\"@id\":\"https:\\\/\\\/jornaldasoficinas.com\\\/pt\\\/expomecanica-encerra-em-grande-com-data-marcada-para-2026\\\/#primaryimage\"},\"image\":{\"@id\":\"https:\\\/\\\/jornaldasoficinas.com\\\/pt\\\/expomecanica-encerra-em-grande-com-data-marcada-para-2026\\\/#primaryimage\"},\"thumbnailUrl\":\"https:\\\/\\\/jornaldasoficinas.com\\\/pt\\\/wp-content\\\/uploads\\\/2024\\\/11\\\/expoMECANICA-encerra-em-grande-com-data-marcada-para-2026.jpg\",\"datePublished\":\"2024-11-12T18:00:30+00:00\",\"description\":\"A nona edi\u00e7\u00e3o da expoMEC\u00c2NICA foi um sucesso, atraindo quase 19 mil profissionais at\u00e9 \u00e0 cidade de Matosinhos\",\"breadcrumb\":{\"@id\":\"https:\\\/\\\/jornaldasoficinas.com\\\/pt\\\/expomecanica-encerra-em-grande-com-data-marcada-para-2026\\\/#breadcrumb\"},\"inLanguage\":\"pt-PT\",\"potentialAction\":[{\"@type\":\"ReadAction\",\"target\":[\"https:\\\/\\\/jornaldasoficinas.com\\\/pt\\\/expomecanica-encerra-em-grande-com-data-marcada-para-2026\\\/\"]}]},{\"@type\":\"ImageObject\",\"inLanguage\":\"pt-PT\",\"@id\":\"https:\\\/\\\/jornaldasoficinas.com\\\/pt\\\/expomecanica-encerra-em-grande-com-data-marcada-para-2026\\\/#primaryimage\",\"url\":\"https:\\\/\\\/jornaldasoficinas.com\\\/pt\\\/wp-content\\\/uploads\\\/2024\\\/11\\\/expoMECANICA-encerra-em-grande-com-data-marcada-para-2026.jpg\",\"contentUrl\":\"https:\\\/\\\/jornaldasoficinas.com\\\/pt\\\/wp-content\\\/uploads\\\/2024\\\/11\\\/expoMECANICA-encerra-em-grande-com-data-marcada-para-2026.jpg\",\"width\":1024,\"height\":581,\"caption\":\"11 - expoMECANICA encerra em grande com data marcada para 2026\"},{\"@type\":\"BreadcrumbList\",\"@id\":\"https:\\\/\\\/jornaldasoficinas.com\\\/pt\\\/expomecanica-encerra-em-grande-com-data-marcada-para-2026\\\/#breadcrumb\",\"itemListElement\":[{\"@type\":\"ListItem\",\"position\":1,\"name\":\"In\u00edcio\",\"item\":\"https:\\\/\\\/jornaldasoficinas.com\\\/pt\\\/\"},{\"@type\":\"ListItem\",\"position\":2,\"name\":\"expoMEC\u00c2NICA encerra em grande com data marcada para 2026\"}]},{\"@type\":\"WebSite\",\"@id\":\"https:\\\/\\\/jornaldasoficinas.com\\\/pt\\\/#website\",\"url\":\"https:\\\/\\\/jornaldasoficinas.com\\\/pt\\\/\",\"name\":\"Jornal das Oficinas\",\"description\":\"Jornal independente do Aftermarket Autom\u00f3vel em Portugal\",\"publisher\":{\"@id\":\"https:\\\/\\\/jornaldasoficinas.com\\\/pt\\\/#organization\"},\"potentialAction\":[{\"@type\":\"SearchAction\",\"target\":{\"@type\":\"EntryPoint\",\"urlTemplate\":\"https:\\\/\\\/jornaldasoficinas.com\\\/pt\\\/?s={search_term_string}\"},\"query-input\":{\"@type\":\"PropertyValueSpecification\",\"valueRequired\":true,\"valueName\":\"search_term_string\"}}],\"inLanguage\":\"pt-PT\"},{\"@type\":\"Organization\",\"@id\":\"https:\\\/\\\/jornaldasoficinas.com\\\/pt\\\/#organization\",\"name\":\"Jornal das Oficinas\",\"url\":\"https:\\\/\\\/jornaldasoficinas.com\\\/pt\\\/\",\"logo\":{\"@type\":\"ImageObject\",\"inLanguage\":\"pt-PT\",\"@id\":\"https:\\\/\\\/jornaldasoficinas.com\\\/pt\\\/#\\\/schema\\\/logo\\\/image\\\/\",\"url\":\"https:\\\/\\\/jornaldasoficinas.com\\\/pt\\\/wp-content\\\/uploads\\\/logoJO-SEO.png\",\"contentUrl\":\"https:\\\/\\\/jornaldasoficinas.com\\\/pt\\\/wp-content\\\/uploads\\\/logoJO-SEO.png\",\"width\":285,\"height\":450,\"caption\":\"Jornal das Oficinas\"},\"image\":{\"@id\":\"https:\\\/\\\/jornaldasoficinas.com\\\/pt\\\/#\\\/schema\\\/logo\\\/image\\\/\"},\"sameAs\":[\"https:\\\/\\\/www.facebook.com\\\/jornaloficinas\",\"https:\\\/\\\/x.com\\\/jornaloficinas\",\"https:\\\/\\\/www.instagram.com\\\/jornal_oficinas\\\/\",\"https:\\\/\\\/www.linkedin.com\\\/company\\\/jornal-das-oficinas\\\/\",\"https:\\\/\\\/www.youtube.com\\\/channel\\\/UCbQZBqtcvV-oSQrr7RzINGg\"]},{\"@type\":\"Person\",\"@id\":\"https:\\\/\\\/jornaldasoficinas.com\\\/pt\\\/#\\\/schema\\\/person\\\/a38eef5de2c41d9e7c9ac10141afddf3\",\"name\":\"Reda\u00e7\u00e3o JO\",\"image\":{\"@type\":\"ImageObject\",\"inLanguage\":\"pt-PT\",\"@id\":\"https:\\\/\\\/secure.gravatar.com\\\/avatar\\\/71f2fa71737ad68a84fea94bc708ddac8ea5b0c4788dc2ad202f3ccb2887742f?s=96&d=wp_user_avatar&r=g\",\"url\":\"https:\\\/\\\/secure.gravatar.com\\\/avatar\\\/71f2fa71737ad68a84fea94bc708ddac8ea5b0c4788dc2ad202f3ccb2887742f?s=96&d=wp_user_avatar&r=g\",\"contentUrl\":\"https:\\\/\\\/secure.gravatar.com\\\/avatar\\\/71f2fa71737ad68a84fea94bc708ddac8ea5b0c4788dc2ad202f3ccb2887742f?s=96&d=wp_user_avatar&r=g\",\"caption\":\"Reda\u00e7\u00e3o JO\"},\"url\":\"https:\\\/\\\/jornaldasoficinas.com\\\/pt\\\/author\\\/joredacao\\\/\"}]}<\/script>\n<!-- \/ Yoast SEO plugin. -->","yoast_head_json":{"title":"expoMEC\u00c2NICA encerra em grande com data marcada para 2026 - Jornal das Oficinas","description":"A nona edi\u00e7\u00e3o da expoMEC\u00c2NICA foi um sucesso, atraindo quase 19 mil profissionais at\u00e9 \u00e0 cidade de Matosinhos","robots":{"index":"index","follow":"follow","max-snippet":"max-snippet:-1","max-image-preview":"max-image-preview:large","max-video-preview":"max-video-preview:-1"},"canonical":"https:\/\/jornaldasoficinas.com\/pt\/expomecanica-encerra-em-grande-com-data-marcada-para-2026\/","og_locale":"pt_PT","og_type":"article","og_title":"expoMEC\u00c2NICA encerra em grande com data marcada para 2026 - Jornal das Oficinas","og_description":"A nona edi\u00e7\u00e3o da expoMEC\u00c2NICA foi um sucesso, atraindo quase 19 mil profissionais at\u00e9 \u00e0 cidade de Matosinhos","og_url":"https:\/\/jornaldasoficinas.com\/pt\/expomecanica-encerra-em-grande-com-data-marcada-para-2026\/","og_site_name":"Jornal das Oficinas","article_publisher":"https:\/\/www.facebook.com\/jornaloficinas","article_published_time":"2024-11-12T18:00:30+00:00","og_image":[{"width":1024,"height":581,"url":"https:\/\/jornaldasoficinas.com\/pt\/wp-content\/uploads\/2024\/11\/expoMECANICA-encerra-em-grande-com-data-marcada-para-2026.jpg","type":"image\/jpeg"}],"author":"Reda\u00e7\u00e3o JO","twitter_card":"summary_large_image","twitter_creator":"@jornaloficinas","twitter_site":"@jornaloficinas","twitter_misc":{"Escrito por":"Reda\u00e7\u00e3o JO","Tempo estimado de leitura":"3 minutos"},"schema":{"@context":"https:\/\/schema.org","@graph":[{"@type":"Article","@id":"https:\/\/jornaldasoficinas.com\/pt\/expomecanica-encerra-em-grande-com-data-marcada-para-2026\/#article","isPartOf":{"@id":"https:\/\/jornaldasoficinas.com\/pt\/expomecanica-encerra-em-grande-com-data-marcada-para-2026\/"},"author":{"name":"Reda\u00e7\u00e3o JO","@id":"https:\/\/jornaldasoficinas.com\/pt\/#\/schema\/person\/a38eef5de2c41d9e7c9ac10141afddf3"},"headline":"expoMEC\u00c2NICA encerra em grande com data marcada para 2026","datePublished":"2024-11-12T18:00:30+00:00","mainEntityOfPage":{"@id":"https:\/\/jornaldasoficinas.com\/pt\/expomecanica-encerra-em-grande-com-data-marcada-para-2026\/"},"wordCount":518,"publisher":{"@id":"https:\/\/jornaldasoficinas.com\/pt\/#organization"},"image":{"@id":"https:\/\/jornaldasoficinas.com\/pt\/expomecanica-encerra-em-grande-com-data-marcada-para-2026\/#primaryimage"},"thumbnailUrl":"https:\/\/jornaldasoficinas.com\/pt\/wp-content\/uploads\/2024\/11\/expoMECANICA-encerra-em-grande-com-data-marcada-para-2026.jpg","keywords":["13 pa\u00edses","88 expositores internacionais","cerca de 19 mil profissionais","expoMEC\u00c2NICA","Kikai Eventos","novas datas"],"articleSection":["Empresas","expoMEC\u00c2NICA"],"inLanguage":"pt-PT"},{"@type":"WebPage","@id":"https:\/\/jornaldasoficinas.com\/pt\/expomecanica-encerra-em-grande-com-data-marcada-para-2026\/","url":"https:\/\/jornaldasoficinas.com\/pt\/expomecanica-encerra-em-grande-com-data-marcada-para-2026\/","name":"expoMEC\u00c2NICA encerra em grande com data marcada para 2026 - Jornal das Oficinas","isPartOf":{"@id":"https:\/\/jornaldasoficinas.com\/pt\/#website"},"primaryImageOfPage":{"@id":"https:\/\/jornaldasoficinas.com\/pt\/expomecanica-encerra-em-grande-com-data-marcada-para-2026\/#primaryimage"},"image":{"@id":"https:\/\/jornaldasoficinas.com\/pt\/expomecanica-encerra-em-grande-com-data-marcada-para-2026\/#primaryimage"},"thumbnailUrl":"https:\/\/jornaldasoficinas.com\/pt\/wp-content\/uploads\/2024\/11\/expoMECANICA-encerra-em-grande-com-data-marcada-para-2026.jpg","datePublished":"2024-11-12T18:00:30+00:00","description":"A nona edi\u00e7\u00e3o da expoMEC\u00c2NICA foi um sucesso, atraindo quase 19 mil profissionais at\u00e9 \u00e0 cidade de Matosinhos","breadcrumb":{"@id":"https:\/\/jornaldasoficinas.com\/pt\/expomecanica-encerra-em-grande-com-data-marcada-para-2026\/#breadcrumb"},"inLanguage":"pt-PT","potentialAction":[{"@type":"ReadAction","target":["https:\/\/jornaldasoficinas.com\/pt\/expomecanica-encerra-em-grande-com-data-marcada-para-2026\/"]}]},{"@type":"ImageObject","inLanguage":"pt-PT","@id":"https:\/\/jornaldasoficinas.com\/pt\/expomecanica-encerra-em-grande-com-data-marcada-para-2026\/#primaryimage","url":"https:\/\/jornaldasoficinas.com\/pt\/wp-content\/uploads\/2024\/11\/expoMECANICA-encerra-em-grande-com-data-marcada-para-2026.jpg","contentUrl":"https:\/\/jornaldasoficinas.com\/pt\/wp-content\/uploads\/2024\/11\/expoMECANICA-encerra-em-grande-com-data-marcada-para-2026.jpg","width":1024,"height":581,"caption":"11 - expoMECANICA encerra em grande com data marcada para 2026"},{"@type":"BreadcrumbList","@id":"https:\/\/jornaldasoficinas.com\/pt\/expomecanica-encerra-em-grande-com-data-marcada-para-2026\/#breadcrumb","itemListElement":[{"@type":"ListItem","position":1,"name":"In\u00edcio","item":"https:\/\/jornaldasoficinas.com\/pt\/"},{"@type":"ListItem","position":2,"name":"expoMEC\u00c2NICA encerra em grande com data marcada para 2026"}]},{"@type":"WebSite","@id":"https:\/\/jornaldasoficinas.com\/pt\/#website","url":"https:\/\/jornaldasoficinas.com\/pt\/","name":"Jornal das Oficinas","description":"Jornal independente do Aftermarket Autom\u00f3vel em Portugal","publisher":{"@id":"https:\/\/jornaldasoficinas.com\/pt\/#organization"},"potentialAction":[{"@type":"SearchAction","target":{"@type":"EntryPoint","urlTemplate":"https:\/\/jornaldasoficinas.com\/pt\/?s={search_term_string}"},"query-input":{"@type":"PropertyValueSpecification","valueRequired":true,"valueName":"search_term_string"}}],"inLanguage":"pt-PT"},{"@type":"Organization","@id":"https:\/\/jornaldasoficinas.com\/pt\/#organization","name":"Jornal das Oficinas","url":"https:\/\/jornaldasoficinas.com\/pt\/","logo":{"@type":"ImageObject","inLanguage":"pt-PT","@id":"https:\/\/jornaldasoficinas.com\/pt\/#\/schema\/logo\/image\/","url":"https:\/\/jornaldasoficinas.com\/pt\/wp-content\/uploads\/logoJO-SEO.png","contentUrl":"https:\/\/jornaldasoficinas.com\/pt\/wp-content\/uploads\/logoJO-SEO.png","width":285,"height":450,"caption":"Jornal das Oficinas"},"image":{"@id":"https:\/\/jornaldasoficinas.com\/pt\/#\/schema\/logo\/image\/"},"sameAs":["https:\/\/www.facebook.com\/jornaloficinas","https:\/\/x.com\/jornaloficinas","https:\/\/www.instagram.com\/jornal_oficinas\/","https:\/\/www.linkedin.com\/company\/jornal-das-oficinas\/","https:\/\/www.youtube.com\/channel\/UCbQZBqtcvV-oSQrr7RzINGg"]},{"@type":"Person","@id":"https:\/\/jornaldasoficinas.com\/pt\/#\/schema\/person\/a38eef5de2c41d9e7c9ac10141afddf3","name":"Reda\u00e7\u00e3o JO","image":{"@type":"ImageObject","inLanguage":"pt-PT","@id":"https:\/\/secure.gravatar.com\/avatar\/71f2fa71737ad68a84fea94bc708ddac8ea5b0c4788dc2ad202f3ccb2887742f?s=96&d=wp_user_avatar&r=g","url":"https:\/\/secure.gravatar.com\/avatar\/71f2fa71737ad68a84fea94bc708ddac8ea5b0c4788dc2ad202f3ccb2887742f?s=96&d=wp_user_avatar&r=g","contentUrl":"https:\/\/secure.gravatar.com\/avatar\/71f2fa71737ad68a84fea94bc708ddac8ea5b0c4788dc2ad202f3ccb2887742f?s=96&d=wp_user_avatar&r=g","caption":"Reda\u00e7\u00e3o JO"},"url":"https:\/\/jornaldasoficinas.com\/pt\/author\/joredacao\/"}]}},"_links":{"self":[{"href":"https:\/\/jornaldasoficinas.com\/pt\/wp-json\/wp\/v2\/posts\/93990","targetHints":{"allow":["GET"]}}],"collection":[{"href":"https:\/\/jornaldasoficinas.com\/pt\/wp-json\/wp\/v2\/posts"}],"about":[{"href":"https:\/\/jornaldasoficinas.com\/pt\/wp-json\/wp\/v2\/types\/post"}],"author":[{"embeddable":true,"href":"https:\/\/jornaldasoficinas.com\/pt\/wp-json\/wp\/v2\/users\/15"}],"replies":[{"embeddable":true,"href":"https:\/\/jornaldasoficinas.com\/pt\/wp-json\/wp\/v2\/comments?post=93990"}],"version-history":[{"count":0,"href":"https:\/\/jornaldasoficinas.com\/pt\/wp-json\/wp\/v2\/posts\/93990\/revisions"}],"wp:featuredmedia":[{"embeddable":true,"href":"https:\/\/jornaldasoficinas.com\/pt\/wp-json\/wp\/v2\/media\/93994"}],"wp:attachment":[{"href":"https:\/\/jornaldasoficinas.com\/pt\/wp-json\/wp\/v2\/media?parent=93990"}],"wp:term":[{"taxonomy":"category","embeddable":true,"href":"https:\/\/jornaldasoficinas.com\/pt\/wp-json\/wp\/v2\/categories?post=93990"},{"taxonomy":"post_tag","embeddable":true,"href":"https:\/\/jornaldasoficinas.com\/pt\/wp-json\/wp\/v2\/tags?post=93990"}],"curies":[{"name":"wp","href":"https:\/\/api.w.org\/{rel}","templated":true}]}}