{"id":93996,"date":"2024-11-12T16:00:36","date_gmt":"2024-11-12T16:00:36","guid":{"rendered":"https:\/\/jornaldasoficinas.com\/pt\/?p=93996"},"modified":"2024-11-12T11:09:11","modified_gmt":"2024-11-12T11:09:11","slug":"fuchs-apresentou-novo-conceito-act-na-expomecanica","status":"publish","type":"post","link":"https:\/\/jornaldasoficinas.com\/pt\/fuchs-apresentou-novo-conceito-act-na-expomecanica\/","title":{"rendered":"FUCHS apresentou novo conceito ACT na expoMEC\u00c2NICA"},"content":{"rendered":"<p><strong><img loading=\"lazy\" decoding=\"async\" class=\"alignnone size-full wp-image-94003\" src=\"https:\/\/jornaldasoficinas.com\/pt\/wp-content\/uploads\/2024\/11\/FUCHS-apresentou-novo-conceito-ACT-na-expoMECANICA.jpg\" alt=\"11 - FUCHS apresentou novo conceito ACT na expoMECANICA\" width=\"1024\" height=\"581\" srcset=\"https:\/\/jornaldasoficinas.com\/pt\/wp-content\/uploads\/2024\/11\/FUCHS-apresentou-novo-conceito-ACT-na-expoMECANICA.jpg 1024w, https:\/\/jornaldasoficinas.com\/pt\/wp-content\/uploads\/2024\/11\/FUCHS-apresentou-novo-conceito-ACT-na-expoMECANICA-300x170.jpg 300w, https:\/\/jornaldasoficinas.com\/pt\/wp-content\/uploads\/2024\/11\/FUCHS-apresentou-novo-conceito-ACT-na-expoMECANICA-150x85.jpg 150w, https:\/\/jornaldasoficinas.com\/pt\/wp-content\/uploads\/2024\/11\/FUCHS-apresentou-novo-conceito-ACT-na-expoMECANICA-768x436.jpg 768w\" sizes=\"auto, (max-width: 1024px) 100vw, 1024px\" \/><\/strong><\/p>\n<p><strong>A <a href=\"https:\/\/www.fuchs.com\/pt\/pt\/\" target=\"_blank\" rel=\"noopener\">FUCHS<\/a> lan\u00e7ou um novo conceito ACT \u2013 Advanced Circular Technologies \u2013 que promete reduzir a pr\u00f3pria pegada de carbono e a dos mais de 100.000 clientes a n\u00edvel global<\/strong><\/p>\n<p>A FUCHS est\u00e1 em plena miss\u00e3o. Foi com um apelo que a equipa automotive da filial portuguesa recebeu os visitantes no stand da expoMEC\u00c2NICA. &#8220;TIME TO ACT&#8221;, lia-se na parede central, em que a marca das oficinas deixou o convite: &#8220;Junte-se a n\u00f3s neste processo global e reduza a sua pegada de carbono ao utilizar os nossos produtos, com um impacto positivo no planeta&#8221;.<\/p>\n<p>&#8220;Como maior fabricante independente de lubrificantes do mundo, a FUCHS est\u00e1 consciente da enorme influ\u00eancia que tem na preserva\u00e7\u00e3o do planeta. Por isso, lan\u00e7ou agora o novo conceito ACT \u2013 Advanced Circular Technologies \u2013 para reduzir a pr\u00f3pria pegada de carbono e a dos mais de 100.000 clientes a n\u00edvel global&#8221;, referiu a empresa.<\/p>\n<p>Para al\u00e9m de convidar para a a\u00e7\u00e3o, o que significa ACT? &#8220;Transformar a cadeia de valor de linear para circular e, ao mesmo tempo, assegurar o desempenho superior que \u00e9 sin\u00f3nimo da FUCHS. O processo de transforma\u00e7\u00e3o \u00e9 transversal. Engloba tudo desde as mat\u00e9rias-primas \u2013 aqui as finitas s\u00e3o substitu\u00eddas por recicladas, de base biol\u00f3gica ou renov\u00e1veis \u2013 \u00e0 reciclagem no final do ciclo de vida. Na Europa, as embalagens pequenas da FUCHS s\u00e3o feitas de material 100% reciclado e s\u00e3o 100% recicl\u00e1veis&#8221;, explicou.<\/p>\n<p><strong>LASO junta-se \u00e0 FUCHS com conceito ACT<\/strong><\/p>\n<p>&#8220;Colaboramos com a FUCHS para encontrar as solu\u00e7\u00f5es mais amigas do ambiente&#8221;, sublinhou Paulo Franco, diretor executivo da <a href=\"https:\/\/www.laso.pt\/pt\/\" target=\"_blank\" rel=\"noopener\">LASO<\/a>, e d\u00e1 um exemplo recente da parceria que come\u00e7ou em 2016: &#8220;Decidimos evoluir no \u00f3leo de motor da nossa frota e fizemos, em conjunto, um estudo com um dos produtos mais avan\u00e7ados que a FUCHS tem, o CARGO MAXX II 5W-30&#8221;.<\/p>\n<p>Qual o resultado? &#8220;Os nossos cami\u00f5es at\u00e9 baixam o consumo e as mudan\u00e7as de \u00f3leo s\u00e3o mais espa\u00e7adas&#8221;, destacou. &#8220;O CARGO MAXX II 5W-30 \u00e9 um exemplo de aplica\u00e7\u00e3o do ACT. Para al\u00e9m de reduzir o consumo de combust\u00edvel em 1% e o consumo de \u00f3leo em 18%, este \u00f3leo de motor com tecnologia XTL reduz as emiss\u00f5es de CO2 de forma significativa, nomeadamente em 1,4 toneladas por cami\u00e3o com um percurso de 150 mil quil\u00f3metros&#8221;, assegurou.<\/p>\n<p>&#8220;Numa empresa como a LASO com 2.600 equipamentos, desde autom\u00f3veis at\u00e9 aos cami\u00f5es especiais, que anualmente percorrem um total de 50 milh\u00f5es de quil\u00f3metros, faz toda a diferen\u00e7a a n\u00edvel ambiental, para al\u00e9m da competitividade e seguran\u00e7a. &#8220;TIME TO ACT&#8221; \u2013 a LASO j\u00e1 aceitou o convite e juntou-se \u00e0 FUCHS&#8221;, adiantou.<\/p>\n<p><strong>FUCHS RACING promove o ACT<\/strong><\/p>\n<p>Corridas autom\u00f3veis e prote\u00e7\u00e3o do clima parecem incompat\u00edveis? &#8220;N\u00e3o para a FUCHS que apoia a competi\u00e7\u00e3o precisamente para provar que a alta performance pode ser atingida com lubrificantes cada vez mais sustent\u00e1veis&#8221;, sublinhou Andr\u00e9 Castro Pinheiro, diretor da divis\u00e3o autom\u00f3vel da FUCHS Portugal e acrescentou: &#8220;Em competi\u00e7\u00e3o, mostra-se a excelente qualidade dos nossos produtos, j\u00e1 que est\u00e3o expostos a condi\u00e7\u00f5es extremas&#8221;.<\/p>\n<p>&#8220;A FUCHS RACING acompanha os seus pilotos com conselhos t\u00e9cnicos e as solu\u00e7\u00f5es de lubrifica\u00e7\u00e3o mais avan\u00e7adas. As provas s\u00e3o tamb\u00e9m ideais para alcan\u00e7armos um grande p\u00fablico com o nosso convite para agir: TIME TO ACT&#8221;, concluiu.<\/p>\n<p>&nbsp;<\/p>\n","protected":false},"excerpt":{"rendered":"<p>A FUCHS lan\u00e7ou um novo conceito&#8230;<\/p>\n","protected":false},"author":15,"featured_media":94003,"comment_status":"closed","ping_status":"closed","sticky":false,"template":"","format":"standard","meta":{"footnotes":""},"categories":[29,4632],"tags":[11144,11027,277,11074,8575,4966],"class_list":["post-93996","post","type-post","status-publish","format-standard","has-post-thumbnail","hentry","category-empresas","category-expomecanica","tag-act-advanced-circular-technologies","tag-expomecanica-2024","tag-fuchs","tag-laso","tag-novo-conceito","tag-pegada-de-carbono"],"yoast_head":"<!-- This site is optimized with the Yoast SEO plugin v27.4 - https:\/\/yoast.com\/product\/yoast-seo-wordpress\/ -->\n<title>FUCHS apresentou novo conceito ACT na expoMEC\u00c2NICA - Jornal das Oficinas<\/title>\n<meta name=\"description\" content=\"A FUCHS lan\u00e7ou um novo conceito ACT que promete reduzir a pr\u00f3pria pegada de carbono e a dos mais de 100.000 clientes a n\u00edvel global\" \/>\n<meta name=\"robots\" content=\"index, follow, max-snippet:-1, max-image-preview:large, max-video-preview:-1\" \/>\n<link rel=\"canonical\" href=\"https:\/\/jornaldasoficinas.com\/pt\/fuchs-apresentou-novo-conceito-act-na-expomecanica\/\" \/>\n<meta property=\"og:locale\" content=\"pt_PT\" \/>\n<meta property=\"og:type\" content=\"article\" \/>\n<meta property=\"og:title\" content=\"FUCHS apresentou novo conceito ACT na expoMEC\u00c2NICA - Jornal das Oficinas\" \/>\n<meta property=\"og:description\" content=\"A FUCHS lan\u00e7ou um novo conceito ACT que promete reduzir a pr\u00f3pria pegada de carbono e a dos mais de 100.000 clientes a n\u00edvel global\" \/>\n<meta property=\"og:url\" content=\"https:\/\/jornaldasoficinas.com\/pt\/fuchs-apresentou-novo-conceito-act-na-expomecanica\/\" \/>\n<meta property=\"og:site_name\" content=\"Jornal das Oficinas\" \/>\n<meta property=\"article:publisher\" content=\"https:\/\/www.facebook.com\/jornaloficinas\" \/>\n<meta property=\"article:published_time\" content=\"2024-11-12T16:00:36+00:00\" \/>\n<meta property=\"og:image\" content=\"https:\/\/jornaldasoficinas.com\/pt\/wp-content\/uploads\/2024\/11\/FUCHS-apresentou-novo-conceito-ACT-na-expoMECANICA.jpg\" \/>\n\t<meta property=\"og:image:width\" content=\"1024\" \/>\n\t<meta property=\"og:image:height\" content=\"581\" \/>\n\t<meta property=\"og:image:type\" content=\"image\/jpeg\" \/>\n<meta name=\"author\" content=\"Reda\u00e7\u00e3o JO\" \/>\n<meta name=\"twitter:card\" content=\"summary_large_image\" \/>\n<meta name=\"twitter:creator\" content=\"@jornaloficinas\" \/>\n<meta name=\"twitter:site\" content=\"@jornaloficinas\" \/>\n<meta name=\"twitter:label1\" content=\"Escrito por\" \/>\n\t<meta name=\"twitter:data1\" content=\"Reda\u00e7\u00e3o JO\" \/>\n\t<meta name=\"twitter:label2\" content=\"Tempo estimado de leitura\" \/>\n\t<meta name=\"twitter:data2\" content=\"4 minutos\" \/>\n<script type=\"application\/ld+json\" class=\"yoast-schema-graph\">{\"@context\":\"https:\\\/\\\/schema.org\",\"@graph\":[{\"@type\":\"Article\",\"@id\":\"https:\\\/\\\/jornaldasoficinas.com\\\/pt\\\/fuchs-apresentou-novo-conceito-act-na-expomecanica\\\/#article\",\"isPartOf\":{\"@id\":\"https:\\\/\\\/jornaldasoficinas.com\\\/pt\\\/fuchs-apresentou-novo-conceito-act-na-expomecanica\\\/\"},\"author\":{\"name\":\"Reda\u00e7\u00e3o JO\",\"@id\":\"https:\\\/\\\/jornaldasoficinas.com\\\/pt\\\/#\\\/schema\\\/person\\\/a38eef5de2c41d9e7c9ac10141afddf3\"},\"headline\":\"FUCHS apresentou novo conceito ACT na expoMEC\u00c2NICA\",\"datePublished\":\"2024-11-12T16:00:36+00:00\",\"mainEntityOfPage\":{\"@id\":\"https:\\\/\\\/jornaldasoficinas.com\\\/pt\\\/fuchs-apresentou-novo-conceito-act-na-expomecanica\\\/\"},\"wordCount\":579,\"publisher\":{\"@id\":\"https:\\\/\\\/jornaldasoficinas.com\\\/pt\\\/#organization\"},\"image\":{\"@id\":\"https:\\\/\\\/jornaldasoficinas.com\\\/pt\\\/fuchs-apresentou-novo-conceito-act-na-expomecanica\\\/#primaryimage\"},\"thumbnailUrl\":\"https:\\\/\\\/jornaldasoficinas.com\\\/pt\\\/wp-content\\\/uploads\\\/2024\\\/11\\\/FUCHS-apresentou-novo-conceito-ACT-na-expoMECANICA.jpg\",\"keywords\":[\"ACT \u2013 Advanced Circular Technologies\",\"expoMEC\u00c2NICA 2024\",\"Fuchs\",\"LASO\",\"novo conceito\",\"pegada de carbono\"],\"articleSection\":[\"Empresas\",\"expoMEC\u00c2NICA\"],\"inLanguage\":\"pt-PT\"},{\"@type\":\"WebPage\",\"@id\":\"https:\\\/\\\/jornaldasoficinas.com\\\/pt\\\/fuchs-apresentou-novo-conceito-act-na-expomecanica\\\/\",\"url\":\"https:\\\/\\\/jornaldasoficinas.com\\\/pt\\\/fuchs-apresentou-novo-conceito-act-na-expomecanica\\\/\",\"name\":\"FUCHS apresentou novo conceito ACT na expoMEC\u00c2NICA - Jornal das Oficinas\",\"isPartOf\":{\"@id\":\"https:\\\/\\\/jornaldasoficinas.com\\\/pt\\\/#website\"},\"primaryImageOfPage\":{\"@id\":\"https:\\\/\\\/jornaldasoficinas.com\\\/pt\\\/fuchs-apresentou-novo-conceito-act-na-expomecanica\\\/#primaryimage\"},\"image\":{\"@id\":\"https:\\\/\\\/jornaldasoficinas.com\\\/pt\\\/fuchs-apresentou-novo-conceito-act-na-expomecanica\\\/#primaryimage\"},\"thumbnailUrl\":\"https:\\\/\\\/jornaldasoficinas.com\\\/pt\\\/wp-content\\\/uploads\\\/2024\\\/11\\\/FUCHS-apresentou-novo-conceito-ACT-na-expoMECANICA.jpg\",\"datePublished\":\"2024-11-12T16:00:36+00:00\",\"description\":\"A FUCHS lan\u00e7ou um novo conceito ACT que promete reduzir a pr\u00f3pria pegada de carbono e a dos mais de 100.000 clientes a n\u00edvel global\",\"breadcrumb\":{\"@id\":\"https:\\\/\\\/jornaldasoficinas.com\\\/pt\\\/fuchs-apresentou-novo-conceito-act-na-expomecanica\\\/#breadcrumb\"},\"inLanguage\":\"pt-PT\",\"potentialAction\":[{\"@type\":\"ReadAction\",\"target\":[\"https:\\\/\\\/jornaldasoficinas.com\\\/pt\\\/fuchs-apresentou-novo-conceito-act-na-expomecanica\\\/\"]}]},{\"@type\":\"ImageObject\",\"inLanguage\":\"pt-PT\",\"@id\":\"https:\\\/\\\/jornaldasoficinas.com\\\/pt\\\/fuchs-apresentou-novo-conceito-act-na-expomecanica\\\/#primaryimage\",\"url\":\"https:\\\/\\\/jornaldasoficinas.com\\\/pt\\\/wp-content\\\/uploads\\\/2024\\\/11\\\/FUCHS-apresentou-novo-conceito-ACT-na-expoMECANICA.jpg\",\"contentUrl\":\"https:\\\/\\\/jornaldasoficinas.com\\\/pt\\\/wp-content\\\/uploads\\\/2024\\\/11\\\/FUCHS-apresentou-novo-conceito-ACT-na-expoMECANICA.jpg\",\"width\":1024,\"height\":581,\"caption\":\"11 - FUCHS apresentou novo conceito ACT na expoMECANICA\"},{\"@type\":\"BreadcrumbList\",\"@id\":\"https:\\\/\\\/jornaldasoficinas.com\\\/pt\\\/fuchs-apresentou-novo-conceito-act-na-expomecanica\\\/#breadcrumb\",\"itemListElement\":[{\"@type\":\"ListItem\",\"position\":1,\"name\":\"In\u00edcio\",\"item\":\"https:\\\/\\\/jornaldasoficinas.com\\\/pt\\\/\"},{\"@type\":\"ListItem\",\"position\":2,\"name\":\"FUCHS apresentou novo conceito ACT na expoMEC\u00c2NICA\"}]},{\"@type\":\"WebSite\",\"@id\":\"https:\\\/\\\/jornaldasoficinas.com\\\/pt\\\/#website\",\"url\":\"https:\\\/\\\/jornaldasoficinas.com\\\/pt\\\/\",\"name\":\"Jornal das Oficinas\",\"description\":\"Jornal independente do Aftermarket Autom\u00f3vel em Portugal\",\"publisher\":{\"@id\":\"https:\\\/\\\/jornaldasoficinas.com\\\/pt\\\/#organization\"},\"potentialAction\":[{\"@type\":\"SearchAction\",\"target\":{\"@type\":\"EntryPoint\",\"urlTemplate\":\"https:\\\/\\\/jornaldasoficinas.com\\\/pt\\\/?s={search_term_string}\"},\"query-input\":{\"@type\":\"PropertyValueSpecification\",\"valueRequired\":true,\"valueName\":\"search_term_string\"}}],\"inLanguage\":\"pt-PT\"},{\"@type\":\"Organization\",\"@id\":\"https:\\\/\\\/jornaldasoficinas.com\\\/pt\\\/#organization\",\"name\":\"Jornal das Oficinas\",\"url\":\"https:\\\/\\\/jornaldasoficinas.com\\\/pt\\\/\",\"logo\":{\"@type\":\"ImageObject\",\"inLanguage\":\"pt-PT\",\"@id\":\"https:\\\/\\\/jornaldasoficinas.com\\\/pt\\\/#\\\/schema\\\/logo\\\/image\\\/\",\"url\":\"https:\\\/\\\/jornaldasoficinas.com\\\/pt\\\/wp-content\\\/uploads\\\/logoJO-SEO.png\",\"contentUrl\":\"https:\\\/\\\/jornaldasoficinas.com\\\/pt\\\/wp-content\\\/uploads\\\/logoJO-SEO.png\",\"width\":285,\"height\":450,\"caption\":\"Jornal das Oficinas\"},\"image\":{\"@id\":\"https:\\\/\\\/jornaldasoficinas.com\\\/pt\\\/#\\\/schema\\\/logo\\\/image\\\/\"},\"sameAs\":[\"https:\\\/\\\/www.facebook.com\\\/jornaloficinas\",\"https:\\\/\\\/x.com\\\/jornaloficinas\",\"https:\\\/\\\/www.instagram.com\\\/jornal_oficinas\\\/\",\"https:\\\/\\\/www.linkedin.com\\\/company\\\/jornal-das-oficinas\\\/\",\"https:\\\/\\\/www.youtube.com\\\/channel\\\/UCbQZBqtcvV-oSQrr7RzINGg\"]},{\"@type\":\"Person\",\"@id\":\"https:\\\/\\\/jornaldasoficinas.com\\\/pt\\\/#\\\/schema\\\/person\\\/a38eef5de2c41d9e7c9ac10141afddf3\",\"name\":\"Reda\u00e7\u00e3o JO\",\"image\":{\"@type\":\"ImageObject\",\"inLanguage\":\"pt-PT\",\"@id\":\"https:\\\/\\\/secure.gravatar.com\\\/avatar\\\/71f2fa71737ad68a84fea94bc708ddac8ea5b0c4788dc2ad202f3ccb2887742f?s=96&d=wp_user_avatar&r=g\",\"url\":\"https:\\\/\\\/secure.gravatar.com\\\/avatar\\\/71f2fa71737ad68a84fea94bc708ddac8ea5b0c4788dc2ad202f3ccb2887742f?s=96&d=wp_user_avatar&r=g\",\"contentUrl\":\"https:\\\/\\\/secure.gravatar.com\\\/avatar\\\/71f2fa71737ad68a84fea94bc708ddac8ea5b0c4788dc2ad202f3ccb2887742f?s=96&d=wp_user_avatar&r=g\",\"caption\":\"Reda\u00e7\u00e3o JO\"},\"url\":\"https:\\\/\\\/jornaldasoficinas.com\\\/pt\\\/author\\\/joredacao\\\/\"}]}<\/script>\n<!-- \/ Yoast SEO plugin. -->","yoast_head_json":{"title":"FUCHS apresentou novo conceito ACT na expoMEC\u00c2NICA - Jornal das Oficinas","description":"A FUCHS lan\u00e7ou um novo conceito ACT que promete reduzir a pr\u00f3pria pegada de carbono e a dos mais de 100.000 clientes a n\u00edvel global","robots":{"index":"index","follow":"follow","max-snippet":"max-snippet:-1","max-image-preview":"max-image-preview:large","max-video-preview":"max-video-preview:-1"},"canonical":"https:\/\/jornaldasoficinas.com\/pt\/fuchs-apresentou-novo-conceito-act-na-expomecanica\/","og_locale":"pt_PT","og_type":"article","og_title":"FUCHS apresentou novo conceito ACT na expoMEC\u00c2NICA - Jornal das Oficinas","og_description":"A FUCHS lan\u00e7ou um novo conceito ACT que promete reduzir a pr\u00f3pria pegada de carbono e a dos mais de 100.000 clientes a n\u00edvel global","og_url":"https:\/\/jornaldasoficinas.com\/pt\/fuchs-apresentou-novo-conceito-act-na-expomecanica\/","og_site_name":"Jornal das Oficinas","article_publisher":"https:\/\/www.facebook.com\/jornaloficinas","article_published_time":"2024-11-12T16:00:36+00:00","og_image":[{"width":1024,"height":581,"url":"https:\/\/jornaldasoficinas.com\/pt\/wp-content\/uploads\/2024\/11\/FUCHS-apresentou-novo-conceito-ACT-na-expoMECANICA.jpg","type":"image\/jpeg"}],"author":"Reda\u00e7\u00e3o JO","twitter_card":"summary_large_image","twitter_creator":"@jornaloficinas","twitter_site":"@jornaloficinas","twitter_misc":{"Escrito por":"Reda\u00e7\u00e3o JO","Tempo estimado de leitura":"4 minutos"},"schema":{"@context":"https:\/\/schema.org","@graph":[{"@type":"Article","@id":"https:\/\/jornaldasoficinas.com\/pt\/fuchs-apresentou-novo-conceito-act-na-expomecanica\/#article","isPartOf":{"@id":"https:\/\/jornaldasoficinas.com\/pt\/fuchs-apresentou-novo-conceito-act-na-expomecanica\/"},"author":{"name":"Reda\u00e7\u00e3o JO","@id":"https:\/\/jornaldasoficinas.com\/pt\/#\/schema\/person\/a38eef5de2c41d9e7c9ac10141afddf3"},"headline":"FUCHS apresentou novo conceito ACT na expoMEC\u00c2NICA","datePublished":"2024-11-12T16:00:36+00:00","mainEntityOfPage":{"@id":"https:\/\/jornaldasoficinas.com\/pt\/fuchs-apresentou-novo-conceito-act-na-expomecanica\/"},"wordCount":579,"publisher":{"@id":"https:\/\/jornaldasoficinas.com\/pt\/#organization"},"image":{"@id":"https:\/\/jornaldasoficinas.com\/pt\/fuchs-apresentou-novo-conceito-act-na-expomecanica\/#primaryimage"},"thumbnailUrl":"https:\/\/jornaldasoficinas.com\/pt\/wp-content\/uploads\/2024\/11\/FUCHS-apresentou-novo-conceito-ACT-na-expoMECANICA.jpg","keywords":["ACT \u2013 Advanced Circular Technologies","expoMEC\u00c2NICA 2024","Fuchs","LASO","novo conceito","pegada de carbono"],"articleSection":["Empresas","expoMEC\u00c2NICA"],"inLanguage":"pt-PT"},{"@type":"WebPage","@id":"https:\/\/jornaldasoficinas.com\/pt\/fuchs-apresentou-novo-conceito-act-na-expomecanica\/","url":"https:\/\/jornaldasoficinas.com\/pt\/fuchs-apresentou-novo-conceito-act-na-expomecanica\/","name":"FUCHS apresentou novo conceito ACT na expoMEC\u00c2NICA - Jornal das Oficinas","isPartOf":{"@id":"https:\/\/jornaldasoficinas.com\/pt\/#website"},"primaryImageOfPage":{"@id":"https:\/\/jornaldasoficinas.com\/pt\/fuchs-apresentou-novo-conceito-act-na-expomecanica\/#primaryimage"},"image":{"@id":"https:\/\/jornaldasoficinas.com\/pt\/fuchs-apresentou-novo-conceito-act-na-expomecanica\/#primaryimage"},"thumbnailUrl":"https:\/\/jornaldasoficinas.com\/pt\/wp-content\/uploads\/2024\/11\/FUCHS-apresentou-novo-conceito-ACT-na-expoMECANICA.jpg","datePublished":"2024-11-12T16:00:36+00:00","description":"A FUCHS lan\u00e7ou um novo conceito ACT que promete reduzir a pr\u00f3pria pegada de carbono e a dos mais de 100.000 clientes a n\u00edvel global","breadcrumb":{"@id":"https:\/\/jornaldasoficinas.com\/pt\/fuchs-apresentou-novo-conceito-act-na-expomecanica\/#breadcrumb"},"inLanguage":"pt-PT","potentialAction":[{"@type":"ReadAction","target":["https:\/\/jornaldasoficinas.com\/pt\/fuchs-apresentou-novo-conceito-act-na-expomecanica\/"]}]},{"@type":"ImageObject","inLanguage":"pt-PT","@id":"https:\/\/jornaldasoficinas.com\/pt\/fuchs-apresentou-novo-conceito-act-na-expomecanica\/#primaryimage","url":"https:\/\/jornaldasoficinas.com\/pt\/wp-content\/uploads\/2024\/11\/FUCHS-apresentou-novo-conceito-ACT-na-expoMECANICA.jpg","contentUrl":"https:\/\/jornaldasoficinas.com\/pt\/wp-content\/uploads\/2024\/11\/FUCHS-apresentou-novo-conceito-ACT-na-expoMECANICA.jpg","width":1024,"height":581,"caption":"11 - FUCHS apresentou novo conceito ACT na expoMECANICA"},{"@type":"BreadcrumbList","@id":"https:\/\/jornaldasoficinas.com\/pt\/fuchs-apresentou-novo-conceito-act-na-expomecanica\/#breadcrumb","itemListElement":[{"@type":"ListItem","position":1,"name":"In\u00edcio","item":"https:\/\/jornaldasoficinas.com\/pt\/"},{"@type":"ListItem","position":2,"name":"FUCHS apresentou novo conceito ACT na expoMEC\u00c2NICA"}]},{"@type":"WebSite","@id":"https:\/\/jornaldasoficinas.com\/pt\/#website","url":"https:\/\/jornaldasoficinas.com\/pt\/","name":"Jornal das Oficinas","description":"Jornal independente do Aftermarket Autom\u00f3vel em Portugal","publisher":{"@id":"https:\/\/jornaldasoficinas.com\/pt\/#organization"},"potentialAction":[{"@type":"SearchAction","target":{"@type":"EntryPoint","urlTemplate":"https:\/\/jornaldasoficinas.com\/pt\/?s={search_term_string}"},"query-input":{"@type":"PropertyValueSpecification","valueRequired":true,"valueName":"search_term_string"}}],"inLanguage":"pt-PT"},{"@type":"Organization","@id":"https:\/\/jornaldasoficinas.com\/pt\/#organization","name":"Jornal das Oficinas","url":"https:\/\/jornaldasoficinas.com\/pt\/","logo":{"@type":"ImageObject","inLanguage":"pt-PT","@id":"https:\/\/jornaldasoficinas.com\/pt\/#\/schema\/logo\/image\/","url":"https:\/\/jornaldasoficinas.com\/pt\/wp-content\/uploads\/logoJO-SEO.png","contentUrl":"https:\/\/jornaldasoficinas.com\/pt\/wp-content\/uploads\/logoJO-SEO.png","width":285,"height":450,"caption":"Jornal das Oficinas"},"image":{"@id":"https:\/\/jornaldasoficinas.com\/pt\/#\/schema\/logo\/image\/"},"sameAs":["https:\/\/www.facebook.com\/jornaloficinas","https:\/\/x.com\/jornaloficinas","https:\/\/www.instagram.com\/jornal_oficinas\/","https:\/\/www.linkedin.com\/company\/jornal-das-oficinas\/","https:\/\/www.youtube.com\/channel\/UCbQZBqtcvV-oSQrr7RzINGg"]},{"@type":"Person","@id":"https:\/\/jornaldasoficinas.com\/pt\/#\/schema\/person\/a38eef5de2c41d9e7c9ac10141afddf3","name":"Reda\u00e7\u00e3o JO","image":{"@type":"ImageObject","inLanguage":"pt-PT","@id":"https:\/\/secure.gravatar.com\/avatar\/71f2fa71737ad68a84fea94bc708ddac8ea5b0c4788dc2ad202f3ccb2887742f?s=96&d=wp_user_avatar&r=g","url":"https:\/\/secure.gravatar.com\/avatar\/71f2fa71737ad68a84fea94bc708ddac8ea5b0c4788dc2ad202f3ccb2887742f?s=96&d=wp_user_avatar&r=g","contentUrl":"https:\/\/secure.gravatar.com\/avatar\/71f2fa71737ad68a84fea94bc708ddac8ea5b0c4788dc2ad202f3ccb2887742f?s=96&d=wp_user_avatar&r=g","caption":"Reda\u00e7\u00e3o JO"},"url":"https:\/\/jornaldasoficinas.com\/pt\/author\/joredacao\/"}]}},"_links":{"self":[{"href":"https:\/\/jornaldasoficinas.com\/pt\/wp-json\/wp\/v2\/posts\/93996","targetHints":{"allow":["GET"]}}],"collection":[{"href":"https:\/\/jornaldasoficinas.com\/pt\/wp-json\/wp\/v2\/posts"}],"about":[{"href":"https:\/\/jornaldasoficinas.com\/pt\/wp-json\/wp\/v2\/types\/post"}],"author":[{"embeddable":true,"href":"https:\/\/jornaldasoficinas.com\/pt\/wp-json\/wp\/v2\/users\/15"}],"replies":[{"embeddable":true,"href":"https:\/\/jornaldasoficinas.com\/pt\/wp-json\/wp\/v2\/comments?post=93996"}],"version-history":[{"count":0,"href":"https:\/\/jornaldasoficinas.com\/pt\/wp-json\/wp\/v2\/posts\/93996\/revisions"}],"wp:featuredmedia":[{"embeddable":true,"href":"https:\/\/jornaldasoficinas.com\/pt\/wp-json\/wp\/v2\/media\/94003"}],"wp:attachment":[{"href":"https:\/\/jornaldasoficinas.com\/pt\/wp-json\/wp\/v2\/media?parent=93996"}],"wp:term":[{"taxonomy":"category","embeddable":true,"href":"https:\/\/jornaldasoficinas.com\/pt\/wp-json\/wp\/v2\/categories?post=93996"},{"taxonomy":"post_tag","embeddable":true,"href":"https:\/\/jornaldasoficinas.com\/pt\/wp-json\/wp\/v2\/tags?post=93996"}],"curies":[{"name":"wp","href":"https:\/\/api.w.org\/{rel}","templated":true}]}}