{"id":94042,"date":"2024-11-13T08:00:01","date_gmt":"2024-11-13T08:00:01","guid":{"rendered":"https:\/\/jornaldasoficinas.com\/pt\/?p=94042"},"modified":"2024-11-12T21:19:44","modified_gmt":"2024-11-12T21:19:44","slug":"hella-gutmann-e-varta-aumentam-eficiencia-das-oficinas","status":"publish","type":"post","link":"https:\/\/jornaldasoficinas.com\/pt\/hella-gutmann-e-varta-aumentam-eficiencia-das-oficinas\/","title":{"rendered":"Hella Gutmann e VARTA aumentam efici\u00eancia das oficinas"},"content":{"rendered":"<p><strong><img loading=\"lazy\" decoding=\"async\" class=\"alignnone size-full wp-image-94045\" src=\"https:\/\/jornaldasoficinas.com\/pt\/wp-content\/uploads\/2024\/11\/Hella-Gutmann-e-VARTA-aumentam-eficiencia-das-oficinas.jpg\" alt=\"11 - Hella Gutmann e VARTA aumentam eficiencia das oficinas\" width=\"1024\" height=\"581\" srcset=\"https:\/\/jornaldasoficinas.com\/pt\/wp-content\/uploads\/2024\/11\/Hella-Gutmann-e-VARTA-aumentam-eficiencia-das-oficinas.jpg 1024w, https:\/\/jornaldasoficinas.com\/pt\/wp-content\/uploads\/2024\/11\/Hella-Gutmann-e-VARTA-aumentam-eficiencia-das-oficinas-300x170.jpg 300w, https:\/\/jornaldasoficinas.com\/pt\/wp-content\/uploads\/2024\/11\/Hella-Gutmann-e-VARTA-aumentam-eficiencia-das-oficinas-150x85.jpg 150w, https:\/\/jornaldasoficinas.com\/pt\/wp-content\/uploads\/2024\/11\/Hella-Gutmann-e-VARTA-aumentam-eficiencia-das-oficinas-768x436.jpg 768w\" sizes=\"auto, (max-width: 1024px) 100vw, 1024px\" \/><\/strong><\/p>\n<p><strong>A colabora\u00e7\u00e3o entre a <a href=\"https:\/\/www.hella-gutmann.com\/\" target=\"_blank\" rel=\"noopener\">Hella Gutmann<\/a> e <a href=\"https:\/\/www.varta-automotive.pt\/pt-pt\" target=\"_blank\" rel=\"noopener\">VARTA<\/a> visa melhorar as capacidades de diagn\u00f3stico das oficinas em torno de baterias de baixa tens\u00e3o<\/strong><\/p>\n<p>A VARTA Automotive e a Hella Gutmann Solutions anunciaram um acordo de desenvolvimento conjunto para criar novos servi\u00e7os de diagn\u00f3stico de baterias para oficinas na Europa. O objetivo destes esfor\u00e7os de desenvolvimento \u00e9 de as capacitar para prestarem servi\u00e7os de diagn\u00f3stico de baterias de forma mais r\u00e1pida e precisa.<\/p>\n<p>&#8220;A Clarios tem o prazer de estabelecer uma parceria com a Hella Gutmann Solutions, uma empresa com uma forte reputa\u00e7\u00e3o no mercado, especialmente na \u00e1rea das solu\u00e7\u00f5es de diagn\u00f3stico profissional&#8221;, afirmou Theres Gosztonyi, vice-presidente de p\u00f3s-venda da Clarios na EMEA.<\/p>\n<p>&#8220;Juntamente com a nossa experi\u00eancia em baterias, podemos apoiar ainda melhor as oficinas no seu trabalho di\u00e1rio&#8221;, acrescentou.<\/p>\n<p>Todos os ve\u00edculos, incluindo os el\u00e9tricos e h\u00edbridos, necessitam de um fonte de energia de baixa tens\u00e3o para garantir o funcionamento de sistemas importantes.<\/p>\n<p>Hoje, a rede de baixa tens\u00e3o \u00e9 for\u00e7ada a suportar mais fun\u00e7\u00f5es baseadas em software, como a condu\u00e7\u00e3o e travagem, fun\u00e7\u00f5es aut\u00f3nomas e experi\u00eancia de condu\u00e7\u00e3o otimizada. Como resultado, as baterias dos autom\u00f3veis est\u00e3o, cada vez mais, sob uma maior press\u00e3o.<\/p>\n<p>&#8220;O objetivo da Hella Gutmann \u00e9 fortalecer a efici\u00eancia e a rentabilidade das empresas do setor de repara\u00e7\u00e3o autom\u00f3vel independente atrav\u00e9s dos nossos equipamentos, dados e servi\u00e7os de oficina anal\u00f3gicos e digitais, em todas as marcas, modelos e tipos de ve\u00edculos&#8221;, sublinhou Adnan Cemal, CEO da Hella Gutmann Solutions.<\/p>\n<p>&#8220;Atrav\u00e9s da coopera\u00e7\u00e3o com a Clarios, complementaremos a nossa experi\u00eancia atual em diagn\u00f3stico de baterias no setor de alta tens\u00e3o e, no futuro, tamb\u00e9m forneceremos aos nossos clientes do setor de baixa tens\u00e3o uma vis\u00e3o simples do estado das baterias dos ve\u00edculos&#8221;, concluiu.<\/p>\n","protected":false},"excerpt":{"rendered":"<p>A colabora\u00e7\u00e3o entre a Hella Gutmann&#8230;<\/p>\n","protected":false},"author":15,"featured_media":94045,"comment_status":"closed","ping_status":"closed","sticky":false,"template":"","format":"standard","meta":{"footnotes":""},"categories":[29],"tags":[11150,2527,386,3217,11149,728],"class_list":["post-94042","post","type-post","status-publish","format-standard","has-post-thumbnail","hentry","category-empresas","tag-baterias-de-baixa-tensao","tag-hella-gutmann","tag-oficinas","tag-parceria","tag-servico-de-diagnostico","tag-varta"],"yoast_head":"<!-- This site is optimized with the Yoast SEO plugin v27.5 - https:\/\/yoast.com\/product\/yoast-seo-wordpress\/ -->\n<title>Hella Gutmann e VARTA aumentam efici\u00eancia das oficinas - Jornal das Oficinas<\/title>\n<meta name=\"description\" content=\"A colabora\u00e7\u00e3o entre a Hella Gutmann e VARTA visa melhorar as capacidades de diagn\u00f3stico das oficinas em torno das baterias de baixa tens\u00e3o\" \/>\n<meta name=\"robots\" content=\"index, follow, max-snippet:-1, max-image-preview:large, max-video-preview:-1\" \/>\n<link rel=\"canonical\" href=\"https:\/\/jornaldasoficinas.com\/pt\/hella-gutmann-e-varta-aumentam-eficiencia-das-oficinas\/\" \/>\n<meta property=\"og:locale\" content=\"pt_PT\" \/>\n<meta property=\"og:type\" content=\"article\" \/>\n<meta property=\"og:title\" content=\"Hella Gutmann e VARTA aumentam efici\u00eancia das oficinas - Jornal das Oficinas\" \/>\n<meta property=\"og:description\" content=\"A colabora\u00e7\u00e3o entre a Hella Gutmann e VARTA visa melhorar as capacidades de diagn\u00f3stico das oficinas em torno das baterias de baixa tens\u00e3o\" \/>\n<meta property=\"og:url\" content=\"https:\/\/jornaldasoficinas.com\/pt\/hella-gutmann-e-varta-aumentam-eficiencia-das-oficinas\/\" \/>\n<meta property=\"og:site_name\" content=\"Jornal das Oficinas\" \/>\n<meta property=\"article:publisher\" content=\"https:\/\/www.facebook.com\/jornaloficinas\" \/>\n<meta property=\"article:published_time\" content=\"2024-11-13T08:00:01+00:00\" \/>\n<meta property=\"og:image\" content=\"https:\/\/jornaldasoficinas.com\/pt\/wp-content\/uploads\/2024\/11\/Hella-Gutmann-e-VARTA-aumentam-eficiencia-das-oficinas.jpg\" \/>\n\t<meta property=\"og:image:width\" content=\"1024\" \/>\n\t<meta property=\"og:image:height\" content=\"581\" \/>\n\t<meta property=\"og:image:type\" content=\"image\/jpeg\" \/>\n<meta name=\"author\" content=\"Reda\u00e7\u00e3o JO\" \/>\n<meta name=\"twitter:card\" content=\"summary_large_image\" \/>\n<meta name=\"twitter:creator\" content=\"@jornaloficinas\" \/>\n<meta name=\"twitter:site\" content=\"@jornaloficinas\" \/>\n<meta name=\"twitter:label1\" content=\"Escrito por\" \/>\n\t<meta name=\"twitter:data1\" content=\"Reda\u00e7\u00e3o JO\" \/>\n\t<meta name=\"twitter:label2\" content=\"Tempo estimado de leitura\" \/>\n\t<meta name=\"twitter:data2\" content=\"2 minutos\" \/>\n<script type=\"application\/ld+json\" class=\"yoast-schema-graph\">{\"@context\":\"https:\\\/\\\/schema.org\",\"@graph\":[{\"@type\":\"Article\",\"@id\":\"https:\\\/\\\/jornaldasoficinas.com\\\/pt\\\/hella-gutmann-e-varta-aumentam-eficiencia-das-oficinas\\\/#article\",\"isPartOf\":{\"@id\":\"https:\\\/\\\/jornaldasoficinas.com\\\/pt\\\/hella-gutmann-e-varta-aumentam-eficiencia-das-oficinas\\\/\"},\"author\":{\"name\":\"Reda\u00e7\u00e3o JO\",\"@id\":\"https:\\\/\\\/jornaldasoficinas.com\\\/pt\\\/#\\\/schema\\\/person\\\/a38eef5de2c41d9e7c9ac10141afddf3\"},\"headline\":\"Hella Gutmann e VARTA aumentam efici\u00eancia das oficinas\",\"datePublished\":\"2024-11-13T08:00:01+00:00\",\"mainEntityOfPage\":{\"@id\":\"https:\\\/\\\/jornaldasoficinas.com\\\/pt\\\/hella-gutmann-e-varta-aumentam-eficiencia-das-oficinas\\\/\"},\"wordCount\":339,\"publisher\":{\"@id\":\"https:\\\/\\\/jornaldasoficinas.com\\\/pt\\\/#organization\"},\"image\":{\"@id\":\"https:\\\/\\\/jornaldasoficinas.com\\\/pt\\\/hella-gutmann-e-varta-aumentam-eficiencia-das-oficinas\\\/#primaryimage\"},\"thumbnailUrl\":\"https:\\\/\\\/jornaldasoficinas.com\\\/pt\\\/wp-content\\\/uploads\\\/2024\\\/11\\\/Hella-Gutmann-e-VARTA-aumentam-eficiencia-das-oficinas.jpg\",\"keywords\":[\"baterias de baixa tens\u00e3o\",\"Hella-Gutmann\",\"Oficinas\",\"Parceria\",\"servi\u00e7o de diagn\u00f3stico\",\"VARTA\"],\"articleSection\":[\"Empresas\"],\"inLanguage\":\"pt-PT\"},{\"@type\":\"WebPage\",\"@id\":\"https:\\\/\\\/jornaldasoficinas.com\\\/pt\\\/hella-gutmann-e-varta-aumentam-eficiencia-das-oficinas\\\/\",\"url\":\"https:\\\/\\\/jornaldasoficinas.com\\\/pt\\\/hella-gutmann-e-varta-aumentam-eficiencia-das-oficinas\\\/\",\"name\":\"Hella Gutmann e VARTA aumentam efici\u00eancia das oficinas - Jornal das Oficinas\",\"isPartOf\":{\"@id\":\"https:\\\/\\\/jornaldasoficinas.com\\\/pt\\\/#website\"},\"primaryImageOfPage\":{\"@id\":\"https:\\\/\\\/jornaldasoficinas.com\\\/pt\\\/hella-gutmann-e-varta-aumentam-eficiencia-das-oficinas\\\/#primaryimage\"},\"image\":{\"@id\":\"https:\\\/\\\/jornaldasoficinas.com\\\/pt\\\/hella-gutmann-e-varta-aumentam-eficiencia-das-oficinas\\\/#primaryimage\"},\"thumbnailUrl\":\"https:\\\/\\\/jornaldasoficinas.com\\\/pt\\\/wp-content\\\/uploads\\\/2024\\\/11\\\/Hella-Gutmann-e-VARTA-aumentam-eficiencia-das-oficinas.jpg\",\"datePublished\":\"2024-11-13T08:00:01+00:00\",\"description\":\"A colabora\u00e7\u00e3o entre a Hella Gutmann e VARTA visa melhorar as capacidades de diagn\u00f3stico das oficinas em torno das baterias de baixa tens\u00e3o\",\"breadcrumb\":{\"@id\":\"https:\\\/\\\/jornaldasoficinas.com\\\/pt\\\/hella-gutmann-e-varta-aumentam-eficiencia-das-oficinas\\\/#breadcrumb\"},\"inLanguage\":\"pt-PT\",\"potentialAction\":[{\"@type\":\"ReadAction\",\"target\":[\"https:\\\/\\\/jornaldasoficinas.com\\\/pt\\\/hella-gutmann-e-varta-aumentam-eficiencia-das-oficinas\\\/\"]}]},{\"@type\":\"ImageObject\",\"inLanguage\":\"pt-PT\",\"@id\":\"https:\\\/\\\/jornaldasoficinas.com\\\/pt\\\/hella-gutmann-e-varta-aumentam-eficiencia-das-oficinas\\\/#primaryimage\",\"url\":\"https:\\\/\\\/jornaldasoficinas.com\\\/pt\\\/wp-content\\\/uploads\\\/2024\\\/11\\\/Hella-Gutmann-e-VARTA-aumentam-eficiencia-das-oficinas.jpg\",\"contentUrl\":\"https:\\\/\\\/jornaldasoficinas.com\\\/pt\\\/wp-content\\\/uploads\\\/2024\\\/11\\\/Hella-Gutmann-e-VARTA-aumentam-eficiencia-das-oficinas.jpg\",\"width\":1024,\"height\":581,\"caption\":\"11 - Hella Gutmann e VARTA aumentam eficiencia das oficinas\"},{\"@type\":\"BreadcrumbList\",\"@id\":\"https:\\\/\\\/jornaldasoficinas.com\\\/pt\\\/hella-gutmann-e-varta-aumentam-eficiencia-das-oficinas\\\/#breadcrumb\",\"itemListElement\":[{\"@type\":\"ListItem\",\"position\":1,\"name\":\"In\u00edcio\",\"item\":\"https:\\\/\\\/jornaldasoficinas.com\\\/pt\\\/\"},{\"@type\":\"ListItem\",\"position\":2,\"name\":\"Hella Gutmann e VARTA aumentam efici\u00eancia das oficinas\"}]},{\"@type\":\"WebSite\",\"@id\":\"https:\\\/\\\/jornaldasoficinas.com\\\/pt\\\/#website\",\"url\":\"https:\\\/\\\/jornaldasoficinas.com\\\/pt\\\/\",\"name\":\"Jornal das Oficinas\",\"description\":\"Jornal independente do Aftermarket Autom\u00f3vel em Portugal\",\"publisher\":{\"@id\":\"https:\\\/\\\/jornaldasoficinas.com\\\/pt\\\/#organization\"},\"potentialAction\":[{\"@type\":\"SearchAction\",\"target\":{\"@type\":\"EntryPoint\",\"urlTemplate\":\"https:\\\/\\\/jornaldasoficinas.com\\\/pt\\\/?s={search_term_string}\"},\"query-input\":{\"@type\":\"PropertyValueSpecification\",\"valueRequired\":true,\"valueName\":\"search_term_string\"}}],\"inLanguage\":\"pt-PT\"},{\"@type\":\"Organization\",\"@id\":\"https:\\\/\\\/jornaldasoficinas.com\\\/pt\\\/#organization\",\"name\":\"Jornal das Oficinas\",\"url\":\"https:\\\/\\\/jornaldasoficinas.com\\\/pt\\\/\",\"logo\":{\"@type\":\"ImageObject\",\"inLanguage\":\"pt-PT\",\"@id\":\"https:\\\/\\\/jornaldasoficinas.com\\\/pt\\\/#\\\/schema\\\/logo\\\/image\\\/\",\"url\":\"https:\\\/\\\/jornaldasoficinas.com\\\/pt\\\/wp-content\\\/uploads\\\/logoJO-SEO.png\",\"contentUrl\":\"https:\\\/\\\/jornaldasoficinas.com\\\/pt\\\/wp-content\\\/uploads\\\/logoJO-SEO.png\",\"width\":285,\"height\":450,\"caption\":\"Jornal das Oficinas\"},\"image\":{\"@id\":\"https:\\\/\\\/jornaldasoficinas.com\\\/pt\\\/#\\\/schema\\\/logo\\\/image\\\/\"},\"sameAs\":[\"https:\\\/\\\/www.facebook.com\\\/jornaloficinas\",\"https:\\\/\\\/x.com\\\/jornaloficinas\",\"https:\\\/\\\/www.instagram.com\\\/jornal_oficinas\\\/\",\"https:\\\/\\\/www.linkedin.com\\\/company\\\/jornal-das-oficinas\\\/\",\"https:\\\/\\\/www.youtube.com\\\/channel\\\/UCbQZBqtcvV-oSQrr7RzINGg\"]},{\"@type\":\"Person\",\"@id\":\"https:\\\/\\\/jornaldasoficinas.com\\\/pt\\\/#\\\/schema\\\/person\\\/a38eef5de2c41d9e7c9ac10141afddf3\",\"name\":\"Reda\u00e7\u00e3o JO\",\"image\":{\"@type\":\"ImageObject\",\"inLanguage\":\"pt-PT\",\"@id\":\"https:\\\/\\\/secure.gravatar.com\\\/avatar\\\/71f2fa71737ad68a84fea94bc708ddac8ea5b0c4788dc2ad202f3ccb2887742f?s=96&d=wp_user_avatar&r=g\",\"url\":\"https:\\\/\\\/secure.gravatar.com\\\/avatar\\\/71f2fa71737ad68a84fea94bc708ddac8ea5b0c4788dc2ad202f3ccb2887742f?s=96&d=wp_user_avatar&r=g\",\"contentUrl\":\"https:\\\/\\\/secure.gravatar.com\\\/avatar\\\/71f2fa71737ad68a84fea94bc708ddac8ea5b0c4788dc2ad202f3ccb2887742f?s=96&d=wp_user_avatar&r=g\",\"caption\":\"Reda\u00e7\u00e3o JO\"},\"url\":\"https:\\\/\\\/jornaldasoficinas.com\\\/pt\\\/author\\\/joredacao\\\/\"}]}<\/script>\n<!-- \/ Yoast SEO plugin. -->","yoast_head_json":{"title":"Hella Gutmann e VARTA aumentam efici\u00eancia das oficinas - Jornal das Oficinas","description":"A colabora\u00e7\u00e3o entre a Hella Gutmann e VARTA visa melhorar as capacidades de diagn\u00f3stico das oficinas em torno das baterias de baixa tens\u00e3o","robots":{"index":"index","follow":"follow","max-snippet":"max-snippet:-1","max-image-preview":"max-image-preview:large","max-video-preview":"max-video-preview:-1"},"canonical":"https:\/\/jornaldasoficinas.com\/pt\/hella-gutmann-e-varta-aumentam-eficiencia-das-oficinas\/","og_locale":"pt_PT","og_type":"article","og_title":"Hella Gutmann e VARTA aumentam efici\u00eancia das oficinas - Jornal das Oficinas","og_description":"A colabora\u00e7\u00e3o entre a Hella Gutmann e VARTA visa melhorar as capacidades de diagn\u00f3stico das oficinas em torno das baterias de baixa tens\u00e3o","og_url":"https:\/\/jornaldasoficinas.com\/pt\/hella-gutmann-e-varta-aumentam-eficiencia-das-oficinas\/","og_site_name":"Jornal das Oficinas","article_publisher":"https:\/\/www.facebook.com\/jornaloficinas","article_published_time":"2024-11-13T08:00:01+00:00","og_image":[{"width":1024,"height":581,"url":"https:\/\/jornaldasoficinas.com\/pt\/wp-content\/uploads\/2024\/11\/Hella-Gutmann-e-VARTA-aumentam-eficiencia-das-oficinas.jpg","type":"image\/jpeg"}],"author":"Reda\u00e7\u00e3o JO","twitter_card":"summary_large_image","twitter_creator":"@jornaloficinas","twitter_site":"@jornaloficinas","twitter_misc":{"Escrito por":"Reda\u00e7\u00e3o JO","Tempo estimado de leitura":"2 minutos"},"schema":{"@context":"https:\/\/schema.org","@graph":[{"@type":"Article","@id":"https:\/\/jornaldasoficinas.com\/pt\/hella-gutmann-e-varta-aumentam-eficiencia-das-oficinas\/#article","isPartOf":{"@id":"https:\/\/jornaldasoficinas.com\/pt\/hella-gutmann-e-varta-aumentam-eficiencia-das-oficinas\/"},"author":{"name":"Reda\u00e7\u00e3o JO","@id":"https:\/\/jornaldasoficinas.com\/pt\/#\/schema\/person\/a38eef5de2c41d9e7c9ac10141afddf3"},"headline":"Hella Gutmann e VARTA aumentam efici\u00eancia das oficinas","datePublished":"2024-11-13T08:00:01+00:00","mainEntityOfPage":{"@id":"https:\/\/jornaldasoficinas.com\/pt\/hella-gutmann-e-varta-aumentam-eficiencia-das-oficinas\/"},"wordCount":339,"publisher":{"@id":"https:\/\/jornaldasoficinas.com\/pt\/#organization"},"image":{"@id":"https:\/\/jornaldasoficinas.com\/pt\/hella-gutmann-e-varta-aumentam-eficiencia-das-oficinas\/#primaryimage"},"thumbnailUrl":"https:\/\/jornaldasoficinas.com\/pt\/wp-content\/uploads\/2024\/11\/Hella-Gutmann-e-VARTA-aumentam-eficiencia-das-oficinas.jpg","keywords":["baterias de baixa tens\u00e3o","Hella-Gutmann","Oficinas","Parceria","servi\u00e7o de diagn\u00f3stico","VARTA"],"articleSection":["Empresas"],"inLanguage":"pt-PT"},{"@type":"WebPage","@id":"https:\/\/jornaldasoficinas.com\/pt\/hella-gutmann-e-varta-aumentam-eficiencia-das-oficinas\/","url":"https:\/\/jornaldasoficinas.com\/pt\/hella-gutmann-e-varta-aumentam-eficiencia-das-oficinas\/","name":"Hella Gutmann e VARTA aumentam efici\u00eancia das oficinas - Jornal das Oficinas","isPartOf":{"@id":"https:\/\/jornaldasoficinas.com\/pt\/#website"},"primaryImageOfPage":{"@id":"https:\/\/jornaldasoficinas.com\/pt\/hella-gutmann-e-varta-aumentam-eficiencia-das-oficinas\/#primaryimage"},"image":{"@id":"https:\/\/jornaldasoficinas.com\/pt\/hella-gutmann-e-varta-aumentam-eficiencia-das-oficinas\/#primaryimage"},"thumbnailUrl":"https:\/\/jornaldasoficinas.com\/pt\/wp-content\/uploads\/2024\/11\/Hella-Gutmann-e-VARTA-aumentam-eficiencia-das-oficinas.jpg","datePublished":"2024-11-13T08:00:01+00:00","description":"A colabora\u00e7\u00e3o entre a Hella Gutmann e VARTA visa melhorar as capacidades de diagn\u00f3stico das oficinas em torno das baterias de baixa tens\u00e3o","breadcrumb":{"@id":"https:\/\/jornaldasoficinas.com\/pt\/hella-gutmann-e-varta-aumentam-eficiencia-das-oficinas\/#breadcrumb"},"inLanguage":"pt-PT","potentialAction":[{"@type":"ReadAction","target":["https:\/\/jornaldasoficinas.com\/pt\/hella-gutmann-e-varta-aumentam-eficiencia-das-oficinas\/"]}]},{"@type":"ImageObject","inLanguage":"pt-PT","@id":"https:\/\/jornaldasoficinas.com\/pt\/hella-gutmann-e-varta-aumentam-eficiencia-das-oficinas\/#primaryimage","url":"https:\/\/jornaldasoficinas.com\/pt\/wp-content\/uploads\/2024\/11\/Hella-Gutmann-e-VARTA-aumentam-eficiencia-das-oficinas.jpg","contentUrl":"https:\/\/jornaldasoficinas.com\/pt\/wp-content\/uploads\/2024\/11\/Hella-Gutmann-e-VARTA-aumentam-eficiencia-das-oficinas.jpg","width":1024,"height":581,"caption":"11 - Hella Gutmann e VARTA aumentam eficiencia das oficinas"},{"@type":"BreadcrumbList","@id":"https:\/\/jornaldasoficinas.com\/pt\/hella-gutmann-e-varta-aumentam-eficiencia-das-oficinas\/#breadcrumb","itemListElement":[{"@type":"ListItem","position":1,"name":"In\u00edcio","item":"https:\/\/jornaldasoficinas.com\/pt\/"},{"@type":"ListItem","position":2,"name":"Hella Gutmann e VARTA aumentam efici\u00eancia das oficinas"}]},{"@type":"WebSite","@id":"https:\/\/jornaldasoficinas.com\/pt\/#website","url":"https:\/\/jornaldasoficinas.com\/pt\/","name":"Jornal das Oficinas","description":"Jornal independente do Aftermarket Autom\u00f3vel em Portugal","publisher":{"@id":"https:\/\/jornaldasoficinas.com\/pt\/#organization"},"potentialAction":[{"@type":"SearchAction","target":{"@type":"EntryPoint","urlTemplate":"https:\/\/jornaldasoficinas.com\/pt\/?s={search_term_string}"},"query-input":{"@type":"PropertyValueSpecification","valueRequired":true,"valueName":"search_term_string"}}],"inLanguage":"pt-PT"},{"@type":"Organization","@id":"https:\/\/jornaldasoficinas.com\/pt\/#organization","name":"Jornal das Oficinas","url":"https:\/\/jornaldasoficinas.com\/pt\/","logo":{"@type":"ImageObject","inLanguage":"pt-PT","@id":"https:\/\/jornaldasoficinas.com\/pt\/#\/schema\/logo\/image\/","url":"https:\/\/jornaldasoficinas.com\/pt\/wp-content\/uploads\/logoJO-SEO.png","contentUrl":"https:\/\/jornaldasoficinas.com\/pt\/wp-content\/uploads\/logoJO-SEO.png","width":285,"height":450,"caption":"Jornal das Oficinas"},"image":{"@id":"https:\/\/jornaldasoficinas.com\/pt\/#\/schema\/logo\/image\/"},"sameAs":["https:\/\/www.facebook.com\/jornaloficinas","https:\/\/x.com\/jornaloficinas","https:\/\/www.instagram.com\/jornal_oficinas\/","https:\/\/www.linkedin.com\/company\/jornal-das-oficinas\/","https:\/\/www.youtube.com\/channel\/UCbQZBqtcvV-oSQrr7RzINGg"]},{"@type":"Person","@id":"https:\/\/jornaldasoficinas.com\/pt\/#\/schema\/person\/a38eef5de2c41d9e7c9ac10141afddf3","name":"Reda\u00e7\u00e3o JO","image":{"@type":"ImageObject","inLanguage":"pt-PT","@id":"https:\/\/secure.gravatar.com\/avatar\/71f2fa71737ad68a84fea94bc708ddac8ea5b0c4788dc2ad202f3ccb2887742f?s=96&d=wp_user_avatar&r=g","url":"https:\/\/secure.gravatar.com\/avatar\/71f2fa71737ad68a84fea94bc708ddac8ea5b0c4788dc2ad202f3ccb2887742f?s=96&d=wp_user_avatar&r=g","contentUrl":"https:\/\/secure.gravatar.com\/avatar\/71f2fa71737ad68a84fea94bc708ddac8ea5b0c4788dc2ad202f3ccb2887742f?s=96&d=wp_user_avatar&r=g","caption":"Reda\u00e7\u00e3o JO"},"url":"https:\/\/jornaldasoficinas.com\/pt\/author\/joredacao\/"}]}},"_links":{"self":[{"href":"https:\/\/jornaldasoficinas.com\/pt\/wp-json\/wp\/v2\/posts\/94042","targetHints":{"allow":["GET"]}}],"collection":[{"href":"https:\/\/jornaldasoficinas.com\/pt\/wp-json\/wp\/v2\/posts"}],"about":[{"href":"https:\/\/jornaldasoficinas.com\/pt\/wp-json\/wp\/v2\/types\/post"}],"author":[{"embeddable":true,"href":"https:\/\/jornaldasoficinas.com\/pt\/wp-json\/wp\/v2\/users\/15"}],"replies":[{"embeddable":true,"href":"https:\/\/jornaldasoficinas.com\/pt\/wp-json\/wp\/v2\/comments?post=94042"}],"version-history":[{"count":0,"href":"https:\/\/jornaldasoficinas.com\/pt\/wp-json\/wp\/v2\/posts\/94042\/revisions"}],"wp:featuredmedia":[{"embeddable":true,"href":"https:\/\/jornaldasoficinas.com\/pt\/wp-json\/wp\/v2\/media\/94045"}],"wp:attachment":[{"href":"https:\/\/jornaldasoficinas.com\/pt\/wp-json\/wp\/v2\/media?parent=94042"}],"wp:term":[{"taxonomy":"category","embeddable":true,"href":"https:\/\/jornaldasoficinas.com\/pt\/wp-json\/wp\/v2\/categories?post=94042"},{"taxonomy":"post_tag","embeddable":true,"href":"https:\/\/jornaldasoficinas.com\/pt\/wp-json\/wp\/v2\/tags?post=94042"}],"curies":[{"name":"wp","href":"https:\/\/api.w.org\/{rel}","templated":true}]}}