{"id":9413,"date":"2020-02-05T16:19:38","date_gmt":"2020-02-05T16:19:38","guid":{"rendered":"https:\/\/jornaldasoficinas.com\/pt\/?p=9413"},"modified":"2021-04-29T18:09:59","modified_gmt":"2021-04-29T17:09:59","slug":"auto-acessorios-formigosa-tem-novidades-eletrizantes","status":"publish","type":"post","link":"https:\/\/jornaldasoficinas.com\/pt\/auto-acessorios-formigosa-tem-novidades-eletrizantes\/","title":{"rendered":"Auto Acess\u00f3rios Formigosa tem novidades eletrizantes"},"content":{"rendered":"<p><img loading=\"lazy\" decoding=\"async\" class=\"alignnone wp-image-9412 size-full\" src=\"https:\/\/jornaldasoficinas.com\/pt\/wp-content\/uploads\/2020\/02\/formigosavolte.png\" alt=\"02 - formigosavolte\" width=\"1024\" height=\"581\" srcset=\"https:\/\/jornaldasoficinas.com\/pt\/wp-content\/uploads\/2020\/02\/formigosavolte.png 1024w, https:\/\/jornaldasoficinas.com\/pt\/wp-content\/uploads\/2020\/02\/formigosavolte-300x170.png 300w, https:\/\/jornaldasoficinas.com\/pt\/wp-content\/uploads\/2020\/02\/formigosavolte-150x85.png 150w, https:\/\/jornaldasoficinas.com\/pt\/wp-content\/uploads\/2020\/02\/formigosavolte-768x436.png 768w\" sizes=\"auto, (max-width: 1024px) 100vw, 1024px\" \/><\/p>\n<p><strong>A empresa Gandra &amp; Filhos, conhecida como Auto Acess\u00f3rios Formigosa, no seguimento da sua filosofia e premissa, &#8220;Conduzimos a Inova\u00e7\u00e3o ao seu Neg\u00f3cio&#8221;, anuncia novidades da marca VOLT-E.<\/strong><\/p>\n<p>A empresa sediada em Valen\u00e7a, no Alto Minho, apresenta a gama mais completa e abrangente de carregadores para ve\u00edculos el\u00e9tricos e h\u00edbridos existentes no mercado, com distribui\u00e7\u00e3o exclusiva da marca <a href=\"https:\/\/www.volt-e.pt\/\" target=\"_blank\" rel=\"noopener noreferrer\">VOLT-E<\/a> na zona norte de Portugal e Espanha, onde contribuir\u00e1, num futuro pr\u00f3ximo, para que os seus clientes e parceiros estejam ao n\u00edvel de abrang\u00eancia total do setor autom\u00f3vel.<\/p>\n<p>Dando seguimento \u00e0 sua estrat\u00e9gia comercial e de divulga\u00e7\u00e3o, a marca VOLT-E estar\u00e1 presente no <em>stand <\/em>da Auto Acess\u00f3rios Formigosa, na <a href=\"https:\/\/www.galiexpo.com\/\" target=\"_blank\" rel=\"noopener noreferrer\">Galiexpo<\/a> (7 a 9 de fevereiro de 2020), na cidade de Vigo, com o objetivo de apresentar as vantagens do produto.<\/p>\n<p>Recorde-se que a <a href=\"http:\/\/www.formigosa.com\/\" target=\"_blank\" rel=\"noopener noreferrer\">Auto Acess\u00f3rios Formigosa<\/a> disp\u00f5e de filiais em Mon\u00e7\u00e3o e Lisboa, operando em Espanha sob o nome Recambios Tui, na zona de Pontevedra.<\/p>\n","protected":false},"excerpt":{"rendered":"<p>A empresa Gandra &amp; Filhos, conhecida&#8230;<\/p>\n","protected":false},"author":15,"featured_media":9412,"comment_status":"closed","ping_status":"closed","sticky":false,"template":"","format":"standard","meta":{"footnotes":""},"categories":[37],"tags":[588,1440,1250,1251,1421,89,498,1439],"class_list":["post-9413","post","type-post","status-publish","format-standard","has-post-thumbnail","hentry","category-mercado","tag-auto-acessorios-formigosa","tag-carregadores","tag-galiexpo","tag-gandra-filhos","tag-mobilidade-eletrica","tag-veiculos-eletricos","tag-veiculos-hibridos","tag-volt-e"],"yoast_head":"<!-- This site is optimized with the Yoast SEO plugin v27.4 - https:\/\/yoast.com\/product\/yoast-seo-wordpress\/ -->\n<title>Auto Acess\u00f3rios Formigosa tem novidades eletrizantes - Jornal das Oficinas<\/title>\n<meta name=\"robots\" content=\"index, follow, max-snippet:-1, max-image-preview:large, max-video-preview:-1\" \/>\n<link rel=\"canonical\" href=\"https:\/\/jornaldasoficinas.com\/pt\/auto-acessorios-formigosa-tem-novidades-eletrizantes\/\" \/>\n<meta property=\"og:locale\" content=\"pt_PT\" \/>\n<meta property=\"og:type\" content=\"article\" \/>\n<meta property=\"og:title\" content=\"Auto Acess\u00f3rios Formigosa tem novidades eletrizantes - Jornal das Oficinas\" \/>\n<meta property=\"og:description\" content=\"A empresa Gandra &amp; Filhos, conhecida...\" \/>\n<meta property=\"og:url\" content=\"https:\/\/jornaldasoficinas.com\/pt\/auto-acessorios-formigosa-tem-novidades-eletrizantes\/\" \/>\n<meta property=\"og:site_name\" content=\"Jornal das Oficinas\" \/>\n<meta property=\"article:publisher\" content=\"https:\/\/www.facebook.com\/jornaloficinas\" \/>\n<meta property=\"article:published_time\" content=\"2020-02-05T16:19:38+00:00\" \/>\n<meta property=\"article:modified_time\" content=\"2021-04-29T17:09:59+00:00\" \/>\n<meta property=\"og:image\" content=\"https:\/\/jornaldasoficinas.com\/pt\/wp-content\/uploads\/2020\/02\/formigosavolte.png\" \/>\n\t<meta property=\"og:image:width\" content=\"1024\" \/>\n\t<meta property=\"og:image:height\" content=\"581\" \/>\n\t<meta property=\"og:image:type\" content=\"image\/png\" \/>\n<meta name=\"author\" content=\"Reda\u00e7\u00e3o JO\" \/>\n<meta name=\"twitter:card\" content=\"summary_large_image\" \/>\n<meta name=\"twitter:creator\" content=\"@jornaloficinas\" \/>\n<meta name=\"twitter:site\" content=\"@jornaloficinas\" \/>\n<meta name=\"twitter:label1\" content=\"Escrito por\" \/>\n\t<meta name=\"twitter:data1\" content=\"Reda\u00e7\u00e3o JO\" \/>\n\t<meta name=\"twitter:label2\" content=\"Tempo estimado de leitura\" \/>\n\t<meta name=\"twitter:data2\" content=\"1 minuto\" \/>\n<script type=\"application\/ld+json\" class=\"yoast-schema-graph\">{\"@context\":\"https:\\\/\\\/schema.org\",\"@graph\":[{\"@type\":\"Article\",\"@id\":\"https:\\\/\\\/jornaldasoficinas.com\\\/pt\\\/auto-acessorios-formigosa-tem-novidades-eletrizantes\\\/#article\",\"isPartOf\":{\"@id\":\"https:\\\/\\\/jornaldasoficinas.com\\\/pt\\\/auto-acessorios-formigosa-tem-novidades-eletrizantes\\\/\"},\"author\":{\"name\":\"Reda\u00e7\u00e3o JO\",\"@id\":\"https:\\\/\\\/jornaldasoficinas.com\\\/pt\\\/#\\\/schema\\\/person\\\/a38eef5de2c41d9e7c9ac10141afddf3\"},\"headline\":\"Auto Acess\u00f3rios Formigosa tem novidades eletrizantes\",\"datePublished\":\"2020-02-05T16:19:38+00:00\",\"dateModified\":\"2021-04-29T17:09:59+00:00\",\"mainEntityOfPage\":{\"@id\":\"https:\\\/\\\/jornaldasoficinas.com\\\/pt\\\/auto-acessorios-formigosa-tem-novidades-eletrizantes\\\/\"},\"wordCount\":175,\"publisher\":{\"@id\":\"https:\\\/\\\/jornaldasoficinas.com\\\/pt\\\/#organization\"},\"image\":{\"@id\":\"https:\\\/\\\/jornaldasoficinas.com\\\/pt\\\/auto-acessorios-formigosa-tem-novidades-eletrizantes\\\/#primaryimage\"},\"thumbnailUrl\":\"https:\\\/\\\/jornaldasoficinas.com\\\/pt\\\/wp-content\\\/uploads\\\/2020\\\/02\\\/formigosavolte.png\",\"keywords\":[\"Auto Acess\u00f3rios Formigosa\",\"carregadores\",\"Galiexpo\",\"Gandra &amp; Filhos\",\"Mobilidade el\u00e9trica\",\"Ve\u00edculos el\u00e9tricos\",\"Ve\u00edculos h\u00edbridos\",\"VOLT-E\"],\"articleSection\":[\"Mercado\"],\"inLanguage\":\"pt-PT\"},{\"@type\":\"WebPage\",\"@id\":\"https:\\\/\\\/jornaldasoficinas.com\\\/pt\\\/auto-acessorios-formigosa-tem-novidades-eletrizantes\\\/\",\"url\":\"https:\\\/\\\/jornaldasoficinas.com\\\/pt\\\/auto-acessorios-formigosa-tem-novidades-eletrizantes\\\/\",\"name\":\"Auto Acess\u00f3rios Formigosa tem novidades eletrizantes - Jornal das Oficinas\",\"isPartOf\":{\"@id\":\"https:\\\/\\\/jornaldasoficinas.com\\\/pt\\\/#website\"},\"primaryImageOfPage\":{\"@id\":\"https:\\\/\\\/jornaldasoficinas.com\\\/pt\\\/auto-acessorios-formigosa-tem-novidades-eletrizantes\\\/#primaryimage\"},\"image\":{\"@id\":\"https:\\\/\\\/jornaldasoficinas.com\\\/pt\\\/auto-acessorios-formigosa-tem-novidades-eletrizantes\\\/#primaryimage\"},\"thumbnailUrl\":\"https:\\\/\\\/jornaldasoficinas.com\\\/pt\\\/wp-content\\\/uploads\\\/2020\\\/02\\\/formigosavolte.png\",\"datePublished\":\"2020-02-05T16:19:38+00:00\",\"dateModified\":\"2021-04-29T17:09:59+00:00\",\"breadcrumb\":{\"@id\":\"https:\\\/\\\/jornaldasoficinas.com\\\/pt\\\/auto-acessorios-formigosa-tem-novidades-eletrizantes\\\/#breadcrumb\"},\"inLanguage\":\"pt-PT\",\"potentialAction\":[{\"@type\":\"ReadAction\",\"target\":[\"https:\\\/\\\/jornaldasoficinas.com\\\/pt\\\/auto-acessorios-formigosa-tem-novidades-eletrizantes\\\/\"]}]},{\"@type\":\"ImageObject\",\"inLanguage\":\"pt-PT\",\"@id\":\"https:\\\/\\\/jornaldasoficinas.com\\\/pt\\\/auto-acessorios-formigosa-tem-novidades-eletrizantes\\\/#primaryimage\",\"url\":\"https:\\\/\\\/jornaldasoficinas.com\\\/pt\\\/wp-content\\\/uploads\\\/2020\\\/02\\\/formigosavolte.png\",\"contentUrl\":\"https:\\\/\\\/jornaldasoficinas.com\\\/pt\\\/wp-content\\\/uploads\\\/2020\\\/02\\\/formigosavolte.png\",\"width\":1024,\"height\":581,\"caption\":\"02 - formigosavolte\"},{\"@type\":\"BreadcrumbList\",\"@id\":\"https:\\\/\\\/jornaldasoficinas.com\\\/pt\\\/auto-acessorios-formigosa-tem-novidades-eletrizantes\\\/#breadcrumb\",\"itemListElement\":[{\"@type\":\"ListItem\",\"position\":1,\"name\":\"In\u00edcio\",\"item\":\"https:\\\/\\\/jornaldasoficinas.com\\\/pt\\\/\"},{\"@type\":\"ListItem\",\"position\":2,\"name\":\"Auto Acess\u00f3rios Formigosa tem novidades eletrizantes\"}]},{\"@type\":\"WebSite\",\"@id\":\"https:\\\/\\\/jornaldasoficinas.com\\\/pt\\\/#website\",\"url\":\"https:\\\/\\\/jornaldasoficinas.com\\\/pt\\\/\",\"name\":\"Jornal das Oficinas\",\"description\":\"Jornal independente do Aftermarket Autom\u00f3vel em Portugal\",\"publisher\":{\"@id\":\"https:\\\/\\\/jornaldasoficinas.com\\\/pt\\\/#organization\"},\"potentialAction\":[{\"@type\":\"SearchAction\",\"target\":{\"@type\":\"EntryPoint\",\"urlTemplate\":\"https:\\\/\\\/jornaldasoficinas.com\\\/pt\\\/?s={search_term_string}\"},\"query-input\":{\"@type\":\"PropertyValueSpecification\",\"valueRequired\":true,\"valueName\":\"search_term_string\"}}],\"inLanguage\":\"pt-PT\"},{\"@type\":\"Organization\",\"@id\":\"https:\\\/\\\/jornaldasoficinas.com\\\/pt\\\/#organization\",\"name\":\"Jornal das Oficinas\",\"url\":\"https:\\\/\\\/jornaldasoficinas.com\\\/pt\\\/\",\"logo\":{\"@type\":\"ImageObject\",\"inLanguage\":\"pt-PT\",\"@id\":\"https:\\\/\\\/jornaldasoficinas.com\\\/pt\\\/#\\\/schema\\\/logo\\\/image\\\/\",\"url\":\"https:\\\/\\\/jornaldasoficinas.com\\\/pt\\\/wp-content\\\/uploads\\\/logoJO-SEO.png\",\"contentUrl\":\"https:\\\/\\\/jornaldasoficinas.com\\\/pt\\\/wp-content\\\/uploads\\\/logoJO-SEO.png\",\"width\":285,\"height\":450,\"caption\":\"Jornal das Oficinas\"},\"image\":{\"@id\":\"https:\\\/\\\/jornaldasoficinas.com\\\/pt\\\/#\\\/schema\\\/logo\\\/image\\\/\"},\"sameAs\":[\"https:\\\/\\\/www.facebook.com\\\/jornaloficinas\",\"https:\\\/\\\/x.com\\\/jornaloficinas\",\"https:\\\/\\\/www.instagram.com\\\/jornal_oficinas\\\/\",\"https:\\\/\\\/www.linkedin.com\\\/company\\\/jornal-das-oficinas\\\/\",\"https:\\\/\\\/www.youtube.com\\\/channel\\\/UCbQZBqtcvV-oSQrr7RzINGg\"]},{\"@type\":\"Person\",\"@id\":\"https:\\\/\\\/jornaldasoficinas.com\\\/pt\\\/#\\\/schema\\\/person\\\/a38eef5de2c41d9e7c9ac10141afddf3\",\"name\":\"Reda\u00e7\u00e3o JO\",\"image\":{\"@type\":\"ImageObject\",\"inLanguage\":\"pt-PT\",\"@id\":\"https:\\\/\\\/secure.gravatar.com\\\/avatar\\\/71f2fa71737ad68a84fea94bc708ddac8ea5b0c4788dc2ad202f3ccb2887742f?s=96&d=wp_user_avatar&r=g\",\"url\":\"https:\\\/\\\/secure.gravatar.com\\\/avatar\\\/71f2fa71737ad68a84fea94bc708ddac8ea5b0c4788dc2ad202f3ccb2887742f?s=96&d=wp_user_avatar&r=g\",\"contentUrl\":\"https:\\\/\\\/secure.gravatar.com\\\/avatar\\\/71f2fa71737ad68a84fea94bc708ddac8ea5b0c4788dc2ad202f3ccb2887742f?s=96&d=wp_user_avatar&r=g\",\"caption\":\"Reda\u00e7\u00e3o JO\"},\"url\":\"https:\\\/\\\/jornaldasoficinas.com\\\/pt\\\/author\\\/joredacao\\\/\"}]}<\/script>\n<!-- \/ Yoast SEO plugin. -->","yoast_head_json":{"title":"Auto Acess\u00f3rios Formigosa tem novidades eletrizantes - Jornal das Oficinas","robots":{"index":"index","follow":"follow","max-snippet":"max-snippet:-1","max-image-preview":"max-image-preview:large","max-video-preview":"max-video-preview:-1"},"canonical":"https:\/\/jornaldasoficinas.com\/pt\/auto-acessorios-formigosa-tem-novidades-eletrizantes\/","og_locale":"pt_PT","og_type":"article","og_title":"Auto Acess\u00f3rios Formigosa tem novidades eletrizantes - Jornal das Oficinas","og_description":"A empresa Gandra &amp; Filhos, conhecida...","og_url":"https:\/\/jornaldasoficinas.com\/pt\/auto-acessorios-formigosa-tem-novidades-eletrizantes\/","og_site_name":"Jornal das Oficinas","article_publisher":"https:\/\/www.facebook.com\/jornaloficinas","article_published_time":"2020-02-05T16:19:38+00:00","article_modified_time":"2021-04-29T17:09:59+00:00","og_image":[{"width":1024,"height":581,"url":"https:\/\/jornaldasoficinas.com\/pt\/wp-content\/uploads\/2020\/02\/formigosavolte.png","type":"image\/png"}],"author":"Reda\u00e7\u00e3o JO","twitter_card":"summary_large_image","twitter_creator":"@jornaloficinas","twitter_site":"@jornaloficinas","twitter_misc":{"Escrito por":"Reda\u00e7\u00e3o JO","Tempo estimado de leitura":"1 minuto"},"schema":{"@context":"https:\/\/schema.org","@graph":[{"@type":"Article","@id":"https:\/\/jornaldasoficinas.com\/pt\/auto-acessorios-formigosa-tem-novidades-eletrizantes\/#article","isPartOf":{"@id":"https:\/\/jornaldasoficinas.com\/pt\/auto-acessorios-formigosa-tem-novidades-eletrizantes\/"},"author":{"name":"Reda\u00e7\u00e3o JO","@id":"https:\/\/jornaldasoficinas.com\/pt\/#\/schema\/person\/a38eef5de2c41d9e7c9ac10141afddf3"},"headline":"Auto Acess\u00f3rios Formigosa tem novidades eletrizantes","datePublished":"2020-02-05T16:19:38+00:00","dateModified":"2021-04-29T17:09:59+00:00","mainEntityOfPage":{"@id":"https:\/\/jornaldasoficinas.com\/pt\/auto-acessorios-formigosa-tem-novidades-eletrizantes\/"},"wordCount":175,"publisher":{"@id":"https:\/\/jornaldasoficinas.com\/pt\/#organization"},"image":{"@id":"https:\/\/jornaldasoficinas.com\/pt\/auto-acessorios-formigosa-tem-novidades-eletrizantes\/#primaryimage"},"thumbnailUrl":"https:\/\/jornaldasoficinas.com\/pt\/wp-content\/uploads\/2020\/02\/formigosavolte.png","keywords":["Auto Acess\u00f3rios Formigosa","carregadores","Galiexpo","Gandra &amp; Filhos","Mobilidade el\u00e9trica","Ve\u00edculos el\u00e9tricos","Ve\u00edculos h\u00edbridos","VOLT-E"],"articleSection":["Mercado"],"inLanguage":"pt-PT"},{"@type":"WebPage","@id":"https:\/\/jornaldasoficinas.com\/pt\/auto-acessorios-formigosa-tem-novidades-eletrizantes\/","url":"https:\/\/jornaldasoficinas.com\/pt\/auto-acessorios-formigosa-tem-novidades-eletrizantes\/","name":"Auto Acess\u00f3rios Formigosa tem novidades eletrizantes - Jornal das Oficinas","isPartOf":{"@id":"https:\/\/jornaldasoficinas.com\/pt\/#website"},"primaryImageOfPage":{"@id":"https:\/\/jornaldasoficinas.com\/pt\/auto-acessorios-formigosa-tem-novidades-eletrizantes\/#primaryimage"},"image":{"@id":"https:\/\/jornaldasoficinas.com\/pt\/auto-acessorios-formigosa-tem-novidades-eletrizantes\/#primaryimage"},"thumbnailUrl":"https:\/\/jornaldasoficinas.com\/pt\/wp-content\/uploads\/2020\/02\/formigosavolte.png","datePublished":"2020-02-05T16:19:38+00:00","dateModified":"2021-04-29T17:09:59+00:00","breadcrumb":{"@id":"https:\/\/jornaldasoficinas.com\/pt\/auto-acessorios-formigosa-tem-novidades-eletrizantes\/#breadcrumb"},"inLanguage":"pt-PT","potentialAction":[{"@type":"ReadAction","target":["https:\/\/jornaldasoficinas.com\/pt\/auto-acessorios-formigosa-tem-novidades-eletrizantes\/"]}]},{"@type":"ImageObject","inLanguage":"pt-PT","@id":"https:\/\/jornaldasoficinas.com\/pt\/auto-acessorios-formigosa-tem-novidades-eletrizantes\/#primaryimage","url":"https:\/\/jornaldasoficinas.com\/pt\/wp-content\/uploads\/2020\/02\/formigosavolte.png","contentUrl":"https:\/\/jornaldasoficinas.com\/pt\/wp-content\/uploads\/2020\/02\/formigosavolte.png","width":1024,"height":581,"caption":"02 - formigosavolte"},{"@type":"BreadcrumbList","@id":"https:\/\/jornaldasoficinas.com\/pt\/auto-acessorios-formigosa-tem-novidades-eletrizantes\/#breadcrumb","itemListElement":[{"@type":"ListItem","position":1,"name":"In\u00edcio","item":"https:\/\/jornaldasoficinas.com\/pt\/"},{"@type":"ListItem","position":2,"name":"Auto Acess\u00f3rios Formigosa tem novidades eletrizantes"}]},{"@type":"WebSite","@id":"https:\/\/jornaldasoficinas.com\/pt\/#website","url":"https:\/\/jornaldasoficinas.com\/pt\/","name":"Jornal das Oficinas","description":"Jornal independente do Aftermarket Autom\u00f3vel em Portugal","publisher":{"@id":"https:\/\/jornaldasoficinas.com\/pt\/#organization"},"potentialAction":[{"@type":"SearchAction","target":{"@type":"EntryPoint","urlTemplate":"https:\/\/jornaldasoficinas.com\/pt\/?s={search_term_string}"},"query-input":{"@type":"PropertyValueSpecification","valueRequired":true,"valueName":"search_term_string"}}],"inLanguage":"pt-PT"},{"@type":"Organization","@id":"https:\/\/jornaldasoficinas.com\/pt\/#organization","name":"Jornal das Oficinas","url":"https:\/\/jornaldasoficinas.com\/pt\/","logo":{"@type":"ImageObject","inLanguage":"pt-PT","@id":"https:\/\/jornaldasoficinas.com\/pt\/#\/schema\/logo\/image\/","url":"https:\/\/jornaldasoficinas.com\/pt\/wp-content\/uploads\/logoJO-SEO.png","contentUrl":"https:\/\/jornaldasoficinas.com\/pt\/wp-content\/uploads\/logoJO-SEO.png","width":285,"height":450,"caption":"Jornal das Oficinas"},"image":{"@id":"https:\/\/jornaldasoficinas.com\/pt\/#\/schema\/logo\/image\/"},"sameAs":["https:\/\/www.facebook.com\/jornaloficinas","https:\/\/x.com\/jornaloficinas","https:\/\/www.instagram.com\/jornal_oficinas\/","https:\/\/www.linkedin.com\/company\/jornal-das-oficinas\/","https:\/\/www.youtube.com\/channel\/UCbQZBqtcvV-oSQrr7RzINGg"]},{"@type":"Person","@id":"https:\/\/jornaldasoficinas.com\/pt\/#\/schema\/person\/a38eef5de2c41d9e7c9ac10141afddf3","name":"Reda\u00e7\u00e3o JO","image":{"@type":"ImageObject","inLanguage":"pt-PT","@id":"https:\/\/secure.gravatar.com\/avatar\/71f2fa71737ad68a84fea94bc708ddac8ea5b0c4788dc2ad202f3ccb2887742f?s=96&d=wp_user_avatar&r=g","url":"https:\/\/secure.gravatar.com\/avatar\/71f2fa71737ad68a84fea94bc708ddac8ea5b0c4788dc2ad202f3ccb2887742f?s=96&d=wp_user_avatar&r=g","contentUrl":"https:\/\/secure.gravatar.com\/avatar\/71f2fa71737ad68a84fea94bc708ddac8ea5b0c4788dc2ad202f3ccb2887742f?s=96&d=wp_user_avatar&r=g","caption":"Reda\u00e7\u00e3o JO"},"url":"https:\/\/jornaldasoficinas.com\/pt\/author\/joredacao\/"}]}},"_links":{"self":[{"href":"https:\/\/jornaldasoficinas.com\/pt\/wp-json\/wp\/v2\/posts\/9413","targetHints":{"allow":["GET"]}}],"collection":[{"href":"https:\/\/jornaldasoficinas.com\/pt\/wp-json\/wp\/v2\/posts"}],"about":[{"href":"https:\/\/jornaldasoficinas.com\/pt\/wp-json\/wp\/v2\/types\/post"}],"author":[{"embeddable":true,"href":"https:\/\/jornaldasoficinas.com\/pt\/wp-json\/wp\/v2\/users\/15"}],"replies":[{"embeddable":true,"href":"https:\/\/jornaldasoficinas.com\/pt\/wp-json\/wp\/v2\/comments?post=9413"}],"version-history":[{"count":0,"href":"https:\/\/jornaldasoficinas.com\/pt\/wp-json\/wp\/v2\/posts\/9413\/revisions"}],"wp:featuredmedia":[{"embeddable":true,"href":"https:\/\/jornaldasoficinas.com\/pt\/wp-json\/wp\/v2\/media\/9412"}],"wp:attachment":[{"href":"https:\/\/jornaldasoficinas.com\/pt\/wp-json\/wp\/v2\/media?parent=9413"}],"wp:term":[{"taxonomy":"category","embeddable":true,"href":"https:\/\/jornaldasoficinas.com\/pt\/wp-json\/wp\/v2\/categories?post=9413"},{"taxonomy":"post_tag","embeddable":true,"href":"https:\/\/jornaldasoficinas.com\/pt\/wp-json\/wp\/v2\/tags?post=9413"}],"curies":[{"name":"wp","href":"https:\/\/api.w.org\/{rel}","templated":true}]}}