{"id":94367,"date":"2024-11-20T14:00:14","date_gmt":"2024-11-20T14:00:14","guid":{"rendered":"https:\/\/jornaldasoficinas.com\/pt\/?p=94367"},"modified":"2024-11-19T17:12:45","modified_gmt":"2024-11-19T17:12:45","slug":"diesel-technic-investe-em-energia-renovavel-na-sua-sede","status":"publish","type":"post","link":"https:\/\/jornaldasoficinas.com\/pt\/diesel-technic-investe-em-energia-renovavel-na-sua-sede\/","title":{"rendered":"Diesel Technic investe em energia renov\u00e1vel na sua sede"},"content":{"rendered":"<p><strong><img loading=\"lazy\" decoding=\"async\" class=\"alignnone size-full wp-image-94371\" src=\"https:\/\/jornaldasoficinas.com\/pt\/wp-content\/uploads\/2024\/11\/Diesel-Technic-investe-em-energia-renovavel-na-sua-sede.jpg\" alt=\"11 - Diesel Technic investe em energia renovavel na sua sede\" width=\"1024\" height=\"581\" srcset=\"https:\/\/jornaldasoficinas.com\/pt\/wp-content\/uploads\/2024\/11\/Diesel-Technic-investe-em-energia-renovavel-na-sua-sede.jpg 1024w, https:\/\/jornaldasoficinas.com\/pt\/wp-content\/uploads\/2024\/11\/Diesel-Technic-investe-em-energia-renovavel-na-sua-sede-300x170.jpg 300w, https:\/\/jornaldasoficinas.com\/pt\/wp-content\/uploads\/2024\/11\/Diesel-Technic-investe-em-energia-renovavel-na-sua-sede-150x85.jpg 150w, https:\/\/jornaldasoficinas.com\/pt\/wp-content\/uploads\/2024\/11\/Diesel-Technic-investe-em-energia-renovavel-na-sua-sede-768x436.jpg 768w\" sizes=\"auto, (max-width: 1024px) 100vw, 1024px\" \/><\/strong><\/p>\n<p><strong>A <a href=\"https:\/\/www.dieseltechnic.com\/\" target=\"_blank\" rel=\"noopener\">Diesel Technic<\/a> tem feito uma forte aposta na implementa\u00e7\u00e3o de medidas mais sustent\u00e1veis, como a remodela\u00e7\u00e3o da sua sede em Kirchdorf, Alemanha, com o objetivo de reduzir o consumo de energia<\/strong><\/p>\n<p>H\u00e1 mais de uma d\u00e9cada que a Diesel Technic decidiu come\u00e7ar a utilizar bombas de calor e aquecimento distrital, proveniente de uma central de biog\u00e1s vizinha, para climatizar os seus edificios em Kirchdorf, na Alemanha. Mais recentemente, decidiu refor\u00e7ar o seu compromisso com a sustentabilidade com novas medidas, nomeadamente a remodela\u00e7\u00e3o das suas instala\u00e7\u00f5es, com o objetivo de economizar energia e assegurar um fornecimento energ\u00e9tico neutro em termos clim\u00e1ticos.<\/p>\n<p>Um dos principais projetos implementados foi a constru\u00e7\u00e3o de um sistema fotovoltaico para otimizar o uso da energia solar, capaz de gerar cerca de 550.000 kWh de eletricidade por ano, cerca de 80% dos quais ser\u00e3o usados pela pr\u00f3pria empresa. Por exemplo, as baterias das novas empilhadoras el\u00e9tricas s\u00e3o carregadas durante os fins de semana, maximizando o uso da energia excedente. A subsidi\u00e1ria no Dubai \u00e9 reconhecida como pioneira no uso de sistemas fotovoltaicos, com produ\u00e7\u00e3o de cerca de 2.300.000 kWh por ano, o que equivale ao abastecimento de cerca de 750 resid\u00eancias.<\/p>\n<p>Adicionalmente, a Diesel Technic adotou o uso de ve\u00edculos el\u00e9tricos de forma a modernizar a sua frota, com esta\u00e7\u00f5es de carregamento e sistemas de gest\u00e3o de carga que impulsionam a mobilidade sustent\u00e1vel. Em 2023, foi feita a instala\u00e7\u00e3o de duas wallboxes e tr\u00eas esta\u00e7\u00f5es de carregamento duplo.<\/p>\n<p>Outra medida importante foi o sombreamento das c\u00fapulas de claraboia, que reduz de forma significativa a entrada de calor e, consequentemente, o consumo de energia el\u00e9trica. Gra\u00e7as a isso, foi poss\u00edvel reduzir a necessidade de expans\u00e3o do sistema de ventila\u00e7\u00e3o e a sua pot\u00eancia de funcionamento em cerca de 40%.<\/p>\n<p>A substitui\u00e7\u00e3o dos sistemas de ilumina\u00e7\u00e3o convencionais por luzes LED, tamb\u00e9m resultou na redu\u00e7\u00e3o do consumo de energia em cerca de 360.000 kWh. Al\u00e9m disso, foram introduzidos registos de energia para monitorizar e otimizar o consumo em tempo real, identificando desperd\u00edcios e novas oportunidades de poupan\u00e7a.<\/p>\n<p>Durante a aquisi\u00e7\u00e3o de novos caminh\u00f5es industriais, os carregadores antigos foram substitu\u00eddos por modelos mais eficientes. A efici\u00eancia geral da nova tecnologia de carregamento \u00e9, em alguns casos, 20% maior do que a tecnologia antiga.<\/p>\n<p>As outras seis instala\u00e7\u00f5es do Diesel Technic Group tamb\u00e9m seguiram o exemplo, adotando medidas como a instala\u00e7\u00e3o de ilumina\u00e7\u00e3o LED e a constru\u00e7\u00e3o de esta\u00e7\u00f5es de carregamento para carros el\u00e9tricos.<\/p>\n","protected":false},"excerpt":{"rendered":"<p>A Diesel Technic tem feito uma&#8230;<\/p>\n","protected":false},"author":15,"featured_media":94371,"comment_status":"closed","ping_status":"closed","sticky":false,"template":"","format":"standard","meta":{"footnotes":""},"categories":[29],"tags":[298,8407,11202,11201,1767,89],"class_list":["post-94367","post","type-post","status-publish","format-standard","has-post-thumbnail","hentry","category-empresas","tag-diesel-technic","tag-energias-renovaveis","tag-novas-medidas","tag-remodelacao","tag-sustentabilidade","tag-veiculos-eletricos"],"yoast_head":"<!-- This site is optimized with the Yoast SEO plugin v27.4 - https:\/\/yoast.com\/product\/yoast-seo-wordpress\/ -->\n<title>Diesel Technic investe em energia renov\u00e1vel na sua sede - Jornal das Oficinas<\/title>\n<meta name=\"description\" content=\"A Diesel Technic tem feito uma forte aposta na implementa\u00e7\u00e3o de medidas mais sustent\u00e1veis, como a remodela\u00e7\u00e3o da sua sede na Alemanha\" \/>\n<meta name=\"robots\" content=\"index, follow, max-snippet:-1, max-image-preview:large, max-video-preview:-1\" \/>\n<link rel=\"canonical\" href=\"https:\/\/jornaldasoficinas.com\/pt\/diesel-technic-investe-em-energia-renovavel-na-sua-sede\/\" \/>\n<meta property=\"og:locale\" content=\"pt_PT\" \/>\n<meta property=\"og:type\" content=\"article\" \/>\n<meta property=\"og:title\" content=\"Diesel Technic investe em energia renov\u00e1vel na sua sede - Jornal das Oficinas\" \/>\n<meta property=\"og:description\" content=\"A Diesel Technic tem feito uma forte aposta na implementa\u00e7\u00e3o de medidas mais sustent\u00e1veis, como a remodela\u00e7\u00e3o da sua sede na Alemanha\" \/>\n<meta property=\"og:url\" content=\"https:\/\/jornaldasoficinas.com\/pt\/diesel-technic-investe-em-energia-renovavel-na-sua-sede\/\" \/>\n<meta property=\"og:site_name\" content=\"Jornal das Oficinas\" \/>\n<meta property=\"article:publisher\" content=\"https:\/\/www.facebook.com\/jornaloficinas\" \/>\n<meta property=\"article:published_time\" content=\"2024-11-20T14:00:14+00:00\" \/>\n<meta property=\"og:image\" content=\"https:\/\/jornaldasoficinas.com\/pt\/wp-content\/uploads\/2024\/11\/Diesel-Technic-investe-em-energia-renovavel-na-sua-sede.jpg\" \/>\n\t<meta property=\"og:image:width\" content=\"1024\" \/>\n\t<meta property=\"og:image:height\" content=\"581\" \/>\n\t<meta property=\"og:image:type\" content=\"image\/jpeg\" \/>\n<meta name=\"author\" content=\"Reda\u00e7\u00e3o JO\" \/>\n<meta name=\"twitter:card\" content=\"summary_large_image\" \/>\n<meta name=\"twitter:creator\" content=\"@jornaloficinas\" \/>\n<meta name=\"twitter:site\" content=\"@jornaloficinas\" \/>\n<meta name=\"twitter:label1\" content=\"Escrito por\" \/>\n\t<meta name=\"twitter:data1\" content=\"Reda\u00e7\u00e3o JO\" \/>\n\t<meta name=\"twitter:label2\" content=\"Tempo estimado de leitura\" \/>\n\t<meta name=\"twitter:data2\" content=\"3 minutos\" \/>\n<script type=\"application\/ld+json\" class=\"yoast-schema-graph\">{\"@context\":\"https:\\\/\\\/schema.org\",\"@graph\":[{\"@type\":\"Article\",\"@id\":\"https:\\\/\\\/jornaldasoficinas.com\\\/pt\\\/diesel-technic-investe-em-energia-renovavel-na-sua-sede\\\/#article\",\"isPartOf\":{\"@id\":\"https:\\\/\\\/jornaldasoficinas.com\\\/pt\\\/diesel-technic-investe-em-energia-renovavel-na-sua-sede\\\/\"},\"author\":{\"name\":\"Reda\u00e7\u00e3o JO\",\"@id\":\"https:\\\/\\\/jornaldasoficinas.com\\\/pt\\\/#\\\/schema\\\/person\\\/a38eef5de2c41d9e7c9ac10141afddf3\"},\"headline\":\"Diesel Technic investe em energia renov\u00e1vel na sua sede\",\"datePublished\":\"2024-11-20T14:00:14+00:00\",\"mainEntityOfPage\":{\"@id\":\"https:\\\/\\\/jornaldasoficinas.com\\\/pt\\\/diesel-technic-investe-em-energia-renovavel-na-sua-sede\\\/\"},\"wordCount\":454,\"publisher\":{\"@id\":\"https:\\\/\\\/jornaldasoficinas.com\\\/pt\\\/#organization\"},\"image\":{\"@id\":\"https:\\\/\\\/jornaldasoficinas.com\\\/pt\\\/diesel-technic-investe-em-energia-renovavel-na-sua-sede\\\/#primaryimage\"},\"thumbnailUrl\":\"https:\\\/\\\/jornaldasoficinas.com\\\/pt\\\/wp-content\\\/uploads\\\/2024\\\/11\\\/Diesel-Technic-investe-em-energia-renovavel-na-sua-sede.jpg\",\"keywords\":[\"Diesel Technic\",\"energias renov\u00e1veis\",\"novas medidas\",\"remodela\u00e7\u00e3o\",\"Sustentabilidade\",\"Ve\u00edculos el\u00e9tricos\"],\"articleSection\":[\"Empresas\"],\"inLanguage\":\"pt-PT\"},{\"@type\":\"WebPage\",\"@id\":\"https:\\\/\\\/jornaldasoficinas.com\\\/pt\\\/diesel-technic-investe-em-energia-renovavel-na-sua-sede\\\/\",\"url\":\"https:\\\/\\\/jornaldasoficinas.com\\\/pt\\\/diesel-technic-investe-em-energia-renovavel-na-sua-sede\\\/\",\"name\":\"Diesel Technic investe em energia renov\u00e1vel na sua sede - Jornal das Oficinas\",\"isPartOf\":{\"@id\":\"https:\\\/\\\/jornaldasoficinas.com\\\/pt\\\/#website\"},\"primaryImageOfPage\":{\"@id\":\"https:\\\/\\\/jornaldasoficinas.com\\\/pt\\\/diesel-technic-investe-em-energia-renovavel-na-sua-sede\\\/#primaryimage\"},\"image\":{\"@id\":\"https:\\\/\\\/jornaldasoficinas.com\\\/pt\\\/diesel-technic-investe-em-energia-renovavel-na-sua-sede\\\/#primaryimage\"},\"thumbnailUrl\":\"https:\\\/\\\/jornaldasoficinas.com\\\/pt\\\/wp-content\\\/uploads\\\/2024\\\/11\\\/Diesel-Technic-investe-em-energia-renovavel-na-sua-sede.jpg\",\"datePublished\":\"2024-11-20T14:00:14+00:00\",\"description\":\"A Diesel Technic tem feito uma forte aposta na implementa\u00e7\u00e3o de medidas mais sustent\u00e1veis, como a remodela\u00e7\u00e3o da sua sede na Alemanha\",\"breadcrumb\":{\"@id\":\"https:\\\/\\\/jornaldasoficinas.com\\\/pt\\\/diesel-technic-investe-em-energia-renovavel-na-sua-sede\\\/#breadcrumb\"},\"inLanguage\":\"pt-PT\",\"potentialAction\":[{\"@type\":\"ReadAction\",\"target\":[\"https:\\\/\\\/jornaldasoficinas.com\\\/pt\\\/diesel-technic-investe-em-energia-renovavel-na-sua-sede\\\/\"]}]},{\"@type\":\"ImageObject\",\"inLanguage\":\"pt-PT\",\"@id\":\"https:\\\/\\\/jornaldasoficinas.com\\\/pt\\\/diesel-technic-investe-em-energia-renovavel-na-sua-sede\\\/#primaryimage\",\"url\":\"https:\\\/\\\/jornaldasoficinas.com\\\/pt\\\/wp-content\\\/uploads\\\/2024\\\/11\\\/Diesel-Technic-investe-em-energia-renovavel-na-sua-sede.jpg\",\"contentUrl\":\"https:\\\/\\\/jornaldasoficinas.com\\\/pt\\\/wp-content\\\/uploads\\\/2024\\\/11\\\/Diesel-Technic-investe-em-energia-renovavel-na-sua-sede.jpg\",\"width\":1024,\"height\":581,\"caption\":\"11 - Diesel Technic investe em energia renovavel na sua sede\"},{\"@type\":\"BreadcrumbList\",\"@id\":\"https:\\\/\\\/jornaldasoficinas.com\\\/pt\\\/diesel-technic-investe-em-energia-renovavel-na-sua-sede\\\/#breadcrumb\",\"itemListElement\":[{\"@type\":\"ListItem\",\"position\":1,\"name\":\"In\u00edcio\",\"item\":\"https:\\\/\\\/jornaldasoficinas.com\\\/pt\\\/\"},{\"@type\":\"ListItem\",\"position\":2,\"name\":\"Diesel Technic investe em energia renov\u00e1vel na sua sede\"}]},{\"@type\":\"WebSite\",\"@id\":\"https:\\\/\\\/jornaldasoficinas.com\\\/pt\\\/#website\",\"url\":\"https:\\\/\\\/jornaldasoficinas.com\\\/pt\\\/\",\"name\":\"Jornal das Oficinas\",\"description\":\"Jornal independente do Aftermarket Autom\u00f3vel em Portugal\",\"publisher\":{\"@id\":\"https:\\\/\\\/jornaldasoficinas.com\\\/pt\\\/#organization\"},\"potentialAction\":[{\"@type\":\"SearchAction\",\"target\":{\"@type\":\"EntryPoint\",\"urlTemplate\":\"https:\\\/\\\/jornaldasoficinas.com\\\/pt\\\/?s={search_term_string}\"},\"query-input\":{\"@type\":\"PropertyValueSpecification\",\"valueRequired\":true,\"valueName\":\"search_term_string\"}}],\"inLanguage\":\"pt-PT\"},{\"@type\":\"Organization\",\"@id\":\"https:\\\/\\\/jornaldasoficinas.com\\\/pt\\\/#organization\",\"name\":\"Jornal das Oficinas\",\"url\":\"https:\\\/\\\/jornaldasoficinas.com\\\/pt\\\/\",\"logo\":{\"@type\":\"ImageObject\",\"inLanguage\":\"pt-PT\",\"@id\":\"https:\\\/\\\/jornaldasoficinas.com\\\/pt\\\/#\\\/schema\\\/logo\\\/image\\\/\",\"url\":\"https:\\\/\\\/jornaldasoficinas.com\\\/pt\\\/wp-content\\\/uploads\\\/logoJO-SEO.png\",\"contentUrl\":\"https:\\\/\\\/jornaldasoficinas.com\\\/pt\\\/wp-content\\\/uploads\\\/logoJO-SEO.png\",\"width\":285,\"height\":450,\"caption\":\"Jornal das Oficinas\"},\"image\":{\"@id\":\"https:\\\/\\\/jornaldasoficinas.com\\\/pt\\\/#\\\/schema\\\/logo\\\/image\\\/\"},\"sameAs\":[\"https:\\\/\\\/www.facebook.com\\\/jornaloficinas\",\"https:\\\/\\\/x.com\\\/jornaloficinas\",\"https:\\\/\\\/www.instagram.com\\\/jornal_oficinas\\\/\",\"https:\\\/\\\/www.linkedin.com\\\/company\\\/jornal-das-oficinas\\\/\",\"https:\\\/\\\/www.youtube.com\\\/channel\\\/UCbQZBqtcvV-oSQrr7RzINGg\"]},{\"@type\":\"Person\",\"@id\":\"https:\\\/\\\/jornaldasoficinas.com\\\/pt\\\/#\\\/schema\\\/person\\\/a38eef5de2c41d9e7c9ac10141afddf3\",\"name\":\"Reda\u00e7\u00e3o JO\",\"image\":{\"@type\":\"ImageObject\",\"inLanguage\":\"pt-PT\",\"@id\":\"https:\\\/\\\/secure.gravatar.com\\\/avatar\\\/71f2fa71737ad68a84fea94bc708ddac8ea5b0c4788dc2ad202f3ccb2887742f?s=96&d=wp_user_avatar&r=g\",\"url\":\"https:\\\/\\\/secure.gravatar.com\\\/avatar\\\/71f2fa71737ad68a84fea94bc708ddac8ea5b0c4788dc2ad202f3ccb2887742f?s=96&d=wp_user_avatar&r=g\",\"contentUrl\":\"https:\\\/\\\/secure.gravatar.com\\\/avatar\\\/71f2fa71737ad68a84fea94bc708ddac8ea5b0c4788dc2ad202f3ccb2887742f?s=96&d=wp_user_avatar&r=g\",\"caption\":\"Reda\u00e7\u00e3o JO\"},\"url\":\"https:\\\/\\\/jornaldasoficinas.com\\\/pt\\\/author\\\/joredacao\\\/\"}]}<\/script>\n<!-- \/ Yoast SEO plugin. -->","yoast_head_json":{"title":"Diesel Technic investe em energia renov\u00e1vel na sua sede - Jornal das Oficinas","description":"A Diesel Technic tem feito uma forte aposta na implementa\u00e7\u00e3o de medidas mais sustent\u00e1veis, como a remodela\u00e7\u00e3o da sua sede na Alemanha","robots":{"index":"index","follow":"follow","max-snippet":"max-snippet:-1","max-image-preview":"max-image-preview:large","max-video-preview":"max-video-preview:-1"},"canonical":"https:\/\/jornaldasoficinas.com\/pt\/diesel-technic-investe-em-energia-renovavel-na-sua-sede\/","og_locale":"pt_PT","og_type":"article","og_title":"Diesel Technic investe em energia renov\u00e1vel na sua sede - Jornal das Oficinas","og_description":"A Diesel Technic tem feito uma forte aposta na implementa\u00e7\u00e3o de medidas mais sustent\u00e1veis, como a remodela\u00e7\u00e3o da sua sede na Alemanha","og_url":"https:\/\/jornaldasoficinas.com\/pt\/diesel-technic-investe-em-energia-renovavel-na-sua-sede\/","og_site_name":"Jornal das Oficinas","article_publisher":"https:\/\/www.facebook.com\/jornaloficinas","article_published_time":"2024-11-20T14:00:14+00:00","og_image":[{"width":1024,"height":581,"url":"https:\/\/jornaldasoficinas.com\/pt\/wp-content\/uploads\/2024\/11\/Diesel-Technic-investe-em-energia-renovavel-na-sua-sede.jpg","type":"image\/jpeg"}],"author":"Reda\u00e7\u00e3o JO","twitter_card":"summary_large_image","twitter_creator":"@jornaloficinas","twitter_site":"@jornaloficinas","twitter_misc":{"Escrito por":"Reda\u00e7\u00e3o JO","Tempo estimado de leitura":"3 minutos"},"schema":{"@context":"https:\/\/schema.org","@graph":[{"@type":"Article","@id":"https:\/\/jornaldasoficinas.com\/pt\/diesel-technic-investe-em-energia-renovavel-na-sua-sede\/#article","isPartOf":{"@id":"https:\/\/jornaldasoficinas.com\/pt\/diesel-technic-investe-em-energia-renovavel-na-sua-sede\/"},"author":{"name":"Reda\u00e7\u00e3o JO","@id":"https:\/\/jornaldasoficinas.com\/pt\/#\/schema\/person\/a38eef5de2c41d9e7c9ac10141afddf3"},"headline":"Diesel Technic investe em energia renov\u00e1vel na sua sede","datePublished":"2024-11-20T14:00:14+00:00","mainEntityOfPage":{"@id":"https:\/\/jornaldasoficinas.com\/pt\/diesel-technic-investe-em-energia-renovavel-na-sua-sede\/"},"wordCount":454,"publisher":{"@id":"https:\/\/jornaldasoficinas.com\/pt\/#organization"},"image":{"@id":"https:\/\/jornaldasoficinas.com\/pt\/diesel-technic-investe-em-energia-renovavel-na-sua-sede\/#primaryimage"},"thumbnailUrl":"https:\/\/jornaldasoficinas.com\/pt\/wp-content\/uploads\/2024\/11\/Diesel-Technic-investe-em-energia-renovavel-na-sua-sede.jpg","keywords":["Diesel Technic","energias renov\u00e1veis","novas medidas","remodela\u00e7\u00e3o","Sustentabilidade","Ve\u00edculos el\u00e9tricos"],"articleSection":["Empresas"],"inLanguage":"pt-PT"},{"@type":"WebPage","@id":"https:\/\/jornaldasoficinas.com\/pt\/diesel-technic-investe-em-energia-renovavel-na-sua-sede\/","url":"https:\/\/jornaldasoficinas.com\/pt\/diesel-technic-investe-em-energia-renovavel-na-sua-sede\/","name":"Diesel Technic investe em energia renov\u00e1vel na sua sede - Jornal das Oficinas","isPartOf":{"@id":"https:\/\/jornaldasoficinas.com\/pt\/#website"},"primaryImageOfPage":{"@id":"https:\/\/jornaldasoficinas.com\/pt\/diesel-technic-investe-em-energia-renovavel-na-sua-sede\/#primaryimage"},"image":{"@id":"https:\/\/jornaldasoficinas.com\/pt\/diesel-technic-investe-em-energia-renovavel-na-sua-sede\/#primaryimage"},"thumbnailUrl":"https:\/\/jornaldasoficinas.com\/pt\/wp-content\/uploads\/2024\/11\/Diesel-Technic-investe-em-energia-renovavel-na-sua-sede.jpg","datePublished":"2024-11-20T14:00:14+00:00","description":"A Diesel Technic tem feito uma forte aposta na implementa\u00e7\u00e3o de medidas mais sustent\u00e1veis, como a remodela\u00e7\u00e3o da sua sede na Alemanha","breadcrumb":{"@id":"https:\/\/jornaldasoficinas.com\/pt\/diesel-technic-investe-em-energia-renovavel-na-sua-sede\/#breadcrumb"},"inLanguage":"pt-PT","potentialAction":[{"@type":"ReadAction","target":["https:\/\/jornaldasoficinas.com\/pt\/diesel-technic-investe-em-energia-renovavel-na-sua-sede\/"]}]},{"@type":"ImageObject","inLanguage":"pt-PT","@id":"https:\/\/jornaldasoficinas.com\/pt\/diesel-technic-investe-em-energia-renovavel-na-sua-sede\/#primaryimage","url":"https:\/\/jornaldasoficinas.com\/pt\/wp-content\/uploads\/2024\/11\/Diesel-Technic-investe-em-energia-renovavel-na-sua-sede.jpg","contentUrl":"https:\/\/jornaldasoficinas.com\/pt\/wp-content\/uploads\/2024\/11\/Diesel-Technic-investe-em-energia-renovavel-na-sua-sede.jpg","width":1024,"height":581,"caption":"11 - Diesel Technic investe em energia renovavel na sua sede"},{"@type":"BreadcrumbList","@id":"https:\/\/jornaldasoficinas.com\/pt\/diesel-technic-investe-em-energia-renovavel-na-sua-sede\/#breadcrumb","itemListElement":[{"@type":"ListItem","position":1,"name":"In\u00edcio","item":"https:\/\/jornaldasoficinas.com\/pt\/"},{"@type":"ListItem","position":2,"name":"Diesel Technic investe em energia renov\u00e1vel na sua sede"}]},{"@type":"WebSite","@id":"https:\/\/jornaldasoficinas.com\/pt\/#website","url":"https:\/\/jornaldasoficinas.com\/pt\/","name":"Jornal das Oficinas","description":"Jornal independente do Aftermarket Autom\u00f3vel em Portugal","publisher":{"@id":"https:\/\/jornaldasoficinas.com\/pt\/#organization"},"potentialAction":[{"@type":"SearchAction","target":{"@type":"EntryPoint","urlTemplate":"https:\/\/jornaldasoficinas.com\/pt\/?s={search_term_string}"},"query-input":{"@type":"PropertyValueSpecification","valueRequired":true,"valueName":"search_term_string"}}],"inLanguage":"pt-PT"},{"@type":"Organization","@id":"https:\/\/jornaldasoficinas.com\/pt\/#organization","name":"Jornal das Oficinas","url":"https:\/\/jornaldasoficinas.com\/pt\/","logo":{"@type":"ImageObject","inLanguage":"pt-PT","@id":"https:\/\/jornaldasoficinas.com\/pt\/#\/schema\/logo\/image\/","url":"https:\/\/jornaldasoficinas.com\/pt\/wp-content\/uploads\/logoJO-SEO.png","contentUrl":"https:\/\/jornaldasoficinas.com\/pt\/wp-content\/uploads\/logoJO-SEO.png","width":285,"height":450,"caption":"Jornal das Oficinas"},"image":{"@id":"https:\/\/jornaldasoficinas.com\/pt\/#\/schema\/logo\/image\/"},"sameAs":["https:\/\/www.facebook.com\/jornaloficinas","https:\/\/x.com\/jornaloficinas","https:\/\/www.instagram.com\/jornal_oficinas\/","https:\/\/www.linkedin.com\/company\/jornal-das-oficinas\/","https:\/\/www.youtube.com\/channel\/UCbQZBqtcvV-oSQrr7RzINGg"]},{"@type":"Person","@id":"https:\/\/jornaldasoficinas.com\/pt\/#\/schema\/person\/a38eef5de2c41d9e7c9ac10141afddf3","name":"Reda\u00e7\u00e3o JO","image":{"@type":"ImageObject","inLanguage":"pt-PT","@id":"https:\/\/secure.gravatar.com\/avatar\/71f2fa71737ad68a84fea94bc708ddac8ea5b0c4788dc2ad202f3ccb2887742f?s=96&d=wp_user_avatar&r=g","url":"https:\/\/secure.gravatar.com\/avatar\/71f2fa71737ad68a84fea94bc708ddac8ea5b0c4788dc2ad202f3ccb2887742f?s=96&d=wp_user_avatar&r=g","contentUrl":"https:\/\/secure.gravatar.com\/avatar\/71f2fa71737ad68a84fea94bc708ddac8ea5b0c4788dc2ad202f3ccb2887742f?s=96&d=wp_user_avatar&r=g","caption":"Reda\u00e7\u00e3o JO"},"url":"https:\/\/jornaldasoficinas.com\/pt\/author\/joredacao\/"}]}},"_links":{"self":[{"href":"https:\/\/jornaldasoficinas.com\/pt\/wp-json\/wp\/v2\/posts\/94367","targetHints":{"allow":["GET"]}}],"collection":[{"href":"https:\/\/jornaldasoficinas.com\/pt\/wp-json\/wp\/v2\/posts"}],"about":[{"href":"https:\/\/jornaldasoficinas.com\/pt\/wp-json\/wp\/v2\/types\/post"}],"author":[{"embeddable":true,"href":"https:\/\/jornaldasoficinas.com\/pt\/wp-json\/wp\/v2\/users\/15"}],"replies":[{"embeddable":true,"href":"https:\/\/jornaldasoficinas.com\/pt\/wp-json\/wp\/v2\/comments?post=94367"}],"version-history":[{"count":0,"href":"https:\/\/jornaldasoficinas.com\/pt\/wp-json\/wp\/v2\/posts\/94367\/revisions"}],"wp:featuredmedia":[{"embeddable":true,"href":"https:\/\/jornaldasoficinas.com\/pt\/wp-json\/wp\/v2\/media\/94371"}],"wp:attachment":[{"href":"https:\/\/jornaldasoficinas.com\/pt\/wp-json\/wp\/v2\/media?parent=94367"}],"wp:term":[{"taxonomy":"category","embeddable":true,"href":"https:\/\/jornaldasoficinas.com\/pt\/wp-json\/wp\/v2\/categories?post=94367"},{"taxonomy":"post_tag","embeddable":true,"href":"https:\/\/jornaldasoficinas.com\/pt\/wp-json\/wp\/v2\/tags?post=94367"}],"curies":[{"name":"wp","href":"https:\/\/api.w.org\/{rel}","templated":true}]}}