{"id":9498,"date":"2020-02-07T16:47:34","date_gmt":"2020-02-07T16:47:34","guid":{"rendered":"https:\/\/jornaldasoficinas.com\/pt\/?p=9498"},"modified":"2023-07-20T16:15:30","modified_gmt":"2023-07-20T15:15:30","slug":"man-truck-bus-revelara-nova-geracao-de-camioes-no-youtube","status":"publish","type":"post","link":"https:\/\/jornaldasoficinas.com\/pt\/man-truck-bus-revelara-nova-geracao-de-camioes-no-youtube\/","title":{"rendered":"MAN Truck &#038; Bus revelar\u00e1 nova gera\u00e7\u00e3o de cami\u00f5es no YouTube"},"content":{"rendered":"<p><img loading=\"lazy\" decoding=\"async\" class=\"alignnone wp-image-9497 size-full\" src=\"https:\/\/jornaldasoficinas.com\/pt\/wp-content\/uploads\/2020\/02\/novomanyoutube.png\" alt=\"02 - novomanyoutube\" width=\"1024\" height=\"581\" srcset=\"https:\/\/jornaldasoficinas.com\/pt\/wp-content\/uploads\/2020\/02\/novomanyoutube.png 1024w, https:\/\/jornaldasoficinas.com\/pt\/wp-content\/uploads\/2020\/02\/novomanyoutube-300x170.png 300w, https:\/\/jornaldasoficinas.com\/pt\/wp-content\/uploads\/2020\/02\/novomanyoutube-150x85.png 150w, https:\/\/jornaldasoficinas.com\/pt\/wp-content\/uploads\/2020\/02\/novomanyoutube-768x436.png 768w\" sizes=\"auto, (max-width: 1024px) 100vw, 1024px\" \/><\/p>\n<p><strong>O novo MAN ser\u00e1 revelado no pro\u0301ximo dia 10 de fevereiro, num evento que sera\u0301 transmitido em direto a partir das 19h30, no canal do YouTube da MAN Truck &amp; Bus.<\/strong><\/p>\n<p>No dia 10 de fevereiro de 2020, a <a href=\"https:\/\/www.truck.man.eu\/pt\/pt\/index.html\" target=\"_blank\" rel=\"noopener noreferrer\">MAN Truck &amp; Bus<\/a> ira\u0301, finalmente, apresentar a sua nova gerac\u0327a\u0303o de camio\u0303es em Bilbao, Espanha, que ir\u00e1 substituir a atual e bem sucedida se\u0301rie, vendida nos mais diversos segmentos desde o seu lanc\u0327amento, no ano 2000.<\/p>\n<p>O novo modelo da MAN estabelece novos padro\u0303es de funcionalidade e conectividade, tendo em considerac\u0327a\u0303o na\u0303o apenas os requisitos atuais mas, tambe\u0301m, os futuros para a digitalizac\u0327a\u0303o, a conduc\u0327a\u0303o auto\u0301noma e unidades alternativas.<\/p>\n<p>A MAN Truck &amp; Bus ir\u00e1, assim, transmitir o grande evento de revelac\u0327a\u0303o <em>online <\/em>no seu canal do YouTube. A estreia poder\u00e1 ser vista <a href=\"https:\/\/www.youtube.com\/user\/mantrucksandbuses\" target=\"_blank\" rel=\"noopener noreferrer\">aqui<\/a>.<\/p>\n","protected":false},"excerpt":{"rendered":"<p>O novo MAN ser\u00e1 revelado no&#8230;<\/p>\n","protected":false},"author":15,"featured_media":9497,"comment_status":"closed","ping_status":"closed","sticky":false,"template":"","format":"standard","meta":{"footnotes":""},"categories":[29],"tags":[430],"class_list":["post-9498","post","type-post","status-publish","format-standard","has-post-thumbnail","hentry","category-empresas","tag-man-truck-bus"],"yoast_head":"<!-- This site is optimized with the Yoast SEO plugin v27.4 - https:\/\/yoast.com\/product\/yoast-seo-wordpress\/ -->\n<title>MAN Truck &amp; Bus revelar\u00e1 nova gera\u00e7\u00e3o de cami\u00f5es no YouTube - Jornal das Oficinas<\/title>\n<meta name=\"robots\" content=\"index, follow, max-snippet:-1, max-image-preview:large, max-video-preview:-1\" \/>\n<link rel=\"canonical\" href=\"https:\/\/jornaldasoficinas.com\/pt\/man-truck-bus-revelara-nova-geracao-de-camioes-no-youtube\/\" \/>\n<meta property=\"og:locale\" content=\"pt_PT\" \/>\n<meta property=\"og:type\" content=\"article\" \/>\n<meta property=\"og:title\" content=\"MAN Truck &amp; Bus revelar\u00e1 nova gera\u00e7\u00e3o de cami\u00f5es no YouTube - Jornal das Oficinas\" \/>\n<meta property=\"og:description\" content=\"O novo MAN ser\u00e1 revelado no...\" \/>\n<meta property=\"og:url\" content=\"https:\/\/jornaldasoficinas.com\/pt\/man-truck-bus-revelara-nova-geracao-de-camioes-no-youtube\/\" \/>\n<meta property=\"og:site_name\" content=\"Jornal das Oficinas\" \/>\n<meta property=\"article:publisher\" content=\"https:\/\/www.facebook.com\/jornaloficinas\" \/>\n<meta property=\"article:published_time\" content=\"2020-02-07T16:47:34+00:00\" \/>\n<meta property=\"article:modified_time\" content=\"2023-07-20T15:15:30+00:00\" \/>\n<meta property=\"og:image\" content=\"https:\/\/jornaldasoficinas.com\/pt\/wp-content\/uploads\/2020\/02\/novomanyoutube.png\" \/>\n\t<meta property=\"og:image:width\" content=\"1024\" \/>\n\t<meta property=\"og:image:height\" content=\"581\" \/>\n\t<meta property=\"og:image:type\" content=\"image\/png\" \/>\n<meta name=\"author\" content=\"Reda\u00e7\u00e3o JO\" \/>\n<meta name=\"twitter:card\" content=\"summary_large_image\" \/>\n<meta name=\"twitter:creator\" content=\"@jornaloficinas\" \/>\n<meta name=\"twitter:site\" content=\"@jornaloficinas\" \/>\n<meta name=\"twitter:label1\" content=\"Escrito por\" \/>\n\t<meta name=\"twitter:data1\" content=\"Reda\u00e7\u00e3o JO\" \/>\n\t<meta name=\"twitter:label2\" content=\"Tempo estimado de leitura\" \/>\n\t<meta name=\"twitter:data2\" content=\"1 minuto\" \/>\n<script type=\"application\/ld+json\" class=\"yoast-schema-graph\">{\"@context\":\"https:\\\/\\\/schema.org\",\"@graph\":[{\"@type\":\"Article\",\"@id\":\"https:\\\/\\\/jornaldasoficinas.com\\\/pt\\\/man-truck-bus-revelara-nova-geracao-de-camioes-no-youtube\\\/#article\",\"isPartOf\":{\"@id\":\"https:\\\/\\\/jornaldasoficinas.com\\\/pt\\\/man-truck-bus-revelara-nova-geracao-de-camioes-no-youtube\\\/\"},\"author\":{\"name\":\"Reda\u00e7\u00e3o JO\",\"@id\":\"https:\\\/\\\/jornaldasoficinas.com\\\/pt\\\/#\\\/schema\\\/person\\\/a38eef5de2c41d9e7c9ac10141afddf3\"},\"headline\":\"MAN Truck &#038; Bus revelar\u00e1 nova gera\u00e7\u00e3o de cami\u00f5es no YouTube\",\"datePublished\":\"2020-02-07T16:47:34+00:00\",\"dateModified\":\"2023-07-20T15:15:30+00:00\",\"mainEntityOfPage\":{\"@id\":\"https:\\\/\\\/jornaldasoficinas.com\\\/pt\\\/man-truck-bus-revelara-nova-geracao-de-camioes-no-youtube\\\/\"},\"wordCount\":160,\"publisher\":{\"@id\":\"https:\\\/\\\/jornaldasoficinas.com\\\/pt\\\/#organization\"},\"image\":{\"@id\":\"https:\\\/\\\/jornaldasoficinas.com\\\/pt\\\/man-truck-bus-revelara-nova-geracao-de-camioes-no-youtube\\\/#primaryimage\"},\"thumbnailUrl\":\"https:\\\/\\\/jornaldasoficinas.com\\\/pt\\\/wp-content\\\/uploads\\\/2020\\\/02\\\/novomanyoutube.png\",\"keywords\":[\"MAN Truck &amp; Bus\"],\"articleSection\":[\"Empresas\"],\"inLanguage\":\"pt-PT\"},{\"@type\":\"WebPage\",\"@id\":\"https:\\\/\\\/jornaldasoficinas.com\\\/pt\\\/man-truck-bus-revelara-nova-geracao-de-camioes-no-youtube\\\/\",\"url\":\"https:\\\/\\\/jornaldasoficinas.com\\\/pt\\\/man-truck-bus-revelara-nova-geracao-de-camioes-no-youtube\\\/\",\"name\":\"MAN Truck & Bus revelar\u00e1 nova gera\u00e7\u00e3o de cami\u00f5es no YouTube - Jornal das Oficinas\",\"isPartOf\":{\"@id\":\"https:\\\/\\\/jornaldasoficinas.com\\\/pt\\\/#website\"},\"primaryImageOfPage\":{\"@id\":\"https:\\\/\\\/jornaldasoficinas.com\\\/pt\\\/man-truck-bus-revelara-nova-geracao-de-camioes-no-youtube\\\/#primaryimage\"},\"image\":{\"@id\":\"https:\\\/\\\/jornaldasoficinas.com\\\/pt\\\/man-truck-bus-revelara-nova-geracao-de-camioes-no-youtube\\\/#primaryimage\"},\"thumbnailUrl\":\"https:\\\/\\\/jornaldasoficinas.com\\\/pt\\\/wp-content\\\/uploads\\\/2020\\\/02\\\/novomanyoutube.png\",\"datePublished\":\"2020-02-07T16:47:34+00:00\",\"dateModified\":\"2023-07-20T15:15:30+00:00\",\"breadcrumb\":{\"@id\":\"https:\\\/\\\/jornaldasoficinas.com\\\/pt\\\/man-truck-bus-revelara-nova-geracao-de-camioes-no-youtube\\\/#breadcrumb\"},\"inLanguage\":\"pt-PT\",\"potentialAction\":[{\"@type\":\"ReadAction\",\"target\":[\"https:\\\/\\\/jornaldasoficinas.com\\\/pt\\\/man-truck-bus-revelara-nova-geracao-de-camioes-no-youtube\\\/\"]}]},{\"@type\":\"ImageObject\",\"inLanguage\":\"pt-PT\",\"@id\":\"https:\\\/\\\/jornaldasoficinas.com\\\/pt\\\/man-truck-bus-revelara-nova-geracao-de-camioes-no-youtube\\\/#primaryimage\",\"url\":\"https:\\\/\\\/jornaldasoficinas.com\\\/pt\\\/wp-content\\\/uploads\\\/2020\\\/02\\\/novomanyoutube.png\",\"contentUrl\":\"https:\\\/\\\/jornaldasoficinas.com\\\/pt\\\/wp-content\\\/uploads\\\/2020\\\/02\\\/novomanyoutube.png\",\"width\":1024,\"height\":581,\"caption\":\"02 - novomanyoutube\"},{\"@type\":\"BreadcrumbList\",\"@id\":\"https:\\\/\\\/jornaldasoficinas.com\\\/pt\\\/man-truck-bus-revelara-nova-geracao-de-camioes-no-youtube\\\/#breadcrumb\",\"itemListElement\":[{\"@type\":\"ListItem\",\"position\":1,\"name\":\"In\u00edcio\",\"item\":\"https:\\\/\\\/jornaldasoficinas.com\\\/pt\\\/\"},{\"@type\":\"ListItem\",\"position\":2,\"name\":\"MAN Truck &#038; Bus revelar\u00e1 nova gera\u00e7\u00e3o de cami\u00f5es no YouTube\"}]},{\"@type\":\"WebSite\",\"@id\":\"https:\\\/\\\/jornaldasoficinas.com\\\/pt\\\/#website\",\"url\":\"https:\\\/\\\/jornaldasoficinas.com\\\/pt\\\/\",\"name\":\"Jornal das Oficinas\",\"description\":\"Jornal independente do Aftermarket Autom\u00f3vel em Portugal\",\"publisher\":{\"@id\":\"https:\\\/\\\/jornaldasoficinas.com\\\/pt\\\/#organization\"},\"potentialAction\":[{\"@type\":\"SearchAction\",\"target\":{\"@type\":\"EntryPoint\",\"urlTemplate\":\"https:\\\/\\\/jornaldasoficinas.com\\\/pt\\\/?s={search_term_string}\"},\"query-input\":{\"@type\":\"PropertyValueSpecification\",\"valueRequired\":true,\"valueName\":\"search_term_string\"}}],\"inLanguage\":\"pt-PT\"},{\"@type\":\"Organization\",\"@id\":\"https:\\\/\\\/jornaldasoficinas.com\\\/pt\\\/#organization\",\"name\":\"Jornal das Oficinas\",\"url\":\"https:\\\/\\\/jornaldasoficinas.com\\\/pt\\\/\",\"logo\":{\"@type\":\"ImageObject\",\"inLanguage\":\"pt-PT\",\"@id\":\"https:\\\/\\\/jornaldasoficinas.com\\\/pt\\\/#\\\/schema\\\/logo\\\/image\\\/\",\"url\":\"https:\\\/\\\/jornaldasoficinas.com\\\/pt\\\/wp-content\\\/uploads\\\/logoJO-SEO.png\",\"contentUrl\":\"https:\\\/\\\/jornaldasoficinas.com\\\/pt\\\/wp-content\\\/uploads\\\/logoJO-SEO.png\",\"width\":285,\"height\":450,\"caption\":\"Jornal das Oficinas\"},\"image\":{\"@id\":\"https:\\\/\\\/jornaldasoficinas.com\\\/pt\\\/#\\\/schema\\\/logo\\\/image\\\/\"},\"sameAs\":[\"https:\\\/\\\/www.facebook.com\\\/jornaloficinas\",\"https:\\\/\\\/x.com\\\/jornaloficinas\",\"https:\\\/\\\/www.instagram.com\\\/jornal_oficinas\\\/\",\"https:\\\/\\\/www.linkedin.com\\\/company\\\/jornal-das-oficinas\\\/\",\"https:\\\/\\\/www.youtube.com\\\/channel\\\/UCbQZBqtcvV-oSQrr7RzINGg\"]},{\"@type\":\"Person\",\"@id\":\"https:\\\/\\\/jornaldasoficinas.com\\\/pt\\\/#\\\/schema\\\/person\\\/a38eef5de2c41d9e7c9ac10141afddf3\",\"name\":\"Reda\u00e7\u00e3o JO\",\"image\":{\"@type\":\"ImageObject\",\"inLanguage\":\"pt-PT\",\"@id\":\"https:\\\/\\\/secure.gravatar.com\\\/avatar\\\/71f2fa71737ad68a84fea94bc708ddac8ea5b0c4788dc2ad202f3ccb2887742f?s=96&d=wp_user_avatar&r=g\",\"url\":\"https:\\\/\\\/secure.gravatar.com\\\/avatar\\\/71f2fa71737ad68a84fea94bc708ddac8ea5b0c4788dc2ad202f3ccb2887742f?s=96&d=wp_user_avatar&r=g\",\"contentUrl\":\"https:\\\/\\\/secure.gravatar.com\\\/avatar\\\/71f2fa71737ad68a84fea94bc708ddac8ea5b0c4788dc2ad202f3ccb2887742f?s=96&d=wp_user_avatar&r=g\",\"caption\":\"Reda\u00e7\u00e3o JO\"},\"url\":\"https:\\\/\\\/jornaldasoficinas.com\\\/pt\\\/author\\\/joredacao\\\/\"}]}<\/script>\n<!-- \/ Yoast SEO plugin. -->","yoast_head_json":{"title":"MAN Truck & Bus revelar\u00e1 nova gera\u00e7\u00e3o de cami\u00f5es no YouTube - Jornal das Oficinas","robots":{"index":"index","follow":"follow","max-snippet":"max-snippet:-1","max-image-preview":"max-image-preview:large","max-video-preview":"max-video-preview:-1"},"canonical":"https:\/\/jornaldasoficinas.com\/pt\/man-truck-bus-revelara-nova-geracao-de-camioes-no-youtube\/","og_locale":"pt_PT","og_type":"article","og_title":"MAN Truck & Bus revelar\u00e1 nova gera\u00e7\u00e3o de cami\u00f5es no YouTube - Jornal das Oficinas","og_description":"O novo MAN ser\u00e1 revelado no...","og_url":"https:\/\/jornaldasoficinas.com\/pt\/man-truck-bus-revelara-nova-geracao-de-camioes-no-youtube\/","og_site_name":"Jornal das Oficinas","article_publisher":"https:\/\/www.facebook.com\/jornaloficinas","article_published_time":"2020-02-07T16:47:34+00:00","article_modified_time":"2023-07-20T15:15:30+00:00","og_image":[{"width":1024,"height":581,"url":"https:\/\/jornaldasoficinas.com\/pt\/wp-content\/uploads\/2020\/02\/novomanyoutube.png","type":"image\/png"}],"author":"Reda\u00e7\u00e3o JO","twitter_card":"summary_large_image","twitter_creator":"@jornaloficinas","twitter_site":"@jornaloficinas","twitter_misc":{"Escrito por":"Reda\u00e7\u00e3o JO","Tempo estimado de leitura":"1 minuto"},"schema":{"@context":"https:\/\/schema.org","@graph":[{"@type":"Article","@id":"https:\/\/jornaldasoficinas.com\/pt\/man-truck-bus-revelara-nova-geracao-de-camioes-no-youtube\/#article","isPartOf":{"@id":"https:\/\/jornaldasoficinas.com\/pt\/man-truck-bus-revelara-nova-geracao-de-camioes-no-youtube\/"},"author":{"name":"Reda\u00e7\u00e3o JO","@id":"https:\/\/jornaldasoficinas.com\/pt\/#\/schema\/person\/a38eef5de2c41d9e7c9ac10141afddf3"},"headline":"MAN Truck &#038; Bus revelar\u00e1 nova gera\u00e7\u00e3o de cami\u00f5es no YouTube","datePublished":"2020-02-07T16:47:34+00:00","dateModified":"2023-07-20T15:15:30+00:00","mainEntityOfPage":{"@id":"https:\/\/jornaldasoficinas.com\/pt\/man-truck-bus-revelara-nova-geracao-de-camioes-no-youtube\/"},"wordCount":160,"publisher":{"@id":"https:\/\/jornaldasoficinas.com\/pt\/#organization"},"image":{"@id":"https:\/\/jornaldasoficinas.com\/pt\/man-truck-bus-revelara-nova-geracao-de-camioes-no-youtube\/#primaryimage"},"thumbnailUrl":"https:\/\/jornaldasoficinas.com\/pt\/wp-content\/uploads\/2020\/02\/novomanyoutube.png","keywords":["MAN Truck &amp; Bus"],"articleSection":["Empresas"],"inLanguage":"pt-PT"},{"@type":"WebPage","@id":"https:\/\/jornaldasoficinas.com\/pt\/man-truck-bus-revelara-nova-geracao-de-camioes-no-youtube\/","url":"https:\/\/jornaldasoficinas.com\/pt\/man-truck-bus-revelara-nova-geracao-de-camioes-no-youtube\/","name":"MAN Truck & Bus revelar\u00e1 nova gera\u00e7\u00e3o de cami\u00f5es no YouTube - Jornal das Oficinas","isPartOf":{"@id":"https:\/\/jornaldasoficinas.com\/pt\/#website"},"primaryImageOfPage":{"@id":"https:\/\/jornaldasoficinas.com\/pt\/man-truck-bus-revelara-nova-geracao-de-camioes-no-youtube\/#primaryimage"},"image":{"@id":"https:\/\/jornaldasoficinas.com\/pt\/man-truck-bus-revelara-nova-geracao-de-camioes-no-youtube\/#primaryimage"},"thumbnailUrl":"https:\/\/jornaldasoficinas.com\/pt\/wp-content\/uploads\/2020\/02\/novomanyoutube.png","datePublished":"2020-02-07T16:47:34+00:00","dateModified":"2023-07-20T15:15:30+00:00","breadcrumb":{"@id":"https:\/\/jornaldasoficinas.com\/pt\/man-truck-bus-revelara-nova-geracao-de-camioes-no-youtube\/#breadcrumb"},"inLanguage":"pt-PT","potentialAction":[{"@type":"ReadAction","target":["https:\/\/jornaldasoficinas.com\/pt\/man-truck-bus-revelara-nova-geracao-de-camioes-no-youtube\/"]}]},{"@type":"ImageObject","inLanguage":"pt-PT","@id":"https:\/\/jornaldasoficinas.com\/pt\/man-truck-bus-revelara-nova-geracao-de-camioes-no-youtube\/#primaryimage","url":"https:\/\/jornaldasoficinas.com\/pt\/wp-content\/uploads\/2020\/02\/novomanyoutube.png","contentUrl":"https:\/\/jornaldasoficinas.com\/pt\/wp-content\/uploads\/2020\/02\/novomanyoutube.png","width":1024,"height":581,"caption":"02 - novomanyoutube"},{"@type":"BreadcrumbList","@id":"https:\/\/jornaldasoficinas.com\/pt\/man-truck-bus-revelara-nova-geracao-de-camioes-no-youtube\/#breadcrumb","itemListElement":[{"@type":"ListItem","position":1,"name":"In\u00edcio","item":"https:\/\/jornaldasoficinas.com\/pt\/"},{"@type":"ListItem","position":2,"name":"MAN Truck &#038; Bus revelar\u00e1 nova gera\u00e7\u00e3o de cami\u00f5es no YouTube"}]},{"@type":"WebSite","@id":"https:\/\/jornaldasoficinas.com\/pt\/#website","url":"https:\/\/jornaldasoficinas.com\/pt\/","name":"Jornal das Oficinas","description":"Jornal independente do Aftermarket Autom\u00f3vel em Portugal","publisher":{"@id":"https:\/\/jornaldasoficinas.com\/pt\/#organization"},"potentialAction":[{"@type":"SearchAction","target":{"@type":"EntryPoint","urlTemplate":"https:\/\/jornaldasoficinas.com\/pt\/?s={search_term_string}"},"query-input":{"@type":"PropertyValueSpecification","valueRequired":true,"valueName":"search_term_string"}}],"inLanguage":"pt-PT"},{"@type":"Organization","@id":"https:\/\/jornaldasoficinas.com\/pt\/#organization","name":"Jornal das Oficinas","url":"https:\/\/jornaldasoficinas.com\/pt\/","logo":{"@type":"ImageObject","inLanguage":"pt-PT","@id":"https:\/\/jornaldasoficinas.com\/pt\/#\/schema\/logo\/image\/","url":"https:\/\/jornaldasoficinas.com\/pt\/wp-content\/uploads\/logoJO-SEO.png","contentUrl":"https:\/\/jornaldasoficinas.com\/pt\/wp-content\/uploads\/logoJO-SEO.png","width":285,"height":450,"caption":"Jornal das Oficinas"},"image":{"@id":"https:\/\/jornaldasoficinas.com\/pt\/#\/schema\/logo\/image\/"},"sameAs":["https:\/\/www.facebook.com\/jornaloficinas","https:\/\/x.com\/jornaloficinas","https:\/\/www.instagram.com\/jornal_oficinas\/","https:\/\/www.linkedin.com\/company\/jornal-das-oficinas\/","https:\/\/www.youtube.com\/channel\/UCbQZBqtcvV-oSQrr7RzINGg"]},{"@type":"Person","@id":"https:\/\/jornaldasoficinas.com\/pt\/#\/schema\/person\/a38eef5de2c41d9e7c9ac10141afddf3","name":"Reda\u00e7\u00e3o JO","image":{"@type":"ImageObject","inLanguage":"pt-PT","@id":"https:\/\/secure.gravatar.com\/avatar\/71f2fa71737ad68a84fea94bc708ddac8ea5b0c4788dc2ad202f3ccb2887742f?s=96&d=wp_user_avatar&r=g","url":"https:\/\/secure.gravatar.com\/avatar\/71f2fa71737ad68a84fea94bc708ddac8ea5b0c4788dc2ad202f3ccb2887742f?s=96&d=wp_user_avatar&r=g","contentUrl":"https:\/\/secure.gravatar.com\/avatar\/71f2fa71737ad68a84fea94bc708ddac8ea5b0c4788dc2ad202f3ccb2887742f?s=96&d=wp_user_avatar&r=g","caption":"Reda\u00e7\u00e3o JO"},"url":"https:\/\/jornaldasoficinas.com\/pt\/author\/joredacao\/"}]}},"_links":{"self":[{"href":"https:\/\/jornaldasoficinas.com\/pt\/wp-json\/wp\/v2\/posts\/9498","targetHints":{"allow":["GET"]}}],"collection":[{"href":"https:\/\/jornaldasoficinas.com\/pt\/wp-json\/wp\/v2\/posts"}],"about":[{"href":"https:\/\/jornaldasoficinas.com\/pt\/wp-json\/wp\/v2\/types\/post"}],"author":[{"embeddable":true,"href":"https:\/\/jornaldasoficinas.com\/pt\/wp-json\/wp\/v2\/users\/15"}],"replies":[{"embeddable":true,"href":"https:\/\/jornaldasoficinas.com\/pt\/wp-json\/wp\/v2\/comments?post=9498"}],"version-history":[{"count":0,"href":"https:\/\/jornaldasoficinas.com\/pt\/wp-json\/wp\/v2\/posts\/9498\/revisions"}],"wp:featuredmedia":[{"embeddable":true,"href":"https:\/\/jornaldasoficinas.com\/pt\/wp-json\/wp\/v2\/media\/9497"}],"wp:attachment":[{"href":"https:\/\/jornaldasoficinas.com\/pt\/wp-json\/wp\/v2\/media?parent=9498"}],"wp:term":[{"taxonomy":"category","embeddable":true,"href":"https:\/\/jornaldasoficinas.com\/pt\/wp-json\/wp\/v2\/categories?post=9498"},{"taxonomy":"post_tag","embeddable":true,"href":"https:\/\/jornaldasoficinas.com\/pt\/wp-json\/wp\/v2\/tags?post=9498"}],"curies":[{"name":"wp","href":"https:\/\/api.w.org\/{rel}","templated":true}]}}