{"id":95120,"date":"2024-12-05T14:00:05","date_gmt":"2024-12-05T14:00:05","guid":{"rendered":"https:\/\/jornaldasoficinas.com\/pt\/?p=95120"},"modified":"2024-12-04T14:43:24","modified_gmt":"2024-12-04T14:43:24","slug":"roady-une-forcas-com-a-cruz-vermelha-portuguesa","status":"publish","type":"post","link":"https:\/\/jornaldasoficinas.com\/pt\/roady-une-forcas-com-a-cruz-vermelha-portuguesa\/","title":{"rendered":"Roady une for\u00e7as com a Cruz Vermelha Portuguesa"},"content":{"rendered":"<p style=\"font-weight: 400;\"><strong><img loading=\"lazy\" decoding=\"async\" class=\"alignnone size-full wp-image-95122\" src=\"https:\/\/jornaldasoficinas.com\/pt\/wp-content\/uploads\/2024\/12\/Roady-une-forcas-com-a-Cruz-Vermelha-Portuguesa.jpg\" alt=\"12 - Roady une forcas com a Cruz Vermelha Portuguesa\" width=\"1024\" height=\"581\" srcset=\"https:\/\/jornaldasoficinas.com\/pt\/wp-content\/uploads\/2024\/12\/Roady-une-forcas-com-a-Cruz-Vermelha-Portuguesa.jpg 1024w, https:\/\/jornaldasoficinas.com\/pt\/wp-content\/uploads\/2024\/12\/Roady-une-forcas-com-a-Cruz-Vermelha-Portuguesa-300x170.jpg 300w, https:\/\/jornaldasoficinas.com\/pt\/wp-content\/uploads\/2024\/12\/Roady-une-forcas-com-a-Cruz-Vermelha-Portuguesa-150x85.jpg 150w, https:\/\/jornaldasoficinas.com\/pt\/wp-content\/uploads\/2024\/12\/Roady-une-forcas-com-a-Cruz-Vermelha-Portuguesa-768x436.jpg 768w\" sizes=\"auto, (max-width: 1024px) 100vw, 1024px\" \/><\/strong><\/p>\n<p style=\"font-weight: 400;\"><strong>A nova campanha do <a href=\"https:\/\/www.googleadservices.com\/pagead\/aclk?sa=L&amp;ai=DChcSEwjD0NutqY6KAxUGPAYAHQvTFXkYABAAGgJ3cw&amp;co=1&amp;gclid=CjwKCAiAmMC6BhA6EiwAdN5iLcgPKTZ1iq-afS-KMKG5K9Qvxk5HA3tgWBQYdpphL-wcj7AhQb3mABoCZvUQAvD_BwE&amp;ohost=www.google.com&amp;cid=CAESVeD2RkFTpqS9SvXGq6vZCSlOEozuPpElfZegVTjqzp5RTjI-r6cis_0MuAhKpjzVA6aeyz9sthC1o5GgStAfN5aV3spEfje3rE7JsOWI4k1W3ONam9k&amp;sig=AOD64_0zir2ZgXm0rifDNFdOvs_CoXfOFg&amp;q&amp;adurl&amp;ved=2ahUKEwiyotStqY6KAxWBS_EDHYEjF0cQ0Qx6BAgMEAE\">Roady<\/a>, ins\u00edgnia autom\u00f3vel do<a href=\"https:\/\/www.google.com\/url?sa=t&amp;source=web&amp;rct=j&amp;opi=89978449&amp;url=https:\/\/www.mosqueteiros.com\/&amp;ved=2ahUKEwimo5S1qY6KAxX5SvEDHVmcBj0QFnoECA4QAQ&amp;usg=AOvVaw2fl3dMLn5IIIlMli6vyyvr\"> Grupo os Mosqueteiros<\/a>, associa-se novamente \u00e0 <a href=\"https:\/\/www.google.com\/url?sa=t&amp;source=web&amp;rct=j&amp;opi=89978449&amp;url=https:\/\/www.cruzvermelha.pt\/&amp;ved=2ahUKEwii5oq9qY6KAxXCSPEDHQCLE3MQFnoECA4QAQ&amp;usg=AOvVaw3BL9ghE8GcimkKmim9pg3O\">Cruz Vermelha Portuguesa<\/a> para apoiar quem mais precisa<\/strong><\/p>\n<p style=\"font-weight: 400;\">Por cada bateria e lubrificante da marca Roady (v\u00e1lido em embalagens de 5 litros) ou pneus assinalados no cat\u00e1logo em vigor, o Roady doar\u00e1 1\u20ac \u00e0 Cruz Vermelha Portuguesa. Esta iniciativa refor\u00e7a o compromisso do Roady em promover a\u00e7\u00f5es de solidariedade e responsabilidade social, contribuindo para o impacto positivo da Cruz Vermelha nas comunidades portuguesas.<\/p>\n<p style=\"font-weight: 400;\">A forma de participar \u00e9 simples: ao adquirir os produtos da marca Roady abrangidos pela campanha solid\u00e1ria, estar\u00e1 automaticamente a ajudar. Consulte todos os detalhes e condi\u00e7\u00f5es da iniciativa em roady.pt ou diretamente nas lojas Roady.<\/p>\n<p style=\"font-weight: 400;\"><strong>\u00a0<\/strong><\/p>\n","protected":false},"excerpt":{"rendered":"<p>A nova campanha do Roady, ins\u00edgnia&#8230;<\/p>\n","protected":false},"author":15,"featured_media":95122,"comment_status":"closed","ping_status":"closed","sticky":false,"template":"","format":"standard","meta":{"footnotes":""},"categories":[29],"tags":[512,6855,1942,155,1135,744],"class_list":["post-95120","post","type-post","status-publish","format-standard","has-post-thumbnail","hentry","category-empresas","tag-baterias","tag-campanha-de-natal","tag-cruz-vermelha-portuguesa","tag-lubrificantes","tag-os-mosqueteiros","tag-roady"],"yoast_head":"<!-- This site is optimized with the Yoast SEO plugin v27.4 - https:\/\/yoast.com\/product\/yoast-seo-wordpress\/ -->\n<title>Roady une for\u00e7as com a Cruz Vermelha Portuguesa - Jornal das Oficinas<\/title>\n<meta name=\"description\" content=\"A nova campanha do Roady, do Grupo os Mosqueteiros, associa-se novamente \u00e0 Cruz Vermelha Portuguesa para apoiar quem mais precisa\" \/>\n<meta name=\"robots\" content=\"index, follow, max-snippet:-1, max-image-preview:large, max-video-preview:-1\" \/>\n<link rel=\"canonical\" href=\"https:\/\/jornaldasoficinas.com\/pt\/roady-une-forcas-com-a-cruz-vermelha-portuguesa\/\" \/>\n<meta property=\"og:locale\" content=\"pt_PT\" \/>\n<meta property=\"og:type\" content=\"article\" \/>\n<meta property=\"og:title\" content=\"Roady une for\u00e7as com a Cruz Vermelha Portuguesa - Jornal das Oficinas\" \/>\n<meta property=\"og:description\" content=\"A nova campanha do Roady, do Grupo os Mosqueteiros, associa-se novamente \u00e0 Cruz Vermelha Portuguesa para apoiar quem mais precisa\" \/>\n<meta property=\"og:url\" content=\"https:\/\/jornaldasoficinas.com\/pt\/roady-une-forcas-com-a-cruz-vermelha-portuguesa\/\" \/>\n<meta property=\"og:site_name\" content=\"Jornal das Oficinas\" \/>\n<meta property=\"article:publisher\" content=\"https:\/\/www.facebook.com\/jornaloficinas\" \/>\n<meta property=\"article:published_time\" content=\"2024-12-05T14:00:05+00:00\" \/>\n<meta property=\"og:image\" content=\"https:\/\/jornaldasoficinas.com\/pt\/wp-content\/uploads\/2024\/12\/Roady-une-forcas-com-a-Cruz-Vermelha-Portuguesa.jpg\" \/>\n\t<meta property=\"og:image:width\" content=\"1024\" \/>\n\t<meta property=\"og:image:height\" content=\"581\" \/>\n\t<meta property=\"og:image:type\" content=\"image\/jpeg\" \/>\n<meta name=\"author\" content=\"Reda\u00e7\u00e3o JO\" \/>\n<meta name=\"twitter:card\" content=\"summary_large_image\" \/>\n<meta name=\"twitter:creator\" content=\"@jornaloficinas\" \/>\n<meta name=\"twitter:site\" content=\"@jornaloficinas\" \/>\n<meta name=\"twitter:label1\" content=\"Escrito por\" \/>\n\t<meta name=\"twitter:data1\" content=\"Reda\u00e7\u00e3o JO\" \/>\n\t<meta name=\"twitter:label2\" content=\"Tempo estimado de leitura\" \/>\n\t<meta name=\"twitter:data2\" content=\"1 minuto\" \/>\n<script type=\"application\/ld+json\" class=\"yoast-schema-graph\">{\"@context\":\"https:\\\/\\\/schema.org\",\"@graph\":[{\"@type\":\"Article\",\"@id\":\"https:\\\/\\\/jornaldasoficinas.com\\\/pt\\\/roady-une-forcas-com-a-cruz-vermelha-portuguesa\\\/#article\",\"isPartOf\":{\"@id\":\"https:\\\/\\\/jornaldasoficinas.com\\\/pt\\\/roady-une-forcas-com-a-cruz-vermelha-portuguesa\\\/\"},\"author\":{\"name\":\"Reda\u00e7\u00e3o JO\",\"@id\":\"https:\\\/\\\/jornaldasoficinas.com\\\/pt\\\/#\\\/schema\\\/person\\\/a38eef5de2c41d9e7c9ac10141afddf3\"},\"headline\":\"Roady une for\u00e7as com a Cruz Vermelha Portuguesa\",\"datePublished\":\"2024-12-05T14:00:05+00:00\",\"mainEntityOfPage\":{\"@id\":\"https:\\\/\\\/jornaldasoficinas.com\\\/pt\\\/roady-une-forcas-com-a-cruz-vermelha-portuguesa\\\/\"},\"wordCount\":126,\"publisher\":{\"@id\":\"https:\\\/\\\/jornaldasoficinas.com\\\/pt\\\/#organization\"},\"image\":{\"@id\":\"https:\\\/\\\/jornaldasoficinas.com\\\/pt\\\/roady-une-forcas-com-a-cruz-vermelha-portuguesa\\\/#primaryimage\"},\"thumbnailUrl\":\"https:\\\/\\\/jornaldasoficinas.com\\\/pt\\\/wp-content\\\/uploads\\\/2024\\\/12\\\/Roady-une-forcas-com-a-Cruz-Vermelha-Portuguesa.jpg\",\"keywords\":[\"Baterias\",\"campanha de Natal\",\"Cruz Vermelha Portuguesa\",\"Lubrificantes\",\"Os Mosqueteiros\",\"Roady\"],\"articleSection\":[\"Empresas\"],\"inLanguage\":\"pt-PT\"},{\"@type\":\"WebPage\",\"@id\":\"https:\\\/\\\/jornaldasoficinas.com\\\/pt\\\/roady-une-forcas-com-a-cruz-vermelha-portuguesa\\\/\",\"url\":\"https:\\\/\\\/jornaldasoficinas.com\\\/pt\\\/roady-une-forcas-com-a-cruz-vermelha-portuguesa\\\/\",\"name\":\"Roady une for\u00e7as com a Cruz Vermelha Portuguesa - Jornal das Oficinas\",\"isPartOf\":{\"@id\":\"https:\\\/\\\/jornaldasoficinas.com\\\/pt\\\/#website\"},\"primaryImageOfPage\":{\"@id\":\"https:\\\/\\\/jornaldasoficinas.com\\\/pt\\\/roady-une-forcas-com-a-cruz-vermelha-portuguesa\\\/#primaryimage\"},\"image\":{\"@id\":\"https:\\\/\\\/jornaldasoficinas.com\\\/pt\\\/roady-une-forcas-com-a-cruz-vermelha-portuguesa\\\/#primaryimage\"},\"thumbnailUrl\":\"https:\\\/\\\/jornaldasoficinas.com\\\/pt\\\/wp-content\\\/uploads\\\/2024\\\/12\\\/Roady-une-forcas-com-a-Cruz-Vermelha-Portuguesa.jpg\",\"datePublished\":\"2024-12-05T14:00:05+00:00\",\"description\":\"A nova campanha do Roady, do Grupo os Mosqueteiros, associa-se novamente \u00e0 Cruz Vermelha Portuguesa para apoiar quem mais precisa\",\"breadcrumb\":{\"@id\":\"https:\\\/\\\/jornaldasoficinas.com\\\/pt\\\/roady-une-forcas-com-a-cruz-vermelha-portuguesa\\\/#breadcrumb\"},\"inLanguage\":\"pt-PT\",\"potentialAction\":[{\"@type\":\"ReadAction\",\"target\":[\"https:\\\/\\\/jornaldasoficinas.com\\\/pt\\\/roady-une-forcas-com-a-cruz-vermelha-portuguesa\\\/\"]}]},{\"@type\":\"ImageObject\",\"inLanguage\":\"pt-PT\",\"@id\":\"https:\\\/\\\/jornaldasoficinas.com\\\/pt\\\/roady-une-forcas-com-a-cruz-vermelha-portuguesa\\\/#primaryimage\",\"url\":\"https:\\\/\\\/jornaldasoficinas.com\\\/pt\\\/wp-content\\\/uploads\\\/2024\\\/12\\\/Roady-une-forcas-com-a-Cruz-Vermelha-Portuguesa.jpg\",\"contentUrl\":\"https:\\\/\\\/jornaldasoficinas.com\\\/pt\\\/wp-content\\\/uploads\\\/2024\\\/12\\\/Roady-une-forcas-com-a-Cruz-Vermelha-Portuguesa.jpg\",\"width\":1024,\"height\":581,\"caption\":\"12 - Roady une forcas com a Cruz Vermelha Portuguesa\"},{\"@type\":\"BreadcrumbList\",\"@id\":\"https:\\\/\\\/jornaldasoficinas.com\\\/pt\\\/roady-une-forcas-com-a-cruz-vermelha-portuguesa\\\/#breadcrumb\",\"itemListElement\":[{\"@type\":\"ListItem\",\"position\":1,\"name\":\"In\u00edcio\",\"item\":\"https:\\\/\\\/jornaldasoficinas.com\\\/pt\\\/\"},{\"@type\":\"ListItem\",\"position\":2,\"name\":\"Roady une for\u00e7as com a Cruz Vermelha Portuguesa\"}]},{\"@type\":\"WebSite\",\"@id\":\"https:\\\/\\\/jornaldasoficinas.com\\\/pt\\\/#website\",\"url\":\"https:\\\/\\\/jornaldasoficinas.com\\\/pt\\\/\",\"name\":\"Jornal das Oficinas\",\"description\":\"Jornal independente do Aftermarket Autom\u00f3vel em Portugal\",\"publisher\":{\"@id\":\"https:\\\/\\\/jornaldasoficinas.com\\\/pt\\\/#organization\"},\"potentialAction\":[{\"@type\":\"SearchAction\",\"target\":{\"@type\":\"EntryPoint\",\"urlTemplate\":\"https:\\\/\\\/jornaldasoficinas.com\\\/pt\\\/?s={search_term_string}\"},\"query-input\":{\"@type\":\"PropertyValueSpecification\",\"valueRequired\":true,\"valueName\":\"search_term_string\"}}],\"inLanguage\":\"pt-PT\"},{\"@type\":\"Organization\",\"@id\":\"https:\\\/\\\/jornaldasoficinas.com\\\/pt\\\/#organization\",\"name\":\"Jornal das Oficinas\",\"url\":\"https:\\\/\\\/jornaldasoficinas.com\\\/pt\\\/\",\"logo\":{\"@type\":\"ImageObject\",\"inLanguage\":\"pt-PT\",\"@id\":\"https:\\\/\\\/jornaldasoficinas.com\\\/pt\\\/#\\\/schema\\\/logo\\\/image\\\/\",\"url\":\"https:\\\/\\\/jornaldasoficinas.com\\\/pt\\\/wp-content\\\/uploads\\\/logoJO-SEO.png\",\"contentUrl\":\"https:\\\/\\\/jornaldasoficinas.com\\\/pt\\\/wp-content\\\/uploads\\\/logoJO-SEO.png\",\"width\":285,\"height\":450,\"caption\":\"Jornal das Oficinas\"},\"image\":{\"@id\":\"https:\\\/\\\/jornaldasoficinas.com\\\/pt\\\/#\\\/schema\\\/logo\\\/image\\\/\"},\"sameAs\":[\"https:\\\/\\\/www.facebook.com\\\/jornaloficinas\",\"https:\\\/\\\/x.com\\\/jornaloficinas\",\"https:\\\/\\\/www.instagram.com\\\/jornal_oficinas\\\/\",\"https:\\\/\\\/www.linkedin.com\\\/company\\\/jornal-das-oficinas\\\/\",\"https:\\\/\\\/www.youtube.com\\\/channel\\\/UCbQZBqtcvV-oSQrr7RzINGg\"]},{\"@type\":\"Person\",\"@id\":\"https:\\\/\\\/jornaldasoficinas.com\\\/pt\\\/#\\\/schema\\\/person\\\/a38eef5de2c41d9e7c9ac10141afddf3\",\"name\":\"Reda\u00e7\u00e3o JO\",\"image\":{\"@type\":\"ImageObject\",\"inLanguage\":\"pt-PT\",\"@id\":\"https:\\\/\\\/secure.gravatar.com\\\/avatar\\\/71f2fa71737ad68a84fea94bc708ddac8ea5b0c4788dc2ad202f3ccb2887742f?s=96&d=wp_user_avatar&r=g\",\"url\":\"https:\\\/\\\/secure.gravatar.com\\\/avatar\\\/71f2fa71737ad68a84fea94bc708ddac8ea5b0c4788dc2ad202f3ccb2887742f?s=96&d=wp_user_avatar&r=g\",\"contentUrl\":\"https:\\\/\\\/secure.gravatar.com\\\/avatar\\\/71f2fa71737ad68a84fea94bc708ddac8ea5b0c4788dc2ad202f3ccb2887742f?s=96&d=wp_user_avatar&r=g\",\"caption\":\"Reda\u00e7\u00e3o JO\"},\"url\":\"https:\\\/\\\/jornaldasoficinas.com\\\/pt\\\/author\\\/joredacao\\\/\"}]}<\/script>\n<!-- \/ Yoast SEO plugin. -->","yoast_head_json":{"title":"Roady une for\u00e7as com a Cruz Vermelha Portuguesa - Jornal das Oficinas","description":"A nova campanha do Roady, do Grupo os Mosqueteiros, associa-se novamente \u00e0 Cruz Vermelha Portuguesa para apoiar quem mais precisa","robots":{"index":"index","follow":"follow","max-snippet":"max-snippet:-1","max-image-preview":"max-image-preview:large","max-video-preview":"max-video-preview:-1"},"canonical":"https:\/\/jornaldasoficinas.com\/pt\/roady-une-forcas-com-a-cruz-vermelha-portuguesa\/","og_locale":"pt_PT","og_type":"article","og_title":"Roady une for\u00e7as com a Cruz Vermelha Portuguesa - Jornal das Oficinas","og_description":"A nova campanha do Roady, do Grupo os Mosqueteiros, associa-se novamente \u00e0 Cruz Vermelha Portuguesa para apoiar quem mais precisa","og_url":"https:\/\/jornaldasoficinas.com\/pt\/roady-une-forcas-com-a-cruz-vermelha-portuguesa\/","og_site_name":"Jornal das Oficinas","article_publisher":"https:\/\/www.facebook.com\/jornaloficinas","article_published_time":"2024-12-05T14:00:05+00:00","og_image":[{"width":1024,"height":581,"url":"https:\/\/jornaldasoficinas.com\/pt\/wp-content\/uploads\/2024\/12\/Roady-une-forcas-com-a-Cruz-Vermelha-Portuguesa.jpg","type":"image\/jpeg"}],"author":"Reda\u00e7\u00e3o JO","twitter_card":"summary_large_image","twitter_creator":"@jornaloficinas","twitter_site":"@jornaloficinas","twitter_misc":{"Escrito por":"Reda\u00e7\u00e3o JO","Tempo estimado de leitura":"1 minuto"},"schema":{"@context":"https:\/\/schema.org","@graph":[{"@type":"Article","@id":"https:\/\/jornaldasoficinas.com\/pt\/roady-une-forcas-com-a-cruz-vermelha-portuguesa\/#article","isPartOf":{"@id":"https:\/\/jornaldasoficinas.com\/pt\/roady-une-forcas-com-a-cruz-vermelha-portuguesa\/"},"author":{"name":"Reda\u00e7\u00e3o JO","@id":"https:\/\/jornaldasoficinas.com\/pt\/#\/schema\/person\/a38eef5de2c41d9e7c9ac10141afddf3"},"headline":"Roady une for\u00e7as com a Cruz Vermelha Portuguesa","datePublished":"2024-12-05T14:00:05+00:00","mainEntityOfPage":{"@id":"https:\/\/jornaldasoficinas.com\/pt\/roady-une-forcas-com-a-cruz-vermelha-portuguesa\/"},"wordCount":126,"publisher":{"@id":"https:\/\/jornaldasoficinas.com\/pt\/#organization"},"image":{"@id":"https:\/\/jornaldasoficinas.com\/pt\/roady-une-forcas-com-a-cruz-vermelha-portuguesa\/#primaryimage"},"thumbnailUrl":"https:\/\/jornaldasoficinas.com\/pt\/wp-content\/uploads\/2024\/12\/Roady-une-forcas-com-a-Cruz-Vermelha-Portuguesa.jpg","keywords":["Baterias","campanha de Natal","Cruz Vermelha Portuguesa","Lubrificantes","Os Mosqueteiros","Roady"],"articleSection":["Empresas"],"inLanguage":"pt-PT"},{"@type":"WebPage","@id":"https:\/\/jornaldasoficinas.com\/pt\/roady-une-forcas-com-a-cruz-vermelha-portuguesa\/","url":"https:\/\/jornaldasoficinas.com\/pt\/roady-une-forcas-com-a-cruz-vermelha-portuguesa\/","name":"Roady une for\u00e7as com a Cruz Vermelha Portuguesa - Jornal das Oficinas","isPartOf":{"@id":"https:\/\/jornaldasoficinas.com\/pt\/#website"},"primaryImageOfPage":{"@id":"https:\/\/jornaldasoficinas.com\/pt\/roady-une-forcas-com-a-cruz-vermelha-portuguesa\/#primaryimage"},"image":{"@id":"https:\/\/jornaldasoficinas.com\/pt\/roady-une-forcas-com-a-cruz-vermelha-portuguesa\/#primaryimage"},"thumbnailUrl":"https:\/\/jornaldasoficinas.com\/pt\/wp-content\/uploads\/2024\/12\/Roady-une-forcas-com-a-Cruz-Vermelha-Portuguesa.jpg","datePublished":"2024-12-05T14:00:05+00:00","description":"A nova campanha do Roady, do Grupo os Mosqueteiros, associa-se novamente \u00e0 Cruz Vermelha Portuguesa para apoiar quem mais precisa","breadcrumb":{"@id":"https:\/\/jornaldasoficinas.com\/pt\/roady-une-forcas-com-a-cruz-vermelha-portuguesa\/#breadcrumb"},"inLanguage":"pt-PT","potentialAction":[{"@type":"ReadAction","target":["https:\/\/jornaldasoficinas.com\/pt\/roady-une-forcas-com-a-cruz-vermelha-portuguesa\/"]}]},{"@type":"ImageObject","inLanguage":"pt-PT","@id":"https:\/\/jornaldasoficinas.com\/pt\/roady-une-forcas-com-a-cruz-vermelha-portuguesa\/#primaryimage","url":"https:\/\/jornaldasoficinas.com\/pt\/wp-content\/uploads\/2024\/12\/Roady-une-forcas-com-a-Cruz-Vermelha-Portuguesa.jpg","contentUrl":"https:\/\/jornaldasoficinas.com\/pt\/wp-content\/uploads\/2024\/12\/Roady-une-forcas-com-a-Cruz-Vermelha-Portuguesa.jpg","width":1024,"height":581,"caption":"12 - Roady une forcas com a Cruz Vermelha Portuguesa"},{"@type":"BreadcrumbList","@id":"https:\/\/jornaldasoficinas.com\/pt\/roady-une-forcas-com-a-cruz-vermelha-portuguesa\/#breadcrumb","itemListElement":[{"@type":"ListItem","position":1,"name":"In\u00edcio","item":"https:\/\/jornaldasoficinas.com\/pt\/"},{"@type":"ListItem","position":2,"name":"Roady une for\u00e7as com a Cruz Vermelha Portuguesa"}]},{"@type":"WebSite","@id":"https:\/\/jornaldasoficinas.com\/pt\/#website","url":"https:\/\/jornaldasoficinas.com\/pt\/","name":"Jornal das Oficinas","description":"Jornal independente do Aftermarket Autom\u00f3vel em Portugal","publisher":{"@id":"https:\/\/jornaldasoficinas.com\/pt\/#organization"},"potentialAction":[{"@type":"SearchAction","target":{"@type":"EntryPoint","urlTemplate":"https:\/\/jornaldasoficinas.com\/pt\/?s={search_term_string}"},"query-input":{"@type":"PropertyValueSpecification","valueRequired":true,"valueName":"search_term_string"}}],"inLanguage":"pt-PT"},{"@type":"Organization","@id":"https:\/\/jornaldasoficinas.com\/pt\/#organization","name":"Jornal das Oficinas","url":"https:\/\/jornaldasoficinas.com\/pt\/","logo":{"@type":"ImageObject","inLanguage":"pt-PT","@id":"https:\/\/jornaldasoficinas.com\/pt\/#\/schema\/logo\/image\/","url":"https:\/\/jornaldasoficinas.com\/pt\/wp-content\/uploads\/logoJO-SEO.png","contentUrl":"https:\/\/jornaldasoficinas.com\/pt\/wp-content\/uploads\/logoJO-SEO.png","width":285,"height":450,"caption":"Jornal das Oficinas"},"image":{"@id":"https:\/\/jornaldasoficinas.com\/pt\/#\/schema\/logo\/image\/"},"sameAs":["https:\/\/www.facebook.com\/jornaloficinas","https:\/\/x.com\/jornaloficinas","https:\/\/www.instagram.com\/jornal_oficinas\/","https:\/\/www.linkedin.com\/company\/jornal-das-oficinas\/","https:\/\/www.youtube.com\/channel\/UCbQZBqtcvV-oSQrr7RzINGg"]},{"@type":"Person","@id":"https:\/\/jornaldasoficinas.com\/pt\/#\/schema\/person\/a38eef5de2c41d9e7c9ac10141afddf3","name":"Reda\u00e7\u00e3o JO","image":{"@type":"ImageObject","inLanguage":"pt-PT","@id":"https:\/\/secure.gravatar.com\/avatar\/71f2fa71737ad68a84fea94bc708ddac8ea5b0c4788dc2ad202f3ccb2887742f?s=96&d=wp_user_avatar&r=g","url":"https:\/\/secure.gravatar.com\/avatar\/71f2fa71737ad68a84fea94bc708ddac8ea5b0c4788dc2ad202f3ccb2887742f?s=96&d=wp_user_avatar&r=g","contentUrl":"https:\/\/secure.gravatar.com\/avatar\/71f2fa71737ad68a84fea94bc708ddac8ea5b0c4788dc2ad202f3ccb2887742f?s=96&d=wp_user_avatar&r=g","caption":"Reda\u00e7\u00e3o JO"},"url":"https:\/\/jornaldasoficinas.com\/pt\/author\/joredacao\/"}]}},"_links":{"self":[{"href":"https:\/\/jornaldasoficinas.com\/pt\/wp-json\/wp\/v2\/posts\/95120","targetHints":{"allow":["GET"]}}],"collection":[{"href":"https:\/\/jornaldasoficinas.com\/pt\/wp-json\/wp\/v2\/posts"}],"about":[{"href":"https:\/\/jornaldasoficinas.com\/pt\/wp-json\/wp\/v2\/types\/post"}],"author":[{"embeddable":true,"href":"https:\/\/jornaldasoficinas.com\/pt\/wp-json\/wp\/v2\/users\/15"}],"replies":[{"embeddable":true,"href":"https:\/\/jornaldasoficinas.com\/pt\/wp-json\/wp\/v2\/comments?post=95120"}],"version-history":[{"count":2,"href":"https:\/\/jornaldasoficinas.com\/pt\/wp-json\/wp\/v2\/posts\/95120\/revisions"}],"predecessor-version":[{"id":95123,"href":"https:\/\/jornaldasoficinas.com\/pt\/wp-json\/wp\/v2\/posts\/95120\/revisions\/95123"}],"wp:featuredmedia":[{"embeddable":true,"href":"https:\/\/jornaldasoficinas.com\/pt\/wp-json\/wp\/v2\/media\/95122"}],"wp:attachment":[{"href":"https:\/\/jornaldasoficinas.com\/pt\/wp-json\/wp\/v2\/media?parent=95120"}],"wp:term":[{"taxonomy":"category","embeddable":true,"href":"https:\/\/jornaldasoficinas.com\/pt\/wp-json\/wp\/v2\/categories?post=95120"},{"taxonomy":"post_tag","embeddable":true,"href":"https:\/\/jornaldasoficinas.com\/pt\/wp-json\/wp\/v2\/tags?post=95120"}],"curies":[{"name":"wp","href":"https:\/\/api.w.org\/{rel}","templated":true}]}}