{"id":95339,"date":"2024-12-12T14:00:24","date_gmt":"2024-12-12T14:00:24","guid":{"rendered":"https:\/\/jornaldasoficinas.com\/pt\/?p=95339"},"modified":"2024-12-11T18:32:59","modified_gmt":"2024-12-11T18:32:59","slug":"norauto-apresenta-video-focado-na-sustentabilidade","status":"publish","type":"post","link":"https:\/\/jornaldasoficinas.com\/pt\/norauto-apresenta-video-focado-na-sustentabilidade\/","title":{"rendered":"Norauto apresenta v\u00eddeo focado na sustentabilidade"},"content":{"rendered":"<p><strong><img loading=\"lazy\" decoding=\"async\" class=\"alignnone size-full wp-image-95342\" src=\"https:\/\/jornaldasoficinas.com\/pt\/wp-content\/uploads\/2024\/12\/Norauto-inspira-mudancas-com-video-sobre-sustentabilidade.jpg\" alt=\"12 - Norauto inspira mudancas com video sobre sustentabilidade\" width=\"1024\" height=\"581\" srcset=\"https:\/\/jornaldasoficinas.com\/pt\/wp-content\/uploads\/2024\/12\/Norauto-inspira-mudancas-com-video-sobre-sustentabilidade.jpg 1024w, https:\/\/jornaldasoficinas.com\/pt\/wp-content\/uploads\/2024\/12\/Norauto-inspira-mudancas-com-video-sobre-sustentabilidade-300x170.jpg 300w, https:\/\/jornaldasoficinas.com\/pt\/wp-content\/uploads\/2024\/12\/Norauto-inspira-mudancas-com-video-sobre-sustentabilidade-150x85.jpg 150w, https:\/\/jornaldasoficinas.com\/pt\/wp-content\/uploads\/2024\/12\/Norauto-inspira-mudancas-com-video-sobre-sustentabilidade-768x436.jpg 768w\" sizes=\"auto, (max-width: 1024px) 100vw, 1024px\" \/><\/strong><\/p>\n<p><strong>&#8220;Adotando hoje boas pr\u00e1ticas, pensamos nos automobilistas de amanh\u00e3&#8221;, \u00e9 com esta premissa que a <a href=\"https:\/\/www.norauto.pt\/\" target=\"_blank\" rel=\"noopener\">Norauto<\/a> apresenta a sua nova campanha a pensar num futuro mais sustent\u00e1vel<\/strong><\/p>\n<p>A Norauto, especialista europeia em manuten\u00e7\u00e3o autom\u00f3vel, apresentou recentemente o seu novo v\u00eddeo de marca sobre o mote &#8220;adotando hoje boas pr\u00e1ticas, pensamos nos automobilistas de amanh\u00e3&#8221;.<\/p>\n<p>&#8220;A campanha refor\u00e7a o compromisso da Norauto em promover um futuro mais sustent\u00e1vel para o setor autom\u00f3vel, oferecendo solu\u00e7\u00f5es de mobilidade dur\u00e1veis e incentivando pr\u00e1ticas que protejam e beneficiem o meio ambiente&#8221;, referiu a empresa em comunicado.<\/p>\n<p>O lan\u00e7amento tem como objetivo sensibilizar os automobilistas para a import\u00e2ncia de pequenos gestos e escolhas conscientes no dia a dia, que impactam o futuro do planeta e dos automobilistas, tais como:<\/p>\n<p>&#8211; Preferir ve\u00edculos mais sustent\u00e1veis, nomeadamente autom\u00f3veis el\u00e9tricos ou h\u00edbridos. A Norauto est\u00e1 adaptada a esta nova mobilidade el\u00e9trica, dispondo de equipamentos especializados para a sua manuten\u00e7\u00e3o, al\u00e9m de estarem a ser instalados postos de carregamento nos seus centros para incentivar a utiliza\u00e7\u00e3o destes ve\u00edculos;<\/p>\n<p>&#8211; Para viagens curtas utilizar a bicicleta ou trotinete el\u00e9trica. Caminhar tamb\u00e9m pode ser uma excelente op\u00e7\u00e3o;<\/p>\n<p>&#8211; Praticar uma eco-condu\u00e7\u00e3o, uma forma de condu\u00e7\u00e3o eficiente que permite reduzir o consumo de combust\u00edvel, a emiss\u00e3o de gases poluentes e a sinistralidade;<\/p>\n<p>&#8211; Realizar eco servi\u00e7os como a descarboniza\u00e7\u00e3o do motor, um m\u00e9todo que utiliza hidrog\u00e9nio para a remo\u00e7\u00e3o de dep\u00f3sitos de carbono no interior do motor, que reduz o consumo de combust\u00edvel at\u00e9 10% e a emiss\u00e3o de gases poluentes at\u00e9 20%;<\/p>\n<p>&#8211; Fazer a reciclagem dos componentes do ve\u00edculo nos centros Norauto. Desde baterias, pneus, \u00f3leos, l\u00e2mpadas, limpa para-brisas e at\u00e9 componentes eletr\u00f3nicos, com os recycling walls os clientes podem depositar os produtos em fim de vida nos centros Norauto.<\/p>\n<p>Segundo a empresa, &#8220;no exerc\u00edcio 2023\/2024, foram recicladas mais de 3100 toneladas entre pneus, baterias, \u00f3leos e outros materiais, mostrando-se na linha da frente na reciclagem e reutiliza\u00e7\u00e3o destes componentes altamente poluentes&#8221;.<\/p>\n<p>Neste sentido, esta iniciativa integra-se no compromisso da marca &#8220;Automobilista &amp; Respons\u00e1vel&#8221;, sobre o qual a Norauto acompanha a transi\u00e7\u00e3o automobil\u00edstica, defendendo uma mobilidade mais el\u00e9trica e menos poluente. Para isto, t\u00eam sido desenvolvidos produtos e servi\u00e7os que reduzem o impacto no meio ambiente, tais como a eco revis\u00e3o (que conquistou o pr\u00e9mio Escolha Sustent\u00e1vel), a descarboniza\u00e7\u00e3o do motor, os pneus Leonard (feitos 100% de material reutilizado), os produtos eco certificados, cabos e terminais de carregamento de ve\u00edculos el\u00e9tricos e o aluguer de produtos (malas de tejadilho, reboques e suportes de bicicleta).<\/p>\n<p>A par disto, a Norauto tem vindo a adotar equipamentos e tecnologias sustent\u00e1veis nos seus centros, como por exemplo, a implementa\u00e7\u00e3o de postos de carregamento para ve\u00edculos el\u00e9tricos e de pain\u00e9is solares, bem como a garantir a forma\u00e7\u00e3o dos seus colaboradores para lidar com as novas solu\u00e7\u00f5es de mobilidade.<\/p>\n<p>A Norauto refor\u00e7a assim a sua miss\u00e3o de &#8220;tornar acess\u00edveis a cada automobilista, solu\u00e7\u00f5es dur\u00e1veis de mobilidade&#8221;, destacando o seu compromisso com a sustentabilidade e incentivando os automobilistas a fazerem parte da mudan\u00e7a, adotando hoje boas pr\u00e1ticas, a pensar nos automobilistas de amanh\u00e3.<\/p>\n","protected":false},"excerpt":{"rendered":"<p>&#8220;Adotando hoje boas pr\u00e1ticas, pensamos nos&#8230;<\/p>\n","protected":false},"author":15,"featured_media":95342,"comment_status":"closed","ping_status":"closed","sticky":false,"template":"","format":"standard","meta":{"footnotes":""},"categories":[29],"tags":[8120,11382,1421,959,3389,1767],"class_list":["post-95339","post","type-post","status-publish","format-standard","has-post-thumbnail","hentry","category-empresas","tag-boas-praticas","tag-futuro-do-planeta","tag-mobilidade-eletrica","tag-norauto","tag-nova-campanha","tag-sustentabilidade"],"yoast_head":"<!-- This site is optimized with the Yoast SEO plugin v27.4 - https:\/\/yoast.com\/product\/yoast-seo-wordpress\/ -->\n<title>Norauto apresenta v\u00eddeo focado na sustentabilidade - Jornal das Oficinas<\/title>\n<meta name=\"description\" content=\"&quot;Adotando hoje boas pr\u00e1ticas, pensamos nos automobilistas de amanh\u00e3&quot;, \u00e9 com esta premissa que a Norauto apresenta a sua nova campanha\" \/>\n<meta name=\"robots\" content=\"index, follow, max-snippet:-1, max-image-preview:large, max-video-preview:-1\" \/>\n<link rel=\"canonical\" href=\"https:\/\/jornaldasoficinas.com\/pt\/norauto-apresenta-video-focado-na-sustentabilidade\/\" \/>\n<meta property=\"og:locale\" content=\"pt_PT\" \/>\n<meta property=\"og:type\" content=\"article\" \/>\n<meta property=\"og:title\" content=\"Norauto apresenta v\u00eddeo focado na sustentabilidade - Jornal das Oficinas\" \/>\n<meta property=\"og:description\" content=\"&quot;Adotando hoje boas pr\u00e1ticas, pensamos nos automobilistas de amanh\u00e3&quot;, \u00e9 com esta premissa que a Norauto apresenta a sua nova campanha\" \/>\n<meta property=\"og:url\" content=\"https:\/\/jornaldasoficinas.com\/pt\/norauto-apresenta-video-focado-na-sustentabilidade\/\" \/>\n<meta property=\"og:site_name\" content=\"Jornal das Oficinas\" \/>\n<meta property=\"article:publisher\" content=\"https:\/\/www.facebook.com\/jornaloficinas\" \/>\n<meta property=\"article:published_time\" content=\"2024-12-12T14:00:24+00:00\" \/>\n<meta property=\"og:image\" content=\"https:\/\/jornaldasoficinas.com\/pt\/wp-content\/uploads\/2024\/12\/Norauto-inspira-mudancas-com-video-sobre-sustentabilidade.jpg\" \/>\n\t<meta property=\"og:image:width\" content=\"1024\" \/>\n\t<meta property=\"og:image:height\" content=\"581\" \/>\n\t<meta property=\"og:image:type\" content=\"image\/jpeg\" \/>\n<meta name=\"author\" content=\"Reda\u00e7\u00e3o JO\" \/>\n<meta name=\"twitter:card\" content=\"summary_large_image\" \/>\n<meta name=\"twitter:creator\" content=\"@jornaloficinas\" \/>\n<meta name=\"twitter:site\" content=\"@jornaloficinas\" \/>\n<meta name=\"twitter:label1\" content=\"Escrito por\" \/>\n\t<meta name=\"twitter:data1\" content=\"Reda\u00e7\u00e3o JO\" \/>\n\t<meta name=\"twitter:label2\" content=\"Tempo estimado de leitura\" \/>\n\t<meta name=\"twitter:data2\" content=\"4 minutos\" \/>\n<script type=\"application\/ld+json\" class=\"yoast-schema-graph\">{\"@context\":\"https:\\\/\\\/schema.org\",\"@graph\":[{\"@type\":\"Article\",\"@id\":\"https:\\\/\\\/jornaldasoficinas.com\\\/pt\\\/norauto-apresenta-video-focado-na-sustentabilidade\\\/#article\",\"isPartOf\":{\"@id\":\"https:\\\/\\\/jornaldasoficinas.com\\\/pt\\\/norauto-apresenta-video-focado-na-sustentabilidade\\\/\"},\"author\":{\"name\":\"Reda\u00e7\u00e3o JO\",\"@id\":\"https:\\\/\\\/jornaldasoficinas.com\\\/pt\\\/#\\\/schema\\\/person\\\/a38eef5de2c41d9e7c9ac10141afddf3\"},\"headline\":\"Norauto apresenta v\u00eddeo focado na sustentabilidade\",\"datePublished\":\"2024-12-12T14:00:24+00:00\",\"mainEntityOfPage\":{\"@id\":\"https:\\\/\\\/jornaldasoficinas.com\\\/pt\\\/norauto-apresenta-video-focado-na-sustentabilidade\\\/\"},\"wordCount\":576,\"publisher\":{\"@id\":\"https:\\\/\\\/jornaldasoficinas.com\\\/pt\\\/#organization\"},\"image\":{\"@id\":\"https:\\\/\\\/jornaldasoficinas.com\\\/pt\\\/norauto-apresenta-video-focado-na-sustentabilidade\\\/#primaryimage\"},\"thumbnailUrl\":\"https:\\\/\\\/jornaldasoficinas.com\\\/pt\\\/wp-content\\\/uploads\\\/2024\\\/12\\\/Norauto-inspira-mudancas-com-video-sobre-sustentabilidade.jpg\",\"keywords\":[\"boas pr\u00e1ticas\",\"futuro do planeta\",\"Mobilidade el\u00e9trica\",\"Norauto\",\"Nova campanha\",\"Sustentabilidade\"],\"articleSection\":[\"Empresas\"],\"inLanguage\":\"pt-PT\"},{\"@type\":\"WebPage\",\"@id\":\"https:\\\/\\\/jornaldasoficinas.com\\\/pt\\\/norauto-apresenta-video-focado-na-sustentabilidade\\\/\",\"url\":\"https:\\\/\\\/jornaldasoficinas.com\\\/pt\\\/norauto-apresenta-video-focado-na-sustentabilidade\\\/\",\"name\":\"Norauto apresenta v\u00eddeo focado na sustentabilidade - Jornal das Oficinas\",\"isPartOf\":{\"@id\":\"https:\\\/\\\/jornaldasoficinas.com\\\/pt\\\/#website\"},\"primaryImageOfPage\":{\"@id\":\"https:\\\/\\\/jornaldasoficinas.com\\\/pt\\\/norauto-apresenta-video-focado-na-sustentabilidade\\\/#primaryimage\"},\"image\":{\"@id\":\"https:\\\/\\\/jornaldasoficinas.com\\\/pt\\\/norauto-apresenta-video-focado-na-sustentabilidade\\\/#primaryimage\"},\"thumbnailUrl\":\"https:\\\/\\\/jornaldasoficinas.com\\\/pt\\\/wp-content\\\/uploads\\\/2024\\\/12\\\/Norauto-inspira-mudancas-com-video-sobre-sustentabilidade.jpg\",\"datePublished\":\"2024-12-12T14:00:24+00:00\",\"description\":\"\\\"Adotando hoje boas pr\u00e1ticas, pensamos nos automobilistas de amanh\u00e3\\\", \u00e9 com esta premissa que a Norauto apresenta a sua nova campanha\",\"breadcrumb\":{\"@id\":\"https:\\\/\\\/jornaldasoficinas.com\\\/pt\\\/norauto-apresenta-video-focado-na-sustentabilidade\\\/#breadcrumb\"},\"inLanguage\":\"pt-PT\",\"potentialAction\":[{\"@type\":\"ReadAction\",\"target\":[\"https:\\\/\\\/jornaldasoficinas.com\\\/pt\\\/norauto-apresenta-video-focado-na-sustentabilidade\\\/\"]}]},{\"@type\":\"ImageObject\",\"inLanguage\":\"pt-PT\",\"@id\":\"https:\\\/\\\/jornaldasoficinas.com\\\/pt\\\/norauto-apresenta-video-focado-na-sustentabilidade\\\/#primaryimage\",\"url\":\"https:\\\/\\\/jornaldasoficinas.com\\\/pt\\\/wp-content\\\/uploads\\\/2024\\\/12\\\/Norauto-inspira-mudancas-com-video-sobre-sustentabilidade.jpg\",\"contentUrl\":\"https:\\\/\\\/jornaldasoficinas.com\\\/pt\\\/wp-content\\\/uploads\\\/2024\\\/12\\\/Norauto-inspira-mudancas-com-video-sobre-sustentabilidade.jpg\",\"width\":1024,\"height\":581,\"caption\":\"12 - Norauto inspira mudancas com video sobre sustentabilidade\"},{\"@type\":\"BreadcrumbList\",\"@id\":\"https:\\\/\\\/jornaldasoficinas.com\\\/pt\\\/norauto-apresenta-video-focado-na-sustentabilidade\\\/#breadcrumb\",\"itemListElement\":[{\"@type\":\"ListItem\",\"position\":1,\"name\":\"In\u00edcio\",\"item\":\"https:\\\/\\\/jornaldasoficinas.com\\\/pt\\\/\"},{\"@type\":\"ListItem\",\"position\":2,\"name\":\"Norauto apresenta v\u00eddeo focado na sustentabilidade\"}]},{\"@type\":\"WebSite\",\"@id\":\"https:\\\/\\\/jornaldasoficinas.com\\\/pt\\\/#website\",\"url\":\"https:\\\/\\\/jornaldasoficinas.com\\\/pt\\\/\",\"name\":\"Jornal das Oficinas\",\"description\":\"Jornal independente do Aftermarket Autom\u00f3vel em Portugal\",\"publisher\":{\"@id\":\"https:\\\/\\\/jornaldasoficinas.com\\\/pt\\\/#organization\"},\"potentialAction\":[{\"@type\":\"SearchAction\",\"target\":{\"@type\":\"EntryPoint\",\"urlTemplate\":\"https:\\\/\\\/jornaldasoficinas.com\\\/pt\\\/?s={search_term_string}\"},\"query-input\":{\"@type\":\"PropertyValueSpecification\",\"valueRequired\":true,\"valueName\":\"search_term_string\"}}],\"inLanguage\":\"pt-PT\"},{\"@type\":\"Organization\",\"@id\":\"https:\\\/\\\/jornaldasoficinas.com\\\/pt\\\/#organization\",\"name\":\"Jornal das Oficinas\",\"url\":\"https:\\\/\\\/jornaldasoficinas.com\\\/pt\\\/\",\"logo\":{\"@type\":\"ImageObject\",\"inLanguage\":\"pt-PT\",\"@id\":\"https:\\\/\\\/jornaldasoficinas.com\\\/pt\\\/#\\\/schema\\\/logo\\\/image\\\/\",\"url\":\"https:\\\/\\\/jornaldasoficinas.com\\\/pt\\\/wp-content\\\/uploads\\\/logoJO-SEO.png\",\"contentUrl\":\"https:\\\/\\\/jornaldasoficinas.com\\\/pt\\\/wp-content\\\/uploads\\\/logoJO-SEO.png\",\"width\":285,\"height\":450,\"caption\":\"Jornal das Oficinas\"},\"image\":{\"@id\":\"https:\\\/\\\/jornaldasoficinas.com\\\/pt\\\/#\\\/schema\\\/logo\\\/image\\\/\"},\"sameAs\":[\"https:\\\/\\\/www.facebook.com\\\/jornaloficinas\",\"https:\\\/\\\/x.com\\\/jornaloficinas\",\"https:\\\/\\\/www.instagram.com\\\/jornal_oficinas\\\/\",\"https:\\\/\\\/www.linkedin.com\\\/company\\\/jornal-das-oficinas\\\/\",\"https:\\\/\\\/www.youtube.com\\\/channel\\\/UCbQZBqtcvV-oSQrr7RzINGg\"]},{\"@type\":\"Person\",\"@id\":\"https:\\\/\\\/jornaldasoficinas.com\\\/pt\\\/#\\\/schema\\\/person\\\/a38eef5de2c41d9e7c9ac10141afddf3\",\"name\":\"Reda\u00e7\u00e3o JO\",\"image\":{\"@type\":\"ImageObject\",\"inLanguage\":\"pt-PT\",\"@id\":\"https:\\\/\\\/secure.gravatar.com\\\/avatar\\\/71f2fa71737ad68a84fea94bc708ddac8ea5b0c4788dc2ad202f3ccb2887742f?s=96&d=wp_user_avatar&r=g\",\"url\":\"https:\\\/\\\/secure.gravatar.com\\\/avatar\\\/71f2fa71737ad68a84fea94bc708ddac8ea5b0c4788dc2ad202f3ccb2887742f?s=96&d=wp_user_avatar&r=g\",\"contentUrl\":\"https:\\\/\\\/secure.gravatar.com\\\/avatar\\\/71f2fa71737ad68a84fea94bc708ddac8ea5b0c4788dc2ad202f3ccb2887742f?s=96&d=wp_user_avatar&r=g\",\"caption\":\"Reda\u00e7\u00e3o JO\"},\"url\":\"https:\\\/\\\/jornaldasoficinas.com\\\/pt\\\/author\\\/joredacao\\\/\"}]}<\/script>\n<!-- \/ Yoast SEO plugin. -->","yoast_head_json":{"title":"Norauto apresenta v\u00eddeo focado na sustentabilidade - Jornal das Oficinas","description":"\"Adotando hoje boas pr\u00e1ticas, pensamos nos automobilistas de amanh\u00e3\", \u00e9 com esta premissa que a Norauto apresenta a sua nova campanha","robots":{"index":"index","follow":"follow","max-snippet":"max-snippet:-1","max-image-preview":"max-image-preview:large","max-video-preview":"max-video-preview:-1"},"canonical":"https:\/\/jornaldasoficinas.com\/pt\/norauto-apresenta-video-focado-na-sustentabilidade\/","og_locale":"pt_PT","og_type":"article","og_title":"Norauto apresenta v\u00eddeo focado na sustentabilidade - Jornal das Oficinas","og_description":"\"Adotando hoje boas pr\u00e1ticas, pensamos nos automobilistas de amanh\u00e3\", \u00e9 com esta premissa que a Norauto apresenta a sua nova campanha","og_url":"https:\/\/jornaldasoficinas.com\/pt\/norauto-apresenta-video-focado-na-sustentabilidade\/","og_site_name":"Jornal das Oficinas","article_publisher":"https:\/\/www.facebook.com\/jornaloficinas","article_published_time":"2024-12-12T14:00:24+00:00","og_image":[{"width":1024,"height":581,"url":"https:\/\/jornaldasoficinas.com\/pt\/wp-content\/uploads\/2024\/12\/Norauto-inspira-mudancas-com-video-sobre-sustentabilidade.jpg","type":"image\/jpeg"}],"author":"Reda\u00e7\u00e3o JO","twitter_card":"summary_large_image","twitter_creator":"@jornaloficinas","twitter_site":"@jornaloficinas","twitter_misc":{"Escrito por":"Reda\u00e7\u00e3o JO","Tempo estimado de leitura":"4 minutos"},"schema":{"@context":"https:\/\/schema.org","@graph":[{"@type":"Article","@id":"https:\/\/jornaldasoficinas.com\/pt\/norauto-apresenta-video-focado-na-sustentabilidade\/#article","isPartOf":{"@id":"https:\/\/jornaldasoficinas.com\/pt\/norauto-apresenta-video-focado-na-sustentabilidade\/"},"author":{"name":"Reda\u00e7\u00e3o JO","@id":"https:\/\/jornaldasoficinas.com\/pt\/#\/schema\/person\/a38eef5de2c41d9e7c9ac10141afddf3"},"headline":"Norauto apresenta v\u00eddeo focado na sustentabilidade","datePublished":"2024-12-12T14:00:24+00:00","mainEntityOfPage":{"@id":"https:\/\/jornaldasoficinas.com\/pt\/norauto-apresenta-video-focado-na-sustentabilidade\/"},"wordCount":576,"publisher":{"@id":"https:\/\/jornaldasoficinas.com\/pt\/#organization"},"image":{"@id":"https:\/\/jornaldasoficinas.com\/pt\/norauto-apresenta-video-focado-na-sustentabilidade\/#primaryimage"},"thumbnailUrl":"https:\/\/jornaldasoficinas.com\/pt\/wp-content\/uploads\/2024\/12\/Norauto-inspira-mudancas-com-video-sobre-sustentabilidade.jpg","keywords":["boas pr\u00e1ticas","futuro do planeta","Mobilidade el\u00e9trica","Norauto","Nova campanha","Sustentabilidade"],"articleSection":["Empresas"],"inLanguage":"pt-PT"},{"@type":"WebPage","@id":"https:\/\/jornaldasoficinas.com\/pt\/norauto-apresenta-video-focado-na-sustentabilidade\/","url":"https:\/\/jornaldasoficinas.com\/pt\/norauto-apresenta-video-focado-na-sustentabilidade\/","name":"Norauto apresenta v\u00eddeo focado na sustentabilidade - Jornal das Oficinas","isPartOf":{"@id":"https:\/\/jornaldasoficinas.com\/pt\/#website"},"primaryImageOfPage":{"@id":"https:\/\/jornaldasoficinas.com\/pt\/norauto-apresenta-video-focado-na-sustentabilidade\/#primaryimage"},"image":{"@id":"https:\/\/jornaldasoficinas.com\/pt\/norauto-apresenta-video-focado-na-sustentabilidade\/#primaryimage"},"thumbnailUrl":"https:\/\/jornaldasoficinas.com\/pt\/wp-content\/uploads\/2024\/12\/Norauto-inspira-mudancas-com-video-sobre-sustentabilidade.jpg","datePublished":"2024-12-12T14:00:24+00:00","description":"\"Adotando hoje boas pr\u00e1ticas, pensamos nos automobilistas de amanh\u00e3\", \u00e9 com esta premissa que a Norauto apresenta a sua nova campanha","breadcrumb":{"@id":"https:\/\/jornaldasoficinas.com\/pt\/norauto-apresenta-video-focado-na-sustentabilidade\/#breadcrumb"},"inLanguage":"pt-PT","potentialAction":[{"@type":"ReadAction","target":["https:\/\/jornaldasoficinas.com\/pt\/norauto-apresenta-video-focado-na-sustentabilidade\/"]}]},{"@type":"ImageObject","inLanguage":"pt-PT","@id":"https:\/\/jornaldasoficinas.com\/pt\/norauto-apresenta-video-focado-na-sustentabilidade\/#primaryimage","url":"https:\/\/jornaldasoficinas.com\/pt\/wp-content\/uploads\/2024\/12\/Norauto-inspira-mudancas-com-video-sobre-sustentabilidade.jpg","contentUrl":"https:\/\/jornaldasoficinas.com\/pt\/wp-content\/uploads\/2024\/12\/Norauto-inspira-mudancas-com-video-sobre-sustentabilidade.jpg","width":1024,"height":581,"caption":"12 - Norauto inspira mudancas com video sobre sustentabilidade"},{"@type":"BreadcrumbList","@id":"https:\/\/jornaldasoficinas.com\/pt\/norauto-apresenta-video-focado-na-sustentabilidade\/#breadcrumb","itemListElement":[{"@type":"ListItem","position":1,"name":"In\u00edcio","item":"https:\/\/jornaldasoficinas.com\/pt\/"},{"@type":"ListItem","position":2,"name":"Norauto apresenta v\u00eddeo focado na sustentabilidade"}]},{"@type":"WebSite","@id":"https:\/\/jornaldasoficinas.com\/pt\/#website","url":"https:\/\/jornaldasoficinas.com\/pt\/","name":"Jornal das Oficinas","description":"Jornal independente do Aftermarket Autom\u00f3vel em Portugal","publisher":{"@id":"https:\/\/jornaldasoficinas.com\/pt\/#organization"},"potentialAction":[{"@type":"SearchAction","target":{"@type":"EntryPoint","urlTemplate":"https:\/\/jornaldasoficinas.com\/pt\/?s={search_term_string}"},"query-input":{"@type":"PropertyValueSpecification","valueRequired":true,"valueName":"search_term_string"}}],"inLanguage":"pt-PT"},{"@type":"Organization","@id":"https:\/\/jornaldasoficinas.com\/pt\/#organization","name":"Jornal das Oficinas","url":"https:\/\/jornaldasoficinas.com\/pt\/","logo":{"@type":"ImageObject","inLanguage":"pt-PT","@id":"https:\/\/jornaldasoficinas.com\/pt\/#\/schema\/logo\/image\/","url":"https:\/\/jornaldasoficinas.com\/pt\/wp-content\/uploads\/logoJO-SEO.png","contentUrl":"https:\/\/jornaldasoficinas.com\/pt\/wp-content\/uploads\/logoJO-SEO.png","width":285,"height":450,"caption":"Jornal das Oficinas"},"image":{"@id":"https:\/\/jornaldasoficinas.com\/pt\/#\/schema\/logo\/image\/"},"sameAs":["https:\/\/www.facebook.com\/jornaloficinas","https:\/\/x.com\/jornaloficinas","https:\/\/www.instagram.com\/jornal_oficinas\/","https:\/\/www.linkedin.com\/company\/jornal-das-oficinas\/","https:\/\/www.youtube.com\/channel\/UCbQZBqtcvV-oSQrr7RzINGg"]},{"@type":"Person","@id":"https:\/\/jornaldasoficinas.com\/pt\/#\/schema\/person\/a38eef5de2c41d9e7c9ac10141afddf3","name":"Reda\u00e7\u00e3o JO","image":{"@type":"ImageObject","inLanguage":"pt-PT","@id":"https:\/\/secure.gravatar.com\/avatar\/71f2fa71737ad68a84fea94bc708ddac8ea5b0c4788dc2ad202f3ccb2887742f?s=96&d=wp_user_avatar&r=g","url":"https:\/\/secure.gravatar.com\/avatar\/71f2fa71737ad68a84fea94bc708ddac8ea5b0c4788dc2ad202f3ccb2887742f?s=96&d=wp_user_avatar&r=g","contentUrl":"https:\/\/secure.gravatar.com\/avatar\/71f2fa71737ad68a84fea94bc708ddac8ea5b0c4788dc2ad202f3ccb2887742f?s=96&d=wp_user_avatar&r=g","caption":"Reda\u00e7\u00e3o JO"},"url":"https:\/\/jornaldasoficinas.com\/pt\/author\/joredacao\/"}]}},"_links":{"self":[{"href":"https:\/\/jornaldasoficinas.com\/pt\/wp-json\/wp\/v2\/posts\/95339","targetHints":{"allow":["GET"]}}],"collection":[{"href":"https:\/\/jornaldasoficinas.com\/pt\/wp-json\/wp\/v2\/posts"}],"about":[{"href":"https:\/\/jornaldasoficinas.com\/pt\/wp-json\/wp\/v2\/types\/post"}],"author":[{"embeddable":true,"href":"https:\/\/jornaldasoficinas.com\/pt\/wp-json\/wp\/v2\/users\/15"}],"replies":[{"embeddable":true,"href":"https:\/\/jornaldasoficinas.com\/pt\/wp-json\/wp\/v2\/comments?post=95339"}],"version-history":[{"count":5,"href":"https:\/\/jornaldasoficinas.com\/pt\/wp-json\/wp\/v2\/posts\/95339\/revisions"}],"predecessor-version":[{"id":95373,"href":"https:\/\/jornaldasoficinas.com\/pt\/wp-json\/wp\/v2\/posts\/95339\/revisions\/95373"}],"wp:featuredmedia":[{"embeddable":true,"href":"https:\/\/jornaldasoficinas.com\/pt\/wp-json\/wp\/v2\/media\/95342"}],"wp:attachment":[{"href":"https:\/\/jornaldasoficinas.com\/pt\/wp-json\/wp\/v2\/media?parent=95339"}],"wp:term":[{"taxonomy":"category","embeddable":true,"href":"https:\/\/jornaldasoficinas.com\/pt\/wp-json\/wp\/v2\/categories?post=95339"},{"taxonomy":"post_tag","embeddable":true,"href":"https:\/\/jornaldasoficinas.com\/pt\/wp-json\/wp\/v2\/tags?post=95339"}],"curies":[{"name":"wp","href":"https:\/\/api.w.org\/{rel}","templated":true}]}}