{"id":95442,"date":"2024-12-15T21:00:52","date_gmt":"2024-12-15T21:00:52","guid":{"rendered":"https:\/\/jornaldasoficinas.com\/pt\/?p=95442"},"modified":"2024-12-13T18:15:42","modified_gmt":"2024-12-13T18:15:42","slug":"grandes-desafios-do-setor-automovel","status":"publish","type":"post","link":"https:\/\/jornaldasoficinas.com\/pt\/grandes-desafios-do-setor-automovel\/","title":{"rendered":"Grandes desafios do setor autom\u00f3vel"},"content":{"rendered":"<p><img loading=\"lazy\" decoding=\"async\" class=\"alignnone size-full wp-image-95424\" src=\"https:\/\/jornaldasoficinas.com\/pt\/wp-content\/uploads\/2024\/12\/Grandes-desafios-do-setor-automovel.jpg\" alt=\"12 - Grandes desafios do setor automovel\" width=\"1024\" height=\"581\" srcset=\"https:\/\/jornaldasoficinas.com\/pt\/wp-content\/uploads\/2024\/12\/Grandes-desafios-do-setor-automovel.jpg 1024w, https:\/\/jornaldasoficinas.com\/pt\/wp-content\/uploads\/2024\/12\/Grandes-desafios-do-setor-automovel-300x170.jpg 300w, https:\/\/jornaldasoficinas.com\/pt\/wp-content\/uploads\/2024\/12\/Grandes-desafios-do-setor-automovel-150x85.jpg 150w, https:\/\/jornaldasoficinas.com\/pt\/wp-content\/uploads\/2024\/12\/Grandes-desafios-do-setor-automovel-768x436.jpg 768w\" sizes=\"auto, (max-width: 1024px) 100vw, 1024px\" \/><\/p>\n<p><strong>O paradigma da mobilidade sustenta\u0301vel veio para ficar. Para melhorar a qualidade de vida no planeta e\u0301 preciso reduzir a nossa pegada de carbono e as emisso\u0303es de gases com efeito de estufa, o que tem resultado em importantes avanc\u0327os tecnolo\u0301gicos em todos os setores que visam atenuar os danos causados ao ambiente<\/strong><\/p>\n<p>Tanto os grandes, como os pequenos \u00abplayers\u00bb desta ind\u00fastria est\u00e3o a sentir o aumento da press\u00e3o para repensar a forma como operam. Agora, os principais desafios no setor autom\u00f3vel s\u00e3o:<\/p>\n<p><strong>Renova\u00e7\u00e3o do parque autom\u00f3vel<\/strong> \u2013 Portugal tem uma das frotas de ve\u00edculos mais antigas da zona Euro, superior a 14 anos, com a idade m\u00e9dia dos ve\u00edculos que v\u00e3o para abate a ser superior a 23 anos, de acordo com os dados da <a href=\"https:\/\/www.google.com\/url?sa=t&amp;source=web&amp;rct=j&amp;opi=89978449&amp;url=https:\/\/www.acap.pt\/pt\/home\/&amp;ved=2ahUKEwiUrqTxqqWKAxWbRaQEHRMzJdsQFnoECBUQAQ&amp;usg=AOvVaw0uV0ERGTEwXWr9G0p9ISZF\">ACAP<\/a>. \u00c9 aqui que as ajudas estatais para a aquisi\u00e7\u00e3o de ve\u00edculos sustent\u00e1veis assumem um papel preponderante. \u00c9 necess\u00e1rio reativar as vendas de ve\u00edculos novos e desenvolver medidas complementares que reduzam tamb\u00e9m a idade m\u00e9dia do parque autom\u00f3vel, como promover a venda de ve\u00edculos usados com garantia, com menos de 5 anos e com motores mais eficientes.<\/p>\n<p><strong>Elimina\u00e7\u00e3o dos motores de combust\u00e3o<\/strong> \u2013 A elimina\u00e7\u00e3o total dos motores a combust\u00e3o a favor dos motores el\u00e9tricos deve ser acompanhada de uma rede de carregamento vi\u00e1vel e eficaz. E, neste sentido, a produ\u00e7\u00e3o de energia verde \u00e9 uma quest\u00e3o que deve ser considerada essencial para este novo paradigma. As energias renov\u00e1veis ser\u00e3o essenciais para o objetivo de emiss\u00f5es neutras.<\/p>\n<p><strong>Reutiliza\u00e7\u00e3o de componentes<\/strong> \u2013 A economia circular j\u00e1 permite que at\u00e9 95% das pe\u00e7as dos autom\u00f3veis sejam recuperadas e reutilizadas na ind\u00fastria ou fora dela. A reciclagem e a reutiliza\u00e7\u00e3o de componentes ser\u00e3o fundamentais para a concretiza\u00e7\u00e3o dos ambiciosos planos ambientais europeus.<\/p>\n<p><strong>Inova\u00e7\u00e3o e desenvolvimento de novas tecnologias<\/strong> \u2013 Ainda que o ve\u00edculo el\u00e9trico seja um ator importante, continua a ser necess\u00e1rio desenvolver as condi\u00e7\u00f5es ideais para a sua utiliza\u00e7\u00e3o. A rede de carregamento e a autonomia s\u00e3o os problemas fulcrais a ser solucionados nos pr\u00f3ximos anos. O desenvolvimento de tecnologias que ainda n\u00e3o existem tornar-se-\u00e1 indispens\u00e1vel. Est\u00e1 em causa a melhoria da efici\u00eancia dos motores de combust\u00e3o interna e a sua adapta\u00e7\u00e3o aos combust\u00edveis renov\u00e1veis e de baixo carbono (hidrog\u00e9nio, biocombust\u00edveis e combust\u00edveis sint\u00e9ticos), a eletrifica\u00e7\u00e3o (com bateria ou pilha de combust\u00edvel) e diferentes graus de hibridiza\u00e7\u00e3o. No fundo, \u00e9 essencial oferecer uma variedade de solu\u00e7\u00f5es adaptadas a cada necessidade. Em vez de regulamentar o fim do motor de combust\u00e3o interna nos ve\u00edculos que chegam ao mercado, \u00e9 necess\u00e1rio eliminar progressivamente os combust\u00edveis f\u00f3sseis. A contribui\u00e7\u00e3o dos combust\u00edveis renov\u00e1veis e com baixo teor de carbono deve ser incentivada para reduzir as emiss\u00f5es n\u00e3o s\u00f3 dos novos ve\u00edculos, mas tamb\u00e9m da frota existente.<\/p>\n","protected":false},"excerpt":{"rendered":"<p>O paradigma da mobilidade sustenta\u0301vel veio&#8230;<\/p>\n","protected":false},"author":15,"featured_media":95424,"comment_status":"closed","ping_status":"closed","sticky":false,"template":"","format":"standard","meta":{"footnotes":""},"categories":[37],"tags":[751,4934,4244,4966,2162,1767],"class_list":["post-95442","post","type-post","status-publish","format-standard","has-post-thumbnail","hentry","category-mercado","tag-mobilidade-sustentavel","tag-motores-de-combustao","tag-parque-automovel","tag-pegada-de-carbono","tag-reutilizacao","tag-sustentabilidade"],"yoast_head":"<!-- This site is optimized with the Yoast SEO plugin v27.4 - https:\/\/yoast.com\/product\/yoast-seo-wordpress\/ -->\n<title>Grandes desafios do setor autom\u00f3vel - Jornal das Oficinas<\/title>\n<meta name=\"description\" content=\"Para melhorar a qualidade de vida no planeta e\u0301 preciso reduzir a pegada de carbono e as emiss\u00f5es de gases com efeito de estufa\" \/>\n<meta name=\"robots\" content=\"index, follow, max-snippet:-1, max-image-preview:large, max-video-preview:-1\" \/>\n<link rel=\"canonical\" href=\"https:\/\/jornaldasoficinas.com\/pt\/grandes-desafios-do-setor-automovel\/\" \/>\n<meta property=\"og:locale\" content=\"pt_PT\" \/>\n<meta property=\"og:type\" content=\"article\" \/>\n<meta property=\"og:title\" content=\"Grandes desafios do setor autom\u00f3vel - Jornal das Oficinas\" \/>\n<meta property=\"og:description\" content=\"Para melhorar a qualidade de vida no planeta e\u0301 preciso reduzir a pegada de carbono e as emiss\u00f5es de gases com efeito de estufa\" \/>\n<meta property=\"og:url\" content=\"https:\/\/jornaldasoficinas.com\/pt\/grandes-desafios-do-setor-automovel\/\" \/>\n<meta property=\"og:site_name\" content=\"Jornal das Oficinas\" \/>\n<meta property=\"article:publisher\" content=\"https:\/\/www.facebook.com\/jornaloficinas\" \/>\n<meta property=\"article:published_time\" content=\"2024-12-15T21:00:52+00:00\" \/>\n<meta property=\"og:image\" content=\"https:\/\/jornaldasoficinas.com\/pt\/wp-content\/uploads\/2024\/12\/Grandes-desafios-do-setor-automovel.jpg\" \/>\n\t<meta property=\"og:image:width\" content=\"1024\" \/>\n\t<meta property=\"og:image:height\" content=\"581\" \/>\n\t<meta property=\"og:image:type\" content=\"image\/jpeg\" \/>\n<meta name=\"author\" content=\"Reda\u00e7\u00e3o JO\" \/>\n<meta name=\"twitter:card\" content=\"summary_large_image\" \/>\n<meta name=\"twitter:creator\" content=\"@jornaloficinas\" \/>\n<meta name=\"twitter:site\" content=\"@jornaloficinas\" \/>\n<meta name=\"twitter:label1\" content=\"Escrito por\" \/>\n\t<meta name=\"twitter:data1\" content=\"Reda\u00e7\u00e3o JO\" \/>\n\t<meta name=\"twitter:label2\" content=\"Tempo estimado de leitura\" \/>\n\t<meta name=\"twitter:data2\" content=\"3 minutos\" \/>\n<script type=\"application\/ld+json\" class=\"yoast-schema-graph\">{\"@context\":\"https:\\\/\\\/schema.org\",\"@graph\":[{\"@type\":\"Article\",\"@id\":\"https:\\\/\\\/jornaldasoficinas.com\\\/pt\\\/grandes-desafios-do-setor-automovel\\\/#article\",\"isPartOf\":{\"@id\":\"https:\\\/\\\/jornaldasoficinas.com\\\/pt\\\/grandes-desafios-do-setor-automovel\\\/\"},\"author\":{\"name\":\"Reda\u00e7\u00e3o JO\",\"@id\":\"https:\\\/\\\/jornaldasoficinas.com\\\/pt\\\/#\\\/schema\\\/person\\\/a38eef5de2c41d9e7c9ac10141afddf3\"},\"headline\":\"Grandes desafios do setor autom\u00f3vel\",\"datePublished\":\"2024-12-15T21:00:52+00:00\",\"mainEntityOfPage\":{\"@id\":\"https:\\\/\\\/jornaldasoficinas.com\\\/pt\\\/grandes-desafios-do-setor-automovel\\\/\"},\"wordCount\":516,\"publisher\":{\"@id\":\"https:\\\/\\\/jornaldasoficinas.com\\\/pt\\\/#organization\"},\"image\":{\"@id\":\"https:\\\/\\\/jornaldasoficinas.com\\\/pt\\\/grandes-desafios-do-setor-automovel\\\/#primaryimage\"},\"thumbnailUrl\":\"https:\\\/\\\/jornaldasoficinas.com\\\/pt\\\/wp-content\\\/uploads\\\/2024\\\/12\\\/Grandes-desafios-do-setor-automovel.jpg\",\"keywords\":[\"Mobilidade sustent\u00e1vel\",\"Motores de combust\u00e3o\",\"parque autom\u00f3vel\",\"pegada de carbono\",\"Reutiliza\u00e7\u00e3o\",\"Sustentabilidade\"],\"articleSection\":[\"Mercado\"],\"inLanguage\":\"pt-PT\"},{\"@type\":\"WebPage\",\"@id\":\"https:\\\/\\\/jornaldasoficinas.com\\\/pt\\\/grandes-desafios-do-setor-automovel\\\/\",\"url\":\"https:\\\/\\\/jornaldasoficinas.com\\\/pt\\\/grandes-desafios-do-setor-automovel\\\/\",\"name\":\"Grandes desafios do setor autom\u00f3vel - Jornal das Oficinas\",\"isPartOf\":{\"@id\":\"https:\\\/\\\/jornaldasoficinas.com\\\/pt\\\/#website\"},\"primaryImageOfPage\":{\"@id\":\"https:\\\/\\\/jornaldasoficinas.com\\\/pt\\\/grandes-desafios-do-setor-automovel\\\/#primaryimage\"},\"image\":{\"@id\":\"https:\\\/\\\/jornaldasoficinas.com\\\/pt\\\/grandes-desafios-do-setor-automovel\\\/#primaryimage\"},\"thumbnailUrl\":\"https:\\\/\\\/jornaldasoficinas.com\\\/pt\\\/wp-content\\\/uploads\\\/2024\\\/12\\\/Grandes-desafios-do-setor-automovel.jpg\",\"datePublished\":\"2024-12-15T21:00:52+00:00\",\"description\":\"Para melhorar a qualidade de vida no planeta e\u0301 preciso reduzir a pegada de carbono e as emiss\u00f5es de gases com efeito de estufa\",\"breadcrumb\":{\"@id\":\"https:\\\/\\\/jornaldasoficinas.com\\\/pt\\\/grandes-desafios-do-setor-automovel\\\/#breadcrumb\"},\"inLanguage\":\"pt-PT\",\"potentialAction\":[{\"@type\":\"ReadAction\",\"target\":[\"https:\\\/\\\/jornaldasoficinas.com\\\/pt\\\/grandes-desafios-do-setor-automovel\\\/\"]}]},{\"@type\":\"ImageObject\",\"inLanguage\":\"pt-PT\",\"@id\":\"https:\\\/\\\/jornaldasoficinas.com\\\/pt\\\/grandes-desafios-do-setor-automovel\\\/#primaryimage\",\"url\":\"https:\\\/\\\/jornaldasoficinas.com\\\/pt\\\/wp-content\\\/uploads\\\/2024\\\/12\\\/Grandes-desafios-do-setor-automovel.jpg\",\"contentUrl\":\"https:\\\/\\\/jornaldasoficinas.com\\\/pt\\\/wp-content\\\/uploads\\\/2024\\\/12\\\/Grandes-desafios-do-setor-automovel.jpg\",\"width\":1024,\"height\":581,\"caption\":\"12 - Grandes desafios do setor automovel\"},{\"@type\":\"BreadcrumbList\",\"@id\":\"https:\\\/\\\/jornaldasoficinas.com\\\/pt\\\/grandes-desafios-do-setor-automovel\\\/#breadcrumb\",\"itemListElement\":[{\"@type\":\"ListItem\",\"position\":1,\"name\":\"In\u00edcio\",\"item\":\"https:\\\/\\\/jornaldasoficinas.com\\\/pt\\\/\"},{\"@type\":\"ListItem\",\"position\":2,\"name\":\"Grandes desafios do setor autom\u00f3vel\"}]},{\"@type\":\"WebSite\",\"@id\":\"https:\\\/\\\/jornaldasoficinas.com\\\/pt\\\/#website\",\"url\":\"https:\\\/\\\/jornaldasoficinas.com\\\/pt\\\/\",\"name\":\"Jornal das Oficinas\",\"description\":\"Jornal independente do Aftermarket Autom\u00f3vel em Portugal\",\"publisher\":{\"@id\":\"https:\\\/\\\/jornaldasoficinas.com\\\/pt\\\/#organization\"},\"potentialAction\":[{\"@type\":\"SearchAction\",\"target\":{\"@type\":\"EntryPoint\",\"urlTemplate\":\"https:\\\/\\\/jornaldasoficinas.com\\\/pt\\\/?s={search_term_string}\"},\"query-input\":{\"@type\":\"PropertyValueSpecification\",\"valueRequired\":true,\"valueName\":\"search_term_string\"}}],\"inLanguage\":\"pt-PT\"},{\"@type\":\"Organization\",\"@id\":\"https:\\\/\\\/jornaldasoficinas.com\\\/pt\\\/#organization\",\"name\":\"Jornal das Oficinas\",\"url\":\"https:\\\/\\\/jornaldasoficinas.com\\\/pt\\\/\",\"logo\":{\"@type\":\"ImageObject\",\"inLanguage\":\"pt-PT\",\"@id\":\"https:\\\/\\\/jornaldasoficinas.com\\\/pt\\\/#\\\/schema\\\/logo\\\/image\\\/\",\"url\":\"https:\\\/\\\/jornaldasoficinas.com\\\/pt\\\/wp-content\\\/uploads\\\/logoJO-SEO.png\",\"contentUrl\":\"https:\\\/\\\/jornaldasoficinas.com\\\/pt\\\/wp-content\\\/uploads\\\/logoJO-SEO.png\",\"width\":285,\"height\":450,\"caption\":\"Jornal das Oficinas\"},\"image\":{\"@id\":\"https:\\\/\\\/jornaldasoficinas.com\\\/pt\\\/#\\\/schema\\\/logo\\\/image\\\/\"},\"sameAs\":[\"https:\\\/\\\/www.facebook.com\\\/jornaloficinas\",\"https:\\\/\\\/x.com\\\/jornaloficinas\",\"https:\\\/\\\/www.instagram.com\\\/jornal_oficinas\\\/\",\"https:\\\/\\\/www.linkedin.com\\\/company\\\/jornal-das-oficinas\\\/\",\"https:\\\/\\\/www.youtube.com\\\/channel\\\/UCbQZBqtcvV-oSQrr7RzINGg\"]},{\"@type\":\"Person\",\"@id\":\"https:\\\/\\\/jornaldasoficinas.com\\\/pt\\\/#\\\/schema\\\/person\\\/a38eef5de2c41d9e7c9ac10141afddf3\",\"name\":\"Reda\u00e7\u00e3o JO\",\"image\":{\"@type\":\"ImageObject\",\"inLanguage\":\"pt-PT\",\"@id\":\"https:\\\/\\\/secure.gravatar.com\\\/avatar\\\/71f2fa71737ad68a84fea94bc708ddac8ea5b0c4788dc2ad202f3ccb2887742f?s=96&d=wp_user_avatar&r=g\",\"url\":\"https:\\\/\\\/secure.gravatar.com\\\/avatar\\\/71f2fa71737ad68a84fea94bc708ddac8ea5b0c4788dc2ad202f3ccb2887742f?s=96&d=wp_user_avatar&r=g\",\"contentUrl\":\"https:\\\/\\\/secure.gravatar.com\\\/avatar\\\/71f2fa71737ad68a84fea94bc708ddac8ea5b0c4788dc2ad202f3ccb2887742f?s=96&d=wp_user_avatar&r=g\",\"caption\":\"Reda\u00e7\u00e3o JO\"},\"url\":\"https:\\\/\\\/jornaldasoficinas.com\\\/pt\\\/author\\\/joredacao\\\/\"}]}<\/script>\n<!-- \/ Yoast SEO plugin. -->","yoast_head_json":{"title":"Grandes desafios do setor autom\u00f3vel - Jornal das Oficinas","description":"Para melhorar a qualidade de vida no planeta e\u0301 preciso reduzir a pegada de carbono e as emiss\u00f5es de gases com efeito de estufa","robots":{"index":"index","follow":"follow","max-snippet":"max-snippet:-1","max-image-preview":"max-image-preview:large","max-video-preview":"max-video-preview:-1"},"canonical":"https:\/\/jornaldasoficinas.com\/pt\/grandes-desafios-do-setor-automovel\/","og_locale":"pt_PT","og_type":"article","og_title":"Grandes desafios do setor autom\u00f3vel - Jornal das Oficinas","og_description":"Para melhorar a qualidade de vida no planeta e\u0301 preciso reduzir a pegada de carbono e as emiss\u00f5es de gases com efeito de estufa","og_url":"https:\/\/jornaldasoficinas.com\/pt\/grandes-desafios-do-setor-automovel\/","og_site_name":"Jornal das Oficinas","article_publisher":"https:\/\/www.facebook.com\/jornaloficinas","article_published_time":"2024-12-15T21:00:52+00:00","og_image":[{"width":1024,"height":581,"url":"https:\/\/jornaldasoficinas.com\/pt\/wp-content\/uploads\/2024\/12\/Grandes-desafios-do-setor-automovel.jpg","type":"image\/jpeg"}],"author":"Reda\u00e7\u00e3o JO","twitter_card":"summary_large_image","twitter_creator":"@jornaloficinas","twitter_site":"@jornaloficinas","twitter_misc":{"Escrito por":"Reda\u00e7\u00e3o JO","Tempo estimado de leitura":"3 minutos"},"schema":{"@context":"https:\/\/schema.org","@graph":[{"@type":"Article","@id":"https:\/\/jornaldasoficinas.com\/pt\/grandes-desafios-do-setor-automovel\/#article","isPartOf":{"@id":"https:\/\/jornaldasoficinas.com\/pt\/grandes-desafios-do-setor-automovel\/"},"author":{"name":"Reda\u00e7\u00e3o JO","@id":"https:\/\/jornaldasoficinas.com\/pt\/#\/schema\/person\/a38eef5de2c41d9e7c9ac10141afddf3"},"headline":"Grandes desafios do setor autom\u00f3vel","datePublished":"2024-12-15T21:00:52+00:00","mainEntityOfPage":{"@id":"https:\/\/jornaldasoficinas.com\/pt\/grandes-desafios-do-setor-automovel\/"},"wordCount":516,"publisher":{"@id":"https:\/\/jornaldasoficinas.com\/pt\/#organization"},"image":{"@id":"https:\/\/jornaldasoficinas.com\/pt\/grandes-desafios-do-setor-automovel\/#primaryimage"},"thumbnailUrl":"https:\/\/jornaldasoficinas.com\/pt\/wp-content\/uploads\/2024\/12\/Grandes-desafios-do-setor-automovel.jpg","keywords":["Mobilidade sustent\u00e1vel","Motores de combust\u00e3o","parque autom\u00f3vel","pegada de carbono","Reutiliza\u00e7\u00e3o","Sustentabilidade"],"articleSection":["Mercado"],"inLanguage":"pt-PT"},{"@type":"WebPage","@id":"https:\/\/jornaldasoficinas.com\/pt\/grandes-desafios-do-setor-automovel\/","url":"https:\/\/jornaldasoficinas.com\/pt\/grandes-desafios-do-setor-automovel\/","name":"Grandes desafios do setor autom\u00f3vel - Jornal das Oficinas","isPartOf":{"@id":"https:\/\/jornaldasoficinas.com\/pt\/#website"},"primaryImageOfPage":{"@id":"https:\/\/jornaldasoficinas.com\/pt\/grandes-desafios-do-setor-automovel\/#primaryimage"},"image":{"@id":"https:\/\/jornaldasoficinas.com\/pt\/grandes-desafios-do-setor-automovel\/#primaryimage"},"thumbnailUrl":"https:\/\/jornaldasoficinas.com\/pt\/wp-content\/uploads\/2024\/12\/Grandes-desafios-do-setor-automovel.jpg","datePublished":"2024-12-15T21:00:52+00:00","description":"Para melhorar a qualidade de vida no planeta e\u0301 preciso reduzir a pegada de carbono e as emiss\u00f5es de gases com efeito de estufa","breadcrumb":{"@id":"https:\/\/jornaldasoficinas.com\/pt\/grandes-desafios-do-setor-automovel\/#breadcrumb"},"inLanguage":"pt-PT","potentialAction":[{"@type":"ReadAction","target":["https:\/\/jornaldasoficinas.com\/pt\/grandes-desafios-do-setor-automovel\/"]}]},{"@type":"ImageObject","inLanguage":"pt-PT","@id":"https:\/\/jornaldasoficinas.com\/pt\/grandes-desafios-do-setor-automovel\/#primaryimage","url":"https:\/\/jornaldasoficinas.com\/pt\/wp-content\/uploads\/2024\/12\/Grandes-desafios-do-setor-automovel.jpg","contentUrl":"https:\/\/jornaldasoficinas.com\/pt\/wp-content\/uploads\/2024\/12\/Grandes-desafios-do-setor-automovel.jpg","width":1024,"height":581,"caption":"12 - Grandes desafios do setor automovel"},{"@type":"BreadcrumbList","@id":"https:\/\/jornaldasoficinas.com\/pt\/grandes-desafios-do-setor-automovel\/#breadcrumb","itemListElement":[{"@type":"ListItem","position":1,"name":"In\u00edcio","item":"https:\/\/jornaldasoficinas.com\/pt\/"},{"@type":"ListItem","position":2,"name":"Grandes desafios do setor autom\u00f3vel"}]},{"@type":"WebSite","@id":"https:\/\/jornaldasoficinas.com\/pt\/#website","url":"https:\/\/jornaldasoficinas.com\/pt\/","name":"Jornal das Oficinas","description":"Jornal independente do Aftermarket Autom\u00f3vel em Portugal","publisher":{"@id":"https:\/\/jornaldasoficinas.com\/pt\/#organization"},"potentialAction":[{"@type":"SearchAction","target":{"@type":"EntryPoint","urlTemplate":"https:\/\/jornaldasoficinas.com\/pt\/?s={search_term_string}"},"query-input":{"@type":"PropertyValueSpecification","valueRequired":true,"valueName":"search_term_string"}}],"inLanguage":"pt-PT"},{"@type":"Organization","@id":"https:\/\/jornaldasoficinas.com\/pt\/#organization","name":"Jornal das Oficinas","url":"https:\/\/jornaldasoficinas.com\/pt\/","logo":{"@type":"ImageObject","inLanguage":"pt-PT","@id":"https:\/\/jornaldasoficinas.com\/pt\/#\/schema\/logo\/image\/","url":"https:\/\/jornaldasoficinas.com\/pt\/wp-content\/uploads\/logoJO-SEO.png","contentUrl":"https:\/\/jornaldasoficinas.com\/pt\/wp-content\/uploads\/logoJO-SEO.png","width":285,"height":450,"caption":"Jornal das Oficinas"},"image":{"@id":"https:\/\/jornaldasoficinas.com\/pt\/#\/schema\/logo\/image\/"},"sameAs":["https:\/\/www.facebook.com\/jornaloficinas","https:\/\/x.com\/jornaloficinas","https:\/\/www.instagram.com\/jornal_oficinas\/","https:\/\/www.linkedin.com\/company\/jornal-das-oficinas\/","https:\/\/www.youtube.com\/channel\/UCbQZBqtcvV-oSQrr7RzINGg"]},{"@type":"Person","@id":"https:\/\/jornaldasoficinas.com\/pt\/#\/schema\/person\/a38eef5de2c41d9e7c9ac10141afddf3","name":"Reda\u00e7\u00e3o JO","image":{"@type":"ImageObject","inLanguage":"pt-PT","@id":"https:\/\/secure.gravatar.com\/avatar\/71f2fa71737ad68a84fea94bc708ddac8ea5b0c4788dc2ad202f3ccb2887742f?s=96&d=wp_user_avatar&r=g","url":"https:\/\/secure.gravatar.com\/avatar\/71f2fa71737ad68a84fea94bc708ddac8ea5b0c4788dc2ad202f3ccb2887742f?s=96&d=wp_user_avatar&r=g","contentUrl":"https:\/\/secure.gravatar.com\/avatar\/71f2fa71737ad68a84fea94bc708ddac8ea5b0c4788dc2ad202f3ccb2887742f?s=96&d=wp_user_avatar&r=g","caption":"Reda\u00e7\u00e3o JO"},"url":"https:\/\/jornaldasoficinas.com\/pt\/author\/joredacao\/"}]}},"_links":{"self":[{"href":"https:\/\/jornaldasoficinas.com\/pt\/wp-json\/wp\/v2\/posts\/95442","targetHints":{"allow":["GET"]}}],"collection":[{"href":"https:\/\/jornaldasoficinas.com\/pt\/wp-json\/wp\/v2\/posts"}],"about":[{"href":"https:\/\/jornaldasoficinas.com\/pt\/wp-json\/wp\/v2\/types\/post"}],"author":[{"embeddable":true,"href":"https:\/\/jornaldasoficinas.com\/pt\/wp-json\/wp\/v2\/users\/15"}],"replies":[{"embeddable":true,"href":"https:\/\/jornaldasoficinas.com\/pt\/wp-json\/wp\/v2\/comments?post=95442"}],"version-history":[{"count":9,"href":"https:\/\/jornaldasoficinas.com\/pt\/wp-json\/wp\/v2\/posts\/95442\/revisions"}],"predecessor-version":[{"id":95489,"href":"https:\/\/jornaldasoficinas.com\/pt\/wp-json\/wp\/v2\/posts\/95442\/revisions\/95489"}],"wp:featuredmedia":[{"embeddable":true,"href":"https:\/\/jornaldasoficinas.com\/pt\/wp-json\/wp\/v2\/media\/95424"}],"wp:attachment":[{"href":"https:\/\/jornaldasoficinas.com\/pt\/wp-json\/wp\/v2\/media?parent=95442"}],"wp:term":[{"taxonomy":"category","embeddable":true,"href":"https:\/\/jornaldasoficinas.com\/pt\/wp-json\/wp\/v2\/categories?post=95442"},{"taxonomy":"post_tag","embeddable":true,"href":"https:\/\/jornaldasoficinas.com\/pt\/wp-json\/wp\/v2\/tags?post=95442"}],"curies":[{"name":"wp","href":"https:\/\/api.w.org\/{rel}","templated":true}]}}