{"id":95507,"date":"2024-12-16T12:30:20","date_gmt":"2024-12-16T12:30:20","guid":{"rendered":"https:\/\/jornaldasoficinas.com\/pt\/?p=95507"},"modified":"2024-12-16T10:29:55","modified_gmt":"2024-12-16T10:29:55","slug":"fuchs-cumpre-todas-as-metas-estabelecidas-para-2024","status":"publish","type":"post","link":"https:\/\/jornaldasoficinas.com\/pt\/fuchs-cumpre-todas-as-metas-estabelecidas-para-2024\/","title":{"rendered":"FUCHS cumpre todas as metas estabelecidas para 2024"},"content":{"rendered":"<p><strong><img loading=\"lazy\" decoding=\"async\" class=\"alignnone size-full wp-image-95511\" src=\"https:\/\/jornaldasoficinas.com\/pt\/wp-content\/uploads\/2024\/12\/FUCHS-cumpre-todas-as-metas-estabelecidas-para-2024.jpg\" alt=\"12 - FUCHS cumpre todas as metas estabelecidas para 2024\" width=\"1024\" height=\"581\" srcset=\"https:\/\/jornaldasoficinas.com\/pt\/wp-content\/uploads\/2024\/12\/FUCHS-cumpre-todas-as-metas-estabelecidas-para-2024.jpg 1024w, https:\/\/jornaldasoficinas.com\/pt\/wp-content\/uploads\/2024\/12\/FUCHS-cumpre-todas-as-metas-estabelecidas-para-2024-300x170.jpg 300w, https:\/\/jornaldasoficinas.com\/pt\/wp-content\/uploads\/2024\/12\/FUCHS-cumpre-todas-as-metas-estabelecidas-para-2024-150x85.jpg 150w, https:\/\/jornaldasoficinas.com\/pt\/wp-content\/uploads\/2024\/12\/FUCHS-cumpre-todas-as-metas-estabelecidas-para-2024-768x436.jpg 768w\" sizes=\"auto, (max-width: 1024px) 100vw, 1024px\" \/><\/strong><\/p>\n<p><strong>A <a href=\"https:\/\/www.fuchs.com\/\" target=\"_blank\" rel=\"noopener\">FUCHS<\/a> deu &#8220;check&#8221; em todos os objetivos estabelecidos para este ano, com foco no crescimento, inova\u00e7\u00e3o, prote\u00e7\u00e3o do clima e consolida\u00e7\u00e3o de parcerias<\/strong><\/p>\n<p>A parceria com a <a href=\"https:\/\/www.mercedes-benz.pt\/\" target=\"_blank\" rel=\"noopener\">Mercedes-Benz<\/a>, anunciada em mar\u00e7o, representou um salto significativo no avan\u00e7o tecnol\u00f3gico, qualitativo e sustent\u00e1vel no setor autom\u00f3vel. &#8220;O foco est\u00e1 na redefini\u00e7\u00e3o dos padr\u00f5es de lubrifica\u00e7\u00e3o para disponibilizar aos clientes da Mercedes-Benz solu\u00e7\u00f5es personalizadas com desempenho otimizado&#8221;, referiu o fabricante em comunicado.<\/p>\n<p>&#8220;A FUCHS e a Mercedes-Benz v\u00e3o ditar novos standards&#8221;, prometeu Andr\u00e9 Castro Pinheiro, diretor automotive da FUCHS Portugal, e acrescentou: &#8220;Esta parceria estrat\u00e9gica \u00e9 uma excelente not\u00edcia para os nossos clientes, tal como a introdu\u00e7\u00e3o das novas embalagens sustent\u00e1veis na Europa, no \u00e2mbito do novo conceito global ACT \u2013 TIME TO ACT, \u00e9 hora de agir&#8221;. O ACT \u00e9 a estrat\u00e9gia da FUCHS para transformar os seus processos lineares em circulares e levar o mundo consigo nesta miss\u00e3o de proteger o planeta.<\/p>\n<p>&#8220;O mundo s\u00e3o os clientes e um deles \u00e9 a <a href=\"https:\/\/www.laso.pt\/pt\/\" target=\"_blank\" rel=\"noopener\">LASO<\/a>&#8220;, sublinhou. A transportadora multinacional passou em 2024 a utilizar exclusivamente \u00f3leos, massas e anticongelantes FUCHS nos seus 2 600 equipamentos. Juntou-se ao ACT e come\u00e7ou a utilizar um dos \u00f3leos de motor mais avan\u00e7ados da marca das oficinas, o TITAN CARGO MAXX II 5W-30. O resultado: redu\u00e7\u00e3o do consumo de combust\u00edvel em 1 % e do consumo de \u00f3leo em 18 %. A tecnologia XTL reduz as emiss\u00f5es de CO2 de forma significativa.<\/p>\n<p>A YesCar \u00e9 outro cliente que refor\u00e7ou a parceria com a FUCHS. No lan\u00e7amento da marca YesCar Usados 5* em julho, a empresa prometeu n\u00e3o s\u00f3 os melhores pre\u00e7os de mercado para carros usados nacionais, mas tamb\u00e9m as revis\u00f5es com os \u00f3leos de alta performance TITAN da FUCHS. Como parceira exclusiva, a FUCHS fornece as sete oficinas do Grupo YesCar com uma vasta gama de \u00f3leos de motor, de caixas manuais e autom\u00e1ticas, de diferenciais, de trav\u00f5es e tamb\u00e9m com anticongelantes para as v\u00e1rias marcas assistidas.<\/p>\n<p>Na AMSPORT, a equipa automotive da FUCHS conseguiu consolidar a colabora\u00e7\u00e3o com a amplia\u00e7\u00e3o em 2023 para toda a oficina. Desde ent\u00e3o, os clientes da conceituada oficina de Viseu leem no livro de revis\u00f5es &#8220;TITAN&#8221; como \u00f3leo utilizado. A parceria de sucesso tinha come\u00e7ado na competi\u00e7\u00e3o em 2020. Para a AMSPORT, a colabora\u00e7\u00e3o com a FUCHS \u00e9 uma quest\u00e3o de confian\u00e7a na qualidade e na tecnologia avan\u00e7ada.<\/p>\n<p>Quanto \u00e0 competi\u00e7\u00e3o, \u00e9 de destacar que a FUCHS RACING integrou Rafael R\u00eago, de 18 anos, nos pilotos FUCHS. Em mar\u00e7o, a marca das oficinas tornou-se patrocinadora principal do jovem piloto de ralis de Odivelas que j\u00e1 venceu importantes provas e \u00e9 uma das maiores promessas nacionais nos ralis.<\/p>\n<p>&#8220;2024 foi um excelente ano para a FUCHS&#8221;, conclui Andr\u00e9 Castro Pinheiro e explica: &#8220;H\u00e1 mais fatores que nos fazem crescer em Portugal para al\u00e9m da f\u00f3rmula global da FUCHS (qualidade + tecnologia + performance + inova\u00e7\u00e3o), nomeadamente o nosso esp\u00edrito de equipa com os nossos clientes \u2013 com assist\u00eancia t\u00e9cnica e sempre \u00e0 procura das melhores solu\u00e7\u00f5es \u2013 a distribui\u00e7\u00e3o com revendedores especializados e o nosso forte investimento na competi\u00e7\u00e3o, em equipas de refer\u00eancia. Em 2025 h\u00e1 mais&#8221;.<\/p>\n","protected":false},"excerpt":{"rendered":"<p>A FUCHS deu &#8220;check&#8221; em todos&#8230;<\/p>\n","protected":false},"author":15,"featured_media":95511,"comment_status":"closed","ping_status":"closed","sticky":false,"template":"","format":"standard","meta":{"footnotes":""},"categories":[29],"tags":[2781,277,3778,11074,116,11425,4638,11426],"class_list":["post-95507","post","type-post","status-publish","format-standard","has-post-thumbnail","hentry","category-empresas","tag-crescimento","tag-fuchs","tag-inovacao","tag-laso","tag-mercedes-benz","tag-metas-para-2024","tag-parcerias","tag-protecao-do-clima"],"yoast_head":"<!-- This site is optimized with the Yoast SEO plugin v27.4 - https:\/\/yoast.com\/product\/yoast-seo-wordpress\/ -->\n<title>FUCHS cumpre todas as metas estabelecidas para 2024 - Jornal das Oficinas<\/title>\n<meta name=\"description\" content=\"A FUCHS deu &quot;check&quot; em todos os objetivos estabelecidos para este ano, com foco no crescimento, inova\u00e7\u00e3o, prote\u00e7\u00e3o do clima e nas parcerias\" \/>\n<meta name=\"robots\" content=\"index, follow, max-snippet:-1, max-image-preview:large, max-video-preview:-1\" \/>\n<link rel=\"canonical\" href=\"https:\/\/jornaldasoficinas.com\/pt\/fuchs-cumpre-todas-as-metas-estabelecidas-para-2024\/\" \/>\n<meta property=\"og:locale\" content=\"pt_PT\" \/>\n<meta property=\"og:type\" content=\"article\" \/>\n<meta property=\"og:title\" content=\"FUCHS cumpre todas as metas estabelecidas para 2024 - Jornal das Oficinas\" \/>\n<meta property=\"og:description\" content=\"A FUCHS deu &quot;check&quot; em todos os objetivos estabelecidos para este ano, com foco no crescimento, inova\u00e7\u00e3o, prote\u00e7\u00e3o do clima e nas parcerias\" \/>\n<meta property=\"og:url\" content=\"https:\/\/jornaldasoficinas.com\/pt\/fuchs-cumpre-todas-as-metas-estabelecidas-para-2024\/\" \/>\n<meta property=\"og:site_name\" content=\"Jornal das Oficinas\" \/>\n<meta property=\"article:publisher\" content=\"https:\/\/www.facebook.com\/jornaloficinas\" \/>\n<meta property=\"article:published_time\" content=\"2024-12-16T12:30:20+00:00\" \/>\n<meta property=\"og:image\" content=\"https:\/\/jornaldasoficinas.com\/pt\/wp-content\/uploads\/2024\/12\/FUCHS-cumpre-todas-as-metas-estabelecidas-para-2024.jpg\" \/>\n\t<meta property=\"og:image:width\" content=\"1024\" \/>\n\t<meta property=\"og:image:height\" content=\"581\" \/>\n\t<meta property=\"og:image:type\" content=\"image\/jpeg\" \/>\n<meta name=\"author\" content=\"Reda\u00e7\u00e3o JO\" \/>\n<meta name=\"twitter:card\" content=\"summary_large_image\" \/>\n<meta name=\"twitter:creator\" content=\"@jornaloficinas\" \/>\n<meta name=\"twitter:site\" content=\"@jornaloficinas\" \/>\n<meta name=\"twitter:label1\" content=\"Escrito por\" \/>\n\t<meta name=\"twitter:data1\" content=\"Reda\u00e7\u00e3o JO\" \/>\n\t<meta name=\"twitter:label2\" content=\"Tempo estimado de leitura\" \/>\n\t<meta name=\"twitter:data2\" content=\"4 minutos\" \/>\n<script type=\"application\/ld+json\" class=\"yoast-schema-graph\">{\"@context\":\"https:\\\/\\\/schema.org\",\"@graph\":[{\"@type\":\"Article\",\"@id\":\"https:\\\/\\\/jornaldasoficinas.com\\\/pt\\\/fuchs-cumpre-todas-as-metas-estabelecidas-para-2024\\\/#article\",\"isPartOf\":{\"@id\":\"https:\\\/\\\/jornaldasoficinas.com\\\/pt\\\/fuchs-cumpre-todas-as-metas-estabelecidas-para-2024\\\/\"},\"author\":{\"name\":\"Reda\u00e7\u00e3o JO\",\"@id\":\"https:\\\/\\\/jornaldasoficinas.com\\\/pt\\\/#\\\/schema\\\/person\\\/a38eef5de2c41d9e7c9ac10141afddf3\"},\"headline\":\"FUCHS cumpre todas as metas estabelecidas para 2024\",\"datePublished\":\"2024-12-16T12:30:20+00:00\",\"mainEntityOfPage\":{\"@id\":\"https:\\\/\\\/jornaldasoficinas.com\\\/pt\\\/fuchs-cumpre-todas-as-metas-estabelecidas-para-2024\\\/\"},\"wordCount\":553,\"publisher\":{\"@id\":\"https:\\\/\\\/jornaldasoficinas.com\\\/pt\\\/#organization\"},\"image\":{\"@id\":\"https:\\\/\\\/jornaldasoficinas.com\\\/pt\\\/fuchs-cumpre-todas-as-metas-estabelecidas-para-2024\\\/#primaryimage\"},\"thumbnailUrl\":\"https:\\\/\\\/jornaldasoficinas.com\\\/pt\\\/wp-content\\\/uploads\\\/2024\\\/12\\\/FUCHS-cumpre-todas-as-metas-estabelecidas-para-2024.jpg\",\"keywords\":[\"Crescimento\",\"Fuchs\",\"Inova\u00e7\u00e3o\",\"LASO\",\"Mercedes-Benz\",\"metas para 2024\",\"Parcerias\",\"prote\u00e7\u00e3o do clima\"],\"articleSection\":[\"Empresas\"],\"inLanguage\":\"pt-PT\"},{\"@type\":\"WebPage\",\"@id\":\"https:\\\/\\\/jornaldasoficinas.com\\\/pt\\\/fuchs-cumpre-todas-as-metas-estabelecidas-para-2024\\\/\",\"url\":\"https:\\\/\\\/jornaldasoficinas.com\\\/pt\\\/fuchs-cumpre-todas-as-metas-estabelecidas-para-2024\\\/\",\"name\":\"FUCHS cumpre todas as metas estabelecidas para 2024 - Jornal das Oficinas\",\"isPartOf\":{\"@id\":\"https:\\\/\\\/jornaldasoficinas.com\\\/pt\\\/#website\"},\"primaryImageOfPage\":{\"@id\":\"https:\\\/\\\/jornaldasoficinas.com\\\/pt\\\/fuchs-cumpre-todas-as-metas-estabelecidas-para-2024\\\/#primaryimage\"},\"image\":{\"@id\":\"https:\\\/\\\/jornaldasoficinas.com\\\/pt\\\/fuchs-cumpre-todas-as-metas-estabelecidas-para-2024\\\/#primaryimage\"},\"thumbnailUrl\":\"https:\\\/\\\/jornaldasoficinas.com\\\/pt\\\/wp-content\\\/uploads\\\/2024\\\/12\\\/FUCHS-cumpre-todas-as-metas-estabelecidas-para-2024.jpg\",\"datePublished\":\"2024-12-16T12:30:20+00:00\",\"description\":\"A FUCHS deu \\\"check\\\" em todos os objetivos estabelecidos para este ano, com foco no crescimento, inova\u00e7\u00e3o, prote\u00e7\u00e3o do clima e nas parcerias\",\"breadcrumb\":{\"@id\":\"https:\\\/\\\/jornaldasoficinas.com\\\/pt\\\/fuchs-cumpre-todas-as-metas-estabelecidas-para-2024\\\/#breadcrumb\"},\"inLanguage\":\"pt-PT\",\"potentialAction\":[{\"@type\":\"ReadAction\",\"target\":[\"https:\\\/\\\/jornaldasoficinas.com\\\/pt\\\/fuchs-cumpre-todas-as-metas-estabelecidas-para-2024\\\/\"]}]},{\"@type\":\"ImageObject\",\"inLanguage\":\"pt-PT\",\"@id\":\"https:\\\/\\\/jornaldasoficinas.com\\\/pt\\\/fuchs-cumpre-todas-as-metas-estabelecidas-para-2024\\\/#primaryimage\",\"url\":\"https:\\\/\\\/jornaldasoficinas.com\\\/pt\\\/wp-content\\\/uploads\\\/2024\\\/12\\\/FUCHS-cumpre-todas-as-metas-estabelecidas-para-2024.jpg\",\"contentUrl\":\"https:\\\/\\\/jornaldasoficinas.com\\\/pt\\\/wp-content\\\/uploads\\\/2024\\\/12\\\/FUCHS-cumpre-todas-as-metas-estabelecidas-para-2024.jpg\",\"width\":1024,\"height\":581,\"caption\":\"12 - FUCHS cumpre todas as metas estabelecidas para 2024\"},{\"@type\":\"BreadcrumbList\",\"@id\":\"https:\\\/\\\/jornaldasoficinas.com\\\/pt\\\/fuchs-cumpre-todas-as-metas-estabelecidas-para-2024\\\/#breadcrumb\",\"itemListElement\":[{\"@type\":\"ListItem\",\"position\":1,\"name\":\"In\u00edcio\",\"item\":\"https:\\\/\\\/jornaldasoficinas.com\\\/pt\\\/\"},{\"@type\":\"ListItem\",\"position\":2,\"name\":\"FUCHS cumpre todas as metas estabelecidas para 2024\"}]},{\"@type\":\"WebSite\",\"@id\":\"https:\\\/\\\/jornaldasoficinas.com\\\/pt\\\/#website\",\"url\":\"https:\\\/\\\/jornaldasoficinas.com\\\/pt\\\/\",\"name\":\"Jornal das Oficinas\",\"description\":\"Jornal independente do Aftermarket Autom\u00f3vel em Portugal\",\"publisher\":{\"@id\":\"https:\\\/\\\/jornaldasoficinas.com\\\/pt\\\/#organization\"},\"potentialAction\":[{\"@type\":\"SearchAction\",\"target\":{\"@type\":\"EntryPoint\",\"urlTemplate\":\"https:\\\/\\\/jornaldasoficinas.com\\\/pt\\\/?s={search_term_string}\"},\"query-input\":{\"@type\":\"PropertyValueSpecification\",\"valueRequired\":true,\"valueName\":\"search_term_string\"}}],\"inLanguage\":\"pt-PT\"},{\"@type\":\"Organization\",\"@id\":\"https:\\\/\\\/jornaldasoficinas.com\\\/pt\\\/#organization\",\"name\":\"Jornal das Oficinas\",\"url\":\"https:\\\/\\\/jornaldasoficinas.com\\\/pt\\\/\",\"logo\":{\"@type\":\"ImageObject\",\"inLanguage\":\"pt-PT\",\"@id\":\"https:\\\/\\\/jornaldasoficinas.com\\\/pt\\\/#\\\/schema\\\/logo\\\/image\\\/\",\"url\":\"https:\\\/\\\/jornaldasoficinas.com\\\/pt\\\/wp-content\\\/uploads\\\/logoJO-SEO.png\",\"contentUrl\":\"https:\\\/\\\/jornaldasoficinas.com\\\/pt\\\/wp-content\\\/uploads\\\/logoJO-SEO.png\",\"width\":285,\"height\":450,\"caption\":\"Jornal das Oficinas\"},\"image\":{\"@id\":\"https:\\\/\\\/jornaldasoficinas.com\\\/pt\\\/#\\\/schema\\\/logo\\\/image\\\/\"},\"sameAs\":[\"https:\\\/\\\/www.facebook.com\\\/jornaloficinas\",\"https:\\\/\\\/x.com\\\/jornaloficinas\",\"https:\\\/\\\/www.instagram.com\\\/jornal_oficinas\\\/\",\"https:\\\/\\\/www.linkedin.com\\\/company\\\/jornal-das-oficinas\\\/\",\"https:\\\/\\\/www.youtube.com\\\/channel\\\/UCbQZBqtcvV-oSQrr7RzINGg\"]},{\"@type\":\"Person\",\"@id\":\"https:\\\/\\\/jornaldasoficinas.com\\\/pt\\\/#\\\/schema\\\/person\\\/a38eef5de2c41d9e7c9ac10141afddf3\",\"name\":\"Reda\u00e7\u00e3o JO\",\"image\":{\"@type\":\"ImageObject\",\"inLanguage\":\"pt-PT\",\"@id\":\"https:\\\/\\\/secure.gravatar.com\\\/avatar\\\/71f2fa71737ad68a84fea94bc708ddac8ea5b0c4788dc2ad202f3ccb2887742f?s=96&d=wp_user_avatar&r=g\",\"url\":\"https:\\\/\\\/secure.gravatar.com\\\/avatar\\\/71f2fa71737ad68a84fea94bc708ddac8ea5b0c4788dc2ad202f3ccb2887742f?s=96&d=wp_user_avatar&r=g\",\"contentUrl\":\"https:\\\/\\\/secure.gravatar.com\\\/avatar\\\/71f2fa71737ad68a84fea94bc708ddac8ea5b0c4788dc2ad202f3ccb2887742f?s=96&d=wp_user_avatar&r=g\",\"caption\":\"Reda\u00e7\u00e3o JO\"},\"url\":\"https:\\\/\\\/jornaldasoficinas.com\\\/pt\\\/author\\\/joredacao\\\/\"}]}<\/script>\n<!-- \/ Yoast SEO plugin. -->","yoast_head_json":{"title":"FUCHS cumpre todas as metas estabelecidas para 2024 - Jornal das Oficinas","description":"A FUCHS deu \"check\" em todos os objetivos estabelecidos para este ano, com foco no crescimento, inova\u00e7\u00e3o, prote\u00e7\u00e3o do clima e nas parcerias","robots":{"index":"index","follow":"follow","max-snippet":"max-snippet:-1","max-image-preview":"max-image-preview:large","max-video-preview":"max-video-preview:-1"},"canonical":"https:\/\/jornaldasoficinas.com\/pt\/fuchs-cumpre-todas-as-metas-estabelecidas-para-2024\/","og_locale":"pt_PT","og_type":"article","og_title":"FUCHS cumpre todas as metas estabelecidas para 2024 - Jornal das Oficinas","og_description":"A FUCHS deu \"check\" em todos os objetivos estabelecidos para este ano, com foco no crescimento, inova\u00e7\u00e3o, prote\u00e7\u00e3o do clima e nas parcerias","og_url":"https:\/\/jornaldasoficinas.com\/pt\/fuchs-cumpre-todas-as-metas-estabelecidas-para-2024\/","og_site_name":"Jornal das Oficinas","article_publisher":"https:\/\/www.facebook.com\/jornaloficinas","article_published_time":"2024-12-16T12:30:20+00:00","og_image":[{"width":1024,"height":581,"url":"https:\/\/jornaldasoficinas.com\/pt\/wp-content\/uploads\/2024\/12\/FUCHS-cumpre-todas-as-metas-estabelecidas-para-2024.jpg","type":"image\/jpeg"}],"author":"Reda\u00e7\u00e3o JO","twitter_card":"summary_large_image","twitter_creator":"@jornaloficinas","twitter_site":"@jornaloficinas","twitter_misc":{"Escrito por":"Reda\u00e7\u00e3o JO","Tempo estimado de leitura":"4 minutos"},"schema":{"@context":"https:\/\/schema.org","@graph":[{"@type":"Article","@id":"https:\/\/jornaldasoficinas.com\/pt\/fuchs-cumpre-todas-as-metas-estabelecidas-para-2024\/#article","isPartOf":{"@id":"https:\/\/jornaldasoficinas.com\/pt\/fuchs-cumpre-todas-as-metas-estabelecidas-para-2024\/"},"author":{"name":"Reda\u00e7\u00e3o JO","@id":"https:\/\/jornaldasoficinas.com\/pt\/#\/schema\/person\/a38eef5de2c41d9e7c9ac10141afddf3"},"headline":"FUCHS cumpre todas as metas estabelecidas para 2024","datePublished":"2024-12-16T12:30:20+00:00","mainEntityOfPage":{"@id":"https:\/\/jornaldasoficinas.com\/pt\/fuchs-cumpre-todas-as-metas-estabelecidas-para-2024\/"},"wordCount":553,"publisher":{"@id":"https:\/\/jornaldasoficinas.com\/pt\/#organization"},"image":{"@id":"https:\/\/jornaldasoficinas.com\/pt\/fuchs-cumpre-todas-as-metas-estabelecidas-para-2024\/#primaryimage"},"thumbnailUrl":"https:\/\/jornaldasoficinas.com\/pt\/wp-content\/uploads\/2024\/12\/FUCHS-cumpre-todas-as-metas-estabelecidas-para-2024.jpg","keywords":["Crescimento","Fuchs","Inova\u00e7\u00e3o","LASO","Mercedes-Benz","metas para 2024","Parcerias","prote\u00e7\u00e3o do clima"],"articleSection":["Empresas"],"inLanguage":"pt-PT"},{"@type":"WebPage","@id":"https:\/\/jornaldasoficinas.com\/pt\/fuchs-cumpre-todas-as-metas-estabelecidas-para-2024\/","url":"https:\/\/jornaldasoficinas.com\/pt\/fuchs-cumpre-todas-as-metas-estabelecidas-para-2024\/","name":"FUCHS cumpre todas as metas estabelecidas para 2024 - Jornal das Oficinas","isPartOf":{"@id":"https:\/\/jornaldasoficinas.com\/pt\/#website"},"primaryImageOfPage":{"@id":"https:\/\/jornaldasoficinas.com\/pt\/fuchs-cumpre-todas-as-metas-estabelecidas-para-2024\/#primaryimage"},"image":{"@id":"https:\/\/jornaldasoficinas.com\/pt\/fuchs-cumpre-todas-as-metas-estabelecidas-para-2024\/#primaryimage"},"thumbnailUrl":"https:\/\/jornaldasoficinas.com\/pt\/wp-content\/uploads\/2024\/12\/FUCHS-cumpre-todas-as-metas-estabelecidas-para-2024.jpg","datePublished":"2024-12-16T12:30:20+00:00","description":"A FUCHS deu \"check\" em todos os objetivos estabelecidos para este ano, com foco no crescimento, inova\u00e7\u00e3o, prote\u00e7\u00e3o do clima e nas parcerias","breadcrumb":{"@id":"https:\/\/jornaldasoficinas.com\/pt\/fuchs-cumpre-todas-as-metas-estabelecidas-para-2024\/#breadcrumb"},"inLanguage":"pt-PT","potentialAction":[{"@type":"ReadAction","target":["https:\/\/jornaldasoficinas.com\/pt\/fuchs-cumpre-todas-as-metas-estabelecidas-para-2024\/"]}]},{"@type":"ImageObject","inLanguage":"pt-PT","@id":"https:\/\/jornaldasoficinas.com\/pt\/fuchs-cumpre-todas-as-metas-estabelecidas-para-2024\/#primaryimage","url":"https:\/\/jornaldasoficinas.com\/pt\/wp-content\/uploads\/2024\/12\/FUCHS-cumpre-todas-as-metas-estabelecidas-para-2024.jpg","contentUrl":"https:\/\/jornaldasoficinas.com\/pt\/wp-content\/uploads\/2024\/12\/FUCHS-cumpre-todas-as-metas-estabelecidas-para-2024.jpg","width":1024,"height":581,"caption":"12 - FUCHS cumpre todas as metas estabelecidas para 2024"},{"@type":"BreadcrumbList","@id":"https:\/\/jornaldasoficinas.com\/pt\/fuchs-cumpre-todas-as-metas-estabelecidas-para-2024\/#breadcrumb","itemListElement":[{"@type":"ListItem","position":1,"name":"In\u00edcio","item":"https:\/\/jornaldasoficinas.com\/pt\/"},{"@type":"ListItem","position":2,"name":"FUCHS cumpre todas as metas estabelecidas para 2024"}]},{"@type":"WebSite","@id":"https:\/\/jornaldasoficinas.com\/pt\/#website","url":"https:\/\/jornaldasoficinas.com\/pt\/","name":"Jornal das Oficinas","description":"Jornal independente do Aftermarket Autom\u00f3vel em Portugal","publisher":{"@id":"https:\/\/jornaldasoficinas.com\/pt\/#organization"},"potentialAction":[{"@type":"SearchAction","target":{"@type":"EntryPoint","urlTemplate":"https:\/\/jornaldasoficinas.com\/pt\/?s={search_term_string}"},"query-input":{"@type":"PropertyValueSpecification","valueRequired":true,"valueName":"search_term_string"}}],"inLanguage":"pt-PT"},{"@type":"Organization","@id":"https:\/\/jornaldasoficinas.com\/pt\/#organization","name":"Jornal das Oficinas","url":"https:\/\/jornaldasoficinas.com\/pt\/","logo":{"@type":"ImageObject","inLanguage":"pt-PT","@id":"https:\/\/jornaldasoficinas.com\/pt\/#\/schema\/logo\/image\/","url":"https:\/\/jornaldasoficinas.com\/pt\/wp-content\/uploads\/logoJO-SEO.png","contentUrl":"https:\/\/jornaldasoficinas.com\/pt\/wp-content\/uploads\/logoJO-SEO.png","width":285,"height":450,"caption":"Jornal das Oficinas"},"image":{"@id":"https:\/\/jornaldasoficinas.com\/pt\/#\/schema\/logo\/image\/"},"sameAs":["https:\/\/www.facebook.com\/jornaloficinas","https:\/\/x.com\/jornaloficinas","https:\/\/www.instagram.com\/jornal_oficinas\/","https:\/\/www.linkedin.com\/company\/jornal-das-oficinas\/","https:\/\/www.youtube.com\/channel\/UCbQZBqtcvV-oSQrr7RzINGg"]},{"@type":"Person","@id":"https:\/\/jornaldasoficinas.com\/pt\/#\/schema\/person\/a38eef5de2c41d9e7c9ac10141afddf3","name":"Reda\u00e7\u00e3o JO","image":{"@type":"ImageObject","inLanguage":"pt-PT","@id":"https:\/\/secure.gravatar.com\/avatar\/71f2fa71737ad68a84fea94bc708ddac8ea5b0c4788dc2ad202f3ccb2887742f?s=96&d=wp_user_avatar&r=g","url":"https:\/\/secure.gravatar.com\/avatar\/71f2fa71737ad68a84fea94bc708ddac8ea5b0c4788dc2ad202f3ccb2887742f?s=96&d=wp_user_avatar&r=g","contentUrl":"https:\/\/secure.gravatar.com\/avatar\/71f2fa71737ad68a84fea94bc708ddac8ea5b0c4788dc2ad202f3ccb2887742f?s=96&d=wp_user_avatar&r=g","caption":"Reda\u00e7\u00e3o JO"},"url":"https:\/\/jornaldasoficinas.com\/pt\/author\/joredacao\/"}]}},"_links":{"self":[{"href":"https:\/\/jornaldasoficinas.com\/pt\/wp-json\/wp\/v2\/posts\/95507","targetHints":{"allow":["GET"]}}],"collection":[{"href":"https:\/\/jornaldasoficinas.com\/pt\/wp-json\/wp\/v2\/posts"}],"about":[{"href":"https:\/\/jornaldasoficinas.com\/pt\/wp-json\/wp\/v2\/types\/post"}],"author":[{"embeddable":true,"href":"https:\/\/jornaldasoficinas.com\/pt\/wp-json\/wp\/v2\/users\/15"}],"replies":[{"embeddable":true,"href":"https:\/\/jornaldasoficinas.com\/pt\/wp-json\/wp\/v2\/comments?post=95507"}],"version-history":[{"count":4,"href":"https:\/\/jornaldasoficinas.com\/pt\/wp-json\/wp\/v2\/posts\/95507\/revisions"}],"predecessor-version":[{"id":95512,"href":"https:\/\/jornaldasoficinas.com\/pt\/wp-json\/wp\/v2\/posts\/95507\/revisions\/95512"}],"wp:featuredmedia":[{"embeddable":true,"href":"https:\/\/jornaldasoficinas.com\/pt\/wp-json\/wp\/v2\/media\/95511"}],"wp:attachment":[{"href":"https:\/\/jornaldasoficinas.com\/pt\/wp-json\/wp\/v2\/media?parent=95507"}],"wp:term":[{"taxonomy":"category","embeddable":true,"href":"https:\/\/jornaldasoficinas.com\/pt\/wp-json\/wp\/v2\/categories?post=95507"},{"taxonomy":"post_tag","embeddable":true,"href":"https:\/\/jornaldasoficinas.com\/pt\/wp-json\/wp\/v2\/tags?post=95507"}],"curies":[{"name":"wp","href":"https:\/\/api.w.org\/{rel}","templated":true}]}}