{"id":95600,"date":"2024-12-17T11:38:45","date_gmt":"2024-12-17T11:38:45","guid":{"rendered":"https:\/\/jornaldasoficinas.com\/pt\/?p=95600"},"modified":"2024-12-17T11:40:52","modified_gmt":"2024-12-17T11:40:52","slug":"luzdeairbag-e-distribuidora-da-jaltest-em-portugal","status":"publish","type":"post","link":"https:\/\/jornaldasoficinas.com\/pt\/luzdeairbag-e-distribuidora-da-jaltest-em-portugal\/","title":{"rendered":"LuzDeAirbag \u00e9 distribuidora da Jaltest em Portugal"},"content":{"rendered":"<p><strong><img loading=\"lazy\" decoding=\"async\" class=\"alignnone size-full wp-image-95606\" src=\"https:\/\/jornaldasoficinas.com\/pt\/wp-content\/uploads\/2024\/12\/LuzDeAirbag-e-distribuidora-da-Jaltest-em-Portugal.jpg\" alt=\"12 - LuzDeAirbag e distribuidora da Jaltest em Portugal\" width=\"1024\" height=\"581\" srcset=\"https:\/\/jornaldasoficinas.com\/pt\/wp-content\/uploads\/2024\/12\/LuzDeAirbag-e-distribuidora-da-Jaltest-em-Portugal.jpg 1024w, https:\/\/jornaldasoficinas.com\/pt\/wp-content\/uploads\/2024\/12\/LuzDeAirbag-e-distribuidora-da-Jaltest-em-Portugal-300x170.jpg 300w, https:\/\/jornaldasoficinas.com\/pt\/wp-content\/uploads\/2024\/12\/LuzDeAirbag-e-distribuidora-da-Jaltest-em-Portugal-150x85.jpg 150w, https:\/\/jornaldasoficinas.com\/pt\/wp-content\/uploads\/2024\/12\/LuzDeAirbag-e-distribuidora-da-Jaltest-em-Portugal-768x436.jpg 768w\" sizes=\"auto, (max-width: 1024px) 100vw, 1024px\" \/><\/strong><\/p>\n<p><strong>Gra\u00e7as a esta nova colabora\u00e7\u00e3o, a <a href=\"https:\/\/luzdeairbag.com\/en\" target=\"_blank\" rel=\"noopener\">LuzDeAirbag<\/a> vai alargar a sua oferta de diagn\u00f3stico e entrar na \u00e1rea dos pesados, agr\u00edcola, m\u00e1quinas de constru\u00e7\u00e3o, m\u00e1quinas industriais e n\u00e1utica<\/strong><\/p>\n<p>Sobre esta nova parceria como distribuidor da <a href=\"https:\/\/www.jaltest.com\/pt\/\" target=\"_blank\" rel=\"noopener\">Jaltest<\/a> em Portugal, Jo\u00e3o Silva, CEO da LuzDeAirbag, comenta: &#8220;A grande vantagem para o cliente, \u00e9 o facto do nosso suporte t\u00e9cnico altamente especializado conseguir tamb\u00e9m dar apoio a este novo equipamento. Ou seja, aquilo que j\u00e1 existe na Autel ser\u00e1 replicado na Jaltest&#8221;.<\/p>\n<p>E acrescenta: &#8220;Porque em boa verdade, para tirar o m\u00e1ximo partido de um equipamento \u00e9 necess\u00e1rio ter um apoio\/forma\u00e7\u00e3o constante sobre o mesmo. E \u00e9 a\u00ed que a equipa da LDAIRBAG LDA faz toda a diferen\u00e7a&#8221;.<\/p>\n<p>Ao ampliar a sua gama de solu\u00e7\u00f5es, a LuzDeAirbag aposta nas melhores tecnologias de diagn\u00f3stico dispon\u00edveis no mercado global. Em conjunto com as ferramentas SPTools, que s\u00e3o &#8220;uma excelente solu\u00e7\u00e3o para o mundo dos ligeiros como para o mundo dos pesados&#8221; gra\u00e7as \u00e0 sua &#8220;robustez e qualidade de fabrico&#8221;, refere.<\/p>\n<p>Al\u00e9m disso, esta nova parceria vai permitir alargar a sua oferta de diagn\u00f3stico, e entrar em \u00e1reas como: pesados, agr\u00edcola, m\u00e1quinas de constru\u00e7\u00e3o, m\u00e1quinas industriais e n\u00e1utica.<\/p>\n<p>&#8220;A LDARIBAG LDA tem apenas um foco, oferecer as melhores solu\u00e7\u00f5es aos clientes. Os equipamentos mais robustos e eficazes para garantir clientes satisfeitos durante muitos anos&#8221;, conclui.<\/p>\n","protected":false},"excerpt":{"rendered":"<p>Gra\u00e7as a esta nova colabora\u00e7\u00e3o, a&#8230;<\/p>\n","protected":false},"author":15,"featured_media":95606,"comment_status":"closed","ping_status":"closed","sticky":false,"template":"","format":"standard","meta":{"footnotes":""},"categories":[29],"tags":[230,1642,7908,11460,3217,5804,466],"class_list":["post-95600","post","type-post","status-publish","format-standard","has-post-thumbnail","hentry","category-empresas","tag-jaltest","tag-luzdeairbag","tag-novo-equipamento","tag-oferta-de-diagnostico","tag-parceria","tag-suporte-tecnico","tag-veiculos-pesados"],"yoast_head":"<!-- This site is optimized with the Yoast SEO plugin v27.4 - https:\/\/yoast.com\/product\/yoast-seo-wordpress\/ -->\n<title>LuzDeAirbag \u00e9 distribuidora da Jaltest em Portugal - Jornal das Oficinas<\/title>\n<meta name=\"description\" content=\"Gra\u00e7as a esta nova colabora\u00e7\u00e3o, a LuzDeAirbag vai alargar a sua oferta de diagn\u00f3stico e entrar na \u00e1rea dos pesados\" \/>\n<meta name=\"robots\" content=\"index, follow, max-snippet:-1, max-image-preview:large, max-video-preview:-1\" \/>\n<link rel=\"canonical\" href=\"https:\/\/jornaldasoficinas.com\/pt\/luzdeairbag-e-distribuidora-da-jaltest-em-portugal\/\" \/>\n<meta property=\"og:locale\" content=\"pt_PT\" \/>\n<meta property=\"og:type\" content=\"article\" \/>\n<meta property=\"og:title\" content=\"LuzDeAirbag \u00e9 distribuidora da Jaltest em Portugal - Jornal das Oficinas\" \/>\n<meta property=\"og:description\" content=\"Gra\u00e7as a esta nova colabora\u00e7\u00e3o, a LuzDeAirbag vai alargar a sua oferta de diagn\u00f3stico e entrar na \u00e1rea dos pesados\" \/>\n<meta property=\"og:url\" content=\"https:\/\/jornaldasoficinas.com\/pt\/luzdeairbag-e-distribuidora-da-jaltest-em-portugal\/\" \/>\n<meta property=\"og:site_name\" content=\"Jornal das Oficinas\" \/>\n<meta property=\"article:publisher\" content=\"https:\/\/www.facebook.com\/jornaloficinas\" \/>\n<meta property=\"article:published_time\" content=\"2024-12-17T11:38:45+00:00\" \/>\n<meta property=\"article:modified_time\" content=\"2024-12-17T11:40:52+00:00\" \/>\n<meta property=\"og:image\" content=\"https:\/\/jornaldasoficinas.com\/pt\/wp-content\/uploads\/2024\/12\/LuzDeAirbag-e-distribuidora-da-Jaltest-em-Portugal.jpg\" \/>\n\t<meta property=\"og:image:width\" content=\"1024\" \/>\n\t<meta property=\"og:image:height\" content=\"581\" \/>\n\t<meta property=\"og:image:type\" content=\"image\/jpeg\" \/>\n<meta name=\"author\" content=\"Reda\u00e7\u00e3o JO\" \/>\n<meta name=\"twitter:card\" content=\"summary_large_image\" \/>\n<meta name=\"twitter:creator\" content=\"@jornaloficinas\" \/>\n<meta name=\"twitter:site\" content=\"@jornaloficinas\" \/>\n<meta name=\"twitter:label1\" content=\"Escrito por\" \/>\n\t<meta name=\"twitter:data1\" content=\"Reda\u00e7\u00e3o JO\" \/>\n\t<meta name=\"twitter:label2\" content=\"Tempo estimado de leitura\" \/>\n\t<meta name=\"twitter:data2\" content=\"2 minutos\" \/>\n<script type=\"application\/ld+json\" class=\"yoast-schema-graph\">{\"@context\":\"https:\\\/\\\/schema.org\",\"@graph\":[{\"@type\":\"Article\",\"@id\":\"https:\\\/\\\/jornaldasoficinas.com\\\/pt\\\/luzdeairbag-e-distribuidora-da-jaltest-em-portugal\\\/#article\",\"isPartOf\":{\"@id\":\"https:\\\/\\\/jornaldasoficinas.com\\\/pt\\\/luzdeairbag-e-distribuidora-da-jaltest-em-portugal\\\/\"},\"author\":{\"name\":\"Reda\u00e7\u00e3o JO\",\"@id\":\"https:\\\/\\\/jornaldasoficinas.com\\\/pt\\\/#\\\/schema\\\/person\\\/a38eef5de2c41d9e7c9ac10141afddf3\"},\"headline\":\"LuzDeAirbag \u00e9 distribuidora da Jaltest em Portugal\",\"datePublished\":\"2024-12-17T11:38:45+00:00\",\"dateModified\":\"2024-12-17T11:40:52+00:00\",\"mainEntityOfPage\":{\"@id\":\"https:\\\/\\\/jornaldasoficinas.com\\\/pt\\\/luzdeairbag-e-distribuidora-da-jaltest-em-portugal\\\/\"},\"wordCount\":251,\"publisher\":{\"@id\":\"https:\\\/\\\/jornaldasoficinas.com\\\/pt\\\/#organization\"},\"image\":{\"@id\":\"https:\\\/\\\/jornaldasoficinas.com\\\/pt\\\/luzdeairbag-e-distribuidora-da-jaltest-em-portugal\\\/#primaryimage\"},\"thumbnailUrl\":\"https:\\\/\\\/jornaldasoficinas.com\\\/pt\\\/wp-content\\\/uploads\\\/2024\\\/12\\\/LuzDeAirbag-e-distribuidora-da-Jaltest-em-Portugal.jpg\",\"keywords\":[\"Jaltest\",\"LuzDeAirbag\",\"novo equipamento\",\"oferta de diagn\u00f3stico\",\"Parceria\",\"Suporte T\u00e9cnico\",\"Ve\u00edculos Pesados\"],\"articleSection\":[\"Empresas\"],\"inLanguage\":\"pt-PT\"},{\"@type\":\"WebPage\",\"@id\":\"https:\\\/\\\/jornaldasoficinas.com\\\/pt\\\/luzdeairbag-e-distribuidora-da-jaltest-em-portugal\\\/\",\"url\":\"https:\\\/\\\/jornaldasoficinas.com\\\/pt\\\/luzdeairbag-e-distribuidora-da-jaltest-em-portugal\\\/\",\"name\":\"LuzDeAirbag \u00e9 distribuidora da Jaltest em Portugal - Jornal das Oficinas\",\"isPartOf\":{\"@id\":\"https:\\\/\\\/jornaldasoficinas.com\\\/pt\\\/#website\"},\"primaryImageOfPage\":{\"@id\":\"https:\\\/\\\/jornaldasoficinas.com\\\/pt\\\/luzdeairbag-e-distribuidora-da-jaltest-em-portugal\\\/#primaryimage\"},\"image\":{\"@id\":\"https:\\\/\\\/jornaldasoficinas.com\\\/pt\\\/luzdeairbag-e-distribuidora-da-jaltest-em-portugal\\\/#primaryimage\"},\"thumbnailUrl\":\"https:\\\/\\\/jornaldasoficinas.com\\\/pt\\\/wp-content\\\/uploads\\\/2024\\\/12\\\/LuzDeAirbag-e-distribuidora-da-Jaltest-em-Portugal.jpg\",\"datePublished\":\"2024-12-17T11:38:45+00:00\",\"dateModified\":\"2024-12-17T11:40:52+00:00\",\"description\":\"Gra\u00e7as a esta nova colabora\u00e7\u00e3o, a LuzDeAirbag vai alargar a sua oferta de diagn\u00f3stico e entrar na \u00e1rea dos pesados\",\"breadcrumb\":{\"@id\":\"https:\\\/\\\/jornaldasoficinas.com\\\/pt\\\/luzdeairbag-e-distribuidora-da-jaltest-em-portugal\\\/#breadcrumb\"},\"inLanguage\":\"pt-PT\",\"potentialAction\":[{\"@type\":\"ReadAction\",\"target\":[\"https:\\\/\\\/jornaldasoficinas.com\\\/pt\\\/luzdeairbag-e-distribuidora-da-jaltest-em-portugal\\\/\"]}]},{\"@type\":\"ImageObject\",\"inLanguage\":\"pt-PT\",\"@id\":\"https:\\\/\\\/jornaldasoficinas.com\\\/pt\\\/luzdeairbag-e-distribuidora-da-jaltest-em-portugal\\\/#primaryimage\",\"url\":\"https:\\\/\\\/jornaldasoficinas.com\\\/pt\\\/wp-content\\\/uploads\\\/2024\\\/12\\\/LuzDeAirbag-e-distribuidora-da-Jaltest-em-Portugal.jpg\",\"contentUrl\":\"https:\\\/\\\/jornaldasoficinas.com\\\/pt\\\/wp-content\\\/uploads\\\/2024\\\/12\\\/LuzDeAirbag-e-distribuidora-da-Jaltest-em-Portugal.jpg\",\"width\":1024,\"height\":581,\"caption\":\"12 - LuzDeAirbag e distribuidora da Jaltest em Portugal\"},{\"@type\":\"BreadcrumbList\",\"@id\":\"https:\\\/\\\/jornaldasoficinas.com\\\/pt\\\/luzdeairbag-e-distribuidora-da-jaltest-em-portugal\\\/#breadcrumb\",\"itemListElement\":[{\"@type\":\"ListItem\",\"position\":1,\"name\":\"In\u00edcio\",\"item\":\"https:\\\/\\\/jornaldasoficinas.com\\\/pt\\\/\"},{\"@type\":\"ListItem\",\"position\":2,\"name\":\"LuzDeAirbag \u00e9 distribuidora da Jaltest em Portugal\"}]},{\"@type\":\"WebSite\",\"@id\":\"https:\\\/\\\/jornaldasoficinas.com\\\/pt\\\/#website\",\"url\":\"https:\\\/\\\/jornaldasoficinas.com\\\/pt\\\/\",\"name\":\"Jornal das Oficinas\",\"description\":\"Jornal independente do Aftermarket Autom\u00f3vel em Portugal\",\"publisher\":{\"@id\":\"https:\\\/\\\/jornaldasoficinas.com\\\/pt\\\/#organization\"},\"potentialAction\":[{\"@type\":\"SearchAction\",\"target\":{\"@type\":\"EntryPoint\",\"urlTemplate\":\"https:\\\/\\\/jornaldasoficinas.com\\\/pt\\\/?s={search_term_string}\"},\"query-input\":{\"@type\":\"PropertyValueSpecification\",\"valueRequired\":true,\"valueName\":\"search_term_string\"}}],\"inLanguage\":\"pt-PT\"},{\"@type\":\"Organization\",\"@id\":\"https:\\\/\\\/jornaldasoficinas.com\\\/pt\\\/#organization\",\"name\":\"Jornal das Oficinas\",\"url\":\"https:\\\/\\\/jornaldasoficinas.com\\\/pt\\\/\",\"logo\":{\"@type\":\"ImageObject\",\"inLanguage\":\"pt-PT\",\"@id\":\"https:\\\/\\\/jornaldasoficinas.com\\\/pt\\\/#\\\/schema\\\/logo\\\/image\\\/\",\"url\":\"https:\\\/\\\/jornaldasoficinas.com\\\/pt\\\/wp-content\\\/uploads\\\/logoJO-SEO.png\",\"contentUrl\":\"https:\\\/\\\/jornaldasoficinas.com\\\/pt\\\/wp-content\\\/uploads\\\/logoJO-SEO.png\",\"width\":285,\"height\":450,\"caption\":\"Jornal das Oficinas\"},\"image\":{\"@id\":\"https:\\\/\\\/jornaldasoficinas.com\\\/pt\\\/#\\\/schema\\\/logo\\\/image\\\/\"},\"sameAs\":[\"https:\\\/\\\/www.facebook.com\\\/jornaloficinas\",\"https:\\\/\\\/x.com\\\/jornaloficinas\",\"https:\\\/\\\/www.instagram.com\\\/jornal_oficinas\\\/\",\"https:\\\/\\\/www.linkedin.com\\\/company\\\/jornal-das-oficinas\\\/\",\"https:\\\/\\\/www.youtube.com\\\/channel\\\/UCbQZBqtcvV-oSQrr7RzINGg\"]},{\"@type\":\"Person\",\"@id\":\"https:\\\/\\\/jornaldasoficinas.com\\\/pt\\\/#\\\/schema\\\/person\\\/a38eef5de2c41d9e7c9ac10141afddf3\",\"name\":\"Reda\u00e7\u00e3o JO\",\"image\":{\"@type\":\"ImageObject\",\"inLanguage\":\"pt-PT\",\"@id\":\"https:\\\/\\\/secure.gravatar.com\\\/avatar\\\/71f2fa71737ad68a84fea94bc708ddac8ea5b0c4788dc2ad202f3ccb2887742f?s=96&d=wp_user_avatar&r=g\",\"url\":\"https:\\\/\\\/secure.gravatar.com\\\/avatar\\\/71f2fa71737ad68a84fea94bc708ddac8ea5b0c4788dc2ad202f3ccb2887742f?s=96&d=wp_user_avatar&r=g\",\"contentUrl\":\"https:\\\/\\\/secure.gravatar.com\\\/avatar\\\/71f2fa71737ad68a84fea94bc708ddac8ea5b0c4788dc2ad202f3ccb2887742f?s=96&d=wp_user_avatar&r=g\",\"caption\":\"Reda\u00e7\u00e3o JO\"},\"url\":\"https:\\\/\\\/jornaldasoficinas.com\\\/pt\\\/author\\\/joredacao\\\/\"}]}<\/script>\n<!-- \/ Yoast SEO plugin. -->","yoast_head_json":{"title":"LuzDeAirbag \u00e9 distribuidora da Jaltest em Portugal - Jornal das Oficinas","description":"Gra\u00e7as a esta nova colabora\u00e7\u00e3o, a LuzDeAirbag vai alargar a sua oferta de diagn\u00f3stico e entrar na \u00e1rea dos pesados","robots":{"index":"index","follow":"follow","max-snippet":"max-snippet:-1","max-image-preview":"max-image-preview:large","max-video-preview":"max-video-preview:-1"},"canonical":"https:\/\/jornaldasoficinas.com\/pt\/luzdeairbag-e-distribuidora-da-jaltest-em-portugal\/","og_locale":"pt_PT","og_type":"article","og_title":"LuzDeAirbag \u00e9 distribuidora da Jaltest em Portugal - Jornal das Oficinas","og_description":"Gra\u00e7as a esta nova colabora\u00e7\u00e3o, a LuzDeAirbag vai alargar a sua oferta de diagn\u00f3stico e entrar na \u00e1rea dos pesados","og_url":"https:\/\/jornaldasoficinas.com\/pt\/luzdeairbag-e-distribuidora-da-jaltest-em-portugal\/","og_site_name":"Jornal das Oficinas","article_publisher":"https:\/\/www.facebook.com\/jornaloficinas","article_published_time":"2024-12-17T11:38:45+00:00","article_modified_time":"2024-12-17T11:40:52+00:00","og_image":[{"width":1024,"height":581,"url":"https:\/\/jornaldasoficinas.com\/pt\/wp-content\/uploads\/2024\/12\/LuzDeAirbag-e-distribuidora-da-Jaltest-em-Portugal.jpg","type":"image\/jpeg"}],"author":"Reda\u00e7\u00e3o JO","twitter_card":"summary_large_image","twitter_creator":"@jornaloficinas","twitter_site":"@jornaloficinas","twitter_misc":{"Escrito por":"Reda\u00e7\u00e3o JO","Tempo estimado de leitura":"2 minutos"},"schema":{"@context":"https:\/\/schema.org","@graph":[{"@type":"Article","@id":"https:\/\/jornaldasoficinas.com\/pt\/luzdeairbag-e-distribuidora-da-jaltest-em-portugal\/#article","isPartOf":{"@id":"https:\/\/jornaldasoficinas.com\/pt\/luzdeairbag-e-distribuidora-da-jaltest-em-portugal\/"},"author":{"name":"Reda\u00e7\u00e3o JO","@id":"https:\/\/jornaldasoficinas.com\/pt\/#\/schema\/person\/a38eef5de2c41d9e7c9ac10141afddf3"},"headline":"LuzDeAirbag \u00e9 distribuidora da Jaltest em Portugal","datePublished":"2024-12-17T11:38:45+00:00","dateModified":"2024-12-17T11:40:52+00:00","mainEntityOfPage":{"@id":"https:\/\/jornaldasoficinas.com\/pt\/luzdeairbag-e-distribuidora-da-jaltest-em-portugal\/"},"wordCount":251,"publisher":{"@id":"https:\/\/jornaldasoficinas.com\/pt\/#organization"},"image":{"@id":"https:\/\/jornaldasoficinas.com\/pt\/luzdeairbag-e-distribuidora-da-jaltest-em-portugal\/#primaryimage"},"thumbnailUrl":"https:\/\/jornaldasoficinas.com\/pt\/wp-content\/uploads\/2024\/12\/LuzDeAirbag-e-distribuidora-da-Jaltest-em-Portugal.jpg","keywords":["Jaltest","LuzDeAirbag","novo equipamento","oferta de diagn\u00f3stico","Parceria","Suporte T\u00e9cnico","Ve\u00edculos Pesados"],"articleSection":["Empresas"],"inLanguage":"pt-PT"},{"@type":"WebPage","@id":"https:\/\/jornaldasoficinas.com\/pt\/luzdeairbag-e-distribuidora-da-jaltest-em-portugal\/","url":"https:\/\/jornaldasoficinas.com\/pt\/luzdeairbag-e-distribuidora-da-jaltest-em-portugal\/","name":"LuzDeAirbag \u00e9 distribuidora da Jaltest em Portugal - Jornal das Oficinas","isPartOf":{"@id":"https:\/\/jornaldasoficinas.com\/pt\/#website"},"primaryImageOfPage":{"@id":"https:\/\/jornaldasoficinas.com\/pt\/luzdeairbag-e-distribuidora-da-jaltest-em-portugal\/#primaryimage"},"image":{"@id":"https:\/\/jornaldasoficinas.com\/pt\/luzdeairbag-e-distribuidora-da-jaltest-em-portugal\/#primaryimage"},"thumbnailUrl":"https:\/\/jornaldasoficinas.com\/pt\/wp-content\/uploads\/2024\/12\/LuzDeAirbag-e-distribuidora-da-Jaltest-em-Portugal.jpg","datePublished":"2024-12-17T11:38:45+00:00","dateModified":"2024-12-17T11:40:52+00:00","description":"Gra\u00e7as a esta nova colabora\u00e7\u00e3o, a LuzDeAirbag vai alargar a sua oferta de diagn\u00f3stico e entrar na \u00e1rea dos pesados","breadcrumb":{"@id":"https:\/\/jornaldasoficinas.com\/pt\/luzdeairbag-e-distribuidora-da-jaltest-em-portugal\/#breadcrumb"},"inLanguage":"pt-PT","potentialAction":[{"@type":"ReadAction","target":["https:\/\/jornaldasoficinas.com\/pt\/luzdeairbag-e-distribuidora-da-jaltest-em-portugal\/"]}]},{"@type":"ImageObject","inLanguage":"pt-PT","@id":"https:\/\/jornaldasoficinas.com\/pt\/luzdeairbag-e-distribuidora-da-jaltest-em-portugal\/#primaryimage","url":"https:\/\/jornaldasoficinas.com\/pt\/wp-content\/uploads\/2024\/12\/LuzDeAirbag-e-distribuidora-da-Jaltest-em-Portugal.jpg","contentUrl":"https:\/\/jornaldasoficinas.com\/pt\/wp-content\/uploads\/2024\/12\/LuzDeAirbag-e-distribuidora-da-Jaltest-em-Portugal.jpg","width":1024,"height":581,"caption":"12 - LuzDeAirbag e distribuidora da Jaltest em Portugal"},{"@type":"BreadcrumbList","@id":"https:\/\/jornaldasoficinas.com\/pt\/luzdeairbag-e-distribuidora-da-jaltest-em-portugal\/#breadcrumb","itemListElement":[{"@type":"ListItem","position":1,"name":"In\u00edcio","item":"https:\/\/jornaldasoficinas.com\/pt\/"},{"@type":"ListItem","position":2,"name":"LuzDeAirbag \u00e9 distribuidora da Jaltest em Portugal"}]},{"@type":"WebSite","@id":"https:\/\/jornaldasoficinas.com\/pt\/#website","url":"https:\/\/jornaldasoficinas.com\/pt\/","name":"Jornal das Oficinas","description":"Jornal independente do Aftermarket Autom\u00f3vel em Portugal","publisher":{"@id":"https:\/\/jornaldasoficinas.com\/pt\/#organization"},"potentialAction":[{"@type":"SearchAction","target":{"@type":"EntryPoint","urlTemplate":"https:\/\/jornaldasoficinas.com\/pt\/?s={search_term_string}"},"query-input":{"@type":"PropertyValueSpecification","valueRequired":true,"valueName":"search_term_string"}}],"inLanguage":"pt-PT"},{"@type":"Organization","@id":"https:\/\/jornaldasoficinas.com\/pt\/#organization","name":"Jornal das Oficinas","url":"https:\/\/jornaldasoficinas.com\/pt\/","logo":{"@type":"ImageObject","inLanguage":"pt-PT","@id":"https:\/\/jornaldasoficinas.com\/pt\/#\/schema\/logo\/image\/","url":"https:\/\/jornaldasoficinas.com\/pt\/wp-content\/uploads\/logoJO-SEO.png","contentUrl":"https:\/\/jornaldasoficinas.com\/pt\/wp-content\/uploads\/logoJO-SEO.png","width":285,"height":450,"caption":"Jornal das Oficinas"},"image":{"@id":"https:\/\/jornaldasoficinas.com\/pt\/#\/schema\/logo\/image\/"},"sameAs":["https:\/\/www.facebook.com\/jornaloficinas","https:\/\/x.com\/jornaloficinas","https:\/\/www.instagram.com\/jornal_oficinas\/","https:\/\/www.linkedin.com\/company\/jornal-das-oficinas\/","https:\/\/www.youtube.com\/channel\/UCbQZBqtcvV-oSQrr7RzINGg"]},{"@type":"Person","@id":"https:\/\/jornaldasoficinas.com\/pt\/#\/schema\/person\/a38eef5de2c41d9e7c9ac10141afddf3","name":"Reda\u00e7\u00e3o JO","image":{"@type":"ImageObject","inLanguage":"pt-PT","@id":"https:\/\/secure.gravatar.com\/avatar\/71f2fa71737ad68a84fea94bc708ddac8ea5b0c4788dc2ad202f3ccb2887742f?s=96&d=wp_user_avatar&r=g","url":"https:\/\/secure.gravatar.com\/avatar\/71f2fa71737ad68a84fea94bc708ddac8ea5b0c4788dc2ad202f3ccb2887742f?s=96&d=wp_user_avatar&r=g","contentUrl":"https:\/\/secure.gravatar.com\/avatar\/71f2fa71737ad68a84fea94bc708ddac8ea5b0c4788dc2ad202f3ccb2887742f?s=96&d=wp_user_avatar&r=g","caption":"Reda\u00e7\u00e3o JO"},"url":"https:\/\/jornaldasoficinas.com\/pt\/author\/joredacao\/"}]}},"_links":{"self":[{"href":"https:\/\/jornaldasoficinas.com\/pt\/wp-json\/wp\/v2\/posts\/95600","targetHints":{"allow":["GET"]}}],"collection":[{"href":"https:\/\/jornaldasoficinas.com\/pt\/wp-json\/wp\/v2\/posts"}],"about":[{"href":"https:\/\/jornaldasoficinas.com\/pt\/wp-json\/wp\/v2\/types\/post"}],"author":[{"embeddable":true,"href":"https:\/\/jornaldasoficinas.com\/pt\/wp-json\/wp\/v2\/users\/15"}],"replies":[{"embeddable":true,"href":"https:\/\/jornaldasoficinas.com\/pt\/wp-json\/wp\/v2\/comments?post=95600"}],"version-history":[{"count":8,"href":"https:\/\/jornaldasoficinas.com\/pt\/wp-json\/wp\/v2\/posts\/95600\/revisions"}],"predecessor-version":[{"id":95613,"href":"https:\/\/jornaldasoficinas.com\/pt\/wp-json\/wp\/v2\/posts\/95600\/revisions\/95613"}],"wp:featuredmedia":[{"embeddable":true,"href":"https:\/\/jornaldasoficinas.com\/pt\/wp-json\/wp\/v2\/media\/95606"}],"wp:attachment":[{"href":"https:\/\/jornaldasoficinas.com\/pt\/wp-json\/wp\/v2\/media?parent=95600"}],"wp:term":[{"taxonomy":"category","embeddable":true,"href":"https:\/\/jornaldasoficinas.com\/pt\/wp-json\/wp\/v2\/categories?post=95600"},{"taxonomy":"post_tag","embeddable":true,"href":"https:\/\/jornaldasoficinas.com\/pt\/wp-json\/wp\/v2\/tags?post=95600"}],"curies":[{"name":"wp","href":"https:\/\/api.w.org\/{rel}","templated":true}]}}