{"id":95679,"date":"2024-12-20T08:00:16","date_gmt":"2024-12-20T08:00:16","guid":{"rendered":"https:\/\/jornaldasoficinas.com\/pt\/?p=95679"},"modified":"2024-12-18T13:59:46","modified_gmt":"2024-12-18T13:59:46","slug":"fundacao-gramaxo-e-go-charge-criam-parceria","status":"publish","type":"post","link":"https:\/\/jornaldasoficinas.com\/pt\/fundacao-gramaxo-e-go-charge-criam-parceria\/","title":{"rendered":"Funda\u00e7\u00e3o Gramaxo e Go.Charge criam parceria"},"content":{"rendered":"<p><strong><img loading=\"lazy\" decoding=\"async\" class=\"alignnone size-full wp-image-95690\" src=\"https:\/\/jornaldasoficinas.com\/pt\/wp-content\/uploads\/2024\/12\/Fundacao-Gramaxo-e-Go.Charge-criam-parceria.jpg\" alt=\"12 - Fundacao Gramaxo e Go.Charge criam parceria\" width=\"1024\" height=\"581\" srcset=\"https:\/\/jornaldasoficinas.com\/pt\/wp-content\/uploads\/2024\/12\/Fundacao-Gramaxo-e-Go.Charge-criam-parceria.jpg 1024w, https:\/\/jornaldasoficinas.com\/pt\/wp-content\/uploads\/2024\/12\/Fundacao-Gramaxo-e-Go.Charge-criam-parceria-300x170.jpg 300w, https:\/\/jornaldasoficinas.com\/pt\/wp-content\/uploads\/2024\/12\/Fundacao-Gramaxo-e-Go.Charge-criam-parceria-150x85.jpg 150w, https:\/\/jornaldasoficinas.com\/pt\/wp-content\/uploads\/2024\/12\/Fundacao-Gramaxo-e-Go.Charge-criam-parceria-768x436.jpg 768w\" sizes=\"auto, (max-width: 1024px) 100vw, 1024px\" \/><\/strong><\/p>\n<p><strong>A <a href=\"https:\/\/www.fundacaogramaxo.com\/\" target=\"_blank\" rel=\"noopener\">Funda\u00e7\u00e3o Gramaxo<\/a> e a<a href=\"https:\/\/www.gocharge.pt\/pt\/\" target=\"_blank\" rel=\"noopener\"> Go.Charge<\/a> formalizaram uma parceria estrat\u00e9gica para criar novos espa\u00e7os de carregamento el\u00e9trico acess\u00edveis a todos visitantes<\/strong><\/p>\n<p>A Funda\u00e7\u00e3o Gramaxo disp\u00f5e, agora, de novos pontos de carregamento el\u00e9trico nas suas instala\u00e7\u00f5es, na Quinta da Boa-Vista, na Maia, oferecendo aos visitantes uma solu\u00e7\u00e3o pr\u00e1tica e eficiente para carregar os seus ve\u00edculos el\u00e9tricos enquanto desfrutam de um vasto leque de atividades culturais e de lazer.<\/p>\n<p>&#8220;Estamos muito entusiasmados com esta parceria, que n\u00e3o s\u00f3 refor\u00e7a o compromisso da Go.Charge com a expans\u00e3o da rede de carregamento el\u00e9trica, mas tamb\u00e9m com a sustentabilidade em espa\u00e7os culturais de refer\u00eancia. A Funda\u00e7\u00e3o Gramaxo \u00e9 um exemplo de como a arte, a cultura e a tecnologia podem coexistir para criar um impacto positivo na sociedade&#8221;, afirmou Ricardo Soares, diretor da unidade de neg\u00f3cio da Go.Charge.<\/p>\n<p>A Funda\u00e7\u00e3o Gramaxo, reconhecida pelo seu trabalho em prol da promo\u00e7\u00e3o da arte, arquitetura e pensamento cr\u00edtico, d\u00e1 assim mais um passo na sua miss\u00e3o de contribuir para a qualidade de vida e preserva\u00e7\u00e3o ambiental. O espa\u00e7o, que preserva a antiga Zona Rural e inclui um museu e um grande parque, adota agora infraestruturas de carregamento el\u00e9trico, integrando a mobilidade sustent\u00e1vel no seu ambiente cultural.<\/p>\n<p>&#8220;Este \u00e9 um momento marcante para a Funda\u00e7\u00e3o Gramaxo. A instala\u00e7\u00e3o destes pontos de carregamento reflete o nosso compromisso com pr\u00e1ticas ecol\u00f3gicas e a ado\u00e7\u00e3o de solu\u00e7\u00f5es tecnol\u00f3gicas que beneficiam os nossos visitantes e o meio ambiente. Estamos muito satisfeitos com esta colabora\u00e7\u00e3o com a Go.Charge, uma empresa que partilha os nossos valores de inova\u00e7\u00e3o e sustentabilidade&#8221;, destacou Jorge Gramaxo, presidente da Funda\u00e7\u00e3o Gramaxo.<\/p>\n<p>&#8220;Com esta iniciativa, a Go.Charge reafirma a sua miss\u00e3o de democratizar a mobilidade el\u00e9trica, alargando a acessibilidade a infraestruturas de carregamento em locais emblem\u00e1ticos e promovendo um futuro mais sustent\u00e1vel para todos&#8221;, concluiu o mesmo documento.<\/p>\n","protected":false},"excerpt":{"rendered":"<p>A Funda\u00e7\u00e3o Gramaxo e a Go.Charge&#8230;<\/p>\n","protected":false},"author":15,"featured_media":95690,"comment_status":"closed","ping_status":"closed","sticky":false,"template":"","format":"standard","meta":{"footnotes":""},"categories":[29],"tags":[3220,11485,6395,11484,4190,1767,89],"class_list":["post-95679","post","type-post","status-publish","format-standard","has-post-thumbnail","hentry","category-empresas","tag-carregamento-eletrico","tag-fundacao-gramaxo","tag-go-charge","tag-novos-espacos","tag-parceria-estrategica","tag-sustentabilidade","tag-veiculos-eletricos"],"yoast_head":"<!-- This site is optimized with the Yoast SEO plugin v27.5 - https:\/\/yoast.com\/product\/yoast-seo-wordpress\/ -->\n<title>Funda\u00e7\u00e3o Gramaxo e Go.Charge criam parceria - Jornal das Oficinas % %<\/title>\n<meta name=\"description\" content=\"A Funda\u00e7\u00e3o Gramaxo e a Go.Charge formalizaram uma parceria estrat\u00e9gica para criar novos espa\u00e7os de carregamento el\u00e9trico acess\u00edveis\" \/>\n<meta name=\"robots\" content=\"index, follow, max-snippet:-1, max-image-preview:large, max-video-preview:-1\" \/>\n<link rel=\"canonical\" href=\"https:\/\/jornaldasoficinas.com\/pt\/fundacao-gramaxo-e-go-charge-criam-parceria\/\" \/>\n<meta property=\"og:locale\" content=\"pt_PT\" \/>\n<meta property=\"og:type\" content=\"article\" \/>\n<meta property=\"og:title\" content=\"Funda\u00e7\u00e3o Gramaxo e Go.Charge criam parceria - Jornal das Oficinas % %\" \/>\n<meta property=\"og:description\" content=\"A Funda\u00e7\u00e3o Gramaxo e a Go.Charge formalizaram uma parceria estrat\u00e9gica para criar novos espa\u00e7os de carregamento el\u00e9trico acess\u00edveis\" \/>\n<meta property=\"og:url\" content=\"https:\/\/jornaldasoficinas.com\/pt\/fundacao-gramaxo-e-go-charge-criam-parceria\/\" \/>\n<meta property=\"og:site_name\" content=\"Jornal das Oficinas\" \/>\n<meta property=\"article:publisher\" content=\"https:\/\/www.facebook.com\/jornaloficinas\" \/>\n<meta property=\"article:published_time\" content=\"2024-12-20T08:00:16+00:00\" \/>\n<meta property=\"og:image\" content=\"https:\/\/jornaldasoficinas.com\/pt\/wp-content\/uploads\/2024\/12\/Fundacao-Gramaxo-e-Go.Charge-criam-parceria.jpg\" \/>\n\t<meta property=\"og:image:width\" content=\"1024\" \/>\n\t<meta property=\"og:image:height\" content=\"581\" \/>\n\t<meta property=\"og:image:type\" content=\"image\/jpeg\" \/>\n<meta name=\"author\" content=\"Reda\u00e7\u00e3o JO\" \/>\n<meta name=\"twitter:card\" content=\"summary_large_image\" \/>\n<meta name=\"twitter:creator\" content=\"@jornaloficinas\" \/>\n<meta name=\"twitter:site\" content=\"@jornaloficinas\" \/>\n<meta name=\"twitter:label1\" content=\"Escrito por\" \/>\n\t<meta name=\"twitter:data1\" content=\"Reda\u00e7\u00e3o JO\" \/>\n\t<meta name=\"twitter:label2\" content=\"Tempo estimado de leitura\" \/>\n\t<meta name=\"twitter:data2\" content=\"3 minutos\" \/>\n<script type=\"application\/ld+json\" class=\"yoast-schema-graph\">{\"@context\":\"https:\\\/\\\/schema.org\",\"@graph\":[{\"@type\":\"Article\",\"@id\":\"https:\\\/\\\/jornaldasoficinas.com\\\/pt\\\/fundacao-gramaxo-e-go-charge-criam-parceria\\\/#article\",\"isPartOf\":{\"@id\":\"https:\\\/\\\/jornaldasoficinas.com\\\/pt\\\/fundacao-gramaxo-e-go-charge-criam-parceria\\\/\"},\"author\":{\"name\":\"Reda\u00e7\u00e3o JO\",\"@id\":\"https:\\\/\\\/jornaldasoficinas.com\\\/pt\\\/#\\\/schema\\\/person\\\/a38eef5de2c41d9e7c9ac10141afddf3\"},\"headline\":\"Funda\u00e7\u00e3o Gramaxo e Go.Charge criam parceria\",\"datePublished\":\"2024-12-20T08:00:16+00:00\",\"mainEntityOfPage\":{\"@id\":\"https:\\\/\\\/jornaldasoficinas.com\\\/pt\\\/fundacao-gramaxo-e-go-charge-criam-parceria\\\/\"},\"wordCount\":353,\"publisher\":{\"@id\":\"https:\\\/\\\/jornaldasoficinas.com\\\/pt\\\/#organization\"},\"image\":{\"@id\":\"https:\\\/\\\/jornaldasoficinas.com\\\/pt\\\/fundacao-gramaxo-e-go-charge-criam-parceria\\\/#primaryimage\"},\"thumbnailUrl\":\"https:\\\/\\\/jornaldasoficinas.com\\\/pt\\\/wp-content\\\/uploads\\\/2024\\\/12\\\/Fundacao-Gramaxo-e-Go.Charge-criam-parceria.jpg\",\"keywords\":[\"carregamento el\u00e9trico\",\"Funda\u00e7\u00e3o Gramaxo\",\"Go.Charge\",\"novos espa\u00e7os\",\"Parceria Estrat\u00e9gica\",\"Sustentabilidade\",\"Ve\u00edculos el\u00e9tricos\"],\"articleSection\":[\"Empresas\"],\"inLanguage\":\"pt-PT\"},{\"@type\":\"WebPage\",\"@id\":\"https:\\\/\\\/jornaldasoficinas.com\\\/pt\\\/fundacao-gramaxo-e-go-charge-criam-parceria\\\/\",\"url\":\"https:\\\/\\\/jornaldasoficinas.com\\\/pt\\\/fundacao-gramaxo-e-go-charge-criam-parceria\\\/\",\"name\":\"Funda\u00e7\u00e3o Gramaxo e Go.Charge criam parceria - Jornal das Oficinas % %\",\"isPartOf\":{\"@id\":\"https:\\\/\\\/jornaldasoficinas.com\\\/pt\\\/#website\"},\"primaryImageOfPage\":{\"@id\":\"https:\\\/\\\/jornaldasoficinas.com\\\/pt\\\/fundacao-gramaxo-e-go-charge-criam-parceria\\\/#primaryimage\"},\"image\":{\"@id\":\"https:\\\/\\\/jornaldasoficinas.com\\\/pt\\\/fundacao-gramaxo-e-go-charge-criam-parceria\\\/#primaryimage\"},\"thumbnailUrl\":\"https:\\\/\\\/jornaldasoficinas.com\\\/pt\\\/wp-content\\\/uploads\\\/2024\\\/12\\\/Fundacao-Gramaxo-e-Go.Charge-criam-parceria.jpg\",\"datePublished\":\"2024-12-20T08:00:16+00:00\",\"description\":\"A Funda\u00e7\u00e3o Gramaxo e a Go.Charge formalizaram uma parceria estrat\u00e9gica para criar novos espa\u00e7os de carregamento el\u00e9trico acess\u00edveis\",\"breadcrumb\":{\"@id\":\"https:\\\/\\\/jornaldasoficinas.com\\\/pt\\\/fundacao-gramaxo-e-go-charge-criam-parceria\\\/#breadcrumb\"},\"inLanguage\":\"pt-PT\",\"potentialAction\":[{\"@type\":\"ReadAction\",\"target\":[\"https:\\\/\\\/jornaldasoficinas.com\\\/pt\\\/fundacao-gramaxo-e-go-charge-criam-parceria\\\/\"]}]},{\"@type\":\"ImageObject\",\"inLanguage\":\"pt-PT\",\"@id\":\"https:\\\/\\\/jornaldasoficinas.com\\\/pt\\\/fundacao-gramaxo-e-go-charge-criam-parceria\\\/#primaryimage\",\"url\":\"https:\\\/\\\/jornaldasoficinas.com\\\/pt\\\/wp-content\\\/uploads\\\/2024\\\/12\\\/Fundacao-Gramaxo-e-Go.Charge-criam-parceria.jpg\",\"contentUrl\":\"https:\\\/\\\/jornaldasoficinas.com\\\/pt\\\/wp-content\\\/uploads\\\/2024\\\/12\\\/Fundacao-Gramaxo-e-Go.Charge-criam-parceria.jpg\",\"width\":1024,\"height\":581,\"caption\":\"12 - Fundacao Gramaxo e Go.Charge criam parceria\"},{\"@type\":\"BreadcrumbList\",\"@id\":\"https:\\\/\\\/jornaldasoficinas.com\\\/pt\\\/fundacao-gramaxo-e-go-charge-criam-parceria\\\/#breadcrumb\",\"itemListElement\":[{\"@type\":\"ListItem\",\"position\":1,\"name\":\"In\u00edcio\",\"item\":\"https:\\\/\\\/jornaldasoficinas.com\\\/pt\\\/\"},{\"@type\":\"ListItem\",\"position\":2,\"name\":\"Funda\u00e7\u00e3o Gramaxo e Go.Charge criam parceria\"}]},{\"@type\":\"WebSite\",\"@id\":\"https:\\\/\\\/jornaldasoficinas.com\\\/pt\\\/#website\",\"url\":\"https:\\\/\\\/jornaldasoficinas.com\\\/pt\\\/\",\"name\":\"Jornal das Oficinas\",\"description\":\"Jornal independente do Aftermarket Autom\u00f3vel em Portugal\",\"publisher\":{\"@id\":\"https:\\\/\\\/jornaldasoficinas.com\\\/pt\\\/#organization\"},\"potentialAction\":[{\"@type\":\"SearchAction\",\"target\":{\"@type\":\"EntryPoint\",\"urlTemplate\":\"https:\\\/\\\/jornaldasoficinas.com\\\/pt\\\/?s={search_term_string}\"},\"query-input\":{\"@type\":\"PropertyValueSpecification\",\"valueRequired\":true,\"valueName\":\"search_term_string\"}}],\"inLanguage\":\"pt-PT\"},{\"@type\":\"Organization\",\"@id\":\"https:\\\/\\\/jornaldasoficinas.com\\\/pt\\\/#organization\",\"name\":\"Jornal das Oficinas\",\"url\":\"https:\\\/\\\/jornaldasoficinas.com\\\/pt\\\/\",\"logo\":{\"@type\":\"ImageObject\",\"inLanguage\":\"pt-PT\",\"@id\":\"https:\\\/\\\/jornaldasoficinas.com\\\/pt\\\/#\\\/schema\\\/logo\\\/image\\\/\",\"url\":\"https:\\\/\\\/jornaldasoficinas.com\\\/pt\\\/wp-content\\\/uploads\\\/logoJO-SEO.png\",\"contentUrl\":\"https:\\\/\\\/jornaldasoficinas.com\\\/pt\\\/wp-content\\\/uploads\\\/logoJO-SEO.png\",\"width\":285,\"height\":450,\"caption\":\"Jornal das Oficinas\"},\"image\":{\"@id\":\"https:\\\/\\\/jornaldasoficinas.com\\\/pt\\\/#\\\/schema\\\/logo\\\/image\\\/\"},\"sameAs\":[\"https:\\\/\\\/www.facebook.com\\\/jornaloficinas\",\"https:\\\/\\\/x.com\\\/jornaloficinas\",\"https:\\\/\\\/www.instagram.com\\\/jornal_oficinas\\\/\",\"https:\\\/\\\/www.linkedin.com\\\/company\\\/jornal-das-oficinas\\\/\",\"https:\\\/\\\/www.youtube.com\\\/channel\\\/UCbQZBqtcvV-oSQrr7RzINGg\"]},{\"@type\":\"Person\",\"@id\":\"https:\\\/\\\/jornaldasoficinas.com\\\/pt\\\/#\\\/schema\\\/person\\\/a38eef5de2c41d9e7c9ac10141afddf3\",\"name\":\"Reda\u00e7\u00e3o JO\",\"image\":{\"@type\":\"ImageObject\",\"inLanguage\":\"pt-PT\",\"@id\":\"https:\\\/\\\/secure.gravatar.com\\\/avatar\\\/71f2fa71737ad68a84fea94bc708ddac8ea5b0c4788dc2ad202f3ccb2887742f?s=96&d=wp_user_avatar&r=g\",\"url\":\"https:\\\/\\\/secure.gravatar.com\\\/avatar\\\/71f2fa71737ad68a84fea94bc708ddac8ea5b0c4788dc2ad202f3ccb2887742f?s=96&d=wp_user_avatar&r=g\",\"contentUrl\":\"https:\\\/\\\/secure.gravatar.com\\\/avatar\\\/71f2fa71737ad68a84fea94bc708ddac8ea5b0c4788dc2ad202f3ccb2887742f?s=96&d=wp_user_avatar&r=g\",\"caption\":\"Reda\u00e7\u00e3o JO\"},\"url\":\"https:\\\/\\\/jornaldasoficinas.com\\\/pt\\\/author\\\/joredacao\\\/\"}]}<\/script>\n<!-- \/ Yoast SEO plugin. -->","yoast_head_json":{"title":"Funda\u00e7\u00e3o Gramaxo e Go.Charge criam parceria - Jornal das Oficinas % %","description":"A Funda\u00e7\u00e3o Gramaxo e a Go.Charge formalizaram uma parceria estrat\u00e9gica para criar novos espa\u00e7os de carregamento el\u00e9trico acess\u00edveis","robots":{"index":"index","follow":"follow","max-snippet":"max-snippet:-1","max-image-preview":"max-image-preview:large","max-video-preview":"max-video-preview:-1"},"canonical":"https:\/\/jornaldasoficinas.com\/pt\/fundacao-gramaxo-e-go-charge-criam-parceria\/","og_locale":"pt_PT","og_type":"article","og_title":"Funda\u00e7\u00e3o Gramaxo e Go.Charge criam parceria - Jornal das Oficinas % %","og_description":"A Funda\u00e7\u00e3o Gramaxo e a Go.Charge formalizaram uma parceria estrat\u00e9gica para criar novos espa\u00e7os de carregamento el\u00e9trico acess\u00edveis","og_url":"https:\/\/jornaldasoficinas.com\/pt\/fundacao-gramaxo-e-go-charge-criam-parceria\/","og_site_name":"Jornal das Oficinas","article_publisher":"https:\/\/www.facebook.com\/jornaloficinas","article_published_time":"2024-12-20T08:00:16+00:00","og_image":[{"width":1024,"height":581,"url":"https:\/\/jornaldasoficinas.com\/pt\/wp-content\/uploads\/2024\/12\/Fundacao-Gramaxo-e-Go.Charge-criam-parceria.jpg","type":"image\/jpeg"}],"author":"Reda\u00e7\u00e3o JO","twitter_card":"summary_large_image","twitter_creator":"@jornaloficinas","twitter_site":"@jornaloficinas","twitter_misc":{"Escrito por":"Reda\u00e7\u00e3o JO","Tempo estimado de leitura":"3 minutos"},"schema":{"@context":"https:\/\/schema.org","@graph":[{"@type":"Article","@id":"https:\/\/jornaldasoficinas.com\/pt\/fundacao-gramaxo-e-go-charge-criam-parceria\/#article","isPartOf":{"@id":"https:\/\/jornaldasoficinas.com\/pt\/fundacao-gramaxo-e-go-charge-criam-parceria\/"},"author":{"name":"Reda\u00e7\u00e3o JO","@id":"https:\/\/jornaldasoficinas.com\/pt\/#\/schema\/person\/a38eef5de2c41d9e7c9ac10141afddf3"},"headline":"Funda\u00e7\u00e3o Gramaxo e Go.Charge criam parceria","datePublished":"2024-12-20T08:00:16+00:00","mainEntityOfPage":{"@id":"https:\/\/jornaldasoficinas.com\/pt\/fundacao-gramaxo-e-go-charge-criam-parceria\/"},"wordCount":353,"publisher":{"@id":"https:\/\/jornaldasoficinas.com\/pt\/#organization"},"image":{"@id":"https:\/\/jornaldasoficinas.com\/pt\/fundacao-gramaxo-e-go-charge-criam-parceria\/#primaryimage"},"thumbnailUrl":"https:\/\/jornaldasoficinas.com\/pt\/wp-content\/uploads\/2024\/12\/Fundacao-Gramaxo-e-Go.Charge-criam-parceria.jpg","keywords":["carregamento el\u00e9trico","Funda\u00e7\u00e3o Gramaxo","Go.Charge","novos espa\u00e7os","Parceria Estrat\u00e9gica","Sustentabilidade","Ve\u00edculos el\u00e9tricos"],"articleSection":["Empresas"],"inLanguage":"pt-PT"},{"@type":"WebPage","@id":"https:\/\/jornaldasoficinas.com\/pt\/fundacao-gramaxo-e-go-charge-criam-parceria\/","url":"https:\/\/jornaldasoficinas.com\/pt\/fundacao-gramaxo-e-go-charge-criam-parceria\/","name":"Funda\u00e7\u00e3o Gramaxo e Go.Charge criam parceria - Jornal das Oficinas % %","isPartOf":{"@id":"https:\/\/jornaldasoficinas.com\/pt\/#website"},"primaryImageOfPage":{"@id":"https:\/\/jornaldasoficinas.com\/pt\/fundacao-gramaxo-e-go-charge-criam-parceria\/#primaryimage"},"image":{"@id":"https:\/\/jornaldasoficinas.com\/pt\/fundacao-gramaxo-e-go-charge-criam-parceria\/#primaryimage"},"thumbnailUrl":"https:\/\/jornaldasoficinas.com\/pt\/wp-content\/uploads\/2024\/12\/Fundacao-Gramaxo-e-Go.Charge-criam-parceria.jpg","datePublished":"2024-12-20T08:00:16+00:00","description":"A Funda\u00e7\u00e3o Gramaxo e a Go.Charge formalizaram uma parceria estrat\u00e9gica para criar novos espa\u00e7os de carregamento el\u00e9trico acess\u00edveis","breadcrumb":{"@id":"https:\/\/jornaldasoficinas.com\/pt\/fundacao-gramaxo-e-go-charge-criam-parceria\/#breadcrumb"},"inLanguage":"pt-PT","potentialAction":[{"@type":"ReadAction","target":["https:\/\/jornaldasoficinas.com\/pt\/fundacao-gramaxo-e-go-charge-criam-parceria\/"]}]},{"@type":"ImageObject","inLanguage":"pt-PT","@id":"https:\/\/jornaldasoficinas.com\/pt\/fundacao-gramaxo-e-go-charge-criam-parceria\/#primaryimage","url":"https:\/\/jornaldasoficinas.com\/pt\/wp-content\/uploads\/2024\/12\/Fundacao-Gramaxo-e-Go.Charge-criam-parceria.jpg","contentUrl":"https:\/\/jornaldasoficinas.com\/pt\/wp-content\/uploads\/2024\/12\/Fundacao-Gramaxo-e-Go.Charge-criam-parceria.jpg","width":1024,"height":581,"caption":"12 - Fundacao Gramaxo e Go.Charge criam parceria"},{"@type":"BreadcrumbList","@id":"https:\/\/jornaldasoficinas.com\/pt\/fundacao-gramaxo-e-go-charge-criam-parceria\/#breadcrumb","itemListElement":[{"@type":"ListItem","position":1,"name":"In\u00edcio","item":"https:\/\/jornaldasoficinas.com\/pt\/"},{"@type":"ListItem","position":2,"name":"Funda\u00e7\u00e3o Gramaxo e Go.Charge criam parceria"}]},{"@type":"WebSite","@id":"https:\/\/jornaldasoficinas.com\/pt\/#website","url":"https:\/\/jornaldasoficinas.com\/pt\/","name":"Jornal das Oficinas","description":"Jornal independente do Aftermarket Autom\u00f3vel em Portugal","publisher":{"@id":"https:\/\/jornaldasoficinas.com\/pt\/#organization"},"potentialAction":[{"@type":"SearchAction","target":{"@type":"EntryPoint","urlTemplate":"https:\/\/jornaldasoficinas.com\/pt\/?s={search_term_string}"},"query-input":{"@type":"PropertyValueSpecification","valueRequired":true,"valueName":"search_term_string"}}],"inLanguage":"pt-PT"},{"@type":"Organization","@id":"https:\/\/jornaldasoficinas.com\/pt\/#organization","name":"Jornal das Oficinas","url":"https:\/\/jornaldasoficinas.com\/pt\/","logo":{"@type":"ImageObject","inLanguage":"pt-PT","@id":"https:\/\/jornaldasoficinas.com\/pt\/#\/schema\/logo\/image\/","url":"https:\/\/jornaldasoficinas.com\/pt\/wp-content\/uploads\/logoJO-SEO.png","contentUrl":"https:\/\/jornaldasoficinas.com\/pt\/wp-content\/uploads\/logoJO-SEO.png","width":285,"height":450,"caption":"Jornal das Oficinas"},"image":{"@id":"https:\/\/jornaldasoficinas.com\/pt\/#\/schema\/logo\/image\/"},"sameAs":["https:\/\/www.facebook.com\/jornaloficinas","https:\/\/x.com\/jornaloficinas","https:\/\/www.instagram.com\/jornal_oficinas\/","https:\/\/www.linkedin.com\/company\/jornal-das-oficinas\/","https:\/\/www.youtube.com\/channel\/UCbQZBqtcvV-oSQrr7RzINGg"]},{"@type":"Person","@id":"https:\/\/jornaldasoficinas.com\/pt\/#\/schema\/person\/a38eef5de2c41d9e7c9ac10141afddf3","name":"Reda\u00e7\u00e3o JO","image":{"@type":"ImageObject","inLanguage":"pt-PT","@id":"https:\/\/secure.gravatar.com\/avatar\/71f2fa71737ad68a84fea94bc708ddac8ea5b0c4788dc2ad202f3ccb2887742f?s=96&d=wp_user_avatar&r=g","url":"https:\/\/secure.gravatar.com\/avatar\/71f2fa71737ad68a84fea94bc708ddac8ea5b0c4788dc2ad202f3ccb2887742f?s=96&d=wp_user_avatar&r=g","contentUrl":"https:\/\/secure.gravatar.com\/avatar\/71f2fa71737ad68a84fea94bc708ddac8ea5b0c4788dc2ad202f3ccb2887742f?s=96&d=wp_user_avatar&r=g","caption":"Reda\u00e7\u00e3o JO"},"url":"https:\/\/jornaldasoficinas.com\/pt\/author\/joredacao\/"}]}},"_links":{"self":[{"href":"https:\/\/jornaldasoficinas.com\/pt\/wp-json\/wp\/v2\/posts\/95679","targetHints":{"allow":["GET"]}}],"collection":[{"href":"https:\/\/jornaldasoficinas.com\/pt\/wp-json\/wp\/v2\/posts"}],"about":[{"href":"https:\/\/jornaldasoficinas.com\/pt\/wp-json\/wp\/v2\/types\/post"}],"author":[{"embeddable":true,"href":"https:\/\/jornaldasoficinas.com\/pt\/wp-json\/wp\/v2\/users\/15"}],"replies":[{"embeddable":true,"href":"https:\/\/jornaldasoficinas.com\/pt\/wp-json\/wp\/v2\/comments?post=95679"}],"version-history":[{"count":8,"href":"https:\/\/jornaldasoficinas.com\/pt\/wp-json\/wp\/v2\/posts\/95679\/revisions"}],"predecessor-version":[{"id":95691,"href":"https:\/\/jornaldasoficinas.com\/pt\/wp-json\/wp\/v2\/posts\/95679\/revisions\/95691"}],"wp:featuredmedia":[{"embeddable":true,"href":"https:\/\/jornaldasoficinas.com\/pt\/wp-json\/wp\/v2\/media\/95690"}],"wp:attachment":[{"href":"https:\/\/jornaldasoficinas.com\/pt\/wp-json\/wp\/v2\/media?parent=95679"}],"wp:term":[{"taxonomy":"category","embeddable":true,"href":"https:\/\/jornaldasoficinas.com\/pt\/wp-json\/wp\/v2\/categories?post=95679"},{"taxonomy":"post_tag","embeddable":true,"href":"https:\/\/jornaldasoficinas.com\/pt\/wp-json\/wp\/v2\/tags?post=95679"}],"curies":[{"name":"wp","href":"https:\/\/api.w.org\/{rel}","templated":true}]}}