{"id":95995,"date":"2025-01-02T12:30:19","date_gmt":"2025-01-02T12:30:19","guid":{"rendered":"https:\/\/jornaldasoficinas.com\/pt\/?p=95995"},"modified":"2025-01-02T12:34:40","modified_gmt":"2025-01-02T12:34:40","slug":"vendas-de-bevs-usados-aumentam-pelo-terceiro-mes-consecutivo","status":"publish","type":"post","link":"https:\/\/jornaldasoficinas.com\/pt\/vendas-de-bevs-usados-aumentam-pelo-terceiro-mes-consecutivo\/","title":{"rendered":"Vendas de BEVs usados aumentam pelo terceiro m\u00eas consecutivo"},"content":{"rendered":"<p><strong><img loading=\"lazy\" decoding=\"async\" class=\"alignnone size-full wp-image-96001\" src=\"https:\/\/jornaldasoficinas.com\/pt\/wp-content\/uploads\/2024\/12\/Vendas-de-BEVs-usados-aumentam-pelo-terceiro-mes-consecutivo.jpeg\" alt=\"12 - Vendas de BEVs usados aumentam pelo terceiro mes consecutivo\" width=\"1024\" height=\"581\" srcset=\"https:\/\/jornaldasoficinas.com\/pt\/wp-content\/uploads\/2024\/12\/Vendas-de-BEVs-usados-aumentam-pelo-terceiro-mes-consecutivo.jpeg 1024w, https:\/\/jornaldasoficinas.com\/pt\/wp-content\/uploads\/2024\/12\/Vendas-de-BEVs-usados-aumentam-pelo-terceiro-mes-consecutivo-300x170.jpeg 300w, https:\/\/jornaldasoficinas.com\/pt\/wp-content\/uploads\/2024\/12\/Vendas-de-BEVs-usados-aumentam-pelo-terceiro-mes-consecutivo-150x85.jpeg 150w, https:\/\/jornaldasoficinas.com\/pt\/wp-content\/uploads\/2024\/12\/Vendas-de-BEVs-usados-aumentam-pelo-terceiro-mes-consecutivo-768x436.jpeg 768w\" sizes=\"auto, (max-width: 1024px) 100vw, 1024px\" \/><\/strong><\/p>\n<p><strong>O 58.\u00ba relat\u00f3rio do Observat\u00f3rio <a href=\"https:\/\/pt.indicata.com\/\" target=\"_blank\" rel=\"noopener\">INDICATA<\/a> revelou que as vendas de BEVs usados aumentaram, destacando-se tamb\u00e9m o crescimento dos h\u00edbridos e as mudan\u00e7as nas quotas de mercado em Portugal e na Europa<\/strong><\/p>\n<p>O 58.\u00ba relat\u00f3rio do Observat\u00f3rio INDICATA, que analisa o estado atual do mercado de ve\u00edculos usados na Europa, incluindo Portugal, com dados at\u00e9 30 de novembro, destacou um aumento cont\u00ednuo nas vendas de BEVs usados. Estes ve\u00edculos cresceram 6,0%, marcando o terceiro m\u00eas consecutivo de crescimento, enquanto os h\u00edbridos atingiram 10,1% de cota no mercado de usados.<\/p>\n<p>Em Portugal, a situa\u00e7\u00e3o \u00e9 igualmente positiva, com os BEVs a atingirem uma quota de mercado de 8,8%, enquanto os h\u00edbridos chegaram aos 13,8%. O mercado da gasolina teve uma queda significativa de 32,7%, e o gas\u00f3leo desceu para 44,7%.<\/p>\n<p>No segmento de ve\u00edculos ligeiros de passageiros jovens (at\u00e9 dois anos), o crescimento foi moderado, com a quota do mercado dos h\u00edbridos a aumentar para 11% e a dos BEVs para 15%. A Volkswagen, embora seja a maior marca de ve\u00edculos ligeiros de passageiros, teve uma quota de h\u00edbridos de apenas 2,9%, abaixo da m\u00e9dia. J\u00e1 as furg\u00f5es usadas jovens alcan\u00e7aram uma quota de mercado de menos de 6%, demonstrando que ainda h\u00e1 um longo caminho a percorrer.<\/p>\n<p>Al\u00e9m disso, a taxa de registo de ve\u00edculos novos, como os eFurg\u00f5es, manteve-se est\u00e1vel entre 6% e 7,7%, o que sugere que o aumento do afluxo ao mercado de usados ser\u00e1 gradual nos pr\u00f3ximos meses e anos.<\/p>\n<p>Apesar das melhorias nos BEVs e do abrandamento nas vendas de ve\u00edculos a gasolina, o mercado de usados ainda enfrenta desafios, com expectativas de queda nos pre\u00e7os em 2025.<\/p>\n<p>&#8220;Minimizar o stock e melhorar o balan\u00e7o atrav\u00e9s de ajustes de pre\u00e7os no final do ano \u00e9 comum entre os vendedores de autom\u00f3veis usados, mas as perspectivas e a expectativa de que os pre\u00e7os continuar\u00e3o a cair em 2025 podem alimentar uma guerra de pre\u00e7os antecipada&#8221;, afirmou o diretor global do INDICATA, Andy Shield.<\/p>\n<p>Quanto aos ve\u00edculos de fabricantes chineses, os primeiros volumes observ\u00e1veis de ve\u00edculos ligeiros de passageiros n\u00e3o mostraram uma tend\u00eancia significativa de redu\u00e7\u00e3o ou press\u00e3o sobre os pre\u00e7os, com estabilidade de pre\u00e7os e uma tend\u00eancia positiva em ve\u00edculos comerciais ligeiros.<\/p>\n","protected":false},"excerpt":{"rendered":"<p>O 58.\u00ba relat\u00f3rio do Observat\u00f3rio INDICATA&#8230;<\/p>\n","protected":false},"author":15,"featured_media":96001,"comment_status":"closed","ping_status":"closed","sticky":false,"template":"","format":"standard","meta":{"footnotes":""},"categories":[37],"tags":[5761,2781,9528,1895,11565,7415,7196,498],"class_list":["post-95995","post","type-post","status-publish","format-standard","has-post-thumbnail","hentry","category-mercado","tag-bevs-usados","tag-crescimento","tag-fabricantes-chineses","tag-indicata","tag-queda-nos-precos","tag-quota-de-mercado","tag-relatorio","tag-veiculos-hibridos"],"yoast_head":"<!-- This site is optimized with the Yoast SEO plugin v27.4 - https:\/\/yoast.com\/product\/yoast-seo-wordpress\/ -->\n<title>Vendas de BEVs usados aumentam pelo terceiro m\u00eas consecutivo - Jornal das Oficinas<\/title>\n<meta name=\"description\" content=\"O 58.\u00ba relat\u00f3rio do Observat\u00f3rio INDICATA revelou que as vendas de BEVs usados aumentaram, destacando-se tamb\u00e9m o crescimento dos h\u00edbridos\" \/>\n<meta name=\"robots\" content=\"index, follow, max-snippet:-1, max-image-preview:large, max-video-preview:-1\" \/>\n<link rel=\"canonical\" href=\"https:\/\/jornaldasoficinas.com\/pt\/vendas-de-bevs-usados-aumentam-pelo-terceiro-mes-consecutivo\/\" \/>\n<meta property=\"og:locale\" content=\"pt_PT\" \/>\n<meta property=\"og:type\" content=\"article\" \/>\n<meta property=\"og:title\" content=\"Vendas de BEVs usados aumentam pelo terceiro m\u00eas consecutivo - Jornal das Oficinas\" \/>\n<meta property=\"og:description\" content=\"O 58.\u00ba relat\u00f3rio do Observat\u00f3rio INDICATA revelou que as vendas de BEVs usados aumentaram, destacando-se tamb\u00e9m o crescimento dos h\u00edbridos\" \/>\n<meta property=\"og:url\" content=\"https:\/\/jornaldasoficinas.com\/pt\/vendas-de-bevs-usados-aumentam-pelo-terceiro-mes-consecutivo\/\" \/>\n<meta property=\"og:site_name\" content=\"Jornal das Oficinas\" \/>\n<meta property=\"article:publisher\" content=\"https:\/\/www.facebook.com\/jornaloficinas\" \/>\n<meta property=\"article:published_time\" content=\"2025-01-02T12:30:19+00:00\" \/>\n<meta property=\"article:modified_time\" content=\"2025-01-02T12:34:40+00:00\" \/>\n<meta property=\"og:image\" content=\"https:\/\/jornaldasoficinas.com\/pt\/wp-content\/uploads\/2024\/12\/Vendas-de-BEVs-usados-aumentam-pelo-terceiro-mes-consecutivo.jpeg\" \/>\n\t<meta property=\"og:image:width\" content=\"1024\" \/>\n\t<meta property=\"og:image:height\" content=\"581\" \/>\n\t<meta property=\"og:image:type\" content=\"image\/jpeg\" \/>\n<meta name=\"author\" content=\"Reda\u00e7\u00e3o JO\" \/>\n<meta name=\"twitter:card\" content=\"summary_large_image\" \/>\n<meta name=\"twitter:creator\" content=\"@jornaloficinas\" \/>\n<meta name=\"twitter:site\" content=\"@jornaloficinas\" \/>\n<meta name=\"twitter:label1\" content=\"Escrito por\" \/>\n\t<meta name=\"twitter:data1\" content=\"Reda\u00e7\u00e3o JO\" \/>\n\t<meta name=\"twitter:label2\" content=\"Tempo estimado de leitura\" \/>\n\t<meta name=\"twitter:data2\" content=\"3 minutos\" \/>\n<script type=\"application\/ld+json\" class=\"yoast-schema-graph\">{\"@context\":\"https:\\\/\\\/schema.org\",\"@graph\":[{\"@type\":\"Article\",\"@id\":\"https:\\\/\\\/jornaldasoficinas.com\\\/pt\\\/vendas-de-bevs-usados-aumentam-pelo-terceiro-mes-consecutivo\\\/#article\",\"isPartOf\":{\"@id\":\"https:\\\/\\\/jornaldasoficinas.com\\\/pt\\\/vendas-de-bevs-usados-aumentam-pelo-terceiro-mes-consecutivo\\\/\"},\"author\":{\"name\":\"Reda\u00e7\u00e3o JO\",\"@id\":\"https:\\\/\\\/jornaldasoficinas.com\\\/pt\\\/#\\\/schema\\\/person\\\/a38eef5de2c41d9e7c9ac10141afddf3\"},\"headline\":\"Vendas de BEVs usados aumentam pelo terceiro m\u00eas consecutivo\",\"datePublished\":\"2025-01-02T12:30:19+00:00\",\"dateModified\":\"2025-01-02T12:34:40+00:00\",\"mainEntityOfPage\":{\"@id\":\"https:\\\/\\\/jornaldasoficinas.com\\\/pt\\\/vendas-de-bevs-usados-aumentam-pelo-terceiro-mes-consecutivo\\\/\"},\"wordCount\":404,\"publisher\":{\"@id\":\"https:\\\/\\\/jornaldasoficinas.com\\\/pt\\\/#organization\"},\"image\":{\"@id\":\"https:\\\/\\\/jornaldasoficinas.com\\\/pt\\\/vendas-de-bevs-usados-aumentam-pelo-terceiro-mes-consecutivo\\\/#primaryimage\"},\"thumbnailUrl\":\"https:\\\/\\\/jornaldasoficinas.com\\\/pt\\\/wp-content\\\/uploads\\\/2024\\\/12\\\/Vendas-de-BEVs-usados-aumentam-pelo-terceiro-mes-consecutivo.jpeg\",\"keywords\":[\"BEVs usados\",\"Crescimento\",\"fabricantes chineses\",\"INDICATA\",\"queda nos pre\u00e7os\",\"quota de mercado\",\"Relat\u00f3rio\",\"Ve\u00edculos h\u00edbridos\"],\"articleSection\":[\"Mercado\"],\"inLanguage\":\"pt-PT\"},{\"@type\":\"WebPage\",\"@id\":\"https:\\\/\\\/jornaldasoficinas.com\\\/pt\\\/vendas-de-bevs-usados-aumentam-pelo-terceiro-mes-consecutivo\\\/\",\"url\":\"https:\\\/\\\/jornaldasoficinas.com\\\/pt\\\/vendas-de-bevs-usados-aumentam-pelo-terceiro-mes-consecutivo\\\/\",\"name\":\"Vendas de BEVs usados aumentam pelo terceiro m\u00eas consecutivo - Jornal das Oficinas\",\"isPartOf\":{\"@id\":\"https:\\\/\\\/jornaldasoficinas.com\\\/pt\\\/#website\"},\"primaryImageOfPage\":{\"@id\":\"https:\\\/\\\/jornaldasoficinas.com\\\/pt\\\/vendas-de-bevs-usados-aumentam-pelo-terceiro-mes-consecutivo\\\/#primaryimage\"},\"image\":{\"@id\":\"https:\\\/\\\/jornaldasoficinas.com\\\/pt\\\/vendas-de-bevs-usados-aumentam-pelo-terceiro-mes-consecutivo\\\/#primaryimage\"},\"thumbnailUrl\":\"https:\\\/\\\/jornaldasoficinas.com\\\/pt\\\/wp-content\\\/uploads\\\/2024\\\/12\\\/Vendas-de-BEVs-usados-aumentam-pelo-terceiro-mes-consecutivo.jpeg\",\"datePublished\":\"2025-01-02T12:30:19+00:00\",\"dateModified\":\"2025-01-02T12:34:40+00:00\",\"description\":\"O 58.\u00ba relat\u00f3rio do Observat\u00f3rio INDICATA revelou que as vendas de BEVs usados aumentaram, destacando-se tamb\u00e9m o crescimento dos h\u00edbridos\",\"breadcrumb\":{\"@id\":\"https:\\\/\\\/jornaldasoficinas.com\\\/pt\\\/vendas-de-bevs-usados-aumentam-pelo-terceiro-mes-consecutivo\\\/#breadcrumb\"},\"inLanguage\":\"pt-PT\",\"potentialAction\":[{\"@type\":\"ReadAction\",\"target\":[\"https:\\\/\\\/jornaldasoficinas.com\\\/pt\\\/vendas-de-bevs-usados-aumentam-pelo-terceiro-mes-consecutivo\\\/\"]}]},{\"@type\":\"ImageObject\",\"inLanguage\":\"pt-PT\",\"@id\":\"https:\\\/\\\/jornaldasoficinas.com\\\/pt\\\/vendas-de-bevs-usados-aumentam-pelo-terceiro-mes-consecutivo\\\/#primaryimage\",\"url\":\"https:\\\/\\\/jornaldasoficinas.com\\\/pt\\\/wp-content\\\/uploads\\\/2024\\\/12\\\/Vendas-de-BEVs-usados-aumentam-pelo-terceiro-mes-consecutivo.jpeg\",\"contentUrl\":\"https:\\\/\\\/jornaldasoficinas.com\\\/pt\\\/wp-content\\\/uploads\\\/2024\\\/12\\\/Vendas-de-BEVs-usados-aumentam-pelo-terceiro-mes-consecutivo.jpeg\",\"width\":1024,\"height\":581,\"caption\":\"12 - Vendas de BEVs usados aumentam pelo terceiro mes consecutivo\"},{\"@type\":\"BreadcrumbList\",\"@id\":\"https:\\\/\\\/jornaldasoficinas.com\\\/pt\\\/vendas-de-bevs-usados-aumentam-pelo-terceiro-mes-consecutivo\\\/#breadcrumb\",\"itemListElement\":[{\"@type\":\"ListItem\",\"position\":1,\"name\":\"In\u00edcio\",\"item\":\"https:\\\/\\\/jornaldasoficinas.com\\\/pt\\\/\"},{\"@type\":\"ListItem\",\"position\":2,\"name\":\"Vendas de BEVs usados aumentam pelo terceiro m\u00eas consecutivo\"}]},{\"@type\":\"WebSite\",\"@id\":\"https:\\\/\\\/jornaldasoficinas.com\\\/pt\\\/#website\",\"url\":\"https:\\\/\\\/jornaldasoficinas.com\\\/pt\\\/\",\"name\":\"Jornal das Oficinas\",\"description\":\"Jornal independente do Aftermarket Autom\u00f3vel em Portugal\",\"publisher\":{\"@id\":\"https:\\\/\\\/jornaldasoficinas.com\\\/pt\\\/#organization\"},\"potentialAction\":[{\"@type\":\"SearchAction\",\"target\":{\"@type\":\"EntryPoint\",\"urlTemplate\":\"https:\\\/\\\/jornaldasoficinas.com\\\/pt\\\/?s={search_term_string}\"},\"query-input\":{\"@type\":\"PropertyValueSpecification\",\"valueRequired\":true,\"valueName\":\"search_term_string\"}}],\"inLanguage\":\"pt-PT\"},{\"@type\":\"Organization\",\"@id\":\"https:\\\/\\\/jornaldasoficinas.com\\\/pt\\\/#organization\",\"name\":\"Jornal das Oficinas\",\"url\":\"https:\\\/\\\/jornaldasoficinas.com\\\/pt\\\/\",\"logo\":{\"@type\":\"ImageObject\",\"inLanguage\":\"pt-PT\",\"@id\":\"https:\\\/\\\/jornaldasoficinas.com\\\/pt\\\/#\\\/schema\\\/logo\\\/image\\\/\",\"url\":\"https:\\\/\\\/jornaldasoficinas.com\\\/pt\\\/wp-content\\\/uploads\\\/logoJO-SEO.png\",\"contentUrl\":\"https:\\\/\\\/jornaldasoficinas.com\\\/pt\\\/wp-content\\\/uploads\\\/logoJO-SEO.png\",\"width\":285,\"height\":450,\"caption\":\"Jornal das Oficinas\"},\"image\":{\"@id\":\"https:\\\/\\\/jornaldasoficinas.com\\\/pt\\\/#\\\/schema\\\/logo\\\/image\\\/\"},\"sameAs\":[\"https:\\\/\\\/www.facebook.com\\\/jornaloficinas\",\"https:\\\/\\\/x.com\\\/jornaloficinas\",\"https:\\\/\\\/www.instagram.com\\\/jornal_oficinas\\\/\",\"https:\\\/\\\/www.linkedin.com\\\/company\\\/jornal-das-oficinas\\\/\",\"https:\\\/\\\/www.youtube.com\\\/channel\\\/UCbQZBqtcvV-oSQrr7RzINGg\"]},{\"@type\":\"Person\",\"@id\":\"https:\\\/\\\/jornaldasoficinas.com\\\/pt\\\/#\\\/schema\\\/person\\\/a38eef5de2c41d9e7c9ac10141afddf3\",\"name\":\"Reda\u00e7\u00e3o JO\",\"image\":{\"@type\":\"ImageObject\",\"inLanguage\":\"pt-PT\",\"@id\":\"https:\\\/\\\/secure.gravatar.com\\\/avatar\\\/71f2fa71737ad68a84fea94bc708ddac8ea5b0c4788dc2ad202f3ccb2887742f?s=96&d=wp_user_avatar&r=g\",\"url\":\"https:\\\/\\\/secure.gravatar.com\\\/avatar\\\/71f2fa71737ad68a84fea94bc708ddac8ea5b0c4788dc2ad202f3ccb2887742f?s=96&d=wp_user_avatar&r=g\",\"contentUrl\":\"https:\\\/\\\/secure.gravatar.com\\\/avatar\\\/71f2fa71737ad68a84fea94bc708ddac8ea5b0c4788dc2ad202f3ccb2887742f?s=96&d=wp_user_avatar&r=g\",\"caption\":\"Reda\u00e7\u00e3o JO\"},\"url\":\"https:\\\/\\\/jornaldasoficinas.com\\\/pt\\\/author\\\/joredacao\\\/\"}]}<\/script>\n<!-- \/ Yoast SEO plugin. -->","yoast_head_json":{"title":"Vendas de BEVs usados aumentam pelo terceiro m\u00eas consecutivo - Jornal das Oficinas","description":"O 58.\u00ba relat\u00f3rio do Observat\u00f3rio INDICATA revelou que as vendas de BEVs usados aumentaram, destacando-se tamb\u00e9m o crescimento dos h\u00edbridos","robots":{"index":"index","follow":"follow","max-snippet":"max-snippet:-1","max-image-preview":"max-image-preview:large","max-video-preview":"max-video-preview:-1"},"canonical":"https:\/\/jornaldasoficinas.com\/pt\/vendas-de-bevs-usados-aumentam-pelo-terceiro-mes-consecutivo\/","og_locale":"pt_PT","og_type":"article","og_title":"Vendas de BEVs usados aumentam pelo terceiro m\u00eas consecutivo - Jornal das Oficinas","og_description":"O 58.\u00ba relat\u00f3rio do Observat\u00f3rio INDICATA revelou que as vendas de BEVs usados aumentaram, destacando-se tamb\u00e9m o crescimento dos h\u00edbridos","og_url":"https:\/\/jornaldasoficinas.com\/pt\/vendas-de-bevs-usados-aumentam-pelo-terceiro-mes-consecutivo\/","og_site_name":"Jornal das Oficinas","article_publisher":"https:\/\/www.facebook.com\/jornaloficinas","article_published_time":"2025-01-02T12:30:19+00:00","article_modified_time":"2025-01-02T12:34:40+00:00","og_image":[{"width":1024,"height":581,"url":"https:\/\/jornaldasoficinas.com\/pt\/wp-content\/uploads\/2024\/12\/Vendas-de-BEVs-usados-aumentam-pelo-terceiro-mes-consecutivo.jpeg","type":"image\/jpeg"}],"author":"Reda\u00e7\u00e3o JO","twitter_card":"summary_large_image","twitter_creator":"@jornaloficinas","twitter_site":"@jornaloficinas","twitter_misc":{"Escrito por":"Reda\u00e7\u00e3o JO","Tempo estimado de leitura":"3 minutos"},"schema":{"@context":"https:\/\/schema.org","@graph":[{"@type":"Article","@id":"https:\/\/jornaldasoficinas.com\/pt\/vendas-de-bevs-usados-aumentam-pelo-terceiro-mes-consecutivo\/#article","isPartOf":{"@id":"https:\/\/jornaldasoficinas.com\/pt\/vendas-de-bevs-usados-aumentam-pelo-terceiro-mes-consecutivo\/"},"author":{"name":"Reda\u00e7\u00e3o JO","@id":"https:\/\/jornaldasoficinas.com\/pt\/#\/schema\/person\/a38eef5de2c41d9e7c9ac10141afddf3"},"headline":"Vendas de BEVs usados aumentam pelo terceiro m\u00eas consecutivo","datePublished":"2025-01-02T12:30:19+00:00","dateModified":"2025-01-02T12:34:40+00:00","mainEntityOfPage":{"@id":"https:\/\/jornaldasoficinas.com\/pt\/vendas-de-bevs-usados-aumentam-pelo-terceiro-mes-consecutivo\/"},"wordCount":404,"publisher":{"@id":"https:\/\/jornaldasoficinas.com\/pt\/#organization"},"image":{"@id":"https:\/\/jornaldasoficinas.com\/pt\/vendas-de-bevs-usados-aumentam-pelo-terceiro-mes-consecutivo\/#primaryimage"},"thumbnailUrl":"https:\/\/jornaldasoficinas.com\/pt\/wp-content\/uploads\/2024\/12\/Vendas-de-BEVs-usados-aumentam-pelo-terceiro-mes-consecutivo.jpeg","keywords":["BEVs usados","Crescimento","fabricantes chineses","INDICATA","queda nos pre\u00e7os","quota de mercado","Relat\u00f3rio","Ve\u00edculos h\u00edbridos"],"articleSection":["Mercado"],"inLanguage":"pt-PT"},{"@type":"WebPage","@id":"https:\/\/jornaldasoficinas.com\/pt\/vendas-de-bevs-usados-aumentam-pelo-terceiro-mes-consecutivo\/","url":"https:\/\/jornaldasoficinas.com\/pt\/vendas-de-bevs-usados-aumentam-pelo-terceiro-mes-consecutivo\/","name":"Vendas de BEVs usados aumentam pelo terceiro m\u00eas consecutivo - Jornal das Oficinas","isPartOf":{"@id":"https:\/\/jornaldasoficinas.com\/pt\/#website"},"primaryImageOfPage":{"@id":"https:\/\/jornaldasoficinas.com\/pt\/vendas-de-bevs-usados-aumentam-pelo-terceiro-mes-consecutivo\/#primaryimage"},"image":{"@id":"https:\/\/jornaldasoficinas.com\/pt\/vendas-de-bevs-usados-aumentam-pelo-terceiro-mes-consecutivo\/#primaryimage"},"thumbnailUrl":"https:\/\/jornaldasoficinas.com\/pt\/wp-content\/uploads\/2024\/12\/Vendas-de-BEVs-usados-aumentam-pelo-terceiro-mes-consecutivo.jpeg","datePublished":"2025-01-02T12:30:19+00:00","dateModified":"2025-01-02T12:34:40+00:00","description":"O 58.\u00ba relat\u00f3rio do Observat\u00f3rio INDICATA revelou que as vendas de BEVs usados aumentaram, destacando-se tamb\u00e9m o crescimento dos h\u00edbridos","breadcrumb":{"@id":"https:\/\/jornaldasoficinas.com\/pt\/vendas-de-bevs-usados-aumentam-pelo-terceiro-mes-consecutivo\/#breadcrumb"},"inLanguage":"pt-PT","potentialAction":[{"@type":"ReadAction","target":["https:\/\/jornaldasoficinas.com\/pt\/vendas-de-bevs-usados-aumentam-pelo-terceiro-mes-consecutivo\/"]}]},{"@type":"ImageObject","inLanguage":"pt-PT","@id":"https:\/\/jornaldasoficinas.com\/pt\/vendas-de-bevs-usados-aumentam-pelo-terceiro-mes-consecutivo\/#primaryimage","url":"https:\/\/jornaldasoficinas.com\/pt\/wp-content\/uploads\/2024\/12\/Vendas-de-BEVs-usados-aumentam-pelo-terceiro-mes-consecutivo.jpeg","contentUrl":"https:\/\/jornaldasoficinas.com\/pt\/wp-content\/uploads\/2024\/12\/Vendas-de-BEVs-usados-aumentam-pelo-terceiro-mes-consecutivo.jpeg","width":1024,"height":581,"caption":"12 - Vendas de BEVs usados aumentam pelo terceiro mes consecutivo"},{"@type":"BreadcrumbList","@id":"https:\/\/jornaldasoficinas.com\/pt\/vendas-de-bevs-usados-aumentam-pelo-terceiro-mes-consecutivo\/#breadcrumb","itemListElement":[{"@type":"ListItem","position":1,"name":"In\u00edcio","item":"https:\/\/jornaldasoficinas.com\/pt\/"},{"@type":"ListItem","position":2,"name":"Vendas de BEVs usados aumentam pelo terceiro m\u00eas consecutivo"}]},{"@type":"WebSite","@id":"https:\/\/jornaldasoficinas.com\/pt\/#website","url":"https:\/\/jornaldasoficinas.com\/pt\/","name":"Jornal das Oficinas","description":"Jornal independente do Aftermarket Autom\u00f3vel em Portugal","publisher":{"@id":"https:\/\/jornaldasoficinas.com\/pt\/#organization"},"potentialAction":[{"@type":"SearchAction","target":{"@type":"EntryPoint","urlTemplate":"https:\/\/jornaldasoficinas.com\/pt\/?s={search_term_string}"},"query-input":{"@type":"PropertyValueSpecification","valueRequired":true,"valueName":"search_term_string"}}],"inLanguage":"pt-PT"},{"@type":"Organization","@id":"https:\/\/jornaldasoficinas.com\/pt\/#organization","name":"Jornal das Oficinas","url":"https:\/\/jornaldasoficinas.com\/pt\/","logo":{"@type":"ImageObject","inLanguage":"pt-PT","@id":"https:\/\/jornaldasoficinas.com\/pt\/#\/schema\/logo\/image\/","url":"https:\/\/jornaldasoficinas.com\/pt\/wp-content\/uploads\/logoJO-SEO.png","contentUrl":"https:\/\/jornaldasoficinas.com\/pt\/wp-content\/uploads\/logoJO-SEO.png","width":285,"height":450,"caption":"Jornal das Oficinas"},"image":{"@id":"https:\/\/jornaldasoficinas.com\/pt\/#\/schema\/logo\/image\/"},"sameAs":["https:\/\/www.facebook.com\/jornaloficinas","https:\/\/x.com\/jornaloficinas","https:\/\/www.instagram.com\/jornal_oficinas\/","https:\/\/www.linkedin.com\/company\/jornal-das-oficinas\/","https:\/\/www.youtube.com\/channel\/UCbQZBqtcvV-oSQrr7RzINGg"]},{"@type":"Person","@id":"https:\/\/jornaldasoficinas.com\/pt\/#\/schema\/person\/a38eef5de2c41d9e7c9ac10141afddf3","name":"Reda\u00e7\u00e3o JO","image":{"@type":"ImageObject","inLanguage":"pt-PT","@id":"https:\/\/secure.gravatar.com\/avatar\/71f2fa71737ad68a84fea94bc708ddac8ea5b0c4788dc2ad202f3ccb2887742f?s=96&d=wp_user_avatar&r=g","url":"https:\/\/secure.gravatar.com\/avatar\/71f2fa71737ad68a84fea94bc708ddac8ea5b0c4788dc2ad202f3ccb2887742f?s=96&d=wp_user_avatar&r=g","contentUrl":"https:\/\/secure.gravatar.com\/avatar\/71f2fa71737ad68a84fea94bc708ddac8ea5b0c4788dc2ad202f3ccb2887742f?s=96&d=wp_user_avatar&r=g","caption":"Reda\u00e7\u00e3o JO"},"url":"https:\/\/jornaldasoficinas.com\/pt\/author\/joredacao\/"}]}},"_links":{"self":[{"href":"https:\/\/jornaldasoficinas.com\/pt\/wp-json\/wp\/v2\/posts\/95995","targetHints":{"allow":["GET"]}}],"collection":[{"href":"https:\/\/jornaldasoficinas.com\/pt\/wp-json\/wp\/v2\/posts"}],"about":[{"href":"https:\/\/jornaldasoficinas.com\/pt\/wp-json\/wp\/v2\/types\/post"}],"author":[{"embeddable":true,"href":"https:\/\/jornaldasoficinas.com\/pt\/wp-json\/wp\/v2\/users\/15"}],"replies":[{"embeddable":true,"href":"https:\/\/jornaldasoficinas.com\/pt\/wp-json\/wp\/v2\/comments?post=95995"}],"version-history":[{"count":2,"href":"https:\/\/jornaldasoficinas.com\/pt\/wp-json\/wp\/v2\/posts\/95995\/revisions"}],"predecessor-version":[{"id":96002,"href":"https:\/\/jornaldasoficinas.com\/pt\/wp-json\/wp\/v2\/posts\/95995\/revisions\/96002"}],"wp:featuredmedia":[{"embeddable":true,"href":"https:\/\/jornaldasoficinas.com\/pt\/wp-json\/wp\/v2\/media\/96001"}],"wp:attachment":[{"href":"https:\/\/jornaldasoficinas.com\/pt\/wp-json\/wp\/v2\/media?parent=95995"}],"wp:term":[{"taxonomy":"category","embeddable":true,"href":"https:\/\/jornaldasoficinas.com\/pt\/wp-json\/wp\/v2\/categories?post=95995"},{"taxonomy":"post_tag","embeddable":true,"href":"https:\/\/jornaldasoficinas.com\/pt\/wp-json\/wp\/v2\/tags?post=95995"}],"curies":[{"name":"wp","href":"https:\/\/api.w.org\/{rel}","templated":true}]}}