{"id":96016,"date":"2025-01-02T18:00:41","date_gmt":"2025-01-02T18:00:41","guid":{"rendered":"https:\/\/jornaldasoficinas.com\/pt\/?p=96016"},"modified":"2025-01-02T16:34:32","modified_gmt":"2025-01-02T16:34:32","slug":"wayfer-recebe-criancas-e-jovens-no-dia-do-mecanico","status":"publish","type":"post","link":"https:\/\/jornaldasoficinas.com\/pt\/wayfer-recebe-criancas-e-jovens-no-dia-do-mecanico\/","title":{"rendered":"Wayfer recebe crian\u00e7as e jovens no \u201cDia do Mec\u00e2nico\u201d"},"content":{"rendered":"<p><strong><img loading=\"lazy\" decoding=\"async\" class=\"alignnone size-full wp-image-96021\" src=\"https:\/\/jornaldasoficinas.com\/pt\/wp-content\/uploads\/2025\/01\/Wayfer-recebe-criancas-e-jovens-no-Dia-do-Mecanico.jpg\" alt=\"01 - Wayfer recebe criancas e jovens no Dia do Mecanico\" width=\"1024\" height=\"581\" srcset=\"https:\/\/jornaldasoficinas.com\/pt\/wp-content\/uploads\/2025\/01\/Wayfer-recebe-criancas-e-jovens-no-Dia-do-Mecanico.jpg 1024w, https:\/\/jornaldasoficinas.com\/pt\/wp-content\/uploads\/2025\/01\/Wayfer-recebe-criancas-e-jovens-no-Dia-do-Mecanico-300x170.jpg 300w, https:\/\/jornaldasoficinas.com\/pt\/wp-content\/uploads\/2025\/01\/Wayfer-recebe-criancas-e-jovens-no-Dia-do-Mecanico-150x85.jpg 150w, https:\/\/jornaldasoficinas.com\/pt\/wp-content\/uploads\/2025\/01\/Wayfer-recebe-criancas-e-jovens-no-Dia-do-Mecanico-768x436.jpg 768w\" sizes=\"auto, (max-width: 1024px) 100vw, 1024px\" \/><\/strong><\/p>\n<p><strong>No passado dia 20 de dezembro, a <a href=\"https:\/\/www.wayfer.pt\/\" target=\"_blank\" rel=\"noopener\">Wayfer<\/a> promoveu uma iniciativa denominada &#8220;Dia do Mec\u00e2nico&#8221;, que permitiu \u00e0s crian\u00e7as e jovens explorar de forma divertida e pedag\u00f3gica o mundo da mec\u00e2nica<\/strong><\/p>\n<p>Pelo terceiro ano consecutivo, a Wayfer abriu as portas das suas oficinas e, no passado dia 20 de dezembro, promoveu a iniciativa &#8220;Dia do Mec\u00e2nico&#8221;, recebendo v\u00e1rias entidades, crian\u00e7as, jovens e adultos, para destacar a import\u00e2ncia desta profiss\u00e3o e incentivar todos a v\u00ea-la e abra\u00e7\u00e1-la com orgulho.<\/p>\n<p>De manh\u00e3, recebeu o Pin\u00f3quio Creche e Jardim de Inf\u00e2ncia e a APPACDM da Marinha Grande, onde crian\u00e7as e adultos exploraram o &#8220;fascinante mundo da mec\u00e2nica de forma l\u00fadica e educativa&#8221;, referiu a Wayfer em comunicado.<\/p>\n<p>\u00c0 tarde, foi a vez dos alunos de Mecatr\u00f3nica Autom\u00f3vel da Escola Profissional de Our\u00e9m (10.\u00ba e 12.\u00ba anos) mergulharem no universo da oficina, com o apoio dos mec\u00e2nicos da Wayfer. Tamb\u00e9m participaram alunos do IPL\/ESTG que responderam ao convite da Wayfer.<\/p>\n<p>O evento consistiu num circuito com v\u00e1rios pontos com atividades, desde jogos educativos no \u00e2mbito da mec\u00e2nica, simula\u00e7\u00f5es de repara\u00e7\u00e3o, exposi\u00e7\u00e3o de viaturas especiais, simuladores e at\u00e9 a possibilidade de fazer uma curta viagem de cami\u00e3o.<\/p>\n<p>Neste circuito, a Wayfer contou com o apoio dos Bombeiros Sapadores de Leiria, da PSP de Leiria e do Regimento de Artilharia 4 de Leiria, que estiveram presentes com os seus ve\u00edculos especiais Iveco, acompanhados por profissionais que explicaram a miss\u00e3o da institui\u00e7\u00e3o e o objetivo de cada ve\u00edculo, bem como divertiram os mais pequenos. Tamb\u00e9m um motor em corte (IPL) e um simulador autom\u00f3vel (ETAP) estiveram em exposi\u00e7\u00e3o e cativaram os participantes.<\/p>\n<p>Uma das atra\u00e7\u00f5es foi o Voidster, o primeiro ve\u00edculo el\u00e9trico com capacidade de condu\u00e7\u00e3o aut\u00f3noma desenvolvido pela equipa de Formula Student do Polit\u00e9cnico de Leiria, a Leiria Academic Racing Team (LART), que tamb\u00e9m trouxe alguns dos seu membros que explicaram o projeto aos participantes.<\/p>\n<p>&#8220;Foi um dia muito gratificante, n\u00e3o s\u00f3 para homenagear os nossos mec\u00e2nicos e todos os profissionais da mec\u00e2nica, mas porque temos tamb\u00e9m a responsabilidade de nos envolver com comunidade, com as institui\u00e7\u00f5es locais e de preparar as crian\u00e7as e jovens para o futuro&#8221;, referiu Nuno Ferreira, CEO da Wayfer.<\/p>\n","protected":false},"excerpt":{"rendered":"<p>No passado dia 20 de dezembro,&#8230;<\/p>\n","protected":false},"author":15,"featured_media":96021,"comment_status":"closed","ping_status":"closed","sticky":false,"template":"","format":"standard","meta":{"footnotes":""},"categories":[29],"tags":[11572,4308,11566,1870,11567,386,1238],"class_list":["post-96016","post","type-post","status-publish","format-standard","has-post-thumbnail","hentry","category-empresas","tag-alunos","tag-dia-do-mecanico","tag-iniciativa-pedagogica","tag-mecatronica-automovel","tag-mundo-da-mecanica","tag-oficinas","tag-wayfer"],"yoast_head":"<!-- This site is optimized with the Yoast SEO plugin v27.4 - https:\/\/yoast.com\/product\/yoast-seo-wordpress\/ -->\n<title>Wayfer recebe crian\u00e7as e jovens no \u201cDia do Mec\u00e2nico\u201d - Jornal das Oficinas<\/title>\n<meta name=\"description\" content=\"A Wayfer promoveu uma iniciativa denominada &quot;Dia do Mec\u00e2nico&quot;, que permitiu \u00e0s crian\u00e7as, jovens e adultos explorar o mundo da mec\u00e2nica\" \/>\n<meta name=\"robots\" content=\"index, follow, max-snippet:-1, max-image-preview:large, max-video-preview:-1\" \/>\n<link rel=\"canonical\" href=\"https:\/\/jornaldasoficinas.com\/pt\/wayfer-recebe-criancas-e-jovens-no-dia-do-mecanico\/\" \/>\n<meta property=\"og:locale\" content=\"pt_PT\" \/>\n<meta property=\"og:type\" content=\"article\" \/>\n<meta property=\"og:title\" content=\"Wayfer recebe crian\u00e7as e jovens no \u201cDia do Mec\u00e2nico\u201d - Jornal das Oficinas\" \/>\n<meta property=\"og:description\" content=\"A Wayfer promoveu uma iniciativa denominada &quot;Dia do Mec\u00e2nico&quot;, que permitiu \u00e0s crian\u00e7as, jovens e adultos explorar o mundo da mec\u00e2nica\" \/>\n<meta property=\"og:url\" content=\"https:\/\/jornaldasoficinas.com\/pt\/wayfer-recebe-criancas-e-jovens-no-dia-do-mecanico\/\" \/>\n<meta property=\"og:site_name\" content=\"Jornal das Oficinas\" \/>\n<meta property=\"article:publisher\" content=\"https:\/\/www.facebook.com\/jornaloficinas\" \/>\n<meta property=\"article:published_time\" content=\"2025-01-02T18:00:41+00:00\" \/>\n<meta property=\"og:image\" content=\"https:\/\/jornaldasoficinas.com\/pt\/wp-content\/uploads\/2025\/01\/Wayfer-recebe-criancas-e-jovens-no-Dia-do-Mecanico.jpg\" \/>\n\t<meta property=\"og:image:width\" content=\"1024\" \/>\n\t<meta property=\"og:image:height\" content=\"581\" \/>\n\t<meta property=\"og:image:type\" content=\"image\/jpeg\" \/>\n<meta name=\"author\" content=\"Reda\u00e7\u00e3o JO\" \/>\n<meta name=\"twitter:card\" content=\"summary_large_image\" \/>\n<meta name=\"twitter:creator\" content=\"@jornaloficinas\" \/>\n<meta name=\"twitter:site\" content=\"@jornaloficinas\" \/>\n<meta name=\"twitter:label1\" content=\"Escrito por\" \/>\n\t<meta name=\"twitter:data1\" content=\"Reda\u00e7\u00e3o JO\" \/>\n\t<meta name=\"twitter:label2\" content=\"Tempo estimado de leitura\" \/>\n\t<meta name=\"twitter:data2\" content=\"3 minutos\" \/>\n<script type=\"application\/ld+json\" class=\"yoast-schema-graph\">{\"@context\":\"https:\\\/\\\/schema.org\",\"@graph\":[{\"@type\":\"Article\",\"@id\":\"https:\\\/\\\/jornaldasoficinas.com\\\/pt\\\/wayfer-recebe-criancas-e-jovens-no-dia-do-mecanico\\\/#article\",\"isPartOf\":{\"@id\":\"https:\\\/\\\/jornaldasoficinas.com\\\/pt\\\/wayfer-recebe-criancas-e-jovens-no-dia-do-mecanico\\\/\"},\"author\":{\"name\":\"Reda\u00e7\u00e3o JO\",\"@id\":\"https:\\\/\\\/jornaldasoficinas.com\\\/pt\\\/#\\\/schema\\\/person\\\/a38eef5de2c41d9e7c9ac10141afddf3\"},\"headline\":\"Wayfer recebe crian\u00e7as e jovens no \u201cDia do Mec\u00e2nico\u201d\",\"datePublished\":\"2025-01-02T18:00:41+00:00\",\"mainEntityOfPage\":{\"@id\":\"https:\\\/\\\/jornaldasoficinas.com\\\/pt\\\/wayfer-recebe-criancas-e-jovens-no-dia-do-mecanico\\\/\"},\"wordCount\":411,\"publisher\":{\"@id\":\"https:\\\/\\\/jornaldasoficinas.com\\\/pt\\\/#organization\"},\"image\":{\"@id\":\"https:\\\/\\\/jornaldasoficinas.com\\\/pt\\\/wayfer-recebe-criancas-e-jovens-no-dia-do-mecanico\\\/#primaryimage\"},\"thumbnailUrl\":\"https:\\\/\\\/jornaldasoficinas.com\\\/pt\\\/wp-content\\\/uploads\\\/2025\\\/01\\\/Wayfer-recebe-criancas-e-jovens-no-Dia-do-Mecanico.jpg\",\"keywords\":[\"alunos\",\"Dia do Mec\u00e2nico\",\"iniciativa pedag\u00f3gica\",\"Mecatr\u00f3nica Autom\u00f3vel\",\"mundo da mec\u00e2nica\",\"Oficinas\",\"Wayfer\"],\"articleSection\":[\"Empresas\"],\"inLanguage\":\"pt-PT\"},{\"@type\":\"WebPage\",\"@id\":\"https:\\\/\\\/jornaldasoficinas.com\\\/pt\\\/wayfer-recebe-criancas-e-jovens-no-dia-do-mecanico\\\/\",\"url\":\"https:\\\/\\\/jornaldasoficinas.com\\\/pt\\\/wayfer-recebe-criancas-e-jovens-no-dia-do-mecanico\\\/\",\"name\":\"Wayfer recebe crian\u00e7as e jovens no \u201cDia do Mec\u00e2nico\u201d - Jornal das Oficinas\",\"isPartOf\":{\"@id\":\"https:\\\/\\\/jornaldasoficinas.com\\\/pt\\\/#website\"},\"primaryImageOfPage\":{\"@id\":\"https:\\\/\\\/jornaldasoficinas.com\\\/pt\\\/wayfer-recebe-criancas-e-jovens-no-dia-do-mecanico\\\/#primaryimage\"},\"image\":{\"@id\":\"https:\\\/\\\/jornaldasoficinas.com\\\/pt\\\/wayfer-recebe-criancas-e-jovens-no-dia-do-mecanico\\\/#primaryimage\"},\"thumbnailUrl\":\"https:\\\/\\\/jornaldasoficinas.com\\\/pt\\\/wp-content\\\/uploads\\\/2025\\\/01\\\/Wayfer-recebe-criancas-e-jovens-no-Dia-do-Mecanico.jpg\",\"datePublished\":\"2025-01-02T18:00:41+00:00\",\"description\":\"A Wayfer promoveu uma iniciativa denominada \\\"Dia do Mec\u00e2nico\\\", que permitiu \u00e0s crian\u00e7as, jovens e adultos explorar o mundo da mec\u00e2nica\",\"breadcrumb\":{\"@id\":\"https:\\\/\\\/jornaldasoficinas.com\\\/pt\\\/wayfer-recebe-criancas-e-jovens-no-dia-do-mecanico\\\/#breadcrumb\"},\"inLanguage\":\"pt-PT\",\"potentialAction\":[{\"@type\":\"ReadAction\",\"target\":[\"https:\\\/\\\/jornaldasoficinas.com\\\/pt\\\/wayfer-recebe-criancas-e-jovens-no-dia-do-mecanico\\\/\"]}]},{\"@type\":\"ImageObject\",\"inLanguage\":\"pt-PT\",\"@id\":\"https:\\\/\\\/jornaldasoficinas.com\\\/pt\\\/wayfer-recebe-criancas-e-jovens-no-dia-do-mecanico\\\/#primaryimage\",\"url\":\"https:\\\/\\\/jornaldasoficinas.com\\\/pt\\\/wp-content\\\/uploads\\\/2025\\\/01\\\/Wayfer-recebe-criancas-e-jovens-no-Dia-do-Mecanico.jpg\",\"contentUrl\":\"https:\\\/\\\/jornaldasoficinas.com\\\/pt\\\/wp-content\\\/uploads\\\/2025\\\/01\\\/Wayfer-recebe-criancas-e-jovens-no-Dia-do-Mecanico.jpg\",\"width\":1024,\"height\":581,\"caption\":\"01 - Wayfer recebe criancas e jovens no Dia do Mecanico\"},{\"@type\":\"BreadcrumbList\",\"@id\":\"https:\\\/\\\/jornaldasoficinas.com\\\/pt\\\/wayfer-recebe-criancas-e-jovens-no-dia-do-mecanico\\\/#breadcrumb\",\"itemListElement\":[{\"@type\":\"ListItem\",\"position\":1,\"name\":\"In\u00edcio\",\"item\":\"https:\\\/\\\/jornaldasoficinas.com\\\/pt\\\/\"},{\"@type\":\"ListItem\",\"position\":2,\"name\":\"Wayfer recebe crian\u00e7as e jovens no \u201cDia do Mec\u00e2nico\u201d\"}]},{\"@type\":\"WebSite\",\"@id\":\"https:\\\/\\\/jornaldasoficinas.com\\\/pt\\\/#website\",\"url\":\"https:\\\/\\\/jornaldasoficinas.com\\\/pt\\\/\",\"name\":\"Jornal das Oficinas\",\"description\":\"Jornal independente do Aftermarket Autom\u00f3vel em Portugal\",\"publisher\":{\"@id\":\"https:\\\/\\\/jornaldasoficinas.com\\\/pt\\\/#organization\"},\"potentialAction\":[{\"@type\":\"SearchAction\",\"target\":{\"@type\":\"EntryPoint\",\"urlTemplate\":\"https:\\\/\\\/jornaldasoficinas.com\\\/pt\\\/?s={search_term_string}\"},\"query-input\":{\"@type\":\"PropertyValueSpecification\",\"valueRequired\":true,\"valueName\":\"search_term_string\"}}],\"inLanguage\":\"pt-PT\"},{\"@type\":\"Organization\",\"@id\":\"https:\\\/\\\/jornaldasoficinas.com\\\/pt\\\/#organization\",\"name\":\"Jornal das Oficinas\",\"url\":\"https:\\\/\\\/jornaldasoficinas.com\\\/pt\\\/\",\"logo\":{\"@type\":\"ImageObject\",\"inLanguage\":\"pt-PT\",\"@id\":\"https:\\\/\\\/jornaldasoficinas.com\\\/pt\\\/#\\\/schema\\\/logo\\\/image\\\/\",\"url\":\"https:\\\/\\\/jornaldasoficinas.com\\\/pt\\\/wp-content\\\/uploads\\\/logoJO-SEO.png\",\"contentUrl\":\"https:\\\/\\\/jornaldasoficinas.com\\\/pt\\\/wp-content\\\/uploads\\\/logoJO-SEO.png\",\"width\":285,\"height\":450,\"caption\":\"Jornal das Oficinas\"},\"image\":{\"@id\":\"https:\\\/\\\/jornaldasoficinas.com\\\/pt\\\/#\\\/schema\\\/logo\\\/image\\\/\"},\"sameAs\":[\"https:\\\/\\\/www.facebook.com\\\/jornaloficinas\",\"https:\\\/\\\/x.com\\\/jornaloficinas\",\"https:\\\/\\\/www.instagram.com\\\/jornal_oficinas\\\/\",\"https:\\\/\\\/www.linkedin.com\\\/company\\\/jornal-das-oficinas\\\/\",\"https:\\\/\\\/www.youtube.com\\\/channel\\\/UCbQZBqtcvV-oSQrr7RzINGg\"]},{\"@type\":\"Person\",\"@id\":\"https:\\\/\\\/jornaldasoficinas.com\\\/pt\\\/#\\\/schema\\\/person\\\/a38eef5de2c41d9e7c9ac10141afddf3\",\"name\":\"Reda\u00e7\u00e3o JO\",\"image\":{\"@type\":\"ImageObject\",\"inLanguage\":\"pt-PT\",\"@id\":\"https:\\\/\\\/secure.gravatar.com\\\/avatar\\\/71f2fa71737ad68a84fea94bc708ddac8ea5b0c4788dc2ad202f3ccb2887742f?s=96&d=wp_user_avatar&r=g\",\"url\":\"https:\\\/\\\/secure.gravatar.com\\\/avatar\\\/71f2fa71737ad68a84fea94bc708ddac8ea5b0c4788dc2ad202f3ccb2887742f?s=96&d=wp_user_avatar&r=g\",\"contentUrl\":\"https:\\\/\\\/secure.gravatar.com\\\/avatar\\\/71f2fa71737ad68a84fea94bc708ddac8ea5b0c4788dc2ad202f3ccb2887742f?s=96&d=wp_user_avatar&r=g\",\"caption\":\"Reda\u00e7\u00e3o JO\"},\"url\":\"https:\\\/\\\/jornaldasoficinas.com\\\/pt\\\/author\\\/joredacao\\\/\"}]}<\/script>\n<!-- \/ Yoast SEO plugin. -->","yoast_head_json":{"title":"Wayfer recebe crian\u00e7as e jovens no \u201cDia do Mec\u00e2nico\u201d - Jornal das Oficinas","description":"A Wayfer promoveu uma iniciativa denominada \"Dia do Mec\u00e2nico\", que permitiu \u00e0s crian\u00e7as, jovens e adultos explorar o mundo da mec\u00e2nica","robots":{"index":"index","follow":"follow","max-snippet":"max-snippet:-1","max-image-preview":"max-image-preview:large","max-video-preview":"max-video-preview:-1"},"canonical":"https:\/\/jornaldasoficinas.com\/pt\/wayfer-recebe-criancas-e-jovens-no-dia-do-mecanico\/","og_locale":"pt_PT","og_type":"article","og_title":"Wayfer recebe crian\u00e7as e jovens no \u201cDia do Mec\u00e2nico\u201d - Jornal das Oficinas","og_description":"A Wayfer promoveu uma iniciativa denominada \"Dia do Mec\u00e2nico\", que permitiu \u00e0s crian\u00e7as, jovens e adultos explorar o mundo da mec\u00e2nica","og_url":"https:\/\/jornaldasoficinas.com\/pt\/wayfer-recebe-criancas-e-jovens-no-dia-do-mecanico\/","og_site_name":"Jornal das Oficinas","article_publisher":"https:\/\/www.facebook.com\/jornaloficinas","article_published_time":"2025-01-02T18:00:41+00:00","og_image":[{"width":1024,"height":581,"url":"https:\/\/jornaldasoficinas.com\/pt\/wp-content\/uploads\/2025\/01\/Wayfer-recebe-criancas-e-jovens-no-Dia-do-Mecanico.jpg","type":"image\/jpeg"}],"author":"Reda\u00e7\u00e3o JO","twitter_card":"summary_large_image","twitter_creator":"@jornaloficinas","twitter_site":"@jornaloficinas","twitter_misc":{"Escrito por":"Reda\u00e7\u00e3o JO","Tempo estimado de leitura":"3 minutos"},"schema":{"@context":"https:\/\/schema.org","@graph":[{"@type":"Article","@id":"https:\/\/jornaldasoficinas.com\/pt\/wayfer-recebe-criancas-e-jovens-no-dia-do-mecanico\/#article","isPartOf":{"@id":"https:\/\/jornaldasoficinas.com\/pt\/wayfer-recebe-criancas-e-jovens-no-dia-do-mecanico\/"},"author":{"name":"Reda\u00e7\u00e3o JO","@id":"https:\/\/jornaldasoficinas.com\/pt\/#\/schema\/person\/a38eef5de2c41d9e7c9ac10141afddf3"},"headline":"Wayfer recebe crian\u00e7as e jovens no \u201cDia do Mec\u00e2nico\u201d","datePublished":"2025-01-02T18:00:41+00:00","mainEntityOfPage":{"@id":"https:\/\/jornaldasoficinas.com\/pt\/wayfer-recebe-criancas-e-jovens-no-dia-do-mecanico\/"},"wordCount":411,"publisher":{"@id":"https:\/\/jornaldasoficinas.com\/pt\/#organization"},"image":{"@id":"https:\/\/jornaldasoficinas.com\/pt\/wayfer-recebe-criancas-e-jovens-no-dia-do-mecanico\/#primaryimage"},"thumbnailUrl":"https:\/\/jornaldasoficinas.com\/pt\/wp-content\/uploads\/2025\/01\/Wayfer-recebe-criancas-e-jovens-no-Dia-do-Mecanico.jpg","keywords":["alunos","Dia do Mec\u00e2nico","iniciativa pedag\u00f3gica","Mecatr\u00f3nica Autom\u00f3vel","mundo da mec\u00e2nica","Oficinas","Wayfer"],"articleSection":["Empresas"],"inLanguage":"pt-PT"},{"@type":"WebPage","@id":"https:\/\/jornaldasoficinas.com\/pt\/wayfer-recebe-criancas-e-jovens-no-dia-do-mecanico\/","url":"https:\/\/jornaldasoficinas.com\/pt\/wayfer-recebe-criancas-e-jovens-no-dia-do-mecanico\/","name":"Wayfer recebe crian\u00e7as e jovens no \u201cDia do Mec\u00e2nico\u201d - Jornal das Oficinas","isPartOf":{"@id":"https:\/\/jornaldasoficinas.com\/pt\/#website"},"primaryImageOfPage":{"@id":"https:\/\/jornaldasoficinas.com\/pt\/wayfer-recebe-criancas-e-jovens-no-dia-do-mecanico\/#primaryimage"},"image":{"@id":"https:\/\/jornaldasoficinas.com\/pt\/wayfer-recebe-criancas-e-jovens-no-dia-do-mecanico\/#primaryimage"},"thumbnailUrl":"https:\/\/jornaldasoficinas.com\/pt\/wp-content\/uploads\/2025\/01\/Wayfer-recebe-criancas-e-jovens-no-Dia-do-Mecanico.jpg","datePublished":"2025-01-02T18:00:41+00:00","description":"A Wayfer promoveu uma iniciativa denominada \"Dia do Mec\u00e2nico\", que permitiu \u00e0s crian\u00e7as, jovens e adultos explorar o mundo da mec\u00e2nica","breadcrumb":{"@id":"https:\/\/jornaldasoficinas.com\/pt\/wayfer-recebe-criancas-e-jovens-no-dia-do-mecanico\/#breadcrumb"},"inLanguage":"pt-PT","potentialAction":[{"@type":"ReadAction","target":["https:\/\/jornaldasoficinas.com\/pt\/wayfer-recebe-criancas-e-jovens-no-dia-do-mecanico\/"]}]},{"@type":"ImageObject","inLanguage":"pt-PT","@id":"https:\/\/jornaldasoficinas.com\/pt\/wayfer-recebe-criancas-e-jovens-no-dia-do-mecanico\/#primaryimage","url":"https:\/\/jornaldasoficinas.com\/pt\/wp-content\/uploads\/2025\/01\/Wayfer-recebe-criancas-e-jovens-no-Dia-do-Mecanico.jpg","contentUrl":"https:\/\/jornaldasoficinas.com\/pt\/wp-content\/uploads\/2025\/01\/Wayfer-recebe-criancas-e-jovens-no-Dia-do-Mecanico.jpg","width":1024,"height":581,"caption":"01 - Wayfer recebe criancas e jovens no Dia do Mecanico"},{"@type":"BreadcrumbList","@id":"https:\/\/jornaldasoficinas.com\/pt\/wayfer-recebe-criancas-e-jovens-no-dia-do-mecanico\/#breadcrumb","itemListElement":[{"@type":"ListItem","position":1,"name":"In\u00edcio","item":"https:\/\/jornaldasoficinas.com\/pt\/"},{"@type":"ListItem","position":2,"name":"Wayfer recebe crian\u00e7as e jovens no \u201cDia do Mec\u00e2nico\u201d"}]},{"@type":"WebSite","@id":"https:\/\/jornaldasoficinas.com\/pt\/#website","url":"https:\/\/jornaldasoficinas.com\/pt\/","name":"Jornal das Oficinas","description":"Jornal independente do Aftermarket Autom\u00f3vel em Portugal","publisher":{"@id":"https:\/\/jornaldasoficinas.com\/pt\/#organization"},"potentialAction":[{"@type":"SearchAction","target":{"@type":"EntryPoint","urlTemplate":"https:\/\/jornaldasoficinas.com\/pt\/?s={search_term_string}"},"query-input":{"@type":"PropertyValueSpecification","valueRequired":true,"valueName":"search_term_string"}}],"inLanguage":"pt-PT"},{"@type":"Organization","@id":"https:\/\/jornaldasoficinas.com\/pt\/#organization","name":"Jornal das Oficinas","url":"https:\/\/jornaldasoficinas.com\/pt\/","logo":{"@type":"ImageObject","inLanguage":"pt-PT","@id":"https:\/\/jornaldasoficinas.com\/pt\/#\/schema\/logo\/image\/","url":"https:\/\/jornaldasoficinas.com\/pt\/wp-content\/uploads\/logoJO-SEO.png","contentUrl":"https:\/\/jornaldasoficinas.com\/pt\/wp-content\/uploads\/logoJO-SEO.png","width":285,"height":450,"caption":"Jornal das Oficinas"},"image":{"@id":"https:\/\/jornaldasoficinas.com\/pt\/#\/schema\/logo\/image\/"},"sameAs":["https:\/\/www.facebook.com\/jornaloficinas","https:\/\/x.com\/jornaloficinas","https:\/\/www.instagram.com\/jornal_oficinas\/","https:\/\/www.linkedin.com\/company\/jornal-das-oficinas\/","https:\/\/www.youtube.com\/channel\/UCbQZBqtcvV-oSQrr7RzINGg"]},{"@type":"Person","@id":"https:\/\/jornaldasoficinas.com\/pt\/#\/schema\/person\/a38eef5de2c41d9e7c9ac10141afddf3","name":"Reda\u00e7\u00e3o JO","image":{"@type":"ImageObject","inLanguage":"pt-PT","@id":"https:\/\/secure.gravatar.com\/avatar\/71f2fa71737ad68a84fea94bc708ddac8ea5b0c4788dc2ad202f3ccb2887742f?s=96&d=wp_user_avatar&r=g","url":"https:\/\/secure.gravatar.com\/avatar\/71f2fa71737ad68a84fea94bc708ddac8ea5b0c4788dc2ad202f3ccb2887742f?s=96&d=wp_user_avatar&r=g","contentUrl":"https:\/\/secure.gravatar.com\/avatar\/71f2fa71737ad68a84fea94bc708ddac8ea5b0c4788dc2ad202f3ccb2887742f?s=96&d=wp_user_avatar&r=g","caption":"Reda\u00e7\u00e3o JO"},"url":"https:\/\/jornaldasoficinas.com\/pt\/author\/joredacao\/"}]}},"_links":{"self":[{"href":"https:\/\/jornaldasoficinas.com\/pt\/wp-json\/wp\/v2\/posts\/96016","targetHints":{"allow":["GET"]}}],"collection":[{"href":"https:\/\/jornaldasoficinas.com\/pt\/wp-json\/wp\/v2\/posts"}],"about":[{"href":"https:\/\/jornaldasoficinas.com\/pt\/wp-json\/wp\/v2\/types\/post"}],"author":[{"embeddable":true,"href":"https:\/\/jornaldasoficinas.com\/pt\/wp-json\/wp\/v2\/users\/15"}],"replies":[{"embeddable":true,"href":"https:\/\/jornaldasoficinas.com\/pt\/wp-json\/wp\/v2\/comments?post=96016"}],"version-history":[{"count":3,"href":"https:\/\/jornaldasoficinas.com\/pt\/wp-json\/wp\/v2\/posts\/96016\/revisions"}],"predecessor-version":[{"id":96022,"href":"https:\/\/jornaldasoficinas.com\/pt\/wp-json\/wp\/v2\/posts\/96016\/revisions\/96022"}],"wp:featuredmedia":[{"embeddable":true,"href":"https:\/\/jornaldasoficinas.com\/pt\/wp-json\/wp\/v2\/media\/96021"}],"wp:attachment":[{"href":"https:\/\/jornaldasoficinas.com\/pt\/wp-json\/wp\/v2\/media?parent=96016"}],"wp:term":[{"taxonomy":"category","embeddable":true,"href":"https:\/\/jornaldasoficinas.com\/pt\/wp-json\/wp\/v2\/categories?post=96016"},{"taxonomy":"post_tag","embeddable":true,"href":"https:\/\/jornaldasoficinas.com\/pt\/wp-json\/wp\/v2\/tags?post=96016"}],"curies":[{"name":"wp","href":"https:\/\/api.w.org\/{rel}","templated":true}]}}