{"id":96096,"date":"2024-12-05T20:30:30","date_gmt":"2024-12-05T20:30:30","guid":{"rendered":"https:\/\/jornaldasoficinas.com\/pt\/?p=96096"},"modified":"2025-04-01T11:55:19","modified_gmt":"2025-04-01T10:55:19","slug":"jornal-das-oficinas-de-dezembro-2024-janeiro-2025-disponivel-online","status":"publish","type":"post","link":"https:\/\/jornaldasoficinas.com\/pt\/jornal-das-oficinas-de-dezembro-2024-janeiro-2025-disponivel-online\/","title":{"rendered":"Jornal das Oficinas de dezembro 2024\/janeiro 2025 dispon\u00edvel online"},"content":{"rendered":"<p><strong><img loading=\"lazy\" decoding=\"async\" class=\"alignnone size-full wp-image-96097\" src=\"https:\/\/jornaldasoficinas.com\/pt\/wp-content\/uploads\/2025\/01\/JO220.jpg\" alt=\"01 - JO220\" width=\"1000\" height=\"567\" srcset=\"https:\/\/jornaldasoficinas.com\/pt\/wp-content\/uploads\/2025\/01\/JO220.jpg 1000w, https:\/\/jornaldasoficinas.com\/pt\/wp-content\/uploads\/2025\/01\/JO220-300x170.jpg 300w, https:\/\/jornaldasoficinas.com\/pt\/wp-content\/uploads\/2025\/01\/JO220-150x85.jpg 150w, https:\/\/jornaldasoficinas.com\/pt\/wp-content\/uploads\/2025\/01\/JO220-768x435.jpg 768w\" sizes=\"auto, (max-width: 1000px) 100vw, 1000px\" \/><\/strong><\/p>\n<p><strong>Na edi\u00e7\u00e3o de dezembro 2024\/janeiro 2025 do Jornal das Oficinas N\u00ba 220, o artigo de destaque \u00e9 sobre a Rece\u00e7\u00e3o Ativa nas oficinas. As oficinas com melhores resultados comerciais sabem bem que o seu modelo de gest\u00e3o deve basear-se no foco no cliente, d\u00e3o a import\u00e2ncia devida aos meios de que disp\u00f5em na rece\u00e7\u00e3o e veem-nos como recursos que proporcionam lucros. Mas n\u00e3o s\u00f3, fique a par dos restantes temas desta edi\u00e7\u00e3o<\/strong><\/p>\n<p>Competi\u00e7\u00e3o Melhor Mecatr\u00f3nico 2024. Na edi\u00e7\u00e3o mais disputada de sempre e exibindo o n\u00edvel mais elevado da Competi\u00e7\u00e3o, o Melhor Mecatr\u00f3nico 2024 foi ganho por Ricardo Trindade, da oficina R20 Auto, pertencente \u00e0 rede RedService.<\/p>\n<p>iQ4Y &#8211; Forma\u00e7\u00e3o especializada para oficinas. Em apenas um ano, a iQ4Y formou 300 profissionais e refor\u00e7ou parcerias estrat\u00e9gicas, consolidando-se como uma refer\u00eancia em forma\u00e7\u00e3o e inova\u00e7\u00e3o no setor autom\u00f3vel. Para al\u00e9m da oferta padr\u00e3o, oferece servi\u00e7os de forma\u00e7\u00e3o personalizada adaptados \u00e0s necessidades espec\u00edficas de cada oficina.<\/p>\n<p><strong>Entrevistas &#8211; Nesta edi\u00e7\u00e3o pode ler as seguintes entrevistas:<\/strong><\/p>\n<p>Aur\u00e9lie Jouve, diretora da <a href=\"https:\/\/www.equipauto.com\/en\/\" target=\"_blank\" rel=\"noopener\">EQUIP AUTO<\/a> Paris 2025<br \/>\nFernando Amaral, CEO <a href=\"https:\/\/www.alidata.pt\/\" target=\"_blank\" rel=\"noopener\">Alidata<\/a><br \/>\nJavier Fern\u00e1ndez, diretor de vendas da <a href=\"https:\/\/www.mewa.pt\/\" target=\"_blank\" rel=\"noopener\">Mewa<\/a> Portugal &amp; Espanha<br \/>\nJuan Ignacio Egea, diretor-geral da GS <a href=\"https:\/\/www.yuasa.es\/\" target=\"_blank\" rel=\"noopener\">Yuasa<\/a> Battery Iberia<br \/>\nLea Raya, pintora na <a href=\"https:\/\/eva-bus.com\/\" target=\"_blank\" rel=\"noopener\">EVA Transportes<\/a><br \/>\nManuel Silva, diretor-geral da <a href=\"https:\/\/lovistin.pt\/\" target=\"_blank\" rel=\"noopener\">Lovistin<\/a><br \/>\nM\u00e1rio Rodrigues, gerente da <a href=\"https:\/\/www.rodribench-lojaonline.pt\/\" target=\"_blank\" rel=\"noopener\">Rodrisystem<\/a><br \/>\nM\u00e1rio Torcato, diretor geral do SWAuto<br \/>\nMathias Bleicher, CEO da <a href=\"https:\/\/www.liqui-moly.com\/es\/\" target=\"_blank\" rel=\"noopener\">Liqui Moly<\/a> Iberia<br \/>\nMiguel Fonseca, CEO da \u00e1rea de Mobilidade e Transi\u00e7\u00e3o Energ\u00e9tica da <a href=\"https:\/\/salvadorcaetano.pt\/\" target=\"_blank\" rel=\"noopener\">Salvador Caetano Auto<\/a><br \/>\nNuno Guerra, diretor geral <a href=\"https:\/\/www.polibaterias.com\/index.php\" target=\"_blank\" rel=\"noopener\">Polibaterias<\/a><br \/>\nPaulo Oliveira, respons\u00e1vel p\u00f3s-venda da UNIVEX e Paulo Mota, respons\u00e1vel departamento pe\u00e7as da <a href=\"https:\/\/univex.pt\/\" target=\"_blank\" rel=\"noopener\">UNIVEX<\/a><br \/>\nRocio Fernandez, diretora marketing Varta e Carlos Corzo, diretor vendas Portugal <a href=\"https:\/\/www.varta-automotive.pt\/pt-pt\" target=\"_blank\" rel=\"noopener\">Varta<\/a><br \/>\nSalvador Llombart, Country Manager Champion Lubricants e Nicole Marguiles, diretora marketing <a href=\"https:\/\/pt.championlubes.com\/pt-pt\" target=\"_blank\" rel=\"noopener\">Champion Lubricants<\/a><\/p>\n<p>Gest\u00e3o: As mensagens que a oficina deve transmitir. Uma oficina deve ser transparente e mostrar ao cliente as vantagens da oficina e da marca. Deve defender a qualidade da oficina acima de qualquer outra e mostrar ao cliente as vantagens do servi\u00e7o prestado.<\/p>\n<p>Camac revitalizada com investimento do novo propriet\u00e1rio. A fabricante nacional de pneus de Portugal, <a href=\"https:\/\/www.camac.pt\/\" target=\"_blank\" rel=\"noopener\">Camac<\/a>, renasceu gra\u00e7as ao investimento significativo do seu novo propriet\u00e1rio, a empresa brit\u00e2nica <a href=\"https:\/\/novamotorsport.com\/\" target=\"_blank\" rel=\"noopener\">Nova Motorsport<\/a>.<\/p>\n<p>Podcast: Confronto de Gera\u00e7\u00f5es. Para fecharmos o ano em grande e numa altura em que estamos no m\u00eas da fam\u00edlia, o Podcast do \u201cDar Voz ao Aftermarket\u201d by Jornal das Oficinas n\u00e3o podia ser mais apropriado e fomos falar com pais e filhos que em conjunto s\u00e3o a alma do neg\u00f3cio oficinal. \u201cConfronto de Gera\u00e7\u00f5es\u201d \u00e9 este o tema do \u00faltimo podcast de 2024.<\/p>\n<p>Representante exclusiva da marca Ruzi em Portugal, a <a href=\"https:\/\/abelheira.com\/\" target=\"_blank\" rel=\"noopener\">Domingos Abelheira<\/a> Unipessoal, Lda., disponibiliza os seus produtos de alta qualidade para a repara\u00e7\u00e3o de pneus, combinando tecnologia avan\u00e7ada com pre\u00e7os competitivos e acess\u00edveis, atendendo tanto a pequenas oficinas quanto a grandes empresas do setor.<\/p>\n<p>Mais do que excelentes motivos para n\u00e3o perder uma p\u00e1gina desta edi\u00e7\u00e3o! Boa leitura.<\/p>\n<p><iframe loading=\"lazy\" src=\"https:\/\/www.yumpu.com\/pt\/embed\/view\/GjHoWNuvL3P8Qp7z\" width=\"620px\" height=\"400px\" frameborder=\"0\" allowfullscreen=\"allowfullscreen\"><span style=\"display: inline-block; width: 0px; overflow: hidden; line-height: 0;\" data-mce-type=\"bookmark\" class=\"mce_SELRES_start\">\ufeff<\/span><\/iframe><\/p>\n","protected":false},"excerpt":{"rendered":"<p>Na edi\u00e7\u00e3o de dezembro 2024\/janeiro 2025&#8230;<\/p>\n","protected":false},"author":15,"featured_media":96097,"comment_status":"closed","ping_status":"closed","sticky":false,"template":"","format":"standard","meta":{"footnotes":""},"categories":[411],"tags":[122,11592,1934,11325,11596,11595,208,11588,272,604,669,11593,394,11589,11594,5957,11590,11591,728,5527],"class_list":["post-96096","post","type-post","status-publish","format-standard","has-post-thumbnail","hentry","category-edicoes-jo","tag-alidata","tag-camac","tag-champion-lubricants","tag-confronto-de-geracoes","tag-dezembro-2024-janeiro-2025","tag-domingos-abelheira","tag-equip-auto","tag-eva-transportes","tag-liqui-moly","tag-lovistin","tag-mewa","tag-nova-motorsport","tag-polibaterias","tag-rodrisystem","tag-ruzi","tag-salvador-caetano-auto","tag-swauto","tag-univex","tag-varta","tag-yuasa-battery"],"yoast_head":"<!-- This site is optimized with the Yoast SEO plugin v27.4 - https:\/\/yoast.com\/product\/yoast-seo-wordpress\/ -->\n<title>Jornal das Oficinas de dezembro 2024\/janeiro 2025 dispon\u00edvel online - Jornal das Oficinas<\/title>\n<meta name=\"description\" content=\"Na edi\u00e7\u00e3o de dezembro 2024\/janeiro 2025 do Jornal das Oficinas N\u00ba 220, o artigo de destaque \u00e9 sobre a Rece\u00e7\u00e3o Ativa nas oficinas\" \/>\n<meta name=\"robots\" content=\"index, follow, max-snippet:-1, max-image-preview:large, max-video-preview:-1\" \/>\n<link rel=\"canonical\" href=\"https:\/\/jornaldasoficinas.com\/pt\/jornal-das-oficinas-de-dezembro-2024-janeiro-2025-disponivel-online\/\" \/>\n<meta property=\"og:locale\" content=\"pt_PT\" \/>\n<meta property=\"og:type\" content=\"article\" \/>\n<meta property=\"og:title\" content=\"Jornal das Oficinas de dezembro 2024\/janeiro 2025 dispon\u00edvel online - Jornal das Oficinas\" \/>\n<meta property=\"og:description\" content=\"Na edi\u00e7\u00e3o de dezembro 2024\/janeiro 2025 do Jornal das Oficinas N\u00ba 220, o artigo de destaque \u00e9 sobre a Rece\u00e7\u00e3o Ativa nas oficinas\" \/>\n<meta property=\"og:url\" content=\"https:\/\/jornaldasoficinas.com\/pt\/jornal-das-oficinas-de-dezembro-2024-janeiro-2025-disponivel-online\/\" \/>\n<meta property=\"og:site_name\" content=\"Jornal das Oficinas\" \/>\n<meta property=\"article:publisher\" content=\"https:\/\/www.facebook.com\/jornaloficinas\" \/>\n<meta property=\"article:published_time\" content=\"2024-12-05T20:30:30+00:00\" \/>\n<meta property=\"article:modified_time\" content=\"2025-04-01T10:55:19+00:00\" \/>\n<meta property=\"og:image\" content=\"https:\/\/jornaldasoficinas.com\/pt\/wp-content\/uploads\/2025\/01\/JO220.jpg\" \/>\n\t<meta property=\"og:image:width\" content=\"1000\" \/>\n\t<meta property=\"og:image:height\" content=\"567\" \/>\n\t<meta property=\"og:image:type\" content=\"image\/jpeg\" \/>\n<meta name=\"author\" content=\"Reda\u00e7\u00e3o JO\" \/>\n<meta name=\"twitter:card\" content=\"summary_large_image\" \/>\n<meta name=\"twitter:creator\" content=\"@jornaloficinas\" \/>\n<meta name=\"twitter:site\" content=\"@jornaloficinas\" \/>\n<meta name=\"twitter:label1\" content=\"Escrito por\" \/>\n\t<meta name=\"twitter:data1\" content=\"Reda\u00e7\u00e3o JO\" \/>\n\t<meta name=\"twitter:label2\" content=\"Tempo estimado de leitura\" \/>\n\t<meta name=\"twitter:data2\" content=\"4 minutos\" \/>\n<script type=\"application\/ld+json\" class=\"yoast-schema-graph\">{\"@context\":\"https:\\\/\\\/schema.org\",\"@graph\":[{\"@type\":\"Article\",\"@id\":\"https:\\\/\\\/jornaldasoficinas.com\\\/pt\\\/jornal-das-oficinas-de-dezembro-2024-janeiro-2025-disponivel-online\\\/#article\",\"isPartOf\":{\"@id\":\"https:\\\/\\\/jornaldasoficinas.com\\\/pt\\\/jornal-das-oficinas-de-dezembro-2024-janeiro-2025-disponivel-online\\\/\"},\"author\":{\"name\":\"Reda\u00e7\u00e3o JO\",\"@id\":\"https:\\\/\\\/jornaldasoficinas.com\\\/pt\\\/#\\\/schema\\\/person\\\/a38eef5de2c41d9e7c9ac10141afddf3\"},\"headline\":\"Jornal das Oficinas de dezembro 2024\\\/janeiro 2025 dispon\u00edvel online\",\"datePublished\":\"2024-12-05T20:30:30+00:00\",\"dateModified\":\"2025-04-01T10:55:19+00:00\",\"mainEntityOfPage\":{\"@id\":\"https:\\\/\\\/jornaldasoficinas.com\\\/pt\\\/jornal-das-oficinas-de-dezembro-2024-janeiro-2025-disponivel-online\\\/\"},\"wordCount\":533,\"publisher\":{\"@id\":\"https:\\\/\\\/jornaldasoficinas.com\\\/pt\\\/#organization\"},\"image\":{\"@id\":\"https:\\\/\\\/jornaldasoficinas.com\\\/pt\\\/jornal-das-oficinas-de-dezembro-2024-janeiro-2025-disponivel-online\\\/#primaryimage\"},\"thumbnailUrl\":\"https:\\\/\\\/jornaldasoficinas.com\\\/pt\\\/wp-content\\\/uploads\\\/2025\\\/01\\\/JO220.jpg\",\"keywords\":[\"Alidata\",\"Camac\",\"Champion Lubricants\",\"Confronto de Gera\u00e7\u00f5es\",\"dezembro 2024\\\/janeiro 2025\",\"Domingos Abelheira\",\"Equip Auto\",\"EVA Transportes\",\"LIQUI MOLY\",\"lovistin\",\"MEWA\",\"Nova Motorsport\",\"Polibaterias\",\"Rodrisystem\",\"Ruzi\",\"Salvador Caetano Auto\",\"SWAuto\",\"UNIVEX\",\"VARTA\",\"Yuasa Battery\"],\"articleSection\":[\"Edi\u00e7\u00f5es JO\"],\"inLanguage\":\"pt-PT\"},{\"@type\":\"WebPage\",\"@id\":\"https:\\\/\\\/jornaldasoficinas.com\\\/pt\\\/jornal-das-oficinas-de-dezembro-2024-janeiro-2025-disponivel-online\\\/\",\"url\":\"https:\\\/\\\/jornaldasoficinas.com\\\/pt\\\/jornal-das-oficinas-de-dezembro-2024-janeiro-2025-disponivel-online\\\/\",\"name\":\"Jornal das Oficinas de dezembro 2024\\\/janeiro 2025 dispon\u00edvel online - Jornal das Oficinas\",\"isPartOf\":{\"@id\":\"https:\\\/\\\/jornaldasoficinas.com\\\/pt\\\/#website\"},\"primaryImageOfPage\":{\"@id\":\"https:\\\/\\\/jornaldasoficinas.com\\\/pt\\\/jornal-das-oficinas-de-dezembro-2024-janeiro-2025-disponivel-online\\\/#primaryimage\"},\"image\":{\"@id\":\"https:\\\/\\\/jornaldasoficinas.com\\\/pt\\\/jornal-das-oficinas-de-dezembro-2024-janeiro-2025-disponivel-online\\\/#primaryimage\"},\"thumbnailUrl\":\"https:\\\/\\\/jornaldasoficinas.com\\\/pt\\\/wp-content\\\/uploads\\\/2025\\\/01\\\/JO220.jpg\",\"datePublished\":\"2024-12-05T20:30:30+00:00\",\"dateModified\":\"2025-04-01T10:55:19+00:00\",\"description\":\"Na edi\u00e7\u00e3o de dezembro 2024\\\/janeiro 2025 do Jornal das Oficinas N\u00ba 220, o artigo de destaque \u00e9 sobre a Rece\u00e7\u00e3o Ativa nas oficinas\",\"breadcrumb\":{\"@id\":\"https:\\\/\\\/jornaldasoficinas.com\\\/pt\\\/jornal-das-oficinas-de-dezembro-2024-janeiro-2025-disponivel-online\\\/#breadcrumb\"},\"inLanguage\":\"pt-PT\",\"potentialAction\":[{\"@type\":\"ReadAction\",\"target\":[\"https:\\\/\\\/jornaldasoficinas.com\\\/pt\\\/jornal-das-oficinas-de-dezembro-2024-janeiro-2025-disponivel-online\\\/\"]}]},{\"@type\":\"ImageObject\",\"inLanguage\":\"pt-PT\",\"@id\":\"https:\\\/\\\/jornaldasoficinas.com\\\/pt\\\/jornal-das-oficinas-de-dezembro-2024-janeiro-2025-disponivel-online\\\/#primaryimage\",\"url\":\"https:\\\/\\\/jornaldasoficinas.com\\\/pt\\\/wp-content\\\/uploads\\\/2025\\\/01\\\/JO220.jpg\",\"contentUrl\":\"https:\\\/\\\/jornaldasoficinas.com\\\/pt\\\/wp-content\\\/uploads\\\/2025\\\/01\\\/JO220.jpg\",\"width\":1000,\"height\":567,\"caption\":\"01 - JO220\"},{\"@type\":\"BreadcrumbList\",\"@id\":\"https:\\\/\\\/jornaldasoficinas.com\\\/pt\\\/jornal-das-oficinas-de-dezembro-2024-janeiro-2025-disponivel-online\\\/#breadcrumb\",\"itemListElement\":[{\"@type\":\"ListItem\",\"position\":1,\"name\":\"In\u00edcio\",\"item\":\"https:\\\/\\\/jornaldasoficinas.com\\\/pt\\\/\"},{\"@type\":\"ListItem\",\"position\":2,\"name\":\"Jornal das Oficinas de dezembro 2024\\\/janeiro 2025 dispon\u00edvel online\"}]},{\"@type\":\"WebSite\",\"@id\":\"https:\\\/\\\/jornaldasoficinas.com\\\/pt\\\/#website\",\"url\":\"https:\\\/\\\/jornaldasoficinas.com\\\/pt\\\/\",\"name\":\"Jornal das Oficinas\",\"description\":\"Jornal independente do Aftermarket Autom\u00f3vel em Portugal\",\"publisher\":{\"@id\":\"https:\\\/\\\/jornaldasoficinas.com\\\/pt\\\/#organization\"},\"potentialAction\":[{\"@type\":\"SearchAction\",\"target\":{\"@type\":\"EntryPoint\",\"urlTemplate\":\"https:\\\/\\\/jornaldasoficinas.com\\\/pt\\\/?s={search_term_string}\"},\"query-input\":{\"@type\":\"PropertyValueSpecification\",\"valueRequired\":true,\"valueName\":\"search_term_string\"}}],\"inLanguage\":\"pt-PT\"},{\"@type\":\"Organization\",\"@id\":\"https:\\\/\\\/jornaldasoficinas.com\\\/pt\\\/#organization\",\"name\":\"Jornal das Oficinas\",\"url\":\"https:\\\/\\\/jornaldasoficinas.com\\\/pt\\\/\",\"logo\":{\"@type\":\"ImageObject\",\"inLanguage\":\"pt-PT\",\"@id\":\"https:\\\/\\\/jornaldasoficinas.com\\\/pt\\\/#\\\/schema\\\/logo\\\/image\\\/\",\"url\":\"https:\\\/\\\/jornaldasoficinas.com\\\/pt\\\/wp-content\\\/uploads\\\/logoJO-SEO.png\",\"contentUrl\":\"https:\\\/\\\/jornaldasoficinas.com\\\/pt\\\/wp-content\\\/uploads\\\/logoJO-SEO.png\",\"width\":285,\"height\":450,\"caption\":\"Jornal das Oficinas\"},\"image\":{\"@id\":\"https:\\\/\\\/jornaldasoficinas.com\\\/pt\\\/#\\\/schema\\\/logo\\\/image\\\/\"},\"sameAs\":[\"https:\\\/\\\/www.facebook.com\\\/jornaloficinas\",\"https:\\\/\\\/x.com\\\/jornaloficinas\",\"https:\\\/\\\/www.instagram.com\\\/jornal_oficinas\\\/\",\"https:\\\/\\\/www.linkedin.com\\\/company\\\/jornal-das-oficinas\\\/\",\"https:\\\/\\\/www.youtube.com\\\/channel\\\/UCbQZBqtcvV-oSQrr7RzINGg\"]},{\"@type\":\"Person\",\"@id\":\"https:\\\/\\\/jornaldasoficinas.com\\\/pt\\\/#\\\/schema\\\/person\\\/a38eef5de2c41d9e7c9ac10141afddf3\",\"name\":\"Reda\u00e7\u00e3o JO\",\"image\":{\"@type\":\"ImageObject\",\"inLanguage\":\"pt-PT\",\"@id\":\"https:\\\/\\\/secure.gravatar.com\\\/avatar\\\/71f2fa71737ad68a84fea94bc708ddac8ea5b0c4788dc2ad202f3ccb2887742f?s=96&d=wp_user_avatar&r=g\",\"url\":\"https:\\\/\\\/secure.gravatar.com\\\/avatar\\\/71f2fa71737ad68a84fea94bc708ddac8ea5b0c4788dc2ad202f3ccb2887742f?s=96&d=wp_user_avatar&r=g\",\"contentUrl\":\"https:\\\/\\\/secure.gravatar.com\\\/avatar\\\/71f2fa71737ad68a84fea94bc708ddac8ea5b0c4788dc2ad202f3ccb2887742f?s=96&d=wp_user_avatar&r=g\",\"caption\":\"Reda\u00e7\u00e3o JO\"},\"url\":\"https:\\\/\\\/jornaldasoficinas.com\\\/pt\\\/author\\\/joredacao\\\/\"}]}<\/script>\n<!-- \/ Yoast SEO plugin. -->","yoast_head_json":{"title":"Jornal das Oficinas de dezembro 2024\/janeiro 2025 dispon\u00edvel online - Jornal das Oficinas","description":"Na edi\u00e7\u00e3o de dezembro 2024\/janeiro 2025 do Jornal das Oficinas N\u00ba 220, o artigo de destaque \u00e9 sobre a Rece\u00e7\u00e3o Ativa nas oficinas","robots":{"index":"index","follow":"follow","max-snippet":"max-snippet:-1","max-image-preview":"max-image-preview:large","max-video-preview":"max-video-preview:-1"},"canonical":"https:\/\/jornaldasoficinas.com\/pt\/jornal-das-oficinas-de-dezembro-2024-janeiro-2025-disponivel-online\/","og_locale":"pt_PT","og_type":"article","og_title":"Jornal das Oficinas de dezembro 2024\/janeiro 2025 dispon\u00edvel online - Jornal das Oficinas","og_description":"Na edi\u00e7\u00e3o de dezembro 2024\/janeiro 2025 do Jornal das Oficinas N\u00ba 220, o artigo de destaque \u00e9 sobre a Rece\u00e7\u00e3o Ativa nas oficinas","og_url":"https:\/\/jornaldasoficinas.com\/pt\/jornal-das-oficinas-de-dezembro-2024-janeiro-2025-disponivel-online\/","og_site_name":"Jornal das Oficinas","article_publisher":"https:\/\/www.facebook.com\/jornaloficinas","article_published_time":"2024-12-05T20:30:30+00:00","article_modified_time":"2025-04-01T10:55:19+00:00","og_image":[{"width":1000,"height":567,"url":"https:\/\/jornaldasoficinas.com\/pt\/wp-content\/uploads\/2025\/01\/JO220.jpg","type":"image\/jpeg"}],"author":"Reda\u00e7\u00e3o JO","twitter_card":"summary_large_image","twitter_creator":"@jornaloficinas","twitter_site":"@jornaloficinas","twitter_misc":{"Escrito por":"Reda\u00e7\u00e3o JO","Tempo estimado de leitura":"4 minutos"},"schema":{"@context":"https:\/\/schema.org","@graph":[{"@type":"Article","@id":"https:\/\/jornaldasoficinas.com\/pt\/jornal-das-oficinas-de-dezembro-2024-janeiro-2025-disponivel-online\/#article","isPartOf":{"@id":"https:\/\/jornaldasoficinas.com\/pt\/jornal-das-oficinas-de-dezembro-2024-janeiro-2025-disponivel-online\/"},"author":{"name":"Reda\u00e7\u00e3o JO","@id":"https:\/\/jornaldasoficinas.com\/pt\/#\/schema\/person\/a38eef5de2c41d9e7c9ac10141afddf3"},"headline":"Jornal das Oficinas de dezembro 2024\/janeiro 2025 dispon\u00edvel online","datePublished":"2024-12-05T20:30:30+00:00","dateModified":"2025-04-01T10:55:19+00:00","mainEntityOfPage":{"@id":"https:\/\/jornaldasoficinas.com\/pt\/jornal-das-oficinas-de-dezembro-2024-janeiro-2025-disponivel-online\/"},"wordCount":533,"publisher":{"@id":"https:\/\/jornaldasoficinas.com\/pt\/#organization"},"image":{"@id":"https:\/\/jornaldasoficinas.com\/pt\/jornal-das-oficinas-de-dezembro-2024-janeiro-2025-disponivel-online\/#primaryimage"},"thumbnailUrl":"https:\/\/jornaldasoficinas.com\/pt\/wp-content\/uploads\/2025\/01\/JO220.jpg","keywords":["Alidata","Camac","Champion Lubricants","Confronto de Gera\u00e7\u00f5es","dezembro 2024\/janeiro 2025","Domingos Abelheira","Equip Auto","EVA Transportes","LIQUI MOLY","lovistin","MEWA","Nova Motorsport","Polibaterias","Rodrisystem","Ruzi","Salvador Caetano Auto","SWAuto","UNIVEX","VARTA","Yuasa Battery"],"articleSection":["Edi\u00e7\u00f5es JO"],"inLanguage":"pt-PT"},{"@type":"WebPage","@id":"https:\/\/jornaldasoficinas.com\/pt\/jornal-das-oficinas-de-dezembro-2024-janeiro-2025-disponivel-online\/","url":"https:\/\/jornaldasoficinas.com\/pt\/jornal-das-oficinas-de-dezembro-2024-janeiro-2025-disponivel-online\/","name":"Jornal das Oficinas de dezembro 2024\/janeiro 2025 dispon\u00edvel online - Jornal das Oficinas","isPartOf":{"@id":"https:\/\/jornaldasoficinas.com\/pt\/#website"},"primaryImageOfPage":{"@id":"https:\/\/jornaldasoficinas.com\/pt\/jornal-das-oficinas-de-dezembro-2024-janeiro-2025-disponivel-online\/#primaryimage"},"image":{"@id":"https:\/\/jornaldasoficinas.com\/pt\/jornal-das-oficinas-de-dezembro-2024-janeiro-2025-disponivel-online\/#primaryimage"},"thumbnailUrl":"https:\/\/jornaldasoficinas.com\/pt\/wp-content\/uploads\/2025\/01\/JO220.jpg","datePublished":"2024-12-05T20:30:30+00:00","dateModified":"2025-04-01T10:55:19+00:00","description":"Na edi\u00e7\u00e3o de dezembro 2024\/janeiro 2025 do Jornal das Oficinas N\u00ba 220, o artigo de destaque \u00e9 sobre a Rece\u00e7\u00e3o Ativa nas oficinas","breadcrumb":{"@id":"https:\/\/jornaldasoficinas.com\/pt\/jornal-das-oficinas-de-dezembro-2024-janeiro-2025-disponivel-online\/#breadcrumb"},"inLanguage":"pt-PT","potentialAction":[{"@type":"ReadAction","target":["https:\/\/jornaldasoficinas.com\/pt\/jornal-das-oficinas-de-dezembro-2024-janeiro-2025-disponivel-online\/"]}]},{"@type":"ImageObject","inLanguage":"pt-PT","@id":"https:\/\/jornaldasoficinas.com\/pt\/jornal-das-oficinas-de-dezembro-2024-janeiro-2025-disponivel-online\/#primaryimage","url":"https:\/\/jornaldasoficinas.com\/pt\/wp-content\/uploads\/2025\/01\/JO220.jpg","contentUrl":"https:\/\/jornaldasoficinas.com\/pt\/wp-content\/uploads\/2025\/01\/JO220.jpg","width":1000,"height":567,"caption":"01 - JO220"},{"@type":"BreadcrumbList","@id":"https:\/\/jornaldasoficinas.com\/pt\/jornal-das-oficinas-de-dezembro-2024-janeiro-2025-disponivel-online\/#breadcrumb","itemListElement":[{"@type":"ListItem","position":1,"name":"In\u00edcio","item":"https:\/\/jornaldasoficinas.com\/pt\/"},{"@type":"ListItem","position":2,"name":"Jornal das Oficinas de dezembro 2024\/janeiro 2025 dispon\u00edvel online"}]},{"@type":"WebSite","@id":"https:\/\/jornaldasoficinas.com\/pt\/#website","url":"https:\/\/jornaldasoficinas.com\/pt\/","name":"Jornal das Oficinas","description":"Jornal independente do Aftermarket Autom\u00f3vel em Portugal","publisher":{"@id":"https:\/\/jornaldasoficinas.com\/pt\/#organization"},"potentialAction":[{"@type":"SearchAction","target":{"@type":"EntryPoint","urlTemplate":"https:\/\/jornaldasoficinas.com\/pt\/?s={search_term_string}"},"query-input":{"@type":"PropertyValueSpecification","valueRequired":true,"valueName":"search_term_string"}}],"inLanguage":"pt-PT"},{"@type":"Organization","@id":"https:\/\/jornaldasoficinas.com\/pt\/#organization","name":"Jornal das Oficinas","url":"https:\/\/jornaldasoficinas.com\/pt\/","logo":{"@type":"ImageObject","inLanguage":"pt-PT","@id":"https:\/\/jornaldasoficinas.com\/pt\/#\/schema\/logo\/image\/","url":"https:\/\/jornaldasoficinas.com\/pt\/wp-content\/uploads\/logoJO-SEO.png","contentUrl":"https:\/\/jornaldasoficinas.com\/pt\/wp-content\/uploads\/logoJO-SEO.png","width":285,"height":450,"caption":"Jornal das Oficinas"},"image":{"@id":"https:\/\/jornaldasoficinas.com\/pt\/#\/schema\/logo\/image\/"},"sameAs":["https:\/\/www.facebook.com\/jornaloficinas","https:\/\/x.com\/jornaloficinas","https:\/\/www.instagram.com\/jornal_oficinas\/","https:\/\/www.linkedin.com\/company\/jornal-das-oficinas\/","https:\/\/www.youtube.com\/channel\/UCbQZBqtcvV-oSQrr7RzINGg"]},{"@type":"Person","@id":"https:\/\/jornaldasoficinas.com\/pt\/#\/schema\/person\/a38eef5de2c41d9e7c9ac10141afddf3","name":"Reda\u00e7\u00e3o JO","image":{"@type":"ImageObject","inLanguage":"pt-PT","@id":"https:\/\/secure.gravatar.com\/avatar\/71f2fa71737ad68a84fea94bc708ddac8ea5b0c4788dc2ad202f3ccb2887742f?s=96&d=wp_user_avatar&r=g","url":"https:\/\/secure.gravatar.com\/avatar\/71f2fa71737ad68a84fea94bc708ddac8ea5b0c4788dc2ad202f3ccb2887742f?s=96&d=wp_user_avatar&r=g","contentUrl":"https:\/\/secure.gravatar.com\/avatar\/71f2fa71737ad68a84fea94bc708ddac8ea5b0c4788dc2ad202f3ccb2887742f?s=96&d=wp_user_avatar&r=g","caption":"Reda\u00e7\u00e3o JO"},"url":"https:\/\/jornaldasoficinas.com\/pt\/author\/joredacao\/"}]}},"_links":{"self":[{"href":"https:\/\/jornaldasoficinas.com\/pt\/wp-json\/wp\/v2\/posts\/96096","targetHints":{"allow":["GET"]}}],"collection":[{"href":"https:\/\/jornaldasoficinas.com\/pt\/wp-json\/wp\/v2\/posts"}],"about":[{"href":"https:\/\/jornaldasoficinas.com\/pt\/wp-json\/wp\/v2\/types\/post"}],"author":[{"embeddable":true,"href":"https:\/\/jornaldasoficinas.com\/pt\/wp-json\/wp\/v2\/users\/15"}],"replies":[{"embeddable":true,"href":"https:\/\/jornaldasoficinas.com\/pt\/wp-json\/wp\/v2\/comments?post=96096"}],"version-history":[{"count":8,"href":"https:\/\/jornaldasoficinas.com\/pt\/wp-json\/wp\/v2\/posts\/96096\/revisions"}],"predecessor-version":[{"id":96147,"href":"https:\/\/jornaldasoficinas.com\/pt\/wp-json\/wp\/v2\/posts\/96096\/revisions\/96147"}],"wp:featuredmedia":[{"embeddable":true,"href":"https:\/\/jornaldasoficinas.com\/pt\/wp-json\/wp\/v2\/media\/96097"}],"wp:attachment":[{"href":"https:\/\/jornaldasoficinas.com\/pt\/wp-json\/wp\/v2\/media?parent=96096"}],"wp:term":[{"taxonomy":"category","embeddable":true,"href":"https:\/\/jornaldasoficinas.com\/pt\/wp-json\/wp\/v2\/categories?post=96096"},{"taxonomy":"post_tag","embeddable":true,"href":"https:\/\/jornaldasoficinas.com\/pt\/wp-json\/wp\/v2\/tags?post=96096"}],"curies":[{"name":"wp","href":"https:\/\/api.w.org\/{rel}","templated":true}]}}