{"id":96184,"date":"2025-01-06T18:00:45","date_gmt":"2025-01-06T18:00:45","guid":{"rendered":"https:\/\/jornaldasoficinas.com\/pt\/?p=96184"},"modified":"2025-01-06T17:53:18","modified_gmt":"2025-01-06T17:53:18","slug":"borg-automotive-newman-tem-novo-gestor-de-vendas-iberico","status":"publish","type":"post","link":"https:\/\/jornaldasoficinas.com\/pt\/borg-automotive-newman-tem-novo-gestor-de-vendas-iberico\/","title":{"rendered":"BORG Automotive Newman tem novo gestor de vendas ib\u00e9rico"},"content":{"rendered":"<p><strong><img loading=\"lazy\" decoding=\"async\" class=\"alignnone size-full wp-image-96187\" src=\"https:\/\/jornaldasoficinas.com\/pt\/wp-content\/uploads\/2025\/01\/BORG-Automotive-Newman-tem-novo-gestor-de-vendas-iberico.png\" alt=\"01 - BORG Automotive Newman tem novo gestor de vendas iberico\" width=\"1024\" height=\"581\" srcset=\"https:\/\/jornaldasoficinas.com\/pt\/wp-content\/uploads\/2025\/01\/BORG-Automotive-Newman-tem-novo-gestor-de-vendas-iberico.png 1024w, https:\/\/jornaldasoficinas.com\/pt\/wp-content\/uploads\/2025\/01\/BORG-Automotive-Newman-tem-novo-gestor-de-vendas-iberico-300x170.png 300w, https:\/\/jornaldasoficinas.com\/pt\/wp-content\/uploads\/2025\/01\/BORG-Automotive-Newman-tem-novo-gestor-de-vendas-iberico-150x85.png 150w, https:\/\/jornaldasoficinas.com\/pt\/wp-content\/uploads\/2025\/01\/BORG-Automotive-Newman-tem-novo-gestor-de-vendas-iberico-768x436.png 768w\" sizes=\"auto, (max-width: 1024px) 100vw, 1024px\" \/><\/strong><\/p>\n<p><strong>A <a href=\"https:\/\/borgautomotive-newman.com\/\" target=\"_blank\" rel=\"noopener\">BORG Automotive Newman<\/a> (anteriormente SBS Automotive), acaba de anunciar a chegada de Alberto Rodr\u00edguez Gonz\u00e1lez como novo gestor de vendas para Portugal e Espanha<\/strong><\/p>\n<p>Com uma s\u00f3lida experi\u00eancia na ind\u00fastria autom\u00f3vel e uma paix\u00e3o pelo desenvolvimento de neg\u00f3cios, Alberto Rodr\u00edguez Gonz\u00e1lez ir\u00e1 trazer &#8220;uma nova energia e conhecimento \u00e0 equipa, \u00e0 medida que a empresa refor\u00e7a a sua presen\u00e7a nos mercados espanhol e portugu\u00eas&#8221;, avan\u00e7ou a BORG Automotive Newman em comunicado.<\/p>\n<p>&#8220;Sou um jovem profissional com mais de nove anos de experi\u00eancia no setor autom\u00f3vel, uma \u00e1rea pela qual sou profundamente apaixonado. Constru\u00ed uma carreira s\u00f3lida tanto no com\u00e9rcio internacional quanto no desenvolvimento de neg\u00f3cios, com especializa\u00e7\u00e3o na expans\u00e3o de mercados em regi\u00f5es como Estados Unidos, Am\u00e9rica Latina, Austr\u00e1lia e, principalmente, Europa&#8221;, partilhou Alberto Gonz\u00e1lez.<\/p>\n<p>&#8220;A minha jornada profissional come\u00e7ou na Ajusa, um fabricante globalmente reconhecido, onde cresci tanto ao n\u00edvel pessoal quanto profissional. Trabalhei em diversos departamentos, assumindo eventualmente a responsabilidade pelo departamento comercial dedicado a fabricantes de equipamentos originais (OEMs) e especialistas em turbos&#8221;, acrescentou.<\/p>\n<p>&#8220;Ter um gestor de vendas dedicado em Espanha e Portugal reflete a estrat\u00e9gia da BORG Automotive Newman de estar mais pr\u00f3xima dos mercados e dos seus clientes&#8221;, sublinhou a empresa.<\/p>\n<p>Ao ter &#8220;os p\u00e9s no terreno&#8221;, a empresa pretende compreender melhor as necessidades locais, fomentar parcerias mais fortes e expandir a sua presen\u00e7a no mercado ib\u00e9rico. Esta abordagem local \u00e9 vista como um &#8220;passo crucial&#8221; para o crescimento e para o fortalecimento das rela\u00e7\u00f5es com clientes e parceiros.<\/p>\n<p>&#8220;Estou entusiasmado e grato pela oportunidade que a BORG Automotive me deu de integrar a sua equipa. Esta \u00e9 uma grande empresa dinamarquesa que valoriza os seus colaboradores e d\u00e1 prioridade \u00e0 compreens\u00e3o e ao apoio aos seus parceiros&#8221;, enfatizou o novo respons\u00e1vel de vendas ib\u00e9rico.<\/p>\n<p>Bo Maagaard, diretor de vendas da BORG Automotive Newman, expressou entusiasmo pela nova adi\u00e7\u00e3o \u00e0 equipa: &#8220;Damos as boas-vindas ao Alberto como o nosso novo gestor de vendas para Espanha. O seu hist\u00f3rico comprovado em expans\u00e3o de mercados e gest\u00e3o de rela\u00e7\u00f5es com clientes ser\u00e1 inestim\u00e1vel \u00e0 medida que continuamos a crescer neste mercado. A paix\u00e3o e a experi\u00eancia de Alberto alinham-se perfeitamente com os valores e a vis\u00e3o da nossa empresa&#8221;.<\/p>\n<p>&#8220;Acreditamos firmemente na import\u00e2ncia de ter conhecimento local, compet\u00eancias lingu\u00edsticas locais e uma compreens\u00e3o da cultura empresarial local. Estou certo de que Alberto tem o que \u00e9 necess\u00e1rio para conquistar e desenvolver o mercado espanhol e portugu\u00eas, alinhando-se perfeitamente com a nossa estrat\u00e9gia empresarial&#8221;, frisou.<\/p>\n<p>&#8220;A BORG Automotive Newman \u00e9 uma refer\u00eancia na ind\u00fastria automotiva independente na Europa, comprometida em fornecer solu\u00e7\u00f5es sustent\u00e1veis aos seus parceiros. Com a nomea\u00e7\u00e3o de Alberto, a empresa refor\u00e7a sua posi\u00e7\u00e3o na Pen\u00ednsula Ib\u00e9rica e estar\u00e1 ainda mais bem preparada para oferecer solu\u00e7\u00f5es personalizadas, simplificando a gest\u00e3o de invent\u00e1rios com os produtos NK, Eurobrake ou solu\u00e7\u00f5es de marca pr\u00f3pria&#8221;, concluiu o mesmo documento.<\/p>\n","protected":false},"excerpt":{"rendered":"<p>A BORG Automotive Newman (anteriormente SBS&#8230;<\/p>\n","protected":false},"author":15,"featured_media":96187,"comment_status":"closed","ping_status":"closed","sticky":false,"template":"","format":"standard","meta":{"footnotes":""},"categories":[29],"tags":[11615,11613,7593,2975,11614],"class_list":["post-96184","post","type-post","status-publish","format-standard","has-post-thumbnail","hentry","category-empresas","tag-alberto-rodriguez-gonzalez","tag-borg-automotive-newman","tag-expansao-do-negocio","tag-mercado-iberico","tag-novo-gestor"],"yoast_head":"<!-- This site is optimized with the Yoast SEO plugin v27.4 - https:\/\/yoast.com\/product\/yoast-seo-wordpress\/ -->\n<title>BORG Automotive Newman tem novo gestor de vendas ib\u00e9rico - Jornal das Oficinas<\/title>\n<meta name=\"description\" content=\"A BORG Automotive Newman, acaba de anunciar a chegada de Alberto Rodr\u00edguez Gonz\u00e1lez como novo gestor de vendas para Portugal e Espanha\" \/>\n<meta name=\"robots\" content=\"index, follow, max-snippet:-1, max-image-preview:large, max-video-preview:-1\" \/>\n<link rel=\"canonical\" href=\"https:\/\/jornaldasoficinas.com\/pt\/borg-automotive-newman-tem-novo-gestor-de-vendas-iberico\/\" \/>\n<meta property=\"og:locale\" content=\"pt_PT\" \/>\n<meta property=\"og:type\" content=\"article\" \/>\n<meta property=\"og:title\" content=\"BORG Automotive Newman tem novo gestor de vendas ib\u00e9rico - Jornal das Oficinas\" \/>\n<meta property=\"og:description\" content=\"A BORG Automotive Newman, acaba de anunciar a chegada de Alberto Rodr\u00edguez Gonz\u00e1lez como novo gestor de vendas para Portugal e Espanha\" \/>\n<meta property=\"og:url\" content=\"https:\/\/jornaldasoficinas.com\/pt\/borg-automotive-newman-tem-novo-gestor-de-vendas-iberico\/\" \/>\n<meta property=\"og:site_name\" content=\"Jornal das Oficinas\" \/>\n<meta property=\"article:publisher\" content=\"https:\/\/www.facebook.com\/jornaloficinas\" \/>\n<meta property=\"article:published_time\" content=\"2025-01-06T18:00:45+00:00\" \/>\n<meta property=\"og:image\" content=\"https:\/\/jornaldasoficinas.com\/pt\/wp-content\/uploads\/2025\/01\/BORG-Automotive-Newman-tem-novo-gestor-de-vendas-iberico.png\" \/>\n\t<meta property=\"og:image:width\" content=\"1024\" \/>\n\t<meta property=\"og:image:height\" content=\"581\" \/>\n\t<meta property=\"og:image:type\" content=\"image\/png\" \/>\n<meta name=\"author\" content=\"Reda\u00e7\u00e3o JO\" \/>\n<meta name=\"twitter:card\" content=\"summary_large_image\" \/>\n<meta name=\"twitter:creator\" content=\"@jornaloficinas\" \/>\n<meta name=\"twitter:site\" content=\"@jornaloficinas\" \/>\n<meta name=\"twitter:label1\" content=\"Escrito por\" \/>\n\t<meta name=\"twitter:data1\" content=\"Reda\u00e7\u00e3o JO\" \/>\n\t<meta name=\"twitter:label2\" content=\"Tempo estimado de leitura\" \/>\n\t<meta name=\"twitter:data2\" content=\"4 minutos\" \/>\n<script type=\"application\/ld+json\" class=\"yoast-schema-graph\">{\"@context\":\"https:\\\/\\\/schema.org\",\"@graph\":[{\"@type\":\"Article\",\"@id\":\"https:\\\/\\\/jornaldasoficinas.com\\\/pt\\\/borg-automotive-newman-tem-novo-gestor-de-vendas-iberico\\\/#article\",\"isPartOf\":{\"@id\":\"https:\\\/\\\/jornaldasoficinas.com\\\/pt\\\/borg-automotive-newman-tem-novo-gestor-de-vendas-iberico\\\/\"},\"author\":{\"name\":\"Reda\u00e7\u00e3o JO\",\"@id\":\"https:\\\/\\\/jornaldasoficinas.com\\\/pt\\\/#\\\/schema\\\/person\\\/a38eef5de2c41d9e7c9ac10141afddf3\"},\"headline\":\"BORG Automotive Newman tem novo gestor de vendas ib\u00e9rico\",\"datePublished\":\"2025-01-06T18:00:45+00:00\",\"mainEntityOfPage\":{\"@id\":\"https:\\\/\\\/jornaldasoficinas.com\\\/pt\\\/borg-automotive-newman-tem-novo-gestor-de-vendas-iberico\\\/\"},\"wordCount\":539,\"publisher\":{\"@id\":\"https:\\\/\\\/jornaldasoficinas.com\\\/pt\\\/#organization\"},\"image\":{\"@id\":\"https:\\\/\\\/jornaldasoficinas.com\\\/pt\\\/borg-automotive-newman-tem-novo-gestor-de-vendas-iberico\\\/#primaryimage\"},\"thumbnailUrl\":\"https:\\\/\\\/jornaldasoficinas.com\\\/pt\\\/wp-content\\\/uploads\\\/2025\\\/01\\\/BORG-Automotive-Newman-tem-novo-gestor-de-vendas-iberico.png\",\"keywords\":[\"Alberto Rodr\u00edguez Gonz\u00e1lez\",\"BORG Automotive Newman\",\"expans\u00e3o do neg\u00f3cio\",\"mercado iberico\",\"novo gestor\"],\"articleSection\":[\"Empresas\"],\"inLanguage\":\"pt-PT\"},{\"@type\":\"WebPage\",\"@id\":\"https:\\\/\\\/jornaldasoficinas.com\\\/pt\\\/borg-automotive-newman-tem-novo-gestor-de-vendas-iberico\\\/\",\"url\":\"https:\\\/\\\/jornaldasoficinas.com\\\/pt\\\/borg-automotive-newman-tem-novo-gestor-de-vendas-iberico\\\/\",\"name\":\"BORG Automotive Newman tem novo gestor de vendas ib\u00e9rico - Jornal das Oficinas\",\"isPartOf\":{\"@id\":\"https:\\\/\\\/jornaldasoficinas.com\\\/pt\\\/#website\"},\"primaryImageOfPage\":{\"@id\":\"https:\\\/\\\/jornaldasoficinas.com\\\/pt\\\/borg-automotive-newman-tem-novo-gestor-de-vendas-iberico\\\/#primaryimage\"},\"image\":{\"@id\":\"https:\\\/\\\/jornaldasoficinas.com\\\/pt\\\/borg-automotive-newman-tem-novo-gestor-de-vendas-iberico\\\/#primaryimage\"},\"thumbnailUrl\":\"https:\\\/\\\/jornaldasoficinas.com\\\/pt\\\/wp-content\\\/uploads\\\/2025\\\/01\\\/BORG-Automotive-Newman-tem-novo-gestor-de-vendas-iberico.png\",\"datePublished\":\"2025-01-06T18:00:45+00:00\",\"description\":\"A BORG Automotive Newman, acaba de anunciar a chegada de Alberto Rodr\u00edguez Gonz\u00e1lez como novo gestor de vendas para Portugal e Espanha\",\"breadcrumb\":{\"@id\":\"https:\\\/\\\/jornaldasoficinas.com\\\/pt\\\/borg-automotive-newman-tem-novo-gestor-de-vendas-iberico\\\/#breadcrumb\"},\"inLanguage\":\"pt-PT\",\"potentialAction\":[{\"@type\":\"ReadAction\",\"target\":[\"https:\\\/\\\/jornaldasoficinas.com\\\/pt\\\/borg-automotive-newman-tem-novo-gestor-de-vendas-iberico\\\/\"]}]},{\"@type\":\"ImageObject\",\"inLanguage\":\"pt-PT\",\"@id\":\"https:\\\/\\\/jornaldasoficinas.com\\\/pt\\\/borg-automotive-newman-tem-novo-gestor-de-vendas-iberico\\\/#primaryimage\",\"url\":\"https:\\\/\\\/jornaldasoficinas.com\\\/pt\\\/wp-content\\\/uploads\\\/2025\\\/01\\\/BORG-Automotive-Newman-tem-novo-gestor-de-vendas-iberico.png\",\"contentUrl\":\"https:\\\/\\\/jornaldasoficinas.com\\\/pt\\\/wp-content\\\/uploads\\\/2025\\\/01\\\/BORG-Automotive-Newman-tem-novo-gestor-de-vendas-iberico.png\",\"width\":1024,\"height\":581,\"caption\":\"01 - BORG Automotive Newman tem novo gestor de vendas iberico\"},{\"@type\":\"BreadcrumbList\",\"@id\":\"https:\\\/\\\/jornaldasoficinas.com\\\/pt\\\/borg-automotive-newman-tem-novo-gestor-de-vendas-iberico\\\/#breadcrumb\",\"itemListElement\":[{\"@type\":\"ListItem\",\"position\":1,\"name\":\"In\u00edcio\",\"item\":\"https:\\\/\\\/jornaldasoficinas.com\\\/pt\\\/\"},{\"@type\":\"ListItem\",\"position\":2,\"name\":\"BORG Automotive Newman tem novo gestor de vendas ib\u00e9rico\"}]},{\"@type\":\"WebSite\",\"@id\":\"https:\\\/\\\/jornaldasoficinas.com\\\/pt\\\/#website\",\"url\":\"https:\\\/\\\/jornaldasoficinas.com\\\/pt\\\/\",\"name\":\"Jornal das Oficinas\",\"description\":\"Jornal independente do Aftermarket Autom\u00f3vel em Portugal\",\"publisher\":{\"@id\":\"https:\\\/\\\/jornaldasoficinas.com\\\/pt\\\/#organization\"},\"potentialAction\":[{\"@type\":\"SearchAction\",\"target\":{\"@type\":\"EntryPoint\",\"urlTemplate\":\"https:\\\/\\\/jornaldasoficinas.com\\\/pt\\\/?s={search_term_string}\"},\"query-input\":{\"@type\":\"PropertyValueSpecification\",\"valueRequired\":true,\"valueName\":\"search_term_string\"}}],\"inLanguage\":\"pt-PT\"},{\"@type\":\"Organization\",\"@id\":\"https:\\\/\\\/jornaldasoficinas.com\\\/pt\\\/#organization\",\"name\":\"Jornal das Oficinas\",\"url\":\"https:\\\/\\\/jornaldasoficinas.com\\\/pt\\\/\",\"logo\":{\"@type\":\"ImageObject\",\"inLanguage\":\"pt-PT\",\"@id\":\"https:\\\/\\\/jornaldasoficinas.com\\\/pt\\\/#\\\/schema\\\/logo\\\/image\\\/\",\"url\":\"https:\\\/\\\/jornaldasoficinas.com\\\/pt\\\/wp-content\\\/uploads\\\/logoJO-SEO.png\",\"contentUrl\":\"https:\\\/\\\/jornaldasoficinas.com\\\/pt\\\/wp-content\\\/uploads\\\/logoJO-SEO.png\",\"width\":285,\"height\":450,\"caption\":\"Jornal das Oficinas\"},\"image\":{\"@id\":\"https:\\\/\\\/jornaldasoficinas.com\\\/pt\\\/#\\\/schema\\\/logo\\\/image\\\/\"},\"sameAs\":[\"https:\\\/\\\/www.facebook.com\\\/jornaloficinas\",\"https:\\\/\\\/x.com\\\/jornaloficinas\",\"https:\\\/\\\/www.instagram.com\\\/jornal_oficinas\\\/\",\"https:\\\/\\\/www.linkedin.com\\\/company\\\/jornal-das-oficinas\\\/\",\"https:\\\/\\\/www.youtube.com\\\/channel\\\/UCbQZBqtcvV-oSQrr7RzINGg\"]},{\"@type\":\"Person\",\"@id\":\"https:\\\/\\\/jornaldasoficinas.com\\\/pt\\\/#\\\/schema\\\/person\\\/a38eef5de2c41d9e7c9ac10141afddf3\",\"name\":\"Reda\u00e7\u00e3o JO\",\"image\":{\"@type\":\"ImageObject\",\"inLanguage\":\"pt-PT\",\"@id\":\"https:\\\/\\\/secure.gravatar.com\\\/avatar\\\/71f2fa71737ad68a84fea94bc708ddac8ea5b0c4788dc2ad202f3ccb2887742f?s=96&d=wp_user_avatar&r=g\",\"url\":\"https:\\\/\\\/secure.gravatar.com\\\/avatar\\\/71f2fa71737ad68a84fea94bc708ddac8ea5b0c4788dc2ad202f3ccb2887742f?s=96&d=wp_user_avatar&r=g\",\"contentUrl\":\"https:\\\/\\\/secure.gravatar.com\\\/avatar\\\/71f2fa71737ad68a84fea94bc708ddac8ea5b0c4788dc2ad202f3ccb2887742f?s=96&d=wp_user_avatar&r=g\",\"caption\":\"Reda\u00e7\u00e3o JO\"},\"url\":\"https:\\\/\\\/jornaldasoficinas.com\\\/pt\\\/author\\\/joredacao\\\/\"}]}<\/script>\n<!-- \/ Yoast SEO plugin. -->","yoast_head_json":{"title":"BORG Automotive Newman tem novo gestor de vendas ib\u00e9rico - Jornal das Oficinas","description":"A BORG Automotive Newman, acaba de anunciar a chegada de Alberto Rodr\u00edguez Gonz\u00e1lez como novo gestor de vendas para Portugal e Espanha","robots":{"index":"index","follow":"follow","max-snippet":"max-snippet:-1","max-image-preview":"max-image-preview:large","max-video-preview":"max-video-preview:-1"},"canonical":"https:\/\/jornaldasoficinas.com\/pt\/borg-automotive-newman-tem-novo-gestor-de-vendas-iberico\/","og_locale":"pt_PT","og_type":"article","og_title":"BORG Automotive Newman tem novo gestor de vendas ib\u00e9rico - Jornal das Oficinas","og_description":"A BORG Automotive Newman, acaba de anunciar a chegada de Alberto Rodr\u00edguez Gonz\u00e1lez como novo gestor de vendas para Portugal e Espanha","og_url":"https:\/\/jornaldasoficinas.com\/pt\/borg-automotive-newman-tem-novo-gestor-de-vendas-iberico\/","og_site_name":"Jornal das Oficinas","article_publisher":"https:\/\/www.facebook.com\/jornaloficinas","article_published_time":"2025-01-06T18:00:45+00:00","og_image":[{"width":1024,"height":581,"url":"https:\/\/jornaldasoficinas.com\/pt\/wp-content\/uploads\/2025\/01\/BORG-Automotive-Newman-tem-novo-gestor-de-vendas-iberico.png","type":"image\/png"}],"author":"Reda\u00e7\u00e3o JO","twitter_card":"summary_large_image","twitter_creator":"@jornaloficinas","twitter_site":"@jornaloficinas","twitter_misc":{"Escrito por":"Reda\u00e7\u00e3o JO","Tempo estimado de leitura":"4 minutos"},"schema":{"@context":"https:\/\/schema.org","@graph":[{"@type":"Article","@id":"https:\/\/jornaldasoficinas.com\/pt\/borg-automotive-newman-tem-novo-gestor-de-vendas-iberico\/#article","isPartOf":{"@id":"https:\/\/jornaldasoficinas.com\/pt\/borg-automotive-newman-tem-novo-gestor-de-vendas-iberico\/"},"author":{"name":"Reda\u00e7\u00e3o JO","@id":"https:\/\/jornaldasoficinas.com\/pt\/#\/schema\/person\/a38eef5de2c41d9e7c9ac10141afddf3"},"headline":"BORG Automotive Newman tem novo gestor de vendas ib\u00e9rico","datePublished":"2025-01-06T18:00:45+00:00","mainEntityOfPage":{"@id":"https:\/\/jornaldasoficinas.com\/pt\/borg-automotive-newman-tem-novo-gestor-de-vendas-iberico\/"},"wordCount":539,"publisher":{"@id":"https:\/\/jornaldasoficinas.com\/pt\/#organization"},"image":{"@id":"https:\/\/jornaldasoficinas.com\/pt\/borg-automotive-newman-tem-novo-gestor-de-vendas-iberico\/#primaryimage"},"thumbnailUrl":"https:\/\/jornaldasoficinas.com\/pt\/wp-content\/uploads\/2025\/01\/BORG-Automotive-Newman-tem-novo-gestor-de-vendas-iberico.png","keywords":["Alberto Rodr\u00edguez Gonz\u00e1lez","BORG Automotive Newman","expans\u00e3o do neg\u00f3cio","mercado iberico","novo gestor"],"articleSection":["Empresas"],"inLanguage":"pt-PT"},{"@type":"WebPage","@id":"https:\/\/jornaldasoficinas.com\/pt\/borg-automotive-newman-tem-novo-gestor-de-vendas-iberico\/","url":"https:\/\/jornaldasoficinas.com\/pt\/borg-automotive-newman-tem-novo-gestor-de-vendas-iberico\/","name":"BORG Automotive Newman tem novo gestor de vendas ib\u00e9rico - Jornal das Oficinas","isPartOf":{"@id":"https:\/\/jornaldasoficinas.com\/pt\/#website"},"primaryImageOfPage":{"@id":"https:\/\/jornaldasoficinas.com\/pt\/borg-automotive-newman-tem-novo-gestor-de-vendas-iberico\/#primaryimage"},"image":{"@id":"https:\/\/jornaldasoficinas.com\/pt\/borg-automotive-newman-tem-novo-gestor-de-vendas-iberico\/#primaryimage"},"thumbnailUrl":"https:\/\/jornaldasoficinas.com\/pt\/wp-content\/uploads\/2025\/01\/BORG-Automotive-Newman-tem-novo-gestor-de-vendas-iberico.png","datePublished":"2025-01-06T18:00:45+00:00","description":"A BORG Automotive Newman, acaba de anunciar a chegada de Alberto Rodr\u00edguez Gonz\u00e1lez como novo gestor de vendas para Portugal e Espanha","breadcrumb":{"@id":"https:\/\/jornaldasoficinas.com\/pt\/borg-automotive-newman-tem-novo-gestor-de-vendas-iberico\/#breadcrumb"},"inLanguage":"pt-PT","potentialAction":[{"@type":"ReadAction","target":["https:\/\/jornaldasoficinas.com\/pt\/borg-automotive-newman-tem-novo-gestor-de-vendas-iberico\/"]}]},{"@type":"ImageObject","inLanguage":"pt-PT","@id":"https:\/\/jornaldasoficinas.com\/pt\/borg-automotive-newman-tem-novo-gestor-de-vendas-iberico\/#primaryimage","url":"https:\/\/jornaldasoficinas.com\/pt\/wp-content\/uploads\/2025\/01\/BORG-Automotive-Newman-tem-novo-gestor-de-vendas-iberico.png","contentUrl":"https:\/\/jornaldasoficinas.com\/pt\/wp-content\/uploads\/2025\/01\/BORG-Automotive-Newman-tem-novo-gestor-de-vendas-iberico.png","width":1024,"height":581,"caption":"01 - BORG Automotive Newman tem novo gestor de vendas iberico"},{"@type":"BreadcrumbList","@id":"https:\/\/jornaldasoficinas.com\/pt\/borg-automotive-newman-tem-novo-gestor-de-vendas-iberico\/#breadcrumb","itemListElement":[{"@type":"ListItem","position":1,"name":"In\u00edcio","item":"https:\/\/jornaldasoficinas.com\/pt\/"},{"@type":"ListItem","position":2,"name":"BORG Automotive Newman tem novo gestor de vendas ib\u00e9rico"}]},{"@type":"WebSite","@id":"https:\/\/jornaldasoficinas.com\/pt\/#website","url":"https:\/\/jornaldasoficinas.com\/pt\/","name":"Jornal das Oficinas","description":"Jornal independente do Aftermarket Autom\u00f3vel em Portugal","publisher":{"@id":"https:\/\/jornaldasoficinas.com\/pt\/#organization"},"potentialAction":[{"@type":"SearchAction","target":{"@type":"EntryPoint","urlTemplate":"https:\/\/jornaldasoficinas.com\/pt\/?s={search_term_string}"},"query-input":{"@type":"PropertyValueSpecification","valueRequired":true,"valueName":"search_term_string"}}],"inLanguage":"pt-PT"},{"@type":"Organization","@id":"https:\/\/jornaldasoficinas.com\/pt\/#organization","name":"Jornal das Oficinas","url":"https:\/\/jornaldasoficinas.com\/pt\/","logo":{"@type":"ImageObject","inLanguage":"pt-PT","@id":"https:\/\/jornaldasoficinas.com\/pt\/#\/schema\/logo\/image\/","url":"https:\/\/jornaldasoficinas.com\/pt\/wp-content\/uploads\/logoJO-SEO.png","contentUrl":"https:\/\/jornaldasoficinas.com\/pt\/wp-content\/uploads\/logoJO-SEO.png","width":285,"height":450,"caption":"Jornal das Oficinas"},"image":{"@id":"https:\/\/jornaldasoficinas.com\/pt\/#\/schema\/logo\/image\/"},"sameAs":["https:\/\/www.facebook.com\/jornaloficinas","https:\/\/x.com\/jornaloficinas","https:\/\/www.instagram.com\/jornal_oficinas\/","https:\/\/www.linkedin.com\/company\/jornal-das-oficinas\/","https:\/\/www.youtube.com\/channel\/UCbQZBqtcvV-oSQrr7RzINGg"]},{"@type":"Person","@id":"https:\/\/jornaldasoficinas.com\/pt\/#\/schema\/person\/a38eef5de2c41d9e7c9ac10141afddf3","name":"Reda\u00e7\u00e3o JO","image":{"@type":"ImageObject","inLanguage":"pt-PT","@id":"https:\/\/secure.gravatar.com\/avatar\/71f2fa71737ad68a84fea94bc708ddac8ea5b0c4788dc2ad202f3ccb2887742f?s=96&d=wp_user_avatar&r=g","url":"https:\/\/secure.gravatar.com\/avatar\/71f2fa71737ad68a84fea94bc708ddac8ea5b0c4788dc2ad202f3ccb2887742f?s=96&d=wp_user_avatar&r=g","contentUrl":"https:\/\/secure.gravatar.com\/avatar\/71f2fa71737ad68a84fea94bc708ddac8ea5b0c4788dc2ad202f3ccb2887742f?s=96&d=wp_user_avatar&r=g","caption":"Reda\u00e7\u00e3o JO"},"url":"https:\/\/jornaldasoficinas.com\/pt\/author\/joredacao\/"}]}},"_links":{"self":[{"href":"https:\/\/jornaldasoficinas.com\/pt\/wp-json\/wp\/v2\/posts\/96184","targetHints":{"allow":["GET"]}}],"collection":[{"href":"https:\/\/jornaldasoficinas.com\/pt\/wp-json\/wp\/v2\/posts"}],"about":[{"href":"https:\/\/jornaldasoficinas.com\/pt\/wp-json\/wp\/v2\/types\/post"}],"author":[{"embeddable":true,"href":"https:\/\/jornaldasoficinas.com\/pt\/wp-json\/wp\/v2\/users\/15"}],"replies":[{"embeddable":true,"href":"https:\/\/jornaldasoficinas.com\/pt\/wp-json\/wp\/v2\/comments?post=96184"}],"version-history":[{"count":3,"href":"https:\/\/jornaldasoficinas.com\/pt\/wp-json\/wp\/v2\/posts\/96184\/revisions"}],"predecessor-version":[{"id":96188,"href":"https:\/\/jornaldasoficinas.com\/pt\/wp-json\/wp\/v2\/posts\/96184\/revisions\/96188"}],"wp:featuredmedia":[{"embeddable":true,"href":"https:\/\/jornaldasoficinas.com\/pt\/wp-json\/wp\/v2\/media\/96187"}],"wp:attachment":[{"href":"https:\/\/jornaldasoficinas.com\/pt\/wp-json\/wp\/v2\/media?parent=96184"}],"wp:term":[{"taxonomy":"category","embeddable":true,"href":"https:\/\/jornaldasoficinas.com\/pt\/wp-json\/wp\/v2\/categories?post=96184"},{"taxonomy":"post_tag","embeddable":true,"href":"https:\/\/jornaldasoficinas.com\/pt\/wp-json\/wp\/v2\/tags?post=96184"}],"curies":[{"name":"wp","href":"https:\/\/api.w.org\/{rel}","templated":true}]}}