{"id":96198,"date":"2025-01-07T14:00:05","date_gmt":"2025-01-07T14:00:05","guid":{"rendered":"https:\/\/jornaldasoficinas.com\/pt\/?p=96198"},"modified":"2025-01-07T10:17:39","modified_gmt":"2025-01-07T10:17:39","slug":"piloto-joao-ferreira-acelera-no-dakar-2025-a-boleia-da-repsol","status":"publish","type":"post","link":"https:\/\/jornaldasoficinas.com\/pt\/piloto-joao-ferreira-acelera-no-dakar-2025-a-boleia-da-repsol\/","title":{"rendered":"Piloto Jo\u00e3o Ferreira acelera no Dakar 2025 \u00e0 boleia da Repsol"},"content":{"rendered":"<p><strong><img loading=\"lazy\" decoding=\"async\" class=\"alignnone size-full wp-image-96203\" src=\"https:\/\/jornaldasoficinas.com\/pt\/wp-content\/uploads\/2025\/01\/Piloto-Joao-Ferreira-acelera-no-Dakar-2025-a-boleia-da-Repsol.jpg\" alt=\"01 - Piloto Joao Ferreira acelera no Dakar 2025 a boleia da Repsol\" width=\"1024\" height=\"581\" srcset=\"https:\/\/jornaldasoficinas.com\/pt\/wp-content\/uploads\/2025\/01\/Piloto-Joao-Ferreira-acelera-no-Dakar-2025-a-boleia-da-Repsol.jpg 1024w, https:\/\/jornaldasoficinas.com\/pt\/wp-content\/uploads\/2025\/01\/Piloto-Joao-Ferreira-acelera-no-Dakar-2025-a-boleia-da-Repsol-300x170.jpg 300w, https:\/\/jornaldasoficinas.com\/pt\/wp-content\/uploads\/2025\/01\/Piloto-Joao-Ferreira-acelera-no-Dakar-2025-a-boleia-da-Repsol-150x85.jpg 150w, https:\/\/jornaldasoficinas.com\/pt\/wp-content\/uploads\/2025\/01\/Piloto-Joao-Ferreira-acelera-no-Dakar-2025-a-boleia-da-Repsol-768x436.jpg 768w\" sizes=\"auto, (max-width: 1024px) 100vw, 1024px\" \/><\/strong><\/p>\n<p><strong>O piloto portugu\u00eas, Jo\u00e3o Ferreira, arrancou no <a href=\"https:\/\/www.dakar.com\/\" target=\"_blank\" rel=\"noopener\">Dakar 2025<\/a> ao volante do Mini JCW Rally Plus, movido a combust\u00edvel 100% renov\u00e1vel da <a href=\"https:\/\/www.repsol.pt\/\" target=\"_blank\" rel=\"noopener\">Repsol<\/a><\/strong><\/p>\n<p>Come\u00e7ou no passado dia 3 de janeiro o Rally Dakar 2025 e o piloto portugu\u00eas Jo\u00e3o Ferreira, em parceria com a Repsol, entrou em a\u00e7\u00e3o aos comandos do seu Mini JCW Rally Plus, abastecido pelo combust\u00edvel 100% renov\u00e1vel da Repsol.<\/p>\n<p>&#8220;O Dakar n\u00e3o \u00e9 apenas um palco para a competi\u00e7\u00e3o; \u00e9 tamb\u00e9m um laborat\u00f3rio vivo para testar solu\u00e7\u00f5es sustent\u00e1veis em condi\u00e7\u00f5es extremas. A utiliza\u00e7\u00e3o de combust\u00edveis renov\u00e1veis n\u00e3o exige modifica\u00e7\u00f5es nos motores ou na infraestrutura de abastecimento, tornando-os uma alternativa vi\u00e1vel e imediata para a redu\u00e7\u00e3o de emiss\u00f5es poluentes&#8221;, deu conta a Repsol em comunicado.<\/p>\n<p>&#8220;O Dakar 2025 promete ser uma das edi\u00e7\u00f5es mais desafiantes de sempre, com o rally a percorrer mais de 8.000 quil\u00f3metros divididos em 14 etapas que atravessam os terrenos in\u00f3spitos e paisagens deslumbrantes da Ar\u00e1bia Saudita. Cada etapa ser\u00e1 um verdadeiro teste de resist\u00eancia, navega\u00e7\u00e3o e estrat\u00e9gia, elementos onde Jo\u00e3o Ferreira espera brilhar, competindo ao mais alto n\u00edvel enquanto promove solu\u00e7\u00f5es sustent\u00e1veis para o futuro da mobilidade&#8221;, sublinhou.<\/p>\n<p>Como parte deste compromisso, a Repsol e Jo\u00e3o Ferreira renovaram a sua parceria para o ano de 2025, refor\u00e7ando a aposta na inova\u00e7\u00e3o e descarboniza\u00e7\u00e3o no desporto autom\u00f3vel, continuando a promover solu\u00e7\u00f5es energ\u00e9ticas que combinam alta performance e respeito pelo meio ambiente.<\/p>\n<p>Para Jo\u00e3o Ferreira, esta parceria \u00e9 muito mais do que uma alian\u00e7a competitiva: &#8220;Competir com o combust\u00edvel 100% renov\u00e1vel da Repsol no Dakar \u00e9 uma demonstra\u00e7\u00e3o de que \u00e9 poss\u00edvel combinar sustentabilidade e alta performance. Esta prova extrema ser\u00e1 mais uma oportunidade de provar que os combust\u00edveis renov\u00e1veis s\u00e3o o futuro&#8221;.<\/p>\n<p><strong>Descarbonizar em alta performance<\/strong><\/p>\n<p>Com apenas 25 anos, Jo\u00e3o Ferreira \u00e9 uma das grandes promessas do desporto motorizado, j\u00e1 com um impressionante palmar\u00e9s que inclui t\u00edtulos no Campeonato Portugu\u00eas de Todo-o-Terreno, na Ta\u00e7a da Europa de Bajas e o primeiro lugar no p\u00f3dio na Ta\u00e7a do Mundo de Bajas.<\/p>\n<p>&#8220;Esta experi\u00eancia, combinada com o uso do combust\u00edvel 100% renov\u00e1vel da Repsol, exemplifica a perfeita uni\u00e3o entre inova\u00e7\u00e3o tecnol\u00f3gica e descarboniza\u00e7\u00e3o no desporto autom\u00f3vel&#8221;, destacou a multinacional espanhola.<\/p>\n<p>Jo\u00e3o Ferreira competiu com um Mini John Cooper Works Rally Plus abastecido exclusivamente pelo combust\u00edvel 100% renov\u00e1vel da Repsol. &#8220;O carro n\u00e3o sofreu qualquer altera\u00e7\u00e3o estrutural ou de motoriza\u00e7\u00e3o e os excelentes resultados obtidos pelo jovem piloto nas \u00faltimas competi\u00e7\u00f5es provam que a utiliza\u00e7\u00e3o de um combust\u00edvel n\u00e3o altera a performance em prova&#8221;, assegurou.<\/p>\n<p>O combust\u00edvel 100% renov\u00e1vel da Repsol, desenvolvido a partir de mat\u00e9rias-primas com origem em res\u00edduos, \u00e9 uma solu\u00e7\u00e3o concreta para a descarboniza\u00e7\u00e3o do desporto autom\u00f3vel e da mobilidade em geral. \u201cEste combust\u00edvel demonstrou ser t\u00e3o eficiente quanto as alternativas tradicionais, evitando a emiss\u00e3o de 12 toneladas de CO2 equivalente (CO2eq) ao longo da temporada de 2024, mantendo a performance necess\u00e1ria para competi\u00e7\u00f5es de alto n\u00edvel, como o todo-o-terreno\u201d, garantiu.<\/p>\n<p>Para Armando Oliveira, administrador-delegado da Repsol portuguesa, esta edi\u00e7\u00e3o do Dakar representa um marco na hist\u00f3ria da empresa: &#8220;O nosso combust\u00edvel 100% renov\u00e1vel est\u00e1 a transformar a forma como pensamos a mobilidade no desporto motorizado. Test\u00e1-lo em condi\u00e7\u00f5es t\u00e3o exigentes como as do Dakar \u00e9 um passo fundamental para provar que sustentabilidade e performance podem caminhar juntas. Estamos confiantes de que o Jo\u00e3o Ferreira ser\u00e1 um embaixador extraordin\u00e1rio desta miss\u00e3o&#8221;.<\/p>\n<p>A Repsol \u00e9 a \u00fanica empresa na Pen\u00ednsula Ib\u00e9rica que possui uma f\u00e1brica totalmente dedicada \u00e0 produ\u00e7\u00e3o de combust\u00edveis 100% renov\u00e1veis (HVO e SAF) \u00e0 escala industrial e est\u00e1 localizada em Cartagena.<\/p>\n<p>A nova f\u00e1brica tem capacidade para fabricar 250 mil toneladas de combust\u00edveis renov\u00e1veis por ano a partir de mat\u00e9rias-primas com origem em res\u00edduos (agr\u00edcolas, florestais, biomassas, gorduras animais e \u00f3leos usados. Este combust\u00edvel renov\u00e1vel pode ser utilizado em avi\u00f5es, barcos, autocarros, cami\u00f5es ou autom\u00f3veis.<\/p>\n<p>Os combust\u00edveis renov\u00e1veis s\u00e3o uma das principais alavancas da estrat\u00e9gia da Repsol para acelerar a descarboniza\u00e7\u00e3o dos transportes e conseguir ser uma empresa com emiss\u00f5es l\u00edquidas zero at\u00e9 2050. Hoje, a Repsol conta com mais de 55 esta\u00e7\u00f5es de servi\u00e7o em Portugal que j\u00e1 abastecem Diesel Nexa 100% renov\u00e1vel em toda a Pen\u00ednsula Ib\u00e9rica.<\/p>\n","protected":false},"excerpt":{"rendered":"<p>O piloto portugu\u00eas, Jo\u00e3o Ferreira, arrancou&#8230;<\/p>\n","protected":false},"author":15,"featured_media":96203,"comment_status":"closed","ping_status":"closed","sticky":false,"template":"","format":"standard","meta":{"footnotes":""},"categories":[29],"tags":[6326,11617,3003,9084,8246,11616,46],"class_list":["post-96198","post","type-post","status-publish","format-standard","has-post-thumbnail","hentry","category-empresas","tag-combustivel-100-renovavel","tag-dakar-2025","tag-descarbonizacao","tag-inovacao-tecnologica","tag-joao-ferreira","tag-piloto-portugues","tag-repsol"],"yoast_head":"<!-- This site is optimized with the Yoast SEO plugin v27.4 - https:\/\/yoast.com\/product\/yoast-seo-wordpress\/ -->\n<title>Piloto Jo\u00e3o Ferreira acelera no Dakar 2025 \u00e0 boleia da Repsol - Jornal das Oficinas<\/title>\n<meta name=\"description\" content=\"O piloto portugu\u00eas, Jo\u00e3o Ferreira, arrancou no Dakar 2025 ao volante do Mini JCW Rally Plus, movido a combust\u00edvel 100% renov\u00e1vel da Repsol\" \/>\n<meta name=\"robots\" content=\"index, follow, max-snippet:-1, max-image-preview:large, max-video-preview:-1\" \/>\n<link rel=\"canonical\" href=\"https:\/\/jornaldasoficinas.com\/pt\/piloto-joao-ferreira-acelera-no-dakar-2025-a-boleia-da-repsol\/\" \/>\n<meta property=\"og:locale\" content=\"pt_PT\" \/>\n<meta property=\"og:type\" content=\"article\" \/>\n<meta property=\"og:title\" content=\"Piloto Jo\u00e3o Ferreira acelera no Dakar 2025 \u00e0 boleia da Repsol - Jornal das Oficinas\" \/>\n<meta property=\"og:description\" content=\"O piloto portugu\u00eas, Jo\u00e3o Ferreira, arrancou no Dakar 2025 ao volante do Mini JCW Rally Plus, movido a combust\u00edvel 100% renov\u00e1vel da Repsol\" \/>\n<meta property=\"og:url\" content=\"https:\/\/jornaldasoficinas.com\/pt\/piloto-joao-ferreira-acelera-no-dakar-2025-a-boleia-da-repsol\/\" \/>\n<meta property=\"og:site_name\" content=\"Jornal das Oficinas\" \/>\n<meta property=\"article:publisher\" content=\"https:\/\/www.facebook.com\/jornaloficinas\" \/>\n<meta property=\"article:published_time\" content=\"2025-01-07T14:00:05+00:00\" \/>\n<meta property=\"og:image\" content=\"https:\/\/jornaldasoficinas.com\/pt\/wp-content\/uploads\/2025\/01\/Piloto-Joao-Ferreira-acelera-no-Dakar-2025-a-boleia-da-Repsol.jpg\" \/>\n\t<meta property=\"og:image:width\" content=\"1024\" \/>\n\t<meta property=\"og:image:height\" content=\"581\" \/>\n\t<meta property=\"og:image:type\" content=\"image\/jpeg\" \/>\n<meta name=\"author\" content=\"Reda\u00e7\u00e3o JO\" \/>\n<meta name=\"twitter:card\" content=\"summary_large_image\" \/>\n<meta name=\"twitter:creator\" content=\"@jornaloficinas\" \/>\n<meta name=\"twitter:site\" content=\"@jornaloficinas\" \/>\n<meta name=\"twitter:label1\" content=\"Escrito por\" \/>\n\t<meta name=\"twitter:data1\" content=\"Reda\u00e7\u00e3o JO\" \/>\n\t<meta name=\"twitter:label2\" content=\"Tempo estimado de leitura\" \/>\n\t<meta name=\"twitter:data2\" content=\"5 minutos\" \/>\n<script type=\"application\/ld+json\" class=\"yoast-schema-graph\">{\"@context\":\"https:\\\/\\\/schema.org\",\"@graph\":[{\"@type\":\"Article\",\"@id\":\"https:\\\/\\\/jornaldasoficinas.com\\\/pt\\\/piloto-joao-ferreira-acelera-no-dakar-2025-a-boleia-da-repsol\\\/#article\",\"isPartOf\":{\"@id\":\"https:\\\/\\\/jornaldasoficinas.com\\\/pt\\\/piloto-joao-ferreira-acelera-no-dakar-2025-a-boleia-da-repsol\\\/\"},\"author\":{\"name\":\"Reda\u00e7\u00e3o JO\",\"@id\":\"https:\\\/\\\/jornaldasoficinas.com\\\/pt\\\/#\\\/schema\\\/person\\\/a38eef5de2c41d9e7c9ac10141afddf3\"},\"headline\":\"Piloto Jo\u00e3o Ferreira acelera no Dakar 2025 \u00e0 boleia da Repsol\",\"datePublished\":\"2025-01-07T14:00:05+00:00\",\"mainEntityOfPage\":{\"@id\":\"https:\\\/\\\/jornaldasoficinas.com\\\/pt\\\/piloto-joao-ferreira-acelera-no-dakar-2025-a-boleia-da-repsol\\\/\"},\"wordCount\":786,\"publisher\":{\"@id\":\"https:\\\/\\\/jornaldasoficinas.com\\\/pt\\\/#organization\"},\"image\":{\"@id\":\"https:\\\/\\\/jornaldasoficinas.com\\\/pt\\\/piloto-joao-ferreira-acelera-no-dakar-2025-a-boleia-da-repsol\\\/#primaryimage\"},\"thumbnailUrl\":\"https:\\\/\\\/jornaldasoficinas.com\\\/pt\\\/wp-content\\\/uploads\\\/2025\\\/01\\\/Piloto-Joao-Ferreira-acelera-no-Dakar-2025-a-boleia-da-Repsol.jpg\",\"keywords\":[\"combust\u00edvel 100% renov\u00e1vel\",\"Dakar 2025\",\"descarboniza\u00e7\u00e3o\",\"inova\u00e7\u00e3o tecnol\u00f3gica\",\"Jo\u00e3o Ferreira\",\"Piloto portugu\u00eas\",\"Repsol\"],\"articleSection\":[\"Empresas\"],\"inLanguage\":\"pt-PT\"},{\"@type\":\"WebPage\",\"@id\":\"https:\\\/\\\/jornaldasoficinas.com\\\/pt\\\/piloto-joao-ferreira-acelera-no-dakar-2025-a-boleia-da-repsol\\\/\",\"url\":\"https:\\\/\\\/jornaldasoficinas.com\\\/pt\\\/piloto-joao-ferreira-acelera-no-dakar-2025-a-boleia-da-repsol\\\/\",\"name\":\"Piloto Jo\u00e3o Ferreira acelera no Dakar 2025 \u00e0 boleia da Repsol - Jornal das Oficinas\",\"isPartOf\":{\"@id\":\"https:\\\/\\\/jornaldasoficinas.com\\\/pt\\\/#website\"},\"primaryImageOfPage\":{\"@id\":\"https:\\\/\\\/jornaldasoficinas.com\\\/pt\\\/piloto-joao-ferreira-acelera-no-dakar-2025-a-boleia-da-repsol\\\/#primaryimage\"},\"image\":{\"@id\":\"https:\\\/\\\/jornaldasoficinas.com\\\/pt\\\/piloto-joao-ferreira-acelera-no-dakar-2025-a-boleia-da-repsol\\\/#primaryimage\"},\"thumbnailUrl\":\"https:\\\/\\\/jornaldasoficinas.com\\\/pt\\\/wp-content\\\/uploads\\\/2025\\\/01\\\/Piloto-Joao-Ferreira-acelera-no-Dakar-2025-a-boleia-da-Repsol.jpg\",\"datePublished\":\"2025-01-07T14:00:05+00:00\",\"description\":\"O piloto portugu\u00eas, Jo\u00e3o Ferreira, arrancou no Dakar 2025 ao volante do Mini JCW Rally Plus, movido a combust\u00edvel 100% renov\u00e1vel da Repsol\",\"breadcrumb\":{\"@id\":\"https:\\\/\\\/jornaldasoficinas.com\\\/pt\\\/piloto-joao-ferreira-acelera-no-dakar-2025-a-boleia-da-repsol\\\/#breadcrumb\"},\"inLanguage\":\"pt-PT\",\"potentialAction\":[{\"@type\":\"ReadAction\",\"target\":[\"https:\\\/\\\/jornaldasoficinas.com\\\/pt\\\/piloto-joao-ferreira-acelera-no-dakar-2025-a-boleia-da-repsol\\\/\"]}]},{\"@type\":\"ImageObject\",\"inLanguage\":\"pt-PT\",\"@id\":\"https:\\\/\\\/jornaldasoficinas.com\\\/pt\\\/piloto-joao-ferreira-acelera-no-dakar-2025-a-boleia-da-repsol\\\/#primaryimage\",\"url\":\"https:\\\/\\\/jornaldasoficinas.com\\\/pt\\\/wp-content\\\/uploads\\\/2025\\\/01\\\/Piloto-Joao-Ferreira-acelera-no-Dakar-2025-a-boleia-da-Repsol.jpg\",\"contentUrl\":\"https:\\\/\\\/jornaldasoficinas.com\\\/pt\\\/wp-content\\\/uploads\\\/2025\\\/01\\\/Piloto-Joao-Ferreira-acelera-no-Dakar-2025-a-boleia-da-Repsol.jpg\",\"width\":1024,\"height\":581,\"caption\":\"01 - Piloto Joao Ferreira acelera no Dakar 2025 a boleia da Repsol\"},{\"@type\":\"BreadcrumbList\",\"@id\":\"https:\\\/\\\/jornaldasoficinas.com\\\/pt\\\/piloto-joao-ferreira-acelera-no-dakar-2025-a-boleia-da-repsol\\\/#breadcrumb\",\"itemListElement\":[{\"@type\":\"ListItem\",\"position\":1,\"name\":\"In\u00edcio\",\"item\":\"https:\\\/\\\/jornaldasoficinas.com\\\/pt\\\/\"},{\"@type\":\"ListItem\",\"position\":2,\"name\":\"Piloto Jo\u00e3o Ferreira acelera no Dakar 2025 \u00e0 boleia da Repsol\"}]},{\"@type\":\"WebSite\",\"@id\":\"https:\\\/\\\/jornaldasoficinas.com\\\/pt\\\/#website\",\"url\":\"https:\\\/\\\/jornaldasoficinas.com\\\/pt\\\/\",\"name\":\"Jornal das Oficinas\",\"description\":\"Jornal independente do Aftermarket Autom\u00f3vel em Portugal\",\"publisher\":{\"@id\":\"https:\\\/\\\/jornaldasoficinas.com\\\/pt\\\/#organization\"},\"potentialAction\":[{\"@type\":\"SearchAction\",\"target\":{\"@type\":\"EntryPoint\",\"urlTemplate\":\"https:\\\/\\\/jornaldasoficinas.com\\\/pt\\\/?s={search_term_string}\"},\"query-input\":{\"@type\":\"PropertyValueSpecification\",\"valueRequired\":true,\"valueName\":\"search_term_string\"}}],\"inLanguage\":\"pt-PT\"},{\"@type\":\"Organization\",\"@id\":\"https:\\\/\\\/jornaldasoficinas.com\\\/pt\\\/#organization\",\"name\":\"Jornal das Oficinas\",\"url\":\"https:\\\/\\\/jornaldasoficinas.com\\\/pt\\\/\",\"logo\":{\"@type\":\"ImageObject\",\"inLanguage\":\"pt-PT\",\"@id\":\"https:\\\/\\\/jornaldasoficinas.com\\\/pt\\\/#\\\/schema\\\/logo\\\/image\\\/\",\"url\":\"https:\\\/\\\/jornaldasoficinas.com\\\/pt\\\/wp-content\\\/uploads\\\/logoJO-SEO.png\",\"contentUrl\":\"https:\\\/\\\/jornaldasoficinas.com\\\/pt\\\/wp-content\\\/uploads\\\/logoJO-SEO.png\",\"width\":285,\"height\":450,\"caption\":\"Jornal das Oficinas\"},\"image\":{\"@id\":\"https:\\\/\\\/jornaldasoficinas.com\\\/pt\\\/#\\\/schema\\\/logo\\\/image\\\/\"},\"sameAs\":[\"https:\\\/\\\/www.facebook.com\\\/jornaloficinas\",\"https:\\\/\\\/x.com\\\/jornaloficinas\",\"https:\\\/\\\/www.instagram.com\\\/jornal_oficinas\\\/\",\"https:\\\/\\\/www.linkedin.com\\\/company\\\/jornal-das-oficinas\\\/\",\"https:\\\/\\\/www.youtube.com\\\/channel\\\/UCbQZBqtcvV-oSQrr7RzINGg\"]},{\"@type\":\"Person\",\"@id\":\"https:\\\/\\\/jornaldasoficinas.com\\\/pt\\\/#\\\/schema\\\/person\\\/a38eef5de2c41d9e7c9ac10141afddf3\",\"name\":\"Reda\u00e7\u00e3o JO\",\"image\":{\"@type\":\"ImageObject\",\"inLanguage\":\"pt-PT\",\"@id\":\"https:\\\/\\\/secure.gravatar.com\\\/avatar\\\/71f2fa71737ad68a84fea94bc708ddac8ea5b0c4788dc2ad202f3ccb2887742f?s=96&d=wp_user_avatar&r=g\",\"url\":\"https:\\\/\\\/secure.gravatar.com\\\/avatar\\\/71f2fa71737ad68a84fea94bc708ddac8ea5b0c4788dc2ad202f3ccb2887742f?s=96&d=wp_user_avatar&r=g\",\"contentUrl\":\"https:\\\/\\\/secure.gravatar.com\\\/avatar\\\/71f2fa71737ad68a84fea94bc708ddac8ea5b0c4788dc2ad202f3ccb2887742f?s=96&d=wp_user_avatar&r=g\",\"caption\":\"Reda\u00e7\u00e3o JO\"},\"url\":\"https:\\\/\\\/jornaldasoficinas.com\\\/pt\\\/author\\\/joredacao\\\/\"}]}<\/script>\n<!-- \/ Yoast SEO plugin. -->","yoast_head_json":{"title":"Piloto Jo\u00e3o Ferreira acelera no Dakar 2025 \u00e0 boleia da Repsol - Jornal das Oficinas","description":"O piloto portugu\u00eas, Jo\u00e3o Ferreira, arrancou no Dakar 2025 ao volante do Mini JCW Rally Plus, movido a combust\u00edvel 100% renov\u00e1vel da Repsol","robots":{"index":"index","follow":"follow","max-snippet":"max-snippet:-1","max-image-preview":"max-image-preview:large","max-video-preview":"max-video-preview:-1"},"canonical":"https:\/\/jornaldasoficinas.com\/pt\/piloto-joao-ferreira-acelera-no-dakar-2025-a-boleia-da-repsol\/","og_locale":"pt_PT","og_type":"article","og_title":"Piloto Jo\u00e3o Ferreira acelera no Dakar 2025 \u00e0 boleia da Repsol - Jornal das Oficinas","og_description":"O piloto portugu\u00eas, Jo\u00e3o Ferreira, arrancou no Dakar 2025 ao volante do Mini JCW Rally Plus, movido a combust\u00edvel 100% renov\u00e1vel da Repsol","og_url":"https:\/\/jornaldasoficinas.com\/pt\/piloto-joao-ferreira-acelera-no-dakar-2025-a-boleia-da-repsol\/","og_site_name":"Jornal das Oficinas","article_publisher":"https:\/\/www.facebook.com\/jornaloficinas","article_published_time":"2025-01-07T14:00:05+00:00","og_image":[{"width":1024,"height":581,"url":"https:\/\/jornaldasoficinas.com\/pt\/wp-content\/uploads\/2025\/01\/Piloto-Joao-Ferreira-acelera-no-Dakar-2025-a-boleia-da-Repsol.jpg","type":"image\/jpeg"}],"author":"Reda\u00e7\u00e3o JO","twitter_card":"summary_large_image","twitter_creator":"@jornaloficinas","twitter_site":"@jornaloficinas","twitter_misc":{"Escrito por":"Reda\u00e7\u00e3o JO","Tempo estimado de leitura":"5 minutos"},"schema":{"@context":"https:\/\/schema.org","@graph":[{"@type":"Article","@id":"https:\/\/jornaldasoficinas.com\/pt\/piloto-joao-ferreira-acelera-no-dakar-2025-a-boleia-da-repsol\/#article","isPartOf":{"@id":"https:\/\/jornaldasoficinas.com\/pt\/piloto-joao-ferreira-acelera-no-dakar-2025-a-boleia-da-repsol\/"},"author":{"name":"Reda\u00e7\u00e3o JO","@id":"https:\/\/jornaldasoficinas.com\/pt\/#\/schema\/person\/a38eef5de2c41d9e7c9ac10141afddf3"},"headline":"Piloto Jo\u00e3o Ferreira acelera no Dakar 2025 \u00e0 boleia da Repsol","datePublished":"2025-01-07T14:00:05+00:00","mainEntityOfPage":{"@id":"https:\/\/jornaldasoficinas.com\/pt\/piloto-joao-ferreira-acelera-no-dakar-2025-a-boleia-da-repsol\/"},"wordCount":786,"publisher":{"@id":"https:\/\/jornaldasoficinas.com\/pt\/#organization"},"image":{"@id":"https:\/\/jornaldasoficinas.com\/pt\/piloto-joao-ferreira-acelera-no-dakar-2025-a-boleia-da-repsol\/#primaryimage"},"thumbnailUrl":"https:\/\/jornaldasoficinas.com\/pt\/wp-content\/uploads\/2025\/01\/Piloto-Joao-Ferreira-acelera-no-Dakar-2025-a-boleia-da-Repsol.jpg","keywords":["combust\u00edvel 100% renov\u00e1vel","Dakar 2025","descarboniza\u00e7\u00e3o","inova\u00e7\u00e3o tecnol\u00f3gica","Jo\u00e3o Ferreira","Piloto portugu\u00eas","Repsol"],"articleSection":["Empresas"],"inLanguage":"pt-PT"},{"@type":"WebPage","@id":"https:\/\/jornaldasoficinas.com\/pt\/piloto-joao-ferreira-acelera-no-dakar-2025-a-boleia-da-repsol\/","url":"https:\/\/jornaldasoficinas.com\/pt\/piloto-joao-ferreira-acelera-no-dakar-2025-a-boleia-da-repsol\/","name":"Piloto Jo\u00e3o Ferreira acelera no Dakar 2025 \u00e0 boleia da Repsol - Jornal das Oficinas","isPartOf":{"@id":"https:\/\/jornaldasoficinas.com\/pt\/#website"},"primaryImageOfPage":{"@id":"https:\/\/jornaldasoficinas.com\/pt\/piloto-joao-ferreira-acelera-no-dakar-2025-a-boleia-da-repsol\/#primaryimage"},"image":{"@id":"https:\/\/jornaldasoficinas.com\/pt\/piloto-joao-ferreira-acelera-no-dakar-2025-a-boleia-da-repsol\/#primaryimage"},"thumbnailUrl":"https:\/\/jornaldasoficinas.com\/pt\/wp-content\/uploads\/2025\/01\/Piloto-Joao-Ferreira-acelera-no-Dakar-2025-a-boleia-da-Repsol.jpg","datePublished":"2025-01-07T14:00:05+00:00","description":"O piloto portugu\u00eas, Jo\u00e3o Ferreira, arrancou no Dakar 2025 ao volante do Mini JCW Rally Plus, movido a combust\u00edvel 100% renov\u00e1vel da Repsol","breadcrumb":{"@id":"https:\/\/jornaldasoficinas.com\/pt\/piloto-joao-ferreira-acelera-no-dakar-2025-a-boleia-da-repsol\/#breadcrumb"},"inLanguage":"pt-PT","potentialAction":[{"@type":"ReadAction","target":["https:\/\/jornaldasoficinas.com\/pt\/piloto-joao-ferreira-acelera-no-dakar-2025-a-boleia-da-repsol\/"]}]},{"@type":"ImageObject","inLanguage":"pt-PT","@id":"https:\/\/jornaldasoficinas.com\/pt\/piloto-joao-ferreira-acelera-no-dakar-2025-a-boleia-da-repsol\/#primaryimage","url":"https:\/\/jornaldasoficinas.com\/pt\/wp-content\/uploads\/2025\/01\/Piloto-Joao-Ferreira-acelera-no-Dakar-2025-a-boleia-da-Repsol.jpg","contentUrl":"https:\/\/jornaldasoficinas.com\/pt\/wp-content\/uploads\/2025\/01\/Piloto-Joao-Ferreira-acelera-no-Dakar-2025-a-boleia-da-Repsol.jpg","width":1024,"height":581,"caption":"01 - Piloto Joao Ferreira acelera no Dakar 2025 a boleia da Repsol"},{"@type":"BreadcrumbList","@id":"https:\/\/jornaldasoficinas.com\/pt\/piloto-joao-ferreira-acelera-no-dakar-2025-a-boleia-da-repsol\/#breadcrumb","itemListElement":[{"@type":"ListItem","position":1,"name":"In\u00edcio","item":"https:\/\/jornaldasoficinas.com\/pt\/"},{"@type":"ListItem","position":2,"name":"Piloto Jo\u00e3o Ferreira acelera no Dakar 2025 \u00e0 boleia da Repsol"}]},{"@type":"WebSite","@id":"https:\/\/jornaldasoficinas.com\/pt\/#website","url":"https:\/\/jornaldasoficinas.com\/pt\/","name":"Jornal das Oficinas","description":"Jornal independente do Aftermarket Autom\u00f3vel em Portugal","publisher":{"@id":"https:\/\/jornaldasoficinas.com\/pt\/#organization"},"potentialAction":[{"@type":"SearchAction","target":{"@type":"EntryPoint","urlTemplate":"https:\/\/jornaldasoficinas.com\/pt\/?s={search_term_string}"},"query-input":{"@type":"PropertyValueSpecification","valueRequired":true,"valueName":"search_term_string"}}],"inLanguage":"pt-PT"},{"@type":"Organization","@id":"https:\/\/jornaldasoficinas.com\/pt\/#organization","name":"Jornal das Oficinas","url":"https:\/\/jornaldasoficinas.com\/pt\/","logo":{"@type":"ImageObject","inLanguage":"pt-PT","@id":"https:\/\/jornaldasoficinas.com\/pt\/#\/schema\/logo\/image\/","url":"https:\/\/jornaldasoficinas.com\/pt\/wp-content\/uploads\/logoJO-SEO.png","contentUrl":"https:\/\/jornaldasoficinas.com\/pt\/wp-content\/uploads\/logoJO-SEO.png","width":285,"height":450,"caption":"Jornal das Oficinas"},"image":{"@id":"https:\/\/jornaldasoficinas.com\/pt\/#\/schema\/logo\/image\/"},"sameAs":["https:\/\/www.facebook.com\/jornaloficinas","https:\/\/x.com\/jornaloficinas","https:\/\/www.instagram.com\/jornal_oficinas\/","https:\/\/www.linkedin.com\/company\/jornal-das-oficinas\/","https:\/\/www.youtube.com\/channel\/UCbQZBqtcvV-oSQrr7RzINGg"]},{"@type":"Person","@id":"https:\/\/jornaldasoficinas.com\/pt\/#\/schema\/person\/a38eef5de2c41d9e7c9ac10141afddf3","name":"Reda\u00e7\u00e3o JO","image":{"@type":"ImageObject","inLanguage":"pt-PT","@id":"https:\/\/secure.gravatar.com\/avatar\/71f2fa71737ad68a84fea94bc708ddac8ea5b0c4788dc2ad202f3ccb2887742f?s=96&d=wp_user_avatar&r=g","url":"https:\/\/secure.gravatar.com\/avatar\/71f2fa71737ad68a84fea94bc708ddac8ea5b0c4788dc2ad202f3ccb2887742f?s=96&d=wp_user_avatar&r=g","contentUrl":"https:\/\/secure.gravatar.com\/avatar\/71f2fa71737ad68a84fea94bc708ddac8ea5b0c4788dc2ad202f3ccb2887742f?s=96&d=wp_user_avatar&r=g","caption":"Reda\u00e7\u00e3o JO"},"url":"https:\/\/jornaldasoficinas.com\/pt\/author\/joredacao\/"}]}},"_links":{"self":[{"href":"https:\/\/jornaldasoficinas.com\/pt\/wp-json\/wp\/v2\/posts\/96198","targetHints":{"allow":["GET"]}}],"collection":[{"href":"https:\/\/jornaldasoficinas.com\/pt\/wp-json\/wp\/v2\/posts"}],"about":[{"href":"https:\/\/jornaldasoficinas.com\/pt\/wp-json\/wp\/v2\/types\/post"}],"author":[{"embeddable":true,"href":"https:\/\/jornaldasoficinas.com\/pt\/wp-json\/wp\/v2\/users\/15"}],"replies":[{"embeddable":true,"href":"https:\/\/jornaldasoficinas.com\/pt\/wp-json\/wp\/v2\/comments?post=96198"}],"version-history":[{"count":5,"href":"https:\/\/jornaldasoficinas.com\/pt\/wp-json\/wp\/v2\/posts\/96198\/revisions"}],"predecessor-version":[{"id":96204,"href":"https:\/\/jornaldasoficinas.com\/pt\/wp-json\/wp\/v2\/posts\/96198\/revisions\/96204"}],"wp:featuredmedia":[{"embeddable":true,"href":"https:\/\/jornaldasoficinas.com\/pt\/wp-json\/wp\/v2\/media\/96203"}],"wp:attachment":[{"href":"https:\/\/jornaldasoficinas.com\/pt\/wp-json\/wp\/v2\/media?parent=96198"}],"wp:term":[{"taxonomy":"category","embeddable":true,"href":"https:\/\/jornaldasoficinas.com\/pt\/wp-json\/wp\/v2\/categories?post=96198"},{"taxonomy":"post_tag","embeddable":true,"href":"https:\/\/jornaldasoficinas.com\/pt\/wp-json\/wp\/v2\/tags?post=96198"}],"curies":[{"name":"wp","href":"https:\/\/api.w.org\/{rel}","templated":true}]}}