{"id":96248,"date":"2025-01-08T14:00:54","date_gmt":"2025-01-08T14:00:54","guid":{"rendered":"https:\/\/jornaldasoficinas.com\/pt\/?p=96248"},"modified":"2025-01-08T12:55:21","modified_gmt":"2025-01-08T12:55:21","slug":"guiaflash-analisa-crescimento-das-oficinas-nos-ultimos-5-anos","status":"publish","type":"post","link":"https:\/\/jornaldasoficinas.com\/pt\/guiaflash-analisa-crescimento-das-oficinas-nos-ultimos-5-anos\/","title":{"rendered":"Guiaflash analisa crescimento das oficinas nos \u00faltimos 5 anos"},"content":{"rendered":"<p><img loading=\"lazy\" decoding=\"async\" class=\"size-full wp-image-96250\" src=\"https:\/\/jornaldasoficinas.com\/pt\/wp-content\/uploads\/2025\/01\/Guiaflash-analisa-crescimento-das-oficinas-nos-ultimos-5-anos.jpg\" alt=\"01 - Guiaflash analisa crescimento das oficinas nos ultimos 5 anos\" width=\"1024\" height=\"581\" srcset=\"https:\/\/jornaldasoficinas.com\/pt\/wp-content\/uploads\/2025\/01\/Guiaflash-analisa-crescimento-das-oficinas-nos-ultimos-5-anos.jpg 1024w, https:\/\/jornaldasoficinas.com\/pt\/wp-content\/uploads\/2025\/01\/Guiaflash-analisa-crescimento-das-oficinas-nos-ultimos-5-anos-300x170.jpg 300w, https:\/\/jornaldasoficinas.com\/pt\/wp-content\/uploads\/2025\/01\/Guiaflash-analisa-crescimento-das-oficinas-nos-ultimos-5-anos-150x85.jpg 150w, https:\/\/jornaldasoficinas.com\/pt\/wp-content\/uploads\/2025\/01\/Guiaflash-analisa-crescimento-das-oficinas-nos-ultimos-5-anos-768x436.jpg 768w\" sizes=\"auto, (max-width: 1024px) 100vw, 1024px\" \/><\/p>\n<p><strong>Segundo o estudo da <a href=\"https:\/\/www.portaldaoficina.pt\/\" target=\"_blank\" rel=\"noopener\">Guiaflash<\/a>, houve um aumento significativo do n\u00famero de oficinas autom\u00f3veis em Portugal, com um crescimento de 32,4% no volume de neg\u00f3cios nos \u00faltimos cinco anos\u00a0<\/strong><\/p>\n<p>&#8220;O setor de oficinas de autom\u00f3veis em Portugal demonstrou um crescimento consistente e sustent\u00e1vel nos \u00faltimos cinco anos (2019-2023), refletindo a resili\u00eancia e a capacidade de adapta\u00e7\u00e3o das empresas a um mercado em constante evolu\u00e7\u00e3o&#8221;, come\u00e7ou por dar conta a Guiaflash.<\/p>\n<p><strong>Aumento no N\u00famero de Oficinas<\/strong><\/p>\n<p>O crescimento n\u00e3o se reflete apenas no volume de neg\u00f3cios, mas tamb\u00e9m num aumento expressivo do n\u00famero de oficinas em atividade no pa\u00eds. O estudo da Guiaflash destalhou esta evolu\u00e7\u00e3o, mostrando um crescimento cont\u00ednuo ao longo dos \u00faltimos anos:<\/p>\n<p><strong>2020:<\/strong> 8.475 oficinas (+223 em rela\u00e7\u00e3o a 2019);<br \/>\n<strong>2021:<\/strong> 8.613 oficinas (+138 em rela\u00e7\u00e3o a 2020);<br \/>\n<strong>2022:<\/strong> 8.880 oficinas (+267 em rela\u00e7\u00e3o a 2021);<br \/>\n<strong>2023:<\/strong> 8.938 oficinas (+58 em rela\u00e7\u00e3o a 2022);<\/p>\n<p><strong>An\u00e1lise por Dimens\u00e3o Empresarial<\/strong><\/p>\n<p><strong>Microempresas:<\/strong> Representam 93,30% do total (8.839 oficinas), demonstrando a preval\u00eancia de pequenos neg\u00f3cios no setor. Estas empresas desempenham um papel crucial na economia local e na proximidade com os consumidores.<\/p>\n<p><strong>Pequenas Empresas:<\/strong> Correspondem a 6,50% (581 oficinas) e, embora em menor n\u00famero, continuam a ser um &#8220;pilar essencial&#8221; no ecossistema empresarial.<\/p>\n<p><strong>Perfil Et\u00e1rio das Oficinas<\/strong><\/p>\n<p>Segundo a Guiaflash, a idade das empresas refletiu uma mistura saud\u00e1vel de renova\u00e7\u00e3o e consolida\u00e7\u00e3o no setor:<\/p>\n<p><strong>At\u00e9 5 anos:<\/strong> 2.622 oficinas (29,34%), indicando um ambiente din\u00e2mico e renovado;<br \/>\n<strong>6 a 10 anos:<\/strong> 1.680 oficinas (18,80%), representando neg\u00f3cios est\u00e1veis na \u00faltima d\u00e9cada;<br \/>\n<strong>11 a 20 anos:<\/strong> 1.668 oficinas (18,66%), destacando a resili\u00eancia do setor a longo prazo;<br \/>\n<strong>Mais de 20 anos:<\/strong> 2.968 oficinas (33,21%), evidenciando uma base s\u00f3lida de empresas estabelecidas e consolidadas.<\/p>\n<p><strong>Distribui\u00e7\u00e3o Regional<\/strong><\/p>\n<p>O setor de oficinas de autom\u00f3veis apresentou uma concentra\u00e7\u00e3o expressiva nas principais regi\u00f5es do pa\u00eds:<\/p>\n<p><strong>Norte:<\/strong> 37,42% das empresas;<\/p>\n<p><strong>Centro:<\/strong> 18,59%;<\/p>\n<p><strong>\u00c1rea Metropolitana de Lisboa:<\/strong> 18,02%;<\/p>\n<p>Regi\u00f5es com menor concentra\u00e7\u00e3o:<\/p>\n<p><strong>R.A.<\/strong> <strong>A\u00e7ores:<\/strong> 1,28%.<\/p>\n<p><strong>R.A. Madeira:<\/strong> 2,41%.<\/p>\n<p><strong>Distribui\u00e7\u00e3o Geogr\u00e1fica Detalhada (2023):<\/strong><\/p>\n<p>Grande Lisboa (18,02%) e \u00c1rea Metropolitana do Porto (16,83%) lideram em n\u00famero de oficinas.<\/p>\n<p><strong>Outros polos importantes incluem:<\/strong><\/p>\n<p>Pen\u00ednsula de Set\u00fabal: 5,36%;<\/p>\n<p>Regi\u00e3o de Aveiro: 5,36%.<\/p>\n<p><strong>Regi\u00f5es com menor representatividade empresarial:<\/strong><\/p>\n<p>Baixo Alentejo: 1,01%;<\/p>\n<p>Alto Alentejo: 0,9%;<\/p>\n<p>Alto T\u00e2mega e Barroso: 0,78%.<\/p>\n<p><strong>Evolu\u00e7\u00e3o do Volume de Neg\u00f3cios<\/strong><\/p>\n<p>O setor tamb\u00e9m demonstrou um &#8220;crescimento impressionante&#8221; no volume de neg\u00f3cios:<\/p>\n<p><strong>2023:<\/strong> 2.184.719 milhares de euros (dois mil cento e oitenta e quatro milh\u00f5es, setecentos e dezanove mil euros), representando um aumento de 32,4% em rela\u00e7\u00e3o a 2019.<\/p>\n<p><strong>2022-2023:<\/strong> O crescimento foi significativo, com um incremento de 14,4%.<\/p>\n<p><strong>Valor m\u00e9dio por empresa em 2023:<\/strong> 244.400 euros, refor\u00e7ando a relev\u00e2ncia econ\u00f3mica do setor.<\/p>\n<p><strong>Conclus\u00e3o<\/strong><\/p>\n<p>O setor de oficinas de autom\u00f3veis em Portugal revelou um &#8220;cen\u00e1rio positivo, com crescimento sustentado tanto no n\u00famero de empresas quanto no volume de neg\u00f3cios. A preval\u00eancia de microempresas destaca a import\u00e2ncia dos pequenos neg\u00f3cios para a economia local, enquanto o aumento cont\u00ednuo no volume de neg\u00f3cios demonstra a resili\u00eancia do setor, mesmo diante de desafios econ\u00f3micos globais&#8221;, concluiu.<\/p>\n","protected":false},"excerpt":{"rendered":"<p>Segundo o estudo da Guiaflash, houve&#8230;<\/p>\n","protected":false},"author":15,"featured_media":96250,"comment_status":"closed","ping_status":"closed","sticky":false,"template":"","format":"standard","meta":{"footnotes":""},"categories":[37],"tags":[2781,3960,11625,11627,11626,7235],"class_list":["post-96248","post","type-post","status-publish","format-standard","has-post-thumbnail","hentry","category-mercado","tag-crescimento","tag-estudo","tag-guiaflash","tag-oficinas-automoveis","tag-ultimos-cinco-anos","tag-volume-de-negocios"],"yoast_head":"<!-- This site is optimized with the Yoast SEO plugin v27.4 - https:\/\/yoast.com\/product\/yoast-seo-wordpress\/ -->\n<title>Guiaflash analisa crescimento das oficinas nos \u00faltimos 5 anos - Jornal das Oficinas<\/title>\n<meta name=\"description\" content=\"Segundo o novo estudo da Guiaflash, houve um aumento significativo do n\u00famero de oficinas autom\u00f3veis em Portugal\" \/>\n<meta name=\"robots\" content=\"index, follow, max-snippet:-1, max-image-preview:large, max-video-preview:-1\" \/>\n<link rel=\"canonical\" href=\"https:\/\/jornaldasoficinas.com\/pt\/guiaflash-analisa-crescimento-das-oficinas-nos-ultimos-5-anos\/\" \/>\n<meta property=\"og:locale\" content=\"pt_PT\" \/>\n<meta property=\"og:type\" content=\"article\" \/>\n<meta property=\"og:title\" content=\"Guiaflash analisa crescimento das oficinas nos \u00faltimos 5 anos - Jornal das Oficinas\" \/>\n<meta property=\"og:description\" content=\"Segundo o novo estudo da Guiaflash, houve um aumento significativo do n\u00famero de oficinas autom\u00f3veis em Portugal\" \/>\n<meta property=\"og:url\" content=\"https:\/\/jornaldasoficinas.com\/pt\/guiaflash-analisa-crescimento-das-oficinas-nos-ultimos-5-anos\/\" \/>\n<meta property=\"og:site_name\" content=\"Jornal das Oficinas\" \/>\n<meta property=\"article:publisher\" content=\"https:\/\/www.facebook.com\/jornaloficinas\" \/>\n<meta property=\"article:published_time\" content=\"2025-01-08T14:00:54+00:00\" \/>\n<meta property=\"og:image\" content=\"https:\/\/jornaldasoficinas.com\/pt\/wp-content\/uploads\/2025\/01\/Guiaflash-analisa-crescimento-das-oficinas-nos-ultimos-5-anos.jpg\" \/>\n\t<meta property=\"og:image:width\" content=\"1024\" \/>\n\t<meta property=\"og:image:height\" content=\"581\" \/>\n\t<meta property=\"og:image:type\" content=\"image\/jpeg\" \/>\n<meta name=\"author\" content=\"Reda\u00e7\u00e3o JO\" \/>\n<meta name=\"twitter:card\" content=\"summary_large_image\" \/>\n<meta name=\"twitter:creator\" content=\"@jornaloficinas\" \/>\n<meta name=\"twitter:site\" content=\"@jornaloficinas\" \/>\n<meta name=\"twitter:label1\" content=\"Escrito por\" \/>\n\t<meta name=\"twitter:data1\" content=\"Reda\u00e7\u00e3o JO\" \/>\n\t<meta name=\"twitter:label2\" content=\"Tempo estimado de leitura\" \/>\n\t<meta name=\"twitter:data2\" content=\"4 minutos\" \/>\n<script type=\"application\/ld+json\" class=\"yoast-schema-graph\">{\"@context\":\"https:\\\/\\\/schema.org\",\"@graph\":[{\"@type\":\"Article\",\"@id\":\"https:\\\/\\\/jornaldasoficinas.com\\\/pt\\\/guiaflash-analisa-crescimento-das-oficinas-nos-ultimos-5-anos\\\/#article\",\"isPartOf\":{\"@id\":\"https:\\\/\\\/jornaldasoficinas.com\\\/pt\\\/guiaflash-analisa-crescimento-das-oficinas-nos-ultimos-5-anos\\\/\"},\"author\":{\"name\":\"Reda\u00e7\u00e3o JO\",\"@id\":\"https:\\\/\\\/jornaldasoficinas.com\\\/pt\\\/#\\\/schema\\\/person\\\/a38eef5de2c41d9e7c9ac10141afddf3\"},\"headline\":\"Guiaflash analisa crescimento das oficinas nos \u00faltimos 5 anos\",\"datePublished\":\"2025-01-08T14:00:54+00:00\",\"mainEntityOfPage\":{\"@id\":\"https:\\\/\\\/jornaldasoficinas.com\\\/pt\\\/guiaflash-analisa-crescimento-das-oficinas-nos-ultimos-5-anos\\\/\"},\"wordCount\":518,\"publisher\":{\"@id\":\"https:\\\/\\\/jornaldasoficinas.com\\\/pt\\\/#organization\"},\"image\":{\"@id\":\"https:\\\/\\\/jornaldasoficinas.com\\\/pt\\\/guiaflash-analisa-crescimento-das-oficinas-nos-ultimos-5-anos\\\/#primaryimage\"},\"thumbnailUrl\":\"https:\\\/\\\/jornaldasoficinas.com\\\/pt\\\/wp-content\\\/uploads\\\/2025\\\/01\\\/Guiaflash-analisa-crescimento-das-oficinas-nos-ultimos-5-anos.jpg\",\"keywords\":[\"Crescimento\",\"Estudo\",\"Guiaflash\",\"oficinas autom\u00f3veis\",\"\u00faltimos cinco anos\",\"volume de neg\u00f3cios\"],\"articleSection\":[\"Mercado\"],\"inLanguage\":\"pt-PT\"},{\"@type\":\"WebPage\",\"@id\":\"https:\\\/\\\/jornaldasoficinas.com\\\/pt\\\/guiaflash-analisa-crescimento-das-oficinas-nos-ultimos-5-anos\\\/\",\"url\":\"https:\\\/\\\/jornaldasoficinas.com\\\/pt\\\/guiaflash-analisa-crescimento-das-oficinas-nos-ultimos-5-anos\\\/\",\"name\":\"Guiaflash analisa crescimento das oficinas nos \u00faltimos 5 anos - Jornal das Oficinas\",\"isPartOf\":{\"@id\":\"https:\\\/\\\/jornaldasoficinas.com\\\/pt\\\/#website\"},\"primaryImageOfPage\":{\"@id\":\"https:\\\/\\\/jornaldasoficinas.com\\\/pt\\\/guiaflash-analisa-crescimento-das-oficinas-nos-ultimos-5-anos\\\/#primaryimage\"},\"image\":{\"@id\":\"https:\\\/\\\/jornaldasoficinas.com\\\/pt\\\/guiaflash-analisa-crescimento-das-oficinas-nos-ultimos-5-anos\\\/#primaryimage\"},\"thumbnailUrl\":\"https:\\\/\\\/jornaldasoficinas.com\\\/pt\\\/wp-content\\\/uploads\\\/2025\\\/01\\\/Guiaflash-analisa-crescimento-das-oficinas-nos-ultimos-5-anos.jpg\",\"datePublished\":\"2025-01-08T14:00:54+00:00\",\"description\":\"Segundo o novo estudo da Guiaflash, houve um aumento significativo do n\u00famero de oficinas autom\u00f3veis em Portugal\",\"breadcrumb\":{\"@id\":\"https:\\\/\\\/jornaldasoficinas.com\\\/pt\\\/guiaflash-analisa-crescimento-das-oficinas-nos-ultimos-5-anos\\\/#breadcrumb\"},\"inLanguage\":\"pt-PT\",\"potentialAction\":[{\"@type\":\"ReadAction\",\"target\":[\"https:\\\/\\\/jornaldasoficinas.com\\\/pt\\\/guiaflash-analisa-crescimento-das-oficinas-nos-ultimos-5-anos\\\/\"]}]},{\"@type\":\"ImageObject\",\"inLanguage\":\"pt-PT\",\"@id\":\"https:\\\/\\\/jornaldasoficinas.com\\\/pt\\\/guiaflash-analisa-crescimento-das-oficinas-nos-ultimos-5-anos\\\/#primaryimage\",\"url\":\"https:\\\/\\\/jornaldasoficinas.com\\\/pt\\\/wp-content\\\/uploads\\\/2025\\\/01\\\/Guiaflash-analisa-crescimento-das-oficinas-nos-ultimos-5-anos.jpg\",\"contentUrl\":\"https:\\\/\\\/jornaldasoficinas.com\\\/pt\\\/wp-content\\\/uploads\\\/2025\\\/01\\\/Guiaflash-analisa-crescimento-das-oficinas-nos-ultimos-5-anos.jpg\",\"width\":1024,\"height\":581,\"caption\":\"Car repair and maintenance theme. Mechanic in uniform working in auto service.\"},{\"@type\":\"BreadcrumbList\",\"@id\":\"https:\\\/\\\/jornaldasoficinas.com\\\/pt\\\/guiaflash-analisa-crescimento-das-oficinas-nos-ultimos-5-anos\\\/#breadcrumb\",\"itemListElement\":[{\"@type\":\"ListItem\",\"position\":1,\"name\":\"In\u00edcio\",\"item\":\"https:\\\/\\\/jornaldasoficinas.com\\\/pt\\\/\"},{\"@type\":\"ListItem\",\"position\":2,\"name\":\"Guiaflash analisa crescimento das oficinas nos \u00faltimos 5 anos\"}]},{\"@type\":\"WebSite\",\"@id\":\"https:\\\/\\\/jornaldasoficinas.com\\\/pt\\\/#website\",\"url\":\"https:\\\/\\\/jornaldasoficinas.com\\\/pt\\\/\",\"name\":\"Jornal das Oficinas\",\"description\":\"Jornal independente do Aftermarket Autom\u00f3vel em Portugal\",\"publisher\":{\"@id\":\"https:\\\/\\\/jornaldasoficinas.com\\\/pt\\\/#organization\"},\"potentialAction\":[{\"@type\":\"SearchAction\",\"target\":{\"@type\":\"EntryPoint\",\"urlTemplate\":\"https:\\\/\\\/jornaldasoficinas.com\\\/pt\\\/?s={search_term_string}\"},\"query-input\":{\"@type\":\"PropertyValueSpecification\",\"valueRequired\":true,\"valueName\":\"search_term_string\"}}],\"inLanguage\":\"pt-PT\"},{\"@type\":\"Organization\",\"@id\":\"https:\\\/\\\/jornaldasoficinas.com\\\/pt\\\/#organization\",\"name\":\"Jornal das Oficinas\",\"url\":\"https:\\\/\\\/jornaldasoficinas.com\\\/pt\\\/\",\"logo\":{\"@type\":\"ImageObject\",\"inLanguage\":\"pt-PT\",\"@id\":\"https:\\\/\\\/jornaldasoficinas.com\\\/pt\\\/#\\\/schema\\\/logo\\\/image\\\/\",\"url\":\"https:\\\/\\\/jornaldasoficinas.com\\\/pt\\\/wp-content\\\/uploads\\\/logoJO-SEO.png\",\"contentUrl\":\"https:\\\/\\\/jornaldasoficinas.com\\\/pt\\\/wp-content\\\/uploads\\\/logoJO-SEO.png\",\"width\":285,\"height\":450,\"caption\":\"Jornal das Oficinas\"},\"image\":{\"@id\":\"https:\\\/\\\/jornaldasoficinas.com\\\/pt\\\/#\\\/schema\\\/logo\\\/image\\\/\"},\"sameAs\":[\"https:\\\/\\\/www.facebook.com\\\/jornaloficinas\",\"https:\\\/\\\/x.com\\\/jornaloficinas\",\"https:\\\/\\\/www.instagram.com\\\/jornal_oficinas\\\/\",\"https:\\\/\\\/www.linkedin.com\\\/company\\\/jornal-das-oficinas\\\/\",\"https:\\\/\\\/www.youtube.com\\\/channel\\\/UCbQZBqtcvV-oSQrr7RzINGg\"]},{\"@type\":\"Person\",\"@id\":\"https:\\\/\\\/jornaldasoficinas.com\\\/pt\\\/#\\\/schema\\\/person\\\/a38eef5de2c41d9e7c9ac10141afddf3\",\"name\":\"Reda\u00e7\u00e3o JO\",\"image\":{\"@type\":\"ImageObject\",\"inLanguage\":\"pt-PT\",\"@id\":\"https:\\\/\\\/secure.gravatar.com\\\/avatar\\\/71f2fa71737ad68a84fea94bc708ddac8ea5b0c4788dc2ad202f3ccb2887742f?s=96&d=wp_user_avatar&r=g\",\"url\":\"https:\\\/\\\/secure.gravatar.com\\\/avatar\\\/71f2fa71737ad68a84fea94bc708ddac8ea5b0c4788dc2ad202f3ccb2887742f?s=96&d=wp_user_avatar&r=g\",\"contentUrl\":\"https:\\\/\\\/secure.gravatar.com\\\/avatar\\\/71f2fa71737ad68a84fea94bc708ddac8ea5b0c4788dc2ad202f3ccb2887742f?s=96&d=wp_user_avatar&r=g\",\"caption\":\"Reda\u00e7\u00e3o JO\"},\"url\":\"https:\\\/\\\/jornaldasoficinas.com\\\/pt\\\/author\\\/joredacao\\\/\"}]}<\/script>\n<!-- \/ Yoast SEO plugin. -->","yoast_head_json":{"title":"Guiaflash analisa crescimento das oficinas nos \u00faltimos 5 anos - Jornal das Oficinas","description":"Segundo o novo estudo da Guiaflash, houve um aumento significativo do n\u00famero de oficinas autom\u00f3veis em Portugal","robots":{"index":"index","follow":"follow","max-snippet":"max-snippet:-1","max-image-preview":"max-image-preview:large","max-video-preview":"max-video-preview:-1"},"canonical":"https:\/\/jornaldasoficinas.com\/pt\/guiaflash-analisa-crescimento-das-oficinas-nos-ultimos-5-anos\/","og_locale":"pt_PT","og_type":"article","og_title":"Guiaflash analisa crescimento das oficinas nos \u00faltimos 5 anos - Jornal das Oficinas","og_description":"Segundo o novo estudo da Guiaflash, houve um aumento significativo do n\u00famero de oficinas autom\u00f3veis em Portugal","og_url":"https:\/\/jornaldasoficinas.com\/pt\/guiaflash-analisa-crescimento-das-oficinas-nos-ultimos-5-anos\/","og_site_name":"Jornal das Oficinas","article_publisher":"https:\/\/www.facebook.com\/jornaloficinas","article_published_time":"2025-01-08T14:00:54+00:00","og_image":[{"width":1024,"height":581,"url":"https:\/\/jornaldasoficinas.com\/pt\/wp-content\/uploads\/2025\/01\/Guiaflash-analisa-crescimento-das-oficinas-nos-ultimos-5-anos.jpg","type":"image\/jpeg"}],"author":"Reda\u00e7\u00e3o JO","twitter_card":"summary_large_image","twitter_creator":"@jornaloficinas","twitter_site":"@jornaloficinas","twitter_misc":{"Escrito por":"Reda\u00e7\u00e3o JO","Tempo estimado de leitura":"4 minutos"},"schema":{"@context":"https:\/\/schema.org","@graph":[{"@type":"Article","@id":"https:\/\/jornaldasoficinas.com\/pt\/guiaflash-analisa-crescimento-das-oficinas-nos-ultimos-5-anos\/#article","isPartOf":{"@id":"https:\/\/jornaldasoficinas.com\/pt\/guiaflash-analisa-crescimento-das-oficinas-nos-ultimos-5-anos\/"},"author":{"name":"Reda\u00e7\u00e3o JO","@id":"https:\/\/jornaldasoficinas.com\/pt\/#\/schema\/person\/a38eef5de2c41d9e7c9ac10141afddf3"},"headline":"Guiaflash analisa crescimento das oficinas nos \u00faltimos 5 anos","datePublished":"2025-01-08T14:00:54+00:00","mainEntityOfPage":{"@id":"https:\/\/jornaldasoficinas.com\/pt\/guiaflash-analisa-crescimento-das-oficinas-nos-ultimos-5-anos\/"},"wordCount":518,"publisher":{"@id":"https:\/\/jornaldasoficinas.com\/pt\/#organization"},"image":{"@id":"https:\/\/jornaldasoficinas.com\/pt\/guiaflash-analisa-crescimento-das-oficinas-nos-ultimos-5-anos\/#primaryimage"},"thumbnailUrl":"https:\/\/jornaldasoficinas.com\/pt\/wp-content\/uploads\/2025\/01\/Guiaflash-analisa-crescimento-das-oficinas-nos-ultimos-5-anos.jpg","keywords":["Crescimento","Estudo","Guiaflash","oficinas autom\u00f3veis","\u00faltimos cinco anos","volume de neg\u00f3cios"],"articleSection":["Mercado"],"inLanguage":"pt-PT"},{"@type":"WebPage","@id":"https:\/\/jornaldasoficinas.com\/pt\/guiaflash-analisa-crescimento-das-oficinas-nos-ultimos-5-anos\/","url":"https:\/\/jornaldasoficinas.com\/pt\/guiaflash-analisa-crescimento-das-oficinas-nos-ultimos-5-anos\/","name":"Guiaflash analisa crescimento das oficinas nos \u00faltimos 5 anos - Jornal das Oficinas","isPartOf":{"@id":"https:\/\/jornaldasoficinas.com\/pt\/#website"},"primaryImageOfPage":{"@id":"https:\/\/jornaldasoficinas.com\/pt\/guiaflash-analisa-crescimento-das-oficinas-nos-ultimos-5-anos\/#primaryimage"},"image":{"@id":"https:\/\/jornaldasoficinas.com\/pt\/guiaflash-analisa-crescimento-das-oficinas-nos-ultimos-5-anos\/#primaryimage"},"thumbnailUrl":"https:\/\/jornaldasoficinas.com\/pt\/wp-content\/uploads\/2025\/01\/Guiaflash-analisa-crescimento-das-oficinas-nos-ultimos-5-anos.jpg","datePublished":"2025-01-08T14:00:54+00:00","description":"Segundo o novo estudo da Guiaflash, houve um aumento significativo do n\u00famero de oficinas autom\u00f3veis em Portugal","breadcrumb":{"@id":"https:\/\/jornaldasoficinas.com\/pt\/guiaflash-analisa-crescimento-das-oficinas-nos-ultimos-5-anos\/#breadcrumb"},"inLanguage":"pt-PT","potentialAction":[{"@type":"ReadAction","target":["https:\/\/jornaldasoficinas.com\/pt\/guiaflash-analisa-crescimento-das-oficinas-nos-ultimos-5-anos\/"]}]},{"@type":"ImageObject","inLanguage":"pt-PT","@id":"https:\/\/jornaldasoficinas.com\/pt\/guiaflash-analisa-crescimento-das-oficinas-nos-ultimos-5-anos\/#primaryimage","url":"https:\/\/jornaldasoficinas.com\/pt\/wp-content\/uploads\/2025\/01\/Guiaflash-analisa-crescimento-das-oficinas-nos-ultimos-5-anos.jpg","contentUrl":"https:\/\/jornaldasoficinas.com\/pt\/wp-content\/uploads\/2025\/01\/Guiaflash-analisa-crescimento-das-oficinas-nos-ultimos-5-anos.jpg","width":1024,"height":581,"caption":"Car repair and maintenance theme. Mechanic in uniform working in auto service."},{"@type":"BreadcrumbList","@id":"https:\/\/jornaldasoficinas.com\/pt\/guiaflash-analisa-crescimento-das-oficinas-nos-ultimos-5-anos\/#breadcrumb","itemListElement":[{"@type":"ListItem","position":1,"name":"In\u00edcio","item":"https:\/\/jornaldasoficinas.com\/pt\/"},{"@type":"ListItem","position":2,"name":"Guiaflash analisa crescimento das oficinas nos \u00faltimos 5 anos"}]},{"@type":"WebSite","@id":"https:\/\/jornaldasoficinas.com\/pt\/#website","url":"https:\/\/jornaldasoficinas.com\/pt\/","name":"Jornal das Oficinas","description":"Jornal independente do Aftermarket Autom\u00f3vel em Portugal","publisher":{"@id":"https:\/\/jornaldasoficinas.com\/pt\/#organization"},"potentialAction":[{"@type":"SearchAction","target":{"@type":"EntryPoint","urlTemplate":"https:\/\/jornaldasoficinas.com\/pt\/?s={search_term_string}"},"query-input":{"@type":"PropertyValueSpecification","valueRequired":true,"valueName":"search_term_string"}}],"inLanguage":"pt-PT"},{"@type":"Organization","@id":"https:\/\/jornaldasoficinas.com\/pt\/#organization","name":"Jornal das Oficinas","url":"https:\/\/jornaldasoficinas.com\/pt\/","logo":{"@type":"ImageObject","inLanguage":"pt-PT","@id":"https:\/\/jornaldasoficinas.com\/pt\/#\/schema\/logo\/image\/","url":"https:\/\/jornaldasoficinas.com\/pt\/wp-content\/uploads\/logoJO-SEO.png","contentUrl":"https:\/\/jornaldasoficinas.com\/pt\/wp-content\/uploads\/logoJO-SEO.png","width":285,"height":450,"caption":"Jornal das Oficinas"},"image":{"@id":"https:\/\/jornaldasoficinas.com\/pt\/#\/schema\/logo\/image\/"},"sameAs":["https:\/\/www.facebook.com\/jornaloficinas","https:\/\/x.com\/jornaloficinas","https:\/\/www.instagram.com\/jornal_oficinas\/","https:\/\/www.linkedin.com\/company\/jornal-das-oficinas\/","https:\/\/www.youtube.com\/channel\/UCbQZBqtcvV-oSQrr7RzINGg"]},{"@type":"Person","@id":"https:\/\/jornaldasoficinas.com\/pt\/#\/schema\/person\/a38eef5de2c41d9e7c9ac10141afddf3","name":"Reda\u00e7\u00e3o JO","image":{"@type":"ImageObject","inLanguage":"pt-PT","@id":"https:\/\/secure.gravatar.com\/avatar\/71f2fa71737ad68a84fea94bc708ddac8ea5b0c4788dc2ad202f3ccb2887742f?s=96&d=wp_user_avatar&r=g","url":"https:\/\/secure.gravatar.com\/avatar\/71f2fa71737ad68a84fea94bc708ddac8ea5b0c4788dc2ad202f3ccb2887742f?s=96&d=wp_user_avatar&r=g","contentUrl":"https:\/\/secure.gravatar.com\/avatar\/71f2fa71737ad68a84fea94bc708ddac8ea5b0c4788dc2ad202f3ccb2887742f?s=96&d=wp_user_avatar&r=g","caption":"Reda\u00e7\u00e3o JO"},"url":"https:\/\/jornaldasoficinas.com\/pt\/author\/joredacao\/"}]}},"_links":{"self":[{"href":"https:\/\/jornaldasoficinas.com\/pt\/wp-json\/wp\/v2\/posts\/96248","targetHints":{"allow":["GET"]}}],"collection":[{"href":"https:\/\/jornaldasoficinas.com\/pt\/wp-json\/wp\/v2\/posts"}],"about":[{"href":"https:\/\/jornaldasoficinas.com\/pt\/wp-json\/wp\/v2\/types\/post"}],"author":[{"embeddable":true,"href":"https:\/\/jornaldasoficinas.com\/pt\/wp-json\/wp\/v2\/users\/15"}],"replies":[{"embeddable":true,"href":"https:\/\/jornaldasoficinas.com\/pt\/wp-json\/wp\/v2\/comments?post=96248"}],"version-history":[{"count":2,"href":"https:\/\/jornaldasoficinas.com\/pt\/wp-json\/wp\/v2\/posts\/96248\/revisions"}],"predecessor-version":[{"id":96251,"href":"https:\/\/jornaldasoficinas.com\/pt\/wp-json\/wp\/v2\/posts\/96248\/revisions\/96251"}],"wp:featuredmedia":[{"embeddable":true,"href":"https:\/\/jornaldasoficinas.com\/pt\/wp-json\/wp\/v2\/media\/96250"}],"wp:attachment":[{"href":"https:\/\/jornaldasoficinas.com\/pt\/wp-json\/wp\/v2\/media?parent=96248"}],"wp:term":[{"taxonomy":"category","embeddable":true,"href":"https:\/\/jornaldasoficinas.com\/pt\/wp-json\/wp\/v2\/categories?post=96248"},{"taxonomy":"post_tag","embeddable":true,"href":"https:\/\/jornaldasoficinas.com\/pt\/wp-json\/wp\/v2\/tags?post=96248"}],"curies":[{"name":"wp","href":"https:\/\/api.w.org\/{rel}","templated":true}]}}