{"id":96261,"date":"2025-01-09T12:30:06","date_gmt":"2025-01-09T12:30:06","guid":{"rendered":"https:\/\/jornaldasoficinas.com\/pt\/?p=96261"},"modified":"2025-01-08T17:17:55","modified_gmt":"2025-01-08T17:17:55","slug":"opco-antecipa-necessidades-do-mercado-com-novas-formacoes","status":"publish","type":"post","link":"https:\/\/jornaldasoficinas.com\/pt\/opco-antecipa-necessidades-do-mercado-com-novas-formacoes\/","title":{"rendered":"OPCO antecipa necessidades do mercado com novas forma\u00e7\u00f5es"},"content":{"rendered":"<p><strong><img loading=\"lazy\" decoding=\"async\" class=\"alignnone size-full wp-image-96265\" src=\"https:\/\/jornaldasoficinas.com\/pt\/wp-content\/uploads\/2025\/01\/OPCO-antecipa-necessidades-do-mercado-com-novas-formacoes.jpg\" alt=\"01 - OPCO antecipa necessidades do mercado com novas formacoes\" width=\"1024\" height=\"581\" srcset=\"https:\/\/jornaldasoficinas.com\/pt\/wp-content\/uploads\/2025\/01\/OPCO-antecipa-necessidades-do-mercado-com-novas-formacoes.jpg 1024w, https:\/\/jornaldasoficinas.com\/pt\/wp-content\/uploads\/2025\/01\/OPCO-antecipa-necessidades-do-mercado-com-novas-formacoes-300x170.jpg 300w, https:\/\/jornaldasoficinas.com\/pt\/wp-content\/uploads\/2025\/01\/OPCO-antecipa-necessidades-do-mercado-com-novas-formacoes-150x85.jpg 150w, https:\/\/jornaldasoficinas.com\/pt\/wp-content\/uploads\/2025\/01\/OPCO-antecipa-necessidades-do-mercado-com-novas-formacoes-768x436.jpg 768w\" sizes=\"auto, (max-width: 1024px) 100vw, 1024px\" \/><\/strong><\/p>\n<p><strong>A <a href=\"https:\/\/opco.pt\/\" target=\"_blank\" rel=\"noopener\">OPCO<\/a> iniciou 2025 com forma\u00e7\u00f5es focadas na qualifica\u00e7\u00e3o de profissionais da ind\u00fastria autom\u00f3vel, destacando-se a norma VDA 6.8 e, para o \u00faltimo trimestre do ano, a harmoniza\u00e7\u00e3o das normas VDA e AIAG<\/strong><\/p>\n<p>Em 2025, ano crucial para a ind\u00fastria autom\u00f3vel global, a OPCO fortalece a sua miss\u00e3o de qualificar e preparar profissionais do setor. Com o compromisso de cumprir os exigentes requisitos em constante evolu\u00e7\u00e3o, a empresa de Palmela qualificou, em m\u00e9dia, 1.200 profissionais por ano e come\u00e7a o novo ano com a forma\u00e7\u00e3o de auditores para a norma VDA 6.8. Al\u00e9m disso, a OPCO est\u00e1 atenta a eventos importantes como a Confer\u00eancia Internacional ODETTE em maio, na Reuni\u00e3o License Partner VDA em julho e o Automotive Summit 2025 em outubro.<\/p>\n<p>Entre as novidades, a OPCO ir\u00e1 publicar novas normas VDA no terceiro trimestre de 2025, incluindo a revis\u00e3o da norma VDA 19.1 \u2013 Inspection of Technical Cleanliness, e da VDA 2 &#8211; Production Process and Product Approval (PPA). No final do ano, as novas publica\u00e7\u00f5es e forma\u00e7\u00f5es Harmonization AIAG and VDA SPC e MSA estar\u00e3o dispon\u00edveis, dando continuidade \u00e0 vers\u00e3o harmonizada do FMEA.<\/p>\n<p>&#8220;Vamos iniciar o ano com a qualifica\u00e7\u00e3o de auditores de acordo com a norma VDA 6.8, uma forma\u00e7\u00e3o de dois ou tr\u00eas dias, online ou presencial, que tem a ver com tudo o que diz respeito a toda a cadeia de abastecimento&#8221;, informou Pedro Silva, diretor-geral da OPCO, que considera que esta \u00e9 uma forma\u00e7\u00e3o que pode ter uma ades\u00e3o de &#8220;120 a 150 pessoas, caso se confirme que a Volkswagen pe\u00e7a este tipo de requisito&#8221;. Est\u00e3o previstas 10 sess\u00f5es ao longo do ano.<\/p>\n<p>Um dos desafios que 2025 traz \u00e9 a harmoniza\u00e7\u00e3o das normas alem\u00e3s VDA com as equivalentes americanas AIAG. &#8220;A harmoniza\u00e7\u00e3o destas normas, nomeadamente SPC e MSA, previstas para o final do ano, significa que os fornecedores da ind\u00fastria autom\u00f3vel, em vez de ter que seguir dois manuais, duas orienta\u00e7\u00f5es, v\u00e3o passar a seguir apenas uma norma harmonizada e reconhecida em praticamente toda a ind\u00fastria&#8221;, explicou.<\/p>\n<p>Assim, as sess\u00f5es de forma\u00e7\u00e3o da OPCO do \u00faltimo trimestre, Harmonization AIAG and VDA SPC e MSA, v\u00e3o qualificar os profissionais para esta harmoniza\u00e7\u00e3o, uma forma\u00e7\u00e3o fundamental para os fornecedores do setor.<\/p>\n<p>Em maio de 2025, a OPCO ir\u00e1 representar Portugal, Espanha, Marrocos e Tun\u00edsia na Confer\u00eancia Internacional ODETTE onde &#8220;vamos ter a revis\u00e3o de modelos de forma\u00e7\u00e3o ligados a esta entidade&#8221;, referiu. Em julho, a empresa formadora e consultora do setor autom\u00f3vel e parceira da VDA em Portugal, levar\u00e1 a sua experi\u00eancia de mais de 15 anos \u00e0 reuni\u00e3o anual dos License Partners VDA. J\u00e1 o Automotive Summit tem a s\u00e9tima edi\u00e7\u00e3o em 2025 e volta a reunir as empresas do setor autom\u00f3vel para debater a atualidade e o futuro.<\/p>\n<p>Quanto \u00e0s expectativas para o pr\u00f3ximo ano, Pedro Silva considerou que \u00e9 fundamental &#8220;uma aten\u00e7\u00e3o redobrada para ver como \u00e9 que os fornecedores, que est\u00e3o dependentes em 80 a 90 % de exporta\u00e7\u00e3o, v\u00e3o reagir \u00e0s altera\u00e7\u00f5es que est\u00e3o a ocorrer, nomeadamente no que diz respeito \u00e0 entrada dos carros chineses na Europa&#8221;. No caso concreto de Portugal, &#8220;vamos ter o lan\u00e7amento do novo carro da Autoeuropa e isso vai implicar n\u00e3o s\u00f3 o futuro imediato, como o futuro a m\u00e9dio prazo tamb\u00e9m, de outros modelos&#8221;, frisou.<\/p>\n<p>&#8220;Na Europa aposta-se cada vez mais na \u00e9tica e sustentabilidade do neg\u00f3cio, em termos ambientais, como a pegada de carbono, e tamb\u00e9m em termos de direitos humanos, condi\u00e7\u00f5es de trabalho, equil\u00edbrio entre a vida pessoal e profissional, mas continuamos a competir com outras regi\u00f5es, nomeadamente China, onde estes requisitos n\u00e3o t\u00eam a mesma aten\u00e7\u00e3o, colocando a Europa internamente uma s\u00e9rie de regulamentos que em outras economias n\u00e3o se est\u00e3o propriamente a observar&#8221;, concluiu.<\/p>\n","protected":false},"excerpt":{"rendered":"<p>A OPCO iniciou 2025 com forma\u00e7\u00f5es&#8230;<\/p>\n","protected":false},"author":15,"featured_media":96265,"comment_status":"closed","ping_status":"closed","sticky":false,"template":"","format":"standard","meta":{"footnotes":""},"categories":[29],"tags":[10165,3194,11628,2849,11629],"class_list":["post-96261","post","type-post","status-publish","format-standard","has-post-thumbnail","hentry","category-empresas","tag-formacoes","tag-industria-automovel","tag-norma-vda-6-8","tag-opco","tag-qualificacao-de-profissionais"],"yoast_head":"<!-- This site is optimized with the Yoast SEO plugin v27.4 - https:\/\/yoast.com\/product\/yoast-seo-wordpress\/ -->\n<title>OPCO antecipa necessidades do mercado com novas forma\u00e7\u00f5es - Jornal das Oficinas<\/title>\n<meta name=\"description\" content=\"A OPCO iniciou 2025 com forma\u00e7\u00f5es focadas na qualifica\u00e7\u00e3o de profissionais da ind\u00fastria autom\u00f3vel, destacando-se a norma VDA 6.8\" \/>\n<meta name=\"robots\" content=\"index, follow, max-snippet:-1, max-image-preview:large, max-video-preview:-1\" \/>\n<link rel=\"canonical\" href=\"https:\/\/jornaldasoficinas.com\/pt\/opco-antecipa-necessidades-do-mercado-com-novas-formacoes\/\" \/>\n<meta property=\"og:locale\" content=\"pt_PT\" \/>\n<meta property=\"og:type\" content=\"article\" \/>\n<meta property=\"og:title\" content=\"OPCO antecipa necessidades do mercado com novas forma\u00e7\u00f5es - Jornal das Oficinas\" \/>\n<meta property=\"og:description\" content=\"A OPCO iniciou 2025 com forma\u00e7\u00f5es focadas na qualifica\u00e7\u00e3o de profissionais da ind\u00fastria autom\u00f3vel, destacando-se a norma VDA 6.8\" \/>\n<meta property=\"og:url\" content=\"https:\/\/jornaldasoficinas.com\/pt\/opco-antecipa-necessidades-do-mercado-com-novas-formacoes\/\" \/>\n<meta property=\"og:site_name\" content=\"Jornal das Oficinas\" \/>\n<meta property=\"article:publisher\" content=\"https:\/\/www.facebook.com\/jornaloficinas\" \/>\n<meta property=\"article:published_time\" content=\"2025-01-09T12:30:06+00:00\" \/>\n<meta property=\"og:image\" content=\"https:\/\/jornaldasoficinas.com\/pt\/wp-content\/uploads\/2025\/01\/OPCO-antecipa-necessidades-do-mercado-com-novas-formacoes.jpg\" \/>\n\t<meta property=\"og:image:width\" content=\"1024\" \/>\n\t<meta property=\"og:image:height\" content=\"581\" \/>\n\t<meta property=\"og:image:type\" content=\"image\/jpeg\" \/>\n<meta name=\"author\" content=\"Reda\u00e7\u00e3o JO\" \/>\n<meta name=\"twitter:card\" content=\"summary_large_image\" \/>\n<meta name=\"twitter:creator\" content=\"@jornaloficinas\" \/>\n<meta name=\"twitter:site\" content=\"@jornaloficinas\" \/>\n<meta name=\"twitter:label1\" content=\"Escrito por\" \/>\n\t<meta name=\"twitter:data1\" content=\"Reda\u00e7\u00e3o JO\" \/>\n\t<meta name=\"twitter:label2\" content=\"Tempo estimado de leitura\" \/>\n\t<meta name=\"twitter:data2\" content=\"4 minutos\" \/>\n<script type=\"application\/ld+json\" class=\"yoast-schema-graph\">{\"@context\":\"https:\\\/\\\/schema.org\",\"@graph\":[{\"@type\":\"Article\",\"@id\":\"https:\\\/\\\/jornaldasoficinas.com\\\/pt\\\/opco-antecipa-necessidades-do-mercado-com-novas-formacoes\\\/#article\",\"isPartOf\":{\"@id\":\"https:\\\/\\\/jornaldasoficinas.com\\\/pt\\\/opco-antecipa-necessidades-do-mercado-com-novas-formacoes\\\/\"},\"author\":{\"name\":\"Reda\u00e7\u00e3o JO\",\"@id\":\"https:\\\/\\\/jornaldasoficinas.com\\\/pt\\\/#\\\/schema\\\/person\\\/a38eef5de2c41d9e7c9ac10141afddf3\"},\"headline\":\"OPCO antecipa necessidades do mercado com novas forma\u00e7\u00f5es\",\"datePublished\":\"2025-01-09T12:30:06+00:00\",\"mainEntityOfPage\":{\"@id\":\"https:\\\/\\\/jornaldasoficinas.com\\\/pt\\\/opco-antecipa-necessidades-do-mercado-com-novas-formacoes\\\/\"},\"wordCount\":670,\"publisher\":{\"@id\":\"https:\\\/\\\/jornaldasoficinas.com\\\/pt\\\/#organization\"},\"image\":{\"@id\":\"https:\\\/\\\/jornaldasoficinas.com\\\/pt\\\/opco-antecipa-necessidades-do-mercado-com-novas-formacoes\\\/#primaryimage\"},\"thumbnailUrl\":\"https:\\\/\\\/jornaldasoficinas.com\\\/pt\\\/wp-content\\\/uploads\\\/2025\\\/01\\\/OPCO-antecipa-necessidades-do-mercado-com-novas-formacoes.jpg\",\"keywords\":[\"forma\u00e7\u00f5es\",\"Ind\u00fastria autom\u00f3vel\",\"norma VDA 6.8\",\"OPCO\",\"qualifica\u00e7\u00e3o de profissionais\"],\"articleSection\":[\"Empresas\"],\"inLanguage\":\"pt-PT\"},{\"@type\":\"WebPage\",\"@id\":\"https:\\\/\\\/jornaldasoficinas.com\\\/pt\\\/opco-antecipa-necessidades-do-mercado-com-novas-formacoes\\\/\",\"url\":\"https:\\\/\\\/jornaldasoficinas.com\\\/pt\\\/opco-antecipa-necessidades-do-mercado-com-novas-formacoes\\\/\",\"name\":\"OPCO antecipa necessidades do mercado com novas forma\u00e7\u00f5es - Jornal das Oficinas\",\"isPartOf\":{\"@id\":\"https:\\\/\\\/jornaldasoficinas.com\\\/pt\\\/#website\"},\"primaryImageOfPage\":{\"@id\":\"https:\\\/\\\/jornaldasoficinas.com\\\/pt\\\/opco-antecipa-necessidades-do-mercado-com-novas-formacoes\\\/#primaryimage\"},\"image\":{\"@id\":\"https:\\\/\\\/jornaldasoficinas.com\\\/pt\\\/opco-antecipa-necessidades-do-mercado-com-novas-formacoes\\\/#primaryimage\"},\"thumbnailUrl\":\"https:\\\/\\\/jornaldasoficinas.com\\\/pt\\\/wp-content\\\/uploads\\\/2025\\\/01\\\/OPCO-antecipa-necessidades-do-mercado-com-novas-formacoes.jpg\",\"datePublished\":\"2025-01-09T12:30:06+00:00\",\"description\":\"A OPCO iniciou 2025 com forma\u00e7\u00f5es focadas na qualifica\u00e7\u00e3o de profissionais da ind\u00fastria autom\u00f3vel, destacando-se a norma VDA 6.8\",\"breadcrumb\":{\"@id\":\"https:\\\/\\\/jornaldasoficinas.com\\\/pt\\\/opco-antecipa-necessidades-do-mercado-com-novas-formacoes\\\/#breadcrumb\"},\"inLanguage\":\"pt-PT\",\"potentialAction\":[{\"@type\":\"ReadAction\",\"target\":[\"https:\\\/\\\/jornaldasoficinas.com\\\/pt\\\/opco-antecipa-necessidades-do-mercado-com-novas-formacoes\\\/\"]}]},{\"@type\":\"ImageObject\",\"inLanguage\":\"pt-PT\",\"@id\":\"https:\\\/\\\/jornaldasoficinas.com\\\/pt\\\/opco-antecipa-necessidades-do-mercado-com-novas-formacoes\\\/#primaryimage\",\"url\":\"https:\\\/\\\/jornaldasoficinas.com\\\/pt\\\/wp-content\\\/uploads\\\/2025\\\/01\\\/OPCO-antecipa-necessidades-do-mercado-com-novas-formacoes.jpg\",\"contentUrl\":\"https:\\\/\\\/jornaldasoficinas.com\\\/pt\\\/wp-content\\\/uploads\\\/2025\\\/01\\\/OPCO-antecipa-necessidades-do-mercado-com-novas-formacoes.jpg\",\"width\":1024,\"height\":581,\"caption\":\"01 - OPCO antecipa necessidades do mercado com novas formacoes\"},{\"@type\":\"BreadcrumbList\",\"@id\":\"https:\\\/\\\/jornaldasoficinas.com\\\/pt\\\/opco-antecipa-necessidades-do-mercado-com-novas-formacoes\\\/#breadcrumb\",\"itemListElement\":[{\"@type\":\"ListItem\",\"position\":1,\"name\":\"In\u00edcio\",\"item\":\"https:\\\/\\\/jornaldasoficinas.com\\\/pt\\\/\"},{\"@type\":\"ListItem\",\"position\":2,\"name\":\"OPCO antecipa necessidades do mercado com novas forma\u00e7\u00f5es\"}]},{\"@type\":\"WebSite\",\"@id\":\"https:\\\/\\\/jornaldasoficinas.com\\\/pt\\\/#website\",\"url\":\"https:\\\/\\\/jornaldasoficinas.com\\\/pt\\\/\",\"name\":\"Jornal das Oficinas\",\"description\":\"Jornal independente do Aftermarket Autom\u00f3vel em Portugal\",\"publisher\":{\"@id\":\"https:\\\/\\\/jornaldasoficinas.com\\\/pt\\\/#organization\"},\"potentialAction\":[{\"@type\":\"SearchAction\",\"target\":{\"@type\":\"EntryPoint\",\"urlTemplate\":\"https:\\\/\\\/jornaldasoficinas.com\\\/pt\\\/?s={search_term_string}\"},\"query-input\":{\"@type\":\"PropertyValueSpecification\",\"valueRequired\":true,\"valueName\":\"search_term_string\"}}],\"inLanguage\":\"pt-PT\"},{\"@type\":\"Organization\",\"@id\":\"https:\\\/\\\/jornaldasoficinas.com\\\/pt\\\/#organization\",\"name\":\"Jornal das Oficinas\",\"url\":\"https:\\\/\\\/jornaldasoficinas.com\\\/pt\\\/\",\"logo\":{\"@type\":\"ImageObject\",\"inLanguage\":\"pt-PT\",\"@id\":\"https:\\\/\\\/jornaldasoficinas.com\\\/pt\\\/#\\\/schema\\\/logo\\\/image\\\/\",\"url\":\"https:\\\/\\\/jornaldasoficinas.com\\\/pt\\\/wp-content\\\/uploads\\\/logoJO-SEO.png\",\"contentUrl\":\"https:\\\/\\\/jornaldasoficinas.com\\\/pt\\\/wp-content\\\/uploads\\\/logoJO-SEO.png\",\"width\":285,\"height\":450,\"caption\":\"Jornal das Oficinas\"},\"image\":{\"@id\":\"https:\\\/\\\/jornaldasoficinas.com\\\/pt\\\/#\\\/schema\\\/logo\\\/image\\\/\"},\"sameAs\":[\"https:\\\/\\\/www.facebook.com\\\/jornaloficinas\",\"https:\\\/\\\/x.com\\\/jornaloficinas\",\"https:\\\/\\\/www.instagram.com\\\/jornal_oficinas\\\/\",\"https:\\\/\\\/www.linkedin.com\\\/company\\\/jornal-das-oficinas\\\/\",\"https:\\\/\\\/www.youtube.com\\\/channel\\\/UCbQZBqtcvV-oSQrr7RzINGg\"]},{\"@type\":\"Person\",\"@id\":\"https:\\\/\\\/jornaldasoficinas.com\\\/pt\\\/#\\\/schema\\\/person\\\/a38eef5de2c41d9e7c9ac10141afddf3\",\"name\":\"Reda\u00e7\u00e3o JO\",\"image\":{\"@type\":\"ImageObject\",\"inLanguage\":\"pt-PT\",\"@id\":\"https:\\\/\\\/secure.gravatar.com\\\/avatar\\\/71f2fa71737ad68a84fea94bc708ddac8ea5b0c4788dc2ad202f3ccb2887742f?s=96&d=wp_user_avatar&r=g\",\"url\":\"https:\\\/\\\/secure.gravatar.com\\\/avatar\\\/71f2fa71737ad68a84fea94bc708ddac8ea5b0c4788dc2ad202f3ccb2887742f?s=96&d=wp_user_avatar&r=g\",\"contentUrl\":\"https:\\\/\\\/secure.gravatar.com\\\/avatar\\\/71f2fa71737ad68a84fea94bc708ddac8ea5b0c4788dc2ad202f3ccb2887742f?s=96&d=wp_user_avatar&r=g\",\"caption\":\"Reda\u00e7\u00e3o JO\"},\"url\":\"https:\\\/\\\/jornaldasoficinas.com\\\/pt\\\/author\\\/joredacao\\\/\"}]}<\/script>\n<!-- \/ Yoast SEO plugin. -->","yoast_head_json":{"title":"OPCO antecipa necessidades do mercado com novas forma\u00e7\u00f5es - Jornal das Oficinas","description":"A OPCO iniciou 2025 com forma\u00e7\u00f5es focadas na qualifica\u00e7\u00e3o de profissionais da ind\u00fastria autom\u00f3vel, destacando-se a norma VDA 6.8","robots":{"index":"index","follow":"follow","max-snippet":"max-snippet:-1","max-image-preview":"max-image-preview:large","max-video-preview":"max-video-preview:-1"},"canonical":"https:\/\/jornaldasoficinas.com\/pt\/opco-antecipa-necessidades-do-mercado-com-novas-formacoes\/","og_locale":"pt_PT","og_type":"article","og_title":"OPCO antecipa necessidades do mercado com novas forma\u00e7\u00f5es - Jornal das Oficinas","og_description":"A OPCO iniciou 2025 com forma\u00e7\u00f5es focadas na qualifica\u00e7\u00e3o de profissionais da ind\u00fastria autom\u00f3vel, destacando-se a norma VDA 6.8","og_url":"https:\/\/jornaldasoficinas.com\/pt\/opco-antecipa-necessidades-do-mercado-com-novas-formacoes\/","og_site_name":"Jornal das Oficinas","article_publisher":"https:\/\/www.facebook.com\/jornaloficinas","article_published_time":"2025-01-09T12:30:06+00:00","og_image":[{"width":1024,"height":581,"url":"https:\/\/jornaldasoficinas.com\/pt\/wp-content\/uploads\/2025\/01\/OPCO-antecipa-necessidades-do-mercado-com-novas-formacoes.jpg","type":"image\/jpeg"}],"author":"Reda\u00e7\u00e3o JO","twitter_card":"summary_large_image","twitter_creator":"@jornaloficinas","twitter_site":"@jornaloficinas","twitter_misc":{"Escrito por":"Reda\u00e7\u00e3o JO","Tempo estimado de leitura":"4 minutos"},"schema":{"@context":"https:\/\/schema.org","@graph":[{"@type":"Article","@id":"https:\/\/jornaldasoficinas.com\/pt\/opco-antecipa-necessidades-do-mercado-com-novas-formacoes\/#article","isPartOf":{"@id":"https:\/\/jornaldasoficinas.com\/pt\/opco-antecipa-necessidades-do-mercado-com-novas-formacoes\/"},"author":{"name":"Reda\u00e7\u00e3o JO","@id":"https:\/\/jornaldasoficinas.com\/pt\/#\/schema\/person\/a38eef5de2c41d9e7c9ac10141afddf3"},"headline":"OPCO antecipa necessidades do mercado com novas forma\u00e7\u00f5es","datePublished":"2025-01-09T12:30:06+00:00","mainEntityOfPage":{"@id":"https:\/\/jornaldasoficinas.com\/pt\/opco-antecipa-necessidades-do-mercado-com-novas-formacoes\/"},"wordCount":670,"publisher":{"@id":"https:\/\/jornaldasoficinas.com\/pt\/#organization"},"image":{"@id":"https:\/\/jornaldasoficinas.com\/pt\/opco-antecipa-necessidades-do-mercado-com-novas-formacoes\/#primaryimage"},"thumbnailUrl":"https:\/\/jornaldasoficinas.com\/pt\/wp-content\/uploads\/2025\/01\/OPCO-antecipa-necessidades-do-mercado-com-novas-formacoes.jpg","keywords":["forma\u00e7\u00f5es","Ind\u00fastria autom\u00f3vel","norma VDA 6.8","OPCO","qualifica\u00e7\u00e3o de profissionais"],"articleSection":["Empresas"],"inLanguage":"pt-PT"},{"@type":"WebPage","@id":"https:\/\/jornaldasoficinas.com\/pt\/opco-antecipa-necessidades-do-mercado-com-novas-formacoes\/","url":"https:\/\/jornaldasoficinas.com\/pt\/opco-antecipa-necessidades-do-mercado-com-novas-formacoes\/","name":"OPCO antecipa necessidades do mercado com novas forma\u00e7\u00f5es - Jornal das Oficinas","isPartOf":{"@id":"https:\/\/jornaldasoficinas.com\/pt\/#website"},"primaryImageOfPage":{"@id":"https:\/\/jornaldasoficinas.com\/pt\/opco-antecipa-necessidades-do-mercado-com-novas-formacoes\/#primaryimage"},"image":{"@id":"https:\/\/jornaldasoficinas.com\/pt\/opco-antecipa-necessidades-do-mercado-com-novas-formacoes\/#primaryimage"},"thumbnailUrl":"https:\/\/jornaldasoficinas.com\/pt\/wp-content\/uploads\/2025\/01\/OPCO-antecipa-necessidades-do-mercado-com-novas-formacoes.jpg","datePublished":"2025-01-09T12:30:06+00:00","description":"A OPCO iniciou 2025 com forma\u00e7\u00f5es focadas na qualifica\u00e7\u00e3o de profissionais da ind\u00fastria autom\u00f3vel, destacando-se a norma VDA 6.8","breadcrumb":{"@id":"https:\/\/jornaldasoficinas.com\/pt\/opco-antecipa-necessidades-do-mercado-com-novas-formacoes\/#breadcrumb"},"inLanguage":"pt-PT","potentialAction":[{"@type":"ReadAction","target":["https:\/\/jornaldasoficinas.com\/pt\/opco-antecipa-necessidades-do-mercado-com-novas-formacoes\/"]}]},{"@type":"ImageObject","inLanguage":"pt-PT","@id":"https:\/\/jornaldasoficinas.com\/pt\/opco-antecipa-necessidades-do-mercado-com-novas-formacoes\/#primaryimage","url":"https:\/\/jornaldasoficinas.com\/pt\/wp-content\/uploads\/2025\/01\/OPCO-antecipa-necessidades-do-mercado-com-novas-formacoes.jpg","contentUrl":"https:\/\/jornaldasoficinas.com\/pt\/wp-content\/uploads\/2025\/01\/OPCO-antecipa-necessidades-do-mercado-com-novas-formacoes.jpg","width":1024,"height":581,"caption":"01 - OPCO antecipa necessidades do mercado com novas formacoes"},{"@type":"BreadcrumbList","@id":"https:\/\/jornaldasoficinas.com\/pt\/opco-antecipa-necessidades-do-mercado-com-novas-formacoes\/#breadcrumb","itemListElement":[{"@type":"ListItem","position":1,"name":"In\u00edcio","item":"https:\/\/jornaldasoficinas.com\/pt\/"},{"@type":"ListItem","position":2,"name":"OPCO antecipa necessidades do mercado com novas forma\u00e7\u00f5es"}]},{"@type":"WebSite","@id":"https:\/\/jornaldasoficinas.com\/pt\/#website","url":"https:\/\/jornaldasoficinas.com\/pt\/","name":"Jornal das Oficinas","description":"Jornal independente do Aftermarket Autom\u00f3vel em Portugal","publisher":{"@id":"https:\/\/jornaldasoficinas.com\/pt\/#organization"},"potentialAction":[{"@type":"SearchAction","target":{"@type":"EntryPoint","urlTemplate":"https:\/\/jornaldasoficinas.com\/pt\/?s={search_term_string}"},"query-input":{"@type":"PropertyValueSpecification","valueRequired":true,"valueName":"search_term_string"}}],"inLanguage":"pt-PT"},{"@type":"Organization","@id":"https:\/\/jornaldasoficinas.com\/pt\/#organization","name":"Jornal das Oficinas","url":"https:\/\/jornaldasoficinas.com\/pt\/","logo":{"@type":"ImageObject","inLanguage":"pt-PT","@id":"https:\/\/jornaldasoficinas.com\/pt\/#\/schema\/logo\/image\/","url":"https:\/\/jornaldasoficinas.com\/pt\/wp-content\/uploads\/logoJO-SEO.png","contentUrl":"https:\/\/jornaldasoficinas.com\/pt\/wp-content\/uploads\/logoJO-SEO.png","width":285,"height":450,"caption":"Jornal das Oficinas"},"image":{"@id":"https:\/\/jornaldasoficinas.com\/pt\/#\/schema\/logo\/image\/"},"sameAs":["https:\/\/www.facebook.com\/jornaloficinas","https:\/\/x.com\/jornaloficinas","https:\/\/www.instagram.com\/jornal_oficinas\/","https:\/\/www.linkedin.com\/company\/jornal-das-oficinas\/","https:\/\/www.youtube.com\/channel\/UCbQZBqtcvV-oSQrr7RzINGg"]},{"@type":"Person","@id":"https:\/\/jornaldasoficinas.com\/pt\/#\/schema\/person\/a38eef5de2c41d9e7c9ac10141afddf3","name":"Reda\u00e7\u00e3o JO","image":{"@type":"ImageObject","inLanguage":"pt-PT","@id":"https:\/\/secure.gravatar.com\/avatar\/71f2fa71737ad68a84fea94bc708ddac8ea5b0c4788dc2ad202f3ccb2887742f?s=96&d=wp_user_avatar&r=g","url":"https:\/\/secure.gravatar.com\/avatar\/71f2fa71737ad68a84fea94bc708ddac8ea5b0c4788dc2ad202f3ccb2887742f?s=96&d=wp_user_avatar&r=g","contentUrl":"https:\/\/secure.gravatar.com\/avatar\/71f2fa71737ad68a84fea94bc708ddac8ea5b0c4788dc2ad202f3ccb2887742f?s=96&d=wp_user_avatar&r=g","caption":"Reda\u00e7\u00e3o JO"},"url":"https:\/\/jornaldasoficinas.com\/pt\/author\/joredacao\/"}]}},"_links":{"self":[{"href":"https:\/\/jornaldasoficinas.com\/pt\/wp-json\/wp\/v2\/posts\/96261","targetHints":{"allow":["GET"]}}],"collection":[{"href":"https:\/\/jornaldasoficinas.com\/pt\/wp-json\/wp\/v2\/posts"}],"about":[{"href":"https:\/\/jornaldasoficinas.com\/pt\/wp-json\/wp\/v2\/types\/post"}],"author":[{"embeddable":true,"href":"https:\/\/jornaldasoficinas.com\/pt\/wp-json\/wp\/v2\/users\/15"}],"replies":[{"embeddable":true,"href":"https:\/\/jornaldasoficinas.com\/pt\/wp-json\/wp\/v2\/comments?post=96261"}],"version-history":[{"count":2,"href":"https:\/\/jornaldasoficinas.com\/pt\/wp-json\/wp\/v2\/posts\/96261\/revisions"}],"predecessor-version":[{"id":96266,"href":"https:\/\/jornaldasoficinas.com\/pt\/wp-json\/wp\/v2\/posts\/96261\/revisions\/96266"}],"wp:featuredmedia":[{"embeddable":true,"href":"https:\/\/jornaldasoficinas.com\/pt\/wp-json\/wp\/v2\/media\/96265"}],"wp:attachment":[{"href":"https:\/\/jornaldasoficinas.com\/pt\/wp-json\/wp\/v2\/media?parent=96261"}],"wp:term":[{"taxonomy":"category","embeddable":true,"href":"https:\/\/jornaldasoficinas.com\/pt\/wp-json\/wp\/v2\/categories?post=96261"},{"taxonomy":"post_tag","embeddable":true,"href":"https:\/\/jornaldasoficinas.com\/pt\/wp-json\/wp\/v2\/tags?post=96261"}],"curies":[{"name":"wp","href":"https:\/\/api.w.org\/{rel}","templated":true}]}}