{"id":96263,"date":"2025-01-09T08:00:10","date_gmt":"2025-01-09T08:00:10","guid":{"rendered":"https:\/\/jornaldasoficinas.com\/pt\/?p=96263"},"modified":"2025-01-08T17:06:41","modified_gmt":"2025-01-08T17:06:41","slug":"tab-spain-adquire-100-da-akuval-bat-e-cria-tab-levante","status":"publish","type":"post","link":"https:\/\/jornaldasoficinas.com\/pt\/tab-spain-adquire-100-da-akuval-bat-e-cria-tab-levante\/","title":{"rendered":"TAB Spain adquire 100% da Akuval Bat e cria TAB Levante"},"content":{"rendered":"<p><strong><img loading=\"lazy\" decoding=\"async\" class=\"alignnone size-full wp-image-96269\" src=\"https:\/\/jornaldasoficinas.com\/pt\/wp-content\/uploads\/2025\/01\/TAB-Spain-adquire-100-da-Akuval-Bat-e-cria-TAB-Levante.jpg\" alt=\"01 - TAB Spain adquire 100 da Akuval Bat e cria TAB Levante\" width=\"1024\" height=\"581\" srcset=\"https:\/\/jornaldasoficinas.com\/pt\/wp-content\/uploads\/2025\/01\/TAB-Spain-adquire-100-da-Akuval-Bat-e-cria-TAB-Levante.jpg 1024w, https:\/\/jornaldasoficinas.com\/pt\/wp-content\/uploads\/2025\/01\/TAB-Spain-adquire-100-da-Akuval-Bat-e-cria-TAB-Levante-300x170.jpg 300w, https:\/\/jornaldasoficinas.com\/pt\/wp-content\/uploads\/2025\/01\/TAB-Spain-adquire-100-da-Akuval-Bat-e-cria-TAB-Levante-150x85.jpg 150w, https:\/\/jornaldasoficinas.com\/pt\/wp-content\/uploads\/2025\/01\/TAB-Spain-adquire-100-da-Akuval-Bat-e-cria-TAB-Levante-768x436.jpg 768w\" sizes=\"auto, (max-width: 1024px) 100vw, 1024px\" \/><\/strong><\/p>\n<p><strong>Com a aquisi\u00e7\u00e3o de 100% da <a href=\"https:\/\/www.akuval.com\/\" target=\"_blank\" rel=\"noopener\">Akuval Bat<\/a> e a cria\u00e7\u00e3o da TAB Levante, a <a href=\"https:\/\/www.tabspain.com\/\" target=\"_blank\" rel=\"noopener\">TAB Spain<\/a> refor\u00e7a a sua posi\u00e7\u00e3o no mercado ib\u00e9rico<\/strong><\/p>\n<p>A empresa espanhola TAB Spain anunciou a aquisi\u00e7\u00e3o de 100% da Akuval Bat, assinalando um marco no seu processo de expans\u00e3o. Com esta opera\u00e7\u00e3o nasce a TAB Levante, uma nova delega\u00e7\u00e3o da TAB Espanha em territ\u00f3rio ib\u00e9rico.<\/p>\n<p>A Akuval possui instala\u00e7\u00f5es estrategicamente localizadas em Val\u00eancia, Alicante, M\u00farcia e Sevilha. Com uma equipa de 31 pessoas, a empresa alcan\u00e7ou um volume de neg\u00f3cios superior a 10 milh\u00f5es de euros em 2023, focado exclusivamente no segmento das baterias. A sua oferta inclui aplica\u00e7\u00f5es industriais, estacion\u00e1rias e de arranque.<\/p>\n<p>&#8220;Com esta opera\u00e7\u00e3o a TAB refor\u00e7a a sua posi\u00e7\u00e3o de lideran\u00e7a nos mercados espanhol e portugu\u00eas, algo que faz parte dos planos de expans\u00e3o do grupo na Europa&#8221;, assegurou a TAB Spain em comunicado.<\/p>\n<p>&#8220;A TAB e a Akuval colaboram com sucesso h\u00e1 quase 20 anos. Esta \u00e9 sem d\u00favida uma associa\u00e7\u00e3o baseada na confian\u00e7a e na partilha de valores que tem resultado nesta integra\u00e7\u00e3o entre empresas. Estou convencido de que temos um grande futuro pela frente, repleto de desafios e oportunidades que agora enfrentaremos juntos&#8221;, afirmou Joan Alcaraz, diretor geral da TAB Espanha e respons\u00e1vel global de ITG do Grupo TAB.<\/p>\n<p>&#8220;Damos as boas vindas a toda a equipa Akuval, que nos proporcionar\u00e1 a sua experi\u00eancia e profissionalismo. A nossa fam\u00edlia TAB est\u00e1 a crescer da melhor maneira poss\u00edvel&#8221;, acrescentou.<\/p>\n<p>&#8220;Este \u00e9 um passo importante que ir\u00e1 refor\u00e7ar o crescimento do nosso grupo e a presen\u00e7a dos nossos produtos no mercado. Estamos muito satisfeitos por receber toda a equipa Akuval para iniciarmos juntos esta nova jornada&#8221;, concluiu Bogomir Auprih, presidente do conselho de administra\u00e7\u00e3o do Grupo TAB.<\/p>\n","protected":false},"excerpt":{"rendered":"<p>Com a aquisi\u00e7\u00e3o de 100% da&#8230;<\/p>\n","protected":false},"author":15,"featured_media":96269,"comment_status":"closed","ping_status":"closed","sticky":false,"template":"","format":"standard","meta":{"footnotes":""},"categories":[29],"tags":[11630,4024,11633,2975,11632,11631,564],"class_list":["post-96263","post","type-post","status-publish","format-standard","has-post-thumbnail","hentry","category-empresas","tag-akuval-bat","tag-aquisicao","tag-baterias-para-automoveis","tag-mercado-iberico","tag-processo-de-expansao","tag-tab-levante","tag-tab-spain"],"yoast_head":"<!-- This site is optimized with the Yoast SEO plugin v27.4 - https:\/\/yoast.com\/product\/yoast-seo-wordpress\/ -->\n<title>TAB Spain adquire 100% da Akuval Bat e cria TAB Levante - Jornal das Oficinas<\/title>\n<meta name=\"description\" content=\"Com a aquisi\u00e7\u00e3o de 100% da AKUVAL BAT e a cria\u00e7\u00e3o da TAB Levante, a TAB Spain refor\u00e7a a sua presen\u00e7a no mercado ib\u00e9rico\" \/>\n<meta name=\"robots\" content=\"index, follow, max-snippet:-1, max-image-preview:large, max-video-preview:-1\" \/>\n<link rel=\"canonical\" href=\"https:\/\/jornaldasoficinas.com\/pt\/tab-spain-adquire-100-da-akuval-bat-e-cria-tab-levante\/\" \/>\n<meta property=\"og:locale\" content=\"pt_PT\" \/>\n<meta property=\"og:type\" content=\"article\" \/>\n<meta property=\"og:title\" content=\"TAB Spain adquire 100% da Akuval Bat e cria TAB Levante - Jornal das Oficinas\" \/>\n<meta property=\"og:description\" content=\"Com a aquisi\u00e7\u00e3o de 100% da AKUVAL BAT e a cria\u00e7\u00e3o da TAB Levante, a TAB Spain refor\u00e7a a sua presen\u00e7a no mercado ib\u00e9rico\" \/>\n<meta property=\"og:url\" content=\"https:\/\/jornaldasoficinas.com\/pt\/tab-spain-adquire-100-da-akuval-bat-e-cria-tab-levante\/\" \/>\n<meta property=\"og:site_name\" content=\"Jornal das Oficinas\" \/>\n<meta property=\"article:publisher\" content=\"https:\/\/www.facebook.com\/jornaloficinas\" \/>\n<meta property=\"article:published_time\" content=\"2025-01-09T08:00:10+00:00\" \/>\n<meta property=\"og:image\" content=\"https:\/\/jornaldasoficinas.com\/pt\/wp-content\/uploads\/2025\/01\/TAB-Spain-adquire-100-da-Akuval-Bat-e-cria-TAB-Levante.jpg\" \/>\n\t<meta property=\"og:image:width\" content=\"1024\" \/>\n\t<meta property=\"og:image:height\" content=\"581\" \/>\n\t<meta property=\"og:image:type\" content=\"image\/jpeg\" \/>\n<meta name=\"author\" content=\"Reda\u00e7\u00e3o JO\" \/>\n<meta name=\"twitter:card\" content=\"summary_large_image\" \/>\n<meta name=\"twitter:creator\" content=\"@jornaloficinas\" \/>\n<meta name=\"twitter:site\" content=\"@jornaloficinas\" \/>\n<meta name=\"twitter:label1\" content=\"Escrito por\" \/>\n\t<meta name=\"twitter:data1\" content=\"Reda\u00e7\u00e3o JO\" \/>\n\t<meta name=\"twitter:label2\" content=\"Tempo estimado de leitura\" \/>\n\t<meta name=\"twitter:data2\" content=\"2 minutos\" \/>\n<script type=\"application\/ld+json\" class=\"yoast-schema-graph\">{\"@context\":\"https:\\\/\\\/schema.org\",\"@graph\":[{\"@type\":\"Article\",\"@id\":\"https:\\\/\\\/jornaldasoficinas.com\\\/pt\\\/tab-spain-adquire-100-da-akuval-bat-e-cria-tab-levante\\\/#article\",\"isPartOf\":{\"@id\":\"https:\\\/\\\/jornaldasoficinas.com\\\/pt\\\/tab-spain-adquire-100-da-akuval-bat-e-cria-tab-levante\\\/\"},\"author\":{\"name\":\"Reda\u00e7\u00e3o JO\",\"@id\":\"https:\\\/\\\/jornaldasoficinas.com\\\/pt\\\/#\\\/schema\\\/person\\\/a38eef5de2c41d9e7c9ac10141afddf3\"},\"headline\":\"TAB Spain adquire 100% da Akuval Bat e cria TAB Levante\",\"datePublished\":\"2025-01-09T08:00:10+00:00\",\"mainEntityOfPage\":{\"@id\":\"https:\\\/\\\/jornaldasoficinas.com\\\/pt\\\/tab-spain-adquire-100-da-akuval-bat-e-cria-tab-levante\\\/\"},\"wordCount\":326,\"publisher\":{\"@id\":\"https:\\\/\\\/jornaldasoficinas.com\\\/pt\\\/#organization\"},\"image\":{\"@id\":\"https:\\\/\\\/jornaldasoficinas.com\\\/pt\\\/tab-spain-adquire-100-da-akuval-bat-e-cria-tab-levante\\\/#primaryimage\"},\"thumbnailUrl\":\"https:\\\/\\\/jornaldasoficinas.com\\\/pt\\\/wp-content\\\/uploads\\\/2025\\\/01\\\/TAB-Spain-adquire-100-da-Akuval-Bat-e-cria-TAB-Levante.jpg\",\"keywords\":[\"AKUVAL BAT\",\"Aquisi\u00e7\u00e3o\",\"baterias para autom\u00f3veis\",\"mercado iberico\",\"processo de expans\u00e3o\",\"TAB Levante\",\"TAB Spain\"],\"articleSection\":[\"Empresas\"],\"inLanguage\":\"pt-PT\"},{\"@type\":\"WebPage\",\"@id\":\"https:\\\/\\\/jornaldasoficinas.com\\\/pt\\\/tab-spain-adquire-100-da-akuval-bat-e-cria-tab-levante\\\/\",\"url\":\"https:\\\/\\\/jornaldasoficinas.com\\\/pt\\\/tab-spain-adquire-100-da-akuval-bat-e-cria-tab-levante\\\/\",\"name\":\"TAB Spain adquire 100% da Akuval Bat e cria TAB Levante - Jornal das Oficinas\",\"isPartOf\":{\"@id\":\"https:\\\/\\\/jornaldasoficinas.com\\\/pt\\\/#website\"},\"primaryImageOfPage\":{\"@id\":\"https:\\\/\\\/jornaldasoficinas.com\\\/pt\\\/tab-spain-adquire-100-da-akuval-bat-e-cria-tab-levante\\\/#primaryimage\"},\"image\":{\"@id\":\"https:\\\/\\\/jornaldasoficinas.com\\\/pt\\\/tab-spain-adquire-100-da-akuval-bat-e-cria-tab-levante\\\/#primaryimage\"},\"thumbnailUrl\":\"https:\\\/\\\/jornaldasoficinas.com\\\/pt\\\/wp-content\\\/uploads\\\/2025\\\/01\\\/TAB-Spain-adquire-100-da-Akuval-Bat-e-cria-TAB-Levante.jpg\",\"datePublished\":\"2025-01-09T08:00:10+00:00\",\"description\":\"Com a aquisi\u00e7\u00e3o de 100% da AKUVAL BAT e a cria\u00e7\u00e3o da TAB Levante, a TAB Spain refor\u00e7a a sua presen\u00e7a no mercado ib\u00e9rico\",\"breadcrumb\":{\"@id\":\"https:\\\/\\\/jornaldasoficinas.com\\\/pt\\\/tab-spain-adquire-100-da-akuval-bat-e-cria-tab-levante\\\/#breadcrumb\"},\"inLanguage\":\"pt-PT\",\"potentialAction\":[{\"@type\":\"ReadAction\",\"target\":[\"https:\\\/\\\/jornaldasoficinas.com\\\/pt\\\/tab-spain-adquire-100-da-akuval-bat-e-cria-tab-levante\\\/\"]}]},{\"@type\":\"ImageObject\",\"inLanguage\":\"pt-PT\",\"@id\":\"https:\\\/\\\/jornaldasoficinas.com\\\/pt\\\/tab-spain-adquire-100-da-akuval-bat-e-cria-tab-levante\\\/#primaryimage\",\"url\":\"https:\\\/\\\/jornaldasoficinas.com\\\/pt\\\/wp-content\\\/uploads\\\/2025\\\/01\\\/TAB-Spain-adquire-100-da-Akuval-Bat-e-cria-TAB-Levante.jpg\",\"contentUrl\":\"https:\\\/\\\/jornaldasoficinas.com\\\/pt\\\/wp-content\\\/uploads\\\/2025\\\/01\\\/TAB-Spain-adquire-100-da-Akuval-Bat-e-cria-TAB-Levante.jpg\",\"width\":1024,\"height\":581,\"caption\":\"01 - TAB Spain adquire 100 da Akuval Bat e cria TAB Levante\"},{\"@type\":\"BreadcrumbList\",\"@id\":\"https:\\\/\\\/jornaldasoficinas.com\\\/pt\\\/tab-spain-adquire-100-da-akuval-bat-e-cria-tab-levante\\\/#breadcrumb\",\"itemListElement\":[{\"@type\":\"ListItem\",\"position\":1,\"name\":\"In\u00edcio\",\"item\":\"https:\\\/\\\/jornaldasoficinas.com\\\/pt\\\/\"},{\"@type\":\"ListItem\",\"position\":2,\"name\":\"TAB Spain adquire 100% da Akuval Bat e cria TAB Levante\"}]},{\"@type\":\"WebSite\",\"@id\":\"https:\\\/\\\/jornaldasoficinas.com\\\/pt\\\/#website\",\"url\":\"https:\\\/\\\/jornaldasoficinas.com\\\/pt\\\/\",\"name\":\"Jornal das Oficinas\",\"description\":\"Jornal independente do Aftermarket Autom\u00f3vel em Portugal\",\"publisher\":{\"@id\":\"https:\\\/\\\/jornaldasoficinas.com\\\/pt\\\/#organization\"},\"potentialAction\":[{\"@type\":\"SearchAction\",\"target\":{\"@type\":\"EntryPoint\",\"urlTemplate\":\"https:\\\/\\\/jornaldasoficinas.com\\\/pt\\\/?s={search_term_string}\"},\"query-input\":{\"@type\":\"PropertyValueSpecification\",\"valueRequired\":true,\"valueName\":\"search_term_string\"}}],\"inLanguage\":\"pt-PT\"},{\"@type\":\"Organization\",\"@id\":\"https:\\\/\\\/jornaldasoficinas.com\\\/pt\\\/#organization\",\"name\":\"Jornal das Oficinas\",\"url\":\"https:\\\/\\\/jornaldasoficinas.com\\\/pt\\\/\",\"logo\":{\"@type\":\"ImageObject\",\"inLanguage\":\"pt-PT\",\"@id\":\"https:\\\/\\\/jornaldasoficinas.com\\\/pt\\\/#\\\/schema\\\/logo\\\/image\\\/\",\"url\":\"https:\\\/\\\/jornaldasoficinas.com\\\/pt\\\/wp-content\\\/uploads\\\/logoJO-SEO.png\",\"contentUrl\":\"https:\\\/\\\/jornaldasoficinas.com\\\/pt\\\/wp-content\\\/uploads\\\/logoJO-SEO.png\",\"width\":285,\"height\":450,\"caption\":\"Jornal das Oficinas\"},\"image\":{\"@id\":\"https:\\\/\\\/jornaldasoficinas.com\\\/pt\\\/#\\\/schema\\\/logo\\\/image\\\/\"},\"sameAs\":[\"https:\\\/\\\/www.facebook.com\\\/jornaloficinas\",\"https:\\\/\\\/x.com\\\/jornaloficinas\",\"https:\\\/\\\/www.instagram.com\\\/jornal_oficinas\\\/\",\"https:\\\/\\\/www.linkedin.com\\\/company\\\/jornal-das-oficinas\\\/\",\"https:\\\/\\\/www.youtube.com\\\/channel\\\/UCbQZBqtcvV-oSQrr7RzINGg\"]},{\"@type\":\"Person\",\"@id\":\"https:\\\/\\\/jornaldasoficinas.com\\\/pt\\\/#\\\/schema\\\/person\\\/a38eef5de2c41d9e7c9ac10141afddf3\",\"name\":\"Reda\u00e7\u00e3o JO\",\"image\":{\"@type\":\"ImageObject\",\"inLanguage\":\"pt-PT\",\"@id\":\"https:\\\/\\\/secure.gravatar.com\\\/avatar\\\/71f2fa71737ad68a84fea94bc708ddac8ea5b0c4788dc2ad202f3ccb2887742f?s=96&d=wp_user_avatar&r=g\",\"url\":\"https:\\\/\\\/secure.gravatar.com\\\/avatar\\\/71f2fa71737ad68a84fea94bc708ddac8ea5b0c4788dc2ad202f3ccb2887742f?s=96&d=wp_user_avatar&r=g\",\"contentUrl\":\"https:\\\/\\\/secure.gravatar.com\\\/avatar\\\/71f2fa71737ad68a84fea94bc708ddac8ea5b0c4788dc2ad202f3ccb2887742f?s=96&d=wp_user_avatar&r=g\",\"caption\":\"Reda\u00e7\u00e3o JO\"},\"url\":\"https:\\\/\\\/jornaldasoficinas.com\\\/pt\\\/author\\\/joredacao\\\/\"}]}<\/script>\n<!-- \/ Yoast SEO plugin. -->","yoast_head_json":{"title":"TAB Spain adquire 100% da Akuval Bat e cria TAB Levante - Jornal das Oficinas","description":"Com a aquisi\u00e7\u00e3o de 100% da AKUVAL BAT e a cria\u00e7\u00e3o da TAB Levante, a TAB Spain refor\u00e7a a sua presen\u00e7a no mercado ib\u00e9rico","robots":{"index":"index","follow":"follow","max-snippet":"max-snippet:-1","max-image-preview":"max-image-preview:large","max-video-preview":"max-video-preview:-1"},"canonical":"https:\/\/jornaldasoficinas.com\/pt\/tab-spain-adquire-100-da-akuval-bat-e-cria-tab-levante\/","og_locale":"pt_PT","og_type":"article","og_title":"TAB Spain adquire 100% da Akuval Bat e cria TAB Levante - Jornal das Oficinas","og_description":"Com a aquisi\u00e7\u00e3o de 100% da AKUVAL BAT e a cria\u00e7\u00e3o da TAB Levante, a TAB Spain refor\u00e7a a sua presen\u00e7a no mercado ib\u00e9rico","og_url":"https:\/\/jornaldasoficinas.com\/pt\/tab-spain-adquire-100-da-akuval-bat-e-cria-tab-levante\/","og_site_name":"Jornal das Oficinas","article_publisher":"https:\/\/www.facebook.com\/jornaloficinas","article_published_time":"2025-01-09T08:00:10+00:00","og_image":[{"width":1024,"height":581,"url":"https:\/\/jornaldasoficinas.com\/pt\/wp-content\/uploads\/2025\/01\/TAB-Spain-adquire-100-da-Akuval-Bat-e-cria-TAB-Levante.jpg","type":"image\/jpeg"}],"author":"Reda\u00e7\u00e3o JO","twitter_card":"summary_large_image","twitter_creator":"@jornaloficinas","twitter_site":"@jornaloficinas","twitter_misc":{"Escrito por":"Reda\u00e7\u00e3o JO","Tempo estimado de leitura":"2 minutos"},"schema":{"@context":"https:\/\/schema.org","@graph":[{"@type":"Article","@id":"https:\/\/jornaldasoficinas.com\/pt\/tab-spain-adquire-100-da-akuval-bat-e-cria-tab-levante\/#article","isPartOf":{"@id":"https:\/\/jornaldasoficinas.com\/pt\/tab-spain-adquire-100-da-akuval-bat-e-cria-tab-levante\/"},"author":{"name":"Reda\u00e7\u00e3o JO","@id":"https:\/\/jornaldasoficinas.com\/pt\/#\/schema\/person\/a38eef5de2c41d9e7c9ac10141afddf3"},"headline":"TAB Spain adquire 100% da Akuval Bat e cria TAB Levante","datePublished":"2025-01-09T08:00:10+00:00","mainEntityOfPage":{"@id":"https:\/\/jornaldasoficinas.com\/pt\/tab-spain-adquire-100-da-akuval-bat-e-cria-tab-levante\/"},"wordCount":326,"publisher":{"@id":"https:\/\/jornaldasoficinas.com\/pt\/#organization"},"image":{"@id":"https:\/\/jornaldasoficinas.com\/pt\/tab-spain-adquire-100-da-akuval-bat-e-cria-tab-levante\/#primaryimage"},"thumbnailUrl":"https:\/\/jornaldasoficinas.com\/pt\/wp-content\/uploads\/2025\/01\/TAB-Spain-adquire-100-da-Akuval-Bat-e-cria-TAB-Levante.jpg","keywords":["AKUVAL BAT","Aquisi\u00e7\u00e3o","baterias para autom\u00f3veis","mercado iberico","processo de expans\u00e3o","TAB Levante","TAB Spain"],"articleSection":["Empresas"],"inLanguage":"pt-PT"},{"@type":"WebPage","@id":"https:\/\/jornaldasoficinas.com\/pt\/tab-spain-adquire-100-da-akuval-bat-e-cria-tab-levante\/","url":"https:\/\/jornaldasoficinas.com\/pt\/tab-spain-adquire-100-da-akuval-bat-e-cria-tab-levante\/","name":"TAB Spain adquire 100% da Akuval Bat e cria TAB Levante - Jornal das Oficinas","isPartOf":{"@id":"https:\/\/jornaldasoficinas.com\/pt\/#website"},"primaryImageOfPage":{"@id":"https:\/\/jornaldasoficinas.com\/pt\/tab-spain-adquire-100-da-akuval-bat-e-cria-tab-levante\/#primaryimage"},"image":{"@id":"https:\/\/jornaldasoficinas.com\/pt\/tab-spain-adquire-100-da-akuval-bat-e-cria-tab-levante\/#primaryimage"},"thumbnailUrl":"https:\/\/jornaldasoficinas.com\/pt\/wp-content\/uploads\/2025\/01\/TAB-Spain-adquire-100-da-Akuval-Bat-e-cria-TAB-Levante.jpg","datePublished":"2025-01-09T08:00:10+00:00","description":"Com a aquisi\u00e7\u00e3o de 100% da AKUVAL BAT e a cria\u00e7\u00e3o da TAB Levante, a TAB Spain refor\u00e7a a sua presen\u00e7a no mercado ib\u00e9rico","breadcrumb":{"@id":"https:\/\/jornaldasoficinas.com\/pt\/tab-spain-adquire-100-da-akuval-bat-e-cria-tab-levante\/#breadcrumb"},"inLanguage":"pt-PT","potentialAction":[{"@type":"ReadAction","target":["https:\/\/jornaldasoficinas.com\/pt\/tab-spain-adquire-100-da-akuval-bat-e-cria-tab-levante\/"]}]},{"@type":"ImageObject","inLanguage":"pt-PT","@id":"https:\/\/jornaldasoficinas.com\/pt\/tab-spain-adquire-100-da-akuval-bat-e-cria-tab-levante\/#primaryimage","url":"https:\/\/jornaldasoficinas.com\/pt\/wp-content\/uploads\/2025\/01\/TAB-Spain-adquire-100-da-Akuval-Bat-e-cria-TAB-Levante.jpg","contentUrl":"https:\/\/jornaldasoficinas.com\/pt\/wp-content\/uploads\/2025\/01\/TAB-Spain-adquire-100-da-Akuval-Bat-e-cria-TAB-Levante.jpg","width":1024,"height":581,"caption":"01 - TAB Spain adquire 100 da Akuval Bat e cria TAB Levante"},{"@type":"BreadcrumbList","@id":"https:\/\/jornaldasoficinas.com\/pt\/tab-spain-adquire-100-da-akuval-bat-e-cria-tab-levante\/#breadcrumb","itemListElement":[{"@type":"ListItem","position":1,"name":"In\u00edcio","item":"https:\/\/jornaldasoficinas.com\/pt\/"},{"@type":"ListItem","position":2,"name":"TAB Spain adquire 100% da Akuval Bat e cria TAB Levante"}]},{"@type":"WebSite","@id":"https:\/\/jornaldasoficinas.com\/pt\/#website","url":"https:\/\/jornaldasoficinas.com\/pt\/","name":"Jornal das Oficinas","description":"Jornal independente do Aftermarket Autom\u00f3vel em Portugal","publisher":{"@id":"https:\/\/jornaldasoficinas.com\/pt\/#organization"},"potentialAction":[{"@type":"SearchAction","target":{"@type":"EntryPoint","urlTemplate":"https:\/\/jornaldasoficinas.com\/pt\/?s={search_term_string}"},"query-input":{"@type":"PropertyValueSpecification","valueRequired":true,"valueName":"search_term_string"}}],"inLanguage":"pt-PT"},{"@type":"Organization","@id":"https:\/\/jornaldasoficinas.com\/pt\/#organization","name":"Jornal das Oficinas","url":"https:\/\/jornaldasoficinas.com\/pt\/","logo":{"@type":"ImageObject","inLanguage":"pt-PT","@id":"https:\/\/jornaldasoficinas.com\/pt\/#\/schema\/logo\/image\/","url":"https:\/\/jornaldasoficinas.com\/pt\/wp-content\/uploads\/logoJO-SEO.png","contentUrl":"https:\/\/jornaldasoficinas.com\/pt\/wp-content\/uploads\/logoJO-SEO.png","width":285,"height":450,"caption":"Jornal das Oficinas"},"image":{"@id":"https:\/\/jornaldasoficinas.com\/pt\/#\/schema\/logo\/image\/"},"sameAs":["https:\/\/www.facebook.com\/jornaloficinas","https:\/\/x.com\/jornaloficinas","https:\/\/www.instagram.com\/jornal_oficinas\/","https:\/\/www.linkedin.com\/company\/jornal-das-oficinas\/","https:\/\/www.youtube.com\/channel\/UCbQZBqtcvV-oSQrr7RzINGg"]},{"@type":"Person","@id":"https:\/\/jornaldasoficinas.com\/pt\/#\/schema\/person\/a38eef5de2c41d9e7c9ac10141afddf3","name":"Reda\u00e7\u00e3o JO","image":{"@type":"ImageObject","inLanguage":"pt-PT","@id":"https:\/\/secure.gravatar.com\/avatar\/71f2fa71737ad68a84fea94bc708ddac8ea5b0c4788dc2ad202f3ccb2887742f?s=96&d=wp_user_avatar&r=g","url":"https:\/\/secure.gravatar.com\/avatar\/71f2fa71737ad68a84fea94bc708ddac8ea5b0c4788dc2ad202f3ccb2887742f?s=96&d=wp_user_avatar&r=g","contentUrl":"https:\/\/secure.gravatar.com\/avatar\/71f2fa71737ad68a84fea94bc708ddac8ea5b0c4788dc2ad202f3ccb2887742f?s=96&d=wp_user_avatar&r=g","caption":"Reda\u00e7\u00e3o JO"},"url":"https:\/\/jornaldasoficinas.com\/pt\/author\/joredacao\/"}]}},"_links":{"self":[{"href":"https:\/\/jornaldasoficinas.com\/pt\/wp-json\/wp\/v2\/posts\/96263","targetHints":{"allow":["GET"]}}],"collection":[{"href":"https:\/\/jornaldasoficinas.com\/pt\/wp-json\/wp\/v2\/posts"}],"about":[{"href":"https:\/\/jornaldasoficinas.com\/pt\/wp-json\/wp\/v2\/types\/post"}],"author":[{"embeddable":true,"href":"https:\/\/jornaldasoficinas.com\/pt\/wp-json\/wp\/v2\/users\/15"}],"replies":[{"embeddable":true,"href":"https:\/\/jornaldasoficinas.com\/pt\/wp-json\/wp\/v2\/comments?post=96263"}],"version-history":[{"count":4,"href":"https:\/\/jornaldasoficinas.com\/pt\/wp-json\/wp\/v2\/posts\/96263\/revisions"}],"predecessor-version":[{"id":96270,"href":"https:\/\/jornaldasoficinas.com\/pt\/wp-json\/wp\/v2\/posts\/96263\/revisions\/96270"}],"wp:featuredmedia":[{"embeddable":true,"href":"https:\/\/jornaldasoficinas.com\/pt\/wp-json\/wp\/v2\/media\/96269"}],"wp:attachment":[{"href":"https:\/\/jornaldasoficinas.com\/pt\/wp-json\/wp\/v2\/media?parent=96263"}],"wp:term":[{"taxonomy":"category","embeddable":true,"href":"https:\/\/jornaldasoficinas.com\/pt\/wp-json\/wp\/v2\/categories?post=96263"},{"taxonomy":"post_tag","embeddable":true,"href":"https:\/\/jornaldasoficinas.com\/pt\/wp-json\/wp\/v2\/tags?post=96263"}],"curies":[{"name":"wp","href":"https:\/\/api.w.org\/{rel}","templated":true}]}}