{"id":96373,"date":"2025-01-13T12:30:01","date_gmt":"2025-01-13T12:30:01","guid":{"rendered":"https:\/\/jornaldasoficinas.com\/pt\/?p=96373"},"modified":"2025-01-10T19:59:30","modified_gmt":"2025-01-10T19:59:30","slug":"bosch-ebike-systems-cria-protecao-digital-contra-roubo","status":"publish","type":"post","link":"https:\/\/jornaldasoficinas.com\/pt\/bosch-ebike-systems-cria-protecao-digital-contra-roubo\/","title":{"rendered":"Bosch eBike Systems cria prote\u00e7\u00e3o digital contra roubo"},"content":{"rendered":"<p><strong><img loading=\"lazy\" decoding=\"async\" class=\"alignnone size-full wp-image-96375\" src=\"https:\/\/jornaldasoficinas.com\/pt\/wp-content\/uploads\/2025\/01\/Bosch-eBike-Systems-cria-protecao-digital-contra-roubo.jpg\" alt=\"01 - Bosch eBike Systems cria protecao digital contra roubo\" width=\"1024\" height=\"581\" srcset=\"https:\/\/jornaldasoficinas.com\/pt\/wp-content\/uploads\/2025\/01\/Bosch-eBike-Systems-cria-protecao-digital-contra-roubo.jpg 1024w, https:\/\/jornaldasoficinas.com\/pt\/wp-content\/uploads\/2025\/01\/Bosch-eBike-Systems-cria-protecao-digital-contra-roubo-300x170.jpg 300w, https:\/\/jornaldasoficinas.com\/pt\/wp-content\/uploads\/2025\/01\/Bosch-eBike-Systems-cria-protecao-digital-contra-roubo-150x85.jpg 150w, https:\/\/jornaldasoficinas.com\/pt\/wp-content\/uploads\/2025\/01\/Bosch-eBike-Systems-cria-protecao-digital-contra-roubo-768x436.jpg 768w\" sizes=\"auto, (max-width: 1024px) 100vw, 1024px\" \/><\/strong><\/p>\n<p><strong>A <a href=\"https:\/\/www.bosch-ebike.com\" target=\"_blank\" rel=\"noopener\">Bosch eBike Systems<\/a> desenvolveu o Battery Lock, uma nova funcionalidade que bloqueia digitalmente as baterias das eBikes em caso de roubo, e estar\u00e1 dispon\u00edvel a partir do ver\u00e3o de 2025<\/strong><\/p>\n<p>Quem decide comprar uma eBike quer proteg\u00ea-la da melhor forma poss\u00edvel contra furtos. Para dificultar as a\u00e7\u00f5es dos ladr\u00f5es, a Bosch eBike Systems est\u00e1 agora a estender a sua prote\u00e7\u00e3o digital contra furtos \u00e0s baterias.<\/p>\n<p>Na CES 2025 em Las Vegas, a Bosch apresentou a Battery Lock: uma funcionalidade que garante que a bateria da eBike n\u00e3o pode ser utilizada caso seja roubada, tornando-a in\u00fatil para os ladr\u00f5es. A nova solu\u00e7\u00e3o complementa o portf\u00f3lio de prote\u00e7\u00e3o digital contra furtos no sistema inteligente, centrado no &#8220;eBike Lock&#8221; e no &#8220;eBike Alarm&#8221;.<\/p>\n<p>Segundo Gregor Dasbach, diretor de neg\u00f3cios digitais da Bosch eBike Systems: &#8220;a bateria \u00e9 um dos componentes mais valiosos de uma eBike. Com o Battery Lock, os ciclistas de eBike recebem uma fun\u00e7\u00e3o de seguran\u00e7a inteligente que os ajuda a proteger melhor a sua eBike contra furtos, e assim, a estacionar com mais tranquilidade. A expans\u00e3o do nosso portf\u00f3lio de prote\u00e7\u00e3o digital contra furtos \u00e9 um grande passo em dire\u00e7\u00e3o \u00e0 nossa vis\u00e3o de garantir que nenhuma eBike com um sistema Bosch seja roubada no futuro&#8221;.<\/p>\n<p><strong>Prote\u00e7\u00e3o digital\u00a0<\/strong><\/p>\n<p>&#8220;Baterias remov\u00edveis, como PowerTube e PowerPack, s\u00e3o mecanicamente seguras por um fecho. O Battery Lock complementa essa prote\u00e7\u00e3o a n\u00edvel digital: assim que o Battery Lock \u00e9 ativado na aplica\u00e7\u00e3o eBike Flow, a bateria \u00e9 automaticamente bloqueada quando a eBike \u00e9 desligada&#8221;, explicou a Bosch.<\/p>\n<p>&#8220;Se uma bateria bloqueada for inserida noutra eBike com o sistema inteligente, ela desativa automaticamente o apoio do motor e torna toda a eBike inutiliz\u00e1vel para o ladr\u00e3o. Isto torna tamb\u00e9m invi\u00e1vel a revenda da bateria, o que reduz o risco de roubo&#8221;, assegurou.<\/p>\n<p><strong>Total flexibilidade<\/strong><\/p>\n<p>&#8220;Diversas chaves digitais podem ser usadas simultaneamente para o Battery Lock: o smartphone com a aplica\u00e7\u00e3o eBike Flow e os displays Kiox 300 ou Kiox 500. Essas chaves digitais s\u00e3o geridas de forma flex\u00edvel na app eBike Flow, e o Battery Lock pode ser desligado caso queira partilhar a bateria com amigos ou familiares, por exemplo&#8221;, referiu.<\/p>\n<p>O Battery Lock \u00e9 tamb\u00e9m compat\u00edvel com todas as baterias ou combina\u00e7\u00f5es de baterias no sistema inteligente e funciona igualmente com DualBatteries e o PowerMore 250 Range Extender.<\/p>\n<p><strong>Prote\u00e7\u00e3o adicional ideal contra roubo<\/strong><\/p>\n<p>Com a nova fun\u00e7\u00e3o Battery Lock, a Bosch eBike Systems est\u00e1 a expandir o seu portf\u00f3lio de solu\u00e7\u00f5es de seguran\u00e7a digitais, oferecendo aos ciclistas de eBike ainda mais prote\u00e7\u00e3o contra furtos.<\/p>\n<p>Com a fun\u00e7\u00e3o eBike Lock, j\u00e1 dispon\u00edvel, o smartphone e os displays Kiox 300 e Kiox 500 servem como chave digital para ativar o suporte do motor. O eBike Alarm informa os utilizadores sobre a localiza\u00e7\u00e3o da sua eBike e emite um alarme em caso de atividade suspeita. Se a eBike for roubada, o utilizador recebe uma notifica\u00e7\u00e3o no smartphone e \u00e9 iniciado o rastreamento da localiza\u00e7\u00e3o. Em caso de roubo, o relat\u00f3rio de furto resume todos os dados importantes sobre a eBike e o crime, para que possam ser transmitidos \u00e0 pol\u00edcia, incluindo um link para rastreamento ao vivo.<\/p>\n<p>O eBike Pass serve como um documento de registo digital do ve\u00edculo, disponibilizando aos ciclistas todas as informa\u00e7\u00f5es importantes sobre a sua eBike de &#8220;forma r\u00e1pida e f\u00e1cil&#8221;.<\/p>\n<p><strong>Dispon\u00edvel a partir do ver\u00e3o de 2025<\/strong><\/p>\n<p>A fun\u00e7\u00e3o Battery Lock poder\u00e1 ser instalada por atualiza\u00e7\u00e3o over-the-air, como habitual, em qualquer eBike Bosch com o sistema inteligente, atrav\u00e9s da aplica\u00e7\u00e3o eBike Flow, e estar\u00e1 dispon\u00edvel a partir do ver\u00e3o de 2025 como parte da assinatura Flow+.<\/p>\n","protected":false},"excerpt":{"rendered":"<p>A Bosch eBike Systems desenvolveu o&#8230;<\/p>\n","protected":false},"author":15,"featured_media":96375,"comment_status":"closed","ping_status":"closed","sticky":false,"template":"","format":"standard","meta":{"footnotes":""},"categories":[29],"tags":[512,11666,11665,11668,11670,11667,11669],"class_list":["post-96373","post","type-post","status-publish","format-standard","has-post-thumbnail","hentry","category-empresas","tag-baterias","tag-battery-lock","tag-bosch-ebike-systems","tag-ebikes","tag-nova-funcionalidade","tag-protecao-digital","tag-verao-2025"],"yoast_head":"<!-- This site is optimized with the Yoast SEO plugin v27.4 - https:\/\/yoast.com\/product\/yoast-seo-wordpress\/ -->\n<title>Bosch eBike Systems cria prote\u00e7\u00e3o digital contra roubo - Jornal das Oficinas<\/title>\n<meta name=\"description\" content=\"A Bosch eBike Systems desenvolveu o Battery Lock, uma nova funcionalidade que bloqueia digitalmente as baterias das eBikes em caso de roubo\" \/>\n<meta name=\"robots\" content=\"index, follow, max-snippet:-1, max-image-preview:large, max-video-preview:-1\" \/>\n<link rel=\"canonical\" href=\"https:\/\/jornaldasoficinas.com\/pt\/bosch-ebike-systems-cria-protecao-digital-contra-roubo\/\" \/>\n<meta property=\"og:locale\" content=\"pt_PT\" \/>\n<meta property=\"og:type\" content=\"article\" \/>\n<meta property=\"og:title\" content=\"Bosch eBike Systems cria prote\u00e7\u00e3o digital contra roubo - Jornal das Oficinas\" \/>\n<meta property=\"og:description\" content=\"A Bosch eBike Systems desenvolveu o Battery Lock, uma nova funcionalidade que bloqueia digitalmente as baterias das eBikes em caso de roubo\" \/>\n<meta property=\"og:url\" content=\"https:\/\/jornaldasoficinas.com\/pt\/bosch-ebike-systems-cria-protecao-digital-contra-roubo\/\" \/>\n<meta property=\"og:site_name\" content=\"Jornal das Oficinas\" \/>\n<meta property=\"article:publisher\" content=\"https:\/\/www.facebook.com\/jornaloficinas\" \/>\n<meta property=\"article:published_time\" content=\"2025-01-13T12:30:01+00:00\" \/>\n<meta property=\"og:image\" content=\"https:\/\/jornaldasoficinas.com\/pt\/wp-content\/uploads\/2025\/01\/Bosch-eBike-Systems-cria-protecao-digital-contra-roubo.jpg\" \/>\n\t<meta property=\"og:image:width\" content=\"1024\" \/>\n\t<meta property=\"og:image:height\" content=\"581\" \/>\n\t<meta property=\"og:image:type\" content=\"image\/jpeg\" \/>\n<meta name=\"author\" content=\"Reda\u00e7\u00e3o JO\" \/>\n<meta name=\"twitter:card\" content=\"summary_large_image\" \/>\n<meta name=\"twitter:creator\" content=\"@jornaloficinas\" \/>\n<meta name=\"twitter:site\" content=\"@jornaloficinas\" \/>\n<meta name=\"twitter:label1\" content=\"Escrito por\" \/>\n\t<meta name=\"twitter:data1\" content=\"Reda\u00e7\u00e3o JO\" \/>\n\t<meta name=\"twitter:label2\" content=\"Tempo estimado de leitura\" \/>\n\t<meta name=\"twitter:data2\" content=\"4 minutos\" \/>\n<script type=\"application\/ld+json\" class=\"yoast-schema-graph\">{\"@context\":\"https:\\\/\\\/schema.org\",\"@graph\":[{\"@type\":\"Article\",\"@id\":\"https:\\\/\\\/jornaldasoficinas.com\\\/pt\\\/bosch-ebike-systems-cria-protecao-digital-contra-roubo\\\/#article\",\"isPartOf\":{\"@id\":\"https:\\\/\\\/jornaldasoficinas.com\\\/pt\\\/bosch-ebike-systems-cria-protecao-digital-contra-roubo\\\/\"},\"author\":{\"name\":\"Reda\u00e7\u00e3o JO\",\"@id\":\"https:\\\/\\\/jornaldasoficinas.com\\\/pt\\\/#\\\/schema\\\/person\\\/a38eef5de2c41d9e7c9ac10141afddf3\"},\"headline\":\"Bosch eBike Systems cria prote\u00e7\u00e3o digital contra roubo\",\"datePublished\":\"2025-01-13T12:30:01+00:00\",\"mainEntityOfPage\":{\"@id\":\"https:\\\/\\\/jornaldasoficinas.com\\\/pt\\\/bosch-ebike-systems-cria-protecao-digital-contra-roubo\\\/\"},\"wordCount\":648,\"publisher\":{\"@id\":\"https:\\\/\\\/jornaldasoficinas.com\\\/pt\\\/#organization\"},\"image\":{\"@id\":\"https:\\\/\\\/jornaldasoficinas.com\\\/pt\\\/bosch-ebike-systems-cria-protecao-digital-contra-roubo\\\/#primaryimage\"},\"thumbnailUrl\":\"https:\\\/\\\/jornaldasoficinas.com\\\/pt\\\/wp-content\\\/uploads\\\/2025\\\/01\\\/Bosch-eBike-Systems-cria-protecao-digital-contra-roubo.jpg\",\"keywords\":[\"Baterias\",\"Battery Lock\",\"Bosch eBike Systems\",\"eBikes\",\"nova funcionalidade\",\"prote\u00e7\u00e3o digital\",\"ver\u00e3o 2025\"],\"articleSection\":[\"Empresas\"],\"inLanguage\":\"pt-PT\"},{\"@type\":\"WebPage\",\"@id\":\"https:\\\/\\\/jornaldasoficinas.com\\\/pt\\\/bosch-ebike-systems-cria-protecao-digital-contra-roubo\\\/\",\"url\":\"https:\\\/\\\/jornaldasoficinas.com\\\/pt\\\/bosch-ebike-systems-cria-protecao-digital-contra-roubo\\\/\",\"name\":\"Bosch eBike Systems cria prote\u00e7\u00e3o digital contra roubo - Jornal das Oficinas\",\"isPartOf\":{\"@id\":\"https:\\\/\\\/jornaldasoficinas.com\\\/pt\\\/#website\"},\"primaryImageOfPage\":{\"@id\":\"https:\\\/\\\/jornaldasoficinas.com\\\/pt\\\/bosch-ebike-systems-cria-protecao-digital-contra-roubo\\\/#primaryimage\"},\"image\":{\"@id\":\"https:\\\/\\\/jornaldasoficinas.com\\\/pt\\\/bosch-ebike-systems-cria-protecao-digital-contra-roubo\\\/#primaryimage\"},\"thumbnailUrl\":\"https:\\\/\\\/jornaldasoficinas.com\\\/pt\\\/wp-content\\\/uploads\\\/2025\\\/01\\\/Bosch-eBike-Systems-cria-protecao-digital-contra-roubo.jpg\",\"datePublished\":\"2025-01-13T12:30:01+00:00\",\"description\":\"A Bosch eBike Systems desenvolveu o Battery Lock, uma nova funcionalidade que bloqueia digitalmente as baterias das eBikes em caso de roubo\",\"breadcrumb\":{\"@id\":\"https:\\\/\\\/jornaldasoficinas.com\\\/pt\\\/bosch-ebike-systems-cria-protecao-digital-contra-roubo\\\/#breadcrumb\"},\"inLanguage\":\"pt-PT\",\"potentialAction\":[{\"@type\":\"ReadAction\",\"target\":[\"https:\\\/\\\/jornaldasoficinas.com\\\/pt\\\/bosch-ebike-systems-cria-protecao-digital-contra-roubo\\\/\"]}]},{\"@type\":\"ImageObject\",\"inLanguage\":\"pt-PT\",\"@id\":\"https:\\\/\\\/jornaldasoficinas.com\\\/pt\\\/bosch-ebike-systems-cria-protecao-digital-contra-roubo\\\/#primaryimage\",\"url\":\"https:\\\/\\\/jornaldasoficinas.com\\\/pt\\\/wp-content\\\/uploads\\\/2025\\\/01\\\/Bosch-eBike-Systems-cria-protecao-digital-contra-roubo.jpg\",\"contentUrl\":\"https:\\\/\\\/jornaldasoficinas.com\\\/pt\\\/wp-content\\\/uploads\\\/2025\\\/01\\\/Bosch-eBike-Systems-cria-protecao-digital-contra-roubo.jpg\",\"width\":1024,\"height\":581,\"caption\":\"01 - Bosch eBike Systems cria protecao digital contra roubo\"},{\"@type\":\"BreadcrumbList\",\"@id\":\"https:\\\/\\\/jornaldasoficinas.com\\\/pt\\\/bosch-ebike-systems-cria-protecao-digital-contra-roubo\\\/#breadcrumb\",\"itemListElement\":[{\"@type\":\"ListItem\",\"position\":1,\"name\":\"In\u00edcio\",\"item\":\"https:\\\/\\\/jornaldasoficinas.com\\\/pt\\\/\"},{\"@type\":\"ListItem\",\"position\":2,\"name\":\"Bosch eBike Systems cria prote\u00e7\u00e3o digital contra roubo\"}]},{\"@type\":\"WebSite\",\"@id\":\"https:\\\/\\\/jornaldasoficinas.com\\\/pt\\\/#website\",\"url\":\"https:\\\/\\\/jornaldasoficinas.com\\\/pt\\\/\",\"name\":\"Jornal das Oficinas\",\"description\":\"Jornal independente do Aftermarket Autom\u00f3vel em Portugal\",\"publisher\":{\"@id\":\"https:\\\/\\\/jornaldasoficinas.com\\\/pt\\\/#organization\"},\"potentialAction\":[{\"@type\":\"SearchAction\",\"target\":{\"@type\":\"EntryPoint\",\"urlTemplate\":\"https:\\\/\\\/jornaldasoficinas.com\\\/pt\\\/?s={search_term_string}\"},\"query-input\":{\"@type\":\"PropertyValueSpecification\",\"valueRequired\":true,\"valueName\":\"search_term_string\"}}],\"inLanguage\":\"pt-PT\"},{\"@type\":\"Organization\",\"@id\":\"https:\\\/\\\/jornaldasoficinas.com\\\/pt\\\/#organization\",\"name\":\"Jornal das Oficinas\",\"url\":\"https:\\\/\\\/jornaldasoficinas.com\\\/pt\\\/\",\"logo\":{\"@type\":\"ImageObject\",\"inLanguage\":\"pt-PT\",\"@id\":\"https:\\\/\\\/jornaldasoficinas.com\\\/pt\\\/#\\\/schema\\\/logo\\\/image\\\/\",\"url\":\"https:\\\/\\\/jornaldasoficinas.com\\\/pt\\\/wp-content\\\/uploads\\\/logoJO-SEO.png\",\"contentUrl\":\"https:\\\/\\\/jornaldasoficinas.com\\\/pt\\\/wp-content\\\/uploads\\\/logoJO-SEO.png\",\"width\":285,\"height\":450,\"caption\":\"Jornal das Oficinas\"},\"image\":{\"@id\":\"https:\\\/\\\/jornaldasoficinas.com\\\/pt\\\/#\\\/schema\\\/logo\\\/image\\\/\"},\"sameAs\":[\"https:\\\/\\\/www.facebook.com\\\/jornaloficinas\",\"https:\\\/\\\/x.com\\\/jornaloficinas\",\"https:\\\/\\\/www.instagram.com\\\/jornal_oficinas\\\/\",\"https:\\\/\\\/www.linkedin.com\\\/company\\\/jornal-das-oficinas\\\/\",\"https:\\\/\\\/www.youtube.com\\\/channel\\\/UCbQZBqtcvV-oSQrr7RzINGg\"]},{\"@type\":\"Person\",\"@id\":\"https:\\\/\\\/jornaldasoficinas.com\\\/pt\\\/#\\\/schema\\\/person\\\/a38eef5de2c41d9e7c9ac10141afddf3\",\"name\":\"Reda\u00e7\u00e3o JO\",\"image\":{\"@type\":\"ImageObject\",\"inLanguage\":\"pt-PT\",\"@id\":\"https:\\\/\\\/secure.gravatar.com\\\/avatar\\\/71f2fa71737ad68a84fea94bc708ddac8ea5b0c4788dc2ad202f3ccb2887742f?s=96&d=wp_user_avatar&r=g\",\"url\":\"https:\\\/\\\/secure.gravatar.com\\\/avatar\\\/71f2fa71737ad68a84fea94bc708ddac8ea5b0c4788dc2ad202f3ccb2887742f?s=96&d=wp_user_avatar&r=g\",\"contentUrl\":\"https:\\\/\\\/secure.gravatar.com\\\/avatar\\\/71f2fa71737ad68a84fea94bc708ddac8ea5b0c4788dc2ad202f3ccb2887742f?s=96&d=wp_user_avatar&r=g\",\"caption\":\"Reda\u00e7\u00e3o JO\"},\"url\":\"https:\\\/\\\/jornaldasoficinas.com\\\/pt\\\/author\\\/joredacao\\\/\"}]}<\/script>\n<!-- \/ Yoast SEO plugin. -->","yoast_head_json":{"title":"Bosch eBike Systems cria prote\u00e7\u00e3o digital contra roubo - Jornal das Oficinas","description":"A Bosch eBike Systems desenvolveu o Battery Lock, uma nova funcionalidade que bloqueia digitalmente as baterias das eBikes em caso de roubo","robots":{"index":"index","follow":"follow","max-snippet":"max-snippet:-1","max-image-preview":"max-image-preview:large","max-video-preview":"max-video-preview:-1"},"canonical":"https:\/\/jornaldasoficinas.com\/pt\/bosch-ebike-systems-cria-protecao-digital-contra-roubo\/","og_locale":"pt_PT","og_type":"article","og_title":"Bosch eBike Systems cria prote\u00e7\u00e3o digital contra roubo - Jornal das Oficinas","og_description":"A Bosch eBike Systems desenvolveu o Battery Lock, uma nova funcionalidade que bloqueia digitalmente as baterias das eBikes em caso de roubo","og_url":"https:\/\/jornaldasoficinas.com\/pt\/bosch-ebike-systems-cria-protecao-digital-contra-roubo\/","og_site_name":"Jornal das Oficinas","article_publisher":"https:\/\/www.facebook.com\/jornaloficinas","article_published_time":"2025-01-13T12:30:01+00:00","og_image":[{"width":1024,"height":581,"url":"https:\/\/jornaldasoficinas.com\/pt\/wp-content\/uploads\/2025\/01\/Bosch-eBike-Systems-cria-protecao-digital-contra-roubo.jpg","type":"image\/jpeg"}],"author":"Reda\u00e7\u00e3o JO","twitter_card":"summary_large_image","twitter_creator":"@jornaloficinas","twitter_site":"@jornaloficinas","twitter_misc":{"Escrito por":"Reda\u00e7\u00e3o JO","Tempo estimado de leitura":"4 minutos"},"schema":{"@context":"https:\/\/schema.org","@graph":[{"@type":"Article","@id":"https:\/\/jornaldasoficinas.com\/pt\/bosch-ebike-systems-cria-protecao-digital-contra-roubo\/#article","isPartOf":{"@id":"https:\/\/jornaldasoficinas.com\/pt\/bosch-ebike-systems-cria-protecao-digital-contra-roubo\/"},"author":{"name":"Reda\u00e7\u00e3o JO","@id":"https:\/\/jornaldasoficinas.com\/pt\/#\/schema\/person\/a38eef5de2c41d9e7c9ac10141afddf3"},"headline":"Bosch eBike Systems cria prote\u00e7\u00e3o digital contra roubo","datePublished":"2025-01-13T12:30:01+00:00","mainEntityOfPage":{"@id":"https:\/\/jornaldasoficinas.com\/pt\/bosch-ebike-systems-cria-protecao-digital-contra-roubo\/"},"wordCount":648,"publisher":{"@id":"https:\/\/jornaldasoficinas.com\/pt\/#organization"},"image":{"@id":"https:\/\/jornaldasoficinas.com\/pt\/bosch-ebike-systems-cria-protecao-digital-contra-roubo\/#primaryimage"},"thumbnailUrl":"https:\/\/jornaldasoficinas.com\/pt\/wp-content\/uploads\/2025\/01\/Bosch-eBike-Systems-cria-protecao-digital-contra-roubo.jpg","keywords":["Baterias","Battery Lock","Bosch eBike Systems","eBikes","nova funcionalidade","prote\u00e7\u00e3o digital","ver\u00e3o 2025"],"articleSection":["Empresas"],"inLanguage":"pt-PT"},{"@type":"WebPage","@id":"https:\/\/jornaldasoficinas.com\/pt\/bosch-ebike-systems-cria-protecao-digital-contra-roubo\/","url":"https:\/\/jornaldasoficinas.com\/pt\/bosch-ebike-systems-cria-protecao-digital-contra-roubo\/","name":"Bosch eBike Systems cria prote\u00e7\u00e3o digital contra roubo - Jornal das Oficinas","isPartOf":{"@id":"https:\/\/jornaldasoficinas.com\/pt\/#website"},"primaryImageOfPage":{"@id":"https:\/\/jornaldasoficinas.com\/pt\/bosch-ebike-systems-cria-protecao-digital-contra-roubo\/#primaryimage"},"image":{"@id":"https:\/\/jornaldasoficinas.com\/pt\/bosch-ebike-systems-cria-protecao-digital-contra-roubo\/#primaryimage"},"thumbnailUrl":"https:\/\/jornaldasoficinas.com\/pt\/wp-content\/uploads\/2025\/01\/Bosch-eBike-Systems-cria-protecao-digital-contra-roubo.jpg","datePublished":"2025-01-13T12:30:01+00:00","description":"A Bosch eBike Systems desenvolveu o Battery Lock, uma nova funcionalidade que bloqueia digitalmente as baterias das eBikes em caso de roubo","breadcrumb":{"@id":"https:\/\/jornaldasoficinas.com\/pt\/bosch-ebike-systems-cria-protecao-digital-contra-roubo\/#breadcrumb"},"inLanguage":"pt-PT","potentialAction":[{"@type":"ReadAction","target":["https:\/\/jornaldasoficinas.com\/pt\/bosch-ebike-systems-cria-protecao-digital-contra-roubo\/"]}]},{"@type":"ImageObject","inLanguage":"pt-PT","@id":"https:\/\/jornaldasoficinas.com\/pt\/bosch-ebike-systems-cria-protecao-digital-contra-roubo\/#primaryimage","url":"https:\/\/jornaldasoficinas.com\/pt\/wp-content\/uploads\/2025\/01\/Bosch-eBike-Systems-cria-protecao-digital-contra-roubo.jpg","contentUrl":"https:\/\/jornaldasoficinas.com\/pt\/wp-content\/uploads\/2025\/01\/Bosch-eBike-Systems-cria-protecao-digital-contra-roubo.jpg","width":1024,"height":581,"caption":"01 - Bosch eBike Systems cria protecao digital contra roubo"},{"@type":"BreadcrumbList","@id":"https:\/\/jornaldasoficinas.com\/pt\/bosch-ebike-systems-cria-protecao-digital-contra-roubo\/#breadcrumb","itemListElement":[{"@type":"ListItem","position":1,"name":"In\u00edcio","item":"https:\/\/jornaldasoficinas.com\/pt\/"},{"@type":"ListItem","position":2,"name":"Bosch eBike Systems cria prote\u00e7\u00e3o digital contra roubo"}]},{"@type":"WebSite","@id":"https:\/\/jornaldasoficinas.com\/pt\/#website","url":"https:\/\/jornaldasoficinas.com\/pt\/","name":"Jornal das Oficinas","description":"Jornal independente do Aftermarket Autom\u00f3vel em Portugal","publisher":{"@id":"https:\/\/jornaldasoficinas.com\/pt\/#organization"},"potentialAction":[{"@type":"SearchAction","target":{"@type":"EntryPoint","urlTemplate":"https:\/\/jornaldasoficinas.com\/pt\/?s={search_term_string}"},"query-input":{"@type":"PropertyValueSpecification","valueRequired":true,"valueName":"search_term_string"}}],"inLanguage":"pt-PT"},{"@type":"Organization","@id":"https:\/\/jornaldasoficinas.com\/pt\/#organization","name":"Jornal das Oficinas","url":"https:\/\/jornaldasoficinas.com\/pt\/","logo":{"@type":"ImageObject","inLanguage":"pt-PT","@id":"https:\/\/jornaldasoficinas.com\/pt\/#\/schema\/logo\/image\/","url":"https:\/\/jornaldasoficinas.com\/pt\/wp-content\/uploads\/logoJO-SEO.png","contentUrl":"https:\/\/jornaldasoficinas.com\/pt\/wp-content\/uploads\/logoJO-SEO.png","width":285,"height":450,"caption":"Jornal das Oficinas"},"image":{"@id":"https:\/\/jornaldasoficinas.com\/pt\/#\/schema\/logo\/image\/"},"sameAs":["https:\/\/www.facebook.com\/jornaloficinas","https:\/\/x.com\/jornaloficinas","https:\/\/www.instagram.com\/jornal_oficinas\/","https:\/\/www.linkedin.com\/company\/jornal-das-oficinas\/","https:\/\/www.youtube.com\/channel\/UCbQZBqtcvV-oSQrr7RzINGg"]},{"@type":"Person","@id":"https:\/\/jornaldasoficinas.com\/pt\/#\/schema\/person\/a38eef5de2c41d9e7c9ac10141afddf3","name":"Reda\u00e7\u00e3o JO","image":{"@type":"ImageObject","inLanguage":"pt-PT","@id":"https:\/\/secure.gravatar.com\/avatar\/71f2fa71737ad68a84fea94bc708ddac8ea5b0c4788dc2ad202f3ccb2887742f?s=96&d=wp_user_avatar&r=g","url":"https:\/\/secure.gravatar.com\/avatar\/71f2fa71737ad68a84fea94bc708ddac8ea5b0c4788dc2ad202f3ccb2887742f?s=96&d=wp_user_avatar&r=g","contentUrl":"https:\/\/secure.gravatar.com\/avatar\/71f2fa71737ad68a84fea94bc708ddac8ea5b0c4788dc2ad202f3ccb2887742f?s=96&d=wp_user_avatar&r=g","caption":"Reda\u00e7\u00e3o JO"},"url":"https:\/\/jornaldasoficinas.com\/pt\/author\/joredacao\/"}]}},"_links":{"self":[{"href":"https:\/\/jornaldasoficinas.com\/pt\/wp-json\/wp\/v2\/posts\/96373","targetHints":{"allow":["GET"]}}],"collection":[{"href":"https:\/\/jornaldasoficinas.com\/pt\/wp-json\/wp\/v2\/posts"}],"about":[{"href":"https:\/\/jornaldasoficinas.com\/pt\/wp-json\/wp\/v2\/types\/post"}],"author":[{"embeddable":true,"href":"https:\/\/jornaldasoficinas.com\/pt\/wp-json\/wp\/v2\/users\/15"}],"replies":[{"embeddable":true,"href":"https:\/\/jornaldasoficinas.com\/pt\/wp-json\/wp\/v2\/comments?post=96373"}],"version-history":[{"count":2,"href":"https:\/\/jornaldasoficinas.com\/pt\/wp-json\/wp\/v2\/posts\/96373\/revisions"}],"predecessor-version":[{"id":96376,"href":"https:\/\/jornaldasoficinas.com\/pt\/wp-json\/wp\/v2\/posts\/96373\/revisions\/96376"}],"wp:featuredmedia":[{"embeddable":true,"href":"https:\/\/jornaldasoficinas.com\/pt\/wp-json\/wp\/v2\/media\/96375"}],"wp:attachment":[{"href":"https:\/\/jornaldasoficinas.com\/pt\/wp-json\/wp\/v2\/media?parent=96373"}],"wp:term":[{"taxonomy":"category","embeddable":true,"href":"https:\/\/jornaldasoficinas.com\/pt\/wp-json\/wp\/v2\/categories?post=96373"},{"taxonomy":"post_tag","embeddable":true,"href":"https:\/\/jornaldasoficinas.com\/pt\/wp-json\/wp\/v2\/tags?post=96373"}],"curies":[{"name":"wp","href":"https:\/\/api.w.org\/{rel}","templated":true}]}}