{"id":96527,"date":"2025-01-17T14:00:18","date_gmt":"2025-01-17T14:00:18","guid":{"rendered":"https:\/\/jornaldasoficinas.com\/pt\/?p=96527"},"modified":"2025-01-16T15:47:56","modified_gmt":"2025-01-16T15:47:56","slug":"amazon-encomenda-mais-de-200-eactros-600-a-mercedes-benz","status":"publish","type":"post","link":"https:\/\/jornaldasoficinas.com\/pt\/amazon-encomenda-mais-de-200-eactros-600-a-mercedes-benz\/","title":{"rendered":"Amazon encomenda mais de 200 eActros 600 \u00e0 Mercedes-Benz"},"content":{"rendered":"<p><img loading=\"lazy\" decoding=\"async\" class=\"size-full wp-image-96536\" src=\"https:\/\/jornaldasoficinas.com\/pt\/wp-content\/uploads\/2025\/01\/Amazon-encomenda-mais-de-200-eActros-600-a-Mercedes-Benz.jpeg\" alt=\"01 - Amazon encomenda mais de 200 eActros 600 a Mercedes Benz\" width=\"1024\" height=\"581\" srcset=\"https:\/\/jornaldasoficinas.com\/pt\/wp-content\/uploads\/2025\/01\/Amazon-encomenda-mais-de-200-eActros-600-a-Mercedes-Benz.jpeg 1024w, https:\/\/jornaldasoficinas.com\/pt\/wp-content\/uploads\/2025\/01\/Amazon-encomenda-mais-de-200-eActros-600-a-Mercedes-Benz-300x170.jpeg 300w, https:\/\/jornaldasoficinas.com\/pt\/wp-content\/uploads\/2025\/01\/Amazon-encomenda-mais-de-200-eActros-600-a-Mercedes-Benz-150x85.jpeg 150w, https:\/\/jornaldasoficinas.com\/pt\/wp-content\/uploads\/2025\/01\/Amazon-encomenda-mais-de-200-eActros-600-a-Mercedes-Benz-768x436.jpeg 768w\" sizes=\"auto, (max-width: 1024px) 100vw, 1024px\" \/><\/p>\n<p><strong>A <a href=\"https:\/\/www.amazon.com\/\" target=\"_blank\" rel=\"noopener\">Amazon<\/a> fez o seu maior pedido de ve\u00edculos el\u00e9tricos pesados a bateria, encomendando mais de 200 eActros 600\u00a0<\/strong><strong>\u00e0\u00a0<\/strong><strong><a href=\"https:\/\/www.mercedes-benz-trucks.com\/\" target=\"_blank\" rel=\"noopener\">Mercedes-Benz Trucks<\/a><\/strong><\/p>\n<p>Dando um passo importante na dire\u00e7\u00e3o da sustentabilidade, a Amazon fez o maior pedido da hist\u00f3ria da Mercedes-Benz Trucks para cami\u00f5es el\u00e9tricos, adquirindo mais de 200 eActros 600.<\/p>\n<p>Os cami\u00f5es el\u00e9tricos ser\u00e3o implantados em rotas de alta quilometragem que comp\u00f5em a rede de milha m\u00e9dia da Amazon, transportando contentores de carga para os centros de atendimento, centros de triagem e esta\u00e7\u00f5es de entrega da Amazon. Com mais de 140 cami\u00f5es a serem implantados no Reino Unido e mais de 50 na Alemanha, espera-se que os ve\u00edculos transportem mais de 350 milh\u00f5es de encomendas com zero emiss\u00f5es de CO2.<\/p>\n<p>O pedido \u00e9 precedido pelo teste pr\u00e1tico de um prot\u00f3tipo quase em s\u00e9rie do eActros 600 num dos centros de log\u00edstica da Amazon na Alemanha.<\/p>\n<p>&#8220;Estamos muito satisfeitos que a Amazon tenha escolhido o eActros 600 como o seu transporte sustent\u00e1vel&#8221;, enfatizou Karin R\u00e5dstr\u00f6m, presidente do conselho de administra\u00e7\u00e3o da Daimler Truck AG.<\/p>\n<p>&#8220;A Amazon \u00e9 um cliente importante para n\u00f3s no caminho para o transporte neutro em CO2. Um prot\u00f3tipo quase em s\u00e9rie do eActros 600 j\u00e1 foi testado pela Amazon, fornecendo insights valiosos antes do in\u00edcio da produ\u00e7\u00e3o em s\u00e9rie. Estamos, portanto, muito satisfeitos com este grande pedido do eActros 600&#8221;, acrescentou Stina Fagerman, chefe de marketing, vendas e servi\u00e7os da Mercedes-Benz Trucks.<\/p>\n<p>&#8220;O pedido de mais de 200 eActros 600 destaca o nosso comprometimento em sermos l\u00edderes na eletrifica\u00e7\u00e3o de nossa rede de transporte na Europa. \u00c9 o maior pedido de cami\u00f5es pesados el\u00e9tricos da Amazon at\u00e9 ao momento&#8221;, referiu Andreas Marschner, vice-presidente de sustentabilidade de opera\u00e7\u00f5es mundiais da Amazon.<\/p>\n<p>&#8220;Trata-se de um passo importante \u00e0 medida que trabalhamos para atingir o nosso compromisso do Climate Pledge de atingir emiss\u00f5es l\u00edquidas de carbono zero nas nossas opera\u00e7\u00f5es at\u00e9 2040&#8221;, concluiu.<\/p>\n","protected":false},"excerpt":{"rendered":"<p>A Amazon fez o seu maior&#8230;<\/p>\n","protected":false},"author":15,"featured_media":96536,"comment_status":"closed","ping_status":"closed","sticky":false,"template":"","format":"standard","meta":{"footnotes":""},"categories":[29],"tags":[5498,1503,11701,3908,11702,11703],"class_list":["post-96527","post","type-post","status-publish","format-standard","has-post-thumbnail","hentry","category-empresas","tag-amazon","tag-camioes-eletricos","tag-eactros-600","tag-encomenda","tag-mercedes-benz-trucks","tag-pedido-historico"],"yoast_head":"<!-- This site is optimized with the Yoast SEO plugin v27.4 - https:\/\/yoast.com\/product\/yoast-seo-wordpress\/ -->\n<title>Amazon encomenda mais de 200 eActros 600 \u00e0 Mercedes-Benz - Jornal das Oficinas<\/title>\n<meta name=\"description\" content=\"A Amazon fez o seu maior pedido de ve\u00edculos el\u00e9tricos pesados a bateria \u00e0\u00a0Mercedes-Benz Trucks, encomendando mais de 200 eActros 600\" \/>\n<meta name=\"robots\" content=\"index, follow, max-snippet:-1, max-image-preview:large, max-video-preview:-1\" \/>\n<link rel=\"canonical\" href=\"https:\/\/jornaldasoficinas.com\/pt\/amazon-encomenda-mais-de-200-eactros-600-a-mercedes-benz\/\" \/>\n<meta property=\"og:locale\" content=\"pt_PT\" \/>\n<meta property=\"og:type\" content=\"article\" \/>\n<meta property=\"og:title\" content=\"Amazon encomenda mais de 200 eActros 600 \u00e0 Mercedes-Benz - Jornal das Oficinas\" \/>\n<meta property=\"og:description\" content=\"A Amazon fez o seu maior pedido de ve\u00edculos el\u00e9tricos pesados a bateria \u00e0\u00a0Mercedes-Benz Trucks, encomendando mais de 200 eActros 600\" \/>\n<meta property=\"og:url\" content=\"https:\/\/jornaldasoficinas.com\/pt\/amazon-encomenda-mais-de-200-eactros-600-a-mercedes-benz\/\" \/>\n<meta property=\"og:site_name\" content=\"Jornal das Oficinas\" \/>\n<meta property=\"article:publisher\" content=\"https:\/\/www.facebook.com\/jornaloficinas\" \/>\n<meta property=\"article:published_time\" content=\"2025-01-17T14:00:18+00:00\" \/>\n<meta property=\"og:image\" content=\"https:\/\/jornaldasoficinas.com\/pt\/wp-content\/uploads\/2025\/01\/Amazon-encomenda-mais-de-200-eActros-600-a-Mercedes-Benz.jpeg\" \/>\n\t<meta property=\"og:image:width\" content=\"1024\" \/>\n\t<meta property=\"og:image:height\" content=\"581\" \/>\n\t<meta property=\"og:image:type\" content=\"image\/jpeg\" \/>\n<meta name=\"author\" content=\"Reda\u00e7\u00e3o JO\" \/>\n<meta name=\"twitter:card\" content=\"summary_large_image\" \/>\n<meta name=\"twitter:creator\" content=\"@jornaloficinas\" \/>\n<meta name=\"twitter:site\" content=\"@jornaloficinas\" \/>\n<meta name=\"twitter:label1\" content=\"Escrito por\" \/>\n\t<meta name=\"twitter:data1\" content=\"Reda\u00e7\u00e3o JO\" \/>\n\t<meta name=\"twitter:label2\" content=\"Tempo estimado de leitura\" \/>\n\t<meta name=\"twitter:data2\" content=\"3 minutos\" \/>\n<script type=\"application\/ld+json\" class=\"yoast-schema-graph\">{\"@context\":\"https:\\\/\\\/schema.org\",\"@graph\":[{\"@type\":\"Article\",\"@id\":\"https:\\\/\\\/jornaldasoficinas.com\\\/pt\\\/amazon-encomenda-mais-de-200-eactros-600-a-mercedes-benz\\\/#article\",\"isPartOf\":{\"@id\":\"https:\\\/\\\/jornaldasoficinas.com\\\/pt\\\/amazon-encomenda-mais-de-200-eactros-600-a-mercedes-benz\\\/\"},\"author\":{\"name\":\"Reda\u00e7\u00e3o JO\",\"@id\":\"https:\\\/\\\/jornaldasoficinas.com\\\/pt\\\/#\\\/schema\\\/person\\\/a38eef5de2c41d9e7c9ac10141afddf3\"},\"headline\":\"Amazon encomenda mais de 200 eActros 600 \u00e0 Mercedes-Benz\",\"datePublished\":\"2025-01-17T14:00:18+00:00\",\"mainEntityOfPage\":{\"@id\":\"https:\\\/\\\/jornaldasoficinas.com\\\/pt\\\/amazon-encomenda-mais-de-200-eactros-600-a-mercedes-benz\\\/\"},\"wordCount\":339,\"publisher\":{\"@id\":\"https:\\\/\\\/jornaldasoficinas.com\\\/pt\\\/#organization\"},\"image\":{\"@id\":\"https:\\\/\\\/jornaldasoficinas.com\\\/pt\\\/amazon-encomenda-mais-de-200-eactros-600-a-mercedes-benz\\\/#primaryimage\"},\"thumbnailUrl\":\"https:\\\/\\\/jornaldasoficinas.com\\\/pt\\\/wp-content\\\/uploads\\\/2025\\\/01\\\/Amazon-encomenda-mais-de-200-eActros-600-a-Mercedes-Benz.jpeg\",\"keywords\":[\"Amazon\",\"Cami\u00f5es el\u00e9tricos\",\"eActros 600\",\"encomenda\",\"Mercedes-Benz Trucks\",\"pedido hist\u00f3rico\"],\"articleSection\":[\"Empresas\"],\"inLanguage\":\"pt-PT\"},{\"@type\":\"WebPage\",\"@id\":\"https:\\\/\\\/jornaldasoficinas.com\\\/pt\\\/amazon-encomenda-mais-de-200-eactros-600-a-mercedes-benz\\\/\",\"url\":\"https:\\\/\\\/jornaldasoficinas.com\\\/pt\\\/amazon-encomenda-mais-de-200-eactros-600-a-mercedes-benz\\\/\",\"name\":\"Amazon encomenda mais de 200 eActros 600 \u00e0 Mercedes-Benz - Jornal das Oficinas\",\"isPartOf\":{\"@id\":\"https:\\\/\\\/jornaldasoficinas.com\\\/pt\\\/#website\"},\"primaryImageOfPage\":{\"@id\":\"https:\\\/\\\/jornaldasoficinas.com\\\/pt\\\/amazon-encomenda-mais-de-200-eactros-600-a-mercedes-benz\\\/#primaryimage\"},\"image\":{\"@id\":\"https:\\\/\\\/jornaldasoficinas.com\\\/pt\\\/amazon-encomenda-mais-de-200-eactros-600-a-mercedes-benz\\\/#primaryimage\"},\"thumbnailUrl\":\"https:\\\/\\\/jornaldasoficinas.com\\\/pt\\\/wp-content\\\/uploads\\\/2025\\\/01\\\/Amazon-encomenda-mais-de-200-eActros-600-a-Mercedes-Benz.jpeg\",\"datePublished\":\"2025-01-17T14:00:18+00:00\",\"description\":\"A Amazon fez o seu maior pedido de ve\u00edculos el\u00e9tricos pesados a bateria \u00e0\u00a0Mercedes-Benz Trucks, encomendando mais de 200 eActros 600\",\"breadcrumb\":{\"@id\":\"https:\\\/\\\/jornaldasoficinas.com\\\/pt\\\/amazon-encomenda-mais-de-200-eactros-600-a-mercedes-benz\\\/#breadcrumb\"},\"inLanguage\":\"pt-PT\",\"potentialAction\":[{\"@type\":\"ReadAction\",\"target\":[\"https:\\\/\\\/jornaldasoficinas.com\\\/pt\\\/amazon-encomenda-mais-de-200-eactros-600-a-mercedes-benz\\\/\"]}]},{\"@type\":\"ImageObject\",\"inLanguage\":\"pt-PT\",\"@id\":\"https:\\\/\\\/jornaldasoficinas.com\\\/pt\\\/amazon-encomenda-mais-de-200-eactros-600-a-mercedes-benz\\\/#primaryimage\",\"url\":\"https:\\\/\\\/jornaldasoficinas.com\\\/pt\\\/wp-content\\\/uploads\\\/2025\\\/01\\\/Amazon-encomenda-mais-de-200-eActros-600-a-Mercedes-Benz.jpeg\",\"contentUrl\":\"https:\\\/\\\/jornaldasoficinas.com\\\/pt\\\/wp-content\\\/uploads\\\/2025\\\/01\\\/Amazon-encomenda-mais-de-200-eActros-600-a-Mercedes-Benz.jpeg\",\"width\":1024,\"height\":581,\"caption\":\"Gro\u00dfauftrag f\u00fcr Mercedes-Benz Trucks: Amazon bestellt \u00fcber 200 eActros 600 Major contract for Mercedes-Benz Trucks: Amazon orders more than 200 eActros 600\"},{\"@type\":\"BreadcrumbList\",\"@id\":\"https:\\\/\\\/jornaldasoficinas.com\\\/pt\\\/amazon-encomenda-mais-de-200-eactros-600-a-mercedes-benz\\\/#breadcrumb\",\"itemListElement\":[{\"@type\":\"ListItem\",\"position\":1,\"name\":\"In\u00edcio\",\"item\":\"https:\\\/\\\/jornaldasoficinas.com\\\/pt\\\/\"},{\"@type\":\"ListItem\",\"position\":2,\"name\":\"Amazon encomenda mais de 200 eActros 600 \u00e0 Mercedes-Benz\"}]},{\"@type\":\"WebSite\",\"@id\":\"https:\\\/\\\/jornaldasoficinas.com\\\/pt\\\/#website\",\"url\":\"https:\\\/\\\/jornaldasoficinas.com\\\/pt\\\/\",\"name\":\"Jornal das Oficinas\",\"description\":\"Jornal independente do Aftermarket Autom\u00f3vel em Portugal\",\"publisher\":{\"@id\":\"https:\\\/\\\/jornaldasoficinas.com\\\/pt\\\/#organization\"},\"potentialAction\":[{\"@type\":\"SearchAction\",\"target\":{\"@type\":\"EntryPoint\",\"urlTemplate\":\"https:\\\/\\\/jornaldasoficinas.com\\\/pt\\\/?s={search_term_string}\"},\"query-input\":{\"@type\":\"PropertyValueSpecification\",\"valueRequired\":true,\"valueName\":\"search_term_string\"}}],\"inLanguage\":\"pt-PT\"},{\"@type\":\"Organization\",\"@id\":\"https:\\\/\\\/jornaldasoficinas.com\\\/pt\\\/#organization\",\"name\":\"Jornal das Oficinas\",\"url\":\"https:\\\/\\\/jornaldasoficinas.com\\\/pt\\\/\",\"logo\":{\"@type\":\"ImageObject\",\"inLanguage\":\"pt-PT\",\"@id\":\"https:\\\/\\\/jornaldasoficinas.com\\\/pt\\\/#\\\/schema\\\/logo\\\/image\\\/\",\"url\":\"https:\\\/\\\/jornaldasoficinas.com\\\/pt\\\/wp-content\\\/uploads\\\/logoJO-SEO.png\",\"contentUrl\":\"https:\\\/\\\/jornaldasoficinas.com\\\/pt\\\/wp-content\\\/uploads\\\/logoJO-SEO.png\",\"width\":285,\"height\":450,\"caption\":\"Jornal das Oficinas\"},\"image\":{\"@id\":\"https:\\\/\\\/jornaldasoficinas.com\\\/pt\\\/#\\\/schema\\\/logo\\\/image\\\/\"},\"sameAs\":[\"https:\\\/\\\/www.facebook.com\\\/jornaloficinas\",\"https:\\\/\\\/x.com\\\/jornaloficinas\",\"https:\\\/\\\/www.instagram.com\\\/jornal_oficinas\\\/\",\"https:\\\/\\\/www.linkedin.com\\\/company\\\/jornal-das-oficinas\\\/\",\"https:\\\/\\\/www.youtube.com\\\/channel\\\/UCbQZBqtcvV-oSQrr7RzINGg\"]},{\"@type\":\"Person\",\"@id\":\"https:\\\/\\\/jornaldasoficinas.com\\\/pt\\\/#\\\/schema\\\/person\\\/a38eef5de2c41d9e7c9ac10141afddf3\",\"name\":\"Reda\u00e7\u00e3o JO\",\"image\":{\"@type\":\"ImageObject\",\"inLanguage\":\"pt-PT\",\"@id\":\"https:\\\/\\\/secure.gravatar.com\\\/avatar\\\/71f2fa71737ad68a84fea94bc708ddac8ea5b0c4788dc2ad202f3ccb2887742f?s=96&d=wp_user_avatar&r=g\",\"url\":\"https:\\\/\\\/secure.gravatar.com\\\/avatar\\\/71f2fa71737ad68a84fea94bc708ddac8ea5b0c4788dc2ad202f3ccb2887742f?s=96&d=wp_user_avatar&r=g\",\"contentUrl\":\"https:\\\/\\\/secure.gravatar.com\\\/avatar\\\/71f2fa71737ad68a84fea94bc708ddac8ea5b0c4788dc2ad202f3ccb2887742f?s=96&d=wp_user_avatar&r=g\",\"caption\":\"Reda\u00e7\u00e3o JO\"},\"url\":\"https:\\\/\\\/jornaldasoficinas.com\\\/pt\\\/author\\\/joredacao\\\/\"}]}<\/script>\n<!-- \/ Yoast SEO plugin. -->","yoast_head_json":{"title":"Amazon encomenda mais de 200 eActros 600 \u00e0 Mercedes-Benz - Jornal das Oficinas","description":"A Amazon fez o seu maior pedido de ve\u00edculos el\u00e9tricos pesados a bateria \u00e0\u00a0Mercedes-Benz Trucks, encomendando mais de 200 eActros 600","robots":{"index":"index","follow":"follow","max-snippet":"max-snippet:-1","max-image-preview":"max-image-preview:large","max-video-preview":"max-video-preview:-1"},"canonical":"https:\/\/jornaldasoficinas.com\/pt\/amazon-encomenda-mais-de-200-eactros-600-a-mercedes-benz\/","og_locale":"pt_PT","og_type":"article","og_title":"Amazon encomenda mais de 200 eActros 600 \u00e0 Mercedes-Benz - Jornal das Oficinas","og_description":"A Amazon fez o seu maior pedido de ve\u00edculos el\u00e9tricos pesados a bateria \u00e0\u00a0Mercedes-Benz Trucks, encomendando mais de 200 eActros 600","og_url":"https:\/\/jornaldasoficinas.com\/pt\/amazon-encomenda-mais-de-200-eactros-600-a-mercedes-benz\/","og_site_name":"Jornal das Oficinas","article_publisher":"https:\/\/www.facebook.com\/jornaloficinas","article_published_time":"2025-01-17T14:00:18+00:00","og_image":[{"width":1024,"height":581,"url":"https:\/\/jornaldasoficinas.com\/pt\/wp-content\/uploads\/2025\/01\/Amazon-encomenda-mais-de-200-eActros-600-a-Mercedes-Benz.jpeg","type":"image\/jpeg"}],"author":"Reda\u00e7\u00e3o JO","twitter_card":"summary_large_image","twitter_creator":"@jornaloficinas","twitter_site":"@jornaloficinas","twitter_misc":{"Escrito por":"Reda\u00e7\u00e3o JO","Tempo estimado de leitura":"3 minutos"},"schema":{"@context":"https:\/\/schema.org","@graph":[{"@type":"Article","@id":"https:\/\/jornaldasoficinas.com\/pt\/amazon-encomenda-mais-de-200-eactros-600-a-mercedes-benz\/#article","isPartOf":{"@id":"https:\/\/jornaldasoficinas.com\/pt\/amazon-encomenda-mais-de-200-eactros-600-a-mercedes-benz\/"},"author":{"name":"Reda\u00e7\u00e3o JO","@id":"https:\/\/jornaldasoficinas.com\/pt\/#\/schema\/person\/a38eef5de2c41d9e7c9ac10141afddf3"},"headline":"Amazon encomenda mais de 200 eActros 600 \u00e0 Mercedes-Benz","datePublished":"2025-01-17T14:00:18+00:00","mainEntityOfPage":{"@id":"https:\/\/jornaldasoficinas.com\/pt\/amazon-encomenda-mais-de-200-eactros-600-a-mercedes-benz\/"},"wordCount":339,"publisher":{"@id":"https:\/\/jornaldasoficinas.com\/pt\/#organization"},"image":{"@id":"https:\/\/jornaldasoficinas.com\/pt\/amazon-encomenda-mais-de-200-eactros-600-a-mercedes-benz\/#primaryimage"},"thumbnailUrl":"https:\/\/jornaldasoficinas.com\/pt\/wp-content\/uploads\/2025\/01\/Amazon-encomenda-mais-de-200-eActros-600-a-Mercedes-Benz.jpeg","keywords":["Amazon","Cami\u00f5es el\u00e9tricos","eActros 600","encomenda","Mercedes-Benz Trucks","pedido hist\u00f3rico"],"articleSection":["Empresas"],"inLanguage":"pt-PT"},{"@type":"WebPage","@id":"https:\/\/jornaldasoficinas.com\/pt\/amazon-encomenda-mais-de-200-eactros-600-a-mercedes-benz\/","url":"https:\/\/jornaldasoficinas.com\/pt\/amazon-encomenda-mais-de-200-eactros-600-a-mercedes-benz\/","name":"Amazon encomenda mais de 200 eActros 600 \u00e0 Mercedes-Benz - Jornal das Oficinas","isPartOf":{"@id":"https:\/\/jornaldasoficinas.com\/pt\/#website"},"primaryImageOfPage":{"@id":"https:\/\/jornaldasoficinas.com\/pt\/amazon-encomenda-mais-de-200-eactros-600-a-mercedes-benz\/#primaryimage"},"image":{"@id":"https:\/\/jornaldasoficinas.com\/pt\/amazon-encomenda-mais-de-200-eactros-600-a-mercedes-benz\/#primaryimage"},"thumbnailUrl":"https:\/\/jornaldasoficinas.com\/pt\/wp-content\/uploads\/2025\/01\/Amazon-encomenda-mais-de-200-eActros-600-a-Mercedes-Benz.jpeg","datePublished":"2025-01-17T14:00:18+00:00","description":"A Amazon fez o seu maior pedido de ve\u00edculos el\u00e9tricos pesados a bateria \u00e0\u00a0Mercedes-Benz Trucks, encomendando mais de 200 eActros 600","breadcrumb":{"@id":"https:\/\/jornaldasoficinas.com\/pt\/amazon-encomenda-mais-de-200-eactros-600-a-mercedes-benz\/#breadcrumb"},"inLanguage":"pt-PT","potentialAction":[{"@type":"ReadAction","target":["https:\/\/jornaldasoficinas.com\/pt\/amazon-encomenda-mais-de-200-eactros-600-a-mercedes-benz\/"]}]},{"@type":"ImageObject","inLanguage":"pt-PT","@id":"https:\/\/jornaldasoficinas.com\/pt\/amazon-encomenda-mais-de-200-eactros-600-a-mercedes-benz\/#primaryimage","url":"https:\/\/jornaldasoficinas.com\/pt\/wp-content\/uploads\/2025\/01\/Amazon-encomenda-mais-de-200-eActros-600-a-Mercedes-Benz.jpeg","contentUrl":"https:\/\/jornaldasoficinas.com\/pt\/wp-content\/uploads\/2025\/01\/Amazon-encomenda-mais-de-200-eActros-600-a-Mercedes-Benz.jpeg","width":1024,"height":581,"caption":"Gro\u00dfauftrag f\u00fcr Mercedes-Benz Trucks: Amazon bestellt \u00fcber 200 eActros 600 Major contract for Mercedes-Benz Trucks: Amazon orders more than 200 eActros 600"},{"@type":"BreadcrumbList","@id":"https:\/\/jornaldasoficinas.com\/pt\/amazon-encomenda-mais-de-200-eactros-600-a-mercedes-benz\/#breadcrumb","itemListElement":[{"@type":"ListItem","position":1,"name":"In\u00edcio","item":"https:\/\/jornaldasoficinas.com\/pt\/"},{"@type":"ListItem","position":2,"name":"Amazon encomenda mais de 200 eActros 600 \u00e0 Mercedes-Benz"}]},{"@type":"WebSite","@id":"https:\/\/jornaldasoficinas.com\/pt\/#website","url":"https:\/\/jornaldasoficinas.com\/pt\/","name":"Jornal das Oficinas","description":"Jornal independente do Aftermarket Autom\u00f3vel em Portugal","publisher":{"@id":"https:\/\/jornaldasoficinas.com\/pt\/#organization"},"potentialAction":[{"@type":"SearchAction","target":{"@type":"EntryPoint","urlTemplate":"https:\/\/jornaldasoficinas.com\/pt\/?s={search_term_string}"},"query-input":{"@type":"PropertyValueSpecification","valueRequired":true,"valueName":"search_term_string"}}],"inLanguage":"pt-PT"},{"@type":"Organization","@id":"https:\/\/jornaldasoficinas.com\/pt\/#organization","name":"Jornal das Oficinas","url":"https:\/\/jornaldasoficinas.com\/pt\/","logo":{"@type":"ImageObject","inLanguage":"pt-PT","@id":"https:\/\/jornaldasoficinas.com\/pt\/#\/schema\/logo\/image\/","url":"https:\/\/jornaldasoficinas.com\/pt\/wp-content\/uploads\/logoJO-SEO.png","contentUrl":"https:\/\/jornaldasoficinas.com\/pt\/wp-content\/uploads\/logoJO-SEO.png","width":285,"height":450,"caption":"Jornal das Oficinas"},"image":{"@id":"https:\/\/jornaldasoficinas.com\/pt\/#\/schema\/logo\/image\/"},"sameAs":["https:\/\/www.facebook.com\/jornaloficinas","https:\/\/x.com\/jornaloficinas","https:\/\/www.instagram.com\/jornal_oficinas\/","https:\/\/www.linkedin.com\/company\/jornal-das-oficinas\/","https:\/\/www.youtube.com\/channel\/UCbQZBqtcvV-oSQrr7RzINGg"]},{"@type":"Person","@id":"https:\/\/jornaldasoficinas.com\/pt\/#\/schema\/person\/a38eef5de2c41d9e7c9ac10141afddf3","name":"Reda\u00e7\u00e3o JO","image":{"@type":"ImageObject","inLanguage":"pt-PT","@id":"https:\/\/secure.gravatar.com\/avatar\/71f2fa71737ad68a84fea94bc708ddac8ea5b0c4788dc2ad202f3ccb2887742f?s=96&d=wp_user_avatar&r=g","url":"https:\/\/secure.gravatar.com\/avatar\/71f2fa71737ad68a84fea94bc708ddac8ea5b0c4788dc2ad202f3ccb2887742f?s=96&d=wp_user_avatar&r=g","contentUrl":"https:\/\/secure.gravatar.com\/avatar\/71f2fa71737ad68a84fea94bc708ddac8ea5b0c4788dc2ad202f3ccb2887742f?s=96&d=wp_user_avatar&r=g","caption":"Reda\u00e7\u00e3o JO"},"url":"https:\/\/jornaldasoficinas.com\/pt\/author\/joredacao\/"}]}},"_links":{"self":[{"href":"https:\/\/jornaldasoficinas.com\/pt\/wp-json\/wp\/v2\/posts\/96527","targetHints":{"allow":["GET"]}}],"collection":[{"href":"https:\/\/jornaldasoficinas.com\/pt\/wp-json\/wp\/v2\/posts"}],"about":[{"href":"https:\/\/jornaldasoficinas.com\/pt\/wp-json\/wp\/v2\/types\/post"}],"author":[{"embeddable":true,"href":"https:\/\/jornaldasoficinas.com\/pt\/wp-json\/wp\/v2\/users\/15"}],"replies":[{"embeddable":true,"href":"https:\/\/jornaldasoficinas.com\/pt\/wp-json\/wp\/v2\/comments?post=96527"}],"version-history":[{"count":8,"href":"https:\/\/jornaldasoficinas.com\/pt\/wp-json\/wp\/v2\/posts\/96527\/revisions"}],"predecessor-version":[{"id":96537,"href":"https:\/\/jornaldasoficinas.com\/pt\/wp-json\/wp\/v2\/posts\/96527\/revisions\/96537"}],"wp:featuredmedia":[{"embeddable":true,"href":"https:\/\/jornaldasoficinas.com\/pt\/wp-json\/wp\/v2\/media\/96536"}],"wp:attachment":[{"href":"https:\/\/jornaldasoficinas.com\/pt\/wp-json\/wp\/v2\/media?parent=96527"}],"wp:term":[{"taxonomy":"category","embeddable":true,"href":"https:\/\/jornaldasoficinas.com\/pt\/wp-json\/wp\/v2\/categories?post=96527"},{"taxonomy":"post_tag","embeddable":true,"href":"https:\/\/jornaldasoficinas.com\/pt\/wp-json\/wp\/v2\/tags?post=96527"}],"curies":[{"name":"wp","href":"https:\/\/api.w.org\/{rel}","templated":true}]}}