{"id":96572,"date":"2025-01-20T14:00:13","date_gmt":"2025-01-20T14:00:13","guid":{"rendered":"https:\/\/jornaldasoficinas.com\/pt\/?p=96572"},"modified":"2025-04-27T11:04:45","modified_gmt":"2025-04-27T10:04:45","slug":"motortec-tera-apoio-das-associacoes-portuguesas-do-setor","status":"publish","type":"post","link":"https:\/\/jornaldasoficinas.com\/pt\/motortec-tera-apoio-das-associacoes-portuguesas-do-setor\/","title":{"rendered":"MOTORTEC ter\u00e1 apoio das associa\u00e7\u00f5es portuguesas do setor"},"content":{"rendered":"<p><strong><img loading=\"lazy\" decoding=\"async\" class=\"alignnone size-full wp-image-96585\" src=\"https:\/\/jornaldasoficinas.com\/pt\/wp-content\/uploads\/2025\/01\/MOTORTEC-tera-apoio-das-associacoes-portuguesas-do-setor.jpg\" alt=\"01 - MOTORTEC tera apoio das associacoes portuguesas do setor\" width=\"1024\" height=\"581\" srcset=\"https:\/\/jornaldasoficinas.com\/pt\/wp-content\/uploads\/2025\/01\/MOTORTEC-tera-apoio-das-associacoes-portuguesas-do-setor.jpg 1024w, https:\/\/jornaldasoficinas.com\/pt\/wp-content\/uploads\/2025\/01\/MOTORTEC-tera-apoio-das-associacoes-portuguesas-do-setor-300x170.jpg 300w, https:\/\/jornaldasoficinas.com\/pt\/wp-content\/uploads\/2025\/01\/MOTORTEC-tera-apoio-das-associacoes-portuguesas-do-setor-150x85.jpg 150w, https:\/\/jornaldasoficinas.com\/pt\/wp-content\/uploads\/2025\/01\/MOTORTEC-tera-apoio-das-associacoes-portuguesas-do-setor-768x436.jpg 768w\" sizes=\"auto, (max-width: 1024px) 100vw, 1024px\" \/><\/strong><\/p>\n<p><strong>Nesta edi\u00e7\u00e3o, a <a href=\"https:\/\/www.ifema.es\/\" target=\"_blank\" rel=\"noopener\">MOTORTEC<\/a> contar\u00e1 com o apoio das principais associa\u00e7\u00f5es do setor em Portugal \u2013 <a href=\"https:\/\/www.anecra.pt\/\" target=\"_blank\" rel=\"noopener\">ANECRA<\/a>, <a href=\"https:\/\/aran.pt\/\" target=\"_blank\" rel=\"noopener\">ARAN<\/a>, <a href=\"https:\/\/www.acap.pt\/\" target=\"_blank\" rel=\"noopener\">ACAP<\/a> e <a href=\"https:\/\/afia.pt\/\" target=\"_blank\" rel=\"noopener\">AFIA<\/a> \u2013, prevendo um aumento de 25% na participa\u00e7\u00e3o de empresas portuguesas no evento<\/strong><\/p>\n<p>A MOTORTEC 2025, a principal feira da ind\u00fastria autom\u00f3vel e do aftermarket do sul da Europa, que ir\u00e1 decorrer de 23 a 26 de abril, organizada pela IFEMA MADRID, contar\u00e1 com o apoio das quatro associa\u00e7\u00f5es portuguesas do setor: a Associa\u00e7\u00e3o Autom\u00f3vel de Portugal (ACAP); Associa\u00e7\u00e3o de Fabricantes da Ind\u00fastria Autom\u00f3vel (AFIA); Associa\u00e7\u00e3o Nacional das Empresas de Com\u00e9rcio e Repara\u00e7\u00e3o de Autom\u00f3veis (ANECRA), e a Associa\u00e7\u00e3o Nacional da Ind\u00fastria Autom\u00f3vel (ARAN).<\/p>\n<p>&#8220;Um apoio que ir\u00e1, sem d\u00favida, favorecer uma ainda maior presen\u00e7a de Portugal na MOTORTEC, sendo o mercado portugu\u00eas um dos mais importantes do certame&#8221;, sublinhou a organiza\u00e7\u00e3o em comunicado.<\/p>\n<p>De acordo com as previs\u00f5es, a participa\u00e7\u00e3o das empresas portuguesas aumentar\u00e1 25% em 2025, face \u00e0 edi\u00e7\u00e3o anterior, em 2022, e o espa\u00e7o de exposi\u00e7\u00e3o aumentar\u00e1 5%. A \u00e1rea de exposi\u00e7\u00e3o representar\u00e1 tamb\u00e9m 18% da \u00e1rea total de exposi\u00e7\u00e3o internacional na MOTORTEC 2025. Al\u00e9m disso, haver\u00e1 uma representa\u00e7\u00e3o portuguesa significativa no programa de compradores internacionais que a feira est\u00e1 a preparar.<\/p>\n<p>A ACAP, que representa o setor autom\u00f3vel em Portugal h\u00e1 mais de 100 anos, tem como miss\u00e3o promover o desenvolvimento sustent\u00e1vel da ind\u00fastria, defender os interesses das suas empresas associadas e fomentar a inova\u00e7\u00e3o e o crescimento do setor. A associa\u00e7\u00e3o tamb\u00e9m representa as empresas do mercado de pe\u00e7as de substitui\u00e7\u00e3o autom\u00f3vel, que incluem fabricantes, distribuidores e retalhistas de pneus, e tem um papel fundamental na defesa dos interesses dessa \u00e1rea.<\/p>\n<p>A AFIA, fundada em 1966, re\u00fane fornecedores da ind\u00fastria autom\u00f3vel e trabalha para promover a competitividade, as exporta\u00e7\u00f5es e a internacionaliza\u00e7\u00e3o das empresas associadas. A associa\u00e7\u00e3o tamb\u00e9m facilita o estreitamento das rela\u00e7\u00f5es entre as entidades do setor e oferece suporte para a entrada de investidores estrangeiros em Portugal.<\/p>\n<p>A ANECRA, a maior e mais antiga associa\u00e7\u00e3o do setor autom\u00f3vel em Portugal, com mais de 3.700 empresas associadas, destacou a MOTORTEC como uma oportunidade \u00fanica para fortalecer a competitividade das empresas. Segundo Roberto Gaspar, secret\u00e1rio-geral da ANECRA: &#8220;A MOTORTEC n\u00e3o \u00e9 apenas uma feira. \u00c9 uma oportunidade extraordin\u00e1ria para os nossos parceiros. Este evento oferece um contacto direto com as \u00faltimas novidades, os principais players do mercado e um espa\u00e7o privilegiado para networking, essencial para refor\u00e7ar a competitividade das empresas&#8221;.<\/p>\n<p>A ARAN, fundada em 1940 e sediada no Porto, \u00e9 uma institui\u00e7\u00e3o sem fins lucrativos que promove e defende os interesses do setor autom\u00f3vel em Portugal. A associa\u00e7\u00e3o baseia-se em valores como a credibilidade, a orienta\u00e7\u00e3o para os parceiros, o profundo conhecimento do setor, a \u00e9tica e o dinamismo.<\/p>\n<p>Sobre a colabora\u00e7\u00e3o com a MOTORTEC, Rodrigo Ferreira da Silva, presidente do conselho de administra\u00e7\u00e3o da ARAN, afirmou o seguinte: &#8220;A MOTORTEC ser\u00e1, sem d\u00favida, o ponto alto do encontro dos profissionais do mercado de pe\u00e7as de substitui\u00e7\u00e3o autom\u00f3vel em 2025. Conhecer os \u00faltimos desenvolvimentos, fortalecer o networking&#8230; ser\u00e3o, sem d\u00favida, dias muito rent\u00e1veis&#8221;.<\/p>\n<p>Para saber mais informa\u00e7\u00f5es sobre como participar no evento, clique <a href=\"https:\/\/www.ifema.es\/motortec\/expositores\/solicitud-participacion\" target=\"_blank\" rel=\"noopener\">aqui<\/a>.<\/p>\n","protected":false},"excerpt":{"rendered":"<p>Nesta edi\u00e7\u00e3o, a MOTORTEC contar\u00e1 com&#8230;<\/p>\n","protected":false},"author":15,"featured_media":96585,"comment_status":"closed","ping_status":"closed","sticky":false,"template":"","format":"standard","meta":{"footnotes":""},"categories":[37,2840],"tags":[157,100,137,11723,136,11722,11455],"class_list":["post-96572","post","type-post","status-publish","format-standard","has-post-thumbnail","hentry","category-mercado","category-motortec","tag-acap","tag-afia","tag-anecra","tag-apoio","tag-aran","tag-associacoes-portuguesas","tag-motortec-2025"],"yoast_head":"<!-- This site is optimized with the Yoast SEO plugin v27.5 - https:\/\/yoast.com\/product\/yoast-seo-wordpress\/ -->\n<title>MOTORTEC ter\u00e1 apoio das associa\u00e7\u00f5es portuguesas do setor - Jornal das Oficinas<\/title>\n<meta name=\"description\" content=\"Nesta edi\u00e7\u00e3o, a MOTORTEC contar\u00e1 com o apoio das principais associa\u00e7\u00f5es do setor em Portugal \u2013 ANECRA, ARAN, ACAP e AFIA\" \/>\n<meta name=\"robots\" content=\"index, follow, max-snippet:-1, max-image-preview:large, max-video-preview:-1\" \/>\n<link rel=\"canonical\" href=\"https:\/\/jornaldasoficinas.com\/pt\/motortec-tera-apoio-das-associacoes-portuguesas-do-setor\/\" \/>\n<meta property=\"og:locale\" content=\"pt_PT\" \/>\n<meta property=\"og:type\" content=\"article\" \/>\n<meta property=\"og:title\" content=\"MOTORTEC ter\u00e1 apoio das associa\u00e7\u00f5es portuguesas do setor - Jornal das Oficinas\" \/>\n<meta property=\"og:description\" content=\"Nesta edi\u00e7\u00e3o, a MOTORTEC contar\u00e1 com o apoio das principais associa\u00e7\u00f5es do setor em Portugal \u2013 ANECRA, ARAN, ACAP e AFIA\" \/>\n<meta property=\"og:url\" content=\"https:\/\/jornaldasoficinas.com\/pt\/motortec-tera-apoio-das-associacoes-portuguesas-do-setor\/\" \/>\n<meta property=\"og:site_name\" content=\"Jornal das Oficinas\" \/>\n<meta property=\"article:publisher\" content=\"https:\/\/www.facebook.com\/jornaloficinas\" \/>\n<meta property=\"article:published_time\" content=\"2025-01-20T14:00:13+00:00\" \/>\n<meta property=\"article:modified_time\" content=\"2025-04-27T10:04:45+00:00\" \/>\n<meta property=\"og:image\" content=\"https:\/\/jornaldasoficinas.com\/pt\/wp-content\/uploads\/2025\/01\/MOTORTEC-tera-apoio-das-associacoes-portuguesas-do-setor.jpg\" \/>\n\t<meta property=\"og:image:width\" content=\"1024\" \/>\n\t<meta property=\"og:image:height\" content=\"581\" \/>\n\t<meta property=\"og:image:type\" content=\"image\/jpeg\" \/>\n<meta name=\"author\" content=\"Reda\u00e7\u00e3o JO\" \/>\n<meta name=\"twitter:card\" content=\"summary_large_image\" \/>\n<meta name=\"twitter:creator\" content=\"@jornaloficinas\" \/>\n<meta name=\"twitter:site\" content=\"@jornaloficinas\" \/>\n<meta name=\"twitter:label1\" content=\"Escrito por\" \/>\n\t<meta name=\"twitter:data1\" content=\"Reda\u00e7\u00e3o JO\" \/>\n\t<meta name=\"twitter:label2\" content=\"Tempo estimado de leitura\" \/>\n\t<meta name=\"twitter:data2\" content=\"4 minutos\" \/>\n<script type=\"application\/ld+json\" class=\"yoast-schema-graph\">{\"@context\":\"https:\\\/\\\/schema.org\",\"@graph\":[{\"@type\":\"Article\",\"@id\":\"https:\\\/\\\/jornaldasoficinas.com\\\/pt\\\/motortec-tera-apoio-das-associacoes-portuguesas-do-setor\\\/#article\",\"isPartOf\":{\"@id\":\"https:\\\/\\\/jornaldasoficinas.com\\\/pt\\\/motortec-tera-apoio-das-associacoes-portuguesas-do-setor\\\/\"},\"author\":{\"name\":\"Reda\u00e7\u00e3o JO\",\"@id\":\"https:\\\/\\\/jornaldasoficinas.com\\\/pt\\\/#\\\/schema\\\/person\\\/a38eef5de2c41d9e7c9ac10141afddf3\"},\"headline\":\"MOTORTEC ter\u00e1 apoio das associa\u00e7\u00f5es portuguesas do setor\",\"datePublished\":\"2025-01-20T14:00:13+00:00\",\"dateModified\":\"2025-04-27T10:04:45+00:00\",\"mainEntityOfPage\":{\"@id\":\"https:\\\/\\\/jornaldasoficinas.com\\\/pt\\\/motortec-tera-apoio-das-associacoes-portuguesas-do-setor\\\/\"},\"wordCount\":569,\"publisher\":{\"@id\":\"https:\\\/\\\/jornaldasoficinas.com\\\/pt\\\/#organization\"},\"image\":{\"@id\":\"https:\\\/\\\/jornaldasoficinas.com\\\/pt\\\/motortec-tera-apoio-das-associacoes-portuguesas-do-setor\\\/#primaryimage\"},\"thumbnailUrl\":\"https:\\\/\\\/jornaldasoficinas.com\\\/pt\\\/wp-content\\\/uploads\\\/2025\\\/01\\\/MOTORTEC-tera-apoio-das-associacoes-portuguesas-do-setor.jpg\",\"keywords\":[\"ACAP\",\"AFIA\",\"ANECRA\",\"apoio\",\"ARAN\",\"associa\u00e7\u00f5es portuguesas\",\"Motortec 2025\"],\"articleSection\":[\"Mercado\",\"Motortec\"],\"inLanguage\":\"pt-PT\"},{\"@type\":\"WebPage\",\"@id\":\"https:\\\/\\\/jornaldasoficinas.com\\\/pt\\\/motortec-tera-apoio-das-associacoes-portuguesas-do-setor\\\/\",\"url\":\"https:\\\/\\\/jornaldasoficinas.com\\\/pt\\\/motortec-tera-apoio-das-associacoes-portuguesas-do-setor\\\/\",\"name\":\"MOTORTEC ter\u00e1 apoio das associa\u00e7\u00f5es portuguesas do setor - Jornal das Oficinas\",\"isPartOf\":{\"@id\":\"https:\\\/\\\/jornaldasoficinas.com\\\/pt\\\/#website\"},\"primaryImageOfPage\":{\"@id\":\"https:\\\/\\\/jornaldasoficinas.com\\\/pt\\\/motortec-tera-apoio-das-associacoes-portuguesas-do-setor\\\/#primaryimage\"},\"image\":{\"@id\":\"https:\\\/\\\/jornaldasoficinas.com\\\/pt\\\/motortec-tera-apoio-das-associacoes-portuguesas-do-setor\\\/#primaryimage\"},\"thumbnailUrl\":\"https:\\\/\\\/jornaldasoficinas.com\\\/pt\\\/wp-content\\\/uploads\\\/2025\\\/01\\\/MOTORTEC-tera-apoio-das-associacoes-portuguesas-do-setor.jpg\",\"datePublished\":\"2025-01-20T14:00:13+00:00\",\"dateModified\":\"2025-04-27T10:04:45+00:00\",\"description\":\"Nesta edi\u00e7\u00e3o, a MOTORTEC contar\u00e1 com o apoio das principais associa\u00e7\u00f5es do setor em Portugal \u2013 ANECRA, ARAN, ACAP e AFIA\",\"breadcrumb\":{\"@id\":\"https:\\\/\\\/jornaldasoficinas.com\\\/pt\\\/motortec-tera-apoio-das-associacoes-portuguesas-do-setor\\\/#breadcrumb\"},\"inLanguage\":\"pt-PT\",\"potentialAction\":[{\"@type\":\"ReadAction\",\"target\":[\"https:\\\/\\\/jornaldasoficinas.com\\\/pt\\\/motortec-tera-apoio-das-associacoes-portuguesas-do-setor\\\/\"]}]},{\"@type\":\"ImageObject\",\"inLanguage\":\"pt-PT\",\"@id\":\"https:\\\/\\\/jornaldasoficinas.com\\\/pt\\\/motortec-tera-apoio-das-associacoes-portuguesas-do-setor\\\/#primaryimage\",\"url\":\"https:\\\/\\\/jornaldasoficinas.com\\\/pt\\\/wp-content\\\/uploads\\\/2025\\\/01\\\/MOTORTEC-tera-apoio-das-associacoes-portuguesas-do-setor.jpg\",\"contentUrl\":\"https:\\\/\\\/jornaldasoficinas.com\\\/pt\\\/wp-content\\\/uploads\\\/2025\\\/01\\\/MOTORTEC-tera-apoio-das-associacoes-portuguesas-do-setor.jpg\",\"width\":1024,\"height\":581,\"caption\":\"01 - MOTORTEC tera apoio das associacoes portuguesas do setor\"},{\"@type\":\"BreadcrumbList\",\"@id\":\"https:\\\/\\\/jornaldasoficinas.com\\\/pt\\\/motortec-tera-apoio-das-associacoes-portuguesas-do-setor\\\/#breadcrumb\",\"itemListElement\":[{\"@type\":\"ListItem\",\"position\":1,\"name\":\"In\u00edcio\",\"item\":\"https:\\\/\\\/jornaldasoficinas.com\\\/pt\\\/\"},{\"@type\":\"ListItem\",\"position\":2,\"name\":\"MOTORTEC ter\u00e1 apoio das associa\u00e7\u00f5es portuguesas do setor\"}]},{\"@type\":\"WebSite\",\"@id\":\"https:\\\/\\\/jornaldasoficinas.com\\\/pt\\\/#website\",\"url\":\"https:\\\/\\\/jornaldasoficinas.com\\\/pt\\\/\",\"name\":\"Jornal das Oficinas\",\"description\":\"Jornal independente do Aftermarket Autom\u00f3vel em Portugal\",\"publisher\":{\"@id\":\"https:\\\/\\\/jornaldasoficinas.com\\\/pt\\\/#organization\"},\"potentialAction\":[{\"@type\":\"SearchAction\",\"target\":{\"@type\":\"EntryPoint\",\"urlTemplate\":\"https:\\\/\\\/jornaldasoficinas.com\\\/pt\\\/?s={search_term_string}\"},\"query-input\":{\"@type\":\"PropertyValueSpecification\",\"valueRequired\":true,\"valueName\":\"search_term_string\"}}],\"inLanguage\":\"pt-PT\"},{\"@type\":\"Organization\",\"@id\":\"https:\\\/\\\/jornaldasoficinas.com\\\/pt\\\/#organization\",\"name\":\"Jornal das Oficinas\",\"url\":\"https:\\\/\\\/jornaldasoficinas.com\\\/pt\\\/\",\"logo\":{\"@type\":\"ImageObject\",\"inLanguage\":\"pt-PT\",\"@id\":\"https:\\\/\\\/jornaldasoficinas.com\\\/pt\\\/#\\\/schema\\\/logo\\\/image\\\/\",\"url\":\"https:\\\/\\\/jornaldasoficinas.com\\\/pt\\\/wp-content\\\/uploads\\\/logoJO-SEO.png\",\"contentUrl\":\"https:\\\/\\\/jornaldasoficinas.com\\\/pt\\\/wp-content\\\/uploads\\\/logoJO-SEO.png\",\"width\":285,\"height\":450,\"caption\":\"Jornal das Oficinas\"},\"image\":{\"@id\":\"https:\\\/\\\/jornaldasoficinas.com\\\/pt\\\/#\\\/schema\\\/logo\\\/image\\\/\"},\"sameAs\":[\"https:\\\/\\\/www.facebook.com\\\/jornaloficinas\",\"https:\\\/\\\/x.com\\\/jornaloficinas\",\"https:\\\/\\\/www.instagram.com\\\/jornal_oficinas\\\/\",\"https:\\\/\\\/www.linkedin.com\\\/company\\\/jornal-das-oficinas\\\/\",\"https:\\\/\\\/www.youtube.com\\\/channel\\\/UCbQZBqtcvV-oSQrr7RzINGg\"]},{\"@type\":\"Person\",\"@id\":\"https:\\\/\\\/jornaldasoficinas.com\\\/pt\\\/#\\\/schema\\\/person\\\/a38eef5de2c41d9e7c9ac10141afddf3\",\"name\":\"Reda\u00e7\u00e3o JO\",\"image\":{\"@type\":\"ImageObject\",\"inLanguage\":\"pt-PT\",\"@id\":\"https:\\\/\\\/secure.gravatar.com\\\/avatar\\\/71f2fa71737ad68a84fea94bc708ddac8ea5b0c4788dc2ad202f3ccb2887742f?s=96&d=wp_user_avatar&r=g\",\"url\":\"https:\\\/\\\/secure.gravatar.com\\\/avatar\\\/71f2fa71737ad68a84fea94bc708ddac8ea5b0c4788dc2ad202f3ccb2887742f?s=96&d=wp_user_avatar&r=g\",\"contentUrl\":\"https:\\\/\\\/secure.gravatar.com\\\/avatar\\\/71f2fa71737ad68a84fea94bc708ddac8ea5b0c4788dc2ad202f3ccb2887742f?s=96&d=wp_user_avatar&r=g\",\"caption\":\"Reda\u00e7\u00e3o JO\"},\"url\":\"https:\\\/\\\/jornaldasoficinas.com\\\/pt\\\/author\\\/joredacao\\\/\"}]}<\/script>\n<!-- \/ Yoast SEO plugin. -->","yoast_head_json":{"title":"MOTORTEC ter\u00e1 apoio das associa\u00e7\u00f5es portuguesas do setor - Jornal das Oficinas","description":"Nesta edi\u00e7\u00e3o, a MOTORTEC contar\u00e1 com o apoio das principais associa\u00e7\u00f5es do setor em Portugal \u2013 ANECRA, ARAN, ACAP e AFIA","robots":{"index":"index","follow":"follow","max-snippet":"max-snippet:-1","max-image-preview":"max-image-preview:large","max-video-preview":"max-video-preview:-1"},"canonical":"https:\/\/jornaldasoficinas.com\/pt\/motortec-tera-apoio-das-associacoes-portuguesas-do-setor\/","og_locale":"pt_PT","og_type":"article","og_title":"MOTORTEC ter\u00e1 apoio das associa\u00e7\u00f5es portuguesas do setor - Jornal das Oficinas","og_description":"Nesta edi\u00e7\u00e3o, a MOTORTEC contar\u00e1 com o apoio das principais associa\u00e7\u00f5es do setor em Portugal \u2013 ANECRA, ARAN, ACAP e AFIA","og_url":"https:\/\/jornaldasoficinas.com\/pt\/motortec-tera-apoio-das-associacoes-portuguesas-do-setor\/","og_site_name":"Jornal das Oficinas","article_publisher":"https:\/\/www.facebook.com\/jornaloficinas","article_published_time":"2025-01-20T14:00:13+00:00","article_modified_time":"2025-04-27T10:04:45+00:00","og_image":[{"width":1024,"height":581,"url":"https:\/\/jornaldasoficinas.com\/pt\/wp-content\/uploads\/2025\/01\/MOTORTEC-tera-apoio-das-associacoes-portuguesas-do-setor.jpg","type":"image\/jpeg"}],"author":"Reda\u00e7\u00e3o JO","twitter_card":"summary_large_image","twitter_creator":"@jornaloficinas","twitter_site":"@jornaloficinas","twitter_misc":{"Escrito por":"Reda\u00e7\u00e3o JO","Tempo estimado de leitura":"4 minutos"},"schema":{"@context":"https:\/\/schema.org","@graph":[{"@type":"Article","@id":"https:\/\/jornaldasoficinas.com\/pt\/motortec-tera-apoio-das-associacoes-portuguesas-do-setor\/#article","isPartOf":{"@id":"https:\/\/jornaldasoficinas.com\/pt\/motortec-tera-apoio-das-associacoes-portuguesas-do-setor\/"},"author":{"name":"Reda\u00e7\u00e3o JO","@id":"https:\/\/jornaldasoficinas.com\/pt\/#\/schema\/person\/a38eef5de2c41d9e7c9ac10141afddf3"},"headline":"MOTORTEC ter\u00e1 apoio das associa\u00e7\u00f5es portuguesas do setor","datePublished":"2025-01-20T14:00:13+00:00","dateModified":"2025-04-27T10:04:45+00:00","mainEntityOfPage":{"@id":"https:\/\/jornaldasoficinas.com\/pt\/motortec-tera-apoio-das-associacoes-portuguesas-do-setor\/"},"wordCount":569,"publisher":{"@id":"https:\/\/jornaldasoficinas.com\/pt\/#organization"},"image":{"@id":"https:\/\/jornaldasoficinas.com\/pt\/motortec-tera-apoio-das-associacoes-portuguesas-do-setor\/#primaryimage"},"thumbnailUrl":"https:\/\/jornaldasoficinas.com\/pt\/wp-content\/uploads\/2025\/01\/MOTORTEC-tera-apoio-das-associacoes-portuguesas-do-setor.jpg","keywords":["ACAP","AFIA","ANECRA","apoio","ARAN","associa\u00e7\u00f5es portuguesas","Motortec 2025"],"articleSection":["Mercado","Motortec"],"inLanguage":"pt-PT"},{"@type":"WebPage","@id":"https:\/\/jornaldasoficinas.com\/pt\/motortec-tera-apoio-das-associacoes-portuguesas-do-setor\/","url":"https:\/\/jornaldasoficinas.com\/pt\/motortec-tera-apoio-das-associacoes-portuguesas-do-setor\/","name":"MOTORTEC ter\u00e1 apoio das associa\u00e7\u00f5es portuguesas do setor - Jornal das Oficinas","isPartOf":{"@id":"https:\/\/jornaldasoficinas.com\/pt\/#website"},"primaryImageOfPage":{"@id":"https:\/\/jornaldasoficinas.com\/pt\/motortec-tera-apoio-das-associacoes-portuguesas-do-setor\/#primaryimage"},"image":{"@id":"https:\/\/jornaldasoficinas.com\/pt\/motortec-tera-apoio-das-associacoes-portuguesas-do-setor\/#primaryimage"},"thumbnailUrl":"https:\/\/jornaldasoficinas.com\/pt\/wp-content\/uploads\/2025\/01\/MOTORTEC-tera-apoio-das-associacoes-portuguesas-do-setor.jpg","datePublished":"2025-01-20T14:00:13+00:00","dateModified":"2025-04-27T10:04:45+00:00","description":"Nesta edi\u00e7\u00e3o, a MOTORTEC contar\u00e1 com o apoio das principais associa\u00e7\u00f5es do setor em Portugal \u2013 ANECRA, ARAN, ACAP e AFIA","breadcrumb":{"@id":"https:\/\/jornaldasoficinas.com\/pt\/motortec-tera-apoio-das-associacoes-portuguesas-do-setor\/#breadcrumb"},"inLanguage":"pt-PT","potentialAction":[{"@type":"ReadAction","target":["https:\/\/jornaldasoficinas.com\/pt\/motortec-tera-apoio-das-associacoes-portuguesas-do-setor\/"]}]},{"@type":"ImageObject","inLanguage":"pt-PT","@id":"https:\/\/jornaldasoficinas.com\/pt\/motortec-tera-apoio-das-associacoes-portuguesas-do-setor\/#primaryimage","url":"https:\/\/jornaldasoficinas.com\/pt\/wp-content\/uploads\/2025\/01\/MOTORTEC-tera-apoio-das-associacoes-portuguesas-do-setor.jpg","contentUrl":"https:\/\/jornaldasoficinas.com\/pt\/wp-content\/uploads\/2025\/01\/MOTORTEC-tera-apoio-das-associacoes-portuguesas-do-setor.jpg","width":1024,"height":581,"caption":"01 - MOTORTEC tera apoio das associacoes portuguesas do setor"},{"@type":"BreadcrumbList","@id":"https:\/\/jornaldasoficinas.com\/pt\/motortec-tera-apoio-das-associacoes-portuguesas-do-setor\/#breadcrumb","itemListElement":[{"@type":"ListItem","position":1,"name":"In\u00edcio","item":"https:\/\/jornaldasoficinas.com\/pt\/"},{"@type":"ListItem","position":2,"name":"MOTORTEC ter\u00e1 apoio das associa\u00e7\u00f5es portuguesas do setor"}]},{"@type":"WebSite","@id":"https:\/\/jornaldasoficinas.com\/pt\/#website","url":"https:\/\/jornaldasoficinas.com\/pt\/","name":"Jornal das Oficinas","description":"Jornal independente do Aftermarket Autom\u00f3vel em Portugal","publisher":{"@id":"https:\/\/jornaldasoficinas.com\/pt\/#organization"},"potentialAction":[{"@type":"SearchAction","target":{"@type":"EntryPoint","urlTemplate":"https:\/\/jornaldasoficinas.com\/pt\/?s={search_term_string}"},"query-input":{"@type":"PropertyValueSpecification","valueRequired":true,"valueName":"search_term_string"}}],"inLanguage":"pt-PT"},{"@type":"Organization","@id":"https:\/\/jornaldasoficinas.com\/pt\/#organization","name":"Jornal das Oficinas","url":"https:\/\/jornaldasoficinas.com\/pt\/","logo":{"@type":"ImageObject","inLanguage":"pt-PT","@id":"https:\/\/jornaldasoficinas.com\/pt\/#\/schema\/logo\/image\/","url":"https:\/\/jornaldasoficinas.com\/pt\/wp-content\/uploads\/logoJO-SEO.png","contentUrl":"https:\/\/jornaldasoficinas.com\/pt\/wp-content\/uploads\/logoJO-SEO.png","width":285,"height":450,"caption":"Jornal das Oficinas"},"image":{"@id":"https:\/\/jornaldasoficinas.com\/pt\/#\/schema\/logo\/image\/"},"sameAs":["https:\/\/www.facebook.com\/jornaloficinas","https:\/\/x.com\/jornaloficinas","https:\/\/www.instagram.com\/jornal_oficinas\/","https:\/\/www.linkedin.com\/company\/jornal-das-oficinas\/","https:\/\/www.youtube.com\/channel\/UCbQZBqtcvV-oSQrr7RzINGg"]},{"@type":"Person","@id":"https:\/\/jornaldasoficinas.com\/pt\/#\/schema\/person\/a38eef5de2c41d9e7c9ac10141afddf3","name":"Reda\u00e7\u00e3o JO","image":{"@type":"ImageObject","inLanguage":"pt-PT","@id":"https:\/\/secure.gravatar.com\/avatar\/71f2fa71737ad68a84fea94bc708ddac8ea5b0c4788dc2ad202f3ccb2887742f?s=96&d=wp_user_avatar&r=g","url":"https:\/\/secure.gravatar.com\/avatar\/71f2fa71737ad68a84fea94bc708ddac8ea5b0c4788dc2ad202f3ccb2887742f?s=96&d=wp_user_avatar&r=g","contentUrl":"https:\/\/secure.gravatar.com\/avatar\/71f2fa71737ad68a84fea94bc708ddac8ea5b0c4788dc2ad202f3ccb2887742f?s=96&d=wp_user_avatar&r=g","caption":"Reda\u00e7\u00e3o JO"},"url":"https:\/\/jornaldasoficinas.com\/pt\/author\/joredacao\/"}]}},"_links":{"self":[{"href":"https:\/\/jornaldasoficinas.com\/pt\/wp-json\/wp\/v2\/posts\/96572","targetHints":{"allow":["GET"]}}],"collection":[{"href":"https:\/\/jornaldasoficinas.com\/pt\/wp-json\/wp\/v2\/posts"}],"about":[{"href":"https:\/\/jornaldasoficinas.com\/pt\/wp-json\/wp\/v2\/types\/post"}],"author":[{"embeddable":true,"href":"https:\/\/jornaldasoficinas.com\/pt\/wp-json\/wp\/v2\/users\/15"}],"replies":[{"embeddable":true,"href":"https:\/\/jornaldasoficinas.com\/pt\/wp-json\/wp\/v2\/comments?post=96572"}],"version-history":[{"count":9,"href":"https:\/\/jornaldasoficinas.com\/pt\/wp-json\/wp\/v2\/posts\/96572\/revisions"}],"predecessor-version":[{"id":96586,"href":"https:\/\/jornaldasoficinas.com\/pt\/wp-json\/wp\/v2\/posts\/96572\/revisions\/96586"}],"wp:featuredmedia":[{"embeddable":true,"href":"https:\/\/jornaldasoficinas.com\/pt\/wp-json\/wp\/v2\/media\/96585"}],"wp:attachment":[{"href":"https:\/\/jornaldasoficinas.com\/pt\/wp-json\/wp\/v2\/media?parent=96572"}],"wp:term":[{"taxonomy":"category","embeddable":true,"href":"https:\/\/jornaldasoficinas.com\/pt\/wp-json\/wp\/v2\/categories?post=96572"},{"taxonomy":"post_tag","embeddable":true,"href":"https:\/\/jornaldasoficinas.com\/pt\/wp-json\/wp\/v2\/tags?post=96572"}],"curies":[{"name":"wp","href":"https:\/\/api.w.org\/{rel}","templated":true}]}}