{"id":96650,"date":"2025-01-19T22:00:04","date_gmt":"2025-01-19T22:00:04","guid":{"rendered":"https:\/\/jornaldasoficinas.com\/pt\/?p=96650"},"modified":"2025-01-17T17:43:23","modified_gmt":"2025-01-17T17:43:23","slug":"nao-se-consegue-vender-um-produto-premium-a-um-baixo-preco","status":"publish","type":"post","link":"https:\/\/jornaldasoficinas.com\/pt\/nao-se-consegue-vender-um-produto-premium-a-um-baixo-preco\/","title":{"rendered":"&#8220;N\u00e3o se consegue vender um produto premium a um baixo pre\u00e7o&#8221;"},"content":{"rendered":"<p><img loading=\"lazy\" decoding=\"async\" class=\"alignnone size-full wp-image-96644\" src=\"https:\/\/jornaldasoficinas.com\/pt\/wp-content\/uploads\/2025\/01\/Mann.png\" alt=\"01 - Mann\" width=\"1024\" height=\"581\" srcset=\"https:\/\/jornaldasoficinas.com\/pt\/wp-content\/uploads\/2025\/01\/Mann.png 1024w, https:\/\/jornaldasoficinas.com\/pt\/wp-content\/uploads\/2025\/01\/Mann-300x170.png 300w, https:\/\/jornaldasoficinas.com\/pt\/wp-content\/uploads\/2025\/01\/Mann-150x85.png 150w, https:\/\/jornaldasoficinas.com\/pt\/wp-content\/uploads\/2025\/01\/Mann-768x436.png 768w\" sizes=\"auto, (max-width: 1024px) 100vw, 1024px\" \/><\/p>\n<p><strong>Sobre a implantac\u0327a\u0303o dos vei\u0301culos ele\u0301tricos no parque automo\u0301vel, Ricardo Peris, da <a href=\"https:\/\/www.mann-hummel.com\/en.html\" target=\"_blank\" rel=\"noopener\">MANN+HUMMEL Ibe\u0301rica<\/a>,\u00a0 salienta que \u201cha\u0301 muitas pec\u0327as sobressalentes que sa\u0303o importantes no mercado de po\u0301s-venda hoje em dia, que na\u0303o sa\u0303o utilizadas pelos vei\u0301culos ele\u0301tricos, pelo que as conseque\u0302ncias seriam uma perda de volume em alguns componentes e um aumento nos que sa\u0303o instalados neste tipo de vei\u0301culos.<\/strong> <strong>Esta mudanc\u0327a de vei\u0301culos de combusta\u0303o para vei\u0301culos ele\u0301tricos, se acontecer, na\u0303o sera\u0301 ta\u0303o ra\u0301pida como se esperava. Mas veremos se o regulamento proposto, que implica que os vei\u0301culos de combusta\u0303o na\u0303o podem ser fabricados em 2035, e\u0301 implementado, pois, com os dados atuais, parece complicado\u201d, observou<\/strong><\/p>\n<p>O diretor comercial IAM da MANN+HUMMEL Ibe\u0301rica e\u0301 da opinia\u0303o que \u201ca sustentabilidade, e dentro dela a economia circular, e\u0301 uma das pedras angulares da nossa sociedade, na\u0303o no futuro, mas ja\u0301 no presente\u201d, pelo que considera que as vendas das pec\u0327as reutilizadas ou remanufaturadas \u201cdevera\u0303o aumentar, com as empresas a fazerem da remanufatura a base do seu nego\u0301cio\u201d. Com a chegada ao mercado de fabricantes multimarcas com qualidade comprovada e prec\u0327os muito competitivos, o nosso interlocutor declara que \u201cas marcas premium esta\u0303o sempre sob pressa\u0303o de prec\u0327os, mas ningue\u0301m consegue vender um produto premium, com qualidade de primeira, a um prec\u0327o baixo. O mercado define as etapas de qualidade e prec\u0327o. Uma frota envelhecida opta por produtos de qualidade inferior e a prec\u0327os mais baixos, e e\u0301 aqui que entram as marcas de distribuidor e os produtos a prec\u0327os mais baixos\u201d.<\/p>\n<p>Peris defende que, no meio da tende\u0302ncia para a concentrac\u0327a\u0303o dos distribuidores, \u201chavera\u0301 um mercado para todos. A consolidac\u0327a\u0303o far-se-a\u0301 atrave\u0301s de aquisic\u0327o\u0303es, mas num mercado ta\u0303o fragmentado como o mercado ibe\u0301rico, muitos pequenos e me\u0301dios distribuidores manter-se-a\u0303o, em muitos casos grac\u0327as a acordos com estes grandes distribuidores. Os grandes distribuidores tera\u0303o de manter um elevado ni\u0301vel de existe\u0302ncias para servir os retalhistas que deles dependem, uma vez que esta sera\u0301 uma parte importante da sua estrate\u0301gia. Os distribuidores mais pequenos podera\u0303o reduzir os seus ni\u0301veis de stock se o ni\u0301vel de servic\u0327o do seu fornecedor o permitir.<\/p>\n<p>Sem du\u0301- vida que o desafio mais importante do futuro tera\u0301 muito a ver com a logi\u0301stica, o stock e o servic\u0327o\u201d. Quanto a\u0300 descarbonizac\u0327a\u0303o dos transportes prevista para 2050, Ricardo Peris prefere encara\u0301-la \u201cde forma uto\u0301pica\u201d, afirmando que \u201cseja qual for o tipo de propulsa\u0303o, o distribuidor de pec\u0327as sobresselentes adaptar-se-a\u0301 ao mercado que tem. As pec\u0327as sobresselentes sera\u0303o vendidas para os vei\u0301culos que esta\u0303o no mercado\u201d. O responsa\u0301vel considera tambe\u0301m que \u201cem todos os nego\u0301cios havera\u0301 atividades em que a IA estara\u0301 no centro e o po\u0301s-venda evoluira\u0301 com o resto da sociedade\u201d.<\/p>\n<p>Para o futuro, o nosso interlocutor recorda que a MANN+HUMMEL \u201ce\u0301 uma empresa diversificada que, embora a mobilidade seja uma parte importante do seu nego\u0301cio, esta\u0301 tambe\u0301m fortemente envolvida na filtragem industrial, em a\u0301reas como a filtragem da a\u0301gua e do ar, procurando um mundo mais limpo. Isto permitir-nos-a\u0301 estar presentes na sociedade e contribuir para o seu desenvolvimento atrave\u0301s da filtrac\u0327a\u0303o. No entanto, a nossa presenc\u0327a na filtrac\u0327a\u0303o de vei\u0301culos e\u0301 ta\u0303o forte, tanto no OEM como no IAM, que estes sa\u0303o mercados em que continuamos a investir, desenvolvendo produtos inovadores e procurando responder aos desafios do futuro\u201d.<\/p>\n<p>Esta entrevista tamb\u00e9m est\u00e1 dispon\u00edvel na edi\u00e7\u00e3o impressa e online da Revista TOP100 Distribuidores 2024, <a href=\"https:\/\/www.yumpu.com\/pt\/document\/read\/69135509\/revista-top100-2024-distribuidores\/152\">aqui<\/a>.<\/p>\n<p>&nbsp;<\/p>\n","protected":false},"excerpt":{"rendered":"<p>Sobre a implantac\u0327a\u0303o dos vei\u0301culos ele\u0301tricos&#8230;<\/p>\n","protected":false},"author":15,"featured_media":96644,"comment_status":"closed","ping_status":"closed","sticky":false,"template":"","format":"standard","meta":{"footnotes":""},"categories":[38],"tags":[387,6441,2737,8558,4865,89],"class_list":["post-96650","post","type-post","status-publish","format-standard","has-post-thumbnail","hentry","category-entrevistas","tag-economia-circular","tag-futuro-do-aftermarket","tag-mann-humel","tag-ricardo-peris","tag-veiculos-de-combustao","tag-veiculos-eletricos"],"yoast_head":"<!-- This site is optimized with the Yoast SEO plugin v27.5 - https:\/\/yoast.com\/product\/yoast-seo-wordpress\/ -->\n<title>&quot;N\u00e3o se consegue vender um produto premium a um baixo pre\u00e7o&quot; - Jornal das Oficinas<\/title>\n<meta name=\"description\" content=\"Ricardo Peris salienta &quot; a mudan\u00e7a de ve\u00edculos de combust\u00e3o para ve\u00edculos el\u00e9tricos, se acontecer, n\u00e3o ser\u00e1 t\u00e3o r\u00e1pida como se esperava&quot;\" \/>\n<meta name=\"robots\" content=\"index, follow, max-snippet:-1, max-image-preview:large, max-video-preview:-1\" \/>\n<link rel=\"canonical\" href=\"https:\/\/jornaldasoficinas.com\/pt\/nao-se-consegue-vender-um-produto-premium-a-um-baixo-preco\/\" \/>\n<meta property=\"og:locale\" content=\"pt_PT\" \/>\n<meta property=\"og:type\" content=\"article\" \/>\n<meta property=\"og:title\" content=\"&quot;N\u00e3o se consegue vender um produto premium a um baixo pre\u00e7o&quot; - Jornal das Oficinas\" \/>\n<meta property=\"og:description\" content=\"Ricardo Peris salienta &quot; a mudan\u00e7a de ve\u00edculos de combust\u00e3o para ve\u00edculos el\u00e9tricos, se acontecer, n\u00e3o ser\u00e1 t\u00e3o r\u00e1pida como se esperava&quot;\" \/>\n<meta property=\"og:url\" content=\"https:\/\/jornaldasoficinas.com\/pt\/nao-se-consegue-vender-um-produto-premium-a-um-baixo-preco\/\" \/>\n<meta property=\"og:site_name\" content=\"Jornal das Oficinas\" \/>\n<meta property=\"article:publisher\" content=\"https:\/\/www.facebook.com\/jornaloficinas\" \/>\n<meta property=\"article:published_time\" content=\"2025-01-19T22:00:04+00:00\" \/>\n<meta property=\"og:image\" content=\"https:\/\/jornaldasoficinas.com\/pt\/wp-content\/uploads\/2025\/01\/Mann.png\" \/>\n\t<meta property=\"og:image:width\" content=\"1024\" \/>\n\t<meta property=\"og:image:height\" content=\"581\" \/>\n\t<meta property=\"og:image:type\" content=\"image\/png\" \/>\n<meta name=\"author\" content=\"Reda\u00e7\u00e3o JO\" \/>\n<meta name=\"twitter:card\" content=\"summary_large_image\" \/>\n<meta name=\"twitter:creator\" content=\"@jornaloficinas\" \/>\n<meta name=\"twitter:site\" content=\"@jornaloficinas\" \/>\n<meta name=\"twitter:label1\" content=\"Escrito por\" \/>\n\t<meta name=\"twitter:data1\" content=\"Reda\u00e7\u00e3o JO\" \/>\n\t<meta name=\"twitter:label2\" content=\"Tempo estimado de leitura\" \/>\n\t<meta name=\"twitter:data2\" content=\"4 minutos\" \/>\n<script type=\"application\/ld+json\" class=\"yoast-schema-graph\">{\"@context\":\"https:\\\/\\\/schema.org\",\"@graph\":[{\"@type\":\"Article\",\"@id\":\"https:\\\/\\\/jornaldasoficinas.com\\\/pt\\\/nao-se-consegue-vender-um-produto-premium-a-um-baixo-preco\\\/#article\",\"isPartOf\":{\"@id\":\"https:\\\/\\\/jornaldasoficinas.com\\\/pt\\\/nao-se-consegue-vender-um-produto-premium-a-um-baixo-preco\\\/\"},\"author\":{\"name\":\"Reda\u00e7\u00e3o JO\",\"@id\":\"https:\\\/\\\/jornaldasoficinas.com\\\/pt\\\/#\\\/schema\\\/person\\\/a38eef5de2c41d9e7c9ac10141afddf3\"},\"headline\":\"&#8220;N\u00e3o se consegue vender um produto premium a um baixo pre\u00e7o&#8221;\",\"datePublished\":\"2025-01-19T22:00:04+00:00\",\"mainEntityOfPage\":{\"@id\":\"https:\\\/\\\/jornaldasoficinas.com\\\/pt\\\/nao-se-consegue-vender-um-produto-premium-a-um-baixo-preco\\\/\"},\"wordCount\":667,\"publisher\":{\"@id\":\"https:\\\/\\\/jornaldasoficinas.com\\\/pt\\\/#organization\"},\"image\":{\"@id\":\"https:\\\/\\\/jornaldasoficinas.com\\\/pt\\\/nao-se-consegue-vender-um-produto-premium-a-um-baixo-preco\\\/#primaryimage\"},\"thumbnailUrl\":\"https:\\\/\\\/jornaldasoficinas.com\\\/pt\\\/wp-content\\\/uploads\\\/2025\\\/01\\\/Mann.png\",\"keywords\":[\"Economia Circular\",\"futuro do aftermarket\",\"MANN + HUMEL\",\"Ricardo Peris\",\"ve\u00edculos de combust\u00e3o\",\"Ve\u00edculos el\u00e9tricos\"],\"articleSection\":[\"Entrevistas\"],\"inLanguage\":\"pt-PT\"},{\"@type\":\"WebPage\",\"@id\":\"https:\\\/\\\/jornaldasoficinas.com\\\/pt\\\/nao-se-consegue-vender-um-produto-premium-a-um-baixo-preco\\\/\",\"url\":\"https:\\\/\\\/jornaldasoficinas.com\\\/pt\\\/nao-se-consegue-vender-um-produto-premium-a-um-baixo-preco\\\/\",\"name\":\"\\\"N\u00e3o se consegue vender um produto premium a um baixo pre\u00e7o\\\" - Jornal das Oficinas\",\"isPartOf\":{\"@id\":\"https:\\\/\\\/jornaldasoficinas.com\\\/pt\\\/#website\"},\"primaryImageOfPage\":{\"@id\":\"https:\\\/\\\/jornaldasoficinas.com\\\/pt\\\/nao-se-consegue-vender-um-produto-premium-a-um-baixo-preco\\\/#primaryimage\"},\"image\":{\"@id\":\"https:\\\/\\\/jornaldasoficinas.com\\\/pt\\\/nao-se-consegue-vender-um-produto-premium-a-um-baixo-preco\\\/#primaryimage\"},\"thumbnailUrl\":\"https:\\\/\\\/jornaldasoficinas.com\\\/pt\\\/wp-content\\\/uploads\\\/2025\\\/01\\\/Mann.png\",\"datePublished\":\"2025-01-19T22:00:04+00:00\",\"description\":\"Ricardo Peris salienta \\\" a mudan\u00e7a de ve\u00edculos de combust\u00e3o para ve\u00edculos el\u00e9tricos, se acontecer, n\u00e3o ser\u00e1 t\u00e3o r\u00e1pida como se esperava\\\"\",\"breadcrumb\":{\"@id\":\"https:\\\/\\\/jornaldasoficinas.com\\\/pt\\\/nao-se-consegue-vender-um-produto-premium-a-um-baixo-preco\\\/#breadcrumb\"},\"inLanguage\":\"pt-PT\",\"potentialAction\":[{\"@type\":\"ReadAction\",\"target\":[\"https:\\\/\\\/jornaldasoficinas.com\\\/pt\\\/nao-se-consegue-vender-um-produto-premium-a-um-baixo-preco\\\/\"]}]},{\"@type\":\"ImageObject\",\"inLanguage\":\"pt-PT\",\"@id\":\"https:\\\/\\\/jornaldasoficinas.com\\\/pt\\\/nao-se-consegue-vender-um-produto-premium-a-um-baixo-preco\\\/#primaryimage\",\"url\":\"https:\\\/\\\/jornaldasoficinas.com\\\/pt\\\/wp-content\\\/uploads\\\/2025\\\/01\\\/Mann.png\",\"contentUrl\":\"https:\\\/\\\/jornaldasoficinas.com\\\/pt\\\/wp-content\\\/uploads\\\/2025\\\/01\\\/Mann.png\",\"width\":1024,\"height\":581,\"caption\":\"01 - Mann\"},{\"@type\":\"BreadcrumbList\",\"@id\":\"https:\\\/\\\/jornaldasoficinas.com\\\/pt\\\/nao-se-consegue-vender-um-produto-premium-a-um-baixo-preco\\\/#breadcrumb\",\"itemListElement\":[{\"@type\":\"ListItem\",\"position\":1,\"name\":\"In\u00edcio\",\"item\":\"https:\\\/\\\/jornaldasoficinas.com\\\/pt\\\/\"},{\"@type\":\"ListItem\",\"position\":2,\"name\":\"&#8220;N\u00e3o se consegue vender um produto premium a um baixo pre\u00e7o&#8221;\"}]},{\"@type\":\"WebSite\",\"@id\":\"https:\\\/\\\/jornaldasoficinas.com\\\/pt\\\/#website\",\"url\":\"https:\\\/\\\/jornaldasoficinas.com\\\/pt\\\/\",\"name\":\"Jornal das Oficinas\",\"description\":\"Jornal independente do Aftermarket Autom\u00f3vel em Portugal\",\"publisher\":{\"@id\":\"https:\\\/\\\/jornaldasoficinas.com\\\/pt\\\/#organization\"},\"potentialAction\":[{\"@type\":\"SearchAction\",\"target\":{\"@type\":\"EntryPoint\",\"urlTemplate\":\"https:\\\/\\\/jornaldasoficinas.com\\\/pt\\\/?s={search_term_string}\"},\"query-input\":{\"@type\":\"PropertyValueSpecification\",\"valueRequired\":true,\"valueName\":\"search_term_string\"}}],\"inLanguage\":\"pt-PT\"},{\"@type\":\"Organization\",\"@id\":\"https:\\\/\\\/jornaldasoficinas.com\\\/pt\\\/#organization\",\"name\":\"Jornal das Oficinas\",\"url\":\"https:\\\/\\\/jornaldasoficinas.com\\\/pt\\\/\",\"logo\":{\"@type\":\"ImageObject\",\"inLanguage\":\"pt-PT\",\"@id\":\"https:\\\/\\\/jornaldasoficinas.com\\\/pt\\\/#\\\/schema\\\/logo\\\/image\\\/\",\"url\":\"https:\\\/\\\/jornaldasoficinas.com\\\/pt\\\/wp-content\\\/uploads\\\/logoJO-SEO.png\",\"contentUrl\":\"https:\\\/\\\/jornaldasoficinas.com\\\/pt\\\/wp-content\\\/uploads\\\/logoJO-SEO.png\",\"width\":285,\"height\":450,\"caption\":\"Jornal das Oficinas\"},\"image\":{\"@id\":\"https:\\\/\\\/jornaldasoficinas.com\\\/pt\\\/#\\\/schema\\\/logo\\\/image\\\/\"},\"sameAs\":[\"https:\\\/\\\/www.facebook.com\\\/jornaloficinas\",\"https:\\\/\\\/x.com\\\/jornaloficinas\",\"https:\\\/\\\/www.instagram.com\\\/jornal_oficinas\\\/\",\"https:\\\/\\\/www.linkedin.com\\\/company\\\/jornal-das-oficinas\\\/\",\"https:\\\/\\\/www.youtube.com\\\/channel\\\/UCbQZBqtcvV-oSQrr7RzINGg\"]},{\"@type\":\"Person\",\"@id\":\"https:\\\/\\\/jornaldasoficinas.com\\\/pt\\\/#\\\/schema\\\/person\\\/a38eef5de2c41d9e7c9ac10141afddf3\",\"name\":\"Reda\u00e7\u00e3o JO\",\"image\":{\"@type\":\"ImageObject\",\"inLanguage\":\"pt-PT\",\"@id\":\"https:\\\/\\\/secure.gravatar.com\\\/avatar\\\/71f2fa71737ad68a84fea94bc708ddac8ea5b0c4788dc2ad202f3ccb2887742f?s=96&d=wp_user_avatar&r=g\",\"url\":\"https:\\\/\\\/secure.gravatar.com\\\/avatar\\\/71f2fa71737ad68a84fea94bc708ddac8ea5b0c4788dc2ad202f3ccb2887742f?s=96&d=wp_user_avatar&r=g\",\"contentUrl\":\"https:\\\/\\\/secure.gravatar.com\\\/avatar\\\/71f2fa71737ad68a84fea94bc708ddac8ea5b0c4788dc2ad202f3ccb2887742f?s=96&d=wp_user_avatar&r=g\",\"caption\":\"Reda\u00e7\u00e3o JO\"},\"url\":\"https:\\\/\\\/jornaldasoficinas.com\\\/pt\\\/author\\\/joredacao\\\/\"}]}<\/script>\n<!-- \/ Yoast SEO plugin. -->","yoast_head_json":{"title":"\"N\u00e3o se consegue vender um produto premium a um baixo pre\u00e7o\" - Jornal das Oficinas","description":"Ricardo Peris salienta \" a mudan\u00e7a de ve\u00edculos de combust\u00e3o para ve\u00edculos el\u00e9tricos, se acontecer, n\u00e3o ser\u00e1 t\u00e3o r\u00e1pida como se esperava\"","robots":{"index":"index","follow":"follow","max-snippet":"max-snippet:-1","max-image-preview":"max-image-preview:large","max-video-preview":"max-video-preview:-1"},"canonical":"https:\/\/jornaldasoficinas.com\/pt\/nao-se-consegue-vender-um-produto-premium-a-um-baixo-preco\/","og_locale":"pt_PT","og_type":"article","og_title":"\"N\u00e3o se consegue vender um produto premium a um baixo pre\u00e7o\" - Jornal das Oficinas","og_description":"Ricardo Peris salienta \" a mudan\u00e7a de ve\u00edculos de combust\u00e3o para ve\u00edculos el\u00e9tricos, se acontecer, n\u00e3o ser\u00e1 t\u00e3o r\u00e1pida como se esperava\"","og_url":"https:\/\/jornaldasoficinas.com\/pt\/nao-se-consegue-vender-um-produto-premium-a-um-baixo-preco\/","og_site_name":"Jornal das Oficinas","article_publisher":"https:\/\/www.facebook.com\/jornaloficinas","article_published_time":"2025-01-19T22:00:04+00:00","og_image":[{"width":1024,"height":581,"url":"https:\/\/jornaldasoficinas.com\/pt\/wp-content\/uploads\/2025\/01\/Mann.png","type":"image\/png"}],"author":"Reda\u00e7\u00e3o JO","twitter_card":"summary_large_image","twitter_creator":"@jornaloficinas","twitter_site":"@jornaloficinas","twitter_misc":{"Escrito por":"Reda\u00e7\u00e3o JO","Tempo estimado de leitura":"4 minutos"},"schema":{"@context":"https:\/\/schema.org","@graph":[{"@type":"Article","@id":"https:\/\/jornaldasoficinas.com\/pt\/nao-se-consegue-vender-um-produto-premium-a-um-baixo-preco\/#article","isPartOf":{"@id":"https:\/\/jornaldasoficinas.com\/pt\/nao-se-consegue-vender-um-produto-premium-a-um-baixo-preco\/"},"author":{"name":"Reda\u00e7\u00e3o JO","@id":"https:\/\/jornaldasoficinas.com\/pt\/#\/schema\/person\/a38eef5de2c41d9e7c9ac10141afddf3"},"headline":"&#8220;N\u00e3o se consegue vender um produto premium a um baixo pre\u00e7o&#8221;","datePublished":"2025-01-19T22:00:04+00:00","mainEntityOfPage":{"@id":"https:\/\/jornaldasoficinas.com\/pt\/nao-se-consegue-vender-um-produto-premium-a-um-baixo-preco\/"},"wordCount":667,"publisher":{"@id":"https:\/\/jornaldasoficinas.com\/pt\/#organization"},"image":{"@id":"https:\/\/jornaldasoficinas.com\/pt\/nao-se-consegue-vender-um-produto-premium-a-um-baixo-preco\/#primaryimage"},"thumbnailUrl":"https:\/\/jornaldasoficinas.com\/pt\/wp-content\/uploads\/2025\/01\/Mann.png","keywords":["Economia Circular","futuro do aftermarket","MANN + HUMEL","Ricardo Peris","ve\u00edculos de combust\u00e3o","Ve\u00edculos el\u00e9tricos"],"articleSection":["Entrevistas"],"inLanguage":"pt-PT"},{"@type":"WebPage","@id":"https:\/\/jornaldasoficinas.com\/pt\/nao-se-consegue-vender-um-produto-premium-a-um-baixo-preco\/","url":"https:\/\/jornaldasoficinas.com\/pt\/nao-se-consegue-vender-um-produto-premium-a-um-baixo-preco\/","name":"\"N\u00e3o se consegue vender um produto premium a um baixo pre\u00e7o\" - Jornal das Oficinas","isPartOf":{"@id":"https:\/\/jornaldasoficinas.com\/pt\/#website"},"primaryImageOfPage":{"@id":"https:\/\/jornaldasoficinas.com\/pt\/nao-se-consegue-vender-um-produto-premium-a-um-baixo-preco\/#primaryimage"},"image":{"@id":"https:\/\/jornaldasoficinas.com\/pt\/nao-se-consegue-vender-um-produto-premium-a-um-baixo-preco\/#primaryimage"},"thumbnailUrl":"https:\/\/jornaldasoficinas.com\/pt\/wp-content\/uploads\/2025\/01\/Mann.png","datePublished":"2025-01-19T22:00:04+00:00","description":"Ricardo Peris salienta \" a mudan\u00e7a de ve\u00edculos de combust\u00e3o para ve\u00edculos el\u00e9tricos, se acontecer, n\u00e3o ser\u00e1 t\u00e3o r\u00e1pida como se esperava\"","breadcrumb":{"@id":"https:\/\/jornaldasoficinas.com\/pt\/nao-se-consegue-vender-um-produto-premium-a-um-baixo-preco\/#breadcrumb"},"inLanguage":"pt-PT","potentialAction":[{"@type":"ReadAction","target":["https:\/\/jornaldasoficinas.com\/pt\/nao-se-consegue-vender-um-produto-premium-a-um-baixo-preco\/"]}]},{"@type":"ImageObject","inLanguage":"pt-PT","@id":"https:\/\/jornaldasoficinas.com\/pt\/nao-se-consegue-vender-um-produto-premium-a-um-baixo-preco\/#primaryimage","url":"https:\/\/jornaldasoficinas.com\/pt\/wp-content\/uploads\/2025\/01\/Mann.png","contentUrl":"https:\/\/jornaldasoficinas.com\/pt\/wp-content\/uploads\/2025\/01\/Mann.png","width":1024,"height":581,"caption":"01 - Mann"},{"@type":"BreadcrumbList","@id":"https:\/\/jornaldasoficinas.com\/pt\/nao-se-consegue-vender-um-produto-premium-a-um-baixo-preco\/#breadcrumb","itemListElement":[{"@type":"ListItem","position":1,"name":"In\u00edcio","item":"https:\/\/jornaldasoficinas.com\/pt\/"},{"@type":"ListItem","position":2,"name":"&#8220;N\u00e3o se consegue vender um produto premium a um baixo pre\u00e7o&#8221;"}]},{"@type":"WebSite","@id":"https:\/\/jornaldasoficinas.com\/pt\/#website","url":"https:\/\/jornaldasoficinas.com\/pt\/","name":"Jornal das Oficinas","description":"Jornal independente do Aftermarket Autom\u00f3vel em Portugal","publisher":{"@id":"https:\/\/jornaldasoficinas.com\/pt\/#organization"},"potentialAction":[{"@type":"SearchAction","target":{"@type":"EntryPoint","urlTemplate":"https:\/\/jornaldasoficinas.com\/pt\/?s={search_term_string}"},"query-input":{"@type":"PropertyValueSpecification","valueRequired":true,"valueName":"search_term_string"}}],"inLanguage":"pt-PT"},{"@type":"Organization","@id":"https:\/\/jornaldasoficinas.com\/pt\/#organization","name":"Jornal das Oficinas","url":"https:\/\/jornaldasoficinas.com\/pt\/","logo":{"@type":"ImageObject","inLanguage":"pt-PT","@id":"https:\/\/jornaldasoficinas.com\/pt\/#\/schema\/logo\/image\/","url":"https:\/\/jornaldasoficinas.com\/pt\/wp-content\/uploads\/logoJO-SEO.png","contentUrl":"https:\/\/jornaldasoficinas.com\/pt\/wp-content\/uploads\/logoJO-SEO.png","width":285,"height":450,"caption":"Jornal das Oficinas"},"image":{"@id":"https:\/\/jornaldasoficinas.com\/pt\/#\/schema\/logo\/image\/"},"sameAs":["https:\/\/www.facebook.com\/jornaloficinas","https:\/\/x.com\/jornaloficinas","https:\/\/www.instagram.com\/jornal_oficinas\/","https:\/\/www.linkedin.com\/company\/jornal-das-oficinas\/","https:\/\/www.youtube.com\/channel\/UCbQZBqtcvV-oSQrr7RzINGg"]},{"@type":"Person","@id":"https:\/\/jornaldasoficinas.com\/pt\/#\/schema\/person\/a38eef5de2c41d9e7c9ac10141afddf3","name":"Reda\u00e7\u00e3o JO","image":{"@type":"ImageObject","inLanguage":"pt-PT","@id":"https:\/\/secure.gravatar.com\/avatar\/71f2fa71737ad68a84fea94bc708ddac8ea5b0c4788dc2ad202f3ccb2887742f?s=96&d=wp_user_avatar&r=g","url":"https:\/\/secure.gravatar.com\/avatar\/71f2fa71737ad68a84fea94bc708ddac8ea5b0c4788dc2ad202f3ccb2887742f?s=96&d=wp_user_avatar&r=g","contentUrl":"https:\/\/secure.gravatar.com\/avatar\/71f2fa71737ad68a84fea94bc708ddac8ea5b0c4788dc2ad202f3ccb2887742f?s=96&d=wp_user_avatar&r=g","caption":"Reda\u00e7\u00e3o JO"},"url":"https:\/\/jornaldasoficinas.com\/pt\/author\/joredacao\/"}]}},"_links":{"self":[{"href":"https:\/\/jornaldasoficinas.com\/pt\/wp-json\/wp\/v2\/posts\/96650","targetHints":{"allow":["GET"]}}],"collection":[{"href":"https:\/\/jornaldasoficinas.com\/pt\/wp-json\/wp\/v2\/posts"}],"about":[{"href":"https:\/\/jornaldasoficinas.com\/pt\/wp-json\/wp\/v2\/types\/post"}],"author":[{"embeddable":true,"href":"https:\/\/jornaldasoficinas.com\/pt\/wp-json\/wp\/v2\/users\/15"}],"replies":[{"embeddable":true,"href":"https:\/\/jornaldasoficinas.com\/pt\/wp-json\/wp\/v2\/comments?post=96650"}],"version-history":[{"count":5,"href":"https:\/\/jornaldasoficinas.com\/pt\/wp-json\/wp\/v2\/posts\/96650\/revisions"}],"predecessor-version":[{"id":96670,"href":"https:\/\/jornaldasoficinas.com\/pt\/wp-json\/wp\/v2\/posts\/96650\/revisions\/96670"}],"wp:featuredmedia":[{"embeddable":true,"href":"https:\/\/jornaldasoficinas.com\/pt\/wp-json\/wp\/v2\/media\/96644"}],"wp:attachment":[{"href":"https:\/\/jornaldasoficinas.com\/pt\/wp-json\/wp\/v2\/media?parent=96650"}],"wp:term":[{"taxonomy":"category","embeddable":true,"href":"https:\/\/jornaldasoficinas.com\/pt\/wp-json\/wp\/v2\/categories?post=96650"},{"taxonomy":"post_tag","embeddable":true,"href":"https:\/\/jornaldasoficinas.com\/pt\/wp-json\/wp\/v2\/tags?post=96650"}],"curies":[{"name":"wp","href":"https:\/\/api.w.org\/{rel}","templated":true}]}}