{"id":96739,"date":"2025-01-21T18:00:59","date_gmt":"2025-01-21T18:00:59","guid":{"rendered":"https:\/\/jornaldasoficinas.com\/pt\/?p=96739"},"modified":"2025-01-21T14:35:01","modified_gmt":"2025-01-21T14:35:01","slug":"motorpor-inaugura-novas-instalacoes-em-faro","status":"publish","type":"post","link":"https:\/\/jornaldasoficinas.com\/pt\/motorpor-inaugura-novas-instalacoes-em-faro\/","title":{"rendered":"Motorpor inaugura novas instala\u00e7\u00f5es em Faro"},"content":{"rendered":"<p><strong><img loading=\"lazy\" decoding=\"async\" class=\"alignnone size-full wp-image-96746\" src=\"https:\/\/jornaldasoficinas.com\/pt\/wp-content\/uploads\/2025\/01\/Motorpor-inaugura-novas-instalacoes-em-faro.jpg\" alt=\"01 - Motorpor inaugura novas instalacoes em faro\" width=\"1024\" height=\"581\" srcset=\"https:\/\/jornaldasoficinas.com\/pt\/wp-content\/uploads\/2025\/01\/Motorpor-inaugura-novas-instalacoes-em-faro.jpg 1024w, https:\/\/jornaldasoficinas.com\/pt\/wp-content\/uploads\/2025\/01\/Motorpor-inaugura-novas-instalacoes-em-faro-300x170.jpg 300w, https:\/\/jornaldasoficinas.com\/pt\/wp-content\/uploads\/2025\/01\/Motorpor-inaugura-novas-instalacoes-em-faro-150x85.jpg 150w, https:\/\/jornaldasoficinas.com\/pt\/wp-content\/uploads\/2025\/01\/Motorpor-inaugura-novas-instalacoes-em-faro-768x436.jpg 768w\" sizes=\"auto, (max-width: 1024px) 100vw, 1024px\" \/><\/strong><\/p>\n<p><strong>O evento de inaugura\u00e7\u00e3o das novas instala\u00e7\u00f5es da <a href=\"https:\/\/motorpor.pt\/\" target=\"_blank\" rel=\"noopener\">Motorpor<\/a> juntou mais de 200 convidados e muitas figuras do universo algarvio e do mundo autom\u00f3vel em Faro<\/strong><\/p>\n<p>A Motorpor inaugurou na passada quinta-feira as suas novas instala\u00e7\u00f5es em Faro, onde passam a estar representadas sete marcas autom\u00f3veis. Esta aposta no Algarve encerra um ciclo de tr\u00eas anos de forte investimento na regi\u00e3o, com um valor da ordem dos 5 milh\u00f5es de euros.<\/p>\n<p>O novo espa\u00e7o, com uma \u00e1rea total de 9 mil metros quadrados, dos quais 3.400 correspondem \u00e0 \u00e1rea de constru\u00e7\u00e3o, inclui showrooms de cada uma das marcas representadas pela empresa no Algarve (Fiat\/Fiat Profissional, Abarth, Peugeot, Opel, Citro\u00ebn, Jeep e DS). Adicionalmente, a Motorpor conta com um novo edif\u00edcio onde disp\u00f5e de uma unidade de colis\u00e3o, um centro de pe\u00e7as, um centro log\u00edstico de viaturas e, a curto prazo, um centro de forma\u00e7\u00e3o.<\/p>\n<p>A cerim\u00f3nia de inaugura\u00e7\u00e3o contou com a presen\u00e7a de mais de 200 convidados e de v\u00e1rias personalidades ligadas ao universo algarvio e ao mundo autom\u00f3vel, incluindo o presidente da C\u00e2mara Municipal de Faro, Rog\u00e9rio Bacalhau, e o country manager do grupo autom\u00f3vel<a href=\"https:\/\/www.stellantis.com\/\" target=\"_blank\" rel=\"noopener\"> Stellantis<\/a> em Portugal, Pedro Lazarino. O secret\u00e1rio de Estado do Turismo, Pedro Machado, que n\u00e3o pode estar presente, gravou e enviou um v\u00eddeo de felicita\u00e7\u00f5es.<\/p>\n<p>O CEO da Motorpor, Manuel Coutinho, referiu na ocasi\u00e3o que este investimento &#8220;constitui um marco significativo na estrat\u00e9gia de expans\u00e3o da empresa a n\u00edvel nacional e no refor\u00e7o da nossa presen\u00e7a na regi\u00e3o algarvia, onde queremos continuar a ser um fator de moderniza\u00e7\u00e3o, de inova\u00e7\u00e3o, de cria\u00e7\u00e3o de emprego e de oferta de solu\u00e7\u00f5es inovadoras de mobilidade sustent\u00e1vel&#8221;.<\/p>\n<p>E acrescentou: &#8220;Cri\u00e1mos j\u00e1 cerca de 45 postos de trabalho adicionais no Algarve e, em breve, teremos novidades em Portim\u00e3o, com o objetivo de dotar o Barlavento algarvio das instala\u00e7\u00f5es e condi\u00e7\u00f5es de servi\u00e7o mais adaptadas \u00e0s necessidades dos nossos clientes&#8221;.<\/p>\n<p>A abertura das novas instala\u00e7\u00f5es em Faro assinala tamb\u00e9m o arranque da primeira concess\u00e3o no Algarve da DS Automobiles, a marca autom\u00f3vel premium do grupo Stellantis, que se caracteriza pela sofistica\u00e7\u00e3o, pelo design, pela inova\u00e7\u00e3o tecnol\u00f3gica e pela vontade de proporcionar aos clientes experi\u00eancias \u00fanicas e personalizadas.<\/p>\n<p>Para assinalar a ocasi\u00e3o, os convidados tiveram oportunidade de apreciar, em primeira m\u00e3o, o novo modelo DS N\u00ba8, a primeira cria\u00e7\u00e3o 100% el\u00e9trica da marca que oferece uma autonomia combinada de 750 kms, incluindo mais de 500 kms em autoestrada. Este modelo, ainda n\u00e3o apresentado oficialmente, s\u00f3 dever\u00e1 entrar em fase de comercializa\u00e7\u00e3o em Portugal no segundo trimestre do ano.<\/p>\n<p>Antecedendo a inaugura\u00e7\u00e3o das instala\u00e7\u00f5es, foi assinado um protocolo entre a Motorpor e o <a href=\"https:\/\/www.cepra.pt\/\" target=\"_blank\" rel=\"noopener\">CEPRA<\/a> (Centro de Forma\u00e7\u00e3o Profissional de Repara\u00e7\u00e3o Autom\u00f3vel) para a abertura de um polo de forma\u00e7\u00e3o da \u00e1rea t\u00e9cnica autom\u00f3vel no Algarve. O contributo da Motorpor \u00e9 a ced\u00eancia das instala\u00e7\u00f5es, bem como a realiza\u00e7\u00e3o das necess\u00e1rias obras de adapta\u00e7\u00e3o. O primeiro curso, na \u00e1rea da repara\u00e7\u00e3o de carro\u00e7arias, com a dura\u00e7\u00e3o de sete meses, arranca j\u00e1 na pr\u00f3xima segunda-feira, com 14 formandos. O n\u00famero de candidatos ultrapassou os 60.<\/p>\n<p>&#8220;Estamos convictos que este novo centro de forma\u00e7\u00e3o servir\u00e1 n\u00e3o s\u00f3 \u00e0 Motorpor, mas tamb\u00e9m toda a regi\u00e3o da necess\u00e1ria capacidade t\u00e9cnica que \u00e9 t\u00e3o fundamental num setor em transforma\u00e7\u00e3o profunda&#8221;, afirmou Manuel Coutinho.<\/p>\n<p>O Grupo Motorpor conta atualmente com 269 colaboradores a n\u00edvel nacional, tendo fechado o ano de 2024 com uma fatura\u00e7\u00e3o pr\u00f3xima dos 100 milh\u00f5es de euros. No mesmo per\u00edodo, vendeu mais de 3.000 viaturas novas e mais de 1.800 viaturas usadas, totalizando perto de 5.000 unidades.<\/p>\n","protected":false},"excerpt":{"rendered":"<p>O evento de inaugura\u00e7\u00e3o das novas&#8230;<\/p>\n","protected":false},"author":15,"featured_media":96746,"comment_status":"closed","ping_status":"closed","sticky":false,"template":"","format":"standard","meta":{"footnotes":""},"categories":[29],"tags":[11753,11754,4866,3501,11752,1225,3072],"class_list":["post-96739","post","type-post","status-publish","format-standard","has-post-thumbnail","hentry","category-empresas","tag-200-convidados","tag-9-mil-metros-quadrados","tag-faro","tag-inauguracao","tag-motorpor","tag-mundo-automovel","tag-novas-instalacoes"],"yoast_head":"<!-- This site is optimized with the Yoast SEO plugin v27.4 - https:\/\/yoast.com\/product\/yoast-seo-wordpress\/ -->\n<title>Motorpor inaugura novas instala\u00e7\u00f5es em Faro - Jornal das Oficinas<\/title>\n<meta name=\"description\" content=\"O evento de inaugura\u00e7\u00e3o das novas instala\u00e7\u00f5es da Motorpor juntou mais de 200 convidados e muitas figuras do universo algarvio\" \/>\n<meta name=\"robots\" content=\"index, follow, max-snippet:-1, max-image-preview:large, max-video-preview:-1\" \/>\n<link rel=\"canonical\" href=\"https:\/\/jornaldasoficinas.com\/pt\/motorpor-inaugura-novas-instalacoes-em-faro\/\" \/>\n<meta property=\"og:locale\" content=\"pt_PT\" \/>\n<meta property=\"og:type\" content=\"article\" \/>\n<meta property=\"og:title\" content=\"Motorpor inaugura novas instala\u00e7\u00f5es em Faro - Jornal das Oficinas\" \/>\n<meta property=\"og:description\" content=\"O evento de inaugura\u00e7\u00e3o das novas instala\u00e7\u00f5es da Motorpor juntou mais de 200 convidados e muitas figuras do universo algarvio\" \/>\n<meta property=\"og:url\" content=\"https:\/\/jornaldasoficinas.com\/pt\/motorpor-inaugura-novas-instalacoes-em-faro\/\" \/>\n<meta property=\"og:site_name\" content=\"Jornal das Oficinas\" \/>\n<meta property=\"article:publisher\" content=\"https:\/\/www.facebook.com\/jornaloficinas\" \/>\n<meta property=\"article:published_time\" content=\"2025-01-21T18:00:59+00:00\" \/>\n<meta property=\"og:image\" content=\"https:\/\/jornaldasoficinas.com\/pt\/wp-content\/uploads\/2025\/01\/Motorpor-inaugura-novas-instalacoes-em-faro.jpg\" \/>\n\t<meta property=\"og:image:width\" content=\"1024\" \/>\n\t<meta property=\"og:image:height\" content=\"581\" \/>\n\t<meta property=\"og:image:type\" content=\"image\/jpeg\" \/>\n<meta name=\"author\" content=\"Reda\u00e7\u00e3o JO\" \/>\n<meta name=\"twitter:card\" content=\"summary_large_image\" \/>\n<meta name=\"twitter:creator\" content=\"@jornaloficinas\" \/>\n<meta name=\"twitter:site\" content=\"@jornaloficinas\" \/>\n<meta name=\"twitter:label1\" content=\"Escrito por\" \/>\n\t<meta name=\"twitter:data1\" content=\"Reda\u00e7\u00e3o JO\" \/>\n\t<meta name=\"twitter:label2\" content=\"Tempo estimado de leitura\" \/>\n\t<meta name=\"twitter:data2\" content=\"4 minutos\" \/>\n<script type=\"application\/ld+json\" class=\"yoast-schema-graph\">{\"@context\":\"https:\\\/\\\/schema.org\",\"@graph\":[{\"@type\":\"Article\",\"@id\":\"https:\\\/\\\/jornaldasoficinas.com\\\/pt\\\/motorpor-inaugura-novas-instalacoes-em-faro\\\/#article\",\"isPartOf\":{\"@id\":\"https:\\\/\\\/jornaldasoficinas.com\\\/pt\\\/motorpor-inaugura-novas-instalacoes-em-faro\\\/\"},\"author\":{\"name\":\"Reda\u00e7\u00e3o JO\",\"@id\":\"https:\\\/\\\/jornaldasoficinas.com\\\/pt\\\/#\\\/schema\\\/person\\\/a38eef5de2c41d9e7c9ac10141afddf3\"},\"headline\":\"Motorpor inaugura novas instala\u00e7\u00f5es em Faro\",\"datePublished\":\"2025-01-21T18:00:59+00:00\",\"mainEntityOfPage\":{\"@id\":\"https:\\\/\\\/jornaldasoficinas.com\\\/pt\\\/motorpor-inaugura-novas-instalacoes-em-faro\\\/\"},\"wordCount\":659,\"publisher\":{\"@id\":\"https:\\\/\\\/jornaldasoficinas.com\\\/pt\\\/#organization\"},\"image\":{\"@id\":\"https:\\\/\\\/jornaldasoficinas.com\\\/pt\\\/motorpor-inaugura-novas-instalacoes-em-faro\\\/#primaryimage\"},\"thumbnailUrl\":\"https:\\\/\\\/jornaldasoficinas.com\\\/pt\\\/wp-content\\\/uploads\\\/2025\\\/01\\\/Motorpor-inaugura-novas-instalacoes-em-faro.jpg\",\"keywords\":[\"200 convidados\",\"9 mil metros quadrados\",\"Faro\",\"Inaugura\u00e7\u00e3o\",\"Motorpor\",\"Mundo autom\u00f3vel\",\"Novas instala\u00e7\u00f5es\"],\"articleSection\":[\"Empresas\"],\"inLanguage\":\"pt-PT\"},{\"@type\":\"WebPage\",\"@id\":\"https:\\\/\\\/jornaldasoficinas.com\\\/pt\\\/motorpor-inaugura-novas-instalacoes-em-faro\\\/\",\"url\":\"https:\\\/\\\/jornaldasoficinas.com\\\/pt\\\/motorpor-inaugura-novas-instalacoes-em-faro\\\/\",\"name\":\"Motorpor inaugura novas instala\u00e7\u00f5es em Faro - Jornal das Oficinas\",\"isPartOf\":{\"@id\":\"https:\\\/\\\/jornaldasoficinas.com\\\/pt\\\/#website\"},\"primaryImageOfPage\":{\"@id\":\"https:\\\/\\\/jornaldasoficinas.com\\\/pt\\\/motorpor-inaugura-novas-instalacoes-em-faro\\\/#primaryimage\"},\"image\":{\"@id\":\"https:\\\/\\\/jornaldasoficinas.com\\\/pt\\\/motorpor-inaugura-novas-instalacoes-em-faro\\\/#primaryimage\"},\"thumbnailUrl\":\"https:\\\/\\\/jornaldasoficinas.com\\\/pt\\\/wp-content\\\/uploads\\\/2025\\\/01\\\/Motorpor-inaugura-novas-instalacoes-em-faro.jpg\",\"datePublished\":\"2025-01-21T18:00:59+00:00\",\"description\":\"O evento de inaugura\u00e7\u00e3o das novas instala\u00e7\u00f5es da Motorpor juntou mais de 200 convidados e muitas figuras do universo algarvio\",\"breadcrumb\":{\"@id\":\"https:\\\/\\\/jornaldasoficinas.com\\\/pt\\\/motorpor-inaugura-novas-instalacoes-em-faro\\\/#breadcrumb\"},\"inLanguage\":\"pt-PT\",\"potentialAction\":[{\"@type\":\"ReadAction\",\"target\":[\"https:\\\/\\\/jornaldasoficinas.com\\\/pt\\\/motorpor-inaugura-novas-instalacoes-em-faro\\\/\"]}]},{\"@type\":\"ImageObject\",\"inLanguage\":\"pt-PT\",\"@id\":\"https:\\\/\\\/jornaldasoficinas.com\\\/pt\\\/motorpor-inaugura-novas-instalacoes-em-faro\\\/#primaryimage\",\"url\":\"https:\\\/\\\/jornaldasoficinas.com\\\/pt\\\/wp-content\\\/uploads\\\/2025\\\/01\\\/Motorpor-inaugura-novas-instalacoes-em-faro.jpg\",\"contentUrl\":\"https:\\\/\\\/jornaldasoficinas.com\\\/pt\\\/wp-content\\\/uploads\\\/2025\\\/01\\\/Motorpor-inaugura-novas-instalacoes-em-faro.jpg\",\"width\":1024,\"height\":581,\"caption\":\"01 - Motorpor inaugura novas instalacoes em faro\"},{\"@type\":\"BreadcrumbList\",\"@id\":\"https:\\\/\\\/jornaldasoficinas.com\\\/pt\\\/motorpor-inaugura-novas-instalacoes-em-faro\\\/#breadcrumb\",\"itemListElement\":[{\"@type\":\"ListItem\",\"position\":1,\"name\":\"In\u00edcio\",\"item\":\"https:\\\/\\\/jornaldasoficinas.com\\\/pt\\\/\"},{\"@type\":\"ListItem\",\"position\":2,\"name\":\"Motorpor inaugura novas instala\u00e7\u00f5es em Faro\"}]},{\"@type\":\"WebSite\",\"@id\":\"https:\\\/\\\/jornaldasoficinas.com\\\/pt\\\/#website\",\"url\":\"https:\\\/\\\/jornaldasoficinas.com\\\/pt\\\/\",\"name\":\"Jornal das Oficinas\",\"description\":\"Jornal independente do Aftermarket Autom\u00f3vel em Portugal\",\"publisher\":{\"@id\":\"https:\\\/\\\/jornaldasoficinas.com\\\/pt\\\/#organization\"},\"potentialAction\":[{\"@type\":\"SearchAction\",\"target\":{\"@type\":\"EntryPoint\",\"urlTemplate\":\"https:\\\/\\\/jornaldasoficinas.com\\\/pt\\\/?s={search_term_string}\"},\"query-input\":{\"@type\":\"PropertyValueSpecification\",\"valueRequired\":true,\"valueName\":\"search_term_string\"}}],\"inLanguage\":\"pt-PT\"},{\"@type\":\"Organization\",\"@id\":\"https:\\\/\\\/jornaldasoficinas.com\\\/pt\\\/#organization\",\"name\":\"Jornal das Oficinas\",\"url\":\"https:\\\/\\\/jornaldasoficinas.com\\\/pt\\\/\",\"logo\":{\"@type\":\"ImageObject\",\"inLanguage\":\"pt-PT\",\"@id\":\"https:\\\/\\\/jornaldasoficinas.com\\\/pt\\\/#\\\/schema\\\/logo\\\/image\\\/\",\"url\":\"https:\\\/\\\/jornaldasoficinas.com\\\/pt\\\/wp-content\\\/uploads\\\/logoJO-SEO.png\",\"contentUrl\":\"https:\\\/\\\/jornaldasoficinas.com\\\/pt\\\/wp-content\\\/uploads\\\/logoJO-SEO.png\",\"width\":285,\"height\":450,\"caption\":\"Jornal das Oficinas\"},\"image\":{\"@id\":\"https:\\\/\\\/jornaldasoficinas.com\\\/pt\\\/#\\\/schema\\\/logo\\\/image\\\/\"},\"sameAs\":[\"https:\\\/\\\/www.facebook.com\\\/jornaloficinas\",\"https:\\\/\\\/x.com\\\/jornaloficinas\",\"https:\\\/\\\/www.instagram.com\\\/jornal_oficinas\\\/\",\"https:\\\/\\\/www.linkedin.com\\\/company\\\/jornal-das-oficinas\\\/\",\"https:\\\/\\\/www.youtube.com\\\/channel\\\/UCbQZBqtcvV-oSQrr7RzINGg\"]},{\"@type\":\"Person\",\"@id\":\"https:\\\/\\\/jornaldasoficinas.com\\\/pt\\\/#\\\/schema\\\/person\\\/a38eef5de2c41d9e7c9ac10141afddf3\",\"name\":\"Reda\u00e7\u00e3o JO\",\"image\":{\"@type\":\"ImageObject\",\"inLanguage\":\"pt-PT\",\"@id\":\"https:\\\/\\\/secure.gravatar.com\\\/avatar\\\/71f2fa71737ad68a84fea94bc708ddac8ea5b0c4788dc2ad202f3ccb2887742f?s=96&d=wp_user_avatar&r=g\",\"url\":\"https:\\\/\\\/secure.gravatar.com\\\/avatar\\\/71f2fa71737ad68a84fea94bc708ddac8ea5b0c4788dc2ad202f3ccb2887742f?s=96&d=wp_user_avatar&r=g\",\"contentUrl\":\"https:\\\/\\\/secure.gravatar.com\\\/avatar\\\/71f2fa71737ad68a84fea94bc708ddac8ea5b0c4788dc2ad202f3ccb2887742f?s=96&d=wp_user_avatar&r=g\",\"caption\":\"Reda\u00e7\u00e3o JO\"},\"url\":\"https:\\\/\\\/jornaldasoficinas.com\\\/pt\\\/author\\\/joredacao\\\/\"}]}<\/script>\n<!-- \/ Yoast SEO plugin. -->","yoast_head_json":{"title":"Motorpor inaugura novas instala\u00e7\u00f5es em Faro - Jornal das Oficinas","description":"O evento de inaugura\u00e7\u00e3o das novas instala\u00e7\u00f5es da Motorpor juntou mais de 200 convidados e muitas figuras do universo algarvio","robots":{"index":"index","follow":"follow","max-snippet":"max-snippet:-1","max-image-preview":"max-image-preview:large","max-video-preview":"max-video-preview:-1"},"canonical":"https:\/\/jornaldasoficinas.com\/pt\/motorpor-inaugura-novas-instalacoes-em-faro\/","og_locale":"pt_PT","og_type":"article","og_title":"Motorpor inaugura novas instala\u00e7\u00f5es em Faro - Jornal das Oficinas","og_description":"O evento de inaugura\u00e7\u00e3o das novas instala\u00e7\u00f5es da Motorpor juntou mais de 200 convidados e muitas figuras do universo algarvio","og_url":"https:\/\/jornaldasoficinas.com\/pt\/motorpor-inaugura-novas-instalacoes-em-faro\/","og_site_name":"Jornal das Oficinas","article_publisher":"https:\/\/www.facebook.com\/jornaloficinas","article_published_time":"2025-01-21T18:00:59+00:00","og_image":[{"width":1024,"height":581,"url":"https:\/\/jornaldasoficinas.com\/pt\/wp-content\/uploads\/2025\/01\/Motorpor-inaugura-novas-instalacoes-em-faro.jpg","type":"image\/jpeg"}],"author":"Reda\u00e7\u00e3o JO","twitter_card":"summary_large_image","twitter_creator":"@jornaloficinas","twitter_site":"@jornaloficinas","twitter_misc":{"Escrito por":"Reda\u00e7\u00e3o JO","Tempo estimado de leitura":"4 minutos"},"schema":{"@context":"https:\/\/schema.org","@graph":[{"@type":"Article","@id":"https:\/\/jornaldasoficinas.com\/pt\/motorpor-inaugura-novas-instalacoes-em-faro\/#article","isPartOf":{"@id":"https:\/\/jornaldasoficinas.com\/pt\/motorpor-inaugura-novas-instalacoes-em-faro\/"},"author":{"name":"Reda\u00e7\u00e3o JO","@id":"https:\/\/jornaldasoficinas.com\/pt\/#\/schema\/person\/a38eef5de2c41d9e7c9ac10141afddf3"},"headline":"Motorpor inaugura novas instala\u00e7\u00f5es em Faro","datePublished":"2025-01-21T18:00:59+00:00","mainEntityOfPage":{"@id":"https:\/\/jornaldasoficinas.com\/pt\/motorpor-inaugura-novas-instalacoes-em-faro\/"},"wordCount":659,"publisher":{"@id":"https:\/\/jornaldasoficinas.com\/pt\/#organization"},"image":{"@id":"https:\/\/jornaldasoficinas.com\/pt\/motorpor-inaugura-novas-instalacoes-em-faro\/#primaryimage"},"thumbnailUrl":"https:\/\/jornaldasoficinas.com\/pt\/wp-content\/uploads\/2025\/01\/Motorpor-inaugura-novas-instalacoes-em-faro.jpg","keywords":["200 convidados","9 mil metros quadrados","Faro","Inaugura\u00e7\u00e3o","Motorpor","Mundo autom\u00f3vel","Novas instala\u00e7\u00f5es"],"articleSection":["Empresas"],"inLanguage":"pt-PT"},{"@type":"WebPage","@id":"https:\/\/jornaldasoficinas.com\/pt\/motorpor-inaugura-novas-instalacoes-em-faro\/","url":"https:\/\/jornaldasoficinas.com\/pt\/motorpor-inaugura-novas-instalacoes-em-faro\/","name":"Motorpor inaugura novas instala\u00e7\u00f5es em Faro - Jornal das Oficinas","isPartOf":{"@id":"https:\/\/jornaldasoficinas.com\/pt\/#website"},"primaryImageOfPage":{"@id":"https:\/\/jornaldasoficinas.com\/pt\/motorpor-inaugura-novas-instalacoes-em-faro\/#primaryimage"},"image":{"@id":"https:\/\/jornaldasoficinas.com\/pt\/motorpor-inaugura-novas-instalacoes-em-faro\/#primaryimage"},"thumbnailUrl":"https:\/\/jornaldasoficinas.com\/pt\/wp-content\/uploads\/2025\/01\/Motorpor-inaugura-novas-instalacoes-em-faro.jpg","datePublished":"2025-01-21T18:00:59+00:00","description":"O evento de inaugura\u00e7\u00e3o das novas instala\u00e7\u00f5es da Motorpor juntou mais de 200 convidados e muitas figuras do universo algarvio","breadcrumb":{"@id":"https:\/\/jornaldasoficinas.com\/pt\/motorpor-inaugura-novas-instalacoes-em-faro\/#breadcrumb"},"inLanguage":"pt-PT","potentialAction":[{"@type":"ReadAction","target":["https:\/\/jornaldasoficinas.com\/pt\/motorpor-inaugura-novas-instalacoes-em-faro\/"]}]},{"@type":"ImageObject","inLanguage":"pt-PT","@id":"https:\/\/jornaldasoficinas.com\/pt\/motorpor-inaugura-novas-instalacoes-em-faro\/#primaryimage","url":"https:\/\/jornaldasoficinas.com\/pt\/wp-content\/uploads\/2025\/01\/Motorpor-inaugura-novas-instalacoes-em-faro.jpg","contentUrl":"https:\/\/jornaldasoficinas.com\/pt\/wp-content\/uploads\/2025\/01\/Motorpor-inaugura-novas-instalacoes-em-faro.jpg","width":1024,"height":581,"caption":"01 - Motorpor inaugura novas instalacoes em faro"},{"@type":"BreadcrumbList","@id":"https:\/\/jornaldasoficinas.com\/pt\/motorpor-inaugura-novas-instalacoes-em-faro\/#breadcrumb","itemListElement":[{"@type":"ListItem","position":1,"name":"In\u00edcio","item":"https:\/\/jornaldasoficinas.com\/pt\/"},{"@type":"ListItem","position":2,"name":"Motorpor inaugura novas instala\u00e7\u00f5es em Faro"}]},{"@type":"WebSite","@id":"https:\/\/jornaldasoficinas.com\/pt\/#website","url":"https:\/\/jornaldasoficinas.com\/pt\/","name":"Jornal das Oficinas","description":"Jornal independente do Aftermarket Autom\u00f3vel em Portugal","publisher":{"@id":"https:\/\/jornaldasoficinas.com\/pt\/#organization"},"potentialAction":[{"@type":"SearchAction","target":{"@type":"EntryPoint","urlTemplate":"https:\/\/jornaldasoficinas.com\/pt\/?s={search_term_string}"},"query-input":{"@type":"PropertyValueSpecification","valueRequired":true,"valueName":"search_term_string"}}],"inLanguage":"pt-PT"},{"@type":"Organization","@id":"https:\/\/jornaldasoficinas.com\/pt\/#organization","name":"Jornal das Oficinas","url":"https:\/\/jornaldasoficinas.com\/pt\/","logo":{"@type":"ImageObject","inLanguage":"pt-PT","@id":"https:\/\/jornaldasoficinas.com\/pt\/#\/schema\/logo\/image\/","url":"https:\/\/jornaldasoficinas.com\/pt\/wp-content\/uploads\/logoJO-SEO.png","contentUrl":"https:\/\/jornaldasoficinas.com\/pt\/wp-content\/uploads\/logoJO-SEO.png","width":285,"height":450,"caption":"Jornal das Oficinas"},"image":{"@id":"https:\/\/jornaldasoficinas.com\/pt\/#\/schema\/logo\/image\/"},"sameAs":["https:\/\/www.facebook.com\/jornaloficinas","https:\/\/x.com\/jornaloficinas","https:\/\/www.instagram.com\/jornal_oficinas\/","https:\/\/www.linkedin.com\/company\/jornal-das-oficinas\/","https:\/\/www.youtube.com\/channel\/UCbQZBqtcvV-oSQrr7RzINGg"]},{"@type":"Person","@id":"https:\/\/jornaldasoficinas.com\/pt\/#\/schema\/person\/a38eef5de2c41d9e7c9ac10141afddf3","name":"Reda\u00e7\u00e3o JO","image":{"@type":"ImageObject","inLanguage":"pt-PT","@id":"https:\/\/secure.gravatar.com\/avatar\/71f2fa71737ad68a84fea94bc708ddac8ea5b0c4788dc2ad202f3ccb2887742f?s=96&d=wp_user_avatar&r=g","url":"https:\/\/secure.gravatar.com\/avatar\/71f2fa71737ad68a84fea94bc708ddac8ea5b0c4788dc2ad202f3ccb2887742f?s=96&d=wp_user_avatar&r=g","contentUrl":"https:\/\/secure.gravatar.com\/avatar\/71f2fa71737ad68a84fea94bc708ddac8ea5b0c4788dc2ad202f3ccb2887742f?s=96&d=wp_user_avatar&r=g","caption":"Reda\u00e7\u00e3o JO"},"url":"https:\/\/jornaldasoficinas.com\/pt\/author\/joredacao\/"}]}},"_links":{"self":[{"href":"https:\/\/jornaldasoficinas.com\/pt\/wp-json\/wp\/v2\/posts\/96739","targetHints":{"allow":["GET"]}}],"collection":[{"href":"https:\/\/jornaldasoficinas.com\/pt\/wp-json\/wp\/v2\/posts"}],"about":[{"href":"https:\/\/jornaldasoficinas.com\/pt\/wp-json\/wp\/v2\/types\/post"}],"author":[{"embeddable":true,"href":"https:\/\/jornaldasoficinas.com\/pt\/wp-json\/wp\/v2\/users\/15"}],"replies":[{"embeddable":true,"href":"https:\/\/jornaldasoficinas.com\/pt\/wp-json\/wp\/v2\/comments?post=96739"}],"version-history":[{"count":7,"href":"https:\/\/jornaldasoficinas.com\/pt\/wp-json\/wp\/v2\/posts\/96739\/revisions"}],"predecessor-version":[{"id":96747,"href":"https:\/\/jornaldasoficinas.com\/pt\/wp-json\/wp\/v2\/posts\/96739\/revisions\/96747"}],"wp:featuredmedia":[{"embeddable":true,"href":"https:\/\/jornaldasoficinas.com\/pt\/wp-json\/wp\/v2\/media\/96746"}],"wp:attachment":[{"href":"https:\/\/jornaldasoficinas.com\/pt\/wp-json\/wp\/v2\/media?parent=96739"}],"wp:term":[{"taxonomy":"category","embeddable":true,"href":"https:\/\/jornaldasoficinas.com\/pt\/wp-json\/wp\/v2\/categories?post=96739"},{"taxonomy":"post_tag","embeddable":true,"href":"https:\/\/jornaldasoficinas.com\/pt\/wp-json\/wp\/v2\/tags?post=96739"}],"curies":[{"name":"wp","href":"https:\/\/api.w.org\/{rel}","templated":true}]}}