{"id":96798,"date":"2025-01-23T08:00:21","date_gmt":"2025-01-23T08:00:21","guid":{"rendered":"https:\/\/jornaldasoficinas.com\/pt\/?p=96798"},"modified":"2025-01-22T11:34:53","modified_gmt":"2025-01-22T11:34:53","slug":"centro-zaragoza-organiza-webinar-sobre-avaliacao-de-usados","status":"publish","type":"post","link":"https:\/\/jornaldasoficinas.com\/pt\/centro-zaragoza-organiza-webinar-sobre-avaliacao-de-usados\/","title":{"rendered":"Centro Zaragoza organiza webinar sobre avalia\u00e7\u00e3o de usados"},"content":{"rendered":"<p><strong><img loading=\"lazy\" decoding=\"async\" class=\"alignnone size-full wp-image-96801\" src=\"https:\/\/jornaldasoficinas.com\/pt\/wp-content\/uploads\/2025\/01\/Centro-Zaragoza-organiza-webinar-sobre-avaliacao-de-usados.jpg\" alt=\"01 - Centro Zaragoza organiza webinar sobre avaliacao de usados\" width=\"1024\" height=\"581\" srcset=\"https:\/\/jornaldasoficinas.com\/pt\/wp-content\/uploads\/2025\/01\/Centro-Zaragoza-organiza-webinar-sobre-avaliacao-de-usados.jpg 1024w, https:\/\/jornaldasoficinas.com\/pt\/wp-content\/uploads\/2025\/01\/Centro-Zaragoza-organiza-webinar-sobre-avaliacao-de-usados-300x170.jpg 300w, https:\/\/jornaldasoficinas.com\/pt\/wp-content\/uploads\/2025\/01\/Centro-Zaragoza-organiza-webinar-sobre-avaliacao-de-usados-150x85.jpg 150w, https:\/\/jornaldasoficinas.com\/pt\/wp-content\/uploads\/2025\/01\/Centro-Zaragoza-organiza-webinar-sobre-avaliacao-de-usados-768x436.jpg 768w\" sizes=\"auto, (max-width: 1024px) 100vw, 1024px\" \/><\/strong><\/p>\n<p><strong>Descubra no webinar do <a href=\"https:\/\/web.centro-zaragoza.com\/\" target=\"_blank\" rel=\"noopener\">Centro Zaragoza<\/a> os principais fatores que determinam o valor dos ve\u00edculos usados, incluindo m\u00e9todos de avalia\u00e7\u00e3o e a import\u00e2ncia de um avaliador profissional<\/strong><\/p>\n<p>O Centro Zaragoza ir\u00e1 organizar um webinar na quinta-feira, dia 30 de janeiro, \u00e0s 16h00, para explorar como determinar o valor de um ve\u00edculo usado.<\/p>\n<p>Quando um carro \u00e9 adquirido num concession\u00e1rio, a sua deprecia\u00e7\u00e3o come\u00e7a de forma imediata, sendo influenciada por diversos fatores, como a idade do ve\u00edculo e os quil\u00f3metros percorridos.<\/p>\n<p>Neste webinar ser\u00e3o abordados os principais aspetos que impactam o valor de um ve\u00edculo, incluindo:<\/p>\n<p>&#8211; O que \u00e9 uma avalia\u00e7\u00e3o de um ve\u00edculo usado e para que serve;<br \/>\n&#8211; Os diferentes tipos de valores (valor novo, de mercado, t\u00e9cnico, entre outros);<br \/>\n&#8211; M\u00e9todos de avalia\u00e7\u00e3o;<br \/>\n&#8211; A import\u00e2ncia do trabalho de um avaliador profissional.<\/p>\n<p>Para inscri\u00e7\u00f5es, clique <a href=\"https:\/\/events.teams.microsoft.com\/event\/e27d215f-f408-4785-be00-87ddc01459b4@545abe44-c221-4fcc-909a-b49f43ebf89d\" target=\"_blank\" rel=\"noopener\">aqui<\/a>.<\/p>\n","protected":false},"excerpt":{"rendered":"<p>Descubra no webinar do Centro Zaragoza&#8230;<\/p>\n","protected":false},"author":15,"featured_media":96801,"comment_status":"closed","ping_status":"closed","sticky":false,"template":"","format":"standard","meta":{"footnotes":""},"categories":[37],"tags":[11759,11758,209,1568,2769],"class_list":["post-96798","post","type-post","status-publish","format-standard","has-post-thumbnail","hentry","category-mercado","tag-30-de-janeiro","tag-avaliacao","tag-centro-zaragoza","tag-veiculos-usados","tag-webinar"],"yoast_head":"<!-- This site is optimized with the Yoast SEO plugin v27.5 - https:\/\/yoast.com\/product\/yoast-seo-wordpress\/ -->\n<title>Centro Zaragoza organiza webinar sobre avalia\u00e7\u00e3o de usados - Jornal das Oficinas<\/title>\n<meta name=\"description\" content=\"Descubra no webinar do Centro Zaragoza os principais fatores que determinam o valor dos ve\u00edculos usados, incluindo m\u00e9todos de avalia\u00e7\u00e3o\" \/>\n<meta name=\"robots\" content=\"index, follow, max-snippet:-1, max-image-preview:large, max-video-preview:-1\" \/>\n<link rel=\"canonical\" href=\"https:\/\/jornaldasoficinas.com\/pt\/centro-zaragoza-organiza-webinar-sobre-avaliacao-de-usados\/\" \/>\n<meta property=\"og:locale\" content=\"pt_PT\" \/>\n<meta property=\"og:type\" content=\"article\" \/>\n<meta property=\"og:title\" content=\"Centro Zaragoza organiza webinar sobre avalia\u00e7\u00e3o de usados - Jornal das Oficinas\" \/>\n<meta property=\"og:description\" content=\"Descubra no webinar do Centro Zaragoza os principais fatores que determinam o valor dos ve\u00edculos usados, incluindo m\u00e9todos de avalia\u00e7\u00e3o\" \/>\n<meta property=\"og:url\" content=\"https:\/\/jornaldasoficinas.com\/pt\/centro-zaragoza-organiza-webinar-sobre-avaliacao-de-usados\/\" \/>\n<meta property=\"og:site_name\" content=\"Jornal das Oficinas\" \/>\n<meta property=\"article:publisher\" content=\"https:\/\/www.facebook.com\/jornaloficinas\" \/>\n<meta property=\"article:published_time\" content=\"2025-01-23T08:00:21+00:00\" \/>\n<meta property=\"og:image\" content=\"https:\/\/jornaldasoficinas.com\/pt\/wp-content\/uploads\/2025\/01\/Centro-Zaragoza-organiza-webinar-sobre-avaliacao-de-usados.jpg\" \/>\n\t<meta property=\"og:image:width\" content=\"1024\" \/>\n\t<meta property=\"og:image:height\" content=\"581\" \/>\n\t<meta property=\"og:image:type\" content=\"image\/jpeg\" \/>\n<meta name=\"author\" content=\"Reda\u00e7\u00e3o JO\" \/>\n<meta name=\"twitter:card\" content=\"summary_large_image\" \/>\n<meta name=\"twitter:creator\" content=\"@jornaloficinas\" \/>\n<meta name=\"twitter:site\" content=\"@jornaloficinas\" \/>\n<meta name=\"twitter:label1\" content=\"Escrito por\" \/>\n\t<meta name=\"twitter:data1\" content=\"Reda\u00e7\u00e3o JO\" \/>\n\t<meta name=\"twitter:label2\" content=\"Tempo estimado de leitura\" \/>\n\t<meta name=\"twitter:data2\" content=\"2 minutos\" \/>\n<script type=\"application\/ld+json\" class=\"yoast-schema-graph\">{\"@context\":\"https:\\\/\\\/schema.org\",\"@graph\":[{\"@type\":\"Article\",\"@id\":\"https:\\\/\\\/jornaldasoficinas.com\\\/pt\\\/centro-zaragoza-organiza-webinar-sobre-avaliacao-de-usados\\\/#article\",\"isPartOf\":{\"@id\":\"https:\\\/\\\/jornaldasoficinas.com\\\/pt\\\/centro-zaragoza-organiza-webinar-sobre-avaliacao-de-usados\\\/\"},\"author\":{\"name\":\"Reda\u00e7\u00e3o JO\",\"@id\":\"https:\\\/\\\/jornaldasoficinas.com\\\/pt\\\/#\\\/schema\\\/person\\\/a38eef5de2c41d9e7c9ac10141afddf3\"},\"headline\":\"Centro Zaragoza organiza webinar sobre avalia\u00e7\u00e3o de usados\",\"datePublished\":\"2025-01-23T08:00:21+00:00\",\"mainEntityOfPage\":{\"@id\":\"https:\\\/\\\/jornaldasoficinas.com\\\/pt\\\/centro-zaragoza-organiza-webinar-sobre-avaliacao-de-usados\\\/\"},\"wordCount\":164,\"publisher\":{\"@id\":\"https:\\\/\\\/jornaldasoficinas.com\\\/pt\\\/#organization\"},\"image\":{\"@id\":\"https:\\\/\\\/jornaldasoficinas.com\\\/pt\\\/centro-zaragoza-organiza-webinar-sobre-avaliacao-de-usados\\\/#primaryimage\"},\"thumbnailUrl\":\"https:\\\/\\\/jornaldasoficinas.com\\\/pt\\\/wp-content\\\/uploads\\\/2025\\\/01\\\/Centro-Zaragoza-organiza-webinar-sobre-avaliacao-de-usados.jpg\",\"keywords\":[\"30 de janeiro\",\"avalia\u00e7\u00e3o\",\"Centro Zaragoza\",\"Ve\u00edculos usados\",\"Webinar\"],\"articleSection\":[\"Mercado\"],\"inLanguage\":\"pt-PT\"},{\"@type\":\"WebPage\",\"@id\":\"https:\\\/\\\/jornaldasoficinas.com\\\/pt\\\/centro-zaragoza-organiza-webinar-sobre-avaliacao-de-usados\\\/\",\"url\":\"https:\\\/\\\/jornaldasoficinas.com\\\/pt\\\/centro-zaragoza-organiza-webinar-sobre-avaliacao-de-usados\\\/\",\"name\":\"Centro Zaragoza organiza webinar sobre avalia\u00e7\u00e3o de usados - Jornal das Oficinas\",\"isPartOf\":{\"@id\":\"https:\\\/\\\/jornaldasoficinas.com\\\/pt\\\/#website\"},\"primaryImageOfPage\":{\"@id\":\"https:\\\/\\\/jornaldasoficinas.com\\\/pt\\\/centro-zaragoza-organiza-webinar-sobre-avaliacao-de-usados\\\/#primaryimage\"},\"image\":{\"@id\":\"https:\\\/\\\/jornaldasoficinas.com\\\/pt\\\/centro-zaragoza-organiza-webinar-sobre-avaliacao-de-usados\\\/#primaryimage\"},\"thumbnailUrl\":\"https:\\\/\\\/jornaldasoficinas.com\\\/pt\\\/wp-content\\\/uploads\\\/2025\\\/01\\\/Centro-Zaragoza-organiza-webinar-sobre-avaliacao-de-usados.jpg\",\"datePublished\":\"2025-01-23T08:00:21+00:00\",\"description\":\"Descubra no webinar do Centro Zaragoza os principais fatores que determinam o valor dos ve\u00edculos usados, incluindo m\u00e9todos de avalia\u00e7\u00e3o\",\"breadcrumb\":{\"@id\":\"https:\\\/\\\/jornaldasoficinas.com\\\/pt\\\/centro-zaragoza-organiza-webinar-sobre-avaliacao-de-usados\\\/#breadcrumb\"},\"inLanguage\":\"pt-PT\",\"potentialAction\":[{\"@type\":\"ReadAction\",\"target\":[\"https:\\\/\\\/jornaldasoficinas.com\\\/pt\\\/centro-zaragoza-organiza-webinar-sobre-avaliacao-de-usados\\\/\"]}]},{\"@type\":\"ImageObject\",\"inLanguage\":\"pt-PT\",\"@id\":\"https:\\\/\\\/jornaldasoficinas.com\\\/pt\\\/centro-zaragoza-organiza-webinar-sobre-avaliacao-de-usados\\\/#primaryimage\",\"url\":\"https:\\\/\\\/jornaldasoficinas.com\\\/pt\\\/wp-content\\\/uploads\\\/2025\\\/01\\\/Centro-Zaragoza-organiza-webinar-sobre-avaliacao-de-usados.jpg\",\"contentUrl\":\"https:\\\/\\\/jornaldasoficinas.com\\\/pt\\\/wp-content\\\/uploads\\\/2025\\\/01\\\/Centro-Zaragoza-organiza-webinar-sobre-avaliacao-de-usados.jpg\",\"width\":1024,\"height\":581,\"caption\":\"01 - Centro Zaragoza organiza webinar sobre avaliacao de usados\"},{\"@type\":\"BreadcrumbList\",\"@id\":\"https:\\\/\\\/jornaldasoficinas.com\\\/pt\\\/centro-zaragoza-organiza-webinar-sobre-avaliacao-de-usados\\\/#breadcrumb\",\"itemListElement\":[{\"@type\":\"ListItem\",\"position\":1,\"name\":\"In\u00edcio\",\"item\":\"https:\\\/\\\/jornaldasoficinas.com\\\/pt\\\/\"},{\"@type\":\"ListItem\",\"position\":2,\"name\":\"Centro Zaragoza organiza webinar sobre avalia\u00e7\u00e3o de usados\"}]},{\"@type\":\"WebSite\",\"@id\":\"https:\\\/\\\/jornaldasoficinas.com\\\/pt\\\/#website\",\"url\":\"https:\\\/\\\/jornaldasoficinas.com\\\/pt\\\/\",\"name\":\"Jornal das Oficinas\",\"description\":\"Jornal independente do Aftermarket Autom\u00f3vel em Portugal\",\"publisher\":{\"@id\":\"https:\\\/\\\/jornaldasoficinas.com\\\/pt\\\/#organization\"},\"potentialAction\":[{\"@type\":\"SearchAction\",\"target\":{\"@type\":\"EntryPoint\",\"urlTemplate\":\"https:\\\/\\\/jornaldasoficinas.com\\\/pt\\\/?s={search_term_string}\"},\"query-input\":{\"@type\":\"PropertyValueSpecification\",\"valueRequired\":true,\"valueName\":\"search_term_string\"}}],\"inLanguage\":\"pt-PT\"},{\"@type\":\"Organization\",\"@id\":\"https:\\\/\\\/jornaldasoficinas.com\\\/pt\\\/#organization\",\"name\":\"Jornal das Oficinas\",\"url\":\"https:\\\/\\\/jornaldasoficinas.com\\\/pt\\\/\",\"logo\":{\"@type\":\"ImageObject\",\"inLanguage\":\"pt-PT\",\"@id\":\"https:\\\/\\\/jornaldasoficinas.com\\\/pt\\\/#\\\/schema\\\/logo\\\/image\\\/\",\"url\":\"https:\\\/\\\/jornaldasoficinas.com\\\/pt\\\/wp-content\\\/uploads\\\/logoJO-SEO.png\",\"contentUrl\":\"https:\\\/\\\/jornaldasoficinas.com\\\/pt\\\/wp-content\\\/uploads\\\/logoJO-SEO.png\",\"width\":285,\"height\":450,\"caption\":\"Jornal das Oficinas\"},\"image\":{\"@id\":\"https:\\\/\\\/jornaldasoficinas.com\\\/pt\\\/#\\\/schema\\\/logo\\\/image\\\/\"},\"sameAs\":[\"https:\\\/\\\/www.facebook.com\\\/jornaloficinas\",\"https:\\\/\\\/x.com\\\/jornaloficinas\",\"https:\\\/\\\/www.instagram.com\\\/jornal_oficinas\\\/\",\"https:\\\/\\\/www.linkedin.com\\\/company\\\/jornal-das-oficinas\\\/\",\"https:\\\/\\\/www.youtube.com\\\/channel\\\/UCbQZBqtcvV-oSQrr7RzINGg\"]},{\"@type\":\"Person\",\"@id\":\"https:\\\/\\\/jornaldasoficinas.com\\\/pt\\\/#\\\/schema\\\/person\\\/a38eef5de2c41d9e7c9ac10141afddf3\",\"name\":\"Reda\u00e7\u00e3o JO\",\"image\":{\"@type\":\"ImageObject\",\"inLanguage\":\"pt-PT\",\"@id\":\"https:\\\/\\\/secure.gravatar.com\\\/avatar\\\/71f2fa71737ad68a84fea94bc708ddac8ea5b0c4788dc2ad202f3ccb2887742f?s=96&d=wp_user_avatar&r=g\",\"url\":\"https:\\\/\\\/secure.gravatar.com\\\/avatar\\\/71f2fa71737ad68a84fea94bc708ddac8ea5b0c4788dc2ad202f3ccb2887742f?s=96&d=wp_user_avatar&r=g\",\"contentUrl\":\"https:\\\/\\\/secure.gravatar.com\\\/avatar\\\/71f2fa71737ad68a84fea94bc708ddac8ea5b0c4788dc2ad202f3ccb2887742f?s=96&d=wp_user_avatar&r=g\",\"caption\":\"Reda\u00e7\u00e3o JO\"},\"url\":\"https:\\\/\\\/jornaldasoficinas.com\\\/pt\\\/author\\\/joredacao\\\/\"}]}<\/script>\n<!-- \/ Yoast SEO plugin. -->","yoast_head_json":{"title":"Centro Zaragoza organiza webinar sobre avalia\u00e7\u00e3o de usados - Jornal das Oficinas","description":"Descubra no webinar do Centro Zaragoza os principais fatores que determinam o valor dos ve\u00edculos usados, incluindo m\u00e9todos de avalia\u00e7\u00e3o","robots":{"index":"index","follow":"follow","max-snippet":"max-snippet:-1","max-image-preview":"max-image-preview:large","max-video-preview":"max-video-preview:-1"},"canonical":"https:\/\/jornaldasoficinas.com\/pt\/centro-zaragoza-organiza-webinar-sobre-avaliacao-de-usados\/","og_locale":"pt_PT","og_type":"article","og_title":"Centro Zaragoza organiza webinar sobre avalia\u00e7\u00e3o de usados - Jornal das Oficinas","og_description":"Descubra no webinar do Centro Zaragoza os principais fatores que determinam o valor dos ve\u00edculos usados, incluindo m\u00e9todos de avalia\u00e7\u00e3o","og_url":"https:\/\/jornaldasoficinas.com\/pt\/centro-zaragoza-organiza-webinar-sobre-avaliacao-de-usados\/","og_site_name":"Jornal das Oficinas","article_publisher":"https:\/\/www.facebook.com\/jornaloficinas","article_published_time":"2025-01-23T08:00:21+00:00","og_image":[{"width":1024,"height":581,"url":"https:\/\/jornaldasoficinas.com\/pt\/wp-content\/uploads\/2025\/01\/Centro-Zaragoza-organiza-webinar-sobre-avaliacao-de-usados.jpg","type":"image\/jpeg"}],"author":"Reda\u00e7\u00e3o JO","twitter_card":"summary_large_image","twitter_creator":"@jornaloficinas","twitter_site":"@jornaloficinas","twitter_misc":{"Escrito por":"Reda\u00e7\u00e3o JO","Tempo estimado de leitura":"2 minutos"},"schema":{"@context":"https:\/\/schema.org","@graph":[{"@type":"Article","@id":"https:\/\/jornaldasoficinas.com\/pt\/centro-zaragoza-organiza-webinar-sobre-avaliacao-de-usados\/#article","isPartOf":{"@id":"https:\/\/jornaldasoficinas.com\/pt\/centro-zaragoza-organiza-webinar-sobre-avaliacao-de-usados\/"},"author":{"name":"Reda\u00e7\u00e3o JO","@id":"https:\/\/jornaldasoficinas.com\/pt\/#\/schema\/person\/a38eef5de2c41d9e7c9ac10141afddf3"},"headline":"Centro Zaragoza organiza webinar sobre avalia\u00e7\u00e3o de usados","datePublished":"2025-01-23T08:00:21+00:00","mainEntityOfPage":{"@id":"https:\/\/jornaldasoficinas.com\/pt\/centro-zaragoza-organiza-webinar-sobre-avaliacao-de-usados\/"},"wordCount":164,"publisher":{"@id":"https:\/\/jornaldasoficinas.com\/pt\/#organization"},"image":{"@id":"https:\/\/jornaldasoficinas.com\/pt\/centro-zaragoza-organiza-webinar-sobre-avaliacao-de-usados\/#primaryimage"},"thumbnailUrl":"https:\/\/jornaldasoficinas.com\/pt\/wp-content\/uploads\/2025\/01\/Centro-Zaragoza-organiza-webinar-sobre-avaliacao-de-usados.jpg","keywords":["30 de janeiro","avalia\u00e7\u00e3o","Centro Zaragoza","Ve\u00edculos usados","Webinar"],"articleSection":["Mercado"],"inLanguage":"pt-PT"},{"@type":"WebPage","@id":"https:\/\/jornaldasoficinas.com\/pt\/centro-zaragoza-organiza-webinar-sobre-avaliacao-de-usados\/","url":"https:\/\/jornaldasoficinas.com\/pt\/centro-zaragoza-organiza-webinar-sobre-avaliacao-de-usados\/","name":"Centro Zaragoza organiza webinar sobre avalia\u00e7\u00e3o de usados - Jornal das Oficinas","isPartOf":{"@id":"https:\/\/jornaldasoficinas.com\/pt\/#website"},"primaryImageOfPage":{"@id":"https:\/\/jornaldasoficinas.com\/pt\/centro-zaragoza-organiza-webinar-sobre-avaliacao-de-usados\/#primaryimage"},"image":{"@id":"https:\/\/jornaldasoficinas.com\/pt\/centro-zaragoza-organiza-webinar-sobre-avaliacao-de-usados\/#primaryimage"},"thumbnailUrl":"https:\/\/jornaldasoficinas.com\/pt\/wp-content\/uploads\/2025\/01\/Centro-Zaragoza-organiza-webinar-sobre-avaliacao-de-usados.jpg","datePublished":"2025-01-23T08:00:21+00:00","description":"Descubra no webinar do Centro Zaragoza os principais fatores que determinam o valor dos ve\u00edculos usados, incluindo m\u00e9todos de avalia\u00e7\u00e3o","breadcrumb":{"@id":"https:\/\/jornaldasoficinas.com\/pt\/centro-zaragoza-organiza-webinar-sobre-avaliacao-de-usados\/#breadcrumb"},"inLanguage":"pt-PT","potentialAction":[{"@type":"ReadAction","target":["https:\/\/jornaldasoficinas.com\/pt\/centro-zaragoza-organiza-webinar-sobre-avaliacao-de-usados\/"]}]},{"@type":"ImageObject","inLanguage":"pt-PT","@id":"https:\/\/jornaldasoficinas.com\/pt\/centro-zaragoza-organiza-webinar-sobre-avaliacao-de-usados\/#primaryimage","url":"https:\/\/jornaldasoficinas.com\/pt\/wp-content\/uploads\/2025\/01\/Centro-Zaragoza-organiza-webinar-sobre-avaliacao-de-usados.jpg","contentUrl":"https:\/\/jornaldasoficinas.com\/pt\/wp-content\/uploads\/2025\/01\/Centro-Zaragoza-organiza-webinar-sobre-avaliacao-de-usados.jpg","width":1024,"height":581,"caption":"01 - Centro Zaragoza organiza webinar sobre avaliacao de usados"},{"@type":"BreadcrumbList","@id":"https:\/\/jornaldasoficinas.com\/pt\/centro-zaragoza-organiza-webinar-sobre-avaliacao-de-usados\/#breadcrumb","itemListElement":[{"@type":"ListItem","position":1,"name":"In\u00edcio","item":"https:\/\/jornaldasoficinas.com\/pt\/"},{"@type":"ListItem","position":2,"name":"Centro Zaragoza organiza webinar sobre avalia\u00e7\u00e3o de usados"}]},{"@type":"WebSite","@id":"https:\/\/jornaldasoficinas.com\/pt\/#website","url":"https:\/\/jornaldasoficinas.com\/pt\/","name":"Jornal das Oficinas","description":"Jornal independente do Aftermarket Autom\u00f3vel em Portugal","publisher":{"@id":"https:\/\/jornaldasoficinas.com\/pt\/#organization"},"potentialAction":[{"@type":"SearchAction","target":{"@type":"EntryPoint","urlTemplate":"https:\/\/jornaldasoficinas.com\/pt\/?s={search_term_string}"},"query-input":{"@type":"PropertyValueSpecification","valueRequired":true,"valueName":"search_term_string"}}],"inLanguage":"pt-PT"},{"@type":"Organization","@id":"https:\/\/jornaldasoficinas.com\/pt\/#organization","name":"Jornal das Oficinas","url":"https:\/\/jornaldasoficinas.com\/pt\/","logo":{"@type":"ImageObject","inLanguage":"pt-PT","@id":"https:\/\/jornaldasoficinas.com\/pt\/#\/schema\/logo\/image\/","url":"https:\/\/jornaldasoficinas.com\/pt\/wp-content\/uploads\/logoJO-SEO.png","contentUrl":"https:\/\/jornaldasoficinas.com\/pt\/wp-content\/uploads\/logoJO-SEO.png","width":285,"height":450,"caption":"Jornal das Oficinas"},"image":{"@id":"https:\/\/jornaldasoficinas.com\/pt\/#\/schema\/logo\/image\/"},"sameAs":["https:\/\/www.facebook.com\/jornaloficinas","https:\/\/x.com\/jornaloficinas","https:\/\/www.instagram.com\/jornal_oficinas\/","https:\/\/www.linkedin.com\/company\/jornal-das-oficinas\/","https:\/\/www.youtube.com\/channel\/UCbQZBqtcvV-oSQrr7RzINGg"]},{"@type":"Person","@id":"https:\/\/jornaldasoficinas.com\/pt\/#\/schema\/person\/a38eef5de2c41d9e7c9ac10141afddf3","name":"Reda\u00e7\u00e3o JO","image":{"@type":"ImageObject","inLanguage":"pt-PT","@id":"https:\/\/secure.gravatar.com\/avatar\/71f2fa71737ad68a84fea94bc708ddac8ea5b0c4788dc2ad202f3ccb2887742f?s=96&d=wp_user_avatar&r=g","url":"https:\/\/secure.gravatar.com\/avatar\/71f2fa71737ad68a84fea94bc708ddac8ea5b0c4788dc2ad202f3ccb2887742f?s=96&d=wp_user_avatar&r=g","contentUrl":"https:\/\/secure.gravatar.com\/avatar\/71f2fa71737ad68a84fea94bc708ddac8ea5b0c4788dc2ad202f3ccb2887742f?s=96&d=wp_user_avatar&r=g","caption":"Reda\u00e7\u00e3o JO"},"url":"https:\/\/jornaldasoficinas.com\/pt\/author\/joredacao\/"}]}},"_links":{"self":[{"href":"https:\/\/jornaldasoficinas.com\/pt\/wp-json\/wp\/v2\/posts\/96798","targetHints":{"allow":["GET"]}}],"collection":[{"href":"https:\/\/jornaldasoficinas.com\/pt\/wp-json\/wp\/v2\/posts"}],"about":[{"href":"https:\/\/jornaldasoficinas.com\/pt\/wp-json\/wp\/v2\/types\/post"}],"author":[{"embeddable":true,"href":"https:\/\/jornaldasoficinas.com\/pt\/wp-json\/wp\/v2\/users\/15"}],"replies":[{"embeddable":true,"href":"https:\/\/jornaldasoficinas.com\/pt\/wp-json\/wp\/v2\/comments?post=96798"}],"version-history":[{"count":3,"href":"https:\/\/jornaldasoficinas.com\/pt\/wp-json\/wp\/v2\/posts\/96798\/revisions"}],"predecessor-version":[{"id":96802,"href":"https:\/\/jornaldasoficinas.com\/pt\/wp-json\/wp\/v2\/posts\/96798\/revisions\/96802"}],"wp:featuredmedia":[{"embeddable":true,"href":"https:\/\/jornaldasoficinas.com\/pt\/wp-json\/wp\/v2\/media\/96801"}],"wp:attachment":[{"href":"https:\/\/jornaldasoficinas.com\/pt\/wp-json\/wp\/v2\/media?parent=96798"}],"wp:term":[{"taxonomy":"category","embeddable":true,"href":"https:\/\/jornaldasoficinas.com\/pt\/wp-json\/wp\/v2\/categories?post=96798"},{"taxonomy":"post_tag","embeddable":true,"href":"https:\/\/jornaldasoficinas.com\/pt\/wp-json\/wp\/v2\/tags?post=96798"}],"curies":[{"name":"wp","href":"https:\/\/api.w.org\/{rel}","templated":true}]}}