{"id":96875,"date":"2025-01-23T17:00:17","date_gmt":"2025-01-23T17:00:17","guid":{"rendered":"https:\/\/jornaldasoficinas.com\/pt\/?p=96875"},"modified":"2025-01-23T18:31:41","modified_gmt":"2025-01-23T18:31:41","slug":"veiculos-com-mais-de-20-anos-continuam-a-dominar-diz-acap","status":"publish","type":"post","link":"https:\/\/jornaldasoficinas.com\/pt\/veiculos-com-mais-de-20-anos-continuam-a-dominar-diz-acap\/","title":{"rendered":"Ve\u00edculos com mais de 20 anos continuam a dominar"},"content":{"rendered":"<p><strong><img loading=\"lazy\" decoding=\"async\" class=\"alignnone size-full wp-image-96880\" src=\"https:\/\/jornaldasoficinas.com\/pt\/wp-content\/uploads\/2025\/01\/Veiculos-com-mais-de-20-anos-continuam-a-dominar-diz-ACAP.jpg\" alt=\"01 - Veiculos com mais de 20 anos continuam a dominar diz ACAP\" width=\"1024\" height=\"581\" srcset=\"https:\/\/jornaldasoficinas.com\/pt\/wp-content\/uploads\/2025\/01\/Veiculos-com-mais-de-20-anos-continuam-a-dominar-diz-ACAP.jpg 1024w, https:\/\/jornaldasoficinas.com\/pt\/wp-content\/uploads\/2025\/01\/Veiculos-com-mais-de-20-anos-continuam-a-dominar-diz-ACAP-300x170.jpg 300w, https:\/\/jornaldasoficinas.com\/pt\/wp-content\/uploads\/2025\/01\/Veiculos-com-mais-de-20-anos-continuam-a-dominar-diz-ACAP-150x85.jpg 150w, https:\/\/jornaldasoficinas.com\/pt\/wp-content\/uploads\/2025\/01\/Veiculos-com-mais-de-20-anos-continuam-a-dominar-diz-ACAP-768x436.jpg 768w\" sizes=\"auto, (max-width: 1024px) 100vw, 1024px\" \/><\/strong><\/p>\n<p><strong>De acordo com o balan\u00e7o anual apresentado hoje pela <a href=\"https:\/\/acap.pt\/\" target=\"_blank\" rel=\"noopener\">ACAP<\/a> em confer\u00eancia de imprensa, cerca de 1,5 milh\u00f5es de autom\u00f3veis com mais de 20 anos continuaram a circular em Portugal em 2024. Estes dados refletem o envelhecimento do parque autom\u00f3vel nacional, uma tend\u00eancia preocupante no contexto das metas ambientais europeias<\/strong><\/p>\n<p>Apesar de uma maior consciencializa\u00e7\u00e3o na compra de ve\u00edculos novos, o parque autom\u00f3vel portugu\u00eas continua a envelhecer. Segundo o balan\u00e7o anual da ACAP \u2013 Associa\u00e7\u00e3o Autom\u00f3vel de Portugal \u2013, cerca de 1,5 milh\u00f5es de autom\u00f3veis com mais de 20 anos circulavam nas estradas em 2024.<\/p>\n<p>Adicionalmente, a esmagadora maioria dos ve\u00edculos em circula\u00e7\u00e3o continua a ser movida por combust\u00edveis f\u00f3sseis, com apenas 9% da frota composta por ve\u00edculos de energias alternativas. Estes n\u00fameros contrastam com os esfor\u00e7os necess\u00e1rios para atingir os objetivos de descarboniza\u00e7\u00e3o europeus.<\/p>\n<p>A Uni\u00e3o Europeia definiu que, a partir de 2035, apenas ve\u00edculos novos com zero emiss\u00f5es poder\u00e3o ser matriculados. Contudo, para alcan\u00e7ar este objetivo, a ACAP sublinhou a import\u00e2ncia de medidas concretas. H\u00e9lder Pedro, secret\u00e1rio-geral da ACAP e vice-presidente da CCP, defendeu que o regime de incentivo ao abate de ve\u00edculos em fim de vida n\u00e3o correspondeu com as expectativas e de que \u00e9 muito &#8220;fraco&#8221;.<\/p>\n<p>Para atingir as metas da Uni\u00e3o Europeia, a ACAP refor\u00e7ou a import\u00e2ncia de que &#8220;os Governos implementem um sistema de incentivos \u00e0 aquisi\u00e7\u00e3o destes ve\u00edculos e que, por outro lado, se invista numa rede de carregamento robusta para fazer face ao aumento da sua procura&#8221;.<\/p>\n<p>No total, chegaram \u00e0s estradas portuguesas 209.715 novos autom\u00f3veis ligeiros de passageiros em 2024, o que representa um aumento de 5,1% em compara\u00e7\u00e3o com 2023. Os ve\u00edculos movidos a energias alternativas continuam a liderar as matr\u00edculas de autom\u00f3veis ligeiros de passageiros novos, representando 57% do total. Destaque para os ve\u00edculos el\u00e9tricos (BEV), com 41.757 matr\u00edculas nesta categoria, o que corresponde a 20% do total de ligeiros matriculados. Ainda em dezembro de 2024, registou-se um recorde hist\u00f3rico de 5.142 matr\u00edculas de ve\u00edculos el\u00e9tricos, marcando a primeira vez que o mercado alcan\u00e7ou este volume mensal.<\/p>\n<p>Em termos de desempenho europeu, Portugal destacou-se com 19,9% das matr\u00edculas de ligeiros de passageiros el\u00e9tricos, posicionando-se no sexto lugar entre os pa\u00edses da Uni\u00e3o Europeia. Apesar desse avan\u00e7o, a Dinamarca lidera, com uma quota de 51,5%.<\/p>\n<p>Os dados tamb\u00e9m evidenciam a import\u00e2ncia econ\u00f3mica do setor autom\u00f3vel, que contribuiu com 42,6 mil milh\u00f5es de euros para a economia nacional em 2023, representando 7,7% da fatura\u00e7\u00e3o das empresas em Portugal, segundo os dados do <a href=\"https:\/\/www.ine.pt\/\" target=\"_blank\" rel=\"noopener\">INE<\/a>. J\u00e1 em 2024, o setor gerou 10,9 mil milh\u00f5es de euros em receitas fiscais, o equivalente a 17,8% do total de receitas do Estado.<\/p>\n<p>No que respeita \u00e0 produ\u00e7\u00e3o autom\u00f3vel, 2024 registou um dos volumes mais elevados da \u00faltima d\u00e9cada, com 332.546 ve\u00edculos produzidos. Este n\u00famero, embora inferior ao de 2019 (345.688 ve\u00edculos), reflete a recupera\u00e7\u00e3o significativa do setor desde o per\u00edodo da pandemia. A Europa mant\u00e9m-se como o principal destino das exporta\u00e7\u00f5es de ve\u00edculos produzidos em Portugal, representando 87,6% do total.<\/p>\n<div class=\"wonderplugingallery-container\" id=\"wonderplugingallery-container-229\" style=\"max-width:960px;margin:0 auto;\"><div class=\"wonderplugingallery\" id=\"wonderplugingallery-229\" data-galleryid=\"229\" data-width=\"960\" data-height=\"540\" data-skin=\"gallery\" data-playsinline=\"false\" data-mutevideo=\"false\" data-random=\"false\" data-autoslide=\"false\" data-autoplayvideo=\"false\" data-schemamarkup=\"false\" data-stopallplaying=\"false\" data-reloadonvideoend=\"false\" data-donotuseposter=\"false\" data-enabletabindex=\"false\" data-loadnextonvideoend=\"false\" data-hidetitlewhenvideoisplaying=\"false\" data-disablehovereventontouch=\"false\" data-autoslideandplayafterfirstplayed=\"false\" data-html5player=\"true\" data-responsive=\"true\" data-fullwidth=\"false\" data-showtitle=\"true\" data-showdescription=\"true\" data-showplaybutton=\"true\" data-showfullscreenbutton=\"true\" data-showtimer=\"true\" data-showcarousel=\"true\" data-galleryshadow=\"false\" data-slideshadow=\"true\" data-thumbshowtitle=\"false\" data-thumbshowimage=\"true\" data-thumbshadow=\"true\" data-lightboxshowtitle=\"true\" data-lightboxshowdescription=\"true\" data-specifyid=\"true\" data-donotinit=\"false\" data-addinitscript=\"false\" data-triggerresize=\"false\" data-thumbcolumnsresponsive=\"false\" data-thumbverticalmiddle=\"true\" data-removeinlinecss=\"true\" data-switchonmouseover=\"false\" data-showcategory=\"true\" data-carouselpagination=\"false\" data-showimgtitle=\"false\" data-titlesmallscreen=\"false\" data-initsocial=\"true\" data-showsocial=\"false\" data-showemail=\"false\" data-showfacebook=\"true\" data-showtwitter=\"true\" data-showpinterest=\"true\" data-socialrotateeffect=\"true\" data-doshortcodeontext=\"false\" data-loop=\"0\" data-duration=\"1500\" data-slideduration=\"1000\" data-slideshowinterval=\"6000\" data-googleanalyticsaccount=\"\" data-ga4account=\"\" data-resizemode=\"fill\" data-imagetoolboxmode=\"mouseover\" data-effect=\"fade\" data-padding=\"12\" data-bgcolor=\"\" data-bgimage=\"\" data-thumbwidth=\"120\" data-thumbheight=\"60\" data-thumbgap=\"8\" data-thumbrowgap=\"16\" data-lightboxtextheight=\"72\" data-lightboxtitlecss=\"{color:#333333; font:bold 12px Arial,Helvetica,sans-serif; overflow:hidden; white-space:normal; line-height:18px;}\" data-lightboxdescriptioncss=\"{color:#333333; font:normal 12px Arial,Helvetica,sans-serif; overflow:hidden; white-space:normal; line-height:14px;}\" data-titlecss=\"{color:#ffffff; font-size:14px; font-family:Armata, sans-serif, Arial; overflow:hidden; text-align:left; padding:10px 0px 10px 10px; background:rgb(102, 102, 102) transparent; background:rgba(102, 102, 102, 0.6);}\" data-descriptioncss=\"{color:#ffffff; font-size:13px; font-family:Armata, sans-serif, Arial; overflow:hidden; text-align:left; padding:0px 0px 10px 10px; background:rgb(102, 102, 102) transparent; background:rgba(102, 102, 102, 0.6);}\" data-titleheight=\"72\" data-titlesmallscreenwidth=\"640\" data-titleheightsmallscreen=\"148\" data-socialmode=\"mouseover\" data-socialposition=\"position:absolute;top:8px;right:8px;\" data-socialpositionlightbox=\"position:absolute;top:8px;right:8px;\" data-socialdirection=\"horizontal\" data-socialbuttonsize=\"32\" data-socialbuttonfontsize=\"18\" data-defaultvideovolume=\"1\" data-thumbtitleheight=\"24\" data-thumbmediumtitleheight=\"48\" data-thumbsmalltitleheight=\"72\" data-categoryheight=\"48\" data-categorydefault=\"all\" data-triggerresizedelay=\"100\" data-thumbmediumsize=\"800\" data-thumbsmallsize=\"480\" data-thumbmediumwidth=\"64\" data-thumbmediumheight=\"64\" data-thumbsmallwidth=\"48\" data-thumbsmallheight=\"48\" data-imgtitle=\"title\" data-carouselpaginationrow=\"3\" data-categorystyle=\"dropdown\" data-categorylist=\"[{&quot;slug&quot;:&quot;all&quot;,&quot;caption&quot;:&quot;Show All&quot;}]\" data-jsfolder=\"https:\/\/jornaldasoficinas.com\/pt\/wp-content\/plugins\/wonderplugin-gallery\/engine\/\" style=\"display:none;\" ><a class=\"html5galleryimglink\" href=\"https:\/\/jornaldasoficinas.com\/pt\/wp-content\/uploads\/2025\/01\/ACAP\/IMG_0633.jpg\" data-mediatype=1><img decoding=\"async\" class=\"html5galleryimg html5gallery-tn-image\" src=\"https:\/\/jornaldasoficinas.com\/pt\/wp-content\/uploads\/2025\/01\/ACAP\/IMG_0633.jpg\" alt=\"\"><\/a><div class=\"html5gallery-info\"><\/div><a class=\"html5galleryimglink\" href=\"https:\/\/jornaldasoficinas.com\/pt\/wp-content\/uploads\/2025\/01\/ACAP\/IMG_0640.jpg\" data-mediatype=1><img decoding=\"async\" class=\"html5galleryimg html5gallery-tn-image\" src=\"https:\/\/jornaldasoficinas.com\/pt\/wp-content\/uploads\/2025\/01\/ACAP\/IMG_0640.jpg\" alt=\"\"><\/a><div class=\"html5gallery-info\"><\/div><a class=\"html5galleryimglink\" href=\"https:\/\/jornaldasoficinas.com\/pt\/wp-content\/uploads\/2025\/01\/ACAP\/IMG_0647.jpg\" data-mediatype=1><img decoding=\"async\" class=\"html5galleryimg html5gallery-tn-image\" src=\"https:\/\/jornaldasoficinas.com\/pt\/wp-content\/uploads\/2025\/01\/ACAP\/IMG_0647.jpg\" alt=\"\"><\/a><div class=\"html5gallery-info\"><\/div><a class=\"html5galleryimglink\" href=\"https:\/\/jornaldasoficinas.com\/pt\/wp-content\/uploads\/2025\/01\/ACAP\/IMG_0650.jpg\" data-mediatype=1><img decoding=\"async\" class=\"html5galleryimg html5gallery-tn-image\" src=\"https:\/\/jornaldasoficinas.com\/pt\/wp-content\/uploads\/2025\/01\/ACAP\/IMG_0650.jpg\" alt=\"\"><\/a><div class=\"html5gallery-info\"><\/div><\/div><\/div><script>function wondergallery_229_appendcss(csscode) {var head=document.head || document.getElementsByTagName(\"head\")[0];var style=document.createElement(\"style\");head.appendChild(style);style.type=\"text\/css\";if (style.styleSheet){style.styleSheet.cssText=csscode;} else {style.appendChild(document.createTextNode(csscode));}};wondergallery_229_appendcss(\"#wonderplugingallery-229 .html5gallery-cat-selection-229 { \tbox-sizing: border-box; \ttext-align: center; }  #wonderplugingallery-229 .html5gallery-cat-selection-229 select { \tbox-sizing: border-box; \tmargin: 4px auto; }\");<\/script>\n","protected":false},"excerpt":{"rendered":"<p>De acordo com o balan\u00e7o anual&#8230;<\/p>\n","protected":false},"author":15,"featured_media":96880,"comment_status":"closed","ping_status":"closed","sticky":false,"template":"","format":"standard","meta":{"footnotes":""},"categories":[37],"tags":[157,11533,843,11779,4244,1819,11780,89],"class_list":["post-96875","post","type-post","status-publish","format-standard","has-post-thumbnail","hentry","category-mercado","tag-acap","tag-balanco-anual","tag-ine","tag-metas-climaticas","tag-parque-automovel","tag-uniao-europeia","tag-veiculos-com-mais-de-20-anos","tag-veiculos-eletricos"],"yoast_head":"<!-- This site is optimized with the Yoast SEO plugin v27.4 - https:\/\/yoast.com\/product\/yoast-seo-wordpress\/ -->\n<title>Ve\u00edculos com mais de 20 anos continuam a dominar - Jornal das Oficinas<\/title>\n<meta name=\"description\" content=\"De acordo com o balan\u00e7o anual da ACAP, cerca de 1,5 milh\u00f5es de autom\u00f3veis com mais de 20 anos continuaram a circular em Portugal em 2024\" \/>\n<meta name=\"robots\" content=\"index, follow, max-snippet:-1, max-image-preview:large, max-video-preview:-1\" \/>\n<link rel=\"canonical\" href=\"https:\/\/jornaldasoficinas.com\/pt\/veiculos-com-mais-de-20-anos-continuam-a-dominar-diz-acap\/\" \/>\n<meta property=\"og:locale\" content=\"pt_PT\" \/>\n<meta property=\"og:type\" content=\"article\" \/>\n<meta property=\"og:title\" content=\"Ve\u00edculos com mais de 20 anos continuam a dominar - Jornal das Oficinas\" \/>\n<meta property=\"og:description\" content=\"De acordo com o balan\u00e7o anual da ACAP, cerca de 1,5 milh\u00f5es de autom\u00f3veis com mais de 20 anos continuaram a circular em Portugal em 2024\" \/>\n<meta property=\"og:url\" content=\"https:\/\/jornaldasoficinas.com\/pt\/veiculos-com-mais-de-20-anos-continuam-a-dominar-diz-acap\/\" \/>\n<meta property=\"og:site_name\" content=\"Jornal das Oficinas\" \/>\n<meta property=\"article:publisher\" content=\"https:\/\/www.facebook.com\/jornaloficinas\" \/>\n<meta property=\"article:published_time\" content=\"2025-01-23T17:00:17+00:00\" \/>\n<meta property=\"article:modified_time\" content=\"2025-01-23T18:31:41+00:00\" \/>\n<meta property=\"og:image\" content=\"https:\/\/jornaldasoficinas.com\/pt\/wp-content\/uploads\/2025\/01\/Veiculos-com-mais-de-20-anos-continuam-a-dominar-diz-ACAP.jpg\" \/>\n\t<meta property=\"og:image:width\" content=\"1024\" \/>\n\t<meta property=\"og:image:height\" content=\"581\" \/>\n\t<meta property=\"og:image:type\" content=\"image\/jpeg\" \/>\n<meta name=\"author\" content=\"Reda\u00e7\u00e3o JO\" \/>\n<meta name=\"twitter:card\" content=\"summary_large_image\" \/>\n<meta name=\"twitter:creator\" content=\"@jornaloficinas\" \/>\n<meta name=\"twitter:site\" content=\"@jornaloficinas\" \/>\n<meta name=\"twitter:label1\" content=\"Escrito por\" \/>\n\t<meta name=\"twitter:data1\" content=\"Reda\u00e7\u00e3o JO\" \/>\n\t<meta name=\"twitter:label2\" content=\"Tempo estimado de leitura\" \/>\n\t<meta name=\"twitter:data2\" content=\"4 minutos\" \/>\n<script type=\"application\/ld+json\" class=\"yoast-schema-graph\">{\"@context\":\"https:\\\/\\\/schema.org\",\"@graph\":[{\"@type\":\"Article\",\"@id\":\"https:\\\/\\\/jornaldasoficinas.com\\\/pt\\\/veiculos-com-mais-de-20-anos-continuam-a-dominar-diz-acap\\\/#article\",\"isPartOf\":{\"@id\":\"https:\\\/\\\/jornaldasoficinas.com\\\/pt\\\/veiculos-com-mais-de-20-anos-continuam-a-dominar-diz-acap\\\/\"},\"author\":{\"name\":\"Reda\u00e7\u00e3o JO\",\"@id\":\"https:\\\/\\\/jornaldasoficinas.com\\\/pt\\\/#\\\/schema\\\/person\\\/a38eef5de2c41d9e7c9ac10141afddf3\"},\"headline\":\"Ve\u00edculos com mais de 20 anos continuam a dominar\",\"datePublished\":\"2025-01-23T17:00:17+00:00\",\"dateModified\":\"2025-01-23T18:31:41+00:00\",\"mainEntityOfPage\":{\"@id\":\"https:\\\/\\\/jornaldasoficinas.com\\\/pt\\\/veiculos-com-mais-de-20-anos-continuam-a-dominar-diz-acap\\\/\"},\"wordCount\":546,\"publisher\":{\"@id\":\"https:\\\/\\\/jornaldasoficinas.com\\\/pt\\\/#organization\"},\"image\":{\"@id\":\"https:\\\/\\\/jornaldasoficinas.com\\\/pt\\\/veiculos-com-mais-de-20-anos-continuam-a-dominar-diz-acap\\\/#primaryimage\"},\"thumbnailUrl\":\"https:\\\/\\\/jornaldasoficinas.com\\\/pt\\\/wp-content\\\/uploads\\\/2025\\\/01\\\/Veiculos-com-mais-de-20-anos-continuam-a-dominar-diz-ACAP.jpg\",\"keywords\":[\"ACAP\",\"balan\u00e7o anual\",\"INE\",\"metas clim\u00e1ticas\",\"parque autom\u00f3vel\",\"Uni\u00e3o Europeia\",\"ve\u00edculos com mais de 20 anos\",\"Ve\u00edculos el\u00e9tricos\"],\"articleSection\":[\"Mercado\"],\"inLanguage\":\"pt-PT\"},{\"@type\":\"WebPage\",\"@id\":\"https:\\\/\\\/jornaldasoficinas.com\\\/pt\\\/veiculos-com-mais-de-20-anos-continuam-a-dominar-diz-acap\\\/\",\"url\":\"https:\\\/\\\/jornaldasoficinas.com\\\/pt\\\/veiculos-com-mais-de-20-anos-continuam-a-dominar-diz-acap\\\/\",\"name\":\"Ve\u00edculos com mais de 20 anos continuam a dominar - Jornal das Oficinas\",\"isPartOf\":{\"@id\":\"https:\\\/\\\/jornaldasoficinas.com\\\/pt\\\/#website\"},\"primaryImageOfPage\":{\"@id\":\"https:\\\/\\\/jornaldasoficinas.com\\\/pt\\\/veiculos-com-mais-de-20-anos-continuam-a-dominar-diz-acap\\\/#primaryimage\"},\"image\":{\"@id\":\"https:\\\/\\\/jornaldasoficinas.com\\\/pt\\\/veiculos-com-mais-de-20-anos-continuam-a-dominar-diz-acap\\\/#primaryimage\"},\"thumbnailUrl\":\"https:\\\/\\\/jornaldasoficinas.com\\\/pt\\\/wp-content\\\/uploads\\\/2025\\\/01\\\/Veiculos-com-mais-de-20-anos-continuam-a-dominar-diz-ACAP.jpg\",\"datePublished\":\"2025-01-23T17:00:17+00:00\",\"dateModified\":\"2025-01-23T18:31:41+00:00\",\"description\":\"De acordo com o balan\u00e7o anual da ACAP, cerca de 1,5 milh\u00f5es de autom\u00f3veis com mais de 20 anos continuaram a circular em Portugal em 2024\",\"breadcrumb\":{\"@id\":\"https:\\\/\\\/jornaldasoficinas.com\\\/pt\\\/veiculos-com-mais-de-20-anos-continuam-a-dominar-diz-acap\\\/#breadcrumb\"},\"inLanguage\":\"pt-PT\",\"potentialAction\":[{\"@type\":\"ReadAction\",\"target\":[\"https:\\\/\\\/jornaldasoficinas.com\\\/pt\\\/veiculos-com-mais-de-20-anos-continuam-a-dominar-diz-acap\\\/\"]}]},{\"@type\":\"ImageObject\",\"inLanguage\":\"pt-PT\",\"@id\":\"https:\\\/\\\/jornaldasoficinas.com\\\/pt\\\/veiculos-com-mais-de-20-anos-continuam-a-dominar-diz-acap\\\/#primaryimage\",\"url\":\"https:\\\/\\\/jornaldasoficinas.com\\\/pt\\\/wp-content\\\/uploads\\\/2025\\\/01\\\/Veiculos-com-mais-de-20-anos-continuam-a-dominar-diz-ACAP.jpg\",\"contentUrl\":\"https:\\\/\\\/jornaldasoficinas.com\\\/pt\\\/wp-content\\\/uploads\\\/2025\\\/01\\\/Veiculos-com-mais-de-20-anos-continuam-a-dominar-diz-ACAP.jpg\",\"width\":1024,\"height\":581,\"caption\":\"01 - Veiculos com mais de 20 anos continuam a dominar diz ACAP\"},{\"@type\":\"BreadcrumbList\",\"@id\":\"https:\\\/\\\/jornaldasoficinas.com\\\/pt\\\/veiculos-com-mais-de-20-anos-continuam-a-dominar-diz-acap\\\/#breadcrumb\",\"itemListElement\":[{\"@type\":\"ListItem\",\"position\":1,\"name\":\"In\u00edcio\",\"item\":\"https:\\\/\\\/jornaldasoficinas.com\\\/pt\\\/\"},{\"@type\":\"ListItem\",\"position\":2,\"name\":\"Ve\u00edculos com mais de 20 anos continuam a dominar\"}]},{\"@type\":\"WebSite\",\"@id\":\"https:\\\/\\\/jornaldasoficinas.com\\\/pt\\\/#website\",\"url\":\"https:\\\/\\\/jornaldasoficinas.com\\\/pt\\\/\",\"name\":\"Jornal das Oficinas\",\"description\":\"Jornal independente do Aftermarket Autom\u00f3vel em Portugal\",\"publisher\":{\"@id\":\"https:\\\/\\\/jornaldasoficinas.com\\\/pt\\\/#organization\"},\"potentialAction\":[{\"@type\":\"SearchAction\",\"target\":{\"@type\":\"EntryPoint\",\"urlTemplate\":\"https:\\\/\\\/jornaldasoficinas.com\\\/pt\\\/?s={search_term_string}\"},\"query-input\":{\"@type\":\"PropertyValueSpecification\",\"valueRequired\":true,\"valueName\":\"search_term_string\"}}],\"inLanguage\":\"pt-PT\"},{\"@type\":\"Organization\",\"@id\":\"https:\\\/\\\/jornaldasoficinas.com\\\/pt\\\/#organization\",\"name\":\"Jornal das Oficinas\",\"url\":\"https:\\\/\\\/jornaldasoficinas.com\\\/pt\\\/\",\"logo\":{\"@type\":\"ImageObject\",\"inLanguage\":\"pt-PT\",\"@id\":\"https:\\\/\\\/jornaldasoficinas.com\\\/pt\\\/#\\\/schema\\\/logo\\\/image\\\/\",\"url\":\"https:\\\/\\\/jornaldasoficinas.com\\\/pt\\\/wp-content\\\/uploads\\\/logoJO-SEO.png\",\"contentUrl\":\"https:\\\/\\\/jornaldasoficinas.com\\\/pt\\\/wp-content\\\/uploads\\\/logoJO-SEO.png\",\"width\":285,\"height\":450,\"caption\":\"Jornal das Oficinas\"},\"image\":{\"@id\":\"https:\\\/\\\/jornaldasoficinas.com\\\/pt\\\/#\\\/schema\\\/logo\\\/image\\\/\"},\"sameAs\":[\"https:\\\/\\\/www.facebook.com\\\/jornaloficinas\",\"https:\\\/\\\/x.com\\\/jornaloficinas\",\"https:\\\/\\\/www.instagram.com\\\/jornal_oficinas\\\/\",\"https:\\\/\\\/www.linkedin.com\\\/company\\\/jornal-das-oficinas\\\/\",\"https:\\\/\\\/www.youtube.com\\\/channel\\\/UCbQZBqtcvV-oSQrr7RzINGg\"]},{\"@type\":\"Person\",\"@id\":\"https:\\\/\\\/jornaldasoficinas.com\\\/pt\\\/#\\\/schema\\\/person\\\/a38eef5de2c41d9e7c9ac10141afddf3\",\"name\":\"Reda\u00e7\u00e3o JO\",\"image\":{\"@type\":\"ImageObject\",\"inLanguage\":\"pt-PT\",\"@id\":\"https:\\\/\\\/secure.gravatar.com\\\/avatar\\\/71f2fa71737ad68a84fea94bc708ddac8ea5b0c4788dc2ad202f3ccb2887742f?s=96&d=wp_user_avatar&r=g\",\"url\":\"https:\\\/\\\/secure.gravatar.com\\\/avatar\\\/71f2fa71737ad68a84fea94bc708ddac8ea5b0c4788dc2ad202f3ccb2887742f?s=96&d=wp_user_avatar&r=g\",\"contentUrl\":\"https:\\\/\\\/secure.gravatar.com\\\/avatar\\\/71f2fa71737ad68a84fea94bc708ddac8ea5b0c4788dc2ad202f3ccb2887742f?s=96&d=wp_user_avatar&r=g\",\"caption\":\"Reda\u00e7\u00e3o JO\"},\"url\":\"https:\\\/\\\/jornaldasoficinas.com\\\/pt\\\/author\\\/joredacao\\\/\"}]}<\/script>\n<!-- \/ Yoast SEO plugin. -->","yoast_head_json":{"title":"Ve\u00edculos com mais de 20 anos continuam a dominar - Jornal das Oficinas","description":"De acordo com o balan\u00e7o anual da ACAP, cerca de 1,5 milh\u00f5es de autom\u00f3veis com mais de 20 anos continuaram a circular em Portugal em 2024","robots":{"index":"index","follow":"follow","max-snippet":"max-snippet:-1","max-image-preview":"max-image-preview:large","max-video-preview":"max-video-preview:-1"},"canonical":"https:\/\/jornaldasoficinas.com\/pt\/veiculos-com-mais-de-20-anos-continuam-a-dominar-diz-acap\/","og_locale":"pt_PT","og_type":"article","og_title":"Ve\u00edculos com mais de 20 anos continuam a dominar - Jornal das Oficinas","og_description":"De acordo com o balan\u00e7o anual da ACAP, cerca de 1,5 milh\u00f5es de autom\u00f3veis com mais de 20 anos continuaram a circular em Portugal em 2024","og_url":"https:\/\/jornaldasoficinas.com\/pt\/veiculos-com-mais-de-20-anos-continuam-a-dominar-diz-acap\/","og_site_name":"Jornal das Oficinas","article_publisher":"https:\/\/www.facebook.com\/jornaloficinas","article_published_time":"2025-01-23T17:00:17+00:00","article_modified_time":"2025-01-23T18:31:41+00:00","og_image":[{"width":1024,"height":581,"url":"https:\/\/jornaldasoficinas.com\/pt\/wp-content\/uploads\/2025\/01\/Veiculos-com-mais-de-20-anos-continuam-a-dominar-diz-ACAP.jpg","type":"image\/jpeg"}],"author":"Reda\u00e7\u00e3o JO","twitter_card":"summary_large_image","twitter_creator":"@jornaloficinas","twitter_site":"@jornaloficinas","twitter_misc":{"Escrito por":"Reda\u00e7\u00e3o JO","Tempo estimado de leitura":"4 minutos"},"schema":{"@context":"https:\/\/schema.org","@graph":[{"@type":"Article","@id":"https:\/\/jornaldasoficinas.com\/pt\/veiculos-com-mais-de-20-anos-continuam-a-dominar-diz-acap\/#article","isPartOf":{"@id":"https:\/\/jornaldasoficinas.com\/pt\/veiculos-com-mais-de-20-anos-continuam-a-dominar-diz-acap\/"},"author":{"name":"Reda\u00e7\u00e3o JO","@id":"https:\/\/jornaldasoficinas.com\/pt\/#\/schema\/person\/a38eef5de2c41d9e7c9ac10141afddf3"},"headline":"Ve\u00edculos com mais de 20 anos continuam a dominar","datePublished":"2025-01-23T17:00:17+00:00","dateModified":"2025-01-23T18:31:41+00:00","mainEntityOfPage":{"@id":"https:\/\/jornaldasoficinas.com\/pt\/veiculos-com-mais-de-20-anos-continuam-a-dominar-diz-acap\/"},"wordCount":546,"publisher":{"@id":"https:\/\/jornaldasoficinas.com\/pt\/#organization"},"image":{"@id":"https:\/\/jornaldasoficinas.com\/pt\/veiculos-com-mais-de-20-anos-continuam-a-dominar-diz-acap\/#primaryimage"},"thumbnailUrl":"https:\/\/jornaldasoficinas.com\/pt\/wp-content\/uploads\/2025\/01\/Veiculos-com-mais-de-20-anos-continuam-a-dominar-diz-ACAP.jpg","keywords":["ACAP","balan\u00e7o anual","INE","metas clim\u00e1ticas","parque autom\u00f3vel","Uni\u00e3o Europeia","ve\u00edculos com mais de 20 anos","Ve\u00edculos el\u00e9tricos"],"articleSection":["Mercado"],"inLanguage":"pt-PT"},{"@type":"WebPage","@id":"https:\/\/jornaldasoficinas.com\/pt\/veiculos-com-mais-de-20-anos-continuam-a-dominar-diz-acap\/","url":"https:\/\/jornaldasoficinas.com\/pt\/veiculos-com-mais-de-20-anos-continuam-a-dominar-diz-acap\/","name":"Ve\u00edculos com mais de 20 anos continuam a dominar - Jornal das Oficinas","isPartOf":{"@id":"https:\/\/jornaldasoficinas.com\/pt\/#website"},"primaryImageOfPage":{"@id":"https:\/\/jornaldasoficinas.com\/pt\/veiculos-com-mais-de-20-anos-continuam-a-dominar-diz-acap\/#primaryimage"},"image":{"@id":"https:\/\/jornaldasoficinas.com\/pt\/veiculos-com-mais-de-20-anos-continuam-a-dominar-diz-acap\/#primaryimage"},"thumbnailUrl":"https:\/\/jornaldasoficinas.com\/pt\/wp-content\/uploads\/2025\/01\/Veiculos-com-mais-de-20-anos-continuam-a-dominar-diz-ACAP.jpg","datePublished":"2025-01-23T17:00:17+00:00","dateModified":"2025-01-23T18:31:41+00:00","description":"De acordo com o balan\u00e7o anual da ACAP, cerca de 1,5 milh\u00f5es de autom\u00f3veis com mais de 20 anos continuaram a circular em Portugal em 2024","breadcrumb":{"@id":"https:\/\/jornaldasoficinas.com\/pt\/veiculos-com-mais-de-20-anos-continuam-a-dominar-diz-acap\/#breadcrumb"},"inLanguage":"pt-PT","potentialAction":[{"@type":"ReadAction","target":["https:\/\/jornaldasoficinas.com\/pt\/veiculos-com-mais-de-20-anos-continuam-a-dominar-diz-acap\/"]}]},{"@type":"ImageObject","inLanguage":"pt-PT","@id":"https:\/\/jornaldasoficinas.com\/pt\/veiculos-com-mais-de-20-anos-continuam-a-dominar-diz-acap\/#primaryimage","url":"https:\/\/jornaldasoficinas.com\/pt\/wp-content\/uploads\/2025\/01\/Veiculos-com-mais-de-20-anos-continuam-a-dominar-diz-ACAP.jpg","contentUrl":"https:\/\/jornaldasoficinas.com\/pt\/wp-content\/uploads\/2025\/01\/Veiculos-com-mais-de-20-anos-continuam-a-dominar-diz-ACAP.jpg","width":1024,"height":581,"caption":"01 - Veiculos com mais de 20 anos continuam a dominar diz ACAP"},{"@type":"BreadcrumbList","@id":"https:\/\/jornaldasoficinas.com\/pt\/veiculos-com-mais-de-20-anos-continuam-a-dominar-diz-acap\/#breadcrumb","itemListElement":[{"@type":"ListItem","position":1,"name":"In\u00edcio","item":"https:\/\/jornaldasoficinas.com\/pt\/"},{"@type":"ListItem","position":2,"name":"Ve\u00edculos com mais de 20 anos continuam a dominar"}]},{"@type":"WebSite","@id":"https:\/\/jornaldasoficinas.com\/pt\/#website","url":"https:\/\/jornaldasoficinas.com\/pt\/","name":"Jornal das Oficinas","description":"Jornal independente do Aftermarket Autom\u00f3vel em Portugal","publisher":{"@id":"https:\/\/jornaldasoficinas.com\/pt\/#organization"},"potentialAction":[{"@type":"SearchAction","target":{"@type":"EntryPoint","urlTemplate":"https:\/\/jornaldasoficinas.com\/pt\/?s={search_term_string}"},"query-input":{"@type":"PropertyValueSpecification","valueRequired":true,"valueName":"search_term_string"}}],"inLanguage":"pt-PT"},{"@type":"Organization","@id":"https:\/\/jornaldasoficinas.com\/pt\/#organization","name":"Jornal das Oficinas","url":"https:\/\/jornaldasoficinas.com\/pt\/","logo":{"@type":"ImageObject","inLanguage":"pt-PT","@id":"https:\/\/jornaldasoficinas.com\/pt\/#\/schema\/logo\/image\/","url":"https:\/\/jornaldasoficinas.com\/pt\/wp-content\/uploads\/logoJO-SEO.png","contentUrl":"https:\/\/jornaldasoficinas.com\/pt\/wp-content\/uploads\/logoJO-SEO.png","width":285,"height":450,"caption":"Jornal das Oficinas"},"image":{"@id":"https:\/\/jornaldasoficinas.com\/pt\/#\/schema\/logo\/image\/"},"sameAs":["https:\/\/www.facebook.com\/jornaloficinas","https:\/\/x.com\/jornaloficinas","https:\/\/www.instagram.com\/jornal_oficinas\/","https:\/\/www.linkedin.com\/company\/jornal-das-oficinas\/","https:\/\/www.youtube.com\/channel\/UCbQZBqtcvV-oSQrr7RzINGg"]},{"@type":"Person","@id":"https:\/\/jornaldasoficinas.com\/pt\/#\/schema\/person\/a38eef5de2c41d9e7c9ac10141afddf3","name":"Reda\u00e7\u00e3o JO","image":{"@type":"ImageObject","inLanguage":"pt-PT","@id":"https:\/\/secure.gravatar.com\/avatar\/71f2fa71737ad68a84fea94bc708ddac8ea5b0c4788dc2ad202f3ccb2887742f?s=96&d=wp_user_avatar&r=g","url":"https:\/\/secure.gravatar.com\/avatar\/71f2fa71737ad68a84fea94bc708ddac8ea5b0c4788dc2ad202f3ccb2887742f?s=96&d=wp_user_avatar&r=g","contentUrl":"https:\/\/secure.gravatar.com\/avatar\/71f2fa71737ad68a84fea94bc708ddac8ea5b0c4788dc2ad202f3ccb2887742f?s=96&d=wp_user_avatar&r=g","caption":"Reda\u00e7\u00e3o JO"},"url":"https:\/\/jornaldasoficinas.com\/pt\/author\/joredacao\/"}]}},"_links":{"self":[{"href":"https:\/\/jornaldasoficinas.com\/pt\/wp-json\/wp\/v2\/posts\/96875","targetHints":{"allow":["GET"]}}],"collection":[{"href":"https:\/\/jornaldasoficinas.com\/pt\/wp-json\/wp\/v2\/posts"}],"about":[{"href":"https:\/\/jornaldasoficinas.com\/pt\/wp-json\/wp\/v2\/types\/post"}],"author":[{"embeddable":true,"href":"https:\/\/jornaldasoficinas.com\/pt\/wp-json\/wp\/v2\/users\/15"}],"replies":[{"embeddable":true,"href":"https:\/\/jornaldasoficinas.com\/pt\/wp-json\/wp\/v2\/comments?post=96875"}],"version-history":[{"count":9,"href":"https:\/\/jornaldasoficinas.com\/pt\/wp-json\/wp\/v2\/posts\/96875\/revisions"}],"predecessor-version":[{"id":96908,"href":"https:\/\/jornaldasoficinas.com\/pt\/wp-json\/wp\/v2\/posts\/96875\/revisions\/96908"}],"wp:featuredmedia":[{"embeddable":true,"href":"https:\/\/jornaldasoficinas.com\/pt\/wp-json\/wp\/v2\/media\/96880"}],"wp:attachment":[{"href":"https:\/\/jornaldasoficinas.com\/pt\/wp-json\/wp\/v2\/media?parent=96875"}],"wp:term":[{"taxonomy":"category","embeddable":true,"href":"https:\/\/jornaldasoficinas.com\/pt\/wp-json\/wp\/v2\/categories?post=96875"},{"taxonomy":"post_tag","embeddable":true,"href":"https:\/\/jornaldasoficinas.com\/pt\/wp-json\/wp\/v2\/tags?post=96875"}],"curies":[{"name":"wp","href":"https:\/\/api.w.org\/{rel}","templated":true}]}}