{"id":97263,"date":"2025-01-30T21:00:55","date_gmt":"2025-01-30T21:00:55","guid":{"rendered":"https:\/\/jornaldasoficinas.com\/pt\/?p=97263"},"modified":"2025-01-30T21:08:08","modified_gmt":"2025-01-30T21:08:08","slug":"internacionalizacao-aftermarket-ab-tyres-e-bomboleo","status":"publish","type":"post","link":"https:\/\/jornaldasoficinas.com\/pt\/internacionalizacao-aftermarket-ab-tyres-e-bomboleo\/","title":{"rendered":"&#8220;Internacionaliza\u00e7\u00e3o Aftermarket&#8221;, AB Tyres e Bomb\u00f3leo"},"content":{"rendered":"<p><img loading=\"lazy\" decoding=\"async\" class=\"alignnone size-full wp-image-97262\" src=\"https:\/\/jornaldasoficinas.com\/pt\/wp-content\/uploads\/2025\/01\/Internacionalizacao-Empresas-do-Aftermarket-AB-Tyres-e-Bomboleo.jpg\" alt=\"01 - Internacionalizacao Empresas do Aftermarket AB Tyres e Bomboleo\" width=\"1024\" height=\"581\" srcset=\"https:\/\/jornaldasoficinas.com\/pt\/wp-content\/uploads\/2025\/01\/Internacionalizacao-Empresas-do-Aftermarket-AB-Tyres-e-Bomboleo.jpg 1024w, https:\/\/jornaldasoficinas.com\/pt\/wp-content\/uploads\/2025\/01\/Internacionalizacao-Empresas-do-Aftermarket-AB-Tyres-e-Bomboleo-300x170.jpg 300w, https:\/\/jornaldasoficinas.com\/pt\/wp-content\/uploads\/2025\/01\/Internacionalizacao-Empresas-do-Aftermarket-AB-Tyres-e-Bomboleo-150x85.jpg 150w, https:\/\/jornaldasoficinas.com\/pt\/wp-content\/uploads\/2025\/01\/Internacionalizacao-Empresas-do-Aftermarket-AB-Tyres-e-Bomboleo-768x436.jpg 768w\" sizes=\"auto, (max-width: 1024px) 100vw, 1024px\" \/><\/p>\n<p><strong>Bem vindos a mais um podcast do &#8220;Dar Voz ao Aftermarket&#8221; sob o tema &#8220;Internacionaliza\u00e7\u00e3o das Empresas do Aftermarket&#8221;. Esta semana, fal\u00e1mos com dois novos convidados, foram eles Filipe Bandeira, da <a href=\"https:\/\/www.abtyres.pt\/pt\/\" target=\"_blank\" rel=\"noopener\">AB Tyres<\/a> e Paulo Marques, da <a href=\"https:\/\/www.bomboleo.com\/\" target=\"_blank\" rel=\"noopener\">Bomb\u00f3leo<\/a>. Quisemos saber qual a posi\u00e7\u00e3o destas empresas no mercado internacional, bem como as dificuldades que enfrentam nestes mercados. Fique a par de toda a conversa, aqui, no <a href=\"https:\/\/open.spotify.com\/episode\/21Nqk6I89mp9KcryRmvyOj?si=6728e735c626458c\" target=\"_blank\" rel=\"noopener\">Spotify<\/a> e nas nossas redes sociais.\u00a0<\/strong><\/p>\n<p><strong>At\u00e9 para a semana!<\/strong><br \/>\n<iframe style=\"border-radius:12px\" src=\"https:\/\/open.spotify.com\/embed\/episode\/21Nqk6I89mp9KcryRmvyOj?utm_source=generator&#038;theme=0\" width=\"100%\" height=\"152\" frameBorder=\"0\" allowfullscreen=\"\" allow=\"autoplay; clipboard-write; encrypted-media; fullscreen; picture-in-picture\" loading=\"lazy\"><\/iframe><\/p>\n","protected":false},"excerpt":{"rendered":"<p>Bem vindos a mais um podcast&#8230;<\/p>\n","protected":false},"author":15,"featured_media":97262,"comment_status":"closed","ping_status":"closed","sticky":false,"template":"","format":"standard","meta":{"footnotes":""},"categories":[2803],"tags":[7011,93,3161,11789,7143,11788,4298,7141],"class_list":["post-97263","post","type-post","status-publish","format-standard","has-post-thumbnail","hentry","category-podcasts","tag-ab-tyres","tag-bomboleo","tag-dar-voz-ao-aftermarket","tag-empresas-aftermarket","tag-filipe-bandeira","tag-internacionalizacao-aftermarket","tag-jo-podcast","tag-paulo-marques"],"yoast_head":"<!-- This site is optimized with the Yoast SEO plugin v27.4 - https:\/\/yoast.com\/product\/yoast-seo-wordpress\/ -->\n<title>&quot;Internacionaliza\u00e7\u00e3o Aftermarket&quot;, AB Tyres e Bomb\u00f3leo - Jornal das Oficinas<\/title>\n<meta name=\"description\" content=\"Esta semana, fal\u00e1mos com dois novos convidados, foram eles Filipe Bandeira, da AB Tyres e Paulo Marques, da Bomb\u00f3leo\" \/>\n<meta name=\"robots\" content=\"index, follow, max-snippet:-1, max-image-preview:large, max-video-preview:-1\" \/>\n<link rel=\"canonical\" href=\"https:\/\/jornaldasoficinas.com\/pt\/internacionalizacao-aftermarket-ab-tyres-e-bomboleo\/\" \/>\n<meta property=\"og:locale\" content=\"pt_PT\" \/>\n<meta property=\"og:type\" content=\"article\" \/>\n<meta property=\"og:title\" content=\"&quot;Internacionaliza\u00e7\u00e3o Aftermarket&quot;, AB Tyres e Bomb\u00f3leo - Jornal das Oficinas\" \/>\n<meta property=\"og:description\" content=\"Esta semana, fal\u00e1mos com dois novos convidados, foram eles Filipe Bandeira, da AB Tyres e Paulo Marques, da Bomb\u00f3leo\" \/>\n<meta property=\"og:url\" content=\"https:\/\/jornaldasoficinas.com\/pt\/internacionalizacao-aftermarket-ab-tyres-e-bomboleo\/\" \/>\n<meta property=\"og:site_name\" content=\"Jornal das Oficinas\" \/>\n<meta property=\"article:publisher\" content=\"https:\/\/www.facebook.com\/jornaloficinas\" \/>\n<meta property=\"article:published_time\" content=\"2025-01-30T21:00:55+00:00\" \/>\n<meta property=\"article:modified_time\" content=\"2025-01-30T21:08:08+00:00\" \/>\n<meta property=\"og:image\" content=\"https:\/\/jornaldasoficinas.com\/pt\/wp-content\/uploads\/2025\/01\/Internacionalizacao-Empresas-do-Aftermarket-AB-Tyres-e-Bomboleo.jpg\" \/>\n\t<meta property=\"og:image:width\" content=\"1024\" \/>\n\t<meta property=\"og:image:height\" content=\"581\" \/>\n\t<meta property=\"og:image:type\" content=\"image\/jpeg\" \/>\n<meta name=\"author\" content=\"Reda\u00e7\u00e3o JO\" \/>\n<meta name=\"twitter:card\" content=\"summary_large_image\" \/>\n<meta name=\"twitter:creator\" content=\"@jornaloficinas\" \/>\n<meta name=\"twitter:site\" content=\"@jornaloficinas\" \/>\n<meta name=\"twitter:label1\" content=\"Escrito por\" \/>\n\t<meta name=\"twitter:data1\" content=\"Reda\u00e7\u00e3o JO\" \/>\n\t<meta name=\"twitter:label2\" content=\"Tempo estimado de leitura\" \/>\n\t<meta name=\"twitter:data2\" content=\"1 minuto\" \/>\n<script type=\"application\/ld+json\" class=\"yoast-schema-graph\">{\"@context\":\"https:\\\/\\\/schema.org\",\"@graph\":[{\"@type\":\"Article\",\"@id\":\"https:\\\/\\\/jornaldasoficinas.com\\\/pt\\\/internacionalizacao-aftermarket-ab-tyres-e-bomboleo\\\/#article\",\"isPartOf\":{\"@id\":\"https:\\\/\\\/jornaldasoficinas.com\\\/pt\\\/internacionalizacao-aftermarket-ab-tyres-e-bomboleo\\\/\"},\"author\":{\"name\":\"Reda\u00e7\u00e3o JO\",\"@id\":\"https:\\\/\\\/jornaldasoficinas.com\\\/pt\\\/#\\\/schema\\\/person\\\/a38eef5de2c41d9e7c9ac10141afddf3\"},\"headline\":\"&#8220;Internacionaliza\u00e7\u00e3o Aftermarket&#8221;, AB Tyres e Bomb\u00f3leo\",\"datePublished\":\"2025-01-30T21:00:55+00:00\",\"dateModified\":\"2025-01-30T21:08:08+00:00\",\"mainEntityOfPage\":{\"@id\":\"https:\\\/\\\/jornaldasoficinas.com\\\/pt\\\/internacionalizacao-aftermarket-ab-tyres-e-bomboleo\\\/\"},\"wordCount\":87,\"publisher\":{\"@id\":\"https:\\\/\\\/jornaldasoficinas.com\\\/pt\\\/#organization\"},\"image\":{\"@id\":\"https:\\\/\\\/jornaldasoficinas.com\\\/pt\\\/internacionalizacao-aftermarket-ab-tyres-e-bomboleo\\\/#primaryimage\"},\"thumbnailUrl\":\"https:\\\/\\\/jornaldasoficinas.com\\\/pt\\\/wp-content\\\/uploads\\\/2025\\\/01\\\/Internacionalizacao-Empresas-do-Aftermarket-AB-Tyres-e-Bomboleo.jpg\",\"keywords\":[\"AB Tyres\",\"Bomb\u00f3leo\",\"Dar Voz ao Aftermarket\",\"Empresas Aftermarket\",\"Filipe Bandeira\",\"Internacionaliza\u00e7\u00e3o Aftermarket\",\"JO Podcast\",\"Paulo Marques\"],\"articleSection\":[\"Podcasts\"],\"inLanguage\":\"pt-PT\"},{\"@type\":\"WebPage\",\"@id\":\"https:\\\/\\\/jornaldasoficinas.com\\\/pt\\\/internacionalizacao-aftermarket-ab-tyres-e-bomboleo\\\/\",\"url\":\"https:\\\/\\\/jornaldasoficinas.com\\\/pt\\\/internacionalizacao-aftermarket-ab-tyres-e-bomboleo\\\/\",\"name\":\"\\\"Internacionaliza\u00e7\u00e3o Aftermarket\\\", AB Tyres e Bomb\u00f3leo - Jornal das Oficinas\",\"isPartOf\":{\"@id\":\"https:\\\/\\\/jornaldasoficinas.com\\\/pt\\\/#website\"},\"primaryImageOfPage\":{\"@id\":\"https:\\\/\\\/jornaldasoficinas.com\\\/pt\\\/internacionalizacao-aftermarket-ab-tyres-e-bomboleo\\\/#primaryimage\"},\"image\":{\"@id\":\"https:\\\/\\\/jornaldasoficinas.com\\\/pt\\\/internacionalizacao-aftermarket-ab-tyres-e-bomboleo\\\/#primaryimage\"},\"thumbnailUrl\":\"https:\\\/\\\/jornaldasoficinas.com\\\/pt\\\/wp-content\\\/uploads\\\/2025\\\/01\\\/Internacionalizacao-Empresas-do-Aftermarket-AB-Tyres-e-Bomboleo.jpg\",\"datePublished\":\"2025-01-30T21:00:55+00:00\",\"dateModified\":\"2025-01-30T21:08:08+00:00\",\"description\":\"Esta semana, fal\u00e1mos com dois novos convidados, foram eles Filipe Bandeira, da AB Tyres e Paulo Marques, da Bomb\u00f3leo\",\"breadcrumb\":{\"@id\":\"https:\\\/\\\/jornaldasoficinas.com\\\/pt\\\/internacionalizacao-aftermarket-ab-tyres-e-bomboleo\\\/#breadcrumb\"},\"inLanguage\":\"pt-PT\",\"potentialAction\":[{\"@type\":\"ReadAction\",\"target\":[\"https:\\\/\\\/jornaldasoficinas.com\\\/pt\\\/internacionalizacao-aftermarket-ab-tyres-e-bomboleo\\\/\"]}]},{\"@type\":\"ImageObject\",\"inLanguage\":\"pt-PT\",\"@id\":\"https:\\\/\\\/jornaldasoficinas.com\\\/pt\\\/internacionalizacao-aftermarket-ab-tyres-e-bomboleo\\\/#primaryimage\",\"url\":\"https:\\\/\\\/jornaldasoficinas.com\\\/pt\\\/wp-content\\\/uploads\\\/2025\\\/01\\\/Internacionalizacao-Empresas-do-Aftermarket-AB-Tyres-e-Bomboleo.jpg\",\"contentUrl\":\"https:\\\/\\\/jornaldasoficinas.com\\\/pt\\\/wp-content\\\/uploads\\\/2025\\\/01\\\/Internacionalizacao-Empresas-do-Aftermarket-AB-Tyres-e-Bomboleo.jpg\",\"width\":1024,\"height\":581,\"caption\":\"01 - Internacionalizacao Empresas do Aftermarket AB Tyres e Bomboleo\"},{\"@type\":\"BreadcrumbList\",\"@id\":\"https:\\\/\\\/jornaldasoficinas.com\\\/pt\\\/internacionalizacao-aftermarket-ab-tyres-e-bomboleo\\\/#breadcrumb\",\"itemListElement\":[{\"@type\":\"ListItem\",\"position\":1,\"name\":\"In\u00edcio\",\"item\":\"https:\\\/\\\/jornaldasoficinas.com\\\/pt\\\/\"},{\"@type\":\"ListItem\",\"position\":2,\"name\":\"&#8220;Internacionaliza\u00e7\u00e3o Aftermarket&#8221;, AB Tyres e Bomb\u00f3leo\"}]},{\"@type\":\"WebSite\",\"@id\":\"https:\\\/\\\/jornaldasoficinas.com\\\/pt\\\/#website\",\"url\":\"https:\\\/\\\/jornaldasoficinas.com\\\/pt\\\/\",\"name\":\"Jornal das Oficinas\",\"description\":\"Jornal independente do Aftermarket Autom\u00f3vel em Portugal\",\"publisher\":{\"@id\":\"https:\\\/\\\/jornaldasoficinas.com\\\/pt\\\/#organization\"},\"potentialAction\":[{\"@type\":\"SearchAction\",\"target\":{\"@type\":\"EntryPoint\",\"urlTemplate\":\"https:\\\/\\\/jornaldasoficinas.com\\\/pt\\\/?s={search_term_string}\"},\"query-input\":{\"@type\":\"PropertyValueSpecification\",\"valueRequired\":true,\"valueName\":\"search_term_string\"}}],\"inLanguage\":\"pt-PT\"},{\"@type\":\"Organization\",\"@id\":\"https:\\\/\\\/jornaldasoficinas.com\\\/pt\\\/#organization\",\"name\":\"Jornal das Oficinas\",\"url\":\"https:\\\/\\\/jornaldasoficinas.com\\\/pt\\\/\",\"logo\":{\"@type\":\"ImageObject\",\"inLanguage\":\"pt-PT\",\"@id\":\"https:\\\/\\\/jornaldasoficinas.com\\\/pt\\\/#\\\/schema\\\/logo\\\/image\\\/\",\"url\":\"https:\\\/\\\/jornaldasoficinas.com\\\/pt\\\/wp-content\\\/uploads\\\/logoJO-SEO.png\",\"contentUrl\":\"https:\\\/\\\/jornaldasoficinas.com\\\/pt\\\/wp-content\\\/uploads\\\/logoJO-SEO.png\",\"width\":285,\"height\":450,\"caption\":\"Jornal das Oficinas\"},\"image\":{\"@id\":\"https:\\\/\\\/jornaldasoficinas.com\\\/pt\\\/#\\\/schema\\\/logo\\\/image\\\/\"},\"sameAs\":[\"https:\\\/\\\/www.facebook.com\\\/jornaloficinas\",\"https:\\\/\\\/x.com\\\/jornaloficinas\",\"https:\\\/\\\/www.instagram.com\\\/jornal_oficinas\\\/\",\"https:\\\/\\\/www.linkedin.com\\\/company\\\/jornal-das-oficinas\\\/\",\"https:\\\/\\\/www.youtube.com\\\/channel\\\/UCbQZBqtcvV-oSQrr7RzINGg\"]},{\"@type\":\"Person\",\"@id\":\"https:\\\/\\\/jornaldasoficinas.com\\\/pt\\\/#\\\/schema\\\/person\\\/a38eef5de2c41d9e7c9ac10141afddf3\",\"name\":\"Reda\u00e7\u00e3o JO\",\"image\":{\"@type\":\"ImageObject\",\"inLanguage\":\"pt-PT\",\"@id\":\"https:\\\/\\\/secure.gravatar.com\\\/avatar\\\/71f2fa71737ad68a84fea94bc708ddac8ea5b0c4788dc2ad202f3ccb2887742f?s=96&d=wp_user_avatar&r=g\",\"url\":\"https:\\\/\\\/secure.gravatar.com\\\/avatar\\\/71f2fa71737ad68a84fea94bc708ddac8ea5b0c4788dc2ad202f3ccb2887742f?s=96&d=wp_user_avatar&r=g\",\"contentUrl\":\"https:\\\/\\\/secure.gravatar.com\\\/avatar\\\/71f2fa71737ad68a84fea94bc708ddac8ea5b0c4788dc2ad202f3ccb2887742f?s=96&d=wp_user_avatar&r=g\",\"caption\":\"Reda\u00e7\u00e3o JO\"},\"url\":\"https:\\\/\\\/jornaldasoficinas.com\\\/pt\\\/author\\\/joredacao\\\/\"}]}<\/script>\n<!-- \/ Yoast SEO plugin. -->","yoast_head_json":{"title":"\"Internacionaliza\u00e7\u00e3o Aftermarket\", AB Tyres e Bomb\u00f3leo - Jornal das Oficinas","description":"Esta semana, fal\u00e1mos com dois novos convidados, foram eles Filipe Bandeira, da AB Tyres e Paulo Marques, da Bomb\u00f3leo","robots":{"index":"index","follow":"follow","max-snippet":"max-snippet:-1","max-image-preview":"max-image-preview:large","max-video-preview":"max-video-preview:-1"},"canonical":"https:\/\/jornaldasoficinas.com\/pt\/internacionalizacao-aftermarket-ab-tyres-e-bomboleo\/","og_locale":"pt_PT","og_type":"article","og_title":"\"Internacionaliza\u00e7\u00e3o Aftermarket\", AB Tyres e Bomb\u00f3leo - Jornal das Oficinas","og_description":"Esta semana, fal\u00e1mos com dois novos convidados, foram eles Filipe Bandeira, da AB Tyres e Paulo Marques, da Bomb\u00f3leo","og_url":"https:\/\/jornaldasoficinas.com\/pt\/internacionalizacao-aftermarket-ab-tyres-e-bomboleo\/","og_site_name":"Jornal das Oficinas","article_publisher":"https:\/\/www.facebook.com\/jornaloficinas","article_published_time":"2025-01-30T21:00:55+00:00","article_modified_time":"2025-01-30T21:08:08+00:00","og_image":[{"width":1024,"height":581,"url":"https:\/\/jornaldasoficinas.com\/pt\/wp-content\/uploads\/2025\/01\/Internacionalizacao-Empresas-do-Aftermarket-AB-Tyres-e-Bomboleo.jpg","type":"image\/jpeg"}],"author":"Reda\u00e7\u00e3o JO","twitter_card":"summary_large_image","twitter_creator":"@jornaloficinas","twitter_site":"@jornaloficinas","twitter_misc":{"Escrito por":"Reda\u00e7\u00e3o JO","Tempo estimado de leitura":"1 minuto"},"schema":{"@context":"https:\/\/schema.org","@graph":[{"@type":"Article","@id":"https:\/\/jornaldasoficinas.com\/pt\/internacionalizacao-aftermarket-ab-tyres-e-bomboleo\/#article","isPartOf":{"@id":"https:\/\/jornaldasoficinas.com\/pt\/internacionalizacao-aftermarket-ab-tyres-e-bomboleo\/"},"author":{"name":"Reda\u00e7\u00e3o JO","@id":"https:\/\/jornaldasoficinas.com\/pt\/#\/schema\/person\/a38eef5de2c41d9e7c9ac10141afddf3"},"headline":"&#8220;Internacionaliza\u00e7\u00e3o Aftermarket&#8221;, AB Tyres e Bomb\u00f3leo","datePublished":"2025-01-30T21:00:55+00:00","dateModified":"2025-01-30T21:08:08+00:00","mainEntityOfPage":{"@id":"https:\/\/jornaldasoficinas.com\/pt\/internacionalizacao-aftermarket-ab-tyres-e-bomboleo\/"},"wordCount":87,"publisher":{"@id":"https:\/\/jornaldasoficinas.com\/pt\/#organization"},"image":{"@id":"https:\/\/jornaldasoficinas.com\/pt\/internacionalizacao-aftermarket-ab-tyres-e-bomboleo\/#primaryimage"},"thumbnailUrl":"https:\/\/jornaldasoficinas.com\/pt\/wp-content\/uploads\/2025\/01\/Internacionalizacao-Empresas-do-Aftermarket-AB-Tyres-e-Bomboleo.jpg","keywords":["AB Tyres","Bomb\u00f3leo","Dar Voz ao Aftermarket","Empresas Aftermarket","Filipe Bandeira","Internacionaliza\u00e7\u00e3o Aftermarket","JO Podcast","Paulo Marques"],"articleSection":["Podcasts"],"inLanguage":"pt-PT"},{"@type":"WebPage","@id":"https:\/\/jornaldasoficinas.com\/pt\/internacionalizacao-aftermarket-ab-tyres-e-bomboleo\/","url":"https:\/\/jornaldasoficinas.com\/pt\/internacionalizacao-aftermarket-ab-tyres-e-bomboleo\/","name":"\"Internacionaliza\u00e7\u00e3o Aftermarket\", AB Tyres e Bomb\u00f3leo - Jornal das Oficinas","isPartOf":{"@id":"https:\/\/jornaldasoficinas.com\/pt\/#website"},"primaryImageOfPage":{"@id":"https:\/\/jornaldasoficinas.com\/pt\/internacionalizacao-aftermarket-ab-tyres-e-bomboleo\/#primaryimage"},"image":{"@id":"https:\/\/jornaldasoficinas.com\/pt\/internacionalizacao-aftermarket-ab-tyres-e-bomboleo\/#primaryimage"},"thumbnailUrl":"https:\/\/jornaldasoficinas.com\/pt\/wp-content\/uploads\/2025\/01\/Internacionalizacao-Empresas-do-Aftermarket-AB-Tyres-e-Bomboleo.jpg","datePublished":"2025-01-30T21:00:55+00:00","dateModified":"2025-01-30T21:08:08+00:00","description":"Esta semana, fal\u00e1mos com dois novos convidados, foram eles Filipe Bandeira, da AB Tyres e Paulo Marques, da Bomb\u00f3leo","breadcrumb":{"@id":"https:\/\/jornaldasoficinas.com\/pt\/internacionalizacao-aftermarket-ab-tyres-e-bomboleo\/#breadcrumb"},"inLanguage":"pt-PT","potentialAction":[{"@type":"ReadAction","target":["https:\/\/jornaldasoficinas.com\/pt\/internacionalizacao-aftermarket-ab-tyres-e-bomboleo\/"]}]},{"@type":"ImageObject","inLanguage":"pt-PT","@id":"https:\/\/jornaldasoficinas.com\/pt\/internacionalizacao-aftermarket-ab-tyres-e-bomboleo\/#primaryimage","url":"https:\/\/jornaldasoficinas.com\/pt\/wp-content\/uploads\/2025\/01\/Internacionalizacao-Empresas-do-Aftermarket-AB-Tyres-e-Bomboleo.jpg","contentUrl":"https:\/\/jornaldasoficinas.com\/pt\/wp-content\/uploads\/2025\/01\/Internacionalizacao-Empresas-do-Aftermarket-AB-Tyres-e-Bomboleo.jpg","width":1024,"height":581,"caption":"01 - Internacionalizacao Empresas do Aftermarket AB Tyres e Bomboleo"},{"@type":"BreadcrumbList","@id":"https:\/\/jornaldasoficinas.com\/pt\/internacionalizacao-aftermarket-ab-tyres-e-bomboleo\/#breadcrumb","itemListElement":[{"@type":"ListItem","position":1,"name":"In\u00edcio","item":"https:\/\/jornaldasoficinas.com\/pt\/"},{"@type":"ListItem","position":2,"name":"&#8220;Internacionaliza\u00e7\u00e3o Aftermarket&#8221;, AB Tyres e Bomb\u00f3leo"}]},{"@type":"WebSite","@id":"https:\/\/jornaldasoficinas.com\/pt\/#website","url":"https:\/\/jornaldasoficinas.com\/pt\/","name":"Jornal das Oficinas","description":"Jornal independente do Aftermarket Autom\u00f3vel em Portugal","publisher":{"@id":"https:\/\/jornaldasoficinas.com\/pt\/#organization"},"potentialAction":[{"@type":"SearchAction","target":{"@type":"EntryPoint","urlTemplate":"https:\/\/jornaldasoficinas.com\/pt\/?s={search_term_string}"},"query-input":{"@type":"PropertyValueSpecification","valueRequired":true,"valueName":"search_term_string"}}],"inLanguage":"pt-PT"},{"@type":"Organization","@id":"https:\/\/jornaldasoficinas.com\/pt\/#organization","name":"Jornal das Oficinas","url":"https:\/\/jornaldasoficinas.com\/pt\/","logo":{"@type":"ImageObject","inLanguage":"pt-PT","@id":"https:\/\/jornaldasoficinas.com\/pt\/#\/schema\/logo\/image\/","url":"https:\/\/jornaldasoficinas.com\/pt\/wp-content\/uploads\/logoJO-SEO.png","contentUrl":"https:\/\/jornaldasoficinas.com\/pt\/wp-content\/uploads\/logoJO-SEO.png","width":285,"height":450,"caption":"Jornal das Oficinas"},"image":{"@id":"https:\/\/jornaldasoficinas.com\/pt\/#\/schema\/logo\/image\/"},"sameAs":["https:\/\/www.facebook.com\/jornaloficinas","https:\/\/x.com\/jornaloficinas","https:\/\/www.instagram.com\/jornal_oficinas\/","https:\/\/www.linkedin.com\/company\/jornal-das-oficinas\/","https:\/\/www.youtube.com\/channel\/UCbQZBqtcvV-oSQrr7RzINGg"]},{"@type":"Person","@id":"https:\/\/jornaldasoficinas.com\/pt\/#\/schema\/person\/a38eef5de2c41d9e7c9ac10141afddf3","name":"Reda\u00e7\u00e3o JO","image":{"@type":"ImageObject","inLanguage":"pt-PT","@id":"https:\/\/secure.gravatar.com\/avatar\/71f2fa71737ad68a84fea94bc708ddac8ea5b0c4788dc2ad202f3ccb2887742f?s=96&d=wp_user_avatar&r=g","url":"https:\/\/secure.gravatar.com\/avatar\/71f2fa71737ad68a84fea94bc708ddac8ea5b0c4788dc2ad202f3ccb2887742f?s=96&d=wp_user_avatar&r=g","contentUrl":"https:\/\/secure.gravatar.com\/avatar\/71f2fa71737ad68a84fea94bc708ddac8ea5b0c4788dc2ad202f3ccb2887742f?s=96&d=wp_user_avatar&r=g","caption":"Reda\u00e7\u00e3o JO"},"url":"https:\/\/jornaldasoficinas.com\/pt\/author\/joredacao\/"}]}},"_links":{"self":[{"href":"https:\/\/jornaldasoficinas.com\/pt\/wp-json\/wp\/v2\/posts\/97263","targetHints":{"allow":["GET"]}}],"collection":[{"href":"https:\/\/jornaldasoficinas.com\/pt\/wp-json\/wp\/v2\/posts"}],"about":[{"href":"https:\/\/jornaldasoficinas.com\/pt\/wp-json\/wp\/v2\/types\/post"}],"author":[{"embeddable":true,"href":"https:\/\/jornaldasoficinas.com\/pt\/wp-json\/wp\/v2\/users\/15"}],"replies":[{"embeddable":true,"href":"https:\/\/jornaldasoficinas.com\/pt\/wp-json\/wp\/v2\/comments?post=97263"}],"version-history":[{"count":4,"href":"https:\/\/jornaldasoficinas.com\/pt\/wp-json\/wp\/v2\/posts\/97263\/revisions"}],"predecessor-version":[{"id":97267,"href":"https:\/\/jornaldasoficinas.com\/pt\/wp-json\/wp\/v2\/posts\/97263\/revisions\/97267"}],"wp:featuredmedia":[{"embeddable":true,"href":"https:\/\/jornaldasoficinas.com\/pt\/wp-json\/wp\/v2\/media\/97262"}],"wp:attachment":[{"href":"https:\/\/jornaldasoficinas.com\/pt\/wp-json\/wp\/v2\/media?parent=97263"}],"wp:term":[{"taxonomy":"category","embeddable":true,"href":"https:\/\/jornaldasoficinas.com\/pt\/wp-json\/wp\/v2\/categories?post=97263"},{"taxonomy":"post_tag","embeddable":true,"href":"https:\/\/jornaldasoficinas.com\/pt\/wp-json\/wp\/v2\/tags?post=97263"}],"curies":[{"name":"wp","href":"https:\/\/api.w.org\/{rel}","templated":true}]}}