{"id":97323,"date":"2025-02-02T13:00:20","date_gmt":"2025-02-02T13:00:20","guid":{"rendered":"https:\/\/jornaldasoficinas.com\/pt\/?p=97323"},"modified":"2025-02-02T11:47:19","modified_gmt":"2025-02-02T11:47:19","slug":"spr-auto-celebra-20-anos-com-parceiros-e-clientes","status":"publish","type":"post","link":"https:\/\/jornaldasoficinas.com\/pt\/spr-auto-celebra-20-anos-com-parceiros-e-clientes\/","title":{"rendered":"SPR Auto celebra 20 anos com parceiros e clientes"},"content":{"rendered":"<p style=\"font-weight: 400;\"><strong><img loading=\"lazy\" decoding=\"async\" class=\"alignnone size-full wp-image-97308\" src=\"https:\/\/jornaldasoficinas.com\/pt\/wp-content\/uploads\/2025\/02\/SPR-Auto-celebra-20-anos-com-parceiros-e-clientes.jpg\" alt=\"02 - SPR Auto celebra 20 anos com parceiros e clientes\" width=\"1024\" height=\"581\" srcset=\"https:\/\/jornaldasoficinas.com\/pt\/wp-content\/uploads\/2025\/02\/SPR-Auto-celebra-20-anos-com-parceiros-e-clientes.jpg 1024w, https:\/\/jornaldasoficinas.com\/pt\/wp-content\/uploads\/2025\/02\/SPR-Auto-celebra-20-anos-com-parceiros-e-clientes-300x170.jpg 300w, https:\/\/jornaldasoficinas.com\/pt\/wp-content\/uploads\/2025\/02\/SPR-Auto-celebra-20-anos-com-parceiros-e-clientes-150x85.jpg 150w, https:\/\/jornaldasoficinas.com\/pt\/wp-content\/uploads\/2025\/02\/SPR-Auto-celebra-20-anos-com-parceiros-e-clientes-768x436.jpg 768w\" sizes=\"auto, (max-width: 1024px) 100vw, 1024px\" \/><\/strong><\/p>\n<p style=\"font-weight: 400;\"><strong>A <a href=\"https:\/\/www.google.com\/aclk?sa=L&amp;ai=DChcSEwj_yYKD86SLAxXlPAYAHdL-CDcYABAAGgJ3cw&amp;co=1&amp;gclid=CjwKCAiAzPy8BhBoEiwAbnM9O7zvBEhIPd9ZHzAMsQUoWuSqIRwy1NYgm_9q2fJ8luwhFRvaiBemuBoC1aMQAvD_BwE&amp;cce=1&amp;sig=AOD64_1TsS5JroJPVCAflrgHCtBajJK6YQ&amp;q&amp;adurl&amp;ved=2ahUKEwja8_yC86SLAxWgfKQEHVr3DCEQ0Qx6BAgrEAE\">SPR Auto<\/a>, fundada a 27 de janeiro de 2005 por Paulo D\u00e1rio, celebrou no passado dia 1 de fevereiro, o seu 20\u00ba Anivers\u00e1rio, com uma Gala na Quinta da Morgadinha, em Rio Tinto, juntando cerca de 200 pessoas, entre parceiros, fornecedores, clientes e amigos<\/strong><\/p>\n<p style=\"font-weight: 400;\">Numa sala repleta de convidados, Paulo D\u00e1rio come\u00e7ou por agradecer a presen\u00e7a de todos e referiu que \u201cesta celebra\u00e7\u00e3o n\u00e3o \u00e9 apenas sobre o passado e todo o caminho percorrido at\u00e9 ao presente. \u00c9 tamb\u00e9m sobre o que queremos construir no futuro. Queremos continuar a crescer, a inovar e a fazer a diferen\u00e7a, sempre com o mesmo entusiasmo e paix\u00e3o. Esta celebra\u00e7\u00e3o \u00e9 dedicada a todos os que estiveram connosco ao longo destes anos e que fizeram parte desta jornada incr\u00edvel. A dedica\u00e7\u00e3o, o esp\u00edrito de equipa e a busca incessante pela excel\u00eancia s\u00e3o vis\u00edveis em cada detalhe\u201d.<\/p>\n<p style=\"font-weight: 400;\">\u201cCom os olhos postos nos pr\u00f3ximos 20 anos, continuaremos a enfrentar os desafios do futuro com determina\u00e7\u00e3o, confiantes de que a nossa dedica\u00e7\u00e3o \u00e0 qualidade do servi\u00e7o continuar\u00e1 a impulsionar o sucesso da SPR Auto e de todos os fornecedores e clientes que em n\u00f3s confiam. E \u00e9, neste quadro de novos tempos e desafios, que uma nova forma de se mostrar ao mercado se imp\u00f5e\u201d, acrescentou Paulo D\u00e1rio.<\/p>\n<p style=\"font-weight: 400;\">Ao longo destes 20 anos, a SPR Auto consolidou-se como uma refer\u00eancia no setor, sempre primando pela qualidade, inova\u00e7\u00e3o, confian\u00e7a e, acima de tudo, pelo respeito e proximidade aos clientes. O foco no cliente e a valoriza\u00e7\u00e3o da credibilidade junto de parceiros e consumidores s\u00e3o diferenciais que fazem da SPR Auto uma refer\u00eancia no setor.<\/p>\n<p style=\"font-weight: 400;\">Foi tamb\u00e9m dado a conhecer a todos os presentes o novo logotipo da empresa, sendo real\u00e7ado o trabalho de toda a equipa, como o mais importante fator de sucesso da empresa. \u201cAo longo destes 20 anos, temos nos empenhado em oferecer solu\u00e7\u00f5es de excel\u00eancia e em construir rela\u00e7\u00f5es s\u00f3lidas com os nossos clientes e parceiros. Esta trajet\u00f3ria s\u00f3 foi poss\u00edvel gra\u00e7as ao empenho e talento da nossa incr\u00edvel equipa e \u00e0 confian\u00e7a de todos os que acreditaram na nossa miss\u00e3o\u201d, concluiu Paulo D\u00e1rio.<\/p>\n<p style=\"font-weight: 400;\">A Gala dos 20 anos da SPR Auto terminou com um magn\u00edfico fogo de artif\u00edcio nos jardins da Quinta e um animado conv\u00edvio entre os colaboradores e clientes.<\/p>\n<p style=\"font-weight: 400;\">Que este anivers\u00e1rio marque n\u00e3o apenas um momento de celebra\u00e7\u00e3o, mas tamb\u00e9m um impulso para muitos mais anos de crescimento e conquistas. O Jornal das Oficinas parabeniza toda a equipa da SPR Auto pelo trabalho exemplar e pelo impacto positivo que t\u00eam gerado no mercado!<\/p>\n<div class=\"wonderplugingallery-container\" id=\"wonderplugingallery-container-230\" style=\"max-width:960px;margin:0 auto;\"><div class=\"wonderplugingallery\" id=\"wonderplugingallery-230\" data-galleryid=\"230\" data-width=\"960\" data-height=\"540\" data-skin=\"gallery\" data-playsinline=\"false\" data-mutevideo=\"false\" data-random=\"false\" data-autoslide=\"false\" data-autoplayvideo=\"false\" data-schemamarkup=\"false\" data-stopallplaying=\"false\" data-reloadonvideoend=\"false\" data-donotuseposter=\"false\" data-enabletabindex=\"false\" data-loadnextonvideoend=\"false\" data-hidetitlewhenvideoisplaying=\"false\" data-disablehovereventontouch=\"false\" data-autoslideandplayafterfirstplayed=\"false\" data-html5player=\"true\" data-responsive=\"true\" data-fullwidth=\"false\" data-showtitle=\"true\" data-showdescription=\"true\" data-showplaybutton=\"true\" data-showfullscreenbutton=\"true\" data-showtimer=\"true\" data-showcarousel=\"true\" data-galleryshadow=\"false\" data-slideshadow=\"true\" data-thumbshowtitle=\"false\" data-thumbshowimage=\"true\" data-thumbshadow=\"true\" data-lightboxshowtitle=\"true\" data-lightboxshowdescription=\"true\" data-specifyid=\"true\" data-donotinit=\"false\" data-addinitscript=\"false\" data-triggerresize=\"false\" data-thumbcolumnsresponsive=\"false\" data-thumbverticalmiddle=\"true\" data-removeinlinecss=\"true\" data-switchonmouseover=\"false\" data-showcategory=\"true\" data-carouselpagination=\"false\" data-showimgtitle=\"false\" data-titlesmallscreen=\"false\" data-initsocial=\"true\" data-showsocial=\"false\" data-showemail=\"false\" data-showfacebook=\"true\" data-showtwitter=\"true\" data-showpinterest=\"true\" data-socialrotateeffect=\"true\" data-doshortcodeontext=\"false\" data-loop=\"0\" data-duration=\"1500\" data-slideduration=\"1000\" data-slideshowinterval=\"6000\" data-googleanalyticsaccount=\"\" data-ga4account=\"\" data-resizemode=\"fill\" data-imagetoolboxmode=\"mouseover\" data-effect=\"fade\" data-padding=\"12\" data-bgcolor=\"\" data-bgimage=\"\" data-thumbwidth=\"120\" data-thumbheight=\"60\" data-thumbgap=\"8\" data-thumbrowgap=\"16\" data-lightboxtextheight=\"72\" data-lightboxtitlecss=\"{color:#333333; font:bold 12px Arial,Helvetica,sans-serif; overflow:hidden; white-space:normal; line-height:18px;}\" data-lightboxdescriptioncss=\"{color:#333333; font:normal 12px Arial,Helvetica,sans-serif; overflow:hidden; white-space:normal; line-height:14px;}\" data-titlecss=\"{color:#ffffff; font-size:14px; font-family:Armata, sans-serif, Arial; overflow:hidden; text-align:left; padding:10px 0px 10px 10px; background:rgb(102, 102, 102) transparent; background:rgba(102, 102, 102, 0.6);}\" data-descriptioncss=\"{color:#ffffff; font-size:13px; font-family:Armata, sans-serif, Arial; overflow:hidden; text-align:left; padding:0px 0px 10px 10px; background:rgb(102, 102, 102) transparent; background:rgba(102, 102, 102, 0.6);}\" data-titleheight=\"72\" data-titlesmallscreenwidth=\"640\" data-titleheightsmallscreen=\"148\" data-socialmode=\"mouseover\" data-socialposition=\"position:absolute;top:8px;right:8px;\" data-socialpositionlightbox=\"position:absolute;top:8px;right:8px;\" data-socialdirection=\"horizontal\" data-socialbuttonsize=\"32\" data-socialbuttonfontsize=\"18\" data-defaultvideovolume=\"1\" data-thumbtitleheight=\"24\" data-thumbmediumtitleheight=\"48\" data-thumbsmalltitleheight=\"72\" data-categoryheight=\"48\" data-categorydefault=\"all\" data-triggerresizedelay=\"100\" data-thumbmediumsize=\"800\" data-thumbsmallsize=\"480\" data-thumbmediumwidth=\"64\" data-thumbmediumheight=\"64\" data-thumbsmallwidth=\"48\" data-thumbsmallheight=\"48\" data-imgtitle=\"title\" data-carouselpaginationrow=\"3\" data-categorystyle=\"dropdown\" data-categorylist=\"[{&quot;slug&quot;:&quot;all&quot;,&quot;caption&quot;:&quot;Show All&quot;}]\" data-jsfolder=\"https:\/\/jornaldasoficinas.com\/pt\/wp-content\/plugins\/wonderplugin-gallery\/engine\/\" style=\"display:none;\" ><a class=\"html5galleryimglink\" href=\"https:\/\/jornaldasoficinas.com\/pt\/wp-content\/uploads\/2025\/02\/SPR-AUTO\/IMG_0670.jpg\" data-mediatype=1><img decoding=\"async\" class=\"html5galleryimg html5gallery-tn-image\" src=\"https:\/\/jornaldasoficinas.com\/pt\/wp-content\/uploads\/2025\/02\/SPR-AUTO\/IMG_0670.jpg\" alt=\"\"><\/a><div class=\"html5gallery-info\"><\/div><a class=\"html5galleryimglink\" href=\"https:\/\/jornaldasoficinas.com\/pt\/wp-content\/uploads\/2025\/02\/SPR-AUTO\/IMG_0678.jpg\" data-mediatype=1><img decoding=\"async\" class=\"html5galleryimg html5gallery-tn-image\" src=\"https:\/\/jornaldasoficinas.com\/pt\/wp-content\/uploads\/2025\/02\/SPR-AUTO\/IMG_0678.jpg\" alt=\"\"><\/a><div class=\"html5gallery-info\"><\/div><a class=\"html5galleryimglink\" href=\"https:\/\/jornaldasoficinas.com\/pt\/wp-content\/uploads\/2025\/02\/SPR-AUTO\/IMG_0685.jpg\" data-mediatype=1><img decoding=\"async\" class=\"html5galleryimg html5gallery-tn-image\" src=\"https:\/\/jornaldasoficinas.com\/pt\/wp-content\/uploads\/2025\/02\/SPR-AUTO\/IMG_0685.jpg\" alt=\"\"><\/a><div class=\"html5gallery-info\"><\/div><a class=\"html5galleryimglink\" href=\"https:\/\/jornaldasoficinas.com\/pt\/wp-content\/uploads\/2025\/02\/SPR-AUTO\/IMG_0697.jpg\" data-mediatype=1><img decoding=\"async\" class=\"html5galleryimg html5gallery-tn-image\" src=\"https:\/\/jornaldasoficinas.com\/pt\/wp-content\/uploads\/2025\/02\/SPR-AUTO\/IMG_0697.jpg\" alt=\"\"><\/a><div class=\"html5gallery-info\"><\/div><a class=\"html5galleryimglink\" href=\"https:\/\/jornaldasoficinas.com\/pt\/wp-content\/uploads\/2025\/02\/SPR-AUTO\/IMG_0700.jpg\" data-mediatype=1><img decoding=\"async\" class=\"html5galleryimg html5gallery-tn-image\" src=\"https:\/\/jornaldasoficinas.com\/pt\/wp-content\/uploads\/2025\/02\/SPR-AUTO\/IMG_0700.jpg\" alt=\"\"><\/a><div class=\"html5gallery-info\"><\/div><a class=\"html5galleryimglink\" href=\"https:\/\/jornaldasoficinas.com\/pt\/wp-content\/uploads\/2025\/02\/SPR-AUTO\/IMG_0703.jpg\" data-mediatype=1><img decoding=\"async\" class=\"html5galleryimg html5gallery-tn-image\" src=\"https:\/\/jornaldasoficinas.com\/pt\/wp-content\/uploads\/2025\/02\/SPR-AUTO\/IMG_0703.jpg\" alt=\"\"><\/a><div class=\"html5gallery-info\"><\/div><a class=\"html5galleryimglink\" href=\"https:\/\/jornaldasoficinas.com\/pt\/wp-content\/uploads\/2025\/02\/SPR-AUTO\/IMG_0706.jpg\" data-mediatype=1><img decoding=\"async\" class=\"html5galleryimg html5gallery-tn-image\" src=\"https:\/\/jornaldasoficinas.com\/pt\/wp-content\/uploads\/2025\/02\/SPR-AUTO\/IMG_0706.jpg\" alt=\"\"><\/a><div class=\"html5gallery-info\"><\/div><a class=\"html5galleryimglink\" href=\"https:\/\/jornaldasoficinas.com\/pt\/wp-content\/uploads\/2025\/02\/SPR-AUTO\/IMG_0708.jpg\" data-mediatype=1><img decoding=\"async\" class=\"html5galleryimg html5gallery-tn-image\" src=\"https:\/\/jornaldasoficinas.com\/pt\/wp-content\/uploads\/2025\/02\/SPR-AUTO\/IMG_0708.jpg\" alt=\"\"><\/a><div class=\"html5gallery-info\"><\/div><a class=\"html5galleryimglink\" href=\"https:\/\/jornaldasoficinas.com\/pt\/wp-content\/uploads\/2025\/02\/SPR-AUTO\/IMG_0716.jpg\" data-mediatype=1><img decoding=\"async\" class=\"html5galleryimg html5gallery-tn-image\" src=\"https:\/\/jornaldasoficinas.com\/pt\/wp-content\/uploads\/2025\/02\/SPR-AUTO\/IMG_0716.jpg\" alt=\"\"><\/a><div class=\"html5gallery-info\"><\/div><a class=\"html5galleryimglink\" href=\"https:\/\/jornaldasoficinas.com\/pt\/wp-content\/uploads\/2025\/02\/SPR-AUTO\/IMG_0718.jpg\" data-mediatype=1><img decoding=\"async\" class=\"html5galleryimg html5gallery-tn-image\" src=\"https:\/\/jornaldasoficinas.com\/pt\/wp-content\/uploads\/2025\/02\/SPR-AUTO\/IMG_0718.jpg\" alt=\"\"><\/a><div class=\"html5gallery-info\"><\/div><a class=\"html5galleryimglink\" href=\"https:\/\/jornaldasoficinas.com\/pt\/wp-content\/uploads\/2025\/02\/SPR-AUTO\/IMG_0724.jpg\" data-mediatype=1><img decoding=\"async\" class=\"html5galleryimg html5gallery-tn-image\" src=\"https:\/\/jornaldasoficinas.com\/pt\/wp-content\/uploads\/2025\/02\/SPR-AUTO\/IMG_0724.jpg\" alt=\"\"><\/a><div class=\"html5gallery-info\"><\/div><a class=\"html5galleryimglink\" href=\"https:\/\/jornaldasoficinas.com\/pt\/wp-content\/uploads\/2025\/02\/SPR-AUTO\/IMG_0733.jpg\" data-mediatype=1><img decoding=\"async\" class=\"html5galleryimg html5gallery-tn-image\" src=\"https:\/\/jornaldasoficinas.com\/pt\/wp-content\/uploads\/2025\/02\/SPR-AUTO\/IMG_0733.jpg\" alt=\"\"><\/a><div class=\"html5gallery-info\"><\/div><a class=\"html5galleryimglink\" href=\"https:\/\/jornaldasoficinas.com\/pt\/wp-content\/uploads\/2025\/02\/SPR-AUTO\/IMG_0742.jpg\" data-mediatype=1><img decoding=\"async\" class=\"html5galleryimg html5gallery-tn-image\" src=\"https:\/\/jornaldasoficinas.com\/pt\/wp-content\/uploads\/2025\/02\/SPR-AUTO\/IMG_0742.jpg\" alt=\"\"><\/a><div class=\"html5gallery-info\"><\/div><\/div><\/div><script>function wondergallery_230_appendcss(csscode) {var head=document.head || document.getElementsByTagName(\"head\")[0];var style=document.createElement(\"style\");head.appendChild(style);style.type=\"text\/css\";if (style.styleSheet){style.styleSheet.cssText=csscode;} else {style.appendChild(document.createTextNode(csscode));}};wondergallery_230_appendcss(\"#wonderplugingallery-230 .html5gallery-cat-selection-230 { \tbox-sizing: border-box; \ttext-align: center; }  #wonderplugingallery-230 .html5gallery-cat-selection-230 select { \tbox-sizing: border-box; \tmargin: 4px auto; }\");<\/script>\n","protected":false},"excerpt":{"rendered":"<p>A SPR Auto, fundada a 27&#8230;<\/p>\n","protected":false},"author":15,"featured_media":97308,"comment_status":"closed","ping_status":"closed","sticky":false,"template":"","format":"standard","meta":{"footnotes":""},"categories":[29],"tags":[3028,11019,5575,11855,10014,11258],"class_list":["post-97323","post","type-post","status-publish","format-standard","has-post-thumbnail","hentry","category-empresas","tag-20-anos","tag-gala","tag-novo-logotipo","tag-paulo-dario","tag-rio-tinto","tag-spr-auto"],"yoast_head":"<!-- This site is optimized with the Yoast SEO plugin v27.4 - https:\/\/yoast.com\/product\/yoast-seo-wordpress\/ -->\n<title>SPR Auto celebra 20 anos com parceiros e clientes - Jornal das Oficinas<\/title>\n<meta name=\"description\" content=\"A SPR Auto, celebrou no passado dia 1 de fevereiro, o seu 20\u00ba Anivers\u00e1rio, com uma Gala na Quinta da Morgadinha, em Rio Tinto\" \/>\n<meta name=\"robots\" content=\"index, follow, max-snippet:-1, max-image-preview:large, max-video-preview:-1\" \/>\n<link rel=\"canonical\" href=\"https:\/\/jornaldasoficinas.com\/pt\/spr-auto-celebra-20-anos-com-parceiros-e-clientes\/\" \/>\n<meta property=\"og:locale\" content=\"pt_PT\" \/>\n<meta property=\"og:type\" content=\"article\" \/>\n<meta property=\"og:title\" content=\"SPR Auto celebra 20 anos com parceiros e clientes - Jornal das Oficinas\" \/>\n<meta property=\"og:description\" content=\"A SPR Auto, celebrou no passado dia 1 de fevereiro, o seu 20\u00ba Anivers\u00e1rio, com uma Gala na Quinta da Morgadinha, em Rio Tinto\" \/>\n<meta property=\"og:url\" content=\"https:\/\/jornaldasoficinas.com\/pt\/spr-auto-celebra-20-anos-com-parceiros-e-clientes\/\" \/>\n<meta property=\"og:site_name\" content=\"Jornal das Oficinas\" \/>\n<meta property=\"article:publisher\" content=\"https:\/\/www.facebook.com\/jornaloficinas\" \/>\n<meta property=\"article:published_time\" content=\"2025-02-02T13:00:20+00:00\" \/>\n<meta property=\"og:image\" content=\"https:\/\/jornaldasoficinas.com\/pt\/wp-content\/uploads\/2025\/02\/SPR-Auto-celebra-20-anos-com-parceiros-e-clientes.jpg\" \/>\n\t<meta property=\"og:image:width\" content=\"1024\" \/>\n\t<meta property=\"og:image:height\" content=\"581\" \/>\n\t<meta property=\"og:image:type\" content=\"image\/jpeg\" \/>\n<meta name=\"author\" content=\"Reda\u00e7\u00e3o JO\" \/>\n<meta name=\"twitter:card\" content=\"summary_large_image\" \/>\n<meta name=\"twitter:creator\" content=\"@jornaloficinas\" \/>\n<meta name=\"twitter:site\" content=\"@jornaloficinas\" \/>\n<meta name=\"twitter:label1\" content=\"Escrito por\" \/>\n\t<meta name=\"twitter:data1\" content=\"Reda\u00e7\u00e3o JO\" \/>\n\t<meta name=\"twitter:label2\" content=\"Tempo estimado de leitura\" \/>\n\t<meta name=\"twitter:data2\" content=\"3 minutos\" \/>\n<script type=\"application\/ld+json\" class=\"yoast-schema-graph\">{\"@context\":\"https:\\\/\\\/schema.org\",\"@graph\":[{\"@type\":\"Article\",\"@id\":\"https:\\\/\\\/jornaldasoficinas.com\\\/pt\\\/spr-auto-celebra-20-anos-com-parceiros-e-clientes\\\/#article\",\"isPartOf\":{\"@id\":\"https:\\\/\\\/jornaldasoficinas.com\\\/pt\\\/spr-auto-celebra-20-anos-com-parceiros-e-clientes\\\/\"},\"author\":{\"name\":\"Reda\u00e7\u00e3o JO\",\"@id\":\"https:\\\/\\\/jornaldasoficinas.com\\\/pt\\\/#\\\/schema\\\/person\\\/a38eef5de2c41d9e7c9ac10141afddf3\"},\"headline\":\"SPR Auto celebra 20 anos com parceiros e clientes\",\"datePublished\":\"2025-02-02T13:00:20+00:00\",\"mainEntityOfPage\":{\"@id\":\"https:\\\/\\\/jornaldasoficinas.com\\\/pt\\\/spr-auto-celebra-20-anos-com-parceiros-e-clientes\\\/\"},\"wordCount\":470,\"publisher\":{\"@id\":\"https:\\\/\\\/jornaldasoficinas.com\\\/pt\\\/#organization\"},\"image\":{\"@id\":\"https:\\\/\\\/jornaldasoficinas.com\\\/pt\\\/spr-auto-celebra-20-anos-com-parceiros-e-clientes\\\/#primaryimage\"},\"thumbnailUrl\":\"https:\\\/\\\/jornaldasoficinas.com\\\/pt\\\/wp-content\\\/uploads\\\/2025\\\/02\\\/SPR-Auto-celebra-20-anos-com-parceiros-e-clientes.jpg\",\"keywords\":[\"20 anos\",\"gala\",\"Novo logotipo\",\"Paulo D\u00e1rio\",\"Rio Tinto\",\"SPR Auto\"],\"articleSection\":[\"Empresas\"],\"inLanguage\":\"pt-PT\"},{\"@type\":\"WebPage\",\"@id\":\"https:\\\/\\\/jornaldasoficinas.com\\\/pt\\\/spr-auto-celebra-20-anos-com-parceiros-e-clientes\\\/\",\"url\":\"https:\\\/\\\/jornaldasoficinas.com\\\/pt\\\/spr-auto-celebra-20-anos-com-parceiros-e-clientes\\\/\",\"name\":\"SPR Auto celebra 20 anos com parceiros e clientes - Jornal das Oficinas\",\"isPartOf\":{\"@id\":\"https:\\\/\\\/jornaldasoficinas.com\\\/pt\\\/#website\"},\"primaryImageOfPage\":{\"@id\":\"https:\\\/\\\/jornaldasoficinas.com\\\/pt\\\/spr-auto-celebra-20-anos-com-parceiros-e-clientes\\\/#primaryimage\"},\"image\":{\"@id\":\"https:\\\/\\\/jornaldasoficinas.com\\\/pt\\\/spr-auto-celebra-20-anos-com-parceiros-e-clientes\\\/#primaryimage\"},\"thumbnailUrl\":\"https:\\\/\\\/jornaldasoficinas.com\\\/pt\\\/wp-content\\\/uploads\\\/2025\\\/02\\\/SPR-Auto-celebra-20-anos-com-parceiros-e-clientes.jpg\",\"datePublished\":\"2025-02-02T13:00:20+00:00\",\"description\":\"A SPR Auto, celebrou no passado dia 1 de fevereiro, o seu 20\u00ba Anivers\u00e1rio, com uma Gala na Quinta da Morgadinha, em Rio Tinto\",\"breadcrumb\":{\"@id\":\"https:\\\/\\\/jornaldasoficinas.com\\\/pt\\\/spr-auto-celebra-20-anos-com-parceiros-e-clientes\\\/#breadcrumb\"},\"inLanguage\":\"pt-PT\",\"potentialAction\":[{\"@type\":\"ReadAction\",\"target\":[\"https:\\\/\\\/jornaldasoficinas.com\\\/pt\\\/spr-auto-celebra-20-anos-com-parceiros-e-clientes\\\/\"]}]},{\"@type\":\"ImageObject\",\"inLanguage\":\"pt-PT\",\"@id\":\"https:\\\/\\\/jornaldasoficinas.com\\\/pt\\\/spr-auto-celebra-20-anos-com-parceiros-e-clientes\\\/#primaryimage\",\"url\":\"https:\\\/\\\/jornaldasoficinas.com\\\/pt\\\/wp-content\\\/uploads\\\/2025\\\/02\\\/SPR-Auto-celebra-20-anos-com-parceiros-e-clientes.jpg\",\"contentUrl\":\"https:\\\/\\\/jornaldasoficinas.com\\\/pt\\\/wp-content\\\/uploads\\\/2025\\\/02\\\/SPR-Auto-celebra-20-anos-com-parceiros-e-clientes.jpg\",\"width\":1024,\"height\":581,\"caption\":\"02 - SPR Auto celebra 20 anos com parceiros e clientes\"},{\"@type\":\"BreadcrumbList\",\"@id\":\"https:\\\/\\\/jornaldasoficinas.com\\\/pt\\\/spr-auto-celebra-20-anos-com-parceiros-e-clientes\\\/#breadcrumb\",\"itemListElement\":[{\"@type\":\"ListItem\",\"position\":1,\"name\":\"In\u00edcio\",\"item\":\"https:\\\/\\\/jornaldasoficinas.com\\\/pt\\\/\"},{\"@type\":\"ListItem\",\"position\":2,\"name\":\"SPR Auto celebra 20 anos com parceiros e clientes\"}]},{\"@type\":\"WebSite\",\"@id\":\"https:\\\/\\\/jornaldasoficinas.com\\\/pt\\\/#website\",\"url\":\"https:\\\/\\\/jornaldasoficinas.com\\\/pt\\\/\",\"name\":\"Jornal das Oficinas\",\"description\":\"Jornal independente do Aftermarket Autom\u00f3vel em Portugal\",\"publisher\":{\"@id\":\"https:\\\/\\\/jornaldasoficinas.com\\\/pt\\\/#organization\"},\"potentialAction\":[{\"@type\":\"SearchAction\",\"target\":{\"@type\":\"EntryPoint\",\"urlTemplate\":\"https:\\\/\\\/jornaldasoficinas.com\\\/pt\\\/?s={search_term_string}\"},\"query-input\":{\"@type\":\"PropertyValueSpecification\",\"valueRequired\":true,\"valueName\":\"search_term_string\"}}],\"inLanguage\":\"pt-PT\"},{\"@type\":\"Organization\",\"@id\":\"https:\\\/\\\/jornaldasoficinas.com\\\/pt\\\/#organization\",\"name\":\"Jornal das Oficinas\",\"url\":\"https:\\\/\\\/jornaldasoficinas.com\\\/pt\\\/\",\"logo\":{\"@type\":\"ImageObject\",\"inLanguage\":\"pt-PT\",\"@id\":\"https:\\\/\\\/jornaldasoficinas.com\\\/pt\\\/#\\\/schema\\\/logo\\\/image\\\/\",\"url\":\"https:\\\/\\\/jornaldasoficinas.com\\\/pt\\\/wp-content\\\/uploads\\\/logoJO-SEO.png\",\"contentUrl\":\"https:\\\/\\\/jornaldasoficinas.com\\\/pt\\\/wp-content\\\/uploads\\\/logoJO-SEO.png\",\"width\":285,\"height\":450,\"caption\":\"Jornal das Oficinas\"},\"image\":{\"@id\":\"https:\\\/\\\/jornaldasoficinas.com\\\/pt\\\/#\\\/schema\\\/logo\\\/image\\\/\"},\"sameAs\":[\"https:\\\/\\\/www.facebook.com\\\/jornaloficinas\",\"https:\\\/\\\/x.com\\\/jornaloficinas\",\"https:\\\/\\\/www.instagram.com\\\/jornal_oficinas\\\/\",\"https:\\\/\\\/www.linkedin.com\\\/company\\\/jornal-das-oficinas\\\/\",\"https:\\\/\\\/www.youtube.com\\\/channel\\\/UCbQZBqtcvV-oSQrr7RzINGg\"]},{\"@type\":\"Person\",\"@id\":\"https:\\\/\\\/jornaldasoficinas.com\\\/pt\\\/#\\\/schema\\\/person\\\/a38eef5de2c41d9e7c9ac10141afddf3\",\"name\":\"Reda\u00e7\u00e3o JO\",\"image\":{\"@type\":\"ImageObject\",\"inLanguage\":\"pt-PT\",\"@id\":\"https:\\\/\\\/secure.gravatar.com\\\/avatar\\\/71f2fa71737ad68a84fea94bc708ddac8ea5b0c4788dc2ad202f3ccb2887742f?s=96&d=wp_user_avatar&r=g\",\"url\":\"https:\\\/\\\/secure.gravatar.com\\\/avatar\\\/71f2fa71737ad68a84fea94bc708ddac8ea5b0c4788dc2ad202f3ccb2887742f?s=96&d=wp_user_avatar&r=g\",\"contentUrl\":\"https:\\\/\\\/secure.gravatar.com\\\/avatar\\\/71f2fa71737ad68a84fea94bc708ddac8ea5b0c4788dc2ad202f3ccb2887742f?s=96&d=wp_user_avatar&r=g\",\"caption\":\"Reda\u00e7\u00e3o JO\"},\"url\":\"https:\\\/\\\/jornaldasoficinas.com\\\/pt\\\/author\\\/joredacao\\\/\"}]}<\/script>\n<!-- \/ Yoast SEO plugin. -->","yoast_head_json":{"title":"SPR Auto celebra 20 anos com parceiros e clientes - Jornal das Oficinas","description":"A SPR Auto, celebrou no passado dia 1 de fevereiro, o seu 20\u00ba Anivers\u00e1rio, com uma Gala na Quinta da Morgadinha, em Rio Tinto","robots":{"index":"index","follow":"follow","max-snippet":"max-snippet:-1","max-image-preview":"max-image-preview:large","max-video-preview":"max-video-preview:-1"},"canonical":"https:\/\/jornaldasoficinas.com\/pt\/spr-auto-celebra-20-anos-com-parceiros-e-clientes\/","og_locale":"pt_PT","og_type":"article","og_title":"SPR Auto celebra 20 anos com parceiros e clientes - Jornal das Oficinas","og_description":"A SPR Auto, celebrou no passado dia 1 de fevereiro, o seu 20\u00ba Anivers\u00e1rio, com uma Gala na Quinta da Morgadinha, em Rio Tinto","og_url":"https:\/\/jornaldasoficinas.com\/pt\/spr-auto-celebra-20-anos-com-parceiros-e-clientes\/","og_site_name":"Jornal das Oficinas","article_publisher":"https:\/\/www.facebook.com\/jornaloficinas","article_published_time":"2025-02-02T13:00:20+00:00","og_image":[{"width":1024,"height":581,"url":"https:\/\/jornaldasoficinas.com\/pt\/wp-content\/uploads\/2025\/02\/SPR-Auto-celebra-20-anos-com-parceiros-e-clientes.jpg","type":"image\/jpeg"}],"author":"Reda\u00e7\u00e3o JO","twitter_card":"summary_large_image","twitter_creator":"@jornaloficinas","twitter_site":"@jornaloficinas","twitter_misc":{"Escrito por":"Reda\u00e7\u00e3o JO","Tempo estimado de leitura":"3 minutos"},"schema":{"@context":"https:\/\/schema.org","@graph":[{"@type":"Article","@id":"https:\/\/jornaldasoficinas.com\/pt\/spr-auto-celebra-20-anos-com-parceiros-e-clientes\/#article","isPartOf":{"@id":"https:\/\/jornaldasoficinas.com\/pt\/spr-auto-celebra-20-anos-com-parceiros-e-clientes\/"},"author":{"name":"Reda\u00e7\u00e3o JO","@id":"https:\/\/jornaldasoficinas.com\/pt\/#\/schema\/person\/a38eef5de2c41d9e7c9ac10141afddf3"},"headline":"SPR Auto celebra 20 anos com parceiros e clientes","datePublished":"2025-02-02T13:00:20+00:00","mainEntityOfPage":{"@id":"https:\/\/jornaldasoficinas.com\/pt\/spr-auto-celebra-20-anos-com-parceiros-e-clientes\/"},"wordCount":470,"publisher":{"@id":"https:\/\/jornaldasoficinas.com\/pt\/#organization"},"image":{"@id":"https:\/\/jornaldasoficinas.com\/pt\/spr-auto-celebra-20-anos-com-parceiros-e-clientes\/#primaryimage"},"thumbnailUrl":"https:\/\/jornaldasoficinas.com\/pt\/wp-content\/uploads\/2025\/02\/SPR-Auto-celebra-20-anos-com-parceiros-e-clientes.jpg","keywords":["20 anos","gala","Novo logotipo","Paulo D\u00e1rio","Rio Tinto","SPR Auto"],"articleSection":["Empresas"],"inLanguage":"pt-PT"},{"@type":"WebPage","@id":"https:\/\/jornaldasoficinas.com\/pt\/spr-auto-celebra-20-anos-com-parceiros-e-clientes\/","url":"https:\/\/jornaldasoficinas.com\/pt\/spr-auto-celebra-20-anos-com-parceiros-e-clientes\/","name":"SPR Auto celebra 20 anos com parceiros e clientes - Jornal das Oficinas","isPartOf":{"@id":"https:\/\/jornaldasoficinas.com\/pt\/#website"},"primaryImageOfPage":{"@id":"https:\/\/jornaldasoficinas.com\/pt\/spr-auto-celebra-20-anos-com-parceiros-e-clientes\/#primaryimage"},"image":{"@id":"https:\/\/jornaldasoficinas.com\/pt\/spr-auto-celebra-20-anos-com-parceiros-e-clientes\/#primaryimage"},"thumbnailUrl":"https:\/\/jornaldasoficinas.com\/pt\/wp-content\/uploads\/2025\/02\/SPR-Auto-celebra-20-anos-com-parceiros-e-clientes.jpg","datePublished":"2025-02-02T13:00:20+00:00","description":"A SPR Auto, celebrou no passado dia 1 de fevereiro, o seu 20\u00ba Anivers\u00e1rio, com uma Gala na Quinta da Morgadinha, em Rio Tinto","breadcrumb":{"@id":"https:\/\/jornaldasoficinas.com\/pt\/spr-auto-celebra-20-anos-com-parceiros-e-clientes\/#breadcrumb"},"inLanguage":"pt-PT","potentialAction":[{"@type":"ReadAction","target":["https:\/\/jornaldasoficinas.com\/pt\/spr-auto-celebra-20-anos-com-parceiros-e-clientes\/"]}]},{"@type":"ImageObject","inLanguage":"pt-PT","@id":"https:\/\/jornaldasoficinas.com\/pt\/spr-auto-celebra-20-anos-com-parceiros-e-clientes\/#primaryimage","url":"https:\/\/jornaldasoficinas.com\/pt\/wp-content\/uploads\/2025\/02\/SPR-Auto-celebra-20-anos-com-parceiros-e-clientes.jpg","contentUrl":"https:\/\/jornaldasoficinas.com\/pt\/wp-content\/uploads\/2025\/02\/SPR-Auto-celebra-20-anos-com-parceiros-e-clientes.jpg","width":1024,"height":581,"caption":"02 - SPR Auto celebra 20 anos com parceiros e clientes"},{"@type":"BreadcrumbList","@id":"https:\/\/jornaldasoficinas.com\/pt\/spr-auto-celebra-20-anos-com-parceiros-e-clientes\/#breadcrumb","itemListElement":[{"@type":"ListItem","position":1,"name":"In\u00edcio","item":"https:\/\/jornaldasoficinas.com\/pt\/"},{"@type":"ListItem","position":2,"name":"SPR Auto celebra 20 anos com parceiros e clientes"}]},{"@type":"WebSite","@id":"https:\/\/jornaldasoficinas.com\/pt\/#website","url":"https:\/\/jornaldasoficinas.com\/pt\/","name":"Jornal das Oficinas","description":"Jornal independente do Aftermarket Autom\u00f3vel em Portugal","publisher":{"@id":"https:\/\/jornaldasoficinas.com\/pt\/#organization"},"potentialAction":[{"@type":"SearchAction","target":{"@type":"EntryPoint","urlTemplate":"https:\/\/jornaldasoficinas.com\/pt\/?s={search_term_string}"},"query-input":{"@type":"PropertyValueSpecification","valueRequired":true,"valueName":"search_term_string"}}],"inLanguage":"pt-PT"},{"@type":"Organization","@id":"https:\/\/jornaldasoficinas.com\/pt\/#organization","name":"Jornal das Oficinas","url":"https:\/\/jornaldasoficinas.com\/pt\/","logo":{"@type":"ImageObject","inLanguage":"pt-PT","@id":"https:\/\/jornaldasoficinas.com\/pt\/#\/schema\/logo\/image\/","url":"https:\/\/jornaldasoficinas.com\/pt\/wp-content\/uploads\/logoJO-SEO.png","contentUrl":"https:\/\/jornaldasoficinas.com\/pt\/wp-content\/uploads\/logoJO-SEO.png","width":285,"height":450,"caption":"Jornal das Oficinas"},"image":{"@id":"https:\/\/jornaldasoficinas.com\/pt\/#\/schema\/logo\/image\/"},"sameAs":["https:\/\/www.facebook.com\/jornaloficinas","https:\/\/x.com\/jornaloficinas","https:\/\/www.instagram.com\/jornal_oficinas\/","https:\/\/www.linkedin.com\/company\/jornal-das-oficinas\/","https:\/\/www.youtube.com\/channel\/UCbQZBqtcvV-oSQrr7RzINGg"]},{"@type":"Person","@id":"https:\/\/jornaldasoficinas.com\/pt\/#\/schema\/person\/a38eef5de2c41d9e7c9ac10141afddf3","name":"Reda\u00e7\u00e3o JO","image":{"@type":"ImageObject","inLanguage":"pt-PT","@id":"https:\/\/secure.gravatar.com\/avatar\/71f2fa71737ad68a84fea94bc708ddac8ea5b0c4788dc2ad202f3ccb2887742f?s=96&d=wp_user_avatar&r=g","url":"https:\/\/secure.gravatar.com\/avatar\/71f2fa71737ad68a84fea94bc708ddac8ea5b0c4788dc2ad202f3ccb2887742f?s=96&d=wp_user_avatar&r=g","contentUrl":"https:\/\/secure.gravatar.com\/avatar\/71f2fa71737ad68a84fea94bc708ddac8ea5b0c4788dc2ad202f3ccb2887742f?s=96&d=wp_user_avatar&r=g","caption":"Reda\u00e7\u00e3o JO"},"url":"https:\/\/jornaldasoficinas.com\/pt\/author\/joredacao\/"}]}},"_links":{"self":[{"href":"https:\/\/jornaldasoficinas.com\/pt\/wp-json\/wp\/v2\/posts\/97323","targetHints":{"allow":["GET"]}}],"collection":[{"href":"https:\/\/jornaldasoficinas.com\/pt\/wp-json\/wp\/v2\/posts"}],"about":[{"href":"https:\/\/jornaldasoficinas.com\/pt\/wp-json\/wp\/v2\/types\/post"}],"author":[{"embeddable":true,"href":"https:\/\/jornaldasoficinas.com\/pt\/wp-json\/wp\/v2\/users\/15"}],"replies":[{"embeddable":true,"href":"https:\/\/jornaldasoficinas.com\/pt\/wp-json\/wp\/v2\/comments?post=97323"}],"version-history":[{"count":2,"href":"https:\/\/jornaldasoficinas.com\/pt\/wp-json\/wp\/v2\/posts\/97323\/revisions"}],"predecessor-version":[{"id":97325,"href":"https:\/\/jornaldasoficinas.com\/pt\/wp-json\/wp\/v2\/posts\/97323\/revisions\/97325"}],"wp:featuredmedia":[{"embeddable":true,"href":"https:\/\/jornaldasoficinas.com\/pt\/wp-json\/wp\/v2\/media\/97308"}],"wp:attachment":[{"href":"https:\/\/jornaldasoficinas.com\/pt\/wp-json\/wp\/v2\/media?parent=97323"}],"wp:term":[{"taxonomy":"category","embeddable":true,"href":"https:\/\/jornaldasoficinas.com\/pt\/wp-json\/wp\/v2\/categories?post=97323"},{"taxonomy":"post_tag","embeddable":true,"href":"https:\/\/jornaldasoficinas.com\/pt\/wp-json\/wp\/v2\/tags?post=97323"}],"curies":[{"name":"wp","href":"https:\/\/api.w.org\/{rel}","templated":true}]}}