{"id":97374,"date":"2025-02-04T08:00:14","date_gmt":"2025-02-04T08:00:14","guid":{"rendered":"https:\/\/jornaldasoficinas.com\/pt\/?p=97374"},"modified":"2025-02-03T13:18:42","modified_gmt":"2025-02-03T13:18:42","slug":"man-truck-bus-reforca-frota-da-forca-area-com-novas-viaturas","status":"publish","type":"post","link":"https:\/\/jornaldasoficinas.com\/pt\/man-truck-bus-reforca-frota-da-forca-area-com-novas-viaturas\/","title":{"rendered":"MAN Truck &#038; Bus refor\u00e7a frota da For\u00e7a \u00c1rea com novas viaturas"},"content":{"rendered":"<p><strong><img loading=\"lazy\" decoding=\"async\" class=\"alignnone size-full wp-image-97384\" src=\"https:\/\/jornaldasoficinas.com\/pt\/wp-content\/uploads\/2025\/02\/MAN-Truck-Bus-reforca-frota-da-Forca-Area-com-novas-viaturas.png\" alt=\"02 - MAN Truck Bus reforca frota da Forca Area com novas viaturas\" width=\"1024\" height=\"581\" srcset=\"https:\/\/jornaldasoficinas.com\/pt\/wp-content\/uploads\/2025\/02\/MAN-Truck-Bus-reforca-frota-da-Forca-Area-com-novas-viaturas.png 1024w, https:\/\/jornaldasoficinas.com\/pt\/wp-content\/uploads\/2025\/02\/MAN-Truck-Bus-reforca-frota-da-Forca-Area-com-novas-viaturas-300x170.png 300w, https:\/\/jornaldasoficinas.com\/pt\/wp-content\/uploads\/2025\/02\/MAN-Truck-Bus-reforca-frota-da-Forca-Area-com-novas-viaturas-150x85.png 150w, https:\/\/jornaldasoficinas.com\/pt\/wp-content\/uploads\/2025\/02\/MAN-Truck-Bus-reforca-frota-da-Forca-Area-com-novas-viaturas-768x436.png 768w\" sizes=\"auto, (max-width: 1024px) 100vw, 1024px\" \/><\/strong><\/p>\n<p><strong>A <a href=\"https:\/\/www.emfa.pt\/\" target=\"_blank\" rel=\"noopener\">For\u00e7a A\u00e9rea Portuguesa<\/a> deu mais um passo no fortalecimento das suas capacidades log\u00edsticas com a aquisi\u00e7\u00e3o de duas novas viaturas MAN TGE Furg\u00e3o de mercadorias da <a href=\"https:\/\/www.man.eu\/\" target=\"_blank\" rel=\"noopener\">MAN Truck &amp; Bus<\/a><\/strong><\/p>\n<p>Este investimento estrat\u00e9gico foi realizado atrav\u00e9s de um concurso p\u00fablico lan\u00e7ado pela <a href=\"https:\/\/www.espap.gov.pt\/\" target=\"_blank\" rel=\"noopener\">ESPAP<\/a> (Entidade de Servi\u00e7os Partilhados da Administra\u00e7\u00e3o P\u00fablica), refor\u00e7ando o compromisso da For\u00e7a A\u00e9rea com a moderniza\u00e7\u00e3o dos seus meios de transporte.<\/p>\n<p>As viaturas entregues est\u00e3o classificadas como VCL Furg\u00e3o de mercadorias IV e possuem uma capacidade de carga de 11,3m\u00b3, ideal para atender \u00e0s necessidades das opera\u00e7\u00f5es di\u00e1rias. Equipadas com motores de 140CV, estas viaturas destacam-se pela &#8220;combina\u00e7\u00e3o de desempenho, fiabilidade e efici\u00eancia, respondendo \u00e0s exig\u00eancias de transporte de cargas, tanto em miss\u00f5es log\u00edsticas como operacionais&#8221;, destacou a MAN Truck &amp; Bus Portugal.<\/p>\n<p>&#8220;A escolha das MAN TGE reflete uma an\u00e1lise cuidadosa das necessidades operacionais da For\u00e7a A\u00e9rea. Com design robusto e tecnologia avan\u00e7ada, estas viaturas est\u00e3o preparadas para enfrentar os desafios log\u00edsticos, desde o transporte de equipamentos sens\u00edveis at\u00e9 ao apoio direto em cen\u00e1rios de emerg\u00eancia&#8221;, sublinhou.<\/p>\n<p>Al\u00e9m disso, &#8220;as viaturas v\u00eam equipadas com funcionalidades que priorizam a seguran\u00e7a e a ergonomia, como sistemas de assist\u00eancia \u00e0 condu\u00e7\u00e3o, controlo de estabilidade e interior otimizado para facilitar o carregamento e a organiza\u00e7\u00e3o dos materiais transportados&#8221;, acrescentou.<\/p>\n<p><strong>Cerim\u00f3nia de entrega<\/strong><\/p>\n<p>A cerim\u00f3nia de entrega contou com a presen\u00e7a de representantes da MAN Truck &amp; Bus Portugal e da For\u00e7a A\u00e9rea Portuguesa, sublinhando a s\u00f3lida parceria entre as duas entidades. Durante o evento, foi destacada a import\u00e2ncia da colabora\u00e7\u00e3o cont\u00ednua para o fortalecimento das capacidades operacionais, com foco em solu\u00e7\u00f5es sustent\u00e1veis e inovadoras.<\/p>\n<p><strong>Moderniza\u00e7\u00e3o ao servi\u00e7o de miss\u00f5es nacionais e internacionais<\/strong><\/p>\n<p>Com esta aquisi\u00e7\u00e3o, a For\u00e7a A\u00e9rea Portuguesa &#8220;reafirma o seu compromisso com a moderniza\u00e7\u00e3o e a prepara\u00e7\u00e3o para enfrentar as exig\u00eancias de um ambiente operacional em constante mudan\u00e7a&#8221;, frisou.<\/p>\n<p>&#8220;As novas viaturas ir\u00e3o desempenhar um papel fundamental no apoio log\u00edstico, contribuindo diretamente para o cumprimento de miss\u00f5es em territ\u00f3rio nacional e em opera\u00e7\u00f5es internacionais&#8221;, refor\u00e7ou.<\/p>\n<p>&#8220;Os ve\u00edculos MAN TGE entregues, reconhecidos pela sua fiabilidade e efici\u00eancia, alinham-se \u00e0s necessidades de organiza\u00e7\u00f5es exigentes como a For\u00e7a A\u00e9rea Portuguesa refor\u00e7ando o compromisso com a inova\u00e7\u00e3o, sustentabilidade e qualidade&#8221;, concluiu.<\/p>\n","protected":false},"excerpt":{"rendered":"<p>A For\u00e7a A\u00e9rea Portuguesa deu mais&#8230;<\/p>\n","protected":false},"author":15,"featured_media":97384,"comment_status":"closed","ping_status":"closed","sticky":false,"template":"","format":"standard","meta":{"footnotes":""},"categories":[36],"tags":[11871,11870,11056,11869,430,11868],"class_list":["post-97374","post","type-post","status-publish","format-standard","has-post-thumbnail","hentry","category-pesados","tag-espap","tag-forca-aerea-portuguesa","tag-investimento-estrategico","tag-man-tge-furgao-de-mercadorias","tag-man-truck-bus","tag-novas-viaturas"],"yoast_head":"<!-- This site is optimized with the Yoast SEO plugin v27.4 - https:\/\/yoast.com\/product\/yoast-seo-wordpress\/ -->\n<title>MAN Truck &amp; Bus refor\u00e7a frota da For\u00e7a \u00c1rea com novas viaturas - Jornal das Oficinas<\/title>\n<meta name=\"description\" content=\"A For\u00e7a A\u00e9rea Portuguesa adquiriu recentemente duas novas viaturas MAN TGE Furg\u00e3o de mercadorias da MAN Truck &amp; Bus\" \/>\n<meta name=\"robots\" content=\"index, follow, max-snippet:-1, max-image-preview:large, max-video-preview:-1\" \/>\n<link rel=\"canonical\" href=\"https:\/\/jornaldasoficinas.com\/pt\/man-truck-bus-reforca-frota-da-forca-area-com-novas-viaturas\/\" \/>\n<meta property=\"og:locale\" content=\"pt_PT\" \/>\n<meta property=\"og:type\" content=\"article\" \/>\n<meta property=\"og:title\" content=\"MAN Truck &amp; Bus refor\u00e7a frota da For\u00e7a \u00c1rea com novas viaturas - Jornal das Oficinas\" \/>\n<meta property=\"og:description\" content=\"A For\u00e7a A\u00e9rea Portuguesa adquiriu recentemente duas novas viaturas MAN TGE Furg\u00e3o de mercadorias da MAN Truck &amp; Bus\" \/>\n<meta property=\"og:url\" content=\"https:\/\/jornaldasoficinas.com\/pt\/man-truck-bus-reforca-frota-da-forca-area-com-novas-viaturas\/\" \/>\n<meta property=\"og:site_name\" content=\"Jornal das Oficinas\" \/>\n<meta property=\"article:publisher\" content=\"https:\/\/www.facebook.com\/jornaloficinas\" \/>\n<meta property=\"article:published_time\" content=\"2025-02-04T08:00:14+00:00\" \/>\n<meta property=\"og:image\" content=\"https:\/\/jornaldasoficinas.com\/pt\/wp-content\/uploads\/2025\/02\/MAN-Truck-Bus-reforca-frota-da-Forca-Area-com-novas-viaturas.png\" \/>\n\t<meta property=\"og:image:width\" content=\"1024\" \/>\n\t<meta property=\"og:image:height\" content=\"581\" \/>\n\t<meta property=\"og:image:type\" content=\"image\/png\" \/>\n<meta name=\"author\" content=\"Reda\u00e7\u00e3o JO\" \/>\n<meta name=\"twitter:card\" content=\"summary_large_image\" \/>\n<meta name=\"twitter:creator\" content=\"@jornaloficinas\" \/>\n<meta name=\"twitter:site\" content=\"@jornaloficinas\" \/>\n<meta name=\"twitter:label1\" content=\"Escrito por\" \/>\n\t<meta name=\"twitter:data1\" content=\"Reda\u00e7\u00e3o JO\" \/>\n\t<meta name=\"twitter:label2\" content=\"Tempo estimado de leitura\" \/>\n\t<meta name=\"twitter:data2\" content=\"3 minutos\" \/>\n<script type=\"application\/ld+json\" class=\"yoast-schema-graph\">{\"@context\":\"https:\\\/\\\/schema.org\",\"@graph\":[{\"@type\":\"Article\",\"@id\":\"https:\\\/\\\/jornaldasoficinas.com\\\/pt\\\/man-truck-bus-reforca-frota-da-forca-area-com-novas-viaturas\\\/#article\",\"isPartOf\":{\"@id\":\"https:\\\/\\\/jornaldasoficinas.com\\\/pt\\\/man-truck-bus-reforca-frota-da-forca-area-com-novas-viaturas\\\/\"},\"author\":{\"name\":\"Reda\u00e7\u00e3o JO\",\"@id\":\"https:\\\/\\\/jornaldasoficinas.com\\\/pt\\\/#\\\/schema\\\/person\\\/a38eef5de2c41d9e7c9ac10141afddf3\"},\"headline\":\"MAN Truck &#038; Bus refor\u00e7a frota da For\u00e7a \u00c1rea com novas viaturas\",\"datePublished\":\"2025-02-04T08:00:14+00:00\",\"mainEntityOfPage\":{\"@id\":\"https:\\\/\\\/jornaldasoficinas.com\\\/pt\\\/man-truck-bus-reforca-frota-da-forca-area-com-novas-viaturas\\\/\"},\"wordCount\":446,\"publisher\":{\"@id\":\"https:\\\/\\\/jornaldasoficinas.com\\\/pt\\\/#organization\"},\"image\":{\"@id\":\"https:\\\/\\\/jornaldasoficinas.com\\\/pt\\\/man-truck-bus-reforca-frota-da-forca-area-com-novas-viaturas\\\/#primaryimage\"},\"thumbnailUrl\":\"https:\\\/\\\/jornaldasoficinas.com\\\/pt\\\/wp-content\\\/uploads\\\/2025\\\/02\\\/MAN-Truck-Bus-reforca-frota-da-Forca-Area-com-novas-viaturas.png\",\"keywords\":[\"ESPAP\",\"For\u00e7a A\u00e9rea Portuguesa\",\"investimento estrat\u00e9gico\",\"MAN TGE Furg\u00e3o de mercadorias\",\"MAN Truck &amp; Bus\",\"novas viaturas\"],\"articleSection\":[\"Pesados\"],\"inLanguage\":\"pt-PT\"},{\"@type\":\"WebPage\",\"@id\":\"https:\\\/\\\/jornaldasoficinas.com\\\/pt\\\/man-truck-bus-reforca-frota-da-forca-area-com-novas-viaturas\\\/\",\"url\":\"https:\\\/\\\/jornaldasoficinas.com\\\/pt\\\/man-truck-bus-reforca-frota-da-forca-area-com-novas-viaturas\\\/\",\"name\":\"MAN Truck & Bus refor\u00e7a frota da For\u00e7a \u00c1rea com novas viaturas - Jornal das Oficinas\",\"isPartOf\":{\"@id\":\"https:\\\/\\\/jornaldasoficinas.com\\\/pt\\\/#website\"},\"primaryImageOfPage\":{\"@id\":\"https:\\\/\\\/jornaldasoficinas.com\\\/pt\\\/man-truck-bus-reforca-frota-da-forca-area-com-novas-viaturas\\\/#primaryimage\"},\"image\":{\"@id\":\"https:\\\/\\\/jornaldasoficinas.com\\\/pt\\\/man-truck-bus-reforca-frota-da-forca-area-com-novas-viaturas\\\/#primaryimage\"},\"thumbnailUrl\":\"https:\\\/\\\/jornaldasoficinas.com\\\/pt\\\/wp-content\\\/uploads\\\/2025\\\/02\\\/MAN-Truck-Bus-reforca-frota-da-Forca-Area-com-novas-viaturas.png\",\"datePublished\":\"2025-02-04T08:00:14+00:00\",\"description\":\"A For\u00e7a A\u00e9rea Portuguesa adquiriu recentemente duas novas viaturas MAN TGE Furg\u00e3o de mercadorias da MAN Truck & Bus\",\"breadcrumb\":{\"@id\":\"https:\\\/\\\/jornaldasoficinas.com\\\/pt\\\/man-truck-bus-reforca-frota-da-forca-area-com-novas-viaturas\\\/#breadcrumb\"},\"inLanguage\":\"pt-PT\",\"potentialAction\":[{\"@type\":\"ReadAction\",\"target\":[\"https:\\\/\\\/jornaldasoficinas.com\\\/pt\\\/man-truck-bus-reforca-frota-da-forca-area-com-novas-viaturas\\\/\"]}]},{\"@type\":\"ImageObject\",\"inLanguage\":\"pt-PT\",\"@id\":\"https:\\\/\\\/jornaldasoficinas.com\\\/pt\\\/man-truck-bus-reforca-frota-da-forca-area-com-novas-viaturas\\\/#primaryimage\",\"url\":\"https:\\\/\\\/jornaldasoficinas.com\\\/pt\\\/wp-content\\\/uploads\\\/2025\\\/02\\\/MAN-Truck-Bus-reforca-frota-da-Forca-Area-com-novas-viaturas.png\",\"contentUrl\":\"https:\\\/\\\/jornaldasoficinas.com\\\/pt\\\/wp-content\\\/uploads\\\/2025\\\/02\\\/MAN-Truck-Bus-reforca-frota-da-Forca-Area-com-novas-viaturas.png\",\"width\":1024,\"height\":581,\"caption\":\"02 - MAN Truck Bus reforca frota da Forca Area com novas viaturas\"},{\"@type\":\"BreadcrumbList\",\"@id\":\"https:\\\/\\\/jornaldasoficinas.com\\\/pt\\\/man-truck-bus-reforca-frota-da-forca-area-com-novas-viaturas\\\/#breadcrumb\",\"itemListElement\":[{\"@type\":\"ListItem\",\"position\":1,\"name\":\"In\u00edcio\",\"item\":\"https:\\\/\\\/jornaldasoficinas.com\\\/pt\\\/\"},{\"@type\":\"ListItem\",\"position\":2,\"name\":\"MAN Truck &#038; Bus refor\u00e7a frota da For\u00e7a \u00c1rea com novas viaturas\"}]},{\"@type\":\"WebSite\",\"@id\":\"https:\\\/\\\/jornaldasoficinas.com\\\/pt\\\/#website\",\"url\":\"https:\\\/\\\/jornaldasoficinas.com\\\/pt\\\/\",\"name\":\"Jornal das Oficinas\",\"description\":\"Jornal independente do Aftermarket Autom\u00f3vel em Portugal\",\"publisher\":{\"@id\":\"https:\\\/\\\/jornaldasoficinas.com\\\/pt\\\/#organization\"},\"potentialAction\":[{\"@type\":\"SearchAction\",\"target\":{\"@type\":\"EntryPoint\",\"urlTemplate\":\"https:\\\/\\\/jornaldasoficinas.com\\\/pt\\\/?s={search_term_string}\"},\"query-input\":{\"@type\":\"PropertyValueSpecification\",\"valueRequired\":true,\"valueName\":\"search_term_string\"}}],\"inLanguage\":\"pt-PT\"},{\"@type\":\"Organization\",\"@id\":\"https:\\\/\\\/jornaldasoficinas.com\\\/pt\\\/#organization\",\"name\":\"Jornal das Oficinas\",\"url\":\"https:\\\/\\\/jornaldasoficinas.com\\\/pt\\\/\",\"logo\":{\"@type\":\"ImageObject\",\"inLanguage\":\"pt-PT\",\"@id\":\"https:\\\/\\\/jornaldasoficinas.com\\\/pt\\\/#\\\/schema\\\/logo\\\/image\\\/\",\"url\":\"https:\\\/\\\/jornaldasoficinas.com\\\/pt\\\/wp-content\\\/uploads\\\/logoJO-SEO.png\",\"contentUrl\":\"https:\\\/\\\/jornaldasoficinas.com\\\/pt\\\/wp-content\\\/uploads\\\/logoJO-SEO.png\",\"width\":285,\"height\":450,\"caption\":\"Jornal das Oficinas\"},\"image\":{\"@id\":\"https:\\\/\\\/jornaldasoficinas.com\\\/pt\\\/#\\\/schema\\\/logo\\\/image\\\/\"},\"sameAs\":[\"https:\\\/\\\/www.facebook.com\\\/jornaloficinas\",\"https:\\\/\\\/x.com\\\/jornaloficinas\",\"https:\\\/\\\/www.instagram.com\\\/jornal_oficinas\\\/\",\"https:\\\/\\\/www.linkedin.com\\\/company\\\/jornal-das-oficinas\\\/\",\"https:\\\/\\\/www.youtube.com\\\/channel\\\/UCbQZBqtcvV-oSQrr7RzINGg\"]},{\"@type\":\"Person\",\"@id\":\"https:\\\/\\\/jornaldasoficinas.com\\\/pt\\\/#\\\/schema\\\/person\\\/a38eef5de2c41d9e7c9ac10141afddf3\",\"name\":\"Reda\u00e7\u00e3o JO\",\"image\":{\"@type\":\"ImageObject\",\"inLanguage\":\"pt-PT\",\"@id\":\"https:\\\/\\\/secure.gravatar.com\\\/avatar\\\/71f2fa71737ad68a84fea94bc708ddac8ea5b0c4788dc2ad202f3ccb2887742f?s=96&d=wp_user_avatar&r=g\",\"url\":\"https:\\\/\\\/secure.gravatar.com\\\/avatar\\\/71f2fa71737ad68a84fea94bc708ddac8ea5b0c4788dc2ad202f3ccb2887742f?s=96&d=wp_user_avatar&r=g\",\"contentUrl\":\"https:\\\/\\\/secure.gravatar.com\\\/avatar\\\/71f2fa71737ad68a84fea94bc708ddac8ea5b0c4788dc2ad202f3ccb2887742f?s=96&d=wp_user_avatar&r=g\",\"caption\":\"Reda\u00e7\u00e3o JO\"},\"url\":\"https:\\\/\\\/jornaldasoficinas.com\\\/pt\\\/author\\\/joredacao\\\/\"}]}<\/script>\n<!-- \/ Yoast SEO plugin. -->","yoast_head_json":{"title":"MAN Truck & Bus refor\u00e7a frota da For\u00e7a \u00c1rea com novas viaturas - Jornal das Oficinas","description":"A For\u00e7a A\u00e9rea Portuguesa adquiriu recentemente duas novas viaturas MAN TGE Furg\u00e3o de mercadorias da MAN Truck & Bus","robots":{"index":"index","follow":"follow","max-snippet":"max-snippet:-1","max-image-preview":"max-image-preview:large","max-video-preview":"max-video-preview:-1"},"canonical":"https:\/\/jornaldasoficinas.com\/pt\/man-truck-bus-reforca-frota-da-forca-area-com-novas-viaturas\/","og_locale":"pt_PT","og_type":"article","og_title":"MAN Truck & Bus refor\u00e7a frota da For\u00e7a \u00c1rea com novas viaturas - Jornal das Oficinas","og_description":"A For\u00e7a A\u00e9rea Portuguesa adquiriu recentemente duas novas viaturas MAN TGE Furg\u00e3o de mercadorias da MAN Truck & Bus","og_url":"https:\/\/jornaldasoficinas.com\/pt\/man-truck-bus-reforca-frota-da-forca-area-com-novas-viaturas\/","og_site_name":"Jornal das Oficinas","article_publisher":"https:\/\/www.facebook.com\/jornaloficinas","article_published_time":"2025-02-04T08:00:14+00:00","og_image":[{"width":1024,"height":581,"url":"https:\/\/jornaldasoficinas.com\/pt\/wp-content\/uploads\/2025\/02\/MAN-Truck-Bus-reforca-frota-da-Forca-Area-com-novas-viaturas.png","type":"image\/png"}],"author":"Reda\u00e7\u00e3o JO","twitter_card":"summary_large_image","twitter_creator":"@jornaloficinas","twitter_site":"@jornaloficinas","twitter_misc":{"Escrito por":"Reda\u00e7\u00e3o JO","Tempo estimado de leitura":"3 minutos"},"schema":{"@context":"https:\/\/schema.org","@graph":[{"@type":"Article","@id":"https:\/\/jornaldasoficinas.com\/pt\/man-truck-bus-reforca-frota-da-forca-area-com-novas-viaturas\/#article","isPartOf":{"@id":"https:\/\/jornaldasoficinas.com\/pt\/man-truck-bus-reforca-frota-da-forca-area-com-novas-viaturas\/"},"author":{"name":"Reda\u00e7\u00e3o JO","@id":"https:\/\/jornaldasoficinas.com\/pt\/#\/schema\/person\/a38eef5de2c41d9e7c9ac10141afddf3"},"headline":"MAN Truck &#038; Bus refor\u00e7a frota da For\u00e7a \u00c1rea com novas viaturas","datePublished":"2025-02-04T08:00:14+00:00","mainEntityOfPage":{"@id":"https:\/\/jornaldasoficinas.com\/pt\/man-truck-bus-reforca-frota-da-forca-area-com-novas-viaturas\/"},"wordCount":446,"publisher":{"@id":"https:\/\/jornaldasoficinas.com\/pt\/#organization"},"image":{"@id":"https:\/\/jornaldasoficinas.com\/pt\/man-truck-bus-reforca-frota-da-forca-area-com-novas-viaturas\/#primaryimage"},"thumbnailUrl":"https:\/\/jornaldasoficinas.com\/pt\/wp-content\/uploads\/2025\/02\/MAN-Truck-Bus-reforca-frota-da-Forca-Area-com-novas-viaturas.png","keywords":["ESPAP","For\u00e7a A\u00e9rea Portuguesa","investimento estrat\u00e9gico","MAN TGE Furg\u00e3o de mercadorias","MAN Truck &amp; Bus","novas viaturas"],"articleSection":["Pesados"],"inLanguage":"pt-PT"},{"@type":"WebPage","@id":"https:\/\/jornaldasoficinas.com\/pt\/man-truck-bus-reforca-frota-da-forca-area-com-novas-viaturas\/","url":"https:\/\/jornaldasoficinas.com\/pt\/man-truck-bus-reforca-frota-da-forca-area-com-novas-viaturas\/","name":"MAN Truck & Bus refor\u00e7a frota da For\u00e7a \u00c1rea com novas viaturas - Jornal das Oficinas","isPartOf":{"@id":"https:\/\/jornaldasoficinas.com\/pt\/#website"},"primaryImageOfPage":{"@id":"https:\/\/jornaldasoficinas.com\/pt\/man-truck-bus-reforca-frota-da-forca-area-com-novas-viaturas\/#primaryimage"},"image":{"@id":"https:\/\/jornaldasoficinas.com\/pt\/man-truck-bus-reforca-frota-da-forca-area-com-novas-viaturas\/#primaryimage"},"thumbnailUrl":"https:\/\/jornaldasoficinas.com\/pt\/wp-content\/uploads\/2025\/02\/MAN-Truck-Bus-reforca-frota-da-Forca-Area-com-novas-viaturas.png","datePublished":"2025-02-04T08:00:14+00:00","description":"A For\u00e7a A\u00e9rea Portuguesa adquiriu recentemente duas novas viaturas MAN TGE Furg\u00e3o de mercadorias da MAN Truck & Bus","breadcrumb":{"@id":"https:\/\/jornaldasoficinas.com\/pt\/man-truck-bus-reforca-frota-da-forca-area-com-novas-viaturas\/#breadcrumb"},"inLanguage":"pt-PT","potentialAction":[{"@type":"ReadAction","target":["https:\/\/jornaldasoficinas.com\/pt\/man-truck-bus-reforca-frota-da-forca-area-com-novas-viaturas\/"]}]},{"@type":"ImageObject","inLanguage":"pt-PT","@id":"https:\/\/jornaldasoficinas.com\/pt\/man-truck-bus-reforca-frota-da-forca-area-com-novas-viaturas\/#primaryimage","url":"https:\/\/jornaldasoficinas.com\/pt\/wp-content\/uploads\/2025\/02\/MAN-Truck-Bus-reforca-frota-da-Forca-Area-com-novas-viaturas.png","contentUrl":"https:\/\/jornaldasoficinas.com\/pt\/wp-content\/uploads\/2025\/02\/MAN-Truck-Bus-reforca-frota-da-Forca-Area-com-novas-viaturas.png","width":1024,"height":581,"caption":"02 - MAN Truck Bus reforca frota da Forca Area com novas viaturas"},{"@type":"BreadcrumbList","@id":"https:\/\/jornaldasoficinas.com\/pt\/man-truck-bus-reforca-frota-da-forca-area-com-novas-viaturas\/#breadcrumb","itemListElement":[{"@type":"ListItem","position":1,"name":"In\u00edcio","item":"https:\/\/jornaldasoficinas.com\/pt\/"},{"@type":"ListItem","position":2,"name":"MAN Truck &#038; Bus refor\u00e7a frota da For\u00e7a \u00c1rea com novas viaturas"}]},{"@type":"WebSite","@id":"https:\/\/jornaldasoficinas.com\/pt\/#website","url":"https:\/\/jornaldasoficinas.com\/pt\/","name":"Jornal das Oficinas","description":"Jornal independente do Aftermarket Autom\u00f3vel em Portugal","publisher":{"@id":"https:\/\/jornaldasoficinas.com\/pt\/#organization"},"potentialAction":[{"@type":"SearchAction","target":{"@type":"EntryPoint","urlTemplate":"https:\/\/jornaldasoficinas.com\/pt\/?s={search_term_string}"},"query-input":{"@type":"PropertyValueSpecification","valueRequired":true,"valueName":"search_term_string"}}],"inLanguage":"pt-PT"},{"@type":"Organization","@id":"https:\/\/jornaldasoficinas.com\/pt\/#organization","name":"Jornal das Oficinas","url":"https:\/\/jornaldasoficinas.com\/pt\/","logo":{"@type":"ImageObject","inLanguage":"pt-PT","@id":"https:\/\/jornaldasoficinas.com\/pt\/#\/schema\/logo\/image\/","url":"https:\/\/jornaldasoficinas.com\/pt\/wp-content\/uploads\/logoJO-SEO.png","contentUrl":"https:\/\/jornaldasoficinas.com\/pt\/wp-content\/uploads\/logoJO-SEO.png","width":285,"height":450,"caption":"Jornal das Oficinas"},"image":{"@id":"https:\/\/jornaldasoficinas.com\/pt\/#\/schema\/logo\/image\/"},"sameAs":["https:\/\/www.facebook.com\/jornaloficinas","https:\/\/x.com\/jornaloficinas","https:\/\/www.instagram.com\/jornal_oficinas\/","https:\/\/www.linkedin.com\/company\/jornal-das-oficinas\/","https:\/\/www.youtube.com\/channel\/UCbQZBqtcvV-oSQrr7RzINGg"]},{"@type":"Person","@id":"https:\/\/jornaldasoficinas.com\/pt\/#\/schema\/person\/a38eef5de2c41d9e7c9ac10141afddf3","name":"Reda\u00e7\u00e3o JO","image":{"@type":"ImageObject","inLanguage":"pt-PT","@id":"https:\/\/secure.gravatar.com\/avatar\/71f2fa71737ad68a84fea94bc708ddac8ea5b0c4788dc2ad202f3ccb2887742f?s=96&d=wp_user_avatar&r=g","url":"https:\/\/secure.gravatar.com\/avatar\/71f2fa71737ad68a84fea94bc708ddac8ea5b0c4788dc2ad202f3ccb2887742f?s=96&d=wp_user_avatar&r=g","contentUrl":"https:\/\/secure.gravatar.com\/avatar\/71f2fa71737ad68a84fea94bc708ddac8ea5b0c4788dc2ad202f3ccb2887742f?s=96&d=wp_user_avatar&r=g","caption":"Reda\u00e7\u00e3o JO"},"url":"https:\/\/jornaldasoficinas.com\/pt\/author\/joredacao\/"}]}},"_links":{"self":[{"href":"https:\/\/jornaldasoficinas.com\/pt\/wp-json\/wp\/v2\/posts\/97374","targetHints":{"allow":["GET"]}}],"collection":[{"href":"https:\/\/jornaldasoficinas.com\/pt\/wp-json\/wp\/v2\/posts"}],"about":[{"href":"https:\/\/jornaldasoficinas.com\/pt\/wp-json\/wp\/v2\/types\/post"}],"author":[{"embeddable":true,"href":"https:\/\/jornaldasoficinas.com\/pt\/wp-json\/wp\/v2\/users\/15"}],"replies":[{"embeddable":true,"href":"https:\/\/jornaldasoficinas.com\/pt\/wp-json\/wp\/v2\/comments?post=97374"}],"version-history":[{"count":4,"href":"https:\/\/jornaldasoficinas.com\/pt\/wp-json\/wp\/v2\/posts\/97374\/revisions"}],"predecessor-version":[{"id":97385,"href":"https:\/\/jornaldasoficinas.com\/pt\/wp-json\/wp\/v2\/posts\/97374\/revisions\/97385"}],"wp:featuredmedia":[{"embeddable":true,"href":"https:\/\/jornaldasoficinas.com\/pt\/wp-json\/wp\/v2\/media\/97384"}],"wp:attachment":[{"href":"https:\/\/jornaldasoficinas.com\/pt\/wp-json\/wp\/v2\/media?parent=97374"}],"wp:term":[{"taxonomy":"category","embeddable":true,"href":"https:\/\/jornaldasoficinas.com\/pt\/wp-json\/wp\/v2\/categories?post=97374"},{"taxonomy":"post_tag","embeddable":true,"href":"https:\/\/jornaldasoficinas.com\/pt\/wp-json\/wp\/v2\/tags?post=97374"}],"curies":[{"name":"wp","href":"https:\/\/api.w.org\/{rel}","templated":true}]}}