{"id":97464,"date":"2025-02-06T12:30:13","date_gmt":"2025-02-06T12:30:13","guid":{"rendered":"https:\/\/jornaldasoficinas.com\/pt\/?p=97464"},"modified":"2025-02-06T12:35:35","modified_gmt":"2025-02-06T12:35:35","slug":"alta-rotacao-standvirtual-summit-chega-esta-quinta-feira","status":"publish","type":"post","link":"https:\/\/jornaldasoficinas.com\/pt\/alta-rotacao-standvirtual-summit-chega-esta-quinta-feira\/","title":{"rendered":"Alta Rota\u00e7\u00e3o \u2013 Standvirtual Summit chega esta quinta-feira"},"content":{"rendered":"<p><strong><img loading=\"lazy\" decoding=\"async\" class=\"alignnone size-full wp-image-97552\" src=\"https:\/\/jornaldasoficinas.com\/pt\/wp-content\/uploads\/2025\/02\/Alta-Rotacao-Standvirtual-Summit-chega-esta-quinta-feira.jpg\" alt=\"02 - Alta Rotacao Standvirtual Summit chega esta quinta feira\" width=\"1024\" height=\"581\" srcset=\"https:\/\/jornaldasoficinas.com\/pt\/wp-content\/uploads\/2025\/02\/Alta-Rotacao-Standvirtual-Summit-chega-esta-quinta-feira.jpg 1024w, https:\/\/jornaldasoficinas.com\/pt\/wp-content\/uploads\/2025\/02\/Alta-Rotacao-Standvirtual-Summit-chega-esta-quinta-feira-300x170.jpg 300w, https:\/\/jornaldasoficinas.com\/pt\/wp-content\/uploads\/2025\/02\/Alta-Rotacao-Standvirtual-Summit-chega-esta-quinta-feira-150x85.jpg 150w, https:\/\/jornaldasoficinas.com\/pt\/wp-content\/uploads\/2025\/02\/Alta-Rotacao-Standvirtual-Summit-chega-esta-quinta-feira-768x436.jpg 768w\" sizes=\"auto, (max-width: 1024px) 100vw, 1024px\" \/><\/strong><\/p>\n<p><strong>Dia 6 de fevereiro, \u00e0s 10h15, o <a href=\"https:\/\/www.standvirtual.com\/\" target=\"_blank\" rel=\"noopener\">Standvirtual<\/a> vai organizar pela terceira vez o <a href=\"https:\/\/alta-rotacao-2025.standvirtual.best-id.pt\/\" target=\"_blank\" rel=\"noopener\">Alta Rota\u00e7\u00e3o \u2013 Standvirtual Summit<\/a>. Um evento \u00fanico com palestras e entrega de pr\u00e9mios que ocorre gratuitamente e ser\u00e1 exclusivo para profissionais. Nesta terceira edi\u00e7\u00e3o, a apresenta\u00e7\u00e3o fica, mais uma vez, a cargo da jornalista e apresentadora de televis\u00e3o, Sara Sousa Pinto<\/strong><\/p>\n<p>Neste dia, v\u00e3o estar em palco v\u00e1rias personalidades de renome: Jo\u00e3o E\u00e7a, portugu\u00eas que lidera o marketplace autom\u00f3vel l\u00edder em Espanha &#8211; <a href=\"https:\/\/www.coches.net\/\" target=\"_blank\" rel=\"noopener\">Coches.net<\/a>, grupos autom\u00f3veis que t\u00eam mostrado um elevado crescimento ao longo dos anos como o MCoutinho e o BMcar (Ant\u00f3nio Coutinho e Paulo Barros Rodrigues, respetivamente) e pela primeira vez, as quatro associa\u00e7\u00f5es v\u00e3o estar todas juntas em palco \u2013 <a href=\"https:\/\/acap.pt\/\" target=\"_blank\" rel=\"noopener\">ACAP<\/a>, <a href=\"https:\/\/www.anecra.pt\/\" target=\"_blank\" rel=\"noopener\">ANECRA<\/a>, <a href=\"https:\/\/aran.pt\/pt\/\" target=\"_blank\" rel=\"noopener\">ARAN<\/a> e <a href=\"https:\/\/apdca.pt\/\" target=\"_blank\" rel=\"noopener\">APDCA<\/a>.<\/p>\n<p>Adicionalmente, v\u00e3o estar presentes representantes da Astara, grupo que comercializa KIA e Mitshubishi em Portugal, e tamb\u00e9m da Renault e Hyundai.<\/p>\n<p>No geral, o evento conta com mais de 8 palestras e mesas redondas sobre o mercado autom\u00f3vel, mais de 20 oradores convidados e mais de 600 participantes. Nas palestras v\u00e3o ser apresentados algumas tem\u00e1ticas relevantes da atualidade do setor, como por exemplo: &#8220;o processo criativo por tr\u00e1s do Adamastor Furia&#8221;, &#8220;desafios e oportunidades do mercado autom\u00f3vel&#8221;, &#8220;pr\u00f3s e contras na hora de apostar em el\u00e9tricos usados&#8221;, &#8220;retalho autom\u00f3vel 2.0: a vis\u00e3o do CEO&#8221;, entre outros.<\/p>\n<p>Al\u00e9m dos debates, vai realizar-se a entrega de pr\u00e9mios Standvirtual 2025. Todos os anos a marca distingue a melhor performance do mercado autom\u00f3vel, em diferentes categorias, consoante o perfil e volume dos operadores comerciais. Como j\u00e1 vem sendo habitual \u00e9 atribu\u00edda tamb\u00e9m a distin\u00e7\u00e3o da Personalidade Feminina do Ano, uma categoria que promove a igualdade de g\u00e9nero num setor ainda desequilibrado.<\/p>\n<p>&#8220;Este evento \u00e9 muito mais do que um encontro entre profissionais do setor autom\u00f3vel, trata se de uma oportunidade de em conjunto discutirmos alguns dos principais temas no mercado. Para o Standvirtual, enquanto entidade consolidada na ind\u00fastria, \u00e9 obrigat\u00f3rio promover momentos como este que re\u00fane clientes e parceiros, de forma a contribuir com novos dados e discutir as tend\u00eancias e temas quentes da atualidade. Desde um programa pensado ao detalhe, oradores de relevo, a experi\u00eancias diversificadas estes s\u00e3o apenas alguns dos benef\u00edcios que todos os presentes na iniciativa v\u00e3o poder usufruir&#8221;, referiu Ricardo Cardoso, marketing manager do Standvirtual.<\/p>\n<p>Para mais informa\u00e7\u00f5es, clique <a href=\"https:\/\/alta-rotacao-2025.standvirtual.best-id.pt\/?fbclid=IwY2xjawIFgzpleHRuA2FlbQIxMAABHcaUyDClMxN1RSLAcYgeUZL7v7MMYCgTOqJ4lR25f5ei4BJCCgt57T1SOQ_aem_EvWSrTZlf_jjIYOgK4ILgQ\" target=\"_blank\" rel=\"noopener\">aqui<\/a>.<\/p>\n","protected":false},"excerpt":{"rendered":"<p>Dia 6 de fevereiro, \u00e0s 10h15,&#8230;<\/p>\n","protected":false},"author":15,"featured_media":97552,"comment_status":"closed","ping_status":"closed","sticky":false,"template":"","format":"standard","meta":{"footnotes":""},"categories":[37],"tags":[11890,3938,7871,4716,11891,2198,3939,11889],"class_list":["post-97464","post","type-post","status-publish","format-standard","has-post-thumbnail","hentry","category-mercado","tag-8-palestras","tag-alta-rotacao","tag-entrega-de-premios","tag-evento","tag-mesas-redondas","tag-standvirtual","tag-standvirtual-summit","tag-terceira-edicao"],"yoast_head":"<!-- This site is optimized with the Yoast SEO plugin v27.4 - https:\/\/yoast.com\/product\/yoast-seo-wordpress\/ -->\n<title>Alta Rota\u00e7\u00e3o \u2013 Standvirtual Summit chega esta quinta-feira - Jornal das Oficinas<\/title>\n<meta name=\"description\" content=\"Dia 6 de fevereiro, \u00e0s 10h15, o Standvirtual vai organizar pela terceira vez o Alta Rota\u00e7\u00e3o \u2013 Standvirtual Summit\" \/>\n<meta name=\"robots\" content=\"index, follow, max-snippet:-1, max-image-preview:large, max-video-preview:-1\" \/>\n<link rel=\"canonical\" href=\"https:\/\/jornaldasoficinas.com\/pt\/alta-rotacao-standvirtual-summit-chega-esta-quinta-feira\/\" \/>\n<meta property=\"og:locale\" content=\"pt_PT\" \/>\n<meta property=\"og:type\" content=\"article\" \/>\n<meta property=\"og:title\" content=\"Alta Rota\u00e7\u00e3o \u2013 Standvirtual Summit chega esta quinta-feira - Jornal das Oficinas\" \/>\n<meta property=\"og:description\" content=\"Dia 6 de fevereiro, \u00e0s 10h15, o Standvirtual vai organizar pela terceira vez o Alta Rota\u00e7\u00e3o \u2013 Standvirtual Summit\" \/>\n<meta property=\"og:url\" content=\"https:\/\/jornaldasoficinas.com\/pt\/alta-rotacao-standvirtual-summit-chega-esta-quinta-feira\/\" \/>\n<meta property=\"og:site_name\" content=\"Jornal das Oficinas\" \/>\n<meta property=\"article:publisher\" content=\"https:\/\/www.facebook.com\/jornaloficinas\" \/>\n<meta property=\"article:published_time\" content=\"2025-02-06T12:30:13+00:00\" \/>\n<meta property=\"article:modified_time\" content=\"2025-02-06T12:35:35+00:00\" \/>\n<meta property=\"og:image\" content=\"https:\/\/jornaldasoficinas.com\/pt\/wp-content\/uploads\/2025\/02\/Alta-Rotacao-Standvirtual-Summit-chega-esta-quinta-feira.jpg\" \/>\n\t<meta property=\"og:image:width\" content=\"1024\" \/>\n\t<meta property=\"og:image:height\" content=\"581\" \/>\n\t<meta property=\"og:image:type\" content=\"image\/jpeg\" \/>\n<meta name=\"author\" content=\"Reda\u00e7\u00e3o JO\" \/>\n<meta name=\"twitter:card\" content=\"summary_large_image\" \/>\n<meta name=\"twitter:creator\" content=\"@jornaloficinas\" \/>\n<meta name=\"twitter:site\" content=\"@jornaloficinas\" \/>\n<meta name=\"twitter:label1\" content=\"Escrito por\" \/>\n\t<meta name=\"twitter:data1\" content=\"Reda\u00e7\u00e3o JO\" \/>\n\t<meta name=\"twitter:label2\" content=\"Tempo estimado de leitura\" \/>\n\t<meta name=\"twitter:data2\" content=\"3 minutos\" \/>\n<script type=\"application\/ld+json\" class=\"yoast-schema-graph\">{\"@context\":\"https:\\\/\\\/schema.org\",\"@graph\":[{\"@type\":\"Article\",\"@id\":\"https:\\\/\\\/jornaldasoficinas.com\\\/pt\\\/alta-rotacao-standvirtual-summit-chega-esta-quinta-feira\\\/#article\",\"isPartOf\":{\"@id\":\"https:\\\/\\\/jornaldasoficinas.com\\\/pt\\\/alta-rotacao-standvirtual-summit-chega-esta-quinta-feira\\\/\"},\"author\":{\"name\":\"Reda\u00e7\u00e3o JO\",\"@id\":\"https:\\\/\\\/jornaldasoficinas.com\\\/pt\\\/#\\\/schema\\\/person\\\/a38eef5de2c41d9e7c9ac10141afddf3\"},\"headline\":\"Alta Rota\u00e7\u00e3o \u2013 Standvirtual Summit chega esta quinta-feira\",\"datePublished\":\"2025-02-06T12:30:13+00:00\",\"dateModified\":\"2025-02-06T12:35:35+00:00\",\"mainEntityOfPage\":{\"@id\":\"https:\\\/\\\/jornaldasoficinas.com\\\/pt\\\/alta-rotacao-standvirtual-summit-chega-esta-quinta-feira\\\/\"},\"wordCount\":426,\"publisher\":{\"@id\":\"https:\\\/\\\/jornaldasoficinas.com\\\/pt\\\/#organization\"},\"image\":{\"@id\":\"https:\\\/\\\/jornaldasoficinas.com\\\/pt\\\/alta-rotacao-standvirtual-summit-chega-esta-quinta-feira\\\/#primaryimage\"},\"thumbnailUrl\":\"https:\\\/\\\/jornaldasoficinas.com\\\/pt\\\/wp-content\\\/uploads\\\/2025\\\/02\\\/Alta-Rotacao-Standvirtual-Summit-chega-esta-quinta-feira.jpg\",\"keywords\":[\"8 palestras\",\"Alta Rota\u00e7\u00e3o\",\"entrega de pr\u00e9mios\",\"Evento\",\"mesas redondas\",\"Standvirtual\",\"Standvirtual Summit\",\"terceira edi\u00e7\u00e3o\"],\"articleSection\":[\"Mercado\"],\"inLanguage\":\"pt-PT\"},{\"@type\":\"WebPage\",\"@id\":\"https:\\\/\\\/jornaldasoficinas.com\\\/pt\\\/alta-rotacao-standvirtual-summit-chega-esta-quinta-feira\\\/\",\"url\":\"https:\\\/\\\/jornaldasoficinas.com\\\/pt\\\/alta-rotacao-standvirtual-summit-chega-esta-quinta-feira\\\/\",\"name\":\"Alta Rota\u00e7\u00e3o \u2013 Standvirtual Summit chega esta quinta-feira - Jornal das Oficinas\",\"isPartOf\":{\"@id\":\"https:\\\/\\\/jornaldasoficinas.com\\\/pt\\\/#website\"},\"primaryImageOfPage\":{\"@id\":\"https:\\\/\\\/jornaldasoficinas.com\\\/pt\\\/alta-rotacao-standvirtual-summit-chega-esta-quinta-feira\\\/#primaryimage\"},\"image\":{\"@id\":\"https:\\\/\\\/jornaldasoficinas.com\\\/pt\\\/alta-rotacao-standvirtual-summit-chega-esta-quinta-feira\\\/#primaryimage\"},\"thumbnailUrl\":\"https:\\\/\\\/jornaldasoficinas.com\\\/pt\\\/wp-content\\\/uploads\\\/2025\\\/02\\\/Alta-Rotacao-Standvirtual-Summit-chega-esta-quinta-feira.jpg\",\"datePublished\":\"2025-02-06T12:30:13+00:00\",\"dateModified\":\"2025-02-06T12:35:35+00:00\",\"description\":\"Dia 6 de fevereiro, \u00e0s 10h15, o Standvirtual vai organizar pela terceira vez o Alta Rota\u00e7\u00e3o \u2013 Standvirtual Summit\",\"breadcrumb\":{\"@id\":\"https:\\\/\\\/jornaldasoficinas.com\\\/pt\\\/alta-rotacao-standvirtual-summit-chega-esta-quinta-feira\\\/#breadcrumb\"},\"inLanguage\":\"pt-PT\",\"potentialAction\":[{\"@type\":\"ReadAction\",\"target\":[\"https:\\\/\\\/jornaldasoficinas.com\\\/pt\\\/alta-rotacao-standvirtual-summit-chega-esta-quinta-feira\\\/\"]}]},{\"@type\":\"ImageObject\",\"inLanguage\":\"pt-PT\",\"@id\":\"https:\\\/\\\/jornaldasoficinas.com\\\/pt\\\/alta-rotacao-standvirtual-summit-chega-esta-quinta-feira\\\/#primaryimage\",\"url\":\"https:\\\/\\\/jornaldasoficinas.com\\\/pt\\\/wp-content\\\/uploads\\\/2025\\\/02\\\/Alta-Rotacao-Standvirtual-Summit-chega-esta-quinta-feira.jpg\",\"contentUrl\":\"https:\\\/\\\/jornaldasoficinas.com\\\/pt\\\/wp-content\\\/uploads\\\/2025\\\/02\\\/Alta-Rotacao-Standvirtual-Summit-chega-esta-quinta-feira.jpg\",\"width\":1024,\"height\":581,\"caption\":\"02 - Alta Rotacao Standvirtual Summit chega esta quinta feira\"},{\"@type\":\"BreadcrumbList\",\"@id\":\"https:\\\/\\\/jornaldasoficinas.com\\\/pt\\\/alta-rotacao-standvirtual-summit-chega-esta-quinta-feira\\\/#breadcrumb\",\"itemListElement\":[{\"@type\":\"ListItem\",\"position\":1,\"name\":\"In\u00edcio\",\"item\":\"https:\\\/\\\/jornaldasoficinas.com\\\/pt\\\/\"},{\"@type\":\"ListItem\",\"position\":2,\"name\":\"Alta Rota\u00e7\u00e3o \u2013 Standvirtual Summit chega esta quinta-feira\"}]},{\"@type\":\"WebSite\",\"@id\":\"https:\\\/\\\/jornaldasoficinas.com\\\/pt\\\/#website\",\"url\":\"https:\\\/\\\/jornaldasoficinas.com\\\/pt\\\/\",\"name\":\"Jornal das Oficinas\",\"description\":\"Jornal independente do Aftermarket Autom\u00f3vel em Portugal\",\"publisher\":{\"@id\":\"https:\\\/\\\/jornaldasoficinas.com\\\/pt\\\/#organization\"},\"potentialAction\":[{\"@type\":\"SearchAction\",\"target\":{\"@type\":\"EntryPoint\",\"urlTemplate\":\"https:\\\/\\\/jornaldasoficinas.com\\\/pt\\\/?s={search_term_string}\"},\"query-input\":{\"@type\":\"PropertyValueSpecification\",\"valueRequired\":true,\"valueName\":\"search_term_string\"}}],\"inLanguage\":\"pt-PT\"},{\"@type\":\"Organization\",\"@id\":\"https:\\\/\\\/jornaldasoficinas.com\\\/pt\\\/#organization\",\"name\":\"Jornal das Oficinas\",\"url\":\"https:\\\/\\\/jornaldasoficinas.com\\\/pt\\\/\",\"logo\":{\"@type\":\"ImageObject\",\"inLanguage\":\"pt-PT\",\"@id\":\"https:\\\/\\\/jornaldasoficinas.com\\\/pt\\\/#\\\/schema\\\/logo\\\/image\\\/\",\"url\":\"https:\\\/\\\/jornaldasoficinas.com\\\/pt\\\/wp-content\\\/uploads\\\/logoJO-SEO.png\",\"contentUrl\":\"https:\\\/\\\/jornaldasoficinas.com\\\/pt\\\/wp-content\\\/uploads\\\/logoJO-SEO.png\",\"width\":285,\"height\":450,\"caption\":\"Jornal das Oficinas\"},\"image\":{\"@id\":\"https:\\\/\\\/jornaldasoficinas.com\\\/pt\\\/#\\\/schema\\\/logo\\\/image\\\/\"},\"sameAs\":[\"https:\\\/\\\/www.facebook.com\\\/jornaloficinas\",\"https:\\\/\\\/x.com\\\/jornaloficinas\",\"https:\\\/\\\/www.instagram.com\\\/jornal_oficinas\\\/\",\"https:\\\/\\\/www.linkedin.com\\\/company\\\/jornal-das-oficinas\\\/\",\"https:\\\/\\\/www.youtube.com\\\/channel\\\/UCbQZBqtcvV-oSQrr7RzINGg\"]},{\"@type\":\"Person\",\"@id\":\"https:\\\/\\\/jornaldasoficinas.com\\\/pt\\\/#\\\/schema\\\/person\\\/a38eef5de2c41d9e7c9ac10141afddf3\",\"name\":\"Reda\u00e7\u00e3o JO\",\"image\":{\"@type\":\"ImageObject\",\"inLanguage\":\"pt-PT\",\"@id\":\"https:\\\/\\\/secure.gravatar.com\\\/avatar\\\/71f2fa71737ad68a84fea94bc708ddac8ea5b0c4788dc2ad202f3ccb2887742f?s=96&d=wp_user_avatar&r=g\",\"url\":\"https:\\\/\\\/secure.gravatar.com\\\/avatar\\\/71f2fa71737ad68a84fea94bc708ddac8ea5b0c4788dc2ad202f3ccb2887742f?s=96&d=wp_user_avatar&r=g\",\"contentUrl\":\"https:\\\/\\\/secure.gravatar.com\\\/avatar\\\/71f2fa71737ad68a84fea94bc708ddac8ea5b0c4788dc2ad202f3ccb2887742f?s=96&d=wp_user_avatar&r=g\",\"caption\":\"Reda\u00e7\u00e3o JO\"},\"url\":\"https:\\\/\\\/jornaldasoficinas.com\\\/pt\\\/author\\\/joredacao\\\/\"}]}<\/script>\n<!-- \/ Yoast SEO plugin. -->","yoast_head_json":{"title":"Alta Rota\u00e7\u00e3o \u2013 Standvirtual Summit chega esta quinta-feira - Jornal das Oficinas","description":"Dia 6 de fevereiro, \u00e0s 10h15, o Standvirtual vai organizar pela terceira vez o Alta Rota\u00e7\u00e3o \u2013 Standvirtual Summit","robots":{"index":"index","follow":"follow","max-snippet":"max-snippet:-1","max-image-preview":"max-image-preview:large","max-video-preview":"max-video-preview:-1"},"canonical":"https:\/\/jornaldasoficinas.com\/pt\/alta-rotacao-standvirtual-summit-chega-esta-quinta-feira\/","og_locale":"pt_PT","og_type":"article","og_title":"Alta Rota\u00e7\u00e3o \u2013 Standvirtual Summit chega esta quinta-feira - Jornal das Oficinas","og_description":"Dia 6 de fevereiro, \u00e0s 10h15, o Standvirtual vai organizar pela terceira vez o Alta Rota\u00e7\u00e3o \u2013 Standvirtual Summit","og_url":"https:\/\/jornaldasoficinas.com\/pt\/alta-rotacao-standvirtual-summit-chega-esta-quinta-feira\/","og_site_name":"Jornal das Oficinas","article_publisher":"https:\/\/www.facebook.com\/jornaloficinas","article_published_time":"2025-02-06T12:30:13+00:00","article_modified_time":"2025-02-06T12:35:35+00:00","og_image":[{"width":1024,"height":581,"url":"https:\/\/jornaldasoficinas.com\/pt\/wp-content\/uploads\/2025\/02\/Alta-Rotacao-Standvirtual-Summit-chega-esta-quinta-feira.jpg","type":"image\/jpeg"}],"author":"Reda\u00e7\u00e3o JO","twitter_card":"summary_large_image","twitter_creator":"@jornaloficinas","twitter_site":"@jornaloficinas","twitter_misc":{"Escrito por":"Reda\u00e7\u00e3o JO","Tempo estimado de leitura":"3 minutos"},"schema":{"@context":"https:\/\/schema.org","@graph":[{"@type":"Article","@id":"https:\/\/jornaldasoficinas.com\/pt\/alta-rotacao-standvirtual-summit-chega-esta-quinta-feira\/#article","isPartOf":{"@id":"https:\/\/jornaldasoficinas.com\/pt\/alta-rotacao-standvirtual-summit-chega-esta-quinta-feira\/"},"author":{"name":"Reda\u00e7\u00e3o JO","@id":"https:\/\/jornaldasoficinas.com\/pt\/#\/schema\/person\/a38eef5de2c41d9e7c9ac10141afddf3"},"headline":"Alta Rota\u00e7\u00e3o \u2013 Standvirtual Summit chega esta quinta-feira","datePublished":"2025-02-06T12:30:13+00:00","dateModified":"2025-02-06T12:35:35+00:00","mainEntityOfPage":{"@id":"https:\/\/jornaldasoficinas.com\/pt\/alta-rotacao-standvirtual-summit-chega-esta-quinta-feira\/"},"wordCount":426,"publisher":{"@id":"https:\/\/jornaldasoficinas.com\/pt\/#organization"},"image":{"@id":"https:\/\/jornaldasoficinas.com\/pt\/alta-rotacao-standvirtual-summit-chega-esta-quinta-feira\/#primaryimage"},"thumbnailUrl":"https:\/\/jornaldasoficinas.com\/pt\/wp-content\/uploads\/2025\/02\/Alta-Rotacao-Standvirtual-Summit-chega-esta-quinta-feira.jpg","keywords":["8 palestras","Alta Rota\u00e7\u00e3o","entrega de pr\u00e9mios","Evento","mesas redondas","Standvirtual","Standvirtual Summit","terceira edi\u00e7\u00e3o"],"articleSection":["Mercado"],"inLanguage":"pt-PT"},{"@type":"WebPage","@id":"https:\/\/jornaldasoficinas.com\/pt\/alta-rotacao-standvirtual-summit-chega-esta-quinta-feira\/","url":"https:\/\/jornaldasoficinas.com\/pt\/alta-rotacao-standvirtual-summit-chega-esta-quinta-feira\/","name":"Alta Rota\u00e7\u00e3o \u2013 Standvirtual Summit chega esta quinta-feira - Jornal das Oficinas","isPartOf":{"@id":"https:\/\/jornaldasoficinas.com\/pt\/#website"},"primaryImageOfPage":{"@id":"https:\/\/jornaldasoficinas.com\/pt\/alta-rotacao-standvirtual-summit-chega-esta-quinta-feira\/#primaryimage"},"image":{"@id":"https:\/\/jornaldasoficinas.com\/pt\/alta-rotacao-standvirtual-summit-chega-esta-quinta-feira\/#primaryimage"},"thumbnailUrl":"https:\/\/jornaldasoficinas.com\/pt\/wp-content\/uploads\/2025\/02\/Alta-Rotacao-Standvirtual-Summit-chega-esta-quinta-feira.jpg","datePublished":"2025-02-06T12:30:13+00:00","dateModified":"2025-02-06T12:35:35+00:00","description":"Dia 6 de fevereiro, \u00e0s 10h15, o Standvirtual vai organizar pela terceira vez o Alta Rota\u00e7\u00e3o \u2013 Standvirtual Summit","breadcrumb":{"@id":"https:\/\/jornaldasoficinas.com\/pt\/alta-rotacao-standvirtual-summit-chega-esta-quinta-feira\/#breadcrumb"},"inLanguage":"pt-PT","potentialAction":[{"@type":"ReadAction","target":["https:\/\/jornaldasoficinas.com\/pt\/alta-rotacao-standvirtual-summit-chega-esta-quinta-feira\/"]}]},{"@type":"ImageObject","inLanguage":"pt-PT","@id":"https:\/\/jornaldasoficinas.com\/pt\/alta-rotacao-standvirtual-summit-chega-esta-quinta-feira\/#primaryimage","url":"https:\/\/jornaldasoficinas.com\/pt\/wp-content\/uploads\/2025\/02\/Alta-Rotacao-Standvirtual-Summit-chega-esta-quinta-feira.jpg","contentUrl":"https:\/\/jornaldasoficinas.com\/pt\/wp-content\/uploads\/2025\/02\/Alta-Rotacao-Standvirtual-Summit-chega-esta-quinta-feira.jpg","width":1024,"height":581,"caption":"02 - Alta Rotacao Standvirtual Summit chega esta quinta feira"},{"@type":"BreadcrumbList","@id":"https:\/\/jornaldasoficinas.com\/pt\/alta-rotacao-standvirtual-summit-chega-esta-quinta-feira\/#breadcrumb","itemListElement":[{"@type":"ListItem","position":1,"name":"In\u00edcio","item":"https:\/\/jornaldasoficinas.com\/pt\/"},{"@type":"ListItem","position":2,"name":"Alta Rota\u00e7\u00e3o \u2013 Standvirtual Summit chega esta quinta-feira"}]},{"@type":"WebSite","@id":"https:\/\/jornaldasoficinas.com\/pt\/#website","url":"https:\/\/jornaldasoficinas.com\/pt\/","name":"Jornal das Oficinas","description":"Jornal independente do Aftermarket Autom\u00f3vel em Portugal","publisher":{"@id":"https:\/\/jornaldasoficinas.com\/pt\/#organization"},"potentialAction":[{"@type":"SearchAction","target":{"@type":"EntryPoint","urlTemplate":"https:\/\/jornaldasoficinas.com\/pt\/?s={search_term_string}"},"query-input":{"@type":"PropertyValueSpecification","valueRequired":true,"valueName":"search_term_string"}}],"inLanguage":"pt-PT"},{"@type":"Organization","@id":"https:\/\/jornaldasoficinas.com\/pt\/#organization","name":"Jornal das Oficinas","url":"https:\/\/jornaldasoficinas.com\/pt\/","logo":{"@type":"ImageObject","inLanguage":"pt-PT","@id":"https:\/\/jornaldasoficinas.com\/pt\/#\/schema\/logo\/image\/","url":"https:\/\/jornaldasoficinas.com\/pt\/wp-content\/uploads\/logoJO-SEO.png","contentUrl":"https:\/\/jornaldasoficinas.com\/pt\/wp-content\/uploads\/logoJO-SEO.png","width":285,"height":450,"caption":"Jornal das Oficinas"},"image":{"@id":"https:\/\/jornaldasoficinas.com\/pt\/#\/schema\/logo\/image\/"},"sameAs":["https:\/\/www.facebook.com\/jornaloficinas","https:\/\/x.com\/jornaloficinas","https:\/\/www.instagram.com\/jornal_oficinas\/","https:\/\/www.linkedin.com\/company\/jornal-das-oficinas\/","https:\/\/www.youtube.com\/channel\/UCbQZBqtcvV-oSQrr7RzINGg"]},{"@type":"Person","@id":"https:\/\/jornaldasoficinas.com\/pt\/#\/schema\/person\/a38eef5de2c41d9e7c9ac10141afddf3","name":"Reda\u00e7\u00e3o JO","image":{"@type":"ImageObject","inLanguage":"pt-PT","@id":"https:\/\/secure.gravatar.com\/avatar\/71f2fa71737ad68a84fea94bc708ddac8ea5b0c4788dc2ad202f3ccb2887742f?s=96&d=wp_user_avatar&r=g","url":"https:\/\/secure.gravatar.com\/avatar\/71f2fa71737ad68a84fea94bc708ddac8ea5b0c4788dc2ad202f3ccb2887742f?s=96&d=wp_user_avatar&r=g","contentUrl":"https:\/\/secure.gravatar.com\/avatar\/71f2fa71737ad68a84fea94bc708ddac8ea5b0c4788dc2ad202f3ccb2887742f?s=96&d=wp_user_avatar&r=g","caption":"Reda\u00e7\u00e3o JO"},"url":"https:\/\/jornaldasoficinas.com\/pt\/author\/joredacao\/"}]}},"_links":{"self":[{"href":"https:\/\/jornaldasoficinas.com\/pt\/wp-json\/wp\/v2\/posts\/97464","targetHints":{"allow":["GET"]}}],"collection":[{"href":"https:\/\/jornaldasoficinas.com\/pt\/wp-json\/wp\/v2\/posts"}],"about":[{"href":"https:\/\/jornaldasoficinas.com\/pt\/wp-json\/wp\/v2\/types\/post"}],"author":[{"embeddable":true,"href":"https:\/\/jornaldasoficinas.com\/pt\/wp-json\/wp\/v2\/users\/15"}],"replies":[{"embeddable":true,"href":"https:\/\/jornaldasoficinas.com\/pt\/wp-json\/wp\/v2\/comments?post=97464"}],"version-history":[{"count":10,"href":"https:\/\/jornaldasoficinas.com\/pt\/wp-json\/wp\/v2\/posts\/97464\/revisions"}],"predecessor-version":[{"id":97554,"href":"https:\/\/jornaldasoficinas.com\/pt\/wp-json\/wp\/v2\/posts\/97464\/revisions\/97554"}],"wp:featuredmedia":[{"embeddable":true,"href":"https:\/\/jornaldasoficinas.com\/pt\/wp-json\/wp\/v2\/media\/97552"}],"wp:attachment":[{"href":"https:\/\/jornaldasoficinas.com\/pt\/wp-json\/wp\/v2\/media?parent=97464"}],"wp:term":[{"taxonomy":"category","embeddable":true,"href":"https:\/\/jornaldasoficinas.com\/pt\/wp-json\/wp\/v2\/categories?post=97464"},{"taxonomy":"post_tag","embeddable":true,"href":"https:\/\/jornaldasoficinas.com\/pt\/wp-json\/wp\/v2\/tags?post=97464"}],"curies":[{"name":"wp","href":"https:\/\/api.w.org\/{rel}","templated":true}]}}