{"id":97484,"date":"2025-02-07T18:00:13","date_gmt":"2025-02-07T18:00:13","guid":{"rendered":"https:\/\/jornaldasoficinas.com\/pt\/?p=97484"},"modified":"2025-02-06T15:53:04","modified_gmt":"2025-02-06T15:53:04","slug":"industria-automovel-enfrenta-momento-critico","status":"publish","type":"post","link":"https:\/\/jornaldasoficinas.com\/pt\/industria-automovel-enfrenta-momento-critico\/","title":{"rendered":"Ind\u00fastria autom\u00f3vel enfrenta momento cr\u00edtico"},"content":{"rendered":"<p><img loading=\"lazy\" decoding=\"async\" class=\"size-full wp-image-97489\" src=\"https:\/\/jornaldasoficinas.com\/pt\/wp-content\/uploads\/2025\/02\/Industria-automovel-enfrenta-momento-critico.jpg\" alt=\"02 - Industria automovel enfrenta momento critico\" width=\"1024\" height=\"581\" srcset=\"https:\/\/jornaldasoficinas.com\/pt\/wp-content\/uploads\/2025\/02\/Industria-automovel-enfrenta-momento-critico.jpg 1024w, https:\/\/jornaldasoficinas.com\/pt\/wp-content\/uploads\/2025\/02\/Industria-automovel-enfrenta-momento-critico-300x170.jpg 300w, https:\/\/jornaldasoficinas.com\/pt\/wp-content\/uploads\/2025\/02\/Industria-automovel-enfrenta-momento-critico-150x85.jpg 150w, https:\/\/jornaldasoficinas.com\/pt\/wp-content\/uploads\/2025\/02\/Industria-automovel-enfrenta-momento-critico-768x436.jpg 768w\" sizes=\"auto, (max-width: 1024px) 100vw, 1024px\" \/><\/p>\n<p><strong>A ind\u00fastria autom\u00f3vel europeia encontra-se no meio da maior transforma\u00e7\u00e3o em mais de um s\u00e9culo. Para os fabricantes, n\u00e3o h\u00e1 d\u00favidas quanto \u00e0 necessidade de descarbonizar, mas os obst\u00e1culos s\u00e3o enormes e os riscos s\u00e3o elevados<\/strong><\/p>\n<p>A transforma\u00e7\u00e3o ecol\u00f3gica traz consigo cadeias de valor totalmente novas, que a Europa ainda n\u00e3o desenvolveu plenamente. A transi\u00e7\u00e3o para a era digital tamb\u00e9m provocou mudan\u00e7as profundas na atividade dos fabricantes de ve\u00edculos. Ao mesmo tempo, s\u00e3o confrontados com uma concorr\u00eancia global feroz, custos crescentes e uma paisagem geopol\u00edtica em mudan\u00e7a radical.<\/p>\n<p>\u00c9 necess\u00e1ria uma a\u00e7\u00e3o coordenada e urgente por parte dos decisores pol\u00edticos europeus, pois a ind\u00fastria autom\u00f3vel \u00e9 um motor de crescimento na Europa. D\u00e1 emprego a cerca de 13 milh\u00f5es de europeus, contribui para 7% do PIB da UE, tem uma balan\u00e7a comercial saud\u00e1vel de mais de 100 mil milh\u00f5es de euros e gera mais de 390 mil milh\u00f5es de euros de receitas p\u00fablicas. O sector \u00e9 uma das ind\u00fastrias mais avan\u00e7adas da Europa, investindo anualmente quase 73 mil milh\u00f5es de euros em I&amp;D.<\/p>\n<p>Mas para al\u00e9m destes e de muitos outros n\u00fameros impressionantes, os ve\u00edculos que s\u00e3o fabricados proporcionam liberdade a todos e est\u00e3o na base do nosso modo de vida. De facto, sem carros, a participa\u00e7\u00e3o adequada na vida social e econ\u00f3mica seria simplesmente imposs\u00edvel em muitos casos.<\/p>\n<p>Os cami\u00f5es e os comerciais ligeiros tamb\u00e9m desempenham um papel vital no funcionamento da sociedade, permitindo a entrega de todos os tipos de bens essenciais aos consumidores e oferecendo servi\u00e7os de transporte aos parceiros comerciais. De facto, a maioria das nossas necessidades di\u00e1rias, como os alimentos frescos do supermercado ou os medicamentos, dependem de cami\u00f5es ou carrinhas em algum ponto da cadeia de distribui\u00e7\u00e3o.<\/p>\n<p><strong>Recomenda\u00e7\u00f5es da ACEA<\/strong><\/p>\n<p>A <a href=\"https:\/\/www.acea.auto\/\" target=\"_blank\" rel=\"noopener\">ACEA<\/a>, Associa\u00e7\u00e3o que representa os fabricantes europeus de autom\u00f3veis, formulou v\u00e1rias recomenda\u00e7\u00f5es pol\u00edticas de alto n\u00edvel para o pr\u00f3ximo mandato de cinco anos da institui\u00e7\u00e3o da UE (2024-2029):<\/p>\n<p>&#8211; Chegou a altura de um &#8220;acordo industrial&#8221;: Colocar a estrat\u00e9gia industrial firmemente de volta na agenda;<\/p>\n<p>&#8211; Estabelecer uma estrat\u00e9gia industrial hol\u00edstica da UE em todas as etapas da cadeia de valor digital e ecol\u00f3gica: desde a I&amp;D, a explora\u00e7\u00e3o mineira, a refina\u00e7\u00e3o, os componentes e o fabrico; \u00e0s redes de carregamento, \u00e0 energia, aos incentivos \u00e0 compra e \u00e0 reciclagem ao longo de todo o ciclo de vida;<\/p>\n<p>&#8211; Adotar uma vis\u00e3o estrat\u00e9gica: Repensar o quadro regulamentar;<\/p>\n<p>&#8211; V\u00e1 al\u00e9m de uma abordagem centrada na acumula\u00e7\u00e3o de regulamentos e, em vez disso, desenvolva uma estrat\u00e9gia coesa com seguran\u00e7a no planeamento a longo prazo e tempo suficiente;<\/p>\n<p>&#8211; Um ritmo mais razo\u00e1vel de regulamenta\u00e7\u00e3o; e alternativas vi\u00e1veis em caso de &#8220;estrat\u00e9gias de sa\u00edda&#8221; para tecnologias\/subst\u00e2ncias espec\u00edficas;<\/p>\n<p>&#8211; Garantir a competitividade a n\u00edvel mundial;<\/p>\n<p>&#8211; Garantir condi\u00e7\u00f5es de concorr\u00eancia equitativas para os ve\u00edculos europeus fabricados de forma sustent\u00e1vel, defendendo regras de com\u00e9rcio justas e livres e assegurando o acesso a fornecimentos essenciais;<\/p>\n<p>&#8211; Tornar a Europa um local atrativo para fabricar e trabalhar;<\/p>\n<p>&#8211; Manter uma mente aberta: Fazer da neutralidade tecnol\u00f3gica um princ\u00edpio orientador;<\/p>\n<p>&#8211; Assegurar que a abertura tecnol\u00f3gica fomenta as inova\u00e7\u00f5es e orienta todas as propostas regulamentares da UE;<\/p>\n<p>&#8211; Manter a Europa em movimento: Preservar a mobilidade de pessoas e bens;<\/p>\n<p>&#8211; A mobilidade \u00e9 fundamental para a cria\u00e7\u00e3o de riqueza e n\u00e3o deve ser posta em causa: deve ser econ\u00f3mica e acess\u00edvel a todos os cidad\u00e3os e empresas europeus.<\/p>\n<p><strong>Roteiro para um ecossistema de mobilidade<\/strong><\/p>\n<p>Dada a escala da transforma\u00e7\u00e3o e dos desafios, nenhuma parte interessada ser\u00e1 capaz de transformar sozinha todo o ecossistema de mobilidade. Por conseguinte, a ACEA apresenta um roteiro coletivo baseado em tr\u00eas pilares: oferta, produ\u00e7\u00e3o e procura.\u2028\u2028Este roteiro deve ser implementado conjuntamente por todos os parceiros relevantes. A ACEA desenvolver\u00e1 um plano de a\u00e7\u00e3o e de envolvimento para cada um destes pilares, a ser implementado nos pr\u00f3ximos meses e anos, envolvendo as partes interessadas relevantes. Em rela\u00e7\u00e3o a algumas ac\u00e7\u00f5es, a ind\u00fastria estar\u00e1 no lugar do condutor; em rela\u00e7\u00e3o a outras, apoiar\u00e1 os parceiros l\u00edderes.<\/p>\n<p>&#8211; Garantir um abastecimento fi\u00e1vel de materiais, pe\u00e7as e componentes cr\u00edticos e de energia a pre\u00e7os acess\u00edveis;<\/p>\n<p>&#8211; Promover uma cadeia de valor sustent\u00e1vel e socialmente respons\u00e1vel, incluindo na Europa;<\/p>\n<p>&#8211; Acelerar o desbloqueamento administrativo dos procedimentos, por exemplo, para a concess\u00e3o de licen\u00e7as;<\/p>\n<p>&#8211; Garantir um abastecimento constante de energia a pre\u00e7os acess\u00edveis e competitivos a n\u00edvel mundial;<\/p>\n<p>&#8211; Garantir o acesso a mat\u00e9rias-primas essenciais atrav\u00e9s de acordos comerciais e acordos espec\u00edficos sobre mat\u00e9rias-primas com pa\u00edses terceiros;<\/p>\n<p>&#8211; Fazer da Europa um centro de fabrico de ve\u00edculos ecol\u00f3gicos e inteligentes;<\/p>\n<p>&#8211; Criar as condi\u00e7\u00f5es para o fabrico de uma gama completa de ve\u00edculos com emiss\u00f5es zero, incluindo pequenos ve\u00edculos el\u00e9ctricos, cuja compra seja acess\u00edvel e cuja produ\u00e7\u00e3o seja rent\u00e1vel na Europa;<\/p>\n<p>&#8211; Acelerar a melhoria e a requalifica\u00e7\u00e3o da m\u00e3o de obra autom\u00f3vel da UE, de modo a que esta esteja equipada para construir os ve\u00edculos ecol\u00f3gicos e inteligentes do futuro;<\/p>\n<p>&#8211; Refor\u00e7ar a circularidade do sector autom\u00f3vel atrav\u00e9s da investiga\u00e7\u00e3o, nomeadamente no que respeita \u00e0s tecnologias de reciclagem;<\/p>\n<p>&#8211; Impulsionar o desenvolvimento de ve\u00edculos definidos por software para libertar o potencial de excel\u00eancia da ind\u00fastria no desenvolvimento de software e de solu\u00e7\u00f5es de mobilidade baseadas em dados;<\/p>\n<p>&#8211; Desenvolver e implantar ve\u00edculos automatizados que melhorem a qualidade de vida, reforcem a seguran\u00e7a e maximizem a efici\u00eancia dos transportes na Europa;<\/p>\n<p>&#8211; Aumentar o mercado de ve\u00edculos com emiss\u00f5es zero;<\/p>\n<p>&#8211; Aumentar as infra-estruturas de carregamento el\u00e9trico e de reabastecimento de hidrog\u00e9nio &#8211; adequadas tanto para ve\u00edculos ligeiros como pesados em toda a UE;<\/p>\n<p>&#8211; Impulsionar a aceita\u00e7\u00e3o pelo mercado e a implanta\u00e7\u00e3o de ve\u00edculos com emiss\u00f5es zero, utilizando ferramentas pol\u00edticas e tecnol\u00f3gicas inteligentes para responder a diversas necessidades de transporte;<\/p>\n<p>&#8211; Alargar os incentivos \u00e0 compra, os regimes de contratos p\u00fablicos e os benef\u00edcios fiscais para os consumidores e as empresas.<\/p>\n<p>A ACEA convida todos os parceiros a juntarem-se no movimento #FutureDriven!<\/p>\n","protected":false},"excerpt":{"rendered":"<p>A ind\u00fastria autom\u00f3vel europeia encontra-se no&#8230;<\/p>\n","protected":false},"author":15,"featured_media":97489,"comment_status":"closed","ping_status":"closed","sticky":false,"template":"","format":"standard","meta":{"footnotes":""},"categories":[37],"tags":[1217,8161,11895,9308,11896,10546],"class_list":["post-97484","post","type-post","status-publish","format-standard","has-post-thumbnail","hentry","category-mercado","tag-acea","tag-descarbonizar","tag-estrategia-industrial","tag-industria-automovel-europeia","tag-momento-critico","tag-transformacao"],"yoast_head":"<!-- This site is optimized with the Yoast SEO plugin v27.4 - https:\/\/yoast.com\/product\/yoast-seo-wordpress\/ -->\n<title>Ind\u00fastria autom\u00f3vel enfrenta momento cr\u00edtico - Jornal das Oficinas<\/title>\n<meta name=\"description\" content=\"A ind\u00fastria autom\u00f3vel europeia encontra-se no meio da maior transforma\u00e7\u00e3o, sem d\u00favidas quanto \u00e0 necessidade de descarbonizar\" \/>\n<meta name=\"robots\" content=\"index, follow, max-snippet:-1, max-image-preview:large, max-video-preview:-1\" \/>\n<link rel=\"canonical\" href=\"https:\/\/jornaldasoficinas.com\/pt\/industria-automovel-enfrenta-momento-critico\/\" \/>\n<meta property=\"og:locale\" content=\"pt_PT\" \/>\n<meta property=\"og:type\" content=\"article\" \/>\n<meta property=\"og:title\" content=\"Ind\u00fastria autom\u00f3vel enfrenta momento cr\u00edtico - Jornal das Oficinas\" \/>\n<meta property=\"og:description\" content=\"A ind\u00fastria autom\u00f3vel europeia encontra-se no meio da maior transforma\u00e7\u00e3o, sem d\u00favidas quanto \u00e0 necessidade de descarbonizar\" \/>\n<meta property=\"og:url\" content=\"https:\/\/jornaldasoficinas.com\/pt\/industria-automovel-enfrenta-momento-critico\/\" \/>\n<meta property=\"og:site_name\" content=\"Jornal das Oficinas\" \/>\n<meta property=\"article:publisher\" content=\"https:\/\/www.facebook.com\/jornaloficinas\" \/>\n<meta property=\"article:published_time\" content=\"2025-02-07T18:00:13+00:00\" \/>\n<meta property=\"og:image\" content=\"https:\/\/jornaldasoficinas.com\/pt\/wp-content\/uploads\/2025\/02\/Industria-automovel-enfrenta-momento-critico.jpg\" \/>\n\t<meta property=\"og:image:width\" content=\"1024\" \/>\n\t<meta property=\"og:image:height\" content=\"581\" \/>\n\t<meta property=\"og:image:type\" content=\"image\/jpeg\" \/>\n<meta name=\"author\" content=\"Reda\u00e7\u00e3o JO\" \/>\n<meta name=\"twitter:card\" content=\"summary_large_image\" \/>\n<meta name=\"twitter:creator\" content=\"@jornaloficinas\" \/>\n<meta name=\"twitter:site\" content=\"@jornaloficinas\" \/>\n<meta name=\"twitter:label1\" content=\"Escrito por\" \/>\n\t<meta name=\"twitter:data1\" content=\"Reda\u00e7\u00e3o JO\" \/>\n\t<meta name=\"twitter:label2\" content=\"Tempo estimado de leitura\" \/>\n\t<meta name=\"twitter:data2\" content=\"6 minutos\" \/>\n<script type=\"application\/ld+json\" class=\"yoast-schema-graph\">{\"@context\":\"https:\\\/\\\/schema.org\",\"@graph\":[{\"@type\":\"Article\",\"@id\":\"https:\\\/\\\/jornaldasoficinas.com\\\/pt\\\/industria-automovel-enfrenta-momento-critico\\\/#article\",\"isPartOf\":{\"@id\":\"https:\\\/\\\/jornaldasoficinas.com\\\/pt\\\/industria-automovel-enfrenta-momento-critico\\\/\"},\"author\":{\"name\":\"Reda\u00e7\u00e3o JO\",\"@id\":\"https:\\\/\\\/jornaldasoficinas.com\\\/pt\\\/#\\\/schema\\\/person\\\/a38eef5de2c41d9e7c9ac10141afddf3\"},\"headline\":\"Ind\u00fastria autom\u00f3vel enfrenta momento cr\u00edtico\",\"datePublished\":\"2025-02-07T18:00:13+00:00\",\"mainEntityOfPage\":{\"@id\":\"https:\\\/\\\/jornaldasoficinas.com\\\/pt\\\/industria-automovel-enfrenta-momento-critico\\\/\"},\"wordCount\":1131,\"publisher\":{\"@id\":\"https:\\\/\\\/jornaldasoficinas.com\\\/pt\\\/#organization\"},\"image\":{\"@id\":\"https:\\\/\\\/jornaldasoficinas.com\\\/pt\\\/industria-automovel-enfrenta-momento-critico\\\/#primaryimage\"},\"thumbnailUrl\":\"https:\\\/\\\/jornaldasoficinas.com\\\/pt\\\/wp-content\\\/uploads\\\/2025\\\/02\\\/Industria-automovel-enfrenta-momento-critico.jpg\",\"keywords\":[\"ACEA\",\"descarbonizar\",\"estrat\u00e9gia industrial\",\"ind\u00fastria autom\u00f3vel europeia\",\"momento cr\u00edtico\",\"transforma\u00e7\u00e3o\"],\"articleSection\":[\"Mercado\"],\"inLanguage\":\"pt-PT\"},{\"@type\":\"WebPage\",\"@id\":\"https:\\\/\\\/jornaldasoficinas.com\\\/pt\\\/industria-automovel-enfrenta-momento-critico\\\/\",\"url\":\"https:\\\/\\\/jornaldasoficinas.com\\\/pt\\\/industria-automovel-enfrenta-momento-critico\\\/\",\"name\":\"Ind\u00fastria autom\u00f3vel enfrenta momento cr\u00edtico - Jornal das Oficinas\",\"isPartOf\":{\"@id\":\"https:\\\/\\\/jornaldasoficinas.com\\\/pt\\\/#website\"},\"primaryImageOfPage\":{\"@id\":\"https:\\\/\\\/jornaldasoficinas.com\\\/pt\\\/industria-automovel-enfrenta-momento-critico\\\/#primaryimage\"},\"image\":{\"@id\":\"https:\\\/\\\/jornaldasoficinas.com\\\/pt\\\/industria-automovel-enfrenta-momento-critico\\\/#primaryimage\"},\"thumbnailUrl\":\"https:\\\/\\\/jornaldasoficinas.com\\\/pt\\\/wp-content\\\/uploads\\\/2025\\\/02\\\/Industria-automovel-enfrenta-momento-critico.jpg\",\"datePublished\":\"2025-02-07T18:00:13+00:00\",\"description\":\"A ind\u00fastria autom\u00f3vel europeia encontra-se no meio da maior transforma\u00e7\u00e3o, sem d\u00favidas quanto \u00e0 necessidade de descarbonizar\",\"breadcrumb\":{\"@id\":\"https:\\\/\\\/jornaldasoficinas.com\\\/pt\\\/industria-automovel-enfrenta-momento-critico\\\/#breadcrumb\"},\"inLanguage\":\"pt-PT\",\"potentialAction\":[{\"@type\":\"ReadAction\",\"target\":[\"https:\\\/\\\/jornaldasoficinas.com\\\/pt\\\/industria-automovel-enfrenta-momento-critico\\\/\"]}]},{\"@type\":\"ImageObject\",\"inLanguage\":\"pt-PT\",\"@id\":\"https:\\\/\\\/jornaldasoficinas.com\\\/pt\\\/industria-automovel-enfrenta-momento-critico\\\/#primaryimage\",\"url\":\"https:\\\/\\\/jornaldasoficinas.com\\\/pt\\\/wp-content\\\/uploads\\\/2025\\\/02\\\/Industria-automovel-enfrenta-momento-critico.jpg\",\"contentUrl\":\"https:\\\/\\\/jornaldasoficinas.com\\\/pt\\\/wp-content\\\/uploads\\\/2025\\\/02\\\/Industria-automovel-enfrenta-momento-critico.jpg\",\"width\":1024,\"height\":581,\"caption\":\"Full body top view adult man customer male buyer client wear classic shirt choose auto want to buy new automobile in modern car showroom vehicle salon dealership store motor show indoor. Sales concept\"},{\"@type\":\"BreadcrumbList\",\"@id\":\"https:\\\/\\\/jornaldasoficinas.com\\\/pt\\\/industria-automovel-enfrenta-momento-critico\\\/#breadcrumb\",\"itemListElement\":[{\"@type\":\"ListItem\",\"position\":1,\"name\":\"In\u00edcio\",\"item\":\"https:\\\/\\\/jornaldasoficinas.com\\\/pt\\\/\"},{\"@type\":\"ListItem\",\"position\":2,\"name\":\"Ind\u00fastria autom\u00f3vel enfrenta momento cr\u00edtico\"}]},{\"@type\":\"WebSite\",\"@id\":\"https:\\\/\\\/jornaldasoficinas.com\\\/pt\\\/#website\",\"url\":\"https:\\\/\\\/jornaldasoficinas.com\\\/pt\\\/\",\"name\":\"Jornal das Oficinas\",\"description\":\"Jornal independente do Aftermarket Autom\u00f3vel em Portugal\",\"publisher\":{\"@id\":\"https:\\\/\\\/jornaldasoficinas.com\\\/pt\\\/#organization\"},\"potentialAction\":[{\"@type\":\"SearchAction\",\"target\":{\"@type\":\"EntryPoint\",\"urlTemplate\":\"https:\\\/\\\/jornaldasoficinas.com\\\/pt\\\/?s={search_term_string}\"},\"query-input\":{\"@type\":\"PropertyValueSpecification\",\"valueRequired\":true,\"valueName\":\"search_term_string\"}}],\"inLanguage\":\"pt-PT\"},{\"@type\":\"Organization\",\"@id\":\"https:\\\/\\\/jornaldasoficinas.com\\\/pt\\\/#organization\",\"name\":\"Jornal das Oficinas\",\"url\":\"https:\\\/\\\/jornaldasoficinas.com\\\/pt\\\/\",\"logo\":{\"@type\":\"ImageObject\",\"inLanguage\":\"pt-PT\",\"@id\":\"https:\\\/\\\/jornaldasoficinas.com\\\/pt\\\/#\\\/schema\\\/logo\\\/image\\\/\",\"url\":\"https:\\\/\\\/jornaldasoficinas.com\\\/pt\\\/wp-content\\\/uploads\\\/logoJO-SEO.png\",\"contentUrl\":\"https:\\\/\\\/jornaldasoficinas.com\\\/pt\\\/wp-content\\\/uploads\\\/logoJO-SEO.png\",\"width\":285,\"height\":450,\"caption\":\"Jornal das Oficinas\"},\"image\":{\"@id\":\"https:\\\/\\\/jornaldasoficinas.com\\\/pt\\\/#\\\/schema\\\/logo\\\/image\\\/\"},\"sameAs\":[\"https:\\\/\\\/www.facebook.com\\\/jornaloficinas\",\"https:\\\/\\\/x.com\\\/jornaloficinas\",\"https:\\\/\\\/www.instagram.com\\\/jornal_oficinas\\\/\",\"https:\\\/\\\/www.linkedin.com\\\/company\\\/jornal-das-oficinas\\\/\",\"https:\\\/\\\/www.youtube.com\\\/channel\\\/UCbQZBqtcvV-oSQrr7RzINGg\"]},{\"@type\":\"Person\",\"@id\":\"https:\\\/\\\/jornaldasoficinas.com\\\/pt\\\/#\\\/schema\\\/person\\\/a38eef5de2c41d9e7c9ac10141afddf3\",\"name\":\"Reda\u00e7\u00e3o JO\",\"image\":{\"@type\":\"ImageObject\",\"inLanguage\":\"pt-PT\",\"@id\":\"https:\\\/\\\/secure.gravatar.com\\\/avatar\\\/71f2fa71737ad68a84fea94bc708ddac8ea5b0c4788dc2ad202f3ccb2887742f?s=96&d=wp_user_avatar&r=g\",\"url\":\"https:\\\/\\\/secure.gravatar.com\\\/avatar\\\/71f2fa71737ad68a84fea94bc708ddac8ea5b0c4788dc2ad202f3ccb2887742f?s=96&d=wp_user_avatar&r=g\",\"contentUrl\":\"https:\\\/\\\/secure.gravatar.com\\\/avatar\\\/71f2fa71737ad68a84fea94bc708ddac8ea5b0c4788dc2ad202f3ccb2887742f?s=96&d=wp_user_avatar&r=g\",\"caption\":\"Reda\u00e7\u00e3o JO\"},\"url\":\"https:\\\/\\\/jornaldasoficinas.com\\\/pt\\\/author\\\/joredacao\\\/\"}]}<\/script>\n<!-- \/ Yoast SEO plugin. -->","yoast_head_json":{"title":"Ind\u00fastria autom\u00f3vel enfrenta momento cr\u00edtico - Jornal das Oficinas","description":"A ind\u00fastria autom\u00f3vel europeia encontra-se no meio da maior transforma\u00e7\u00e3o, sem d\u00favidas quanto \u00e0 necessidade de descarbonizar","robots":{"index":"index","follow":"follow","max-snippet":"max-snippet:-1","max-image-preview":"max-image-preview:large","max-video-preview":"max-video-preview:-1"},"canonical":"https:\/\/jornaldasoficinas.com\/pt\/industria-automovel-enfrenta-momento-critico\/","og_locale":"pt_PT","og_type":"article","og_title":"Ind\u00fastria autom\u00f3vel enfrenta momento cr\u00edtico - Jornal das Oficinas","og_description":"A ind\u00fastria autom\u00f3vel europeia encontra-se no meio da maior transforma\u00e7\u00e3o, sem d\u00favidas quanto \u00e0 necessidade de descarbonizar","og_url":"https:\/\/jornaldasoficinas.com\/pt\/industria-automovel-enfrenta-momento-critico\/","og_site_name":"Jornal das Oficinas","article_publisher":"https:\/\/www.facebook.com\/jornaloficinas","article_published_time":"2025-02-07T18:00:13+00:00","og_image":[{"width":1024,"height":581,"url":"https:\/\/jornaldasoficinas.com\/pt\/wp-content\/uploads\/2025\/02\/Industria-automovel-enfrenta-momento-critico.jpg","type":"image\/jpeg"}],"author":"Reda\u00e7\u00e3o JO","twitter_card":"summary_large_image","twitter_creator":"@jornaloficinas","twitter_site":"@jornaloficinas","twitter_misc":{"Escrito por":"Reda\u00e7\u00e3o JO","Tempo estimado de leitura":"6 minutos"},"schema":{"@context":"https:\/\/schema.org","@graph":[{"@type":"Article","@id":"https:\/\/jornaldasoficinas.com\/pt\/industria-automovel-enfrenta-momento-critico\/#article","isPartOf":{"@id":"https:\/\/jornaldasoficinas.com\/pt\/industria-automovel-enfrenta-momento-critico\/"},"author":{"name":"Reda\u00e7\u00e3o JO","@id":"https:\/\/jornaldasoficinas.com\/pt\/#\/schema\/person\/a38eef5de2c41d9e7c9ac10141afddf3"},"headline":"Ind\u00fastria autom\u00f3vel enfrenta momento cr\u00edtico","datePublished":"2025-02-07T18:00:13+00:00","mainEntityOfPage":{"@id":"https:\/\/jornaldasoficinas.com\/pt\/industria-automovel-enfrenta-momento-critico\/"},"wordCount":1131,"publisher":{"@id":"https:\/\/jornaldasoficinas.com\/pt\/#organization"},"image":{"@id":"https:\/\/jornaldasoficinas.com\/pt\/industria-automovel-enfrenta-momento-critico\/#primaryimage"},"thumbnailUrl":"https:\/\/jornaldasoficinas.com\/pt\/wp-content\/uploads\/2025\/02\/Industria-automovel-enfrenta-momento-critico.jpg","keywords":["ACEA","descarbonizar","estrat\u00e9gia industrial","ind\u00fastria autom\u00f3vel europeia","momento cr\u00edtico","transforma\u00e7\u00e3o"],"articleSection":["Mercado"],"inLanguage":"pt-PT"},{"@type":"WebPage","@id":"https:\/\/jornaldasoficinas.com\/pt\/industria-automovel-enfrenta-momento-critico\/","url":"https:\/\/jornaldasoficinas.com\/pt\/industria-automovel-enfrenta-momento-critico\/","name":"Ind\u00fastria autom\u00f3vel enfrenta momento cr\u00edtico - Jornal das Oficinas","isPartOf":{"@id":"https:\/\/jornaldasoficinas.com\/pt\/#website"},"primaryImageOfPage":{"@id":"https:\/\/jornaldasoficinas.com\/pt\/industria-automovel-enfrenta-momento-critico\/#primaryimage"},"image":{"@id":"https:\/\/jornaldasoficinas.com\/pt\/industria-automovel-enfrenta-momento-critico\/#primaryimage"},"thumbnailUrl":"https:\/\/jornaldasoficinas.com\/pt\/wp-content\/uploads\/2025\/02\/Industria-automovel-enfrenta-momento-critico.jpg","datePublished":"2025-02-07T18:00:13+00:00","description":"A ind\u00fastria autom\u00f3vel europeia encontra-se no meio da maior transforma\u00e7\u00e3o, sem d\u00favidas quanto \u00e0 necessidade de descarbonizar","breadcrumb":{"@id":"https:\/\/jornaldasoficinas.com\/pt\/industria-automovel-enfrenta-momento-critico\/#breadcrumb"},"inLanguage":"pt-PT","potentialAction":[{"@type":"ReadAction","target":["https:\/\/jornaldasoficinas.com\/pt\/industria-automovel-enfrenta-momento-critico\/"]}]},{"@type":"ImageObject","inLanguage":"pt-PT","@id":"https:\/\/jornaldasoficinas.com\/pt\/industria-automovel-enfrenta-momento-critico\/#primaryimage","url":"https:\/\/jornaldasoficinas.com\/pt\/wp-content\/uploads\/2025\/02\/Industria-automovel-enfrenta-momento-critico.jpg","contentUrl":"https:\/\/jornaldasoficinas.com\/pt\/wp-content\/uploads\/2025\/02\/Industria-automovel-enfrenta-momento-critico.jpg","width":1024,"height":581,"caption":"Full body top view adult man customer male buyer client wear classic shirt choose auto want to buy new automobile in modern car showroom vehicle salon dealership store motor show indoor. Sales concept"},{"@type":"BreadcrumbList","@id":"https:\/\/jornaldasoficinas.com\/pt\/industria-automovel-enfrenta-momento-critico\/#breadcrumb","itemListElement":[{"@type":"ListItem","position":1,"name":"In\u00edcio","item":"https:\/\/jornaldasoficinas.com\/pt\/"},{"@type":"ListItem","position":2,"name":"Ind\u00fastria autom\u00f3vel enfrenta momento cr\u00edtico"}]},{"@type":"WebSite","@id":"https:\/\/jornaldasoficinas.com\/pt\/#website","url":"https:\/\/jornaldasoficinas.com\/pt\/","name":"Jornal das Oficinas","description":"Jornal independente do Aftermarket Autom\u00f3vel em Portugal","publisher":{"@id":"https:\/\/jornaldasoficinas.com\/pt\/#organization"},"potentialAction":[{"@type":"SearchAction","target":{"@type":"EntryPoint","urlTemplate":"https:\/\/jornaldasoficinas.com\/pt\/?s={search_term_string}"},"query-input":{"@type":"PropertyValueSpecification","valueRequired":true,"valueName":"search_term_string"}}],"inLanguage":"pt-PT"},{"@type":"Organization","@id":"https:\/\/jornaldasoficinas.com\/pt\/#organization","name":"Jornal das Oficinas","url":"https:\/\/jornaldasoficinas.com\/pt\/","logo":{"@type":"ImageObject","inLanguage":"pt-PT","@id":"https:\/\/jornaldasoficinas.com\/pt\/#\/schema\/logo\/image\/","url":"https:\/\/jornaldasoficinas.com\/pt\/wp-content\/uploads\/logoJO-SEO.png","contentUrl":"https:\/\/jornaldasoficinas.com\/pt\/wp-content\/uploads\/logoJO-SEO.png","width":285,"height":450,"caption":"Jornal das Oficinas"},"image":{"@id":"https:\/\/jornaldasoficinas.com\/pt\/#\/schema\/logo\/image\/"},"sameAs":["https:\/\/www.facebook.com\/jornaloficinas","https:\/\/x.com\/jornaloficinas","https:\/\/www.instagram.com\/jornal_oficinas\/","https:\/\/www.linkedin.com\/company\/jornal-das-oficinas\/","https:\/\/www.youtube.com\/channel\/UCbQZBqtcvV-oSQrr7RzINGg"]},{"@type":"Person","@id":"https:\/\/jornaldasoficinas.com\/pt\/#\/schema\/person\/a38eef5de2c41d9e7c9ac10141afddf3","name":"Reda\u00e7\u00e3o JO","image":{"@type":"ImageObject","inLanguage":"pt-PT","@id":"https:\/\/secure.gravatar.com\/avatar\/71f2fa71737ad68a84fea94bc708ddac8ea5b0c4788dc2ad202f3ccb2887742f?s=96&d=wp_user_avatar&r=g","url":"https:\/\/secure.gravatar.com\/avatar\/71f2fa71737ad68a84fea94bc708ddac8ea5b0c4788dc2ad202f3ccb2887742f?s=96&d=wp_user_avatar&r=g","contentUrl":"https:\/\/secure.gravatar.com\/avatar\/71f2fa71737ad68a84fea94bc708ddac8ea5b0c4788dc2ad202f3ccb2887742f?s=96&d=wp_user_avatar&r=g","caption":"Reda\u00e7\u00e3o JO"},"url":"https:\/\/jornaldasoficinas.com\/pt\/author\/joredacao\/"}]}},"_links":{"self":[{"href":"https:\/\/jornaldasoficinas.com\/pt\/wp-json\/wp\/v2\/posts\/97484","targetHints":{"allow":["GET"]}}],"collection":[{"href":"https:\/\/jornaldasoficinas.com\/pt\/wp-json\/wp\/v2\/posts"}],"about":[{"href":"https:\/\/jornaldasoficinas.com\/pt\/wp-json\/wp\/v2\/types\/post"}],"author":[{"embeddable":true,"href":"https:\/\/jornaldasoficinas.com\/pt\/wp-json\/wp\/v2\/users\/15"}],"replies":[{"embeddable":true,"href":"https:\/\/jornaldasoficinas.com\/pt\/wp-json\/wp\/v2\/comments?post=97484"}],"version-history":[{"count":2,"href":"https:\/\/jornaldasoficinas.com\/pt\/wp-json\/wp\/v2\/posts\/97484\/revisions"}],"predecessor-version":[{"id":97490,"href":"https:\/\/jornaldasoficinas.com\/pt\/wp-json\/wp\/v2\/posts\/97484\/revisions\/97490"}],"wp:featuredmedia":[{"embeddable":true,"href":"https:\/\/jornaldasoficinas.com\/pt\/wp-json\/wp\/v2\/media\/97489"}],"wp:attachment":[{"href":"https:\/\/jornaldasoficinas.com\/pt\/wp-json\/wp\/v2\/media?parent=97484"}],"wp:term":[{"taxonomy":"category","embeddable":true,"href":"https:\/\/jornaldasoficinas.com\/pt\/wp-json\/wp\/v2\/categories?post=97484"},{"taxonomy":"post_tag","embeddable":true,"href":"https:\/\/jornaldasoficinas.com\/pt\/wp-json\/wp\/v2\/tags?post=97484"}],"curies":[{"name":"wp","href":"https:\/\/api.w.org\/{rel}","templated":true}]}}